{"id":10004,"date":"2014-09-02T03:10:05","date_gmt":"2014-09-02T03:10:05","guid":{"rendered":"https:\/\/pagina10.com\/web\/tramite-de-paz-y-salvo-sera-gratuito-y-se-podra-obtener-por-la-web\/"},"modified":"2014-09-02T03:10:05","modified_gmt":"2014-09-02T03:10:05","slug":"tramite-de-paz-y-salvo-sera-gratuito-y-se-podra-obtener-por-la-web","status":"publish","type":"post","link":"https:\/\/pagina10.com\/web\/tramite-de-paz-y-salvo-sera-gratuito-y-se-podra-obtener-por-la-web\/","title":{"rendered":"Tr\u00e1mite de paz y salvo ser\u00e1 gratuito y se podr\u00e1 obtener por la web"},"content":{"rendered":"<p><img fetchpriority=\"high\" decoding=\"async\" class=\" size-full wp-image-10003\" src=\"https:\/\/pagina10.com\/web\/wp-content\/uploads\/2014\/09\/53d02c1fe13d926fa81deac7deed4e53.jpg\" alt=\"Fotograf\u00eda: Alcald\u00eda Pasto\" width=\"858\" height=\"407\" srcset=\"https:\/\/pagina10.com\/web\/wp-content\/uploads\/2014\/09\/53d02c1fe13d926fa81deac7deed4e53.jpg 858w, https:\/\/pagina10.com\/web\/wp-content\/uploads\/2014\/09\/53d02c1fe13d926fa81deac7deed4e53-300x142.jpg 300w, https:\/\/pagina10.com\/web\/wp-content\/uploads\/2014\/09\/53d02c1fe13d926fa81deac7deed4e53-768x364.jpg 768w\" sizes=\"(max-width: 858px) 100vw, 858px\" \/><\/p>\n<p style=\"text-align: justify;\">La Alcald\u00eda de Pasto a trav\u00e9s de la Secretar\u00eda de Hacienda inform\u00f3 que a partir de este lunes 1 de septiembre el nuevo paz y salvo ser\u00e1 gratuito y se podr\u00e1 tramitar desde la pagina web. El Secretario de Hacienda Rodrigo Yepes Sevilla, indic\u00f3 que el procedimiento es muy f\u00e1cil: &#8220;se lo puede descargar a trav\u00e9s de la p\u00e1gina www.pasto.gov.co en el link Hacienda en L\u00ednea en la pesta\u00f1a &#8216;paz y salvo municipal&#8217;, donde se dan dos opciones para tramitarlo el primero, para documentaci\u00f3n; y el segundo, para tr\u00e1mites notariales&#8221;.<\/p>\n<p style=\"text-align: justify;\">&nbsp;<\/p>\n<p style=\"text-align: justify;\">As\u00ed mismo indic\u00f3 que dentro de las ventajas de este servicio permitir\u00e1 que los ciudadanos no se desplacen a las instalaciones de la Alcald\u00eda de Pasto para tramitar este documento, y hacer las respectivas filas para obtenerlo, ahora lo podr\u00e1n consultar y obtener inmediatamente desde cualquier computador que cuente con servicio de internet.<\/p>\n<p style=\"text-align: justify;\">&#8220;El paz y salvo para documentaci\u00f3n hace referencia a los tr\u00e1mites que puede hacer un ciudadano para contratos, cuentas, convenios y auxilios. El ciudadano lo puede adquirir, siempre y cuando est\u00e9 al d\u00eda seg\u00fan el acuerdo 015 del 2014 en impuestos, tasas y contribuci\u00f3n de valorizaci\u00f3n, multas y sanciones de tr\u00e1nsito, comparendos ambientales y de alumbrado p\u00fablico, entre otros&#8221;.<\/p>\n<p style=\"text-align: justify;\">&nbsp;<\/p>\n<p style=\"text-align: justify;\">El funcionario manifest\u00f3 que para el paz y salvo de &#8216;tr\u00e1mites notariales&#8217;, que hace referencia a escrituras, ventas de inmuebles, la personas debe estar al d\u00eda con impuestos de predial y valorizaci\u00f3n. &#8220;para los dos casos, el ciudadano puede acceder f\u00e1cil con el n\u00famero de c\u00e9dula, si est\u00e1 al d\u00eda se genera el paz y salvo, de lo contrario, el sistema informa el tipo y el valor de la deuda por lo cual el tr\u00e1mite no se puede realizar y deber\u00e1 dirigirse a las oficinas de la Secretaria de Hacienda.<\/p>\n<p style=\"text-align: justify;\">&nbsp;<\/p>\n<p style=\"text-align: justify;\">El secretario agreg\u00f3 que para evitar fraudes, el ciudadano podr\u00e1 solicitar una copia de paz y salvo y verificar de forma personal en las oficinas de la Secretar\u00eda de Hacienda. &#8220;Ya hemos estado en las notar\u00edas explicando los procedimientos con el fin de que a los ciudadanos no les hagan hacer este tipo de tr\u00e1mite debido a que desde estas oficinas ya lo pueden hacer&#8221;.<\/p>\n<p style=\"text-align: justify;\">&nbsp;<\/p>\n<p>Fuente: Alcald\u00eda de Pasto<\/p>\n","protected":false},"excerpt":{"rendered":"<p>La Alcald\u00eda de Pasto a trav\u00e9s de la Secretar\u00eda de Hacienda inform\u00f3 que a partir de este lunes 1 de septiembre el nuevo paz y salvo ser\u00e1 gratuito y se podr\u00e1 tramitar desde la pagina web. El Secretario de Hacienda Rodrigo Yepes Sevilla, indic\u00f3 que el procedimiento es muy f\u00e1cil: &#8220;se lo puede descargar a [&hellip;]<\/p>\n","protected":false},"author":29,"featured_media":10002,"comment_status":"open","ping_status":"open","sticky":false,"template":"","format":"standard","meta":{"footnotes":""},"categories":[82],"tags":[237,1353,1352],"class_list":["post-10004","post","type-post","status-publish","format-standard","has-post-thumbnail","hentry","category-ciudad-2","tag-alcaldia-de-pasto","tag-paz-y-salvo","tag-secretaria-de-hacienda"],"yoast_head":"<!-- This site is optimized with the Yoast SEO plugin v27.1.1 - https:\/\/yoast.com\/product\/yoast-seo-wordpress\/ -->\n<title>Tr\u00e1mite de paz y salvo ser\u00e1 gratuito y se podr\u00e1 obtener por la web | P\u00e1gina10<\/title>\n<meta name=\"robots\" content=\"index, follow, max-snippet:-1, max-image-preview:large, max-video-preview:-1\" \/>\n<link rel=\"canonical\" href=\"https:\/\/pagina10.com\/web\/tramite-de-paz-y-salvo-sera-gratuito-y-se-podra-obtener-por-la-web\/\" \/>\n<meta property=\"og:locale\" content=\"es_ES\" \/>\n<meta property=\"og:type\" content=\"article\" \/>\n<meta property=\"og:title\" content=\"Tr\u00e1mite de paz y salvo ser\u00e1 gratuito y se podr\u00e1 obtener por la web | P\u00e1gina10\" \/>\n<meta property=\"og:description\" content=\"La Alcald\u00eda de Pasto a trav\u00e9s de la Secretar\u00eda de Hacienda inform\u00f3 que a partir de este lunes 1 de septiembre el nuevo paz y salvo ser\u00e1 gratuito y se podr\u00e1 tramitar desde la pagina web. El Secretario de Hacienda Rodrigo Yepes Sevilla, indic\u00f3 que el procedimiento es muy f\u00e1cil: &#8220;se lo puede descargar a [&hellip;]\" \/>\n<meta property=\"og:url\" content=\"https:\/\/pagina10.com\/web\/tramite-de-paz-y-salvo-sera-gratuito-y-se-podra-obtener-por-la-web\/\" \/>\n<meta property=\"og:site_name\" content=\"P\u00e1gina10\" \/>\n<meta property=\"article:publisher\" content=\"https:\/\/www.facebook.com\/pag10com\" \/>\n<meta property=\"article:published_time\" content=\"2014-09-02T03:10:05+00:00\" \/>\n<meta property=\"og:image\" content=\"https:\/\/pagina10.com\/web\/wp-content\/uploads\/2014\/09\/53d02c1fe13d926fa81deac7deed4e53.jpg\" \/>\n\t<meta property=\"og:image:width\" content=\"858\" \/>\n\t<meta property=\"og:image:height\" content=\"407\" \/>\n\t<meta property=\"og:image:type\" content=\"image\/jpeg\" \/>\n<meta name=\"author\" content=\"P\u00e1gina 10\" \/>\n<meta name=\"twitter:card\" content=\"summary_large_image\" \/>\n<meta name=\"twitter:creator\" content=\"@Pag10com\" \/>\n<meta name=\"twitter:site\" content=\"@Pag10com\" \/>\n<meta name=\"twitter:label1\" content=\"Escrito por\" \/>\n\t<meta name=\"twitter:data1\" content=\"P\u00e1gina 10\" \/>\n\t<meta name=\"twitter:label2\" content=\"Tiempo de lectura\" \/>\n\t<meta name=\"twitter:data2\" content=\"2 minutos\" \/>\n<script type=\"application\/ld+json\" class=\"yoast-schema-graph\">{\"@context\":\"https:\/\/schema.org\",\"@graph\":[{\"@type\":\"Article\",\"@id\":\"https:\/\/pagina10.com\/web\/tramite-de-paz-y-salvo-sera-gratuito-y-se-podra-obtener-por-la-web\/#article\",\"isPartOf\":{\"@id\":\"https:\/\/pagina10.com\/web\/tramite-de-paz-y-salvo-sera-gratuito-y-se-podra-obtener-por-la-web\/\"},\"author\":{\"name\":\"P\u00e1gina 10\",\"@id\":\"https:\/\/pagina10.com\/web\/#\/schema\/person\/a7a5d38f0629dfc107f619fbae4f6cc3\"},\"headline\":\"Tr\u00e1mite de paz y salvo ser\u00e1 gratuito y se podr\u00e1 obtener por la web\",\"datePublished\":\"2014-09-02T03:10:05+00:00\",\"mainEntityOfPage\":{\"@id\":\"https:\/\/pagina10.com\/web\/tramite-de-paz-y-salvo-sera-gratuito-y-se-podra-obtener-por-la-web\/\"},\"wordCount\":412,\"commentCount\":0,\"publisher\":{\"@id\":\"https:\/\/pagina10.com\/web\/#organization\"},\"image\":{\"@id\":\"https:\/\/pagina10.com\/web\/tramite-de-paz-y-salvo-sera-gratuito-y-se-podra-obtener-por-la-web\/#primaryimage\"},\"thumbnailUrl\":\"https:\/\/pagina10.com\/web\/wp-content\/uploads\/2014\/09\/53d02c1fe13d926fa81deac7deed4e53.jpg\",\"keywords\":[\"Alcald\u00eda de Pasto\",\"paz y salvo\",\"Secretar\u00eda de Hacienda\"],\"articleSection\":[\"Ciudad\"],\"inLanguage\":\"es\",\"potentialAction\":[{\"@type\":\"CommentAction\",\"name\":\"Comment\",\"target\":[\"https:\/\/pagina10.com\/web\/tramite-de-paz-y-salvo-sera-gratuito-y-se-podra-obtener-por-la-web\/#respond\"]}]},{\"@type\":\"WebPage\",\"@id\":\"https:\/\/pagina10.com\/web\/tramite-de-paz-y-salvo-sera-gratuito-y-se-podra-obtener-por-la-web\/\",\"url\":\"https:\/\/pagina10.com\/web\/tramite-de-paz-y-salvo-sera-gratuito-y-se-podra-obtener-por-la-web\/\",\"name\":\"Tr\u00e1mite de paz y salvo ser\u00e1 gratuito y se podr\u00e1 obtener por la web | P\u00e1gina10\",\"isPartOf\":{\"@id\":\"https:\/\/pagina10.com\/web\/#website\"},\"primaryImageOfPage\":{\"@id\":\"https:\/\/pagina10.com\/web\/tramite-de-paz-y-salvo-sera-gratuito-y-se-podra-obtener-por-la-web\/#primaryimage\"},\"image\":{\"@id\":\"https:\/\/pagina10.com\/web\/tramite-de-paz-y-salvo-sera-gratuito-y-se-podra-obtener-por-la-web\/#primaryimage\"},\"thumbnailUrl\":\"https:\/\/pagina10.com\/web\/wp-content\/uploads\/2014\/09\/53d02c1fe13d926fa81deac7deed4e53.jpg\",\"datePublished\":\"2014-09-02T03:10:05+00:00\",\"breadcrumb\":{\"@id\":\"https:\/\/pagina10.com\/web\/tramite-de-paz-y-salvo-sera-gratuito-y-se-podra-obtener-por-la-web\/#breadcrumb\"},\"inLanguage\":\"es\",\"potentialAction\":[{\"@type\":\"ReadAction\",\"target\":[\"https:\/\/pagina10.com\/web\/tramite-de-paz-y-salvo-sera-gratuito-y-se-podra-obtener-por-la-web\/\"]}]},{\"@type\":\"ImageObject\",\"inLanguage\":\"es\",\"@id\":\"https:\/\/pagina10.com\/web\/tramite-de-paz-y-salvo-sera-gratuito-y-se-podra-obtener-por-la-web\/#primaryimage\",\"url\":\"https:\/\/pagina10.com\/web\/wp-content\/uploads\/2014\/09\/53d02c1fe13d926fa81deac7deed4e53.jpg\",\"contentUrl\":\"https:\/\/pagina10.com\/web\/wp-content\/uploads\/2014\/09\/53d02c1fe13d926fa81deac7deed4e53.jpg\",\"width\":858,\"height\":407,\"caption\":\"Fotograf\u00eda: Alcald\u00eda Pasto\"},{\"@type\":\"BreadcrumbList\",\"@id\":\"https:\/\/pagina10.com\/web\/tramite-de-paz-y-salvo-sera-gratuito-y-se-podra-obtener-por-la-web\/#breadcrumb\",\"itemListElement\":[{\"@type\":\"ListItem\",\"position\":1,\"name\":\"Portada\",\"item\":\"https:\/\/pagina10.com\/web\/\"},{\"@type\":\"ListItem\",\"position\":2,\"name\":\"Tr\u00e1mite de paz y salvo ser\u00e1 gratuito y se podr\u00e1 obtener por la web\"}]},{\"@type\":\"WebSite\",\"@id\":\"https:\/\/pagina10.com\/web\/#website\",\"url\":\"https:\/\/pagina10.com\/web\/\",\"name\":\"P\u00e1gina10\",\"description\":\"Peri\u00f3dico Regional\",\"publisher\":{\"@id\":\"https:\/\/pagina10.com\/web\/#organization\"},\"alternateName\":\"P\u00e1gina10 Peri\u00f3dico Regional\",\"potentialAction\":[{\"@type\":\"SearchAction\",\"target\":{\"@type\":\"EntryPoint\",\"urlTemplate\":\"https:\/\/pagina10.com\/web\/?s={search_term_string}\"},\"query-input\":{\"@type\":\"PropertyValueSpecification\",\"valueRequired\":true,\"valueName\":\"search_term_string\"}}],\"inLanguage\":\"es\"},{\"@type\":\"Organization\",\"@id\":\"https:\/\/pagina10.com\/web\/#organization\",\"name\":\"P\u00e1gina10\",\"alternateName\":\"P\u00e1gina10 Peri\u00f3dico Regional\",\"url\":\"https:\/\/pagina10.com\/web\/\",\"logo\":{\"@type\":\"ImageObject\",\"inLanguage\":\"es\",\"@id\":\"https:\/\/pagina10.com\/web\/#\/schema\/logo\/image\/\",\"url\":\"https:\/\/pagina10.com\/web\/wp-content\/uploads\/2024\/01\/40-pagina-10-periodico-regional-pasto.jpg\",\"contentUrl\":\"https:\/\/pagina10.com\/web\/wp-content\/uploads\/2024\/01\/40-pagina-10-periodico-regional-pasto.jpg\",\"width\":1280,\"height\":720,\"caption\":\"P\u00e1gina10\"},\"image\":{\"@id\":\"https:\/\/pagina10.com\/web\/#\/schema\/logo\/image\/\"},\"sameAs\":[\"https:\/\/www.facebook.com\/pag10com\",\"https:\/\/x.com\/Pag10com\",\"https:\/\/www.instagram.com\/pagina10col\/\",\"https:\/\/youtube.com\/channel\/pag10\",\"https:\/\/www.tiktok.com\/@p10col\"]},{\"@type\":\"Person\",\"@id\":\"https:\/\/pagina10.com\/web\/#\/schema\/person\/a7a5d38f0629dfc107f619fbae4f6cc3\",\"name\":\"P\u00e1gina 10\",\"description\":\"P\u00e1gina10.com es un peri\u00f3dico digital que nace en Colombia, en el departamento de Nari\u00f1o, con un enfoque global, fundamentado en cuatro pilares esenciales: la libertad, el pluralismo, la inclusi\u00f3n y la independencia. P\u00e1gina10.com hace referencia a Nari\u00f1o como el d\u00e9cimo departamento creado en Colombia, despu\u00e9s de un proceso pol\u00edtico liderado por actores y actrices regionales con el fin de obtener la independencia y autonom\u00eda de nuestros territorios. Con la creaci\u00f3n de P\u00e1gina10.com se pretende abrir un escenario para el dialogo, la reflexi\u00f3n y el debate que se extienda a otras geograf\u00edas de Am\u00e9rica Latina y del planeta, en una apuesta por transformar colectivamente los desaf\u00edos de un mundo contempor\u00e1neo, m\u00e1s all\u00e1 de las fronteras impuestas.\",\"url\":\"https:\/\/pagina10.com\/web\/author\/mcepeda\/\"}]}<\/script>\n<!-- \/ Yoast SEO plugin. -->","yoast_head_json":{"title":"Tr\u00e1mite de paz y salvo ser\u00e1 gratuito y se podr\u00e1 obtener por la web | P\u00e1gina10","robots":{"index":"index","follow":"follow","max-snippet":"max-snippet:-1","max-image-preview":"max-image-preview:large","max-video-preview":"max-video-preview:-1"},"canonical":"https:\/\/pagina10.com\/web\/tramite-de-paz-y-salvo-sera-gratuito-y-se-podra-obtener-por-la-web\/","og_locale":"es_ES","og_type":"article","og_title":"Tr\u00e1mite de paz y salvo ser\u00e1 gratuito y se podr\u00e1 obtener por la web | P\u00e1gina10","og_description":"La Alcald\u00eda de Pasto a trav\u00e9s de la Secretar\u00eda de Hacienda inform\u00f3 que a partir de este lunes 1 de septiembre el nuevo paz y salvo ser\u00e1 gratuito y se podr\u00e1 tramitar desde la pagina web. El Secretario de Hacienda Rodrigo Yepes Sevilla, indic\u00f3 que el procedimiento es muy f\u00e1cil: &#8220;se lo puede descargar a [&hellip;]","og_url":"https:\/\/pagina10.com\/web\/tramite-de-paz-y-salvo-sera-gratuito-y-se-podra-obtener-por-la-web\/","og_site_name":"P\u00e1gina10","article_publisher":"https:\/\/www.facebook.com\/pag10com","article_published_time":"2014-09-02T03:10:05+00:00","og_image":[{"width":858,"height":407,"url":"https:\/\/pagina10.com\/web\/wp-content\/uploads\/2014\/09\/53d02c1fe13d926fa81deac7deed4e53.jpg","type":"image\/jpeg"}],"author":"P\u00e1gina 10","twitter_card":"summary_large_image","twitter_creator":"@Pag10com","twitter_site":"@Pag10com","twitter_misc":{"Escrito por":"P\u00e1gina 10","Tiempo de lectura":"2 minutos"},"schema":{"@context":"https:\/\/schema.org","@graph":[{"@type":"Article","@id":"https:\/\/pagina10.com\/web\/tramite-de-paz-y-salvo-sera-gratuito-y-se-podra-obtener-por-la-web\/#article","isPartOf":{"@id":"https:\/\/pagina10.com\/web\/tramite-de-paz-y-salvo-sera-gratuito-y-se-podra-obtener-por-la-web\/"},"author":{"name":"P\u00e1gina 10","@id":"https:\/\/pagina10.com\/web\/#\/schema\/person\/a7a5d38f0629dfc107f619fbae4f6cc3"},"headline":"Tr\u00e1mite de paz y salvo ser\u00e1 gratuito y se podr\u00e1 obtener por la web","datePublished":"2014-09-02T03:10:05+00:00","mainEntityOfPage":{"@id":"https:\/\/pagina10.com\/web\/tramite-de-paz-y-salvo-sera-gratuito-y-se-podra-obtener-por-la-web\/"},"wordCount":412,"commentCount":0,"publisher":{"@id":"https:\/\/pagina10.com\/web\/#organization"},"image":{"@id":"https:\/\/pagina10.com\/web\/tramite-de-paz-y-salvo-sera-gratuito-y-se-podra-obtener-por-la-web\/#primaryimage"},"thumbnailUrl":"https:\/\/pagina10.com\/web\/wp-content\/uploads\/2014\/09\/53d02c1fe13d926fa81deac7deed4e53.jpg","keywords":["Alcald\u00eda de Pasto","paz y salvo","Secretar\u00eda de Hacienda"],"articleSection":["Ciudad"],"inLanguage":"es","potentialAction":[{"@type":"CommentAction","name":"Comment","target":["https:\/\/pagina10.com\/web\/tramite-de-paz-y-salvo-sera-gratuito-y-se-podra-obtener-por-la-web\/#respond"]}]},{"@type":"WebPage","@id":"https:\/\/pagina10.com\/web\/tramite-de-paz-y-salvo-sera-gratuito-y-se-podra-obtener-por-la-web\/","url":"https:\/\/pagina10.com\/web\/tramite-de-paz-y-salvo-sera-gratuito-y-se-podra-obtener-por-la-web\/","name":"Tr\u00e1mite de paz y salvo ser\u00e1 gratuito y se podr\u00e1 obtener por la web | P\u00e1gina10","isPartOf":{"@id":"https:\/\/pagina10.com\/web\/#website"},"primaryImageOfPage":{"@id":"https:\/\/pagina10.com\/web\/tramite-de-paz-y-salvo-sera-gratuito-y-se-podra-obtener-por-la-web\/#primaryimage"},"image":{"@id":"https:\/\/pagina10.com\/web\/tramite-de-paz-y-salvo-sera-gratuito-y-se-podra-obtener-por-la-web\/#primaryimage"},"thumbnailUrl":"https:\/\/pagina10.com\/web\/wp-content\/uploads\/2014\/09\/53d02c1fe13d926fa81deac7deed4e53.jpg","datePublished":"2014-09-02T03:10:05+00:00","breadcrumb":{"@id":"https:\/\/pagina10.com\/web\/tramite-de-paz-y-salvo-sera-gratuito-y-se-podra-obtener-por-la-web\/#breadcrumb"},"inLanguage":"es","potentialAction":[{"@type":"ReadAction","target":["https:\/\/pagina10.com\/web\/tramite-de-paz-y-salvo-sera-gratuito-y-se-podra-obtener-por-la-web\/"]}]},{"@type":"ImageObject","inLanguage":"es","@id":"https:\/\/pagina10.com\/web\/tramite-de-paz-y-salvo-sera-gratuito-y-se-podra-obtener-por-la-web\/#primaryimage","url":"https:\/\/pagina10.com\/web\/wp-content\/uploads\/2014\/09\/53d02c1fe13d926fa81deac7deed4e53.jpg","contentUrl":"https:\/\/pagina10.com\/web\/wp-content\/uploads\/2014\/09\/53d02c1fe13d926fa81deac7deed4e53.jpg","width":858,"height":407,"caption":"Fotograf\u00eda: Alcald\u00eda Pasto"},{"@type":"BreadcrumbList","@id":"https:\/\/pagina10.com\/web\/tramite-de-paz-y-salvo-sera-gratuito-y-se-podra-obtener-por-la-web\/#breadcrumb","itemListElement":[{"@type":"ListItem","position":1,"name":"Portada","item":"https:\/\/pagina10.com\/web\/"},{"@type":"ListItem","position":2,"name":"Tr\u00e1mite de paz y salvo ser\u00e1 gratuito y se podr\u00e1 obtener por la web"}]},{"@type":"WebSite","@id":"https:\/\/pagina10.com\/web\/#website","url":"https:\/\/pagina10.com\/web\/","name":"P\u00e1gina10","description":"Peri\u00f3dico Regional","publisher":{"@id":"https:\/\/pagina10.com\/web\/#organization"},"alternateName":"P\u00e1gina10 Peri\u00f3dico Regional","potentialAction":[{"@type":"SearchAction","target":{"@type":"EntryPoint","urlTemplate":"https:\/\/pagina10.com\/web\/?s={search_term_string}"},"query-input":{"@type":"PropertyValueSpecification","valueRequired":true,"valueName":"search_term_string"}}],"inLanguage":"es"},{"@type":"Organization","@id":"https:\/\/pagina10.com\/web\/#organization","name":"P\u00e1gina10","alternateName":"P\u00e1gina10 Peri\u00f3dico Regional","url":"https:\/\/pagina10.com\/web\/","logo":{"@type":"ImageObject","inLanguage":"es","@id":"https:\/\/pagina10.com\/web\/#\/schema\/logo\/image\/","url":"https:\/\/pagina10.com\/web\/wp-content\/uploads\/2024\/01\/40-pagina-10-periodico-regional-pasto.jpg","contentUrl":"https:\/\/pagina10.com\/web\/wp-content\/uploads\/2024\/01\/40-pagina-10-periodico-regional-pasto.jpg","width":1280,"height":720,"caption":"P\u00e1gina10"},"image":{"@id":"https:\/\/pagina10.com\/web\/#\/schema\/logo\/image\/"},"sameAs":["https:\/\/www.facebook.com\/pag10com","https:\/\/x.com\/Pag10com","https:\/\/www.instagram.com\/pagina10col\/","https:\/\/youtube.com\/channel\/pag10","https:\/\/www.tiktok.com\/@p10col"]},{"@type":"Person","@id":"https:\/\/pagina10.com\/web\/#\/schema\/person\/a7a5d38f0629dfc107f619fbae4f6cc3","name":"P\u00e1gina 10","description":"P\u00e1gina10.com es un peri\u00f3dico digital que nace en Colombia, en el departamento de Nari\u00f1o, con un enfoque global, fundamentado en cuatro pilares esenciales: la libertad, el pluralismo, la inclusi\u00f3n y la independencia. P\u00e1gina10.com hace referencia a Nari\u00f1o como el d\u00e9cimo departamento creado en Colombia, despu\u00e9s de un proceso pol\u00edtico liderado por actores y actrices regionales con el fin de obtener la independencia y autonom\u00eda de nuestros territorios. Con la creaci\u00f3n de P\u00e1gina10.com se pretende abrir un escenario para el dialogo, la reflexi\u00f3n y el debate que se extienda a otras geograf\u00edas de Am\u00e9rica Latina y del planeta, en una apuesta por transformar colectivamente los desaf\u00edos de un mundo contempor\u00e1neo, m\u00e1s all\u00e1 de las fronteras impuestas.","url":"https:\/\/pagina10.com\/web\/author\/mcepeda\/"}]}},"_links":{"self":[{"href":"https:\/\/pagina10.com\/web\/wp-json\/wp\/v2\/posts\/10004","targetHints":{"allow":["GET"]}}],"collection":[{"href":"https:\/\/pagina10.com\/web\/wp-json\/wp\/v2\/posts"}],"about":[{"href":"https:\/\/pagina10.com\/web\/wp-json\/wp\/v2\/types\/post"}],"author":[{"embeddable":true,"href":"https:\/\/pagina10.com\/web\/wp-json\/wp\/v2\/users\/29"}],"replies":[{"embeddable":true,"href":"https:\/\/pagina10.com\/web\/wp-json\/wp\/v2\/comments?post=10004"}],"version-history":[{"count":0,"href":"https:\/\/pagina10.com\/web\/wp-json\/wp\/v2\/posts\/10004\/revisions"}],"wp:featuredmedia":[{"embeddable":true,"href":"https:\/\/pagina10.com\/web\/wp-json\/wp\/v2\/media\/10002"}],"wp:attachment":[{"href":"https:\/\/pagina10.com\/web\/wp-json\/wp\/v2\/media?parent=10004"}],"wp:term":[{"taxonomy":"category","embeddable":true,"href":"https:\/\/pagina10.com\/web\/wp-json\/wp\/v2\/categories?post=10004"},{"taxonomy":"post_tag","embeddable":true,"href":"https:\/\/pagina10.com\/web\/wp-json\/wp\/v2\/tags?post=10004"}],"curies":[{"name":"wp","href":"https:\/\/api.w.org\/{rel}","templated":true}]}}