{"id":10009,"date":"2014-09-02T22:17:49","date_gmt":"2014-09-02T22:17:49","guid":{"rendered":"https:\/\/pagina10.com\/web\/pasto-destino-turistico-en-salud\/"},"modified":"2014-09-02T22:17:49","modified_gmt":"2014-09-02T22:17:49","slug":"pasto-destino-turistico-en-salud","status":"publish","type":"post","link":"https:\/\/pagina10.com\/web\/pasto-destino-turistico-en-salud\/","title":{"rendered":"Pasto, destino tur\u00edstico en salud"},"content":{"rendered":"<p><img fetchpriority=\"high\" decoding=\"async\" class=\" size-full wp-image-10008\" src=\"https:\/\/pagina10.com\/web\/wp-content\/uploads\/2014\/09\/6d89cca5cadb132a55db6d93cfaf5524.jpg\" alt=\"\" width=\"960\" height=\"716\" srcset=\"https:\/\/pagina10.com\/web\/wp-content\/uploads\/2014\/09\/6d89cca5cadb132a55db6d93cfaf5524.jpg 960w, https:\/\/pagina10.com\/web\/wp-content\/uploads\/2014\/09\/6d89cca5cadb132a55db6d93cfaf5524-300x224.jpg 300w, https:\/\/pagina10.com\/web\/wp-content\/uploads\/2014\/09\/6d89cca5cadb132a55db6d93cfaf5524-768x573.jpg 768w, https:\/\/pagina10.com\/web\/wp-content\/uploads\/2014\/09\/6d89cca5cadb132a55db6d93cfaf5524-86x64.jpg 86w\" sizes=\"(max-width: 960px) 100vw, 960px\" \/><\/p>\n<p style=\"text-align: justify;\">La ciudad de San Juan de Pasto en la \u00faltima d\u00e9cada est\u00e1 viviendo unos cambios que no se hab\u00edan dado en mucho tiempo. Ahora sus habitantes podemos vivir con mayor comodidad gracias al impulso que empresarios privadosle vienen dando a la infraestructura habitacional, que hace m\u00e1s atractivo vivir e invertir.<\/p>\n<p style=\"text-align: justify;\">&nbsp;<\/p>\n<p style=\"text-align: justify;\">Pero tambi\u00e9n observamos que hay gran inversi\u00f3n privada con un buen n\u00famero de cl\u00ednicas y centros m\u00e9dicos que ofrecen variedad de tratamientos, procedimientos quir\u00fargicos y terapias; una amplia gama que va de la salud a la est\u00e9tica. De acuerdo con las experiencias de otros pa\u00edses y ciudades, Pasto perfectamente se puede promover en el contexto nacional e internacional como un destino de turismo en salud, con todas las fortalezas que dispone en el momento y que har\u00edan muy atractiva la inversi\u00f3n para nuevos empresarios.<\/p>\n<p style=\"text-align: justify;\">&nbsp;<\/p>\n<p style=\"text-align: justify;\">La reciente inauguraci\u00f3n de la multinacional BodyTech en la ciudad es una muestra de que hay mercado para impulsar este tipo de inversiones; teniendo en cuenta que estos empresarios invierten en ciudades grandes y donde hay potencialidad para hacer uso de sus servicios. BodyTech es un centro m\u00e9dico-deportivo que ofrece alternativas saludables mediante la pr\u00e1ctica de ejercicios propios de un gimnasio pero complementados con el control m\u00e9dico sistem\u00e1tico.<\/p>\n<p style=\"text-align: justify;\">&nbsp;<\/p>\n<p style=\"text-align: justify;\">Y es que en Pasto se encuentra de todo como una fortaleza para impulsar el turismo en salud: cirug\u00edas est\u00e9ticas, centros de alta tecnolog\u00eda para diagn\u00f3stico de patolog\u00edas, intervenciones del \u00f3rgano de la visi\u00f3n, excelentes dermat\u00f3logos, odont\u00f3logos, esteticistas; profesionales especializados en diversos pa\u00edses que han retornado a la ciudad a prestar sus servicios, sin desconocer que varias universidades locales ofrecen programas de salud. A ello se suman las modernas instalaciones y tecnolog\u00eda de punta.<\/p>\n<p style=\"text-align: justify;\">&nbsp;<\/p>\n<p style=\"text-align: justify;\">Esto implica que el visitante que viene por sus tratamientos de salud, haga uso de los servicios hoteleros, se deleite con la variada gastronom\u00eda de la regi\u00f3n, compre las artesan\u00edas, visite los sitios tur\u00edsticos, emplee taxis, deje propinas a sus colaboradores y, algo muy importante, en Pasto todo es m\u00e1s econ\u00f3mico, se consigue a buen precio.<\/p>\n<p style=\"text-align: justify;\">&nbsp;<\/p>\n<p style=\"text-align: justify;\">Lo que se necesita para ello es que haya un liderazgo que impulse este sector de la econom\u00eda que brinda oportunidades laborales a profesionales y t\u00e9cnicos de m\u00faltiples \u00e1reas. El sector privado debe contar con el respaldo de la administraci\u00f3n p\u00fablica, desde la propia alcald\u00eda de la ciudad con est\u00edmulos tributarios, declaratoria de zonas francas, impulso de agremiaci\u00f3n, inversi\u00f3n en v\u00edas de acceso, se\u00f1alizaci\u00f3n e informaci\u00f3n. Esto con seguridad, como ocurre en otros casos, traer\u00e1 como consecuencia la agremiaci\u00f3n de otros sectores de la econom\u00eda que se benefician de manera indirecta.<\/p>\n<p style=\"text-align: justify;\">&nbsp;<\/p>\n<p style=\"text-align: justify;\">Ya es tiempo de que el pa\u00eds y el contexto internacional nos dejen de mirar como los pobrecitos atrasados: primero tenemos que cambiarnos nuestro propio \u2018chip\u2019, para luego cambiarles el \u2018chip\u2019 a quienes han tenido una visi\u00f3n equivocada de los pastusos. Es bien cierto que debemos sentirnos orgullosos de nuestra idiosincrasia, pero tampoco le tengamos miedo al desarrollo tecnol\u00f3gico al servicio de la humanidad.<\/p>\n<p style=\"text-align: justify;\">&nbsp;<\/p>\n<p style=\"text-align: justify;\">En Pasto hay mentes brillantes en todas las \u00e1reas del saber, y son muy apreciados en cualquier lugar de la geograf\u00eda nacional o fuera de ella, entonces, \u00bfpor qu\u00e9 no aprovechar ese caudal?<\/p>\n<p style=\"text-align: justify;\">&nbsp;<\/p>\n<p style=\"text-align: justify;\">Estas sencillas propuestas para grandes prop\u00f3sitos, las queremos dejar en manos del doctor Afranio Rodr\u00edguez Rosero, actual diputado, quien con su carisma, \u00e9tica y prudencia, ha demostrado que puede ejercer un gran liderazgo en favor de los habitantes de la regi\u00f3n y la ciudad de Pasto. S\u00f3lo se necesita creer un poco m\u00e1s en nosotros mismos, trazar los proyectos y poner en marcha el trabajo en equipo.<\/p>\n","protected":false},"excerpt":{"rendered":"<p>La ciudad de San Juan de Pasto en la \u00faltima d\u00e9cada est\u00e1 viviendo unos cambios que no se hab\u00edan dado en mucho tiempo. Ahora sus habitantes podemos vivir con mayor comodidad gracias al impulso que empresarios privadosle vienen dando a la infraestructura habitacional, que hace m\u00e1s atractivo vivir e invertir. &nbsp; Pero tambi\u00e9n observamos que [&hellip;]<\/p>\n","protected":false},"author":65,"featured_media":10008,"comment_status":"open","ping_status":"open","sticky":false,"template":"","format":"standard","meta":{"footnotes":""},"categories":[82],"tags":[1354],"class_list":["post-10009","post","type-post","status-publish","format-standard","has-post-thumbnail","hentry","category-ciudad-2","tag-pastodestinoturistico"],"yoast_head":"<!-- This site is optimized with the Yoast SEO plugin v27.1.1 - https:\/\/yoast.com\/product\/yoast-seo-wordpress\/ -->\n<title>Pasto, destino tur\u00edstico en salud | P\u00e1gina10<\/title>\n<meta name=\"robots\" content=\"index, follow, max-snippet:-1, max-image-preview:large, max-video-preview:-1\" \/>\n<link rel=\"canonical\" href=\"https:\/\/pagina10.com\/web\/pasto-destino-turistico-en-salud\/\" \/>\n<meta property=\"og:locale\" content=\"es_ES\" \/>\n<meta property=\"og:type\" content=\"article\" \/>\n<meta property=\"og:title\" content=\"Pasto, destino tur\u00edstico en salud | P\u00e1gina10\" \/>\n<meta property=\"og:description\" content=\"La ciudad de San Juan de Pasto en la \u00faltima d\u00e9cada est\u00e1 viviendo unos cambios que no se hab\u00edan dado en mucho tiempo. Ahora sus habitantes podemos vivir con mayor comodidad gracias al impulso que empresarios privadosle vienen dando a la infraestructura habitacional, que hace m\u00e1s atractivo vivir e invertir. &nbsp; Pero tambi\u00e9n observamos que [&hellip;]\" \/>\n<meta property=\"og:url\" content=\"https:\/\/pagina10.com\/web\/pasto-destino-turistico-en-salud\/\" \/>\n<meta property=\"og:site_name\" content=\"P\u00e1gina10\" \/>\n<meta property=\"article:publisher\" content=\"https:\/\/www.facebook.com\/pag10com\" \/>\n<meta property=\"article:published_time\" content=\"2014-09-02T22:17:49+00:00\" \/>\n<meta property=\"og:image\" content=\"https:\/\/pagina10.com\/web\/wp-content\/uploads\/2014\/09\/6d89cca5cadb132a55db6d93cfaf5524.jpg\" \/>\n\t<meta property=\"og:image:width\" content=\"960\" \/>\n\t<meta property=\"og:image:height\" content=\"716\" \/>\n\t<meta property=\"og:image:type\" content=\"image\/jpeg\" \/>\n<meta name=\"author\" content=\"Anibal Ar\u00e9valo Rosero\" \/>\n<meta name=\"twitter:card\" content=\"summary_large_image\" \/>\n<meta name=\"twitter:creator\" content=\"@Pag10com\" \/>\n<meta name=\"twitter:site\" content=\"@Pag10com\" \/>\n<meta name=\"twitter:label1\" content=\"Escrito por\" \/>\n\t<meta name=\"twitter:data1\" content=\"Anibal Ar\u00e9valo Rosero\" \/>\n\t<meta name=\"twitter:label2\" content=\"Tiempo de lectura\" \/>\n\t<meta name=\"twitter:data2\" content=\"3 minutos\" \/>\n<script type=\"application\/ld+json\" class=\"yoast-schema-graph\">{\"@context\":\"https:\/\/schema.org\",\"@graph\":[{\"@type\":\"Article\",\"@id\":\"https:\/\/pagina10.com\/web\/pasto-destino-turistico-en-salud\/#article\",\"isPartOf\":{\"@id\":\"https:\/\/pagina10.com\/web\/pasto-destino-turistico-en-salud\/\"},\"author\":{\"name\":\"Anibal Ar\u00e9valo Rosero\",\"@id\":\"https:\/\/pagina10.com\/web\/#\/schema\/person\/9ec3e2b432363a195d2d01bf820c66fe\"},\"headline\":\"Pasto, destino tur\u00edstico en salud\",\"datePublished\":\"2014-09-02T22:17:49+00:00\",\"mainEntityOfPage\":{\"@id\":\"https:\/\/pagina10.com\/web\/pasto-destino-turistico-en-salud\/\"},\"wordCount\":659,\"commentCount\":0,\"publisher\":{\"@id\":\"https:\/\/pagina10.com\/web\/#organization\"},\"image\":{\"@id\":\"https:\/\/pagina10.com\/web\/pasto-destino-turistico-en-salud\/#primaryimage\"},\"thumbnailUrl\":\"https:\/\/pagina10.com\/web\/wp-content\/uploads\/2014\/09\/6d89cca5cadb132a55db6d93cfaf5524.jpg\",\"keywords\":[\"PastoDestinoTur\u00edstico\"],\"articleSection\":[\"Ciudad\"],\"inLanguage\":\"es\",\"potentialAction\":[{\"@type\":\"CommentAction\",\"name\":\"Comment\",\"target\":[\"https:\/\/pagina10.com\/web\/pasto-destino-turistico-en-salud\/#respond\"]}]},{\"@type\":\"WebPage\",\"@id\":\"https:\/\/pagina10.com\/web\/pasto-destino-turistico-en-salud\/\",\"url\":\"https:\/\/pagina10.com\/web\/pasto-destino-turistico-en-salud\/\",\"name\":\"Pasto, destino tur\u00edstico en salud | P\u00e1gina10\",\"isPartOf\":{\"@id\":\"https:\/\/pagina10.com\/web\/#website\"},\"primaryImageOfPage\":{\"@id\":\"https:\/\/pagina10.com\/web\/pasto-destino-turistico-en-salud\/#primaryimage\"},\"image\":{\"@id\":\"https:\/\/pagina10.com\/web\/pasto-destino-turistico-en-salud\/#primaryimage\"},\"thumbnailUrl\":\"https:\/\/pagina10.com\/web\/wp-content\/uploads\/2014\/09\/6d89cca5cadb132a55db6d93cfaf5524.jpg\",\"datePublished\":\"2014-09-02T22:17:49+00:00\",\"breadcrumb\":{\"@id\":\"https:\/\/pagina10.com\/web\/pasto-destino-turistico-en-salud\/#breadcrumb\"},\"inLanguage\":\"es\",\"potentialAction\":[{\"@type\":\"ReadAction\",\"target\":[\"https:\/\/pagina10.com\/web\/pasto-destino-turistico-en-salud\/\"]}]},{\"@type\":\"ImageObject\",\"inLanguage\":\"es\",\"@id\":\"https:\/\/pagina10.com\/web\/pasto-destino-turistico-en-salud\/#primaryimage\",\"url\":\"https:\/\/pagina10.com\/web\/wp-content\/uploads\/2014\/09\/6d89cca5cadb132a55db6d93cfaf5524.jpg\",\"contentUrl\":\"https:\/\/pagina10.com\/web\/wp-content\/uploads\/2014\/09\/6d89cca5cadb132a55db6d93cfaf5524.jpg\",\"width\":960,\"height\":716},{\"@type\":\"BreadcrumbList\",\"@id\":\"https:\/\/pagina10.com\/web\/pasto-destino-turistico-en-salud\/#breadcrumb\",\"itemListElement\":[{\"@type\":\"ListItem\",\"position\":1,\"name\":\"Portada\",\"item\":\"https:\/\/pagina10.com\/web\/\"},{\"@type\":\"ListItem\",\"position\":2,\"name\":\"Pasto, destino tur\u00edstico en salud\"}]},{\"@type\":\"WebSite\",\"@id\":\"https:\/\/pagina10.com\/web\/#website\",\"url\":\"https:\/\/pagina10.com\/web\/\",\"name\":\"P\u00e1gina10\",\"description\":\"Peri\u00f3dico Regional\",\"publisher\":{\"@id\":\"https:\/\/pagina10.com\/web\/#organization\"},\"alternateName\":\"P\u00e1gina10 Peri\u00f3dico Regional\",\"potentialAction\":[{\"@type\":\"SearchAction\",\"target\":{\"@type\":\"EntryPoint\",\"urlTemplate\":\"https:\/\/pagina10.com\/web\/?s={search_term_string}\"},\"query-input\":{\"@type\":\"PropertyValueSpecification\",\"valueRequired\":true,\"valueName\":\"search_term_string\"}}],\"inLanguage\":\"es\"},{\"@type\":\"Organization\",\"@id\":\"https:\/\/pagina10.com\/web\/#organization\",\"name\":\"P\u00e1gina10\",\"alternateName\":\"P\u00e1gina10 Peri\u00f3dico Regional\",\"url\":\"https:\/\/pagina10.com\/web\/\",\"logo\":{\"@type\":\"ImageObject\",\"inLanguage\":\"es\",\"@id\":\"https:\/\/pagina10.com\/web\/#\/schema\/logo\/image\/\",\"url\":\"https:\/\/pagina10.com\/web\/wp-content\/uploads\/2024\/01\/40-pagina-10-periodico-regional-pasto.jpg\",\"contentUrl\":\"https:\/\/pagina10.com\/web\/wp-content\/uploads\/2024\/01\/40-pagina-10-periodico-regional-pasto.jpg\",\"width\":1280,\"height\":720,\"caption\":\"P\u00e1gina10\"},\"image\":{\"@id\":\"https:\/\/pagina10.com\/web\/#\/schema\/logo\/image\/\"},\"sameAs\":[\"https:\/\/www.facebook.com\/pag10com\",\"https:\/\/x.com\/Pag10com\",\"https:\/\/www.instagram.com\/pagina10col\/\",\"https:\/\/youtube.com\/channel\/pag10\",\"https:\/\/www.tiktok.com\/@p10col\"]},{\"@type\":\"Person\",\"@id\":\"https:\/\/pagina10.com\/web\/#\/schema\/person\/9ec3e2b432363a195d2d01bf820c66fe\",\"name\":\"Anibal Ar\u00e9valo Rosero\",\"description\":\"An\u00edbal Ar\u00e9valo Rosero a trav\u00e9s de su vida ha realizado diversas actividades tendientes a reivindicar al ser humano en su conciencia plena. Durante su vida ha hecho teatro, a escrito poes\u00eda y en sus tiempos de universitario realiz\u00f3 varias publicaciones entre las que se recuerda la revista Quinde. Junto con otros compa\u00f1eros fund\u00f3 el Taller Cultural El Cueche, equipo con el que se hicieron varias publicaciones. De este mismo grupo hay que resaltar que se hizo un trabajo pionero en la difusi\u00f3n de la m\u00fasica andina, latinoamericana y del caribe. Despu\u00e9s de terminar sus estudios de biolog\u00eda en la Universidad de Nari\u00f1o entr\u00f3 a laborar en emisoras de la ciudad de Pasto como en RCN, donde se desempe\u00f1aba como locutor de planta. Dirigi\u00f3 programas en la extinta Ondas del Mayo, en varias oportunidades; tambi\u00e9n en Ecos de Pasto. Fue colaborador de el Noticias RCN y dirigi\u00f3 el programa Simana al D\u00eda, del Sindicato del Magisterio de Nari\u00f1o, en dos \u00e9pocas. En el a\u00f1o de 1992 funda el Comit\u00e9 de Solidaridad con Cuba Jos\u00e9 Mart\u00ed, cuyo objetivo era divulgar la realidad cubana y expresar apoyo moral, pol\u00edtico y material al pa\u00eds caribe\u00f1o. Ante la mala interpretaci\u00f3n que la gente le daba a este tipo de acciones, se decide promover viajes de solidad a Cuba para participar en la Brigada Latinoamericana de Trabajo Voluntario, en el Festival Cuba Vive y, de manera especia,l en el 14 Festival Mundial de la Juventud y los Estudiantes, que se desarroll\u00f3 en la isla en el a\u00f1o de 1997. Con esta experiencia impulsa el turismo al pa\u00eds caribe\u00f1o con el resultado de que miles de personas han participado de las excursiones organizadas por Ar\u00e9valo Rosero. Asimismo ha venido impulsando las Brigadas de Salud en Cuba, tendiente a llevar pacientes de c\u00e1ncer a ese destino con el fin de que reciban atenci\u00f3n m\u00e9dica, teniendo en cuenta que la experiencia cubana en el tema ha sido bastante favorable. Veinte a\u00f1os despu\u00e9s de estas nutritivas experiencias, le permiten impulsar excursiones adem\u00e1s a M\u00e9xico, Machu Picchu, Argentina, Ecuador, Panam\u00e1 y Tierra Santa. En cuanto al desempe\u00f1o period\u00edstico, adem\u00e1s de los medios radiales y de televisi\u00f3n, en los canales de la universidades de Nari\u00f1o y Mariana, se ha desempe\u00f1ado como columnista en Diario del Sur durante 6 a\u00f1os y en algunos medios virtuales. Tambi\u00e9n es colaborador de el Diario del Cauca. Considera que la pr\u00e1ctica de la lectura es beber de la fuente nutricia que permite apropiarse de manera consciente del ejercicio de la democracia; y la posibilidad de escribir y ser le\u00eddo, acceder al poder, por que considera la palabra como el mayor instrumento de acci\u00f3n cuando est\u00e1 bien encamina al leg\u00edtimo servicio social. En la actualidad adem\u00e1s de so\u00f1ar con viajar por el mundo se desempe\u00f1a como docente del departamento de ciencias de Inem Luis Delf\u00edn Insuasty de Pasto. Correo: Esta direcci\u00f3n de correo electr\u00f3nico est\u00e1 protegida contra spambots. Usted necesita tener Javascript activado para poder verla.\\\" target=\\\"_blank\\\" style=\\\"color: #1155cc; text-align: justify; font-family: arial, sans-serif; font-size: 13px; line-height: normal;\\\"&gt;fundacionecosofia@gmail.com\",\"url\":\"https:\/\/pagina10.com\/web\/author\/anibal\/\"}]}<\/script>\n<!-- \/ Yoast SEO plugin. -->","yoast_head_json":{"title":"Pasto, destino tur\u00edstico en salud | P\u00e1gina10","robots":{"index":"index","follow":"follow","max-snippet":"max-snippet:-1","max-image-preview":"max-image-preview:large","max-video-preview":"max-video-preview:-1"},"canonical":"https:\/\/pagina10.com\/web\/pasto-destino-turistico-en-salud\/","og_locale":"es_ES","og_type":"article","og_title":"Pasto, destino tur\u00edstico en salud | P\u00e1gina10","og_description":"La ciudad de San Juan de Pasto en la \u00faltima d\u00e9cada est\u00e1 viviendo unos cambios que no se hab\u00edan dado en mucho tiempo. Ahora sus habitantes podemos vivir con mayor comodidad gracias al impulso que empresarios privadosle vienen dando a la infraestructura habitacional, que hace m\u00e1s atractivo vivir e invertir. &nbsp; Pero tambi\u00e9n observamos que [&hellip;]","og_url":"https:\/\/pagina10.com\/web\/pasto-destino-turistico-en-salud\/","og_site_name":"P\u00e1gina10","article_publisher":"https:\/\/www.facebook.com\/pag10com","article_published_time":"2014-09-02T22:17:49+00:00","og_image":[{"width":960,"height":716,"url":"https:\/\/pagina10.com\/web\/wp-content\/uploads\/2014\/09\/6d89cca5cadb132a55db6d93cfaf5524.jpg","type":"image\/jpeg"}],"author":"Anibal Ar\u00e9valo Rosero","twitter_card":"summary_large_image","twitter_creator":"@Pag10com","twitter_site":"@Pag10com","twitter_misc":{"Escrito por":"Anibal Ar\u00e9valo Rosero","Tiempo de lectura":"3 minutos"},"schema":{"@context":"https:\/\/schema.org","@graph":[{"@type":"Article","@id":"https:\/\/pagina10.com\/web\/pasto-destino-turistico-en-salud\/#article","isPartOf":{"@id":"https:\/\/pagina10.com\/web\/pasto-destino-turistico-en-salud\/"},"author":{"name":"Anibal Ar\u00e9valo Rosero","@id":"https:\/\/pagina10.com\/web\/#\/schema\/person\/9ec3e2b432363a195d2d01bf820c66fe"},"headline":"Pasto, destino tur\u00edstico en salud","datePublished":"2014-09-02T22:17:49+00:00","mainEntityOfPage":{"@id":"https:\/\/pagina10.com\/web\/pasto-destino-turistico-en-salud\/"},"wordCount":659,"commentCount":0,"publisher":{"@id":"https:\/\/pagina10.com\/web\/#organization"},"image":{"@id":"https:\/\/pagina10.com\/web\/pasto-destino-turistico-en-salud\/#primaryimage"},"thumbnailUrl":"https:\/\/pagina10.com\/web\/wp-content\/uploads\/2014\/09\/6d89cca5cadb132a55db6d93cfaf5524.jpg","keywords":["PastoDestinoTur\u00edstico"],"articleSection":["Ciudad"],"inLanguage":"es","potentialAction":[{"@type":"CommentAction","name":"Comment","target":["https:\/\/pagina10.com\/web\/pasto-destino-turistico-en-salud\/#respond"]}]},{"@type":"WebPage","@id":"https:\/\/pagina10.com\/web\/pasto-destino-turistico-en-salud\/","url":"https:\/\/pagina10.com\/web\/pasto-destino-turistico-en-salud\/","name":"Pasto, destino tur\u00edstico en salud | P\u00e1gina10","isPartOf":{"@id":"https:\/\/pagina10.com\/web\/#website"},"primaryImageOfPage":{"@id":"https:\/\/pagina10.com\/web\/pasto-destino-turistico-en-salud\/#primaryimage"},"image":{"@id":"https:\/\/pagina10.com\/web\/pasto-destino-turistico-en-salud\/#primaryimage"},"thumbnailUrl":"https:\/\/pagina10.com\/web\/wp-content\/uploads\/2014\/09\/6d89cca5cadb132a55db6d93cfaf5524.jpg","datePublished":"2014-09-02T22:17:49+00:00","breadcrumb":{"@id":"https:\/\/pagina10.com\/web\/pasto-destino-turistico-en-salud\/#breadcrumb"},"inLanguage":"es","potentialAction":[{"@type":"ReadAction","target":["https:\/\/pagina10.com\/web\/pasto-destino-turistico-en-salud\/"]}]},{"@type":"ImageObject","inLanguage":"es","@id":"https:\/\/pagina10.com\/web\/pasto-destino-turistico-en-salud\/#primaryimage","url":"https:\/\/pagina10.com\/web\/wp-content\/uploads\/2014\/09\/6d89cca5cadb132a55db6d93cfaf5524.jpg","contentUrl":"https:\/\/pagina10.com\/web\/wp-content\/uploads\/2014\/09\/6d89cca5cadb132a55db6d93cfaf5524.jpg","width":960,"height":716},{"@type":"BreadcrumbList","@id":"https:\/\/pagina10.com\/web\/pasto-destino-turistico-en-salud\/#breadcrumb","itemListElement":[{"@type":"ListItem","position":1,"name":"Portada","item":"https:\/\/pagina10.com\/web\/"},{"@type":"ListItem","position":2,"name":"Pasto, destino tur\u00edstico en salud"}]},{"@type":"WebSite","@id":"https:\/\/pagina10.com\/web\/#website","url":"https:\/\/pagina10.com\/web\/","name":"P\u00e1gina10","description":"Peri\u00f3dico Regional","publisher":{"@id":"https:\/\/pagina10.com\/web\/#organization"},"alternateName":"P\u00e1gina10 Peri\u00f3dico Regional","potentialAction":[{"@type":"SearchAction","target":{"@type":"EntryPoint","urlTemplate":"https:\/\/pagina10.com\/web\/?s={search_term_string}"},"query-input":{"@type":"PropertyValueSpecification","valueRequired":true,"valueName":"search_term_string"}}],"inLanguage":"es"},{"@type":"Organization","@id":"https:\/\/pagina10.com\/web\/#organization","name":"P\u00e1gina10","alternateName":"P\u00e1gina10 Peri\u00f3dico Regional","url":"https:\/\/pagina10.com\/web\/","logo":{"@type":"ImageObject","inLanguage":"es","@id":"https:\/\/pagina10.com\/web\/#\/schema\/logo\/image\/","url":"https:\/\/pagina10.com\/web\/wp-content\/uploads\/2024\/01\/40-pagina-10-periodico-regional-pasto.jpg","contentUrl":"https:\/\/pagina10.com\/web\/wp-content\/uploads\/2024\/01\/40-pagina-10-periodico-regional-pasto.jpg","width":1280,"height":720,"caption":"P\u00e1gina10"},"image":{"@id":"https:\/\/pagina10.com\/web\/#\/schema\/logo\/image\/"},"sameAs":["https:\/\/www.facebook.com\/pag10com","https:\/\/x.com\/Pag10com","https:\/\/www.instagram.com\/pagina10col\/","https:\/\/youtube.com\/channel\/pag10","https:\/\/www.tiktok.com\/@p10col"]},{"@type":"Person","@id":"https:\/\/pagina10.com\/web\/#\/schema\/person\/9ec3e2b432363a195d2d01bf820c66fe","name":"Anibal Ar\u00e9valo Rosero","description":"An\u00edbal Ar\u00e9valo Rosero a trav\u00e9s de su vida ha realizado diversas actividades tendientes a reivindicar al ser humano en su conciencia plena. Durante su vida ha hecho teatro, a escrito poes\u00eda y en sus tiempos de universitario realiz\u00f3 varias publicaciones entre las que se recuerda la revista Quinde. Junto con otros compa\u00f1eros fund\u00f3 el Taller Cultural El Cueche, equipo con el que se hicieron varias publicaciones. De este mismo grupo hay que resaltar que se hizo un trabajo pionero en la difusi\u00f3n de la m\u00fasica andina, latinoamericana y del caribe. Despu\u00e9s de terminar sus estudios de biolog\u00eda en la Universidad de Nari\u00f1o entr\u00f3 a laborar en emisoras de la ciudad de Pasto como en RCN, donde se desempe\u00f1aba como locutor de planta. Dirigi\u00f3 programas en la extinta Ondas del Mayo, en varias oportunidades; tambi\u00e9n en Ecos de Pasto. Fue colaborador de el Noticias RCN y dirigi\u00f3 el programa Simana al D\u00eda, del Sindicato del Magisterio de Nari\u00f1o, en dos \u00e9pocas. En el a\u00f1o de 1992 funda el Comit\u00e9 de Solidaridad con Cuba Jos\u00e9 Mart\u00ed, cuyo objetivo era divulgar la realidad cubana y expresar apoyo moral, pol\u00edtico y material al pa\u00eds caribe\u00f1o. Ante la mala interpretaci\u00f3n que la gente le daba a este tipo de acciones, se decide promover viajes de solidad a Cuba para participar en la Brigada Latinoamericana de Trabajo Voluntario, en el Festival Cuba Vive y, de manera especia,l en el 14 Festival Mundial de la Juventud y los Estudiantes, que se desarroll\u00f3 en la isla en el a\u00f1o de 1997. Con esta experiencia impulsa el turismo al pa\u00eds caribe\u00f1o con el resultado de que miles de personas han participado de las excursiones organizadas por Ar\u00e9valo Rosero. Asimismo ha venido impulsando las Brigadas de Salud en Cuba, tendiente a llevar pacientes de c\u00e1ncer a ese destino con el fin de que reciban atenci\u00f3n m\u00e9dica, teniendo en cuenta que la experiencia cubana en el tema ha sido bastante favorable. Veinte a\u00f1os despu\u00e9s de estas nutritivas experiencias, le permiten impulsar excursiones adem\u00e1s a M\u00e9xico, Machu Picchu, Argentina, Ecuador, Panam\u00e1 y Tierra Santa. En cuanto al desempe\u00f1o period\u00edstico, adem\u00e1s de los medios radiales y de televisi\u00f3n, en los canales de la universidades de Nari\u00f1o y Mariana, se ha desempe\u00f1ado como columnista en Diario del Sur durante 6 a\u00f1os y en algunos medios virtuales. Tambi\u00e9n es colaborador de el Diario del Cauca. Considera que la pr\u00e1ctica de la lectura es beber de la fuente nutricia que permite apropiarse de manera consciente del ejercicio de la democracia; y la posibilidad de escribir y ser le\u00eddo, acceder al poder, por que considera la palabra como el mayor instrumento de acci\u00f3n cuando est\u00e1 bien encamina al leg\u00edtimo servicio social. En la actualidad adem\u00e1s de so\u00f1ar con viajar por el mundo se desempe\u00f1a como docente del departamento de ciencias de Inem Luis Delf\u00edn Insuasty de Pasto. Correo: Esta direcci\u00f3n de correo electr\u00f3nico est\u00e1 protegida contra spambots. Usted necesita tener Javascript activado para poder verla.\" target=\"_blank\" style=\"color: #1155cc; text-align: justify; font-family: arial, sans-serif; font-size: 13px; line-height: normal;\"&gt;fundacionecosofia@gmail.com","url":"https:\/\/pagina10.com\/web\/author\/anibal\/"}]}},"_links":{"self":[{"href":"https:\/\/pagina10.com\/web\/wp-json\/wp\/v2\/posts\/10009","targetHints":{"allow":["GET"]}}],"collection":[{"href":"https:\/\/pagina10.com\/web\/wp-json\/wp\/v2\/posts"}],"about":[{"href":"https:\/\/pagina10.com\/web\/wp-json\/wp\/v2\/types\/post"}],"author":[{"embeddable":true,"href":"https:\/\/pagina10.com\/web\/wp-json\/wp\/v2\/users\/65"}],"replies":[{"embeddable":true,"href":"https:\/\/pagina10.com\/web\/wp-json\/wp\/v2\/comments?post=10009"}],"version-history":[{"count":0,"href":"https:\/\/pagina10.com\/web\/wp-json\/wp\/v2\/posts\/10009\/revisions"}],"wp:featuredmedia":[{"embeddable":true,"href":"https:\/\/pagina10.com\/web\/wp-json\/wp\/v2\/media\/10008"}],"wp:attachment":[{"href":"https:\/\/pagina10.com\/web\/wp-json\/wp\/v2\/media?parent=10009"}],"wp:term":[{"taxonomy":"category","embeddable":true,"href":"https:\/\/pagina10.com\/web\/wp-json\/wp\/v2\/categories?post=10009"},{"taxonomy":"post_tag","embeddable":true,"href":"https:\/\/pagina10.com\/web\/wp-json\/wp\/v2\/tags?post=10009"}],"curies":[{"name":"wp","href":"https:\/\/api.w.org\/{rel}","templated":true}]}}