{"id":10034,"date":"2014-09-03T14:39:28","date_gmt":"2014-09-03T14:39:28","guid":{"rendered":"https:\/\/pagina10.com\/web\/alvaro-jose-gomezjurado-pasto-tambien-se-esta-preparando-para-el-post-conflicto\/"},"modified":"2014-09-03T14:39:28","modified_gmt":"2014-09-03T14:39:28","slug":"alvaro-jose-gomezjurado-pasto-tambien-se-esta-preparando-para-el-post-conflicto","status":"publish","type":"post","link":"https:\/\/pagina10.com\/web\/alvaro-jose-gomezjurado-pasto-tambien-se-esta-preparando-para-el-post-conflicto\/","title":{"rendered":"\u00c1lvaro Jos\u00e9 G\u00f3mezjurado: \u201cPasto tambi\u00e9n se est\u00e1 preparando para el post conflicto\u201d"},"content":{"rendered":"<figure id=\"attachment_10032\" aria-describedby=\"caption-attachment-10032\" style=\"width: 1732px\" class=\"wp-caption alignnone\"><img fetchpriority=\"high\" decoding=\"async\" class=\" size-full wp-image-10032\" src=\"https:\/\/pagina10.com\/web\/wp-content\/uploads\/2014\/09\/ba6ffd566fc59088516d4b9e241d2e08.jpg\" alt=\"Fotograf\u00eda: P\u00e1gina10\" class=\"caption\" title=\"\u00c1lvaro Jos\u00e9 G\u00f3mezjurado se siente listo para afrontar los retos de su nuevo cargo.\" width=\"1732\" height=\"1155\" srcset=\"https:\/\/pagina10.com\/web\/wp-content\/uploads\/2014\/09\/ba6ffd566fc59088516d4b9e241d2e08.jpg 1732w, https:\/\/pagina10.com\/web\/wp-content\/uploads\/2014\/09\/ba6ffd566fc59088516d4b9e241d2e08-300x200.jpg 300w, https:\/\/pagina10.com\/web\/wp-content\/uploads\/2014\/09\/ba6ffd566fc59088516d4b9e241d2e08-1024x683.jpg 1024w, https:\/\/pagina10.com\/web\/wp-content\/uploads\/2014\/09\/ba6ffd566fc59088516d4b9e241d2e08-768x512.jpg 768w, https:\/\/pagina10.com\/web\/wp-content\/uploads\/2014\/09\/ba6ffd566fc59088516d4b9e241d2e08-1536x1024.jpg 1536w, https:\/\/pagina10.com\/web\/wp-content\/uploads\/2014\/09\/ba6ffd566fc59088516d4b9e241d2e08-450x300.jpg 450w\" sizes=\"(max-width: 1732px) 100vw, 1732px\" \/><figcaption id=\"caption-attachment-10032\" class=\"wp-caption-text\">\u00c1lvaro Jos\u00e9 G\u00f3mezjurado se siente listo para afrontar los retos de su nuevo cargo.<\/figcaption><\/figure>\n<p style=\"text-align: justify;\"><span style=\"font-family: 'comic sans ms', sans-serif; font-size: 14pt;\">El nuevo Secretario de Gobierno piensa que la capital nari\u00f1ense ser\u00e1 un escenario clave para todo lo que suceda despu\u00e9s de la guerra.<\/span><\/p>\n<p style=\"text-align: justify;\">El nombramiento de \u00c1lvaro Jos\u00e9 G\u00f3mezjurado como Secretario de Gobierno de la ciudad de Pasto, era algo que todos esperaban como un mero tr\u00e1mite, pues todos daban por hecho que, una vez que Gustavo N\u00fa\u00f1ez dejara este despacho para emprender otros retos pol\u00edticos, el heredero natural era quien hasta el momento manejaba los asuntos culturales del Municipio.<\/p>\n<p style=\"text-align: justify;\">&#8220;Es un reto laboral, pero es tambi\u00e9n un voto de confianza que el alcalde Harold Guerrero me ha dado. Pienso que tambi\u00e9n es un reconocimiento a la gesti\u00f3n que ven\u00edamos adelantando en la Secretar\u00eda de Cultura, como una de las m\u00e1s importantes y eficientes, protagonista adem\u00e1s de un proceso de transformaci\u00f3n en este campo&#8221;, sostiene el funcionario, quien sabe a ciencia cierta que lo que se viene para \u00e9l ser\u00e1 bastante complejo.<\/p>\n<p style=\"text-align: justify;\">&#8220;En relaci\u00f3n sobre los principales retos y escollos que tendr\u00e9 que afrontar en este nuevo cargo, es indudable que temas como los de convivencia ciudadana, seguridad y vecindad, componen una de Las situaciones m\u00e1s complejas de atender. Todo lo que se derive a partir de este tema, se debe manejar en coordinaci\u00f3n con otros despachos de la Administraci\u00f3n Municipal, como las oficinas de Espacio P\u00fablico, Infraestructura, Alumbrado P\u00fablico, Salud y otras, dependiendo de los asuntos espec\u00edficos que se vayan a tratar&#8221;, explica G\u00f3mezjurado, quien no llega como un novato al cargo, ya que en varias oportunidades ha ejercido inclusive como burgomaestre encargado.<\/p>\n<p style=\"text-align: justify;\">Pero los asuntos no los podr\u00e1 resolver en su totalidad desde su oficina o en reuniones con otros funcionarios. &#8220;Por fuera de esta oficina de igual manera me mantendr\u00e9 en constante contacto con instituciones como la Polic\u00eda Metropolitana de Pasto, cuya creaci\u00f3n se debe considerar como una de las gestiones m\u00e1s importantes que se han hecho en materia de seguridad para la ciudad, pues se pas\u00f3 a contar con m\u00e1s de 8 mil efectivos disponibles; todos los equipos, herramientas y veh\u00edculos para poder garantizar una seguridad. Las c\u00e1maras en el espacio p\u00fablico, en fin. Esta relaci\u00f3n es fundamental para adelantar las iniciativas en materia de seguridad y convivencia&#8221;, argumenta el funcionario.<\/p>\n<p style=\"text-align: center;\"><img decoding=\"async\" class=\" size-full wp-image-10033\" src=\"https:\/\/pagina10.com\/web\/wp-content\/uploads\/2014\/09\/Desplazados_nari%C3%B1o.jpg\" width=\"433\" height=\"325\" alt=\"Desplazados nari\u00f1o\" \/><\/p>\n<p style=\"text-align: center;\">El de las personas desplazadas por el Conflicto Colombiano, es uno de los asunto urgentes a atender en la cartera de Gobierno municipal de Pasto.<\/p>\n<p style=\"text-align: justify;\"><strong>Conflicto y post conflicto<\/strong><\/p>\n<p style=\"text-align: justify;\">G\u00f3mezjurado sabe que en este cargo tambi\u00e9n tendr\u00e1 que asumir otro reto trascendental para la ciudad, la regi\u00f3n y el pa\u00eds: el post conflicto. &#8220;Como objetivos fundamentales est\u00e1n entre otros, el manejo de las v\u00edctimas del Conflicto, como los desplazados, por ejemplo, ya que Pasto se ha convertido en una ciudad receptora de estos&#8221;, dice.<\/p>\n<p style=\"text-align: justify;\">Pero \u00e9l ya tiene planteamientos claros: &#8220;en general, es indudable que se deben estructurar unas pol\u00edticas concretas para todo lo que se viene con el post conflicto, entendiendo que esta ciudad es capital de uno de los territorios en donde la guerra ha sido cruel y ha dejado muchos tipos de v\u00edctimas&#8221;.<br \/>&#8220;Hay que asumir con total responsabilidad, temas de protecci\u00f3n y seguridad para los antiguos residentes. Es decir que se deben buscar espacios para la convivencia y el di\u00e1logo entre los que llegan y quienes estaban desde antes&#8221;, agrega el funcionario municipal de Pasto.<\/p>\n<p style=\"text-align: justify;\">En este mismo cap\u00edtulo hay un asunto muy importante que &#8220;tiene que ver con el manejo de los victimarios que han dejado sus armas. No es un tema sencillo, pero hay que disponer de una pol\u00edtica clara y muy bien estructurada, cuyo desarrollo implica para nosotros, un trabajo muy cercano con el Gobierno Nacional y la administraci\u00f3n departamental&#8221;.<\/p>\n<p style=\"text-align: justify;\"><strong>B\u00fasqueda de la reconciliaci\u00f3n<\/strong><\/p>\n<p style=\"text-align: justify;\">&#8220;Lo que tiene que ver con la convivencia entre quienes fueron combatientes opositores en la guerra convierte a Pasto en un escenario que ser\u00e1 clave en el cap\u00edtulo de la reconciliaci\u00f3n entre hermanos que en un momento se enfrentaron pero que ahora van a volver a vivir cerca unos de otros&#8221;. Este es otro asunto espinoso que requiere la vinculaci\u00f3n de m\u00e1s un funcionario y de muchas instituciones. &#8220;En este punto es muy importante la vinculaci\u00f3n de todas Las organizaciones sociales, empresariales y dem\u00e1s, para que desde el sector privado tambi\u00e9n se impulse este prop\u00f3sito de convivencia. La organizaciones comunitarias y sindicales tendr\u00e1n sus roles espec\u00edficos, pero de gran trascendencia&#8221;, sostiene G\u00f3mezjurado.<\/p>\n<p style=\"text-align: justify;\">&#8220;No se puede olvidar en este tema que Pasto es una poblaci\u00f3n con profundo arraigo en el campo; son 17 localidades rurales, todas muy importantes, como parte de la estructura de la ciudad. Entonces los corregidores y las autoridades en estos territorios, lo mismo que el resto de lo institucional y ciudadano, tambi\u00e9n deben jugar roles de importancia a la hora de hablar de la paz. El agro es un asunto prioritario para asegurar un futuro tranquilo para todos&#8221;, agrega.<\/p>\n<p style=\"text-align: justify;\"><strong>Relaciones con el Concejo<\/strong><\/p>\n<p style=\"text-align: justify;\">Pero el nuevo secretario de Gobierno no solo tendr\u00e1 que hablar de paz y reconciliaci\u00f3n; tambi\u00e9n por momentos se deber\u00e1 entender con los concejales de la ciudad: &#8220;Siempre hemos tenido muy buenas relaciones con el Concejo Municipal. En mi cargo como Secretario de Cultura encontr\u00e9 en los concejales el respaldo que necesitaba para sacar adelante iniciativas, propuestas y eventos. Espero que en esta oportunidad las cosas sigan marchando de la mejor manera y que las buenas relaciones con los concejales se mantengan&#8221;, dice el funcionario.<\/p>\n<p style=\"text-align: justify;\">&#8220;En el caso del proyecto del Plan de Ordenamiento Territorial, por ejemplo, este seguir\u00e1 su tr\u00e1mite. Esperamos las \u00faltimas observaciones de Corponari\u00f1o para mirar si se alcanza a presentar al Concejo. Este es un resorte de la Secretar\u00eda de Planeaci\u00f3n, cuyos funcionarios se encargar\u00e1n con el acompa\u00f1amiento de los dem\u00e1s despachos, de hacer la sustentaci\u00f3n correspondiente en el Cabildo municipal&#8221;, explica el funcionario local de Pasto.<\/p>\n<p style=\"text-align: justify;\">Pero &#8220;hay otros temas, como el del espacio p\u00fablico y la situaci\u00f3n de los vendedores ambulantes, lo mismo que los asuntos de la poblaci\u00f3n Lgbti, que viene adelantando una trabajo muy serio en materia de pol\u00edtica p\u00fablica. Son estos asuntos y muchos otros los que viene trabajando este despacho y por supuesto en coordinaci\u00f3n con los dem\u00e1s despachos&#8221;.<\/p>\n<p style=\"text-align: justify;\"><strong>Planes para el futuro<\/strong><\/p>\n<p style=\"text-align: justify;\">Pero, \u00bfser\u00e1 que la carrera de \u00c1lvaro G\u00f3mezjurado toma definitivamente el rumbo de la pol\u00edtica?: &#8220;quienes valoran mi trabajo y conocen mi gesti\u00f3n p\u00fablica, al frente de organizaciones gremiales o en la docencia universitaria, reconocen mis capacidades, mi trabajo y por ello piensan que puedo tener una proyecci\u00f3n pol\u00edtica. Espero no defraudarlos ahora al frente de este cargo, lo mismo que al alcalde de Pasto.<\/p>\n<p style=\"text-align: justify;\">Las cosas se ir\u00e1n dando y por ahora no aventuro a divulgar un plan en este sentido. Simplemente cumplir a cabalidad con mi responsabilidad actual&#8221;, dice con tranquilidad.<\/p>\n<p style=\"text-align: justify;\">&#8220;Cuento con el apoyo de mi familia, mi esposa y mi hijo, que es muy tierno a\u00fan, siempre han estado al lado m\u00edo. La responsabilidad que tiene este cargo es muy amplia, teniendo en cuenta que se trata de una ciudad con una proyecci\u00f3n muy grande en el contexto nacional. El Alcalde la ha posicionado para cumplir roles importantes en la Asociaci\u00f3n Nacional de Alcaldes de Ciudades Capitales; su desarrollo y todo lo que implica el manejo de una ciudad con m\u00e1s de 500 mil habitantes es definitivamente una gran desaf\u00edo. Es algo que genera sentimientos encontrados, pero la familia lo asume como un importante proyecto que entre todos sacaremos adelante&#8221;, concluye el funcionario antes de irse a presidir un nuevo Consejo de Gobierno.<\/p>\n<p style=\"text-align: justify;\">&nbsp;<\/p>\n","protected":false},"excerpt":{"rendered":"<p>El nuevo Secretario de Gobierno piensa que la capital nari\u00f1ense ser\u00e1 un escenario clave para todo lo que suceda despu\u00e9s de la guerra. El nombramiento de \u00c1lvaro Jos\u00e9 G\u00f3mezjurado como Secretario de Gobierno de la ciudad de Pasto, era algo que todos esperaban como un mero tr\u00e1mite, pues todos daban por hecho que, una vez [&hellip;]<\/p>\n","protected":false},"author":29,"featured_media":10031,"comment_status":"open","ping_status":"open","sticky":false,"template":"","format":"standard","meta":{"footnotes":""},"categories":[82],"tags":[1363,1362,1361,1007],"class_list":["post-10034","post","type-post","status-publish","format-standard","has-post-thumbnail","hentry","category-ciudad-2","tag-alvaro-jose-gomez-jurado","tag-ciudad","tag-municipio-de-pasto","tag-postconflictocolombia"],"yoast_head":"<!-- This site is optimized with the Yoast SEO plugin v27.1.1 - https:\/\/yoast.com\/product\/yoast-seo-wordpress\/ -->\n<title>\u00c1lvaro Jos\u00e9 G\u00f3mezjurado: \u201cPasto tambi\u00e9n se est\u00e1 preparando para el post conflicto\u201d | P\u00e1gina10<\/title>\n<meta name=\"robots\" content=\"index, follow, max-snippet:-1, max-image-preview:large, max-video-preview:-1\" \/>\n<link rel=\"canonical\" href=\"https:\/\/pagina10.com\/web\/alvaro-jose-gomezjurado-pasto-tambien-se-esta-preparando-para-el-post-conflicto\/\" \/>\n<meta property=\"og:locale\" content=\"es_ES\" \/>\n<meta property=\"og:type\" content=\"article\" \/>\n<meta property=\"og:title\" content=\"\u00c1lvaro Jos\u00e9 G\u00f3mezjurado: \u201cPasto tambi\u00e9n se est\u00e1 preparando para el post conflicto\u201d | P\u00e1gina10\" \/>\n<meta property=\"og:description\" content=\"El nuevo Secretario de Gobierno piensa que la capital nari\u00f1ense ser\u00e1 un escenario clave para todo lo que suceda despu\u00e9s de la guerra. El nombramiento de \u00c1lvaro Jos\u00e9 G\u00f3mezjurado como Secretario de Gobierno de la ciudad de Pasto, era algo que todos esperaban como un mero tr\u00e1mite, pues todos daban por hecho que, una vez [&hellip;]\" \/>\n<meta property=\"og:url\" content=\"https:\/\/pagina10.com\/web\/alvaro-jose-gomezjurado-pasto-tambien-se-esta-preparando-para-el-post-conflicto\/\" \/>\n<meta property=\"og:site_name\" content=\"P\u00e1gina10\" \/>\n<meta property=\"article:publisher\" content=\"https:\/\/www.facebook.com\/pag10com\" \/>\n<meta property=\"article:published_time\" content=\"2014-09-03T14:39:28+00:00\" \/>\n<meta property=\"og:image\" content=\"https:\/\/pagina10.com\/web\/wp-content\/uploads\/2014\/09\/ba6ffd566fc59088516d4b9e241d2e08.jpg\" \/>\n\t<meta property=\"og:image:width\" content=\"1732\" \/>\n\t<meta property=\"og:image:height\" content=\"1155\" \/>\n\t<meta property=\"og:image:type\" content=\"image\/jpeg\" \/>\n<meta name=\"author\" content=\"P\u00e1gina 10\" \/>\n<meta name=\"twitter:card\" content=\"summary_large_image\" \/>\n<meta name=\"twitter:creator\" content=\"@Pag10com\" \/>\n<meta name=\"twitter:site\" content=\"@Pag10com\" \/>\n<meta name=\"twitter:label1\" content=\"Escrito por\" \/>\n\t<meta name=\"twitter:data1\" content=\"P\u00e1gina 10\" \/>\n\t<meta name=\"twitter:label2\" content=\"Tiempo de lectura\" \/>\n\t<meta name=\"twitter:data2\" content=\"7 minutos\" \/>\n<script type=\"application\/ld+json\" class=\"yoast-schema-graph\">{\"@context\":\"https:\/\/schema.org\",\"@graph\":[{\"@type\":\"Article\",\"@id\":\"https:\/\/pagina10.com\/web\/alvaro-jose-gomezjurado-pasto-tambien-se-esta-preparando-para-el-post-conflicto\/#article\",\"isPartOf\":{\"@id\":\"https:\/\/pagina10.com\/web\/alvaro-jose-gomezjurado-pasto-tambien-se-esta-preparando-para-el-post-conflicto\/\"},\"author\":{\"name\":\"P\u00e1gina 10\",\"@id\":\"https:\/\/pagina10.com\/web\/#\/schema\/person\/a7a5d38f0629dfc107f619fbae4f6cc3\"},\"headline\":\"\u00c1lvaro Jos\u00e9 G\u00f3mezjurado: \u201cPasto tambi\u00e9n se est\u00e1 preparando para el post conflicto\u201d\",\"datePublished\":\"2014-09-03T14:39:28+00:00\",\"mainEntityOfPage\":{\"@id\":\"https:\/\/pagina10.com\/web\/alvaro-jose-gomezjurado-pasto-tambien-se-esta-preparando-para-el-post-conflicto\/\"},\"wordCount\":1354,\"commentCount\":0,\"publisher\":{\"@id\":\"https:\/\/pagina10.com\/web\/#organization\"},\"image\":{\"@id\":\"https:\/\/pagina10.com\/web\/alvaro-jose-gomezjurado-pasto-tambien-se-esta-preparando-para-el-post-conflicto\/#primaryimage\"},\"thumbnailUrl\":\"https:\/\/pagina10.com\/web\/wp-content\/uploads\/2014\/09\/ba6ffd566fc59088516d4b9e241d2e08.jpg\",\"keywords\":[\"\u00c1lvaro Jos\u00e9 G\u00f3mez Jurado\",\"ciudad\",\"Municipio de Pasto\",\"PostconflictoColombia\"],\"articleSection\":[\"Ciudad\"],\"inLanguage\":\"es\",\"potentialAction\":[{\"@type\":\"CommentAction\",\"name\":\"Comment\",\"target\":[\"https:\/\/pagina10.com\/web\/alvaro-jose-gomezjurado-pasto-tambien-se-esta-preparando-para-el-post-conflicto\/#respond\"]}]},{\"@type\":\"WebPage\",\"@id\":\"https:\/\/pagina10.com\/web\/alvaro-jose-gomezjurado-pasto-tambien-se-esta-preparando-para-el-post-conflicto\/\",\"url\":\"https:\/\/pagina10.com\/web\/alvaro-jose-gomezjurado-pasto-tambien-se-esta-preparando-para-el-post-conflicto\/\",\"name\":\"\u00c1lvaro Jos\u00e9 G\u00f3mezjurado: \u201cPasto tambi\u00e9n se est\u00e1 preparando para el post conflicto\u201d | P\u00e1gina10\",\"isPartOf\":{\"@id\":\"https:\/\/pagina10.com\/web\/#website\"},\"primaryImageOfPage\":{\"@id\":\"https:\/\/pagina10.com\/web\/alvaro-jose-gomezjurado-pasto-tambien-se-esta-preparando-para-el-post-conflicto\/#primaryimage\"},\"image\":{\"@id\":\"https:\/\/pagina10.com\/web\/alvaro-jose-gomezjurado-pasto-tambien-se-esta-preparando-para-el-post-conflicto\/#primaryimage\"},\"thumbnailUrl\":\"https:\/\/pagina10.com\/web\/wp-content\/uploads\/2014\/09\/ba6ffd566fc59088516d4b9e241d2e08.jpg\",\"datePublished\":\"2014-09-03T14:39:28+00:00\",\"breadcrumb\":{\"@id\":\"https:\/\/pagina10.com\/web\/alvaro-jose-gomezjurado-pasto-tambien-se-esta-preparando-para-el-post-conflicto\/#breadcrumb\"},\"inLanguage\":\"es\",\"potentialAction\":[{\"@type\":\"ReadAction\",\"target\":[\"https:\/\/pagina10.com\/web\/alvaro-jose-gomezjurado-pasto-tambien-se-esta-preparando-para-el-post-conflicto\/\"]}]},{\"@type\":\"ImageObject\",\"inLanguage\":\"es\",\"@id\":\"https:\/\/pagina10.com\/web\/alvaro-jose-gomezjurado-pasto-tambien-se-esta-preparando-para-el-post-conflicto\/#primaryimage\",\"url\":\"https:\/\/pagina10.com\/web\/wp-content\/uploads\/2014\/09\/ba6ffd566fc59088516d4b9e241d2e08.jpg\",\"contentUrl\":\"https:\/\/pagina10.com\/web\/wp-content\/uploads\/2014\/09\/ba6ffd566fc59088516d4b9e241d2e08.jpg\",\"width\":1732,\"height\":1155,\"caption\":\"Fotograf\u00eda: P\u00e1gina10\"},{\"@type\":\"BreadcrumbList\",\"@id\":\"https:\/\/pagina10.com\/web\/alvaro-jose-gomezjurado-pasto-tambien-se-esta-preparando-para-el-post-conflicto\/#breadcrumb\",\"itemListElement\":[{\"@type\":\"ListItem\",\"position\":1,\"name\":\"Portada\",\"item\":\"https:\/\/pagina10.com\/web\/\"},{\"@type\":\"ListItem\",\"position\":2,\"name\":\"\u00c1lvaro Jos\u00e9 G\u00f3mezjurado: \u201cPasto tambi\u00e9n se est\u00e1 preparando para el post conflicto\u201d\"}]},{\"@type\":\"WebSite\",\"@id\":\"https:\/\/pagina10.com\/web\/#website\",\"url\":\"https:\/\/pagina10.com\/web\/\",\"name\":\"P\u00e1gina10\",\"description\":\"Peri\u00f3dico Regional\",\"publisher\":{\"@id\":\"https:\/\/pagina10.com\/web\/#organization\"},\"alternateName\":\"P\u00e1gina10 Peri\u00f3dico Regional\",\"potentialAction\":[{\"@type\":\"SearchAction\",\"target\":{\"@type\":\"EntryPoint\",\"urlTemplate\":\"https:\/\/pagina10.com\/web\/?s={search_term_string}\"},\"query-input\":{\"@type\":\"PropertyValueSpecification\",\"valueRequired\":true,\"valueName\":\"search_term_string\"}}],\"inLanguage\":\"es\"},{\"@type\":\"Organization\",\"@id\":\"https:\/\/pagina10.com\/web\/#organization\",\"name\":\"P\u00e1gina10\",\"alternateName\":\"P\u00e1gina10 Peri\u00f3dico Regional\",\"url\":\"https:\/\/pagina10.com\/web\/\",\"logo\":{\"@type\":\"ImageObject\",\"inLanguage\":\"es\",\"@id\":\"https:\/\/pagina10.com\/web\/#\/schema\/logo\/image\/\",\"url\":\"https:\/\/pagina10.com\/web\/wp-content\/uploads\/2024\/01\/40-pagina-10-periodico-regional-pasto.jpg\",\"contentUrl\":\"https:\/\/pagina10.com\/web\/wp-content\/uploads\/2024\/01\/40-pagina-10-periodico-regional-pasto.jpg\",\"width\":1280,\"height\":720,\"caption\":\"P\u00e1gina10\"},\"image\":{\"@id\":\"https:\/\/pagina10.com\/web\/#\/schema\/logo\/image\/\"},\"sameAs\":[\"https:\/\/www.facebook.com\/pag10com\",\"https:\/\/x.com\/Pag10com\",\"https:\/\/www.instagram.com\/pagina10col\/\",\"https:\/\/youtube.com\/channel\/pag10\",\"https:\/\/www.tiktok.com\/@p10col\"]},{\"@type\":\"Person\",\"@id\":\"https:\/\/pagina10.com\/web\/#\/schema\/person\/a7a5d38f0629dfc107f619fbae4f6cc3\",\"name\":\"P\u00e1gina 10\",\"description\":\"P\u00e1gina10.com es un peri\u00f3dico digital que nace en Colombia, en el departamento de Nari\u00f1o, con un enfoque global, fundamentado en cuatro pilares esenciales: la libertad, el pluralismo, la inclusi\u00f3n y la independencia. P\u00e1gina10.com hace referencia a Nari\u00f1o como el d\u00e9cimo departamento creado en Colombia, despu\u00e9s de un proceso pol\u00edtico liderado por actores y actrices regionales con el fin de obtener la independencia y autonom\u00eda de nuestros territorios. Con la creaci\u00f3n de P\u00e1gina10.com se pretende abrir un escenario para el dialogo, la reflexi\u00f3n y el debate que se extienda a otras geograf\u00edas de Am\u00e9rica Latina y del planeta, en una apuesta por transformar colectivamente los desaf\u00edos de un mundo contempor\u00e1neo, m\u00e1s all\u00e1 de las fronteras impuestas.\",\"url\":\"https:\/\/pagina10.com\/web\/author\/mcepeda\/\"}]}<\/script>\n<!-- \/ Yoast SEO plugin. -->","yoast_head_json":{"title":"\u00c1lvaro Jos\u00e9 G\u00f3mezjurado: \u201cPasto tambi\u00e9n se est\u00e1 preparando para el post conflicto\u201d | P\u00e1gina10","robots":{"index":"index","follow":"follow","max-snippet":"max-snippet:-1","max-image-preview":"max-image-preview:large","max-video-preview":"max-video-preview:-1"},"canonical":"https:\/\/pagina10.com\/web\/alvaro-jose-gomezjurado-pasto-tambien-se-esta-preparando-para-el-post-conflicto\/","og_locale":"es_ES","og_type":"article","og_title":"\u00c1lvaro Jos\u00e9 G\u00f3mezjurado: \u201cPasto tambi\u00e9n se est\u00e1 preparando para el post conflicto\u201d | P\u00e1gina10","og_description":"El nuevo Secretario de Gobierno piensa que la capital nari\u00f1ense ser\u00e1 un escenario clave para todo lo que suceda despu\u00e9s de la guerra. El nombramiento de \u00c1lvaro Jos\u00e9 G\u00f3mezjurado como Secretario de Gobierno de la ciudad de Pasto, era algo que todos esperaban como un mero tr\u00e1mite, pues todos daban por hecho que, una vez [&hellip;]","og_url":"https:\/\/pagina10.com\/web\/alvaro-jose-gomezjurado-pasto-tambien-se-esta-preparando-para-el-post-conflicto\/","og_site_name":"P\u00e1gina10","article_publisher":"https:\/\/www.facebook.com\/pag10com","article_published_time":"2014-09-03T14:39:28+00:00","og_image":[{"width":1732,"height":1155,"url":"https:\/\/pagina10.com\/web\/wp-content\/uploads\/2014\/09\/ba6ffd566fc59088516d4b9e241d2e08.jpg","type":"image\/jpeg"}],"author":"P\u00e1gina 10","twitter_card":"summary_large_image","twitter_creator":"@Pag10com","twitter_site":"@Pag10com","twitter_misc":{"Escrito por":"P\u00e1gina 10","Tiempo de lectura":"7 minutos"},"schema":{"@context":"https:\/\/schema.org","@graph":[{"@type":"Article","@id":"https:\/\/pagina10.com\/web\/alvaro-jose-gomezjurado-pasto-tambien-se-esta-preparando-para-el-post-conflicto\/#article","isPartOf":{"@id":"https:\/\/pagina10.com\/web\/alvaro-jose-gomezjurado-pasto-tambien-se-esta-preparando-para-el-post-conflicto\/"},"author":{"name":"P\u00e1gina 10","@id":"https:\/\/pagina10.com\/web\/#\/schema\/person\/a7a5d38f0629dfc107f619fbae4f6cc3"},"headline":"\u00c1lvaro Jos\u00e9 G\u00f3mezjurado: \u201cPasto tambi\u00e9n se est\u00e1 preparando para el post conflicto\u201d","datePublished":"2014-09-03T14:39:28+00:00","mainEntityOfPage":{"@id":"https:\/\/pagina10.com\/web\/alvaro-jose-gomezjurado-pasto-tambien-se-esta-preparando-para-el-post-conflicto\/"},"wordCount":1354,"commentCount":0,"publisher":{"@id":"https:\/\/pagina10.com\/web\/#organization"},"image":{"@id":"https:\/\/pagina10.com\/web\/alvaro-jose-gomezjurado-pasto-tambien-se-esta-preparando-para-el-post-conflicto\/#primaryimage"},"thumbnailUrl":"https:\/\/pagina10.com\/web\/wp-content\/uploads\/2014\/09\/ba6ffd566fc59088516d4b9e241d2e08.jpg","keywords":["\u00c1lvaro Jos\u00e9 G\u00f3mez Jurado","ciudad","Municipio de Pasto","PostconflictoColombia"],"articleSection":["Ciudad"],"inLanguage":"es","potentialAction":[{"@type":"CommentAction","name":"Comment","target":["https:\/\/pagina10.com\/web\/alvaro-jose-gomezjurado-pasto-tambien-se-esta-preparando-para-el-post-conflicto\/#respond"]}]},{"@type":"WebPage","@id":"https:\/\/pagina10.com\/web\/alvaro-jose-gomezjurado-pasto-tambien-se-esta-preparando-para-el-post-conflicto\/","url":"https:\/\/pagina10.com\/web\/alvaro-jose-gomezjurado-pasto-tambien-se-esta-preparando-para-el-post-conflicto\/","name":"\u00c1lvaro Jos\u00e9 G\u00f3mezjurado: \u201cPasto tambi\u00e9n se est\u00e1 preparando para el post conflicto\u201d | P\u00e1gina10","isPartOf":{"@id":"https:\/\/pagina10.com\/web\/#website"},"primaryImageOfPage":{"@id":"https:\/\/pagina10.com\/web\/alvaro-jose-gomezjurado-pasto-tambien-se-esta-preparando-para-el-post-conflicto\/#primaryimage"},"image":{"@id":"https:\/\/pagina10.com\/web\/alvaro-jose-gomezjurado-pasto-tambien-se-esta-preparando-para-el-post-conflicto\/#primaryimage"},"thumbnailUrl":"https:\/\/pagina10.com\/web\/wp-content\/uploads\/2014\/09\/ba6ffd566fc59088516d4b9e241d2e08.jpg","datePublished":"2014-09-03T14:39:28+00:00","breadcrumb":{"@id":"https:\/\/pagina10.com\/web\/alvaro-jose-gomezjurado-pasto-tambien-se-esta-preparando-para-el-post-conflicto\/#breadcrumb"},"inLanguage":"es","potentialAction":[{"@type":"ReadAction","target":["https:\/\/pagina10.com\/web\/alvaro-jose-gomezjurado-pasto-tambien-se-esta-preparando-para-el-post-conflicto\/"]}]},{"@type":"ImageObject","inLanguage":"es","@id":"https:\/\/pagina10.com\/web\/alvaro-jose-gomezjurado-pasto-tambien-se-esta-preparando-para-el-post-conflicto\/#primaryimage","url":"https:\/\/pagina10.com\/web\/wp-content\/uploads\/2014\/09\/ba6ffd566fc59088516d4b9e241d2e08.jpg","contentUrl":"https:\/\/pagina10.com\/web\/wp-content\/uploads\/2014\/09\/ba6ffd566fc59088516d4b9e241d2e08.jpg","width":1732,"height":1155,"caption":"Fotograf\u00eda: P\u00e1gina10"},{"@type":"BreadcrumbList","@id":"https:\/\/pagina10.com\/web\/alvaro-jose-gomezjurado-pasto-tambien-se-esta-preparando-para-el-post-conflicto\/#breadcrumb","itemListElement":[{"@type":"ListItem","position":1,"name":"Portada","item":"https:\/\/pagina10.com\/web\/"},{"@type":"ListItem","position":2,"name":"\u00c1lvaro Jos\u00e9 G\u00f3mezjurado: \u201cPasto tambi\u00e9n se est\u00e1 preparando para el post conflicto\u201d"}]},{"@type":"WebSite","@id":"https:\/\/pagina10.com\/web\/#website","url":"https:\/\/pagina10.com\/web\/","name":"P\u00e1gina10","description":"Peri\u00f3dico Regional","publisher":{"@id":"https:\/\/pagina10.com\/web\/#organization"},"alternateName":"P\u00e1gina10 Peri\u00f3dico Regional","potentialAction":[{"@type":"SearchAction","target":{"@type":"EntryPoint","urlTemplate":"https:\/\/pagina10.com\/web\/?s={search_term_string}"},"query-input":{"@type":"PropertyValueSpecification","valueRequired":true,"valueName":"search_term_string"}}],"inLanguage":"es"},{"@type":"Organization","@id":"https:\/\/pagina10.com\/web\/#organization","name":"P\u00e1gina10","alternateName":"P\u00e1gina10 Peri\u00f3dico Regional","url":"https:\/\/pagina10.com\/web\/","logo":{"@type":"ImageObject","inLanguage":"es","@id":"https:\/\/pagina10.com\/web\/#\/schema\/logo\/image\/","url":"https:\/\/pagina10.com\/web\/wp-content\/uploads\/2024\/01\/40-pagina-10-periodico-regional-pasto.jpg","contentUrl":"https:\/\/pagina10.com\/web\/wp-content\/uploads\/2024\/01\/40-pagina-10-periodico-regional-pasto.jpg","width":1280,"height":720,"caption":"P\u00e1gina10"},"image":{"@id":"https:\/\/pagina10.com\/web\/#\/schema\/logo\/image\/"},"sameAs":["https:\/\/www.facebook.com\/pag10com","https:\/\/x.com\/Pag10com","https:\/\/www.instagram.com\/pagina10col\/","https:\/\/youtube.com\/channel\/pag10","https:\/\/www.tiktok.com\/@p10col"]},{"@type":"Person","@id":"https:\/\/pagina10.com\/web\/#\/schema\/person\/a7a5d38f0629dfc107f619fbae4f6cc3","name":"P\u00e1gina 10","description":"P\u00e1gina10.com es un peri\u00f3dico digital que nace en Colombia, en el departamento de Nari\u00f1o, con un enfoque global, fundamentado en cuatro pilares esenciales: la libertad, el pluralismo, la inclusi\u00f3n y la independencia. P\u00e1gina10.com hace referencia a Nari\u00f1o como el d\u00e9cimo departamento creado en Colombia, despu\u00e9s de un proceso pol\u00edtico liderado por actores y actrices regionales con el fin de obtener la independencia y autonom\u00eda de nuestros territorios. Con la creaci\u00f3n de P\u00e1gina10.com se pretende abrir un escenario para el dialogo, la reflexi\u00f3n y el debate que se extienda a otras geograf\u00edas de Am\u00e9rica Latina y del planeta, en una apuesta por transformar colectivamente los desaf\u00edos de un mundo contempor\u00e1neo, m\u00e1s all\u00e1 de las fronteras impuestas.","url":"https:\/\/pagina10.com\/web\/author\/mcepeda\/"}]}},"_links":{"self":[{"href":"https:\/\/pagina10.com\/web\/wp-json\/wp\/v2\/posts\/10034","targetHints":{"allow":["GET"]}}],"collection":[{"href":"https:\/\/pagina10.com\/web\/wp-json\/wp\/v2\/posts"}],"about":[{"href":"https:\/\/pagina10.com\/web\/wp-json\/wp\/v2\/types\/post"}],"author":[{"embeddable":true,"href":"https:\/\/pagina10.com\/web\/wp-json\/wp\/v2\/users\/29"}],"replies":[{"embeddable":true,"href":"https:\/\/pagina10.com\/web\/wp-json\/wp\/v2\/comments?post=10034"}],"version-history":[{"count":0,"href":"https:\/\/pagina10.com\/web\/wp-json\/wp\/v2\/posts\/10034\/revisions"}],"wp:featuredmedia":[{"embeddable":true,"href":"https:\/\/pagina10.com\/web\/wp-json\/wp\/v2\/media\/10031"}],"wp:attachment":[{"href":"https:\/\/pagina10.com\/web\/wp-json\/wp\/v2\/media?parent=10034"}],"wp:term":[{"taxonomy":"category","embeddable":true,"href":"https:\/\/pagina10.com\/web\/wp-json\/wp\/v2\/categories?post=10034"},{"taxonomy":"post_tag","embeddable":true,"href":"https:\/\/pagina10.com\/web\/wp-json\/wp\/v2\/tags?post=10034"}],"curies":[{"name":"wp","href":"https:\/\/api.w.org\/{rel}","templated":true}]}}