{"id":10083,"date":"2014-09-05T16:09:17","date_gmt":"2014-09-05T16:09:17","guid":{"rendered":"https:\/\/pagina10.com\/web\/reubicaran-temporalmente-a-vendedores-del-parque-infantil\/"},"modified":"2014-09-05T16:09:17","modified_gmt":"2014-09-05T16:09:17","slug":"reubicaran-temporalmente-a-vendedores-del-parque-infantil","status":"publish","type":"post","link":"https:\/\/pagina10.com\/web\/reubicaran-temporalmente-a-vendedores-del-parque-infantil\/","title":{"rendered":"Reubicar\u00e1n temporalmente a vendedores del Parque Infantil"},"content":{"rendered":"<p><img fetchpriority=\"high\" decoding=\"async\" class=\" size-full wp-image-10082\" src=\"https:\/\/pagina10.com\/web\/wp-content\/uploads\/2014\/09\/9855e78515e05ac0d94ef1f6c9316de1.jpg\" alt=\"Fotograf\u00eda: Avante \" width=\"960\" height=\"720\" srcset=\"https:\/\/pagina10.com\/web\/wp-content\/uploads\/2014\/09\/9855e78515e05ac0d94ef1f6c9316de1.jpg 960w, https:\/\/pagina10.com\/web\/wp-content\/uploads\/2014\/09\/9855e78515e05ac0d94ef1f6c9316de1-300x225.jpg 300w, https:\/\/pagina10.com\/web\/wp-content\/uploads\/2014\/09\/9855e78515e05ac0d94ef1f6c9316de1-768x576.jpg 768w, https:\/\/pagina10.com\/web\/wp-content\/uploads\/2014\/09\/9855e78515e05ac0d94ef1f6c9316de1-86x64.jpg 86w\" sizes=\"(max-width: 960px) 100vw, 960px\" \/><\/p>\n<p style=\"text-align: justify;\">Con el fin de adelantar las obras de rehabilitaci\u00f3n de la calle 18 entre las carreras 30 y 32, sector del Parque Infantil, Avante SETP y la Administraci\u00f3n Municipal llegaron a un acuerdo con los vendedores de comidas r\u00e1pidas que se ubican en esta v\u00eda con el fin de ser reubicados temporalmente sobre la carrera 30 mientras culmina la pavimentaci\u00f3n de este tramo.<\/p>\n<p style=\"text-align: justify;\">El Director de infraestructura de Avante, Willan Rodr\u00edguez Granja, manifest\u00f3 que los trabajos en este sector iniciar\u00e1n el pr\u00f3ximo lunes 8 de septiembre y se extender\u00e1n por un tiempo aproximado de un mes. As\u00ed culminar\u00eda la intervenci\u00f3n de la calle 18 incluida en la Rehabilitaci\u00f3n de 12 V\u00edas Urbanas que avanza en su \u00faltima fase. &#8220;Finalizada la intervenci\u00f3n de esta v\u00eda s\u00f3lo resta la rehabilitaci\u00f3n de la calle 15 desde San Andresito hasta la Panamericana y de las carreras 42A y 43 en el barrio la Colina&#8221;, precis\u00f3 el funcionario.<\/p>\n<p style=\"text-align: justify;\">Por su parte Pastora Miranda, Presidenta del Sindicato de Vendedores Estacionarios Nueva Colombia, resalt\u00f3 la voluntad de di\u00e1logo de la entidad. &#8220;Tuvimos una reuni\u00f3n el d\u00eda viernes en la que se lleg\u00f3 a un concertaci\u00f3n en el que aceptaron nuestra propuesta de ubicarnos provisionalmente sobre la carrera 30 donde los compa\u00f1eros van a situarse hasta que termine la obra, luego volver\u00e1n a los lugares que ven\u00edan ocupando&#8221; dijo la dirigente quien reconoci\u00f3 la transformaci\u00f3n que la Alcald\u00eda le est\u00e1 dando a la ciudad.<\/p>\n<p style=\"text-align: justify;\">Para hacer la reubicaci\u00f3n de los 15 comerciantes que ser\u00e1n trasladados se realiz\u00f3 un sorteo con balotas supervisado por la Direcci\u00f3n de Espacio P\u00fablico de la Alcald\u00eda de Pasto que estuvo acompa\u00f1ando todo el proceso. En el acta suscrita los vendedores se comprometieron a mantener el orden y la limpieza del espacio que utilizar\u00e1n temporalmente.<\/p>\n","protected":false},"excerpt":{"rendered":"<p>Con el fin de adelantar las obras de rehabilitaci\u00f3n de la calle 18 entre las carreras 30 y 32, sector del Parque Infantil, Avante SETP y la Administraci\u00f3n Municipal llegaron a un acuerdo con los vendedores de comidas r\u00e1pidas que se ubican en esta v\u00eda con el fin de ser reubicados temporalmente sobre la carrera [&hellip;]<\/p>\n","protected":false},"author":29,"featured_media":10081,"comment_status":"open","ping_status":"open","sticky":false,"template":"","format":"standard","meta":{"footnotes":""},"categories":[82],"tags":[],"class_list":["post-10083","post","type-post","status-publish","format-standard","has-post-thumbnail","hentry","category-ciudad-2"],"yoast_head":"<!-- This site is optimized with the Yoast SEO plugin v27.1.1 - https:\/\/yoast.com\/product\/yoast-seo-wordpress\/ -->\n<title>Reubicar\u00e1n temporalmente a vendedores del Parque Infantil | P\u00e1gina10<\/title>\n<meta name=\"robots\" content=\"index, follow, max-snippet:-1, max-image-preview:large, max-video-preview:-1\" \/>\n<link rel=\"canonical\" href=\"https:\/\/pagina10.com\/web\/reubicaran-temporalmente-a-vendedores-del-parque-infantil\/\" \/>\n<meta property=\"og:locale\" content=\"es_ES\" \/>\n<meta property=\"og:type\" content=\"article\" \/>\n<meta property=\"og:title\" content=\"Reubicar\u00e1n temporalmente a vendedores del Parque Infantil | P\u00e1gina10\" \/>\n<meta property=\"og:description\" content=\"Con el fin de adelantar las obras de rehabilitaci\u00f3n de la calle 18 entre las carreras 30 y 32, sector del Parque Infantil, Avante SETP y la Administraci\u00f3n Municipal llegaron a un acuerdo con los vendedores de comidas r\u00e1pidas que se ubican en esta v\u00eda con el fin de ser reubicados temporalmente sobre la carrera [&hellip;]\" \/>\n<meta property=\"og:url\" content=\"https:\/\/pagina10.com\/web\/reubicaran-temporalmente-a-vendedores-del-parque-infantil\/\" \/>\n<meta property=\"og:site_name\" content=\"P\u00e1gina10\" \/>\n<meta property=\"article:publisher\" content=\"https:\/\/www.facebook.com\/pag10com\" \/>\n<meta property=\"article:published_time\" content=\"2014-09-05T16:09:17+00:00\" \/>\n<meta property=\"og:image\" content=\"https:\/\/pagina10.com\/web\/wp-content\/uploads\/2014\/09\/9855e78515e05ac0d94ef1f6c9316de1.jpg\" \/>\n\t<meta property=\"og:image:width\" content=\"960\" \/>\n\t<meta property=\"og:image:height\" content=\"720\" \/>\n\t<meta property=\"og:image:type\" content=\"image\/jpeg\" \/>\n<meta name=\"author\" content=\"P\u00e1gina 10\" \/>\n<meta name=\"twitter:card\" content=\"summary_large_image\" \/>\n<meta name=\"twitter:creator\" content=\"@Pag10com\" \/>\n<meta name=\"twitter:site\" content=\"@Pag10com\" \/>\n<meta name=\"twitter:label1\" content=\"Escrito por\" \/>\n\t<meta name=\"twitter:data1\" content=\"P\u00e1gina 10\" \/>\n\t<meta name=\"twitter:label2\" content=\"Tiempo de lectura\" \/>\n\t<meta name=\"twitter:data2\" content=\"2 minutos\" \/>\n<script type=\"application\/ld+json\" class=\"yoast-schema-graph\">{\"@context\":\"https:\/\/schema.org\",\"@graph\":[{\"@type\":\"Article\",\"@id\":\"https:\/\/pagina10.com\/web\/reubicaran-temporalmente-a-vendedores-del-parque-infantil\/#article\",\"isPartOf\":{\"@id\":\"https:\/\/pagina10.com\/web\/reubicaran-temporalmente-a-vendedores-del-parque-infantil\/\"},\"author\":{\"name\":\"P\u00e1gina 10\",\"@id\":\"https:\/\/pagina10.com\/web\/#\/schema\/person\/a7a5d38f0629dfc107f619fbae4f6cc3\"},\"headline\":\"Reubicar\u00e1n temporalmente a vendedores del Parque Infantil\",\"datePublished\":\"2014-09-05T16:09:17+00:00\",\"mainEntityOfPage\":{\"@id\":\"https:\/\/pagina10.com\/web\/reubicaran-temporalmente-a-vendedores-del-parque-infantil\/\"},\"wordCount\":321,\"commentCount\":0,\"publisher\":{\"@id\":\"https:\/\/pagina10.com\/web\/#organization\"},\"image\":{\"@id\":\"https:\/\/pagina10.com\/web\/reubicaran-temporalmente-a-vendedores-del-parque-infantil\/#primaryimage\"},\"thumbnailUrl\":\"https:\/\/pagina10.com\/web\/wp-content\/uploads\/2014\/09\/9855e78515e05ac0d94ef1f6c9316de1.jpg\",\"articleSection\":[\"Ciudad\"],\"inLanguage\":\"es\",\"potentialAction\":[{\"@type\":\"CommentAction\",\"name\":\"Comment\",\"target\":[\"https:\/\/pagina10.com\/web\/reubicaran-temporalmente-a-vendedores-del-parque-infantil\/#respond\"]}]},{\"@type\":\"WebPage\",\"@id\":\"https:\/\/pagina10.com\/web\/reubicaran-temporalmente-a-vendedores-del-parque-infantil\/\",\"url\":\"https:\/\/pagina10.com\/web\/reubicaran-temporalmente-a-vendedores-del-parque-infantil\/\",\"name\":\"Reubicar\u00e1n temporalmente a vendedores del Parque Infantil | P\u00e1gina10\",\"isPartOf\":{\"@id\":\"https:\/\/pagina10.com\/web\/#website\"},\"primaryImageOfPage\":{\"@id\":\"https:\/\/pagina10.com\/web\/reubicaran-temporalmente-a-vendedores-del-parque-infantil\/#primaryimage\"},\"image\":{\"@id\":\"https:\/\/pagina10.com\/web\/reubicaran-temporalmente-a-vendedores-del-parque-infantil\/#primaryimage\"},\"thumbnailUrl\":\"https:\/\/pagina10.com\/web\/wp-content\/uploads\/2014\/09\/9855e78515e05ac0d94ef1f6c9316de1.jpg\",\"datePublished\":\"2014-09-05T16:09:17+00:00\",\"breadcrumb\":{\"@id\":\"https:\/\/pagina10.com\/web\/reubicaran-temporalmente-a-vendedores-del-parque-infantil\/#breadcrumb\"},\"inLanguage\":\"es\",\"potentialAction\":[{\"@type\":\"ReadAction\",\"target\":[\"https:\/\/pagina10.com\/web\/reubicaran-temporalmente-a-vendedores-del-parque-infantil\/\"]}]},{\"@type\":\"ImageObject\",\"inLanguage\":\"es\",\"@id\":\"https:\/\/pagina10.com\/web\/reubicaran-temporalmente-a-vendedores-del-parque-infantil\/#primaryimage\",\"url\":\"https:\/\/pagina10.com\/web\/wp-content\/uploads\/2014\/09\/9855e78515e05ac0d94ef1f6c9316de1.jpg\",\"contentUrl\":\"https:\/\/pagina10.com\/web\/wp-content\/uploads\/2014\/09\/9855e78515e05ac0d94ef1f6c9316de1.jpg\",\"width\":960,\"height\":720,\"caption\":\"Fotograf\u00eda: Avante\"},{\"@type\":\"BreadcrumbList\",\"@id\":\"https:\/\/pagina10.com\/web\/reubicaran-temporalmente-a-vendedores-del-parque-infantil\/#breadcrumb\",\"itemListElement\":[{\"@type\":\"ListItem\",\"position\":1,\"name\":\"Portada\",\"item\":\"https:\/\/pagina10.com\/web\/\"},{\"@type\":\"ListItem\",\"position\":2,\"name\":\"Reubicar\u00e1n temporalmente a vendedores del Parque Infantil\"}]},{\"@type\":\"WebSite\",\"@id\":\"https:\/\/pagina10.com\/web\/#website\",\"url\":\"https:\/\/pagina10.com\/web\/\",\"name\":\"P\u00e1gina10\",\"description\":\"Peri\u00f3dico Regional\",\"publisher\":{\"@id\":\"https:\/\/pagina10.com\/web\/#organization\"},\"alternateName\":\"P\u00e1gina10 Peri\u00f3dico Regional\",\"potentialAction\":[{\"@type\":\"SearchAction\",\"target\":{\"@type\":\"EntryPoint\",\"urlTemplate\":\"https:\/\/pagina10.com\/web\/?s={search_term_string}\"},\"query-input\":{\"@type\":\"PropertyValueSpecification\",\"valueRequired\":true,\"valueName\":\"search_term_string\"}}],\"inLanguage\":\"es\"},{\"@type\":\"Organization\",\"@id\":\"https:\/\/pagina10.com\/web\/#organization\",\"name\":\"P\u00e1gina10\",\"alternateName\":\"P\u00e1gina10 Peri\u00f3dico Regional\",\"url\":\"https:\/\/pagina10.com\/web\/\",\"logo\":{\"@type\":\"ImageObject\",\"inLanguage\":\"es\",\"@id\":\"https:\/\/pagina10.com\/web\/#\/schema\/logo\/image\/\",\"url\":\"https:\/\/pagina10.com\/web\/wp-content\/uploads\/2024\/01\/40-pagina-10-periodico-regional-pasto.jpg\",\"contentUrl\":\"https:\/\/pagina10.com\/web\/wp-content\/uploads\/2024\/01\/40-pagina-10-periodico-regional-pasto.jpg\",\"width\":1280,\"height\":720,\"caption\":\"P\u00e1gina10\"},\"image\":{\"@id\":\"https:\/\/pagina10.com\/web\/#\/schema\/logo\/image\/\"},\"sameAs\":[\"https:\/\/www.facebook.com\/pag10com\",\"https:\/\/x.com\/Pag10com\",\"https:\/\/www.instagram.com\/pagina10col\/\",\"https:\/\/youtube.com\/channel\/pag10\",\"https:\/\/www.tiktok.com\/@p10col\"]},{\"@type\":\"Person\",\"@id\":\"https:\/\/pagina10.com\/web\/#\/schema\/person\/a7a5d38f0629dfc107f619fbae4f6cc3\",\"name\":\"P\u00e1gina 10\",\"description\":\"P\u00e1gina10.com es un peri\u00f3dico digital que nace en Colombia, en el departamento de Nari\u00f1o, con un enfoque global, fundamentado en cuatro pilares esenciales: la libertad, el pluralismo, la inclusi\u00f3n y la independencia. P\u00e1gina10.com hace referencia a Nari\u00f1o como el d\u00e9cimo departamento creado en Colombia, despu\u00e9s de un proceso pol\u00edtico liderado por actores y actrices regionales con el fin de obtener la independencia y autonom\u00eda de nuestros territorios. Con la creaci\u00f3n de P\u00e1gina10.com se pretende abrir un escenario para el dialogo, la reflexi\u00f3n y el debate que se extienda a otras geograf\u00edas de Am\u00e9rica Latina y del planeta, en una apuesta por transformar colectivamente los desaf\u00edos de un mundo contempor\u00e1neo, m\u00e1s all\u00e1 de las fronteras impuestas.\",\"url\":\"https:\/\/pagina10.com\/web\/author\/mcepeda\/\"}]}<\/script>\n<!-- \/ Yoast SEO plugin. -->","yoast_head_json":{"title":"Reubicar\u00e1n temporalmente a vendedores del Parque Infantil | P\u00e1gina10","robots":{"index":"index","follow":"follow","max-snippet":"max-snippet:-1","max-image-preview":"max-image-preview:large","max-video-preview":"max-video-preview:-1"},"canonical":"https:\/\/pagina10.com\/web\/reubicaran-temporalmente-a-vendedores-del-parque-infantil\/","og_locale":"es_ES","og_type":"article","og_title":"Reubicar\u00e1n temporalmente a vendedores del Parque Infantil | P\u00e1gina10","og_description":"Con el fin de adelantar las obras de rehabilitaci\u00f3n de la calle 18 entre las carreras 30 y 32, sector del Parque Infantil, Avante SETP y la Administraci\u00f3n Municipal llegaron a un acuerdo con los vendedores de comidas r\u00e1pidas que se ubican en esta v\u00eda con el fin de ser reubicados temporalmente sobre la carrera [&hellip;]","og_url":"https:\/\/pagina10.com\/web\/reubicaran-temporalmente-a-vendedores-del-parque-infantil\/","og_site_name":"P\u00e1gina10","article_publisher":"https:\/\/www.facebook.com\/pag10com","article_published_time":"2014-09-05T16:09:17+00:00","og_image":[{"width":960,"height":720,"url":"https:\/\/pagina10.com\/web\/wp-content\/uploads\/2014\/09\/9855e78515e05ac0d94ef1f6c9316de1.jpg","type":"image\/jpeg"}],"author":"P\u00e1gina 10","twitter_card":"summary_large_image","twitter_creator":"@Pag10com","twitter_site":"@Pag10com","twitter_misc":{"Escrito por":"P\u00e1gina 10","Tiempo de lectura":"2 minutos"},"schema":{"@context":"https:\/\/schema.org","@graph":[{"@type":"Article","@id":"https:\/\/pagina10.com\/web\/reubicaran-temporalmente-a-vendedores-del-parque-infantil\/#article","isPartOf":{"@id":"https:\/\/pagina10.com\/web\/reubicaran-temporalmente-a-vendedores-del-parque-infantil\/"},"author":{"name":"P\u00e1gina 10","@id":"https:\/\/pagina10.com\/web\/#\/schema\/person\/a7a5d38f0629dfc107f619fbae4f6cc3"},"headline":"Reubicar\u00e1n temporalmente a vendedores del Parque Infantil","datePublished":"2014-09-05T16:09:17+00:00","mainEntityOfPage":{"@id":"https:\/\/pagina10.com\/web\/reubicaran-temporalmente-a-vendedores-del-parque-infantil\/"},"wordCount":321,"commentCount":0,"publisher":{"@id":"https:\/\/pagina10.com\/web\/#organization"},"image":{"@id":"https:\/\/pagina10.com\/web\/reubicaran-temporalmente-a-vendedores-del-parque-infantil\/#primaryimage"},"thumbnailUrl":"https:\/\/pagina10.com\/web\/wp-content\/uploads\/2014\/09\/9855e78515e05ac0d94ef1f6c9316de1.jpg","articleSection":["Ciudad"],"inLanguage":"es","potentialAction":[{"@type":"CommentAction","name":"Comment","target":["https:\/\/pagina10.com\/web\/reubicaran-temporalmente-a-vendedores-del-parque-infantil\/#respond"]}]},{"@type":"WebPage","@id":"https:\/\/pagina10.com\/web\/reubicaran-temporalmente-a-vendedores-del-parque-infantil\/","url":"https:\/\/pagina10.com\/web\/reubicaran-temporalmente-a-vendedores-del-parque-infantil\/","name":"Reubicar\u00e1n temporalmente a vendedores del Parque Infantil | P\u00e1gina10","isPartOf":{"@id":"https:\/\/pagina10.com\/web\/#website"},"primaryImageOfPage":{"@id":"https:\/\/pagina10.com\/web\/reubicaran-temporalmente-a-vendedores-del-parque-infantil\/#primaryimage"},"image":{"@id":"https:\/\/pagina10.com\/web\/reubicaran-temporalmente-a-vendedores-del-parque-infantil\/#primaryimage"},"thumbnailUrl":"https:\/\/pagina10.com\/web\/wp-content\/uploads\/2014\/09\/9855e78515e05ac0d94ef1f6c9316de1.jpg","datePublished":"2014-09-05T16:09:17+00:00","breadcrumb":{"@id":"https:\/\/pagina10.com\/web\/reubicaran-temporalmente-a-vendedores-del-parque-infantil\/#breadcrumb"},"inLanguage":"es","potentialAction":[{"@type":"ReadAction","target":["https:\/\/pagina10.com\/web\/reubicaran-temporalmente-a-vendedores-del-parque-infantil\/"]}]},{"@type":"ImageObject","inLanguage":"es","@id":"https:\/\/pagina10.com\/web\/reubicaran-temporalmente-a-vendedores-del-parque-infantil\/#primaryimage","url":"https:\/\/pagina10.com\/web\/wp-content\/uploads\/2014\/09\/9855e78515e05ac0d94ef1f6c9316de1.jpg","contentUrl":"https:\/\/pagina10.com\/web\/wp-content\/uploads\/2014\/09\/9855e78515e05ac0d94ef1f6c9316de1.jpg","width":960,"height":720,"caption":"Fotograf\u00eda: Avante"},{"@type":"BreadcrumbList","@id":"https:\/\/pagina10.com\/web\/reubicaran-temporalmente-a-vendedores-del-parque-infantil\/#breadcrumb","itemListElement":[{"@type":"ListItem","position":1,"name":"Portada","item":"https:\/\/pagina10.com\/web\/"},{"@type":"ListItem","position":2,"name":"Reubicar\u00e1n temporalmente a vendedores del Parque Infantil"}]},{"@type":"WebSite","@id":"https:\/\/pagina10.com\/web\/#website","url":"https:\/\/pagina10.com\/web\/","name":"P\u00e1gina10","description":"Peri\u00f3dico Regional","publisher":{"@id":"https:\/\/pagina10.com\/web\/#organization"},"alternateName":"P\u00e1gina10 Peri\u00f3dico Regional","potentialAction":[{"@type":"SearchAction","target":{"@type":"EntryPoint","urlTemplate":"https:\/\/pagina10.com\/web\/?s={search_term_string}"},"query-input":{"@type":"PropertyValueSpecification","valueRequired":true,"valueName":"search_term_string"}}],"inLanguage":"es"},{"@type":"Organization","@id":"https:\/\/pagina10.com\/web\/#organization","name":"P\u00e1gina10","alternateName":"P\u00e1gina10 Peri\u00f3dico Regional","url":"https:\/\/pagina10.com\/web\/","logo":{"@type":"ImageObject","inLanguage":"es","@id":"https:\/\/pagina10.com\/web\/#\/schema\/logo\/image\/","url":"https:\/\/pagina10.com\/web\/wp-content\/uploads\/2024\/01\/40-pagina-10-periodico-regional-pasto.jpg","contentUrl":"https:\/\/pagina10.com\/web\/wp-content\/uploads\/2024\/01\/40-pagina-10-periodico-regional-pasto.jpg","width":1280,"height":720,"caption":"P\u00e1gina10"},"image":{"@id":"https:\/\/pagina10.com\/web\/#\/schema\/logo\/image\/"},"sameAs":["https:\/\/www.facebook.com\/pag10com","https:\/\/x.com\/Pag10com","https:\/\/www.instagram.com\/pagina10col\/","https:\/\/youtube.com\/channel\/pag10","https:\/\/www.tiktok.com\/@p10col"]},{"@type":"Person","@id":"https:\/\/pagina10.com\/web\/#\/schema\/person\/a7a5d38f0629dfc107f619fbae4f6cc3","name":"P\u00e1gina 10","description":"P\u00e1gina10.com es un peri\u00f3dico digital que nace en Colombia, en el departamento de Nari\u00f1o, con un enfoque global, fundamentado en cuatro pilares esenciales: la libertad, el pluralismo, la inclusi\u00f3n y la independencia. P\u00e1gina10.com hace referencia a Nari\u00f1o como el d\u00e9cimo departamento creado en Colombia, despu\u00e9s de un proceso pol\u00edtico liderado por actores y actrices regionales con el fin de obtener la independencia y autonom\u00eda de nuestros territorios. Con la creaci\u00f3n de P\u00e1gina10.com se pretende abrir un escenario para el dialogo, la reflexi\u00f3n y el debate que se extienda a otras geograf\u00edas de Am\u00e9rica Latina y del planeta, en una apuesta por transformar colectivamente los desaf\u00edos de un mundo contempor\u00e1neo, m\u00e1s all\u00e1 de las fronteras impuestas.","url":"https:\/\/pagina10.com\/web\/author\/mcepeda\/"}]}},"_links":{"self":[{"href":"https:\/\/pagina10.com\/web\/wp-json\/wp\/v2\/posts\/10083","targetHints":{"allow":["GET"]}}],"collection":[{"href":"https:\/\/pagina10.com\/web\/wp-json\/wp\/v2\/posts"}],"about":[{"href":"https:\/\/pagina10.com\/web\/wp-json\/wp\/v2\/types\/post"}],"author":[{"embeddable":true,"href":"https:\/\/pagina10.com\/web\/wp-json\/wp\/v2\/users\/29"}],"replies":[{"embeddable":true,"href":"https:\/\/pagina10.com\/web\/wp-json\/wp\/v2\/comments?post=10083"}],"version-history":[{"count":0,"href":"https:\/\/pagina10.com\/web\/wp-json\/wp\/v2\/posts\/10083\/revisions"}],"wp:featuredmedia":[{"embeddable":true,"href":"https:\/\/pagina10.com\/web\/wp-json\/wp\/v2\/media\/10081"}],"wp:attachment":[{"href":"https:\/\/pagina10.com\/web\/wp-json\/wp\/v2\/media?parent=10083"}],"wp:term":[{"taxonomy":"category","embeddable":true,"href":"https:\/\/pagina10.com\/web\/wp-json\/wp\/v2\/categories?post=10083"},{"taxonomy":"post_tag","embeddable":true,"href":"https:\/\/pagina10.com\/web\/wp-json\/wp\/v2\/tags?post=10083"}],"curies":[{"name":"wp","href":"https:\/\/api.w.org\/{rel}","templated":true}]}}