{"id":10120,"date":"2014-09-07T02:54:16","date_gmt":"2014-09-07T02:54:16","guid":{"rendered":"https:\/\/pagina10.com\/web\/finaliza-construccion-de-la-biblioteca-publica-en-comuna-10\/"},"modified":"2014-09-07T02:54:16","modified_gmt":"2014-09-07T02:54:16","slug":"finaliza-construccion-de-la-biblioteca-publica-en-comuna-10","status":"publish","type":"post","link":"https:\/\/pagina10.com\/web\/finaliza-construccion-de-la-biblioteca-publica-en-comuna-10\/","title":{"rendered":"Finaliza construcci\u00f3n de la biblioteca p\u00fablica en comuna 10"},"content":{"rendered":"<p><img fetchpriority=\"high\" decoding=\"async\" class=\" size-full wp-image-10119\" src=\"https:\/\/pagina10.com\/web\/wp-content\/uploads\/2014\/09\/e1f1c305f8a371c6d77e5d0a4751349c.jpg\" alt=\"Fotograf\u00eda: Alcald\u00eda de Pasto\" width=\"659\" height=\"394\" srcset=\"https:\/\/pagina10.com\/web\/wp-content\/uploads\/2014\/09\/e1f1c305f8a371c6d77e5d0a4751349c.jpg 659w, https:\/\/pagina10.com\/web\/wp-content\/uploads\/2014\/09\/e1f1c305f8a371c6d77e5d0a4751349c-300x179.jpg 300w\" sizes=\"(max-width: 659px) 100vw, 659px\" \/><\/p>\n<p style=\"text-align: justify;\">La nueva infraestructura f\u00edsica de la biblioteca P\u00fablica del sector de Aranda fue entregada por el ejecutor del proyecto Luis Espinoza, de manera satisfactoria, luego de tres meses de construcci\u00f3n mediante acta al Secretario de Cultura (e) Gabriel Nieva y Secretario General de la Alcald\u00eda Ernesto Andrade, quienes inspeccionaron los pormenores de la obra.<\/p>\n<p style=\"text-align: justify;\">&nbsp;<\/p>\n<p style=\"text-align: justify;\">El Secretario General de la Alcald\u00eda Ernesto Andrade, manifest\u00f3 que la obra gestionada por el Alcalde Harold Guerrero L\u00f3pez representa un aporte al desarrollo educativo y cultural de la comuna 10. &#8220;Despu\u00e9s de esta entrega se realizar\u00e1n obras de mitigaci\u00f3n y acabados exteriores para darle mayor seguridad y est\u00e9tica al lugar&#8221;.<\/p>\n<p style=\"text-align: justify;\">&nbsp;<\/p>\n<p style=\"text-align: justify;\">Por su parte, el Secretario de Cultura (e) record\u00f3 que el proyecto naci\u00f3 como expectativa de ser un escenario de encuentro para los residentes antiguos de la zona con los nuevos habitantes de los proyectos de inter\u00e9s prioritario, Este escenario se formula tambi\u00e9n como un importante eje para la din\u00e1mica sociocultural del sector de Aranda, una de las m\u00e1s grandes del municipio&#8221;.<\/p>\n","protected":false},"excerpt":{"rendered":"<p>La nueva infraestructura f\u00edsica de la biblioteca P\u00fablica del sector de Aranda fue entregada por el ejecutor del proyecto Luis Espinoza, de manera satisfactoria, luego de tres meses de construcci\u00f3n mediante acta al Secretario de Cultura (e) Gabriel Nieva y Secretario General de la Alcald\u00eda Ernesto Andrade, quienes inspeccionaron los pormenores de la obra. &nbsp; [&hellip;]<\/p>\n","protected":false},"author":29,"featured_media":10118,"comment_status":"open","ping_status":"open","sticky":false,"template":"","format":"standard","meta":{"footnotes":""},"categories":[82],"tags":[1385],"class_list":["post-10120","post","type-post","status-publish","format-standard","has-post-thumbnail","hentry","category-ciudad-2","tag-alcaldiapasto"],"yoast_head":"<!-- This site is optimized with the Yoast SEO plugin v27.1.1 - https:\/\/yoast.com\/product\/yoast-seo-wordpress\/ -->\n<title>Finaliza construcci\u00f3n de la biblioteca p\u00fablica en comuna 10 | P\u00e1gina10<\/title>\n<meta name=\"robots\" content=\"index, follow, max-snippet:-1, max-image-preview:large, max-video-preview:-1\" \/>\n<link rel=\"canonical\" href=\"https:\/\/pagina10.com\/web\/finaliza-construccion-de-la-biblioteca-publica-en-comuna-10\/\" \/>\n<meta property=\"og:locale\" content=\"es_ES\" \/>\n<meta property=\"og:type\" content=\"article\" \/>\n<meta property=\"og:title\" content=\"Finaliza construcci\u00f3n de la biblioteca p\u00fablica en comuna 10 | P\u00e1gina10\" \/>\n<meta property=\"og:description\" content=\"La nueva infraestructura f\u00edsica de la biblioteca P\u00fablica del sector de Aranda fue entregada por el ejecutor del proyecto Luis Espinoza, de manera satisfactoria, luego de tres meses de construcci\u00f3n mediante acta al Secretario de Cultura (e) Gabriel Nieva y Secretario General de la Alcald\u00eda Ernesto Andrade, quienes inspeccionaron los pormenores de la obra. &nbsp; [&hellip;]\" \/>\n<meta property=\"og:url\" content=\"https:\/\/pagina10.com\/web\/finaliza-construccion-de-la-biblioteca-publica-en-comuna-10\/\" \/>\n<meta property=\"og:site_name\" content=\"P\u00e1gina10\" \/>\n<meta property=\"article:publisher\" content=\"https:\/\/www.facebook.com\/pag10com\" \/>\n<meta property=\"article:published_time\" content=\"2014-09-07T02:54:16+00:00\" \/>\n<meta property=\"og:image\" content=\"https:\/\/pagina10.com\/web\/wp-content\/uploads\/2014\/09\/e1f1c305f8a371c6d77e5d0a4751349c.jpg\" \/>\n\t<meta property=\"og:image:width\" content=\"659\" \/>\n\t<meta property=\"og:image:height\" content=\"394\" \/>\n\t<meta property=\"og:image:type\" content=\"image\/jpeg\" \/>\n<meta name=\"author\" content=\"P\u00e1gina 10\" \/>\n<meta name=\"twitter:card\" content=\"summary_large_image\" \/>\n<meta name=\"twitter:creator\" content=\"@Pag10com\" \/>\n<meta name=\"twitter:site\" content=\"@Pag10com\" \/>\n<meta name=\"twitter:label1\" content=\"Escrito por\" \/>\n\t<meta name=\"twitter:data1\" content=\"P\u00e1gina 10\" \/>\n\t<meta name=\"twitter:label2\" content=\"Tiempo de lectura\" \/>\n\t<meta name=\"twitter:data2\" content=\"1 minuto\" \/>\n<script type=\"application\/ld+json\" class=\"yoast-schema-graph\">{\"@context\":\"https:\/\/schema.org\",\"@graph\":[{\"@type\":\"Article\",\"@id\":\"https:\/\/pagina10.com\/web\/finaliza-construccion-de-la-biblioteca-publica-en-comuna-10\/#article\",\"isPartOf\":{\"@id\":\"https:\/\/pagina10.com\/web\/finaliza-construccion-de-la-biblioteca-publica-en-comuna-10\/\"},\"author\":{\"name\":\"P\u00e1gina 10\",\"@id\":\"https:\/\/pagina10.com\/web\/#\/schema\/person\/a7a5d38f0629dfc107f619fbae4f6cc3\"},\"headline\":\"Finaliza construcci\u00f3n de la biblioteca p\u00fablica en comuna 10\",\"datePublished\":\"2014-09-07T02:54:16+00:00\",\"mainEntityOfPage\":{\"@id\":\"https:\/\/pagina10.com\/web\/finaliza-construccion-de-la-biblioteca-publica-en-comuna-10\/\"},\"wordCount\":192,\"commentCount\":0,\"publisher\":{\"@id\":\"https:\/\/pagina10.com\/web\/#organization\"},\"image\":{\"@id\":\"https:\/\/pagina10.com\/web\/finaliza-construccion-de-la-biblioteca-publica-en-comuna-10\/#primaryimage\"},\"thumbnailUrl\":\"https:\/\/pagina10.com\/web\/wp-content\/uploads\/2014\/09\/e1f1c305f8a371c6d77e5d0a4751349c.jpg\",\"keywords\":[\"Alcald\u00edaPasto\"],\"articleSection\":[\"Ciudad\"],\"inLanguage\":\"es\",\"potentialAction\":[{\"@type\":\"CommentAction\",\"name\":\"Comment\",\"target\":[\"https:\/\/pagina10.com\/web\/finaliza-construccion-de-la-biblioteca-publica-en-comuna-10\/#respond\"]}]},{\"@type\":\"WebPage\",\"@id\":\"https:\/\/pagina10.com\/web\/finaliza-construccion-de-la-biblioteca-publica-en-comuna-10\/\",\"url\":\"https:\/\/pagina10.com\/web\/finaliza-construccion-de-la-biblioteca-publica-en-comuna-10\/\",\"name\":\"Finaliza construcci\u00f3n de la biblioteca p\u00fablica en comuna 10 | P\u00e1gina10\",\"isPartOf\":{\"@id\":\"https:\/\/pagina10.com\/web\/#website\"},\"primaryImageOfPage\":{\"@id\":\"https:\/\/pagina10.com\/web\/finaliza-construccion-de-la-biblioteca-publica-en-comuna-10\/#primaryimage\"},\"image\":{\"@id\":\"https:\/\/pagina10.com\/web\/finaliza-construccion-de-la-biblioteca-publica-en-comuna-10\/#primaryimage\"},\"thumbnailUrl\":\"https:\/\/pagina10.com\/web\/wp-content\/uploads\/2014\/09\/e1f1c305f8a371c6d77e5d0a4751349c.jpg\",\"datePublished\":\"2014-09-07T02:54:16+00:00\",\"breadcrumb\":{\"@id\":\"https:\/\/pagina10.com\/web\/finaliza-construccion-de-la-biblioteca-publica-en-comuna-10\/#breadcrumb\"},\"inLanguage\":\"es\",\"potentialAction\":[{\"@type\":\"ReadAction\",\"target\":[\"https:\/\/pagina10.com\/web\/finaliza-construccion-de-la-biblioteca-publica-en-comuna-10\/\"]}]},{\"@type\":\"ImageObject\",\"inLanguage\":\"es\",\"@id\":\"https:\/\/pagina10.com\/web\/finaliza-construccion-de-la-biblioteca-publica-en-comuna-10\/#primaryimage\",\"url\":\"https:\/\/pagina10.com\/web\/wp-content\/uploads\/2014\/09\/e1f1c305f8a371c6d77e5d0a4751349c.jpg\",\"contentUrl\":\"https:\/\/pagina10.com\/web\/wp-content\/uploads\/2014\/09\/e1f1c305f8a371c6d77e5d0a4751349c.jpg\",\"width\":659,\"height\":394,\"caption\":\"Fotograf\u00eda: Alcald\u00eda de Pasto\"},{\"@type\":\"BreadcrumbList\",\"@id\":\"https:\/\/pagina10.com\/web\/finaliza-construccion-de-la-biblioteca-publica-en-comuna-10\/#breadcrumb\",\"itemListElement\":[{\"@type\":\"ListItem\",\"position\":1,\"name\":\"Portada\",\"item\":\"https:\/\/pagina10.com\/web\/\"},{\"@type\":\"ListItem\",\"position\":2,\"name\":\"Finaliza construcci\u00f3n de la biblioteca p\u00fablica en comuna 10\"}]},{\"@type\":\"WebSite\",\"@id\":\"https:\/\/pagina10.com\/web\/#website\",\"url\":\"https:\/\/pagina10.com\/web\/\",\"name\":\"P\u00e1gina10\",\"description\":\"Peri\u00f3dico Regional\",\"publisher\":{\"@id\":\"https:\/\/pagina10.com\/web\/#organization\"},\"alternateName\":\"P\u00e1gina10 Peri\u00f3dico Regional\",\"potentialAction\":[{\"@type\":\"SearchAction\",\"target\":{\"@type\":\"EntryPoint\",\"urlTemplate\":\"https:\/\/pagina10.com\/web\/?s={search_term_string}\"},\"query-input\":{\"@type\":\"PropertyValueSpecification\",\"valueRequired\":true,\"valueName\":\"search_term_string\"}}],\"inLanguage\":\"es\"},{\"@type\":\"Organization\",\"@id\":\"https:\/\/pagina10.com\/web\/#organization\",\"name\":\"P\u00e1gina10\",\"alternateName\":\"P\u00e1gina10 Peri\u00f3dico Regional\",\"url\":\"https:\/\/pagina10.com\/web\/\",\"logo\":{\"@type\":\"ImageObject\",\"inLanguage\":\"es\",\"@id\":\"https:\/\/pagina10.com\/web\/#\/schema\/logo\/image\/\",\"url\":\"https:\/\/pagina10.com\/web\/wp-content\/uploads\/2024\/01\/40-pagina-10-periodico-regional-pasto.jpg\",\"contentUrl\":\"https:\/\/pagina10.com\/web\/wp-content\/uploads\/2024\/01\/40-pagina-10-periodico-regional-pasto.jpg\",\"width\":1280,\"height\":720,\"caption\":\"P\u00e1gina10\"},\"image\":{\"@id\":\"https:\/\/pagina10.com\/web\/#\/schema\/logo\/image\/\"},\"sameAs\":[\"https:\/\/www.facebook.com\/pag10com\",\"https:\/\/x.com\/Pag10com\",\"https:\/\/www.instagram.com\/pagina10col\/\",\"https:\/\/youtube.com\/channel\/pag10\",\"https:\/\/www.tiktok.com\/@p10col\"]},{\"@type\":\"Person\",\"@id\":\"https:\/\/pagina10.com\/web\/#\/schema\/person\/a7a5d38f0629dfc107f619fbae4f6cc3\",\"name\":\"P\u00e1gina 10\",\"description\":\"P\u00e1gina10.com es un peri\u00f3dico digital que nace en Colombia, en el departamento de Nari\u00f1o, con un enfoque global, fundamentado en cuatro pilares esenciales: la libertad, el pluralismo, la inclusi\u00f3n y la independencia. P\u00e1gina10.com hace referencia a Nari\u00f1o como el d\u00e9cimo departamento creado en Colombia, despu\u00e9s de un proceso pol\u00edtico liderado por actores y actrices regionales con el fin de obtener la independencia y autonom\u00eda de nuestros territorios. Con la creaci\u00f3n de P\u00e1gina10.com se pretende abrir un escenario para el dialogo, la reflexi\u00f3n y el debate que se extienda a otras geograf\u00edas de Am\u00e9rica Latina y del planeta, en una apuesta por transformar colectivamente los desaf\u00edos de un mundo contempor\u00e1neo, m\u00e1s all\u00e1 de las fronteras impuestas.\",\"url\":\"https:\/\/pagina10.com\/web\/author\/mcepeda\/\"}]}<\/script>\n<!-- \/ Yoast SEO plugin. -->","yoast_head_json":{"title":"Finaliza construcci\u00f3n de la biblioteca p\u00fablica en comuna 10 | P\u00e1gina10","robots":{"index":"index","follow":"follow","max-snippet":"max-snippet:-1","max-image-preview":"max-image-preview:large","max-video-preview":"max-video-preview:-1"},"canonical":"https:\/\/pagina10.com\/web\/finaliza-construccion-de-la-biblioteca-publica-en-comuna-10\/","og_locale":"es_ES","og_type":"article","og_title":"Finaliza construcci\u00f3n de la biblioteca p\u00fablica en comuna 10 | P\u00e1gina10","og_description":"La nueva infraestructura f\u00edsica de la biblioteca P\u00fablica del sector de Aranda fue entregada por el ejecutor del proyecto Luis Espinoza, de manera satisfactoria, luego de tres meses de construcci\u00f3n mediante acta al Secretario de Cultura (e) Gabriel Nieva y Secretario General de la Alcald\u00eda Ernesto Andrade, quienes inspeccionaron los pormenores de la obra. &nbsp; [&hellip;]","og_url":"https:\/\/pagina10.com\/web\/finaliza-construccion-de-la-biblioteca-publica-en-comuna-10\/","og_site_name":"P\u00e1gina10","article_publisher":"https:\/\/www.facebook.com\/pag10com","article_published_time":"2014-09-07T02:54:16+00:00","og_image":[{"width":659,"height":394,"url":"https:\/\/pagina10.com\/web\/wp-content\/uploads\/2014\/09\/e1f1c305f8a371c6d77e5d0a4751349c.jpg","type":"image\/jpeg"}],"author":"P\u00e1gina 10","twitter_card":"summary_large_image","twitter_creator":"@Pag10com","twitter_site":"@Pag10com","twitter_misc":{"Escrito por":"P\u00e1gina 10","Tiempo de lectura":"1 minuto"},"schema":{"@context":"https:\/\/schema.org","@graph":[{"@type":"Article","@id":"https:\/\/pagina10.com\/web\/finaliza-construccion-de-la-biblioteca-publica-en-comuna-10\/#article","isPartOf":{"@id":"https:\/\/pagina10.com\/web\/finaliza-construccion-de-la-biblioteca-publica-en-comuna-10\/"},"author":{"name":"P\u00e1gina 10","@id":"https:\/\/pagina10.com\/web\/#\/schema\/person\/a7a5d38f0629dfc107f619fbae4f6cc3"},"headline":"Finaliza construcci\u00f3n de la biblioteca p\u00fablica en comuna 10","datePublished":"2014-09-07T02:54:16+00:00","mainEntityOfPage":{"@id":"https:\/\/pagina10.com\/web\/finaliza-construccion-de-la-biblioteca-publica-en-comuna-10\/"},"wordCount":192,"commentCount":0,"publisher":{"@id":"https:\/\/pagina10.com\/web\/#organization"},"image":{"@id":"https:\/\/pagina10.com\/web\/finaliza-construccion-de-la-biblioteca-publica-en-comuna-10\/#primaryimage"},"thumbnailUrl":"https:\/\/pagina10.com\/web\/wp-content\/uploads\/2014\/09\/e1f1c305f8a371c6d77e5d0a4751349c.jpg","keywords":["Alcald\u00edaPasto"],"articleSection":["Ciudad"],"inLanguage":"es","potentialAction":[{"@type":"CommentAction","name":"Comment","target":["https:\/\/pagina10.com\/web\/finaliza-construccion-de-la-biblioteca-publica-en-comuna-10\/#respond"]}]},{"@type":"WebPage","@id":"https:\/\/pagina10.com\/web\/finaliza-construccion-de-la-biblioteca-publica-en-comuna-10\/","url":"https:\/\/pagina10.com\/web\/finaliza-construccion-de-la-biblioteca-publica-en-comuna-10\/","name":"Finaliza construcci\u00f3n de la biblioteca p\u00fablica en comuna 10 | P\u00e1gina10","isPartOf":{"@id":"https:\/\/pagina10.com\/web\/#website"},"primaryImageOfPage":{"@id":"https:\/\/pagina10.com\/web\/finaliza-construccion-de-la-biblioteca-publica-en-comuna-10\/#primaryimage"},"image":{"@id":"https:\/\/pagina10.com\/web\/finaliza-construccion-de-la-biblioteca-publica-en-comuna-10\/#primaryimage"},"thumbnailUrl":"https:\/\/pagina10.com\/web\/wp-content\/uploads\/2014\/09\/e1f1c305f8a371c6d77e5d0a4751349c.jpg","datePublished":"2014-09-07T02:54:16+00:00","breadcrumb":{"@id":"https:\/\/pagina10.com\/web\/finaliza-construccion-de-la-biblioteca-publica-en-comuna-10\/#breadcrumb"},"inLanguage":"es","potentialAction":[{"@type":"ReadAction","target":["https:\/\/pagina10.com\/web\/finaliza-construccion-de-la-biblioteca-publica-en-comuna-10\/"]}]},{"@type":"ImageObject","inLanguage":"es","@id":"https:\/\/pagina10.com\/web\/finaliza-construccion-de-la-biblioteca-publica-en-comuna-10\/#primaryimage","url":"https:\/\/pagina10.com\/web\/wp-content\/uploads\/2014\/09\/e1f1c305f8a371c6d77e5d0a4751349c.jpg","contentUrl":"https:\/\/pagina10.com\/web\/wp-content\/uploads\/2014\/09\/e1f1c305f8a371c6d77e5d0a4751349c.jpg","width":659,"height":394,"caption":"Fotograf\u00eda: Alcald\u00eda de Pasto"},{"@type":"BreadcrumbList","@id":"https:\/\/pagina10.com\/web\/finaliza-construccion-de-la-biblioteca-publica-en-comuna-10\/#breadcrumb","itemListElement":[{"@type":"ListItem","position":1,"name":"Portada","item":"https:\/\/pagina10.com\/web\/"},{"@type":"ListItem","position":2,"name":"Finaliza construcci\u00f3n de la biblioteca p\u00fablica en comuna 10"}]},{"@type":"WebSite","@id":"https:\/\/pagina10.com\/web\/#website","url":"https:\/\/pagina10.com\/web\/","name":"P\u00e1gina10","description":"Peri\u00f3dico Regional","publisher":{"@id":"https:\/\/pagina10.com\/web\/#organization"},"alternateName":"P\u00e1gina10 Peri\u00f3dico Regional","potentialAction":[{"@type":"SearchAction","target":{"@type":"EntryPoint","urlTemplate":"https:\/\/pagina10.com\/web\/?s={search_term_string}"},"query-input":{"@type":"PropertyValueSpecification","valueRequired":true,"valueName":"search_term_string"}}],"inLanguage":"es"},{"@type":"Organization","@id":"https:\/\/pagina10.com\/web\/#organization","name":"P\u00e1gina10","alternateName":"P\u00e1gina10 Peri\u00f3dico Regional","url":"https:\/\/pagina10.com\/web\/","logo":{"@type":"ImageObject","inLanguage":"es","@id":"https:\/\/pagina10.com\/web\/#\/schema\/logo\/image\/","url":"https:\/\/pagina10.com\/web\/wp-content\/uploads\/2024\/01\/40-pagina-10-periodico-regional-pasto.jpg","contentUrl":"https:\/\/pagina10.com\/web\/wp-content\/uploads\/2024\/01\/40-pagina-10-periodico-regional-pasto.jpg","width":1280,"height":720,"caption":"P\u00e1gina10"},"image":{"@id":"https:\/\/pagina10.com\/web\/#\/schema\/logo\/image\/"},"sameAs":["https:\/\/www.facebook.com\/pag10com","https:\/\/x.com\/Pag10com","https:\/\/www.instagram.com\/pagina10col\/","https:\/\/youtube.com\/channel\/pag10","https:\/\/www.tiktok.com\/@p10col"]},{"@type":"Person","@id":"https:\/\/pagina10.com\/web\/#\/schema\/person\/a7a5d38f0629dfc107f619fbae4f6cc3","name":"P\u00e1gina 10","description":"P\u00e1gina10.com es un peri\u00f3dico digital que nace en Colombia, en el departamento de Nari\u00f1o, con un enfoque global, fundamentado en cuatro pilares esenciales: la libertad, el pluralismo, la inclusi\u00f3n y la independencia. P\u00e1gina10.com hace referencia a Nari\u00f1o como el d\u00e9cimo departamento creado en Colombia, despu\u00e9s de un proceso pol\u00edtico liderado por actores y actrices regionales con el fin de obtener la independencia y autonom\u00eda de nuestros territorios. Con la creaci\u00f3n de P\u00e1gina10.com se pretende abrir un escenario para el dialogo, la reflexi\u00f3n y el debate que se extienda a otras geograf\u00edas de Am\u00e9rica Latina y del planeta, en una apuesta por transformar colectivamente los desaf\u00edos de un mundo contempor\u00e1neo, m\u00e1s all\u00e1 de las fronteras impuestas.","url":"https:\/\/pagina10.com\/web\/author\/mcepeda\/"}]}},"_links":{"self":[{"href":"https:\/\/pagina10.com\/web\/wp-json\/wp\/v2\/posts\/10120","targetHints":{"allow":["GET"]}}],"collection":[{"href":"https:\/\/pagina10.com\/web\/wp-json\/wp\/v2\/posts"}],"about":[{"href":"https:\/\/pagina10.com\/web\/wp-json\/wp\/v2\/types\/post"}],"author":[{"embeddable":true,"href":"https:\/\/pagina10.com\/web\/wp-json\/wp\/v2\/users\/29"}],"replies":[{"embeddable":true,"href":"https:\/\/pagina10.com\/web\/wp-json\/wp\/v2\/comments?post=10120"}],"version-history":[{"count":0,"href":"https:\/\/pagina10.com\/web\/wp-json\/wp\/v2\/posts\/10120\/revisions"}],"wp:featuredmedia":[{"embeddable":true,"href":"https:\/\/pagina10.com\/web\/wp-json\/wp\/v2\/media\/10118"}],"wp:attachment":[{"href":"https:\/\/pagina10.com\/web\/wp-json\/wp\/v2\/media?parent=10120"}],"wp:term":[{"taxonomy":"category","embeddable":true,"href":"https:\/\/pagina10.com\/web\/wp-json\/wp\/v2\/categories?post=10120"},{"taxonomy":"post_tag","embeddable":true,"href":"https:\/\/pagina10.com\/web\/wp-json\/wp\/v2\/tags?post=10120"}],"curies":[{"name":"wp","href":"https:\/\/api.w.org\/{rel}","templated":true}]}}