{"id":10228,"date":"2014-09-13T13:04:21","date_gmt":"2014-09-13T13:04:21","guid":{"rendered":"https:\/\/pagina10.com\/web\/este-miercoles-17-se-realizara-foro-del-agua-y-cambio-climatico\/"},"modified":"2014-09-13T13:04:21","modified_gmt":"2014-09-13T13:04:21","slug":"este-miercoles-17-se-realizara-foro-del-agua-y-cambio-climatico","status":"publish","type":"post","link":"https:\/\/pagina10.com\/web\/este-miercoles-17-se-realizara-foro-del-agua-y-cambio-climatico\/","title":{"rendered":"Este mi\u00e9rcoles 17 se realizar\u00e1 Foro del Agua y Cambio Clim\u00e1tico"},"content":{"rendered":"<p><img fetchpriority=\"high\" decoding=\"async\" class=\" size-full wp-image-10227\" src=\"https:\/\/pagina10.com\/web\/wp-content\/uploads\/2014\/09\/d176d29b9c2243207af4aa37aac302dd.jpg\" alt=\"Fotograf\u00eda: John Mario Leyton\" width=\"640\" height=\"640\" srcset=\"https:\/\/pagina10.com\/web\/wp-content\/uploads\/2014\/09\/d176d29b9c2243207af4aa37aac302dd.jpg 640w, https:\/\/pagina10.com\/web\/wp-content\/uploads\/2014\/09\/d176d29b9c2243207af4aa37aac302dd-300x300.jpg 300w, https:\/\/pagina10.com\/web\/wp-content\/uploads\/2014\/09\/d176d29b9c2243207af4aa37aac302dd-150x150.jpg 150w, https:\/\/pagina10.com\/web\/wp-content\/uploads\/2014\/09\/d176d29b9c2243207af4aa37aac302dd-100x100.jpg 100w\" sizes=\"(max-width: 640px) 100vw, 640px\" \/><\/p>\n<p style=\"text-align: justify;\">Con el apoyo de la Administraci\u00f3n Municipal, la Fundaci\u00f3n Obremos por Pasto realizar\u00e1 el &#8220;Foro del Agua y Cambio Clim\u00e1tico&#8221; este mi\u00e9rcoles 17 de septiembre en la C\u00e1mara de Comercio a las 2:00 de la tarde. &#8220;Estamos invitando a la comunidad para que asista de manera gratuita, nuestra gente debe ser consciente de lo que est\u00e1 pasando y tener conciencia de la realidad.<\/p>\n<p style=\"text-align: justify;\">La tierra se est\u00e1 secando, estamos acabando con el ecosistema y los efectos del cambio clim\u00e1tico son de impredecibles consecuencias&#8221;, manifest\u00f3 Alberto Quintero, director ejecutivo de la Fundaci\u00f3n.<\/p>\n<p style=\"text-align: justify;\">El representante asegur\u00f3 que uno de los objetivos es contrarrestar los efectos del cambio clim\u00e1tico y trabajar en la sostenibilidad ambiental ahora que Pasto entr\u00f3 a formar parte del programa de Ciudades Sostenibles y Emergentes.<\/p>\n<p style=\"text-align: justify;\">Durante la jornada Avante participar\u00e1 con una conferencia para concientizar a la poblaci\u00f3n, sobre la importancia que tiene el sistema estrat\u00e9gico de transporte p\u00fablico, como una forma de desestimular el veh\u00edculo particular y evitar la contaminaci\u00f3n ambiental, por la emisi\u00f3n de gases, el di\u00f3xido de carbono, entre otras problem\u00e1ticas.<\/p>\n<p style=\"text-align: justify;\">El foro coincide con la &#8220;Cumbre de la Tierra&#8221;, convocatoria mundial de emergencia de la Organizaci\u00f3n de las Naciones Unidas, ONU, organizada para este mes en Nueva York y donde los l\u00edderes del mundo recibir\u00e1n mensajes de la ciudadan\u00eda frente a la preocupaci\u00f3n por este tema.<\/p>\n<p style=\"text-align: justify;\">&nbsp;<\/p>\n<p style=\"text-align: justify;\">Fuente: Alcald\u00eda de Pasto<\/p>\n","protected":false},"excerpt":{"rendered":"<p>Con el apoyo de la Administraci\u00f3n Municipal, la Fundaci\u00f3n Obremos por Pasto realizar\u00e1 el &#8220;Foro del Agua y Cambio Clim\u00e1tico&#8221; este mi\u00e9rcoles 17 de septiembre en la C\u00e1mara de Comercio a las 2:00 de la tarde. &#8220;Estamos invitando a la comunidad para que asista de manera gratuita, nuestra gente debe ser consciente de lo que [&hellip;]<\/p>\n","protected":false},"author":29,"featured_media":10227,"comment_status":"open","ping_status":"open","sticky":false,"template":"","format":"standard","meta":{"footnotes":""},"categories":[82],"tags":[1411,1410],"class_list":["post-10228","post","type-post","status-publish","format-standard","has-post-thumbnail","hentry","category-ciudad-2","tag-foro-del-agua-y-cambio-climatico","tag-obremos-por-pasto"],"yoast_head":"<!-- This site is optimized with the Yoast SEO plugin v27.1.1 - https:\/\/yoast.com\/product\/yoast-seo-wordpress\/ -->\n<title>Este mi\u00e9rcoles 17 se realizar\u00e1 Foro del Agua y Cambio Clim\u00e1tico | P\u00e1gina10<\/title>\n<meta name=\"robots\" content=\"index, follow, max-snippet:-1, max-image-preview:large, max-video-preview:-1\" \/>\n<link rel=\"canonical\" href=\"https:\/\/pagina10.com\/web\/este-miercoles-17-se-realizara-foro-del-agua-y-cambio-climatico\/\" \/>\n<meta property=\"og:locale\" content=\"es_ES\" \/>\n<meta property=\"og:type\" content=\"article\" \/>\n<meta property=\"og:title\" content=\"Este mi\u00e9rcoles 17 se realizar\u00e1 Foro del Agua y Cambio Clim\u00e1tico | P\u00e1gina10\" \/>\n<meta property=\"og:description\" content=\"Con el apoyo de la Administraci\u00f3n Municipal, la Fundaci\u00f3n Obremos por Pasto realizar\u00e1 el &#8220;Foro del Agua y Cambio Clim\u00e1tico&#8221; este mi\u00e9rcoles 17 de septiembre en la C\u00e1mara de Comercio a las 2:00 de la tarde. &#8220;Estamos invitando a la comunidad para que asista de manera gratuita, nuestra gente debe ser consciente de lo que [&hellip;]\" \/>\n<meta property=\"og:url\" content=\"https:\/\/pagina10.com\/web\/este-miercoles-17-se-realizara-foro-del-agua-y-cambio-climatico\/\" \/>\n<meta property=\"og:site_name\" content=\"P\u00e1gina10\" \/>\n<meta property=\"article:publisher\" content=\"https:\/\/www.facebook.com\/pag10com\" \/>\n<meta property=\"article:published_time\" content=\"2014-09-13T13:04:21+00:00\" \/>\n<meta property=\"og:image\" content=\"https:\/\/pagina10.com\/web\/wp-content\/uploads\/2014\/09\/d176d29b9c2243207af4aa37aac302dd.jpg\" \/>\n\t<meta property=\"og:image:width\" content=\"640\" \/>\n\t<meta property=\"og:image:height\" content=\"640\" \/>\n\t<meta property=\"og:image:type\" content=\"image\/jpeg\" \/>\n<meta name=\"author\" content=\"P\u00e1gina 10\" \/>\n<meta name=\"twitter:card\" content=\"summary_large_image\" \/>\n<meta name=\"twitter:creator\" content=\"@Pag10com\" \/>\n<meta name=\"twitter:site\" content=\"@Pag10com\" \/>\n<meta name=\"twitter:label1\" content=\"Escrito por\" \/>\n\t<meta name=\"twitter:data1\" content=\"P\u00e1gina 10\" \/>\n\t<meta name=\"twitter:label2\" content=\"Tiempo de lectura\" \/>\n\t<meta name=\"twitter:data2\" content=\"1 minuto\" \/>\n<script type=\"application\/ld+json\" class=\"yoast-schema-graph\">{\"@context\":\"https:\/\/schema.org\",\"@graph\":[{\"@type\":\"Article\",\"@id\":\"https:\/\/pagina10.com\/web\/este-miercoles-17-se-realizara-foro-del-agua-y-cambio-climatico\/#article\",\"isPartOf\":{\"@id\":\"https:\/\/pagina10.com\/web\/este-miercoles-17-se-realizara-foro-del-agua-y-cambio-climatico\/\"},\"author\":{\"name\":\"P\u00e1gina 10\",\"@id\":\"https:\/\/pagina10.com\/web\/#\/schema\/person\/a7a5d38f0629dfc107f619fbae4f6cc3\"},\"headline\":\"Este mi\u00e9rcoles 17 se realizar\u00e1 Foro del Agua y Cambio Clim\u00e1tico\",\"datePublished\":\"2014-09-13T13:04:21+00:00\",\"mainEntityOfPage\":{\"@id\":\"https:\/\/pagina10.com\/web\/este-miercoles-17-se-realizara-foro-del-agua-y-cambio-climatico\/\"},\"wordCount\":258,\"commentCount\":0,\"publisher\":{\"@id\":\"https:\/\/pagina10.com\/web\/#organization\"},\"image\":{\"@id\":\"https:\/\/pagina10.com\/web\/este-miercoles-17-se-realizara-foro-del-agua-y-cambio-climatico\/#primaryimage\"},\"thumbnailUrl\":\"https:\/\/pagina10.com\/web\/wp-content\/uploads\/2014\/09\/d176d29b9c2243207af4aa37aac302dd.jpg\",\"keywords\":[\"Foro del Agua y Cambio Clim\u00e1tico\",\"Obremos por Pasto\"],\"articleSection\":[\"Ciudad\"],\"inLanguage\":\"es\",\"potentialAction\":[{\"@type\":\"CommentAction\",\"name\":\"Comment\",\"target\":[\"https:\/\/pagina10.com\/web\/este-miercoles-17-se-realizara-foro-del-agua-y-cambio-climatico\/#respond\"]}]},{\"@type\":\"WebPage\",\"@id\":\"https:\/\/pagina10.com\/web\/este-miercoles-17-se-realizara-foro-del-agua-y-cambio-climatico\/\",\"url\":\"https:\/\/pagina10.com\/web\/este-miercoles-17-se-realizara-foro-del-agua-y-cambio-climatico\/\",\"name\":\"Este mi\u00e9rcoles 17 se realizar\u00e1 Foro del Agua y Cambio Clim\u00e1tico | P\u00e1gina10\",\"isPartOf\":{\"@id\":\"https:\/\/pagina10.com\/web\/#website\"},\"primaryImageOfPage\":{\"@id\":\"https:\/\/pagina10.com\/web\/este-miercoles-17-se-realizara-foro-del-agua-y-cambio-climatico\/#primaryimage\"},\"image\":{\"@id\":\"https:\/\/pagina10.com\/web\/este-miercoles-17-se-realizara-foro-del-agua-y-cambio-climatico\/#primaryimage\"},\"thumbnailUrl\":\"https:\/\/pagina10.com\/web\/wp-content\/uploads\/2014\/09\/d176d29b9c2243207af4aa37aac302dd.jpg\",\"datePublished\":\"2014-09-13T13:04:21+00:00\",\"breadcrumb\":{\"@id\":\"https:\/\/pagina10.com\/web\/este-miercoles-17-se-realizara-foro-del-agua-y-cambio-climatico\/#breadcrumb\"},\"inLanguage\":\"es\",\"potentialAction\":[{\"@type\":\"ReadAction\",\"target\":[\"https:\/\/pagina10.com\/web\/este-miercoles-17-se-realizara-foro-del-agua-y-cambio-climatico\/\"]}]},{\"@type\":\"ImageObject\",\"inLanguage\":\"es\",\"@id\":\"https:\/\/pagina10.com\/web\/este-miercoles-17-se-realizara-foro-del-agua-y-cambio-climatico\/#primaryimage\",\"url\":\"https:\/\/pagina10.com\/web\/wp-content\/uploads\/2014\/09\/d176d29b9c2243207af4aa37aac302dd.jpg\",\"contentUrl\":\"https:\/\/pagina10.com\/web\/wp-content\/uploads\/2014\/09\/d176d29b9c2243207af4aa37aac302dd.jpg\",\"width\":640,\"height\":640,\"caption\":\"Fotograf\u00eda: John Mario Leyton\"},{\"@type\":\"BreadcrumbList\",\"@id\":\"https:\/\/pagina10.com\/web\/este-miercoles-17-se-realizara-foro-del-agua-y-cambio-climatico\/#breadcrumb\",\"itemListElement\":[{\"@type\":\"ListItem\",\"position\":1,\"name\":\"Portada\",\"item\":\"https:\/\/pagina10.com\/web\/\"},{\"@type\":\"ListItem\",\"position\":2,\"name\":\"Este mi\u00e9rcoles 17 se realizar\u00e1 Foro del Agua y Cambio Clim\u00e1tico\"}]},{\"@type\":\"WebSite\",\"@id\":\"https:\/\/pagina10.com\/web\/#website\",\"url\":\"https:\/\/pagina10.com\/web\/\",\"name\":\"P\u00e1gina10\",\"description\":\"Peri\u00f3dico Regional\",\"publisher\":{\"@id\":\"https:\/\/pagina10.com\/web\/#organization\"},\"alternateName\":\"P\u00e1gina10 Peri\u00f3dico Regional\",\"potentialAction\":[{\"@type\":\"SearchAction\",\"target\":{\"@type\":\"EntryPoint\",\"urlTemplate\":\"https:\/\/pagina10.com\/web\/?s={search_term_string}\"},\"query-input\":{\"@type\":\"PropertyValueSpecification\",\"valueRequired\":true,\"valueName\":\"search_term_string\"}}],\"inLanguage\":\"es\"},{\"@type\":\"Organization\",\"@id\":\"https:\/\/pagina10.com\/web\/#organization\",\"name\":\"P\u00e1gina10\",\"alternateName\":\"P\u00e1gina10 Peri\u00f3dico Regional\",\"url\":\"https:\/\/pagina10.com\/web\/\",\"logo\":{\"@type\":\"ImageObject\",\"inLanguage\":\"es\",\"@id\":\"https:\/\/pagina10.com\/web\/#\/schema\/logo\/image\/\",\"url\":\"https:\/\/pagina10.com\/web\/wp-content\/uploads\/2024\/01\/40-pagina-10-periodico-regional-pasto.jpg\",\"contentUrl\":\"https:\/\/pagina10.com\/web\/wp-content\/uploads\/2024\/01\/40-pagina-10-periodico-regional-pasto.jpg\",\"width\":1280,\"height\":720,\"caption\":\"P\u00e1gina10\"},\"image\":{\"@id\":\"https:\/\/pagina10.com\/web\/#\/schema\/logo\/image\/\"},\"sameAs\":[\"https:\/\/www.facebook.com\/pag10com\",\"https:\/\/x.com\/Pag10com\",\"https:\/\/www.instagram.com\/pagina10col\/\",\"https:\/\/youtube.com\/channel\/pag10\",\"https:\/\/www.tiktok.com\/@p10col\"]},{\"@type\":\"Person\",\"@id\":\"https:\/\/pagina10.com\/web\/#\/schema\/person\/a7a5d38f0629dfc107f619fbae4f6cc3\",\"name\":\"P\u00e1gina 10\",\"description\":\"P\u00e1gina10.com es un peri\u00f3dico digital que nace en Colombia, en el departamento de Nari\u00f1o, con un enfoque global, fundamentado en cuatro pilares esenciales: la libertad, el pluralismo, la inclusi\u00f3n y la independencia. P\u00e1gina10.com hace referencia a Nari\u00f1o como el d\u00e9cimo departamento creado en Colombia, despu\u00e9s de un proceso pol\u00edtico liderado por actores y actrices regionales con el fin de obtener la independencia y autonom\u00eda de nuestros territorios. Con la creaci\u00f3n de P\u00e1gina10.com se pretende abrir un escenario para el dialogo, la reflexi\u00f3n y el debate que se extienda a otras geograf\u00edas de Am\u00e9rica Latina y del planeta, en una apuesta por transformar colectivamente los desaf\u00edos de un mundo contempor\u00e1neo, m\u00e1s all\u00e1 de las fronteras impuestas.\",\"url\":\"https:\/\/pagina10.com\/web\/author\/mcepeda\/\"}]}<\/script>\n<!-- \/ Yoast SEO plugin. -->","yoast_head_json":{"title":"Este mi\u00e9rcoles 17 se realizar\u00e1 Foro del Agua y Cambio Clim\u00e1tico | P\u00e1gina10","robots":{"index":"index","follow":"follow","max-snippet":"max-snippet:-1","max-image-preview":"max-image-preview:large","max-video-preview":"max-video-preview:-1"},"canonical":"https:\/\/pagina10.com\/web\/este-miercoles-17-se-realizara-foro-del-agua-y-cambio-climatico\/","og_locale":"es_ES","og_type":"article","og_title":"Este mi\u00e9rcoles 17 se realizar\u00e1 Foro del Agua y Cambio Clim\u00e1tico | P\u00e1gina10","og_description":"Con el apoyo de la Administraci\u00f3n Municipal, la Fundaci\u00f3n Obremos por Pasto realizar\u00e1 el &#8220;Foro del Agua y Cambio Clim\u00e1tico&#8221; este mi\u00e9rcoles 17 de septiembre en la C\u00e1mara de Comercio a las 2:00 de la tarde. &#8220;Estamos invitando a la comunidad para que asista de manera gratuita, nuestra gente debe ser consciente de lo que [&hellip;]","og_url":"https:\/\/pagina10.com\/web\/este-miercoles-17-se-realizara-foro-del-agua-y-cambio-climatico\/","og_site_name":"P\u00e1gina10","article_publisher":"https:\/\/www.facebook.com\/pag10com","article_published_time":"2014-09-13T13:04:21+00:00","og_image":[{"width":640,"height":640,"url":"https:\/\/pagina10.com\/web\/wp-content\/uploads\/2014\/09\/d176d29b9c2243207af4aa37aac302dd.jpg","type":"image\/jpeg"}],"author":"P\u00e1gina 10","twitter_card":"summary_large_image","twitter_creator":"@Pag10com","twitter_site":"@Pag10com","twitter_misc":{"Escrito por":"P\u00e1gina 10","Tiempo de lectura":"1 minuto"},"schema":{"@context":"https:\/\/schema.org","@graph":[{"@type":"Article","@id":"https:\/\/pagina10.com\/web\/este-miercoles-17-se-realizara-foro-del-agua-y-cambio-climatico\/#article","isPartOf":{"@id":"https:\/\/pagina10.com\/web\/este-miercoles-17-se-realizara-foro-del-agua-y-cambio-climatico\/"},"author":{"name":"P\u00e1gina 10","@id":"https:\/\/pagina10.com\/web\/#\/schema\/person\/a7a5d38f0629dfc107f619fbae4f6cc3"},"headline":"Este mi\u00e9rcoles 17 se realizar\u00e1 Foro del Agua y Cambio Clim\u00e1tico","datePublished":"2014-09-13T13:04:21+00:00","mainEntityOfPage":{"@id":"https:\/\/pagina10.com\/web\/este-miercoles-17-se-realizara-foro-del-agua-y-cambio-climatico\/"},"wordCount":258,"commentCount":0,"publisher":{"@id":"https:\/\/pagina10.com\/web\/#organization"},"image":{"@id":"https:\/\/pagina10.com\/web\/este-miercoles-17-se-realizara-foro-del-agua-y-cambio-climatico\/#primaryimage"},"thumbnailUrl":"https:\/\/pagina10.com\/web\/wp-content\/uploads\/2014\/09\/d176d29b9c2243207af4aa37aac302dd.jpg","keywords":["Foro del Agua y Cambio Clim\u00e1tico","Obremos por Pasto"],"articleSection":["Ciudad"],"inLanguage":"es","potentialAction":[{"@type":"CommentAction","name":"Comment","target":["https:\/\/pagina10.com\/web\/este-miercoles-17-se-realizara-foro-del-agua-y-cambio-climatico\/#respond"]}]},{"@type":"WebPage","@id":"https:\/\/pagina10.com\/web\/este-miercoles-17-se-realizara-foro-del-agua-y-cambio-climatico\/","url":"https:\/\/pagina10.com\/web\/este-miercoles-17-se-realizara-foro-del-agua-y-cambio-climatico\/","name":"Este mi\u00e9rcoles 17 se realizar\u00e1 Foro del Agua y Cambio Clim\u00e1tico | P\u00e1gina10","isPartOf":{"@id":"https:\/\/pagina10.com\/web\/#website"},"primaryImageOfPage":{"@id":"https:\/\/pagina10.com\/web\/este-miercoles-17-se-realizara-foro-del-agua-y-cambio-climatico\/#primaryimage"},"image":{"@id":"https:\/\/pagina10.com\/web\/este-miercoles-17-se-realizara-foro-del-agua-y-cambio-climatico\/#primaryimage"},"thumbnailUrl":"https:\/\/pagina10.com\/web\/wp-content\/uploads\/2014\/09\/d176d29b9c2243207af4aa37aac302dd.jpg","datePublished":"2014-09-13T13:04:21+00:00","breadcrumb":{"@id":"https:\/\/pagina10.com\/web\/este-miercoles-17-se-realizara-foro-del-agua-y-cambio-climatico\/#breadcrumb"},"inLanguage":"es","potentialAction":[{"@type":"ReadAction","target":["https:\/\/pagina10.com\/web\/este-miercoles-17-se-realizara-foro-del-agua-y-cambio-climatico\/"]}]},{"@type":"ImageObject","inLanguage":"es","@id":"https:\/\/pagina10.com\/web\/este-miercoles-17-se-realizara-foro-del-agua-y-cambio-climatico\/#primaryimage","url":"https:\/\/pagina10.com\/web\/wp-content\/uploads\/2014\/09\/d176d29b9c2243207af4aa37aac302dd.jpg","contentUrl":"https:\/\/pagina10.com\/web\/wp-content\/uploads\/2014\/09\/d176d29b9c2243207af4aa37aac302dd.jpg","width":640,"height":640,"caption":"Fotograf\u00eda: John Mario Leyton"},{"@type":"BreadcrumbList","@id":"https:\/\/pagina10.com\/web\/este-miercoles-17-se-realizara-foro-del-agua-y-cambio-climatico\/#breadcrumb","itemListElement":[{"@type":"ListItem","position":1,"name":"Portada","item":"https:\/\/pagina10.com\/web\/"},{"@type":"ListItem","position":2,"name":"Este mi\u00e9rcoles 17 se realizar\u00e1 Foro del Agua y Cambio Clim\u00e1tico"}]},{"@type":"WebSite","@id":"https:\/\/pagina10.com\/web\/#website","url":"https:\/\/pagina10.com\/web\/","name":"P\u00e1gina10","description":"Peri\u00f3dico Regional","publisher":{"@id":"https:\/\/pagina10.com\/web\/#organization"},"alternateName":"P\u00e1gina10 Peri\u00f3dico Regional","potentialAction":[{"@type":"SearchAction","target":{"@type":"EntryPoint","urlTemplate":"https:\/\/pagina10.com\/web\/?s={search_term_string}"},"query-input":{"@type":"PropertyValueSpecification","valueRequired":true,"valueName":"search_term_string"}}],"inLanguage":"es"},{"@type":"Organization","@id":"https:\/\/pagina10.com\/web\/#organization","name":"P\u00e1gina10","alternateName":"P\u00e1gina10 Peri\u00f3dico Regional","url":"https:\/\/pagina10.com\/web\/","logo":{"@type":"ImageObject","inLanguage":"es","@id":"https:\/\/pagina10.com\/web\/#\/schema\/logo\/image\/","url":"https:\/\/pagina10.com\/web\/wp-content\/uploads\/2024\/01\/40-pagina-10-periodico-regional-pasto.jpg","contentUrl":"https:\/\/pagina10.com\/web\/wp-content\/uploads\/2024\/01\/40-pagina-10-periodico-regional-pasto.jpg","width":1280,"height":720,"caption":"P\u00e1gina10"},"image":{"@id":"https:\/\/pagina10.com\/web\/#\/schema\/logo\/image\/"},"sameAs":["https:\/\/www.facebook.com\/pag10com","https:\/\/x.com\/Pag10com","https:\/\/www.instagram.com\/pagina10col\/","https:\/\/youtube.com\/channel\/pag10","https:\/\/www.tiktok.com\/@p10col"]},{"@type":"Person","@id":"https:\/\/pagina10.com\/web\/#\/schema\/person\/a7a5d38f0629dfc107f619fbae4f6cc3","name":"P\u00e1gina 10","description":"P\u00e1gina10.com es un peri\u00f3dico digital que nace en Colombia, en el departamento de Nari\u00f1o, con un enfoque global, fundamentado en cuatro pilares esenciales: la libertad, el pluralismo, la inclusi\u00f3n y la independencia. P\u00e1gina10.com hace referencia a Nari\u00f1o como el d\u00e9cimo departamento creado en Colombia, despu\u00e9s de un proceso pol\u00edtico liderado por actores y actrices regionales con el fin de obtener la independencia y autonom\u00eda de nuestros territorios. Con la creaci\u00f3n de P\u00e1gina10.com se pretende abrir un escenario para el dialogo, la reflexi\u00f3n y el debate que se extienda a otras geograf\u00edas de Am\u00e9rica Latina y del planeta, en una apuesta por transformar colectivamente los desaf\u00edos de un mundo contempor\u00e1neo, m\u00e1s all\u00e1 de las fronteras impuestas.","url":"https:\/\/pagina10.com\/web\/author\/mcepeda\/"}]}},"_links":{"self":[{"href":"https:\/\/pagina10.com\/web\/wp-json\/wp\/v2\/posts\/10228","targetHints":{"allow":["GET"]}}],"collection":[{"href":"https:\/\/pagina10.com\/web\/wp-json\/wp\/v2\/posts"}],"about":[{"href":"https:\/\/pagina10.com\/web\/wp-json\/wp\/v2\/types\/post"}],"author":[{"embeddable":true,"href":"https:\/\/pagina10.com\/web\/wp-json\/wp\/v2\/users\/29"}],"replies":[{"embeddable":true,"href":"https:\/\/pagina10.com\/web\/wp-json\/wp\/v2\/comments?post=10228"}],"version-history":[{"count":0,"href":"https:\/\/pagina10.com\/web\/wp-json\/wp\/v2\/posts\/10228\/revisions"}],"wp:featuredmedia":[{"embeddable":true,"href":"https:\/\/pagina10.com\/web\/wp-json\/wp\/v2\/media\/10227"}],"wp:attachment":[{"href":"https:\/\/pagina10.com\/web\/wp-json\/wp\/v2\/media?parent=10228"}],"wp:term":[{"taxonomy":"category","embeddable":true,"href":"https:\/\/pagina10.com\/web\/wp-json\/wp\/v2\/categories?post=10228"},{"taxonomy":"post_tag","embeddable":true,"href":"https:\/\/pagina10.com\/web\/wp-json\/wp\/v2\/tags?post=10228"}],"curies":[{"name":"wp","href":"https:\/\/api.w.org\/{rel}","templated":true}]}}