{"id":10237,"date":"2014-09-13T23:35:51","date_gmt":"2014-09-13T23:35:51","guid":{"rendered":"https:\/\/pagina10.com\/web\/el-colegio-artemio-mendoza-se-desmorona-poco-a-poco\/"},"modified":"2014-09-13T23:35:51","modified_gmt":"2014-09-13T23:35:51","slug":"el-colegio-artemio-mendoza-se-desmorona-poco-a-poco","status":"publish","type":"post","link":"https:\/\/pagina10.com\/web\/el-colegio-artemio-mendoza-se-desmorona-poco-a-poco\/","title":{"rendered":"El Colegio Artemio Mendoza se desmorona poco a poco"},"content":{"rendered":"<p><img fetchpriority=\"high\" decoding=\"async\" class=\" size-full wp-image-10236\" src=\"https:\/\/pagina10.com\/web\/wp-content\/uploads\/2014\/09\/06bb67fe1cf0e7e88dbb2bf1a6f5151b.jpg\" alt=\"\" width=\"3648\" height=\"2736\" \/><\/p>\n<p style=\"text-align: justify;\"><span>Esta instituci\u00f3n del municipio de Pasto, que atiende a m\u00e1s de 3 mil alumnos en sus cinco sedes&nbsp; vive una profunda crisis que estall\u00f3 ayer cuando se enteraron de que el nuevo Rector hab\u00eda sido trasladado de nuevo.<\/span><\/p>\n<p style=\"text-align: justify;\"><span>El Colegio Artemio Mendoza, es una instituci\u00f3n p\u00fablica, que est\u00e1 ubicado en el sector del Sagrado Coraz\u00f3n,&nbsp; una zona hist\u00f3rica y popular de la capital nari\u00f1ense. En los \u00faltimos a\u00f1os el sector ha sido alimentado con el arribo de decenas de familias que llegaban huyendo de la v violencia y otras expresiones del Conflicto Colombiano.<\/span><\/p>\n<p style=\"text-align: justify;\"><span>De acuerdo con las versiones recogidas por P\u00e1gina 10, la instituci\u00f3n &nbsp;est\u00e1 construida en&nbsp; gran parte sobre un predio&nbsp; que pertenece a una congregaci\u00f3n religiosa, \u201ca la Curia\u201d, como dicen en el sector. Durante a\u00f1os este hecho no trascendi\u00f3, pero ahora parece que los propietarios tienen planes en el sector&nbsp; y al parecer quiere ocupar por lo menos un segmento del terreno.<\/span><\/p>\n<p style=\"text-align: justify;\"><span>Pero ese es apenas uno de los problemas. En la instituci\u00f3n se ha acumulado una serie de elementos y hechos&nbsp; negativos, que pr\u00e1cticamente est\u00e1n provocando un desmorone diario&nbsp; e incesante frente al que, por lo menos hasta ahora, las autoridades municipales encargadas no han intervenido. <\/span><\/p>\n<p style=\"text-align: justify;\"><span>Las incomodidades que padecen estudiantes, profesores, directivos y empleados administrativos, son muchas; empezando por la condici\u00f3n de la mayor\u00eda de las instalaciones sanitarias, en donde el agua no fluye&nbsp;&nbsp; con frecuencia, gran parte de las tuber\u00edas de conducci\u00f3n de agua o de residuos est\u00e1 en mal estado o averiada completamente y por lo tanto en estos sectores, los malos olores abundan y muchos alumnos prefieren \u201caguantar\u201d su necesidad fisiol\u00f3gica&nbsp; hasta llegar a su casa o a cualquier lugar m\u00e1s adecuado.<\/span><\/p>\n<p style=\"text-align: justify;\"><span>Por el estado de las tuber\u00edas, los terrenos y de algunas instalaciones de las sedes, hay presencia de aguas estancadas, con presencia de olores nauseabundos, de zancudos y mosquitos. En algunas de las sedes&nbsp; para primaria se ha detectado presencia de ratas y otros animales, con grandes riesgos Para la comunidad.<\/span><\/p>\n<p style=\"text-align: justify;\"><span>&nbsp;<\/span><\/p>\n<p style=\"text-align: justify;\"><b><span>Corredores y aulas <\/span><\/b><\/p>\n<p style=\"text-align: justify;\"><span>No es f\u00e1cil para los ni\u00f1os y j\u00f3venes movilizarse por los corredores de las sedes del Artemio Mendoza. Los senderos que se trazaron hace muchos a\u00f1os hoy est\u00e1n en p\u00e9simo estado. Hay lozas levantadas&nbsp; y los riesgos de accidentes son permanentes.<\/span><\/p>\n<p style=\"text-align: justify;\"><span>Y llegar a las aulas tampoco es un alivio. All\u00ed falta de todo: los pocos pupitres existentes &nbsp;muestran evidente deterioro; las paredes denotan mal estado, humedad y hasta generan tambi\u00e9n riesgos para la comunidad educativa.<\/span><\/p>\n<p style=\"text-align: justify;\"><span>Todo el ambiente que se vive aqu\u00ed es muy negativo. La dotaci\u00f3n es muy escasa; los libros son obsoletos y muchos ya est\u00e1n en muy lamentable estado y si bien existen algunos computadores, no est\u00e1n actualizados&nbsp; y varios se encuentran fuera de circulaci\u00f3n.<\/span><\/p>\n<p style=\"text-align: justify;\"><span>&nbsp;<\/span><\/p>\n<p style=\"text-align: justify;\"><b><span>Terrenos en problemas<\/span><\/b><\/p>\n<p style=\"text-align: justify;\"><span>Todo lo que tiene que ves con las instalaciones f\u00edsicas y el terreno en donde est\u00e1&nbsp; construido el colegio Artemio Mendoza es un problema. La inestabilidad del piso es evidente, pues es un hecho que todo este sector es un relleno sanitario, cuya estabilidad est\u00e1&nbsp; hoy en duda.<\/span><\/p>\n<p style=\"text-align: justify;\"><span>Por eso n o se pudieron concluir unas obras que se iniciaron hace m\u00e1s de diez a\u00f1os, seg\u00fan las versiones de la comunidad y cuyo esqueleto, u obra negra qued\u00f3&nbsp; all\u00ed, como un negro s\u00edmbolo de la desidia oficial, que adem\u00e1s genera nuevos riesgos para todos.<\/span><\/p>\n<p style=\"text-align: justify;\"><span>Las denominadas zonas verdes&nbsp; son un desaf\u00edo para quienes tambi\u00e9n quieren arriesgarse a que de pronto terminen estrellados contra los muros de las viviendas vecinas, cuyos habitantes tambi\u00e9n temen un desenlace negativo en todo este asunto. Hay constantes deslizamientos y las condiciones de los muros tampoco ofrecen ninguna seguridad.<\/span><\/p>\n<p style=\"text-align: justify;\"><span>&nbsp;<\/span><\/p>\n<p style=\"text-align: justify;\"><b><span>Problemas adicionales <\/span><\/b><\/p>\n<p style=\"text-align: justify;\"><span>Camilo Narv\u00e1ez, l\u00edder de los estudiantes que este viernes decidieron rebelarse, tras conocer la decisi\u00f3n&nbsp; de la Secretaria Municipal de Educaci\u00f3n de trasladar al actual rector,&nbsp; Francisco Juajinoy Espa\u00f1a, quien pese a llevar muy poco tiempo &nbsp;&nbsp;en la entidad, hab\u00eda demostrado inter\u00e9s por hacer conocer la realidad de la instituci\u00f3n.<\/span><\/p>\n<p style=\"text-align: justify;\"><span>\u201cEn el Colegio se ven\u00eda gestando un movimiento de protesta por tantos a\u00f1os de abandono, de discriminaci\u00f3n y hasta de humillaci\u00f3n para la gente. La noticia sobre el traslado del rector lo que hizo fue precipitar las cosas\u201d, comenta el l\u00edder estudiantil asegurando que el tema de la condici\u00f3n general de la instituci\u00f3n es lo m\u00e1s grave que existe en este momento, pero&nbsp; insiste en que el tema sanitario&nbsp; y los riesgos de salubridad \u201cdeben atenderse con urgencia \u201c.<\/span><\/p>\n<p style=\"text-align: justify;\"><span>El profesor&nbsp; Eibar Mel\u00e9ndez, docente en la Instituci\u00f3n, lament\u00f3 que los gobernantes y el estado hayan permitido que muchas instituciones como el Artemio Mendoza&nbsp; se hayan convertido en colegio que no tiene nada que ofrecerles a los estudiantes,&nbsp; diferentes a necesidades, vac\u00edos y zozobras.<\/span><\/p>\n<p style=\"text-align: justify;\"><span data-mce-mark=\"1\">Mel\u00e9ndez tambi\u00e9n coment\u00f3 que la comunidad del sector se encuentra decidida a apoyar este movimiento de protesta de los j\u00f3venes porque entiende que es una oportunidad para llamar la atenci\u00f3n de toda la sociedad, de manera que se entere&nbsp; sobre la realidad que est\u00e1n padeciendo&nbsp; todos los que tienen que ver con este colegio.<\/span><\/p>\n<p style=\"text-align: justify;\"><span data-mce-mark=\"1\">&nbsp;<\/span><\/p>\n<p style=\"text-align: justify;\"><b><span>Habla el Rector<\/span><\/b><\/p>\n<p style=\"text-align: justify;\"><span>El rector de la Instituci\u00f3n Educativa Artemio Mendoza, Francisco Juajinoy Espa\u00f1a, reconoci\u00f3 la crisis que se presenta en el colegio y tambi\u00e9n acept\u00f3 que&nbsp; la noticia de su nuevo traslado&nbsp; fue la que encendi\u00f3 la crisis que \u201cde todas maneras ya era un hecho\u201d.<\/span><\/p>\n<p style=\"text-align: justify;\"><span>Juajinoy lament\u00f3 el manejo que la Secretar\u00eda del ramo le est\u00e1 dando a los inconvenientes y problemas que se presentan en los diferentes&nbsp; centros educativos de Pasto y dijo que su caso es de evidente persecuci\u00f3n pol\u00edtica, lo que lo ha llevado a instaurar una demanda en contra del titular de educaci\u00f3n en la capital nari\u00f1ense, Jaime&nbsp; Guerrero Vinueza, quien dicho ser\u00e1 de paso, hasta la media tarde del viernes no ten\u00eda a\u00fan un conocimiento oficial sobre lo que estaba pasando en el Artemio Mendoza.<\/span><\/p>\n<p style=\"text-align: justify;\"><span>Juajinoy tambi\u00e9n hizo menci\u00f3n las responsabilidades que existen sobre esa instituci\u00f3n y asegur\u00f3 que este es otro elemento&nbsp; que agrava la situaci\u00f3n en el colegio.<\/span><\/p>\n<p style=\"text-align: justify;\"><span>Sobre el tema de la propiedad de los predios, asegur\u00f3 que en efecto una gran porci\u00f3n del lote en donde est\u00e1 el colegio es de propiedad \u201cde la curia\u201d y que por lo tanto puede disponer de \u00e9l como mejor le parezca.<\/span><\/p>\n<p style=\"text-align: justify;\"><span>El rector dijo que en todas las sedes del colegio la situaci\u00f3n es lamentable e inclusive se\u00f1al\u00f3 que alguna de estas deber\u00e1 ser cerrada v de manera definitiva. Ratas, bichos y otras plagas arece que se han tomado un gran espacio en el Artemio Mendoza.<\/span><\/p>\n<div id=\"photos\">&nbsp;<\/div>\n<p><iframe src=\"http:\/\/embedsocial.com\/facebook_album\/album_photos\/730857976981751\" width=\"650\" height=\"1450\" frameborder=\"0\" scrolling=\"no\" marginheight=\"0\" marginwidth=\"0\"><\/iframe><\/p>\n","protected":false},"excerpt":{"rendered":"<p>Esta instituci\u00f3n del municipio de Pasto, que atiende a m\u00e1s de 3 mil alumnos en sus cinco sedes&nbsp; vive una profunda crisis que estall\u00f3 ayer cuando se enteraron de que el nuevo Rector hab\u00eda sido trasladado de nuevo. El Colegio Artemio Mendoza, es una instituci\u00f3n p\u00fablica, que est\u00e1 ubicado en el sector del Sagrado Coraz\u00f3n,&nbsp; [&hellip;]<\/p>\n","protected":false},"author":29,"featured_media":10236,"comment_status":"open","ping_status":"open","sticky":false,"template":"","format":"standard","meta":{"footnotes":""},"categories":[82],"tags":[1412,219,152],"class_list":["post-10237","post","type-post","status-publish","format-standard","has-post-thumbnail","hentry","category-ciudad-2","tag-colegio-artemio-mendoza","tag-educacion","tag-pasto"],"yoast_head":"<!-- This site is optimized with the Yoast SEO plugin v27.1.1 - https:\/\/yoast.com\/product\/yoast-seo-wordpress\/ -->\n<title>El Colegio Artemio Mendoza se desmorona poco a poco | P\u00e1gina10<\/title>\n<meta name=\"robots\" content=\"index, follow, max-snippet:-1, max-image-preview:large, max-video-preview:-1\" \/>\n<link rel=\"canonical\" href=\"https:\/\/pagina10.com\/web\/el-colegio-artemio-mendoza-se-desmorona-poco-a-poco\/\" \/>\n<meta property=\"og:locale\" content=\"es_ES\" \/>\n<meta property=\"og:type\" content=\"article\" \/>\n<meta property=\"og:title\" content=\"El Colegio Artemio Mendoza se desmorona poco a poco | P\u00e1gina10\" \/>\n<meta property=\"og:description\" content=\"Esta instituci\u00f3n del municipio de Pasto, que atiende a m\u00e1s de 3 mil alumnos en sus cinco sedes&nbsp; vive una profunda crisis que estall\u00f3 ayer cuando se enteraron de que el nuevo Rector hab\u00eda sido trasladado de nuevo. El Colegio Artemio Mendoza, es una instituci\u00f3n p\u00fablica, que est\u00e1 ubicado en el sector del Sagrado Coraz\u00f3n,&nbsp; [&hellip;]\" \/>\n<meta property=\"og:url\" content=\"https:\/\/pagina10.com\/web\/el-colegio-artemio-mendoza-se-desmorona-poco-a-poco\/\" \/>\n<meta property=\"og:site_name\" content=\"P\u00e1gina10\" \/>\n<meta property=\"article:publisher\" content=\"https:\/\/www.facebook.com\/pag10com\" \/>\n<meta property=\"article:published_time\" content=\"2014-09-13T23:35:51+00:00\" \/>\n<meta property=\"og:image\" content=\"https:\/\/pagina10.com\/web\/wp-content\/uploads\/2014\/09\/06bb67fe1cf0e7e88dbb2bf1a6f5151b-scaled.jpg\" \/>\n\t<meta property=\"og:image:width\" content=\"2560\" \/>\n\t<meta property=\"og:image:height\" content=\"1920\" \/>\n\t<meta property=\"og:image:type\" content=\"image\/jpeg\" \/>\n<meta name=\"author\" content=\"P\u00e1gina 10\" \/>\n<meta name=\"twitter:card\" content=\"summary_large_image\" \/>\n<meta name=\"twitter:creator\" content=\"@Pag10com\" \/>\n<meta name=\"twitter:site\" content=\"@Pag10com\" \/>\n<meta name=\"twitter:label1\" content=\"Escrito por\" \/>\n\t<meta name=\"twitter:data1\" content=\"P\u00e1gina 10\" \/>\n\t<meta name=\"twitter:label2\" content=\"Tiempo de lectura\" \/>\n\t<meta name=\"twitter:data2\" content=\"6 minutos\" \/>\n<script type=\"application\/ld+json\" class=\"yoast-schema-graph\">{\"@context\":\"https:\/\/schema.org\",\"@graph\":[{\"@type\":\"Article\",\"@id\":\"https:\/\/pagina10.com\/web\/el-colegio-artemio-mendoza-se-desmorona-poco-a-poco\/#article\",\"isPartOf\":{\"@id\":\"https:\/\/pagina10.com\/web\/el-colegio-artemio-mendoza-se-desmorona-poco-a-poco\/\"},\"author\":{\"name\":\"P\u00e1gina 10\",\"@id\":\"https:\/\/pagina10.com\/web\/#\/schema\/person\/a7a5d38f0629dfc107f619fbae4f6cc3\"},\"headline\":\"El Colegio Artemio Mendoza se desmorona poco a poco\",\"datePublished\":\"2014-09-13T23:35:51+00:00\",\"mainEntityOfPage\":{\"@id\":\"https:\/\/pagina10.com\/web\/el-colegio-artemio-mendoza-se-desmorona-poco-a-poco\/\"},\"wordCount\":1202,\"commentCount\":0,\"publisher\":{\"@id\":\"https:\/\/pagina10.com\/web\/#organization\"},\"image\":{\"@id\":\"https:\/\/pagina10.com\/web\/el-colegio-artemio-mendoza-se-desmorona-poco-a-poco\/#primaryimage\"},\"thumbnailUrl\":\"https:\/\/pagina10.com\/web\/wp-content\/uploads\/2014\/09\/06bb67fe1cf0e7e88dbb2bf1a6f5151b-scaled.jpg\",\"keywords\":[\"colegio artemio mendoza\",\"educacion\",\"pasto\"],\"articleSection\":[\"Ciudad\"],\"inLanguage\":\"es\",\"potentialAction\":[{\"@type\":\"CommentAction\",\"name\":\"Comment\",\"target\":[\"https:\/\/pagina10.com\/web\/el-colegio-artemio-mendoza-se-desmorona-poco-a-poco\/#respond\"]}]},{\"@type\":\"WebPage\",\"@id\":\"https:\/\/pagina10.com\/web\/el-colegio-artemio-mendoza-se-desmorona-poco-a-poco\/\",\"url\":\"https:\/\/pagina10.com\/web\/el-colegio-artemio-mendoza-se-desmorona-poco-a-poco\/\",\"name\":\"El Colegio Artemio Mendoza se desmorona poco a poco | P\u00e1gina10\",\"isPartOf\":{\"@id\":\"https:\/\/pagina10.com\/web\/#website\"},\"primaryImageOfPage\":{\"@id\":\"https:\/\/pagina10.com\/web\/el-colegio-artemio-mendoza-se-desmorona-poco-a-poco\/#primaryimage\"},\"image\":{\"@id\":\"https:\/\/pagina10.com\/web\/el-colegio-artemio-mendoza-se-desmorona-poco-a-poco\/#primaryimage\"},\"thumbnailUrl\":\"https:\/\/pagina10.com\/web\/wp-content\/uploads\/2014\/09\/06bb67fe1cf0e7e88dbb2bf1a6f5151b-scaled.jpg\",\"datePublished\":\"2014-09-13T23:35:51+00:00\",\"breadcrumb\":{\"@id\":\"https:\/\/pagina10.com\/web\/el-colegio-artemio-mendoza-se-desmorona-poco-a-poco\/#breadcrumb\"},\"inLanguage\":\"es\",\"potentialAction\":[{\"@type\":\"ReadAction\",\"target\":[\"https:\/\/pagina10.com\/web\/el-colegio-artemio-mendoza-se-desmorona-poco-a-poco\/\"]}]},{\"@type\":\"ImageObject\",\"inLanguage\":\"es\",\"@id\":\"https:\/\/pagina10.com\/web\/el-colegio-artemio-mendoza-se-desmorona-poco-a-poco\/#primaryimage\",\"url\":\"https:\/\/pagina10.com\/web\/wp-content\/uploads\/2014\/09\/06bb67fe1cf0e7e88dbb2bf1a6f5151b-scaled.jpg\",\"contentUrl\":\"https:\/\/pagina10.com\/web\/wp-content\/uploads\/2014\/09\/06bb67fe1cf0e7e88dbb2bf1a6f5151b-scaled.jpg\",\"width\":2560,\"height\":1920},{\"@type\":\"BreadcrumbList\",\"@id\":\"https:\/\/pagina10.com\/web\/el-colegio-artemio-mendoza-se-desmorona-poco-a-poco\/#breadcrumb\",\"itemListElement\":[{\"@type\":\"ListItem\",\"position\":1,\"name\":\"Portada\",\"item\":\"https:\/\/pagina10.com\/web\/\"},{\"@type\":\"ListItem\",\"position\":2,\"name\":\"El Colegio Artemio Mendoza se desmorona poco a poco\"}]},{\"@type\":\"WebSite\",\"@id\":\"https:\/\/pagina10.com\/web\/#website\",\"url\":\"https:\/\/pagina10.com\/web\/\",\"name\":\"P\u00e1gina10\",\"description\":\"Peri\u00f3dico Regional\",\"publisher\":{\"@id\":\"https:\/\/pagina10.com\/web\/#organization\"},\"alternateName\":\"P\u00e1gina10 Peri\u00f3dico Regional\",\"potentialAction\":[{\"@type\":\"SearchAction\",\"target\":{\"@type\":\"EntryPoint\",\"urlTemplate\":\"https:\/\/pagina10.com\/web\/?s={search_term_string}\"},\"query-input\":{\"@type\":\"PropertyValueSpecification\",\"valueRequired\":true,\"valueName\":\"search_term_string\"}}],\"inLanguage\":\"es\"},{\"@type\":\"Organization\",\"@id\":\"https:\/\/pagina10.com\/web\/#organization\",\"name\":\"P\u00e1gina10\",\"alternateName\":\"P\u00e1gina10 Peri\u00f3dico Regional\",\"url\":\"https:\/\/pagina10.com\/web\/\",\"logo\":{\"@type\":\"ImageObject\",\"inLanguage\":\"es\",\"@id\":\"https:\/\/pagina10.com\/web\/#\/schema\/logo\/image\/\",\"url\":\"https:\/\/pagina10.com\/web\/wp-content\/uploads\/2024\/01\/40-pagina-10-periodico-regional-pasto.jpg\",\"contentUrl\":\"https:\/\/pagina10.com\/web\/wp-content\/uploads\/2024\/01\/40-pagina-10-periodico-regional-pasto.jpg\",\"width\":1280,\"height\":720,\"caption\":\"P\u00e1gina10\"},\"image\":{\"@id\":\"https:\/\/pagina10.com\/web\/#\/schema\/logo\/image\/\"},\"sameAs\":[\"https:\/\/www.facebook.com\/pag10com\",\"https:\/\/x.com\/Pag10com\",\"https:\/\/www.instagram.com\/pagina10col\/\",\"https:\/\/youtube.com\/channel\/pag10\",\"https:\/\/www.tiktok.com\/@p10col\"]},{\"@type\":\"Person\",\"@id\":\"https:\/\/pagina10.com\/web\/#\/schema\/person\/a7a5d38f0629dfc107f619fbae4f6cc3\",\"name\":\"P\u00e1gina 10\",\"description\":\"P\u00e1gina10.com es un peri\u00f3dico digital que nace en Colombia, en el departamento de Nari\u00f1o, con un enfoque global, fundamentado en cuatro pilares esenciales: la libertad, el pluralismo, la inclusi\u00f3n y la independencia. P\u00e1gina10.com hace referencia a Nari\u00f1o como el d\u00e9cimo departamento creado en Colombia, despu\u00e9s de un proceso pol\u00edtico liderado por actores y actrices regionales con el fin de obtener la independencia y autonom\u00eda de nuestros territorios. Con la creaci\u00f3n de P\u00e1gina10.com se pretende abrir un escenario para el dialogo, la reflexi\u00f3n y el debate que se extienda a otras geograf\u00edas de Am\u00e9rica Latina y del planeta, en una apuesta por transformar colectivamente los desaf\u00edos de un mundo contempor\u00e1neo, m\u00e1s all\u00e1 de las fronteras impuestas.\",\"url\":\"https:\/\/pagina10.com\/web\/author\/mcepeda\/\"}]}<\/script>\n<!-- \/ Yoast SEO plugin. -->","yoast_head_json":{"title":"El Colegio Artemio Mendoza se desmorona poco a poco | P\u00e1gina10","robots":{"index":"index","follow":"follow","max-snippet":"max-snippet:-1","max-image-preview":"max-image-preview:large","max-video-preview":"max-video-preview:-1"},"canonical":"https:\/\/pagina10.com\/web\/el-colegio-artemio-mendoza-se-desmorona-poco-a-poco\/","og_locale":"es_ES","og_type":"article","og_title":"El Colegio Artemio Mendoza se desmorona poco a poco | P\u00e1gina10","og_description":"Esta instituci\u00f3n del municipio de Pasto, que atiende a m\u00e1s de 3 mil alumnos en sus cinco sedes&nbsp; vive una profunda crisis que estall\u00f3 ayer cuando se enteraron de que el nuevo Rector hab\u00eda sido trasladado de nuevo. El Colegio Artemio Mendoza, es una instituci\u00f3n p\u00fablica, que est\u00e1 ubicado en el sector del Sagrado Coraz\u00f3n,&nbsp; [&hellip;]","og_url":"https:\/\/pagina10.com\/web\/el-colegio-artemio-mendoza-se-desmorona-poco-a-poco\/","og_site_name":"P\u00e1gina10","article_publisher":"https:\/\/www.facebook.com\/pag10com","article_published_time":"2014-09-13T23:35:51+00:00","og_image":[{"width":2560,"height":1920,"url":"https:\/\/pagina10.com\/web\/wp-content\/uploads\/2014\/09\/06bb67fe1cf0e7e88dbb2bf1a6f5151b-scaled.jpg","type":"image\/jpeg"}],"author":"P\u00e1gina 10","twitter_card":"summary_large_image","twitter_creator":"@Pag10com","twitter_site":"@Pag10com","twitter_misc":{"Escrito por":"P\u00e1gina 10","Tiempo de lectura":"6 minutos"},"schema":{"@context":"https:\/\/schema.org","@graph":[{"@type":"Article","@id":"https:\/\/pagina10.com\/web\/el-colegio-artemio-mendoza-se-desmorona-poco-a-poco\/#article","isPartOf":{"@id":"https:\/\/pagina10.com\/web\/el-colegio-artemio-mendoza-se-desmorona-poco-a-poco\/"},"author":{"name":"P\u00e1gina 10","@id":"https:\/\/pagina10.com\/web\/#\/schema\/person\/a7a5d38f0629dfc107f619fbae4f6cc3"},"headline":"El Colegio Artemio Mendoza se desmorona poco a poco","datePublished":"2014-09-13T23:35:51+00:00","mainEntityOfPage":{"@id":"https:\/\/pagina10.com\/web\/el-colegio-artemio-mendoza-se-desmorona-poco-a-poco\/"},"wordCount":1202,"commentCount":0,"publisher":{"@id":"https:\/\/pagina10.com\/web\/#organization"},"image":{"@id":"https:\/\/pagina10.com\/web\/el-colegio-artemio-mendoza-se-desmorona-poco-a-poco\/#primaryimage"},"thumbnailUrl":"https:\/\/pagina10.com\/web\/wp-content\/uploads\/2014\/09\/06bb67fe1cf0e7e88dbb2bf1a6f5151b-scaled.jpg","keywords":["colegio artemio mendoza","educacion","pasto"],"articleSection":["Ciudad"],"inLanguage":"es","potentialAction":[{"@type":"CommentAction","name":"Comment","target":["https:\/\/pagina10.com\/web\/el-colegio-artemio-mendoza-se-desmorona-poco-a-poco\/#respond"]}]},{"@type":"WebPage","@id":"https:\/\/pagina10.com\/web\/el-colegio-artemio-mendoza-se-desmorona-poco-a-poco\/","url":"https:\/\/pagina10.com\/web\/el-colegio-artemio-mendoza-se-desmorona-poco-a-poco\/","name":"El Colegio Artemio Mendoza se desmorona poco a poco | P\u00e1gina10","isPartOf":{"@id":"https:\/\/pagina10.com\/web\/#website"},"primaryImageOfPage":{"@id":"https:\/\/pagina10.com\/web\/el-colegio-artemio-mendoza-se-desmorona-poco-a-poco\/#primaryimage"},"image":{"@id":"https:\/\/pagina10.com\/web\/el-colegio-artemio-mendoza-se-desmorona-poco-a-poco\/#primaryimage"},"thumbnailUrl":"https:\/\/pagina10.com\/web\/wp-content\/uploads\/2014\/09\/06bb67fe1cf0e7e88dbb2bf1a6f5151b-scaled.jpg","datePublished":"2014-09-13T23:35:51+00:00","breadcrumb":{"@id":"https:\/\/pagina10.com\/web\/el-colegio-artemio-mendoza-se-desmorona-poco-a-poco\/#breadcrumb"},"inLanguage":"es","potentialAction":[{"@type":"ReadAction","target":["https:\/\/pagina10.com\/web\/el-colegio-artemio-mendoza-se-desmorona-poco-a-poco\/"]}]},{"@type":"ImageObject","inLanguage":"es","@id":"https:\/\/pagina10.com\/web\/el-colegio-artemio-mendoza-se-desmorona-poco-a-poco\/#primaryimage","url":"https:\/\/pagina10.com\/web\/wp-content\/uploads\/2014\/09\/06bb67fe1cf0e7e88dbb2bf1a6f5151b-scaled.jpg","contentUrl":"https:\/\/pagina10.com\/web\/wp-content\/uploads\/2014\/09\/06bb67fe1cf0e7e88dbb2bf1a6f5151b-scaled.jpg","width":2560,"height":1920},{"@type":"BreadcrumbList","@id":"https:\/\/pagina10.com\/web\/el-colegio-artemio-mendoza-se-desmorona-poco-a-poco\/#breadcrumb","itemListElement":[{"@type":"ListItem","position":1,"name":"Portada","item":"https:\/\/pagina10.com\/web\/"},{"@type":"ListItem","position":2,"name":"El Colegio Artemio Mendoza se desmorona poco a poco"}]},{"@type":"WebSite","@id":"https:\/\/pagina10.com\/web\/#website","url":"https:\/\/pagina10.com\/web\/","name":"P\u00e1gina10","description":"Peri\u00f3dico Regional","publisher":{"@id":"https:\/\/pagina10.com\/web\/#organization"},"alternateName":"P\u00e1gina10 Peri\u00f3dico Regional","potentialAction":[{"@type":"SearchAction","target":{"@type":"EntryPoint","urlTemplate":"https:\/\/pagina10.com\/web\/?s={search_term_string}"},"query-input":{"@type":"PropertyValueSpecification","valueRequired":true,"valueName":"search_term_string"}}],"inLanguage":"es"},{"@type":"Organization","@id":"https:\/\/pagina10.com\/web\/#organization","name":"P\u00e1gina10","alternateName":"P\u00e1gina10 Peri\u00f3dico Regional","url":"https:\/\/pagina10.com\/web\/","logo":{"@type":"ImageObject","inLanguage":"es","@id":"https:\/\/pagina10.com\/web\/#\/schema\/logo\/image\/","url":"https:\/\/pagina10.com\/web\/wp-content\/uploads\/2024\/01\/40-pagina-10-periodico-regional-pasto.jpg","contentUrl":"https:\/\/pagina10.com\/web\/wp-content\/uploads\/2024\/01\/40-pagina-10-periodico-regional-pasto.jpg","width":1280,"height":720,"caption":"P\u00e1gina10"},"image":{"@id":"https:\/\/pagina10.com\/web\/#\/schema\/logo\/image\/"},"sameAs":["https:\/\/www.facebook.com\/pag10com","https:\/\/x.com\/Pag10com","https:\/\/www.instagram.com\/pagina10col\/","https:\/\/youtube.com\/channel\/pag10","https:\/\/www.tiktok.com\/@p10col"]},{"@type":"Person","@id":"https:\/\/pagina10.com\/web\/#\/schema\/person\/a7a5d38f0629dfc107f619fbae4f6cc3","name":"P\u00e1gina 10","description":"P\u00e1gina10.com es un peri\u00f3dico digital que nace en Colombia, en el departamento de Nari\u00f1o, con un enfoque global, fundamentado en cuatro pilares esenciales: la libertad, el pluralismo, la inclusi\u00f3n y la independencia. P\u00e1gina10.com hace referencia a Nari\u00f1o como el d\u00e9cimo departamento creado en Colombia, despu\u00e9s de un proceso pol\u00edtico liderado por actores y actrices regionales con el fin de obtener la independencia y autonom\u00eda de nuestros territorios. Con la creaci\u00f3n de P\u00e1gina10.com se pretende abrir un escenario para el dialogo, la reflexi\u00f3n y el debate que se extienda a otras geograf\u00edas de Am\u00e9rica Latina y del planeta, en una apuesta por transformar colectivamente los desaf\u00edos de un mundo contempor\u00e1neo, m\u00e1s all\u00e1 de las fronteras impuestas.","url":"https:\/\/pagina10.com\/web\/author\/mcepeda\/"}]}},"_links":{"self":[{"href":"https:\/\/pagina10.com\/web\/wp-json\/wp\/v2\/posts\/10237","targetHints":{"allow":["GET"]}}],"collection":[{"href":"https:\/\/pagina10.com\/web\/wp-json\/wp\/v2\/posts"}],"about":[{"href":"https:\/\/pagina10.com\/web\/wp-json\/wp\/v2\/types\/post"}],"author":[{"embeddable":true,"href":"https:\/\/pagina10.com\/web\/wp-json\/wp\/v2\/users\/29"}],"replies":[{"embeddable":true,"href":"https:\/\/pagina10.com\/web\/wp-json\/wp\/v2\/comments?post=10237"}],"version-history":[{"count":0,"href":"https:\/\/pagina10.com\/web\/wp-json\/wp\/v2\/posts\/10237\/revisions"}],"wp:featuredmedia":[{"embeddable":true,"href":"https:\/\/pagina10.com\/web\/wp-json\/wp\/v2\/media\/10236"}],"wp:attachment":[{"href":"https:\/\/pagina10.com\/web\/wp-json\/wp\/v2\/media?parent=10237"}],"wp:term":[{"taxonomy":"category","embeddable":true,"href":"https:\/\/pagina10.com\/web\/wp-json\/wp\/v2\/categories?post=10237"},{"taxonomy":"post_tag","embeddable":true,"href":"https:\/\/pagina10.com\/web\/wp-json\/wp\/v2\/tags?post=10237"}],"curies":[{"name":"wp","href":"https:\/\/api.w.org\/{rel}","templated":true}]}}