{"id":10309,"date":"2014-09-16T23:27:37","date_gmt":"2014-09-16T23:27:37","guid":{"rendered":"https:\/\/pagina10.com\/web\/mujeres-emprendedoras-se-graduan-gracias-a-gestion-de-oficina-de-genero\/"},"modified":"2014-09-16T23:27:37","modified_gmt":"2014-09-16T23:27:37","slug":"mujeres-emprendedoras-se-graduan-gracias-a-gestion-de-oficina-de-genero","status":"publish","type":"post","link":"https:\/\/pagina10.com\/web\/mujeres-emprendedoras-se-graduan-gracias-a-gestion-de-oficina-de-genero\/","title":{"rendered":"Mujeres emprendedoras se grad\u00faan gracias a gesti\u00f3n de Oficina de G\u00e9nero"},"content":{"rendered":"<p><img fetchpriority=\"high\" decoding=\"async\" class=\" size-full wp-image-10308\" src=\"https:\/\/pagina10.com\/web\/wp-content\/uploads\/2014\/09\/183dbc2e04641489c20d3da59cb68f3c.jpg\" alt=\"\" width=\"960\" height=\"640\" srcset=\"https:\/\/pagina10.com\/web\/wp-content\/uploads\/2014\/09\/183dbc2e04641489c20d3da59cb68f3c.jpg 960w, https:\/\/pagina10.com\/web\/wp-content\/uploads\/2014\/09\/183dbc2e04641489c20d3da59cb68f3c-300x200.jpg 300w, https:\/\/pagina10.com\/web\/wp-content\/uploads\/2014\/09\/183dbc2e04641489c20d3da59cb68f3c-768x512.jpg 768w, https:\/\/pagina10.com\/web\/wp-content\/uploads\/2014\/09\/183dbc2e04641489c20d3da59cb68f3c-450x300.jpg 450w\" sizes=\"(max-width: 960px) 100vw, 960px\" \/><\/p>\n<p style=\"text-align: justify;\">El martes 16 de septiembre en las instalaciones del Hotel Agualongo, la Oficina de G\u00e9nero de la Alcald\u00eda de Pasto gradu\u00f3&nbsp;a 45 mujeres, quienes ven\u00edan desarrollando capacitaciones en cer\u00e1mica, bisuter\u00eda y sistemas.&nbsp;<\/p>\n<p style=\"text-align: justify;\">&nbsp;<\/p>\n<p style=\"text-align: justify;\">&#8220;La iniciativa busca generar ingresos e independencia econ\u00f3mica en la mujer del sector urbano y rural quienes son madres cabezas de familia, estas jornadas tambi\u00e9n servir\u00e1n para capacitarlas en temas de c\u00f3mo hacer empresa&#8221;, precis\u00f3 la directora de la oficina de Gen\u00e9ro, Doctora Silvia Meneses.&nbsp;<\/p>\n<p style=\"text-align: justify;\">&nbsp;<\/p>\n<p style=\"text-align: justify;\">Durante la jornada se evidenci\u00f3 la importancia que este tipo de actividades fomentadas desde la Oficina de G\u00e9nero tienen para muchas de las mujeres que participan activamente de ellas. La Doctora Silvia Stella Meneses resalt\u00f3 y felicit\u00f3 a las familias que acompa\u00f1an estos procesos y que permiten de cierta manera que estas mujeres aprovechen estos espacios y generen una alternativa economica para su hogar.&nbsp;<\/p>\n<p style=\"text-align: justify;\">&nbsp;<\/p>\n<p style=\"text-align: justify;\">Sandra Chir\u00e1n Montenegro, representante legal de la empresa Arte Corp Ahimed y capacitadora del curso de cer\u00e1mica les di\u00f3 la bienvenida a una vida empresarial a todas las mujeres que asistieron y recalc\u00f3 la importancia de seguir adelante con estas actividades en donde ellas pueden generar su propio sostenimiento econ\u00f3mico. &nbsp;<\/p>\n<p style=\"text-align: justify;\">&nbsp;<\/p>\n<p style=\"text-align: justify;\">Ximena Delgado del grupo de mujeres Torobajo La Victoria y participante de estos cursos agradeci\u00f3 las capacitaciones ya que le permitieron reforzar varios conocimientos. &#8220;Las jornadas fueron excelentes pues somos mujeres que trabajamos a diario por el sustento y por el bienestar de nuestras familias&#8221;.<\/p>\n<p style=\"text-align: justify;\">El acto estuvo acompa\u00f1ado de una exposici\u00f3n de cer\u00e1mica y bisuter\u00eda, trabajos realizados por cada una de las graduandos.&nbsp;<\/p>\n<div id=\"photos\"><\/div>\n<p> <iframe src=\"http:\/\/embedsocial.com\/facebook_album\/album_photos\/732532190147663\" width=\"650\" height=\"1450\" frameborder=\"0\" scrolling=\"no\" marginheight=\"0\"  marginwidth=\"0\"><\/iframe><\/p>\n","protected":false},"excerpt":{"rendered":"<p>El martes 16 de septiembre en las instalaciones del Hotel Agualongo, la Oficina de G\u00e9nero de la Alcald\u00eda de Pasto gradu\u00f3&nbsp;a 45 mujeres, quienes ven\u00edan desarrollando capacitaciones en cer\u00e1mica, bisuter\u00eda y sistemas.&nbsp; &nbsp; &#8220;La iniciativa busca generar ingresos e independencia econ\u00f3mica en la mujer del sector urbano y rural quienes son madres cabezas de familia, [&hellip;]<\/p>\n","protected":false},"author":29,"featured_media":10308,"comment_status":"open","ping_status":"open","sticky":false,"template":"","format":"standard","meta":{"footnotes":""},"categories":[82],"tags":[],"class_list":["post-10309","post","type-post","status-publish","format-standard","has-post-thumbnail","hentry","category-ciudad-2"],"yoast_head":"<!-- This site is optimized with the Yoast SEO plugin v27.1.1 - https:\/\/yoast.com\/product\/yoast-seo-wordpress\/ -->\n<title>Mujeres emprendedoras se grad\u00faan gracias a gesti\u00f3n de Oficina de G\u00e9nero | P\u00e1gina10<\/title>\n<meta name=\"robots\" content=\"index, follow, max-snippet:-1, max-image-preview:large, max-video-preview:-1\" \/>\n<link rel=\"canonical\" href=\"https:\/\/pagina10.com\/web\/mujeres-emprendedoras-se-graduan-gracias-a-gestion-de-oficina-de-genero\/\" \/>\n<meta property=\"og:locale\" content=\"es_ES\" \/>\n<meta property=\"og:type\" content=\"article\" \/>\n<meta property=\"og:title\" content=\"Mujeres emprendedoras se grad\u00faan gracias a gesti\u00f3n de Oficina de G\u00e9nero | P\u00e1gina10\" \/>\n<meta property=\"og:description\" content=\"El martes 16 de septiembre en las instalaciones del Hotel Agualongo, la Oficina de G\u00e9nero de la Alcald\u00eda de Pasto gradu\u00f3&nbsp;a 45 mujeres, quienes ven\u00edan desarrollando capacitaciones en cer\u00e1mica, bisuter\u00eda y sistemas.&nbsp; &nbsp; &#8220;La iniciativa busca generar ingresos e independencia econ\u00f3mica en la mujer del sector urbano y rural quienes son madres cabezas de familia, [&hellip;]\" \/>\n<meta property=\"og:url\" content=\"https:\/\/pagina10.com\/web\/mujeres-emprendedoras-se-graduan-gracias-a-gestion-de-oficina-de-genero\/\" \/>\n<meta property=\"og:site_name\" content=\"P\u00e1gina10\" \/>\n<meta property=\"article:publisher\" content=\"https:\/\/www.facebook.com\/pag10com\" \/>\n<meta property=\"article:published_time\" content=\"2014-09-16T23:27:37+00:00\" \/>\n<meta property=\"og:image\" content=\"https:\/\/pagina10.com\/web\/wp-content\/uploads\/2014\/09\/183dbc2e04641489c20d3da59cb68f3c.jpg\" \/>\n\t<meta property=\"og:image:width\" content=\"960\" \/>\n\t<meta property=\"og:image:height\" content=\"640\" \/>\n\t<meta property=\"og:image:type\" content=\"image\/jpeg\" \/>\n<meta name=\"author\" content=\"P\u00e1gina 10\" \/>\n<meta name=\"twitter:card\" content=\"summary_large_image\" \/>\n<meta name=\"twitter:creator\" content=\"@Pag10com\" \/>\n<meta name=\"twitter:site\" content=\"@Pag10com\" \/>\n<meta name=\"twitter:label1\" content=\"Escrito por\" \/>\n\t<meta name=\"twitter:data1\" content=\"P\u00e1gina 10\" \/>\n\t<meta name=\"twitter:label2\" content=\"Tiempo de lectura\" \/>\n\t<meta name=\"twitter:data2\" content=\"1 minuto\" \/>\n<script type=\"application\/ld+json\" class=\"yoast-schema-graph\">{\"@context\":\"https:\/\/schema.org\",\"@graph\":[{\"@type\":\"Article\",\"@id\":\"https:\/\/pagina10.com\/web\/mujeres-emprendedoras-se-graduan-gracias-a-gestion-de-oficina-de-genero\/#article\",\"isPartOf\":{\"@id\":\"https:\/\/pagina10.com\/web\/mujeres-emprendedoras-se-graduan-gracias-a-gestion-de-oficina-de-genero\/\"},\"author\":{\"name\":\"P\u00e1gina 10\",\"@id\":\"https:\/\/pagina10.com\/web\/#\/schema\/person\/a7a5d38f0629dfc107f619fbae4f6cc3\"},\"headline\":\"Mujeres emprendedoras se grad\u00faan gracias a gesti\u00f3n de Oficina de G\u00e9nero\",\"datePublished\":\"2014-09-16T23:27:37+00:00\",\"mainEntityOfPage\":{\"@id\":\"https:\/\/pagina10.com\/web\/mujeres-emprendedoras-se-graduan-gracias-a-gestion-de-oficina-de-genero\/\"},\"wordCount\":297,\"commentCount\":0,\"publisher\":{\"@id\":\"https:\/\/pagina10.com\/web\/#organization\"},\"image\":{\"@id\":\"https:\/\/pagina10.com\/web\/mujeres-emprendedoras-se-graduan-gracias-a-gestion-de-oficina-de-genero\/#primaryimage\"},\"thumbnailUrl\":\"https:\/\/pagina10.com\/web\/wp-content\/uploads\/2014\/09\/183dbc2e04641489c20d3da59cb68f3c.jpg\",\"articleSection\":[\"Ciudad\"],\"inLanguage\":\"es\",\"potentialAction\":[{\"@type\":\"CommentAction\",\"name\":\"Comment\",\"target\":[\"https:\/\/pagina10.com\/web\/mujeres-emprendedoras-se-graduan-gracias-a-gestion-de-oficina-de-genero\/#respond\"]}]},{\"@type\":\"WebPage\",\"@id\":\"https:\/\/pagina10.com\/web\/mujeres-emprendedoras-se-graduan-gracias-a-gestion-de-oficina-de-genero\/\",\"url\":\"https:\/\/pagina10.com\/web\/mujeres-emprendedoras-se-graduan-gracias-a-gestion-de-oficina-de-genero\/\",\"name\":\"Mujeres emprendedoras se grad\u00faan gracias a gesti\u00f3n de Oficina de G\u00e9nero | P\u00e1gina10\",\"isPartOf\":{\"@id\":\"https:\/\/pagina10.com\/web\/#website\"},\"primaryImageOfPage\":{\"@id\":\"https:\/\/pagina10.com\/web\/mujeres-emprendedoras-se-graduan-gracias-a-gestion-de-oficina-de-genero\/#primaryimage\"},\"image\":{\"@id\":\"https:\/\/pagina10.com\/web\/mujeres-emprendedoras-se-graduan-gracias-a-gestion-de-oficina-de-genero\/#primaryimage\"},\"thumbnailUrl\":\"https:\/\/pagina10.com\/web\/wp-content\/uploads\/2014\/09\/183dbc2e04641489c20d3da59cb68f3c.jpg\",\"datePublished\":\"2014-09-16T23:27:37+00:00\",\"breadcrumb\":{\"@id\":\"https:\/\/pagina10.com\/web\/mujeres-emprendedoras-se-graduan-gracias-a-gestion-de-oficina-de-genero\/#breadcrumb\"},\"inLanguage\":\"es\",\"potentialAction\":[{\"@type\":\"ReadAction\",\"target\":[\"https:\/\/pagina10.com\/web\/mujeres-emprendedoras-se-graduan-gracias-a-gestion-de-oficina-de-genero\/\"]}]},{\"@type\":\"ImageObject\",\"inLanguage\":\"es\",\"@id\":\"https:\/\/pagina10.com\/web\/mujeres-emprendedoras-se-graduan-gracias-a-gestion-de-oficina-de-genero\/#primaryimage\",\"url\":\"https:\/\/pagina10.com\/web\/wp-content\/uploads\/2014\/09\/183dbc2e04641489c20d3da59cb68f3c.jpg\",\"contentUrl\":\"https:\/\/pagina10.com\/web\/wp-content\/uploads\/2014\/09\/183dbc2e04641489c20d3da59cb68f3c.jpg\",\"width\":960,\"height\":640},{\"@type\":\"BreadcrumbList\",\"@id\":\"https:\/\/pagina10.com\/web\/mujeres-emprendedoras-se-graduan-gracias-a-gestion-de-oficina-de-genero\/#breadcrumb\",\"itemListElement\":[{\"@type\":\"ListItem\",\"position\":1,\"name\":\"Portada\",\"item\":\"https:\/\/pagina10.com\/web\/\"},{\"@type\":\"ListItem\",\"position\":2,\"name\":\"Mujeres emprendedoras se grad\u00faan gracias a gesti\u00f3n de Oficina de G\u00e9nero\"}]},{\"@type\":\"WebSite\",\"@id\":\"https:\/\/pagina10.com\/web\/#website\",\"url\":\"https:\/\/pagina10.com\/web\/\",\"name\":\"P\u00e1gina10\",\"description\":\"Peri\u00f3dico Regional\",\"publisher\":{\"@id\":\"https:\/\/pagina10.com\/web\/#organization\"},\"alternateName\":\"P\u00e1gina10 Peri\u00f3dico Regional\",\"potentialAction\":[{\"@type\":\"SearchAction\",\"target\":{\"@type\":\"EntryPoint\",\"urlTemplate\":\"https:\/\/pagina10.com\/web\/?s={search_term_string}\"},\"query-input\":{\"@type\":\"PropertyValueSpecification\",\"valueRequired\":true,\"valueName\":\"search_term_string\"}}],\"inLanguage\":\"es\"},{\"@type\":\"Organization\",\"@id\":\"https:\/\/pagina10.com\/web\/#organization\",\"name\":\"P\u00e1gina10\",\"alternateName\":\"P\u00e1gina10 Peri\u00f3dico Regional\",\"url\":\"https:\/\/pagina10.com\/web\/\",\"logo\":{\"@type\":\"ImageObject\",\"inLanguage\":\"es\",\"@id\":\"https:\/\/pagina10.com\/web\/#\/schema\/logo\/image\/\",\"url\":\"https:\/\/pagina10.com\/web\/wp-content\/uploads\/2024\/01\/40-pagina-10-periodico-regional-pasto.jpg\",\"contentUrl\":\"https:\/\/pagina10.com\/web\/wp-content\/uploads\/2024\/01\/40-pagina-10-periodico-regional-pasto.jpg\",\"width\":1280,\"height\":720,\"caption\":\"P\u00e1gina10\"},\"image\":{\"@id\":\"https:\/\/pagina10.com\/web\/#\/schema\/logo\/image\/\"},\"sameAs\":[\"https:\/\/www.facebook.com\/pag10com\",\"https:\/\/x.com\/Pag10com\",\"https:\/\/www.instagram.com\/pagina10col\/\",\"https:\/\/youtube.com\/channel\/pag10\",\"https:\/\/www.tiktok.com\/@p10col\"]},{\"@type\":\"Person\",\"@id\":\"https:\/\/pagina10.com\/web\/#\/schema\/person\/a7a5d38f0629dfc107f619fbae4f6cc3\",\"name\":\"P\u00e1gina 10\",\"description\":\"P\u00e1gina10.com es un peri\u00f3dico digital que nace en Colombia, en el departamento de Nari\u00f1o, con un enfoque global, fundamentado en cuatro pilares esenciales: la libertad, el pluralismo, la inclusi\u00f3n y la independencia. P\u00e1gina10.com hace referencia a Nari\u00f1o como el d\u00e9cimo departamento creado en Colombia, despu\u00e9s de un proceso pol\u00edtico liderado por actores y actrices regionales con el fin de obtener la independencia y autonom\u00eda de nuestros territorios. Con la creaci\u00f3n de P\u00e1gina10.com se pretende abrir un escenario para el dialogo, la reflexi\u00f3n y el debate que se extienda a otras geograf\u00edas de Am\u00e9rica Latina y del planeta, en una apuesta por transformar colectivamente los desaf\u00edos de un mundo contempor\u00e1neo, m\u00e1s all\u00e1 de las fronteras impuestas.\",\"url\":\"https:\/\/pagina10.com\/web\/author\/mcepeda\/\"}]}<\/script>\n<!-- \/ Yoast SEO plugin. -->","yoast_head_json":{"title":"Mujeres emprendedoras se grad\u00faan gracias a gesti\u00f3n de Oficina de G\u00e9nero | P\u00e1gina10","robots":{"index":"index","follow":"follow","max-snippet":"max-snippet:-1","max-image-preview":"max-image-preview:large","max-video-preview":"max-video-preview:-1"},"canonical":"https:\/\/pagina10.com\/web\/mujeres-emprendedoras-se-graduan-gracias-a-gestion-de-oficina-de-genero\/","og_locale":"es_ES","og_type":"article","og_title":"Mujeres emprendedoras se grad\u00faan gracias a gesti\u00f3n de Oficina de G\u00e9nero | P\u00e1gina10","og_description":"El martes 16 de septiembre en las instalaciones del Hotel Agualongo, la Oficina de G\u00e9nero de la Alcald\u00eda de Pasto gradu\u00f3&nbsp;a 45 mujeres, quienes ven\u00edan desarrollando capacitaciones en cer\u00e1mica, bisuter\u00eda y sistemas.&nbsp; &nbsp; &#8220;La iniciativa busca generar ingresos e independencia econ\u00f3mica en la mujer del sector urbano y rural quienes son madres cabezas de familia, [&hellip;]","og_url":"https:\/\/pagina10.com\/web\/mujeres-emprendedoras-se-graduan-gracias-a-gestion-de-oficina-de-genero\/","og_site_name":"P\u00e1gina10","article_publisher":"https:\/\/www.facebook.com\/pag10com","article_published_time":"2014-09-16T23:27:37+00:00","og_image":[{"width":960,"height":640,"url":"https:\/\/pagina10.com\/web\/wp-content\/uploads\/2014\/09\/183dbc2e04641489c20d3da59cb68f3c.jpg","type":"image\/jpeg"}],"author":"P\u00e1gina 10","twitter_card":"summary_large_image","twitter_creator":"@Pag10com","twitter_site":"@Pag10com","twitter_misc":{"Escrito por":"P\u00e1gina 10","Tiempo de lectura":"1 minuto"},"schema":{"@context":"https:\/\/schema.org","@graph":[{"@type":"Article","@id":"https:\/\/pagina10.com\/web\/mujeres-emprendedoras-se-graduan-gracias-a-gestion-de-oficina-de-genero\/#article","isPartOf":{"@id":"https:\/\/pagina10.com\/web\/mujeres-emprendedoras-se-graduan-gracias-a-gestion-de-oficina-de-genero\/"},"author":{"name":"P\u00e1gina 10","@id":"https:\/\/pagina10.com\/web\/#\/schema\/person\/a7a5d38f0629dfc107f619fbae4f6cc3"},"headline":"Mujeres emprendedoras se grad\u00faan gracias a gesti\u00f3n de Oficina de G\u00e9nero","datePublished":"2014-09-16T23:27:37+00:00","mainEntityOfPage":{"@id":"https:\/\/pagina10.com\/web\/mujeres-emprendedoras-se-graduan-gracias-a-gestion-de-oficina-de-genero\/"},"wordCount":297,"commentCount":0,"publisher":{"@id":"https:\/\/pagina10.com\/web\/#organization"},"image":{"@id":"https:\/\/pagina10.com\/web\/mujeres-emprendedoras-se-graduan-gracias-a-gestion-de-oficina-de-genero\/#primaryimage"},"thumbnailUrl":"https:\/\/pagina10.com\/web\/wp-content\/uploads\/2014\/09\/183dbc2e04641489c20d3da59cb68f3c.jpg","articleSection":["Ciudad"],"inLanguage":"es","potentialAction":[{"@type":"CommentAction","name":"Comment","target":["https:\/\/pagina10.com\/web\/mujeres-emprendedoras-se-graduan-gracias-a-gestion-de-oficina-de-genero\/#respond"]}]},{"@type":"WebPage","@id":"https:\/\/pagina10.com\/web\/mujeres-emprendedoras-se-graduan-gracias-a-gestion-de-oficina-de-genero\/","url":"https:\/\/pagina10.com\/web\/mujeres-emprendedoras-se-graduan-gracias-a-gestion-de-oficina-de-genero\/","name":"Mujeres emprendedoras se grad\u00faan gracias a gesti\u00f3n de Oficina de G\u00e9nero | P\u00e1gina10","isPartOf":{"@id":"https:\/\/pagina10.com\/web\/#website"},"primaryImageOfPage":{"@id":"https:\/\/pagina10.com\/web\/mujeres-emprendedoras-se-graduan-gracias-a-gestion-de-oficina-de-genero\/#primaryimage"},"image":{"@id":"https:\/\/pagina10.com\/web\/mujeres-emprendedoras-se-graduan-gracias-a-gestion-de-oficina-de-genero\/#primaryimage"},"thumbnailUrl":"https:\/\/pagina10.com\/web\/wp-content\/uploads\/2014\/09\/183dbc2e04641489c20d3da59cb68f3c.jpg","datePublished":"2014-09-16T23:27:37+00:00","breadcrumb":{"@id":"https:\/\/pagina10.com\/web\/mujeres-emprendedoras-se-graduan-gracias-a-gestion-de-oficina-de-genero\/#breadcrumb"},"inLanguage":"es","potentialAction":[{"@type":"ReadAction","target":["https:\/\/pagina10.com\/web\/mujeres-emprendedoras-se-graduan-gracias-a-gestion-de-oficina-de-genero\/"]}]},{"@type":"ImageObject","inLanguage":"es","@id":"https:\/\/pagina10.com\/web\/mujeres-emprendedoras-se-graduan-gracias-a-gestion-de-oficina-de-genero\/#primaryimage","url":"https:\/\/pagina10.com\/web\/wp-content\/uploads\/2014\/09\/183dbc2e04641489c20d3da59cb68f3c.jpg","contentUrl":"https:\/\/pagina10.com\/web\/wp-content\/uploads\/2014\/09\/183dbc2e04641489c20d3da59cb68f3c.jpg","width":960,"height":640},{"@type":"BreadcrumbList","@id":"https:\/\/pagina10.com\/web\/mujeres-emprendedoras-se-graduan-gracias-a-gestion-de-oficina-de-genero\/#breadcrumb","itemListElement":[{"@type":"ListItem","position":1,"name":"Portada","item":"https:\/\/pagina10.com\/web\/"},{"@type":"ListItem","position":2,"name":"Mujeres emprendedoras se grad\u00faan gracias a gesti\u00f3n de Oficina de G\u00e9nero"}]},{"@type":"WebSite","@id":"https:\/\/pagina10.com\/web\/#website","url":"https:\/\/pagina10.com\/web\/","name":"P\u00e1gina10","description":"Peri\u00f3dico Regional","publisher":{"@id":"https:\/\/pagina10.com\/web\/#organization"},"alternateName":"P\u00e1gina10 Peri\u00f3dico Regional","potentialAction":[{"@type":"SearchAction","target":{"@type":"EntryPoint","urlTemplate":"https:\/\/pagina10.com\/web\/?s={search_term_string}"},"query-input":{"@type":"PropertyValueSpecification","valueRequired":true,"valueName":"search_term_string"}}],"inLanguage":"es"},{"@type":"Organization","@id":"https:\/\/pagina10.com\/web\/#organization","name":"P\u00e1gina10","alternateName":"P\u00e1gina10 Peri\u00f3dico Regional","url":"https:\/\/pagina10.com\/web\/","logo":{"@type":"ImageObject","inLanguage":"es","@id":"https:\/\/pagina10.com\/web\/#\/schema\/logo\/image\/","url":"https:\/\/pagina10.com\/web\/wp-content\/uploads\/2024\/01\/40-pagina-10-periodico-regional-pasto.jpg","contentUrl":"https:\/\/pagina10.com\/web\/wp-content\/uploads\/2024\/01\/40-pagina-10-periodico-regional-pasto.jpg","width":1280,"height":720,"caption":"P\u00e1gina10"},"image":{"@id":"https:\/\/pagina10.com\/web\/#\/schema\/logo\/image\/"},"sameAs":["https:\/\/www.facebook.com\/pag10com","https:\/\/x.com\/Pag10com","https:\/\/www.instagram.com\/pagina10col\/","https:\/\/youtube.com\/channel\/pag10","https:\/\/www.tiktok.com\/@p10col"]},{"@type":"Person","@id":"https:\/\/pagina10.com\/web\/#\/schema\/person\/a7a5d38f0629dfc107f619fbae4f6cc3","name":"P\u00e1gina 10","description":"P\u00e1gina10.com es un peri\u00f3dico digital que nace en Colombia, en el departamento de Nari\u00f1o, con un enfoque global, fundamentado en cuatro pilares esenciales: la libertad, el pluralismo, la inclusi\u00f3n y la independencia. P\u00e1gina10.com hace referencia a Nari\u00f1o como el d\u00e9cimo departamento creado en Colombia, despu\u00e9s de un proceso pol\u00edtico liderado por actores y actrices regionales con el fin de obtener la independencia y autonom\u00eda de nuestros territorios. Con la creaci\u00f3n de P\u00e1gina10.com se pretende abrir un escenario para el dialogo, la reflexi\u00f3n y el debate que se extienda a otras geograf\u00edas de Am\u00e9rica Latina y del planeta, en una apuesta por transformar colectivamente los desaf\u00edos de un mundo contempor\u00e1neo, m\u00e1s all\u00e1 de las fronteras impuestas.","url":"https:\/\/pagina10.com\/web\/author\/mcepeda\/"}]}},"_links":{"self":[{"href":"https:\/\/pagina10.com\/web\/wp-json\/wp\/v2\/posts\/10309","targetHints":{"allow":["GET"]}}],"collection":[{"href":"https:\/\/pagina10.com\/web\/wp-json\/wp\/v2\/posts"}],"about":[{"href":"https:\/\/pagina10.com\/web\/wp-json\/wp\/v2\/types\/post"}],"author":[{"embeddable":true,"href":"https:\/\/pagina10.com\/web\/wp-json\/wp\/v2\/users\/29"}],"replies":[{"embeddable":true,"href":"https:\/\/pagina10.com\/web\/wp-json\/wp\/v2\/comments?post=10309"}],"version-history":[{"count":0,"href":"https:\/\/pagina10.com\/web\/wp-json\/wp\/v2\/posts\/10309\/revisions"}],"wp:featuredmedia":[{"embeddable":true,"href":"https:\/\/pagina10.com\/web\/wp-json\/wp\/v2\/media\/10308"}],"wp:attachment":[{"href":"https:\/\/pagina10.com\/web\/wp-json\/wp\/v2\/media?parent=10309"}],"wp:term":[{"taxonomy":"category","embeddable":true,"href":"https:\/\/pagina10.com\/web\/wp-json\/wp\/v2\/categories?post=10309"},{"taxonomy":"post_tag","embeddable":true,"href":"https:\/\/pagina10.com\/web\/wp-json\/wp\/v2\/tags?post=10309"}],"curies":[{"name":"wp","href":"https:\/\/api.w.org\/{rel}","templated":true}]}}