{"id":10323,"date":"2014-09-17T04:34:41","date_gmt":"2014-09-17T04:34:41","guid":{"rendered":"https:\/\/pagina10.com\/web\/se-suspende-suministro-de-agua-en-pasto\/"},"modified":"2014-09-17T04:34:41","modified_gmt":"2014-09-17T04:34:41","slug":"se-suspende-suministro-de-agua-en-pasto","status":"publish","type":"post","link":"https:\/\/pagina10.com\/web\/se-suspende-suministro-de-agua-en-pasto\/","title":{"rendered":"Se suspende suministro de agua en Pasto"},"content":{"rendered":"<p><img fetchpriority=\"high\" decoding=\"async\" class=\" size-full wp-image-10322\" src=\"https:\/\/pagina10.com\/web\/wp-content\/uploads\/2014\/09\/f5520af4495efc7b497a2f868cec4adc.jpg\" alt=\"\" width=\"261\" height=\"193\" srcset=\"https:\/\/pagina10.com\/web\/wp-content\/uploads\/2014\/09\/f5520af4495efc7b497a2f868cec4adc.jpg 261w, https:\/\/pagina10.com\/web\/wp-content\/uploads\/2014\/09\/f5520af4495efc7b497a2f868cec4adc-86x64.jpg 86w, https:\/\/pagina10.com\/web\/wp-content\/uploads\/2014\/09\/f5520af4495efc7b497a2f868cec4adc-260x193.jpg 260w\" sizes=\"(max-width: 261px) 100vw, 261px\" \/><\/p>\n<p style=\"text-align: justify;\">EMPOPASTO S.A. E.S.P. informa que por instalaci\u00f3n de v\u00e1lvulas en el barrio el Tejar, se suspende el servicio este jueves 18 de septiembre desde las 8:00 de la ma\u00f1ana hasta las 6:00 de la tarde en los siguientes barrios: Coliseo Surorientales, Comfamiliar \u2013 Miraflores I y II, Bomberos \u2013 Lorenzo, ICBF, Pucalpa Alto, Guamuez II, Emilio Botero I, Rinc\u00f3n Colonial, Chamb\u00fa I y II, Villa Recreo I y IV Sector Alto, Villa Recreo II y III, Santa Fe II, Villa Flor I, Santa M\u00f3nica I, II, III y V, Piedecuesta I, Edificio Las Mercedes \u2013 Obrero, Bel\u00e9n, Terrazas de Chapal, Villa de Los Andes, Bavaria.<\/p>\n<p style=\"text-align: justify;\">&nbsp;<\/p>\n<p style=\"text-align: justify;\">Adem\u00e1s de Villa Adriana Mar\u00eda, Parque Chapalito, Villa Victoria, Estrella de Oriente, Sena Salida a Oriente, Parque Baviera, Santafe, El Porvenir, IEM Villa Flor, Bellavista II, Pucalpa I, II y III, El Rosario, Chapal I y II, IEM Ciudadela Ciudad de Pasto, Altos del Lorenzo, Campi\u00f1a de Oriente, Arnulfo Guerrero, Altos del Campo, La Minga, Albergue del Sol, La Florida, Gualcal\u00e1, Campo Verde, Los Jazmines, Sendoya, Bernal, Las Mercedes, Los Eliseos, El Tejar, Betania, San Juan de Los Pastos, Praga, La Paz, Laureano G\u00f3mez, Lorenzo de Aldana, Villa Docente, Villas del Sol, Puertas del Sol, Villa Ol\u00edmpica, El Triunfo.<\/p>\n<p style=\"text-align: justify;\">&nbsp;<\/p>\n<p style=\"text-align: justify;\">Tambi\u00e9n se suspende el servicio en 12 de Octubre, Cantarana, Santa Clara, La Rosa, El Remanso, Las Violetas, El Pilar, Plaza de Mercado Potrerillo, La Carolina, Piedecuesta II, Los Pinos, Santa Catalina, Villa Oriente, Villa Alejandr\u00eda, Villa Las Lajas, La Esmeralda, Villa Flor II, Santa M\u00f3nica IV, El Ejido, Guamuez I, Mercedario y Santa B\u00e1rbara. La empresa ofrece disculpas por los inconvenientes registrados durante la ejecuci\u00f3n de estos trabajos y recuerda que EMPOPASTO trabaja por el desarrollo de la ciudad.<\/p>\n","protected":false},"excerpt":{"rendered":"<p>EMPOPASTO S.A. E.S.P. informa que por instalaci\u00f3n de v\u00e1lvulas en el barrio el Tejar, se suspende el servicio este jueves 18 de septiembre desde las 8:00 de la ma\u00f1ana hasta las 6:00 de la tarde en los siguientes barrios: Coliseo Surorientales, Comfamiliar \u2013 Miraflores I y II, Bomberos \u2013 Lorenzo, ICBF, Pucalpa Alto, Guamuez II, [&hellip;]<\/p>\n","protected":false},"author":29,"featured_media":10322,"comment_status":"open","ping_status":"open","sticky":false,"template":"","format":"standard","meta":{"footnotes":""},"categories":[82],"tags":[],"class_list":["post-10323","post","type-post","status-publish","format-standard","has-post-thumbnail","hentry","category-ciudad-2"],"yoast_head":"<!-- This site is optimized with the Yoast SEO plugin v27.1.1 - https:\/\/yoast.com\/product\/yoast-seo-wordpress\/ -->\n<title>Se suspende suministro de agua en Pasto | P\u00e1gina10<\/title>\n<meta name=\"robots\" content=\"index, follow, max-snippet:-1, max-image-preview:large, max-video-preview:-1\" \/>\n<link rel=\"canonical\" href=\"https:\/\/pagina10.com\/web\/se-suspende-suministro-de-agua-en-pasto\/\" \/>\n<meta property=\"og:locale\" content=\"es_ES\" \/>\n<meta property=\"og:type\" content=\"article\" \/>\n<meta property=\"og:title\" content=\"Se suspende suministro de agua en Pasto | P\u00e1gina10\" \/>\n<meta property=\"og:description\" content=\"EMPOPASTO S.A. E.S.P. informa que por instalaci\u00f3n de v\u00e1lvulas en el barrio el Tejar, se suspende el servicio este jueves 18 de septiembre desde las 8:00 de la ma\u00f1ana hasta las 6:00 de la tarde en los siguientes barrios: Coliseo Surorientales, Comfamiliar \u2013 Miraflores I y II, Bomberos \u2013 Lorenzo, ICBF, Pucalpa Alto, Guamuez II, [&hellip;]\" \/>\n<meta property=\"og:url\" content=\"https:\/\/pagina10.com\/web\/se-suspende-suministro-de-agua-en-pasto\/\" \/>\n<meta property=\"og:site_name\" content=\"P\u00e1gina10\" \/>\n<meta property=\"article:publisher\" content=\"https:\/\/www.facebook.com\/pag10com\" \/>\n<meta property=\"article:published_time\" content=\"2014-09-17T04:34:41+00:00\" \/>\n<meta property=\"og:image\" content=\"https:\/\/pagina10.com\/web\/wp-content\/uploads\/2014\/09\/f5520af4495efc7b497a2f868cec4adc.jpg\" \/>\n\t<meta property=\"og:image:width\" content=\"261\" \/>\n\t<meta property=\"og:image:height\" content=\"193\" \/>\n\t<meta property=\"og:image:type\" content=\"image\/jpeg\" \/>\n<meta name=\"author\" content=\"P\u00e1gina 10\" \/>\n<meta name=\"twitter:card\" content=\"summary_large_image\" \/>\n<meta name=\"twitter:creator\" content=\"@Pag10com\" \/>\n<meta name=\"twitter:site\" content=\"@Pag10com\" \/>\n<meta name=\"twitter:label1\" content=\"Escrito por\" \/>\n\t<meta name=\"twitter:data1\" content=\"P\u00e1gina 10\" \/>\n\t<meta name=\"twitter:label2\" content=\"Tiempo de lectura\" \/>\n\t<meta name=\"twitter:data2\" content=\"1 minuto\" \/>\n<script type=\"application\/ld+json\" class=\"yoast-schema-graph\">{\"@context\":\"https:\/\/schema.org\",\"@graph\":[{\"@type\":\"Article\",\"@id\":\"https:\/\/pagina10.com\/web\/se-suspende-suministro-de-agua-en-pasto\/#article\",\"isPartOf\":{\"@id\":\"https:\/\/pagina10.com\/web\/se-suspende-suministro-de-agua-en-pasto\/\"},\"author\":{\"name\":\"P\u00e1gina 10\",\"@id\":\"https:\/\/pagina10.com\/web\/#\/schema\/person\/a7a5d38f0629dfc107f619fbae4f6cc3\"},\"headline\":\"Se suspende suministro de agua en Pasto\",\"datePublished\":\"2014-09-17T04:34:41+00:00\",\"mainEntityOfPage\":{\"@id\":\"https:\/\/pagina10.com\/web\/se-suspende-suministro-de-agua-en-pasto\/\"},\"wordCount\":305,\"commentCount\":0,\"publisher\":{\"@id\":\"https:\/\/pagina10.com\/web\/#organization\"},\"image\":{\"@id\":\"https:\/\/pagina10.com\/web\/se-suspende-suministro-de-agua-en-pasto\/#primaryimage\"},\"thumbnailUrl\":\"https:\/\/pagina10.com\/web\/wp-content\/uploads\/2014\/09\/f5520af4495efc7b497a2f868cec4adc.jpg\",\"articleSection\":[\"Ciudad\"],\"inLanguage\":\"es\",\"potentialAction\":[{\"@type\":\"CommentAction\",\"name\":\"Comment\",\"target\":[\"https:\/\/pagina10.com\/web\/se-suspende-suministro-de-agua-en-pasto\/#respond\"]}]},{\"@type\":\"WebPage\",\"@id\":\"https:\/\/pagina10.com\/web\/se-suspende-suministro-de-agua-en-pasto\/\",\"url\":\"https:\/\/pagina10.com\/web\/se-suspende-suministro-de-agua-en-pasto\/\",\"name\":\"Se suspende suministro de agua en Pasto | P\u00e1gina10\",\"isPartOf\":{\"@id\":\"https:\/\/pagina10.com\/web\/#website\"},\"primaryImageOfPage\":{\"@id\":\"https:\/\/pagina10.com\/web\/se-suspende-suministro-de-agua-en-pasto\/#primaryimage\"},\"image\":{\"@id\":\"https:\/\/pagina10.com\/web\/se-suspende-suministro-de-agua-en-pasto\/#primaryimage\"},\"thumbnailUrl\":\"https:\/\/pagina10.com\/web\/wp-content\/uploads\/2014\/09\/f5520af4495efc7b497a2f868cec4adc.jpg\",\"datePublished\":\"2014-09-17T04:34:41+00:00\",\"breadcrumb\":{\"@id\":\"https:\/\/pagina10.com\/web\/se-suspende-suministro-de-agua-en-pasto\/#breadcrumb\"},\"inLanguage\":\"es\",\"potentialAction\":[{\"@type\":\"ReadAction\",\"target\":[\"https:\/\/pagina10.com\/web\/se-suspende-suministro-de-agua-en-pasto\/\"]}]},{\"@type\":\"ImageObject\",\"inLanguage\":\"es\",\"@id\":\"https:\/\/pagina10.com\/web\/se-suspende-suministro-de-agua-en-pasto\/#primaryimage\",\"url\":\"https:\/\/pagina10.com\/web\/wp-content\/uploads\/2014\/09\/f5520af4495efc7b497a2f868cec4adc.jpg\",\"contentUrl\":\"https:\/\/pagina10.com\/web\/wp-content\/uploads\/2014\/09\/f5520af4495efc7b497a2f868cec4adc.jpg\",\"width\":261,\"height\":193},{\"@type\":\"BreadcrumbList\",\"@id\":\"https:\/\/pagina10.com\/web\/se-suspende-suministro-de-agua-en-pasto\/#breadcrumb\",\"itemListElement\":[{\"@type\":\"ListItem\",\"position\":1,\"name\":\"Portada\",\"item\":\"https:\/\/pagina10.com\/web\/\"},{\"@type\":\"ListItem\",\"position\":2,\"name\":\"Se suspende suministro de agua en Pasto\"}]},{\"@type\":\"WebSite\",\"@id\":\"https:\/\/pagina10.com\/web\/#website\",\"url\":\"https:\/\/pagina10.com\/web\/\",\"name\":\"P\u00e1gina10\",\"description\":\"Peri\u00f3dico Regional\",\"publisher\":{\"@id\":\"https:\/\/pagina10.com\/web\/#organization\"},\"alternateName\":\"P\u00e1gina10 Peri\u00f3dico Regional\",\"potentialAction\":[{\"@type\":\"SearchAction\",\"target\":{\"@type\":\"EntryPoint\",\"urlTemplate\":\"https:\/\/pagina10.com\/web\/?s={search_term_string}\"},\"query-input\":{\"@type\":\"PropertyValueSpecification\",\"valueRequired\":true,\"valueName\":\"search_term_string\"}}],\"inLanguage\":\"es\"},{\"@type\":\"Organization\",\"@id\":\"https:\/\/pagina10.com\/web\/#organization\",\"name\":\"P\u00e1gina10\",\"alternateName\":\"P\u00e1gina10 Peri\u00f3dico Regional\",\"url\":\"https:\/\/pagina10.com\/web\/\",\"logo\":{\"@type\":\"ImageObject\",\"inLanguage\":\"es\",\"@id\":\"https:\/\/pagina10.com\/web\/#\/schema\/logo\/image\/\",\"url\":\"https:\/\/pagina10.com\/web\/wp-content\/uploads\/2024\/01\/40-pagina-10-periodico-regional-pasto.jpg\",\"contentUrl\":\"https:\/\/pagina10.com\/web\/wp-content\/uploads\/2024\/01\/40-pagina-10-periodico-regional-pasto.jpg\",\"width\":1280,\"height\":720,\"caption\":\"P\u00e1gina10\"},\"image\":{\"@id\":\"https:\/\/pagina10.com\/web\/#\/schema\/logo\/image\/\"},\"sameAs\":[\"https:\/\/www.facebook.com\/pag10com\",\"https:\/\/x.com\/Pag10com\",\"https:\/\/www.instagram.com\/pagina10col\/\",\"https:\/\/youtube.com\/channel\/pag10\",\"https:\/\/www.tiktok.com\/@p10col\"]},{\"@type\":\"Person\",\"@id\":\"https:\/\/pagina10.com\/web\/#\/schema\/person\/a7a5d38f0629dfc107f619fbae4f6cc3\",\"name\":\"P\u00e1gina 10\",\"description\":\"P\u00e1gina10.com es un peri\u00f3dico digital que nace en Colombia, en el departamento de Nari\u00f1o, con un enfoque global, fundamentado en cuatro pilares esenciales: la libertad, el pluralismo, la inclusi\u00f3n y la independencia. P\u00e1gina10.com hace referencia a Nari\u00f1o como el d\u00e9cimo departamento creado en Colombia, despu\u00e9s de un proceso pol\u00edtico liderado por actores y actrices regionales con el fin de obtener la independencia y autonom\u00eda de nuestros territorios. Con la creaci\u00f3n de P\u00e1gina10.com se pretende abrir un escenario para el dialogo, la reflexi\u00f3n y el debate que se extienda a otras geograf\u00edas de Am\u00e9rica Latina y del planeta, en una apuesta por transformar colectivamente los desaf\u00edos de un mundo contempor\u00e1neo, m\u00e1s all\u00e1 de las fronteras impuestas.\",\"url\":\"https:\/\/pagina10.com\/web\/author\/mcepeda\/\"}]}<\/script>\n<!-- \/ Yoast SEO plugin. -->","yoast_head_json":{"title":"Se suspende suministro de agua en Pasto | P\u00e1gina10","robots":{"index":"index","follow":"follow","max-snippet":"max-snippet:-1","max-image-preview":"max-image-preview:large","max-video-preview":"max-video-preview:-1"},"canonical":"https:\/\/pagina10.com\/web\/se-suspende-suministro-de-agua-en-pasto\/","og_locale":"es_ES","og_type":"article","og_title":"Se suspende suministro de agua en Pasto | P\u00e1gina10","og_description":"EMPOPASTO S.A. E.S.P. informa que por instalaci\u00f3n de v\u00e1lvulas en el barrio el Tejar, se suspende el servicio este jueves 18 de septiembre desde las 8:00 de la ma\u00f1ana hasta las 6:00 de la tarde en los siguientes barrios: Coliseo Surorientales, Comfamiliar \u2013 Miraflores I y II, Bomberos \u2013 Lorenzo, ICBF, Pucalpa Alto, Guamuez II, [&hellip;]","og_url":"https:\/\/pagina10.com\/web\/se-suspende-suministro-de-agua-en-pasto\/","og_site_name":"P\u00e1gina10","article_publisher":"https:\/\/www.facebook.com\/pag10com","article_published_time":"2014-09-17T04:34:41+00:00","og_image":[{"width":261,"height":193,"url":"https:\/\/pagina10.com\/web\/wp-content\/uploads\/2014\/09\/f5520af4495efc7b497a2f868cec4adc.jpg","type":"image\/jpeg"}],"author":"P\u00e1gina 10","twitter_card":"summary_large_image","twitter_creator":"@Pag10com","twitter_site":"@Pag10com","twitter_misc":{"Escrito por":"P\u00e1gina 10","Tiempo de lectura":"1 minuto"},"schema":{"@context":"https:\/\/schema.org","@graph":[{"@type":"Article","@id":"https:\/\/pagina10.com\/web\/se-suspende-suministro-de-agua-en-pasto\/#article","isPartOf":{"@id":"https:\/\/pagina10.com\/web\/se-suspende-suministro-de-agua-en-pasto\/"},"author":{"name":"P\u00e1gina 10","@id":"https:\/\/pagina10.com\/web\/#\/schema\/person\/a7a5d38f0629dfc107f619fbae4f6cc3"},"headline":"Se suspende suministro de agua en Pasto","datePublished":"2014-09-17T04:34:41+00:00","mainEntityOfPage":{"@id":"https:\/\/pagina10.com\/web\/se-suspende-suministro-de-agua-en-pasto\/"},"wordCount":305,"commentCount":0,"publisher":{"@id":"https:\/\/pagina10.com\/web\/#organization"},"image":{"@id":"https:\/\/pagina10.com\/web\/se-suspende-suministro-de-agua-en-pasto\/#primaryimage"},"thumbnailUrl":"https:\/\/pagina10.com\/web\/wp-content\/uploads\/2014\/09\/f5520af4495efc7b497a2f868cec4adc.jpg","articleSection":["Ciudad"],"inLanguage":"es","potentialAction":[{"@type":"CommentAction","name":"Comment","target":["https:\/\/pagina10.com\/web\/se-suspende-suministro-de-agua-en-pasto\/#respond"]}]},{"@type":"WebPage","@id":"https:\/\/pagina10.com\/web\/se-suspende-suministro-de-agua-en-pasto\/","url":"https:\/\/pagina10.com\/web\/se-suspende-suministro-de-agua-en-pasto\/","name":"Se suspende suministro de agua en Pasto | P\u00e1gina10","isPartOf":{"@id":"https:\/\/pagina10.com\/web\/#website"},"primaryImageOfPage":{"@id":"https:\/\/pagina10.com\/web\/se-suspende-suministro-de-agua-en-pasto\/#primaryimage"},"image":{"@id":"https:\/\/pagina10.com\/web\/se-suspende-suministro-de-agua-en-pasto\/#primaryimage"},"thumbnailUrl":"https:\/\/pagina10.com\/web\/wp-content\/uploads\/2014\/09\/f5520af4495efc7b497a2f868cec4adc.jpg","datePublished":"2014-09-17T04:34:41+00:00","breadcrumb":{"@id":"https:\/\/pagina10.com\/web\/se-suspende-suministro-de-agua-en-pasto\/#breadcrumb"},"inLanguage":"es","potentialAction":[{"@type":"ReadAction","target":["https:\/\/pagina10.com\/web\/se-suspende-suministro-de-agua-en-pasto\/"]}]},{"@type":"ImageObject","inLanguage":"es","@id":"https:\/\/pagina10.com\/web\/se-suspende-suministro-de-agua-en-pasto\/#primaryimage","url":"https:\/\/pagina10.com\/web\/wp-content\/uploads\/2014\/09\/f5520af4495efc7b497a2f868cec4adc.jpg","contentUrl":"https:\/\/pagina10.com\/web\/wp-content\/uploads\/2014\/09\/f5520af4495efc7b497a2f868cec4adc.jpg","width":261,"height":193},{"@type":"BreadcrumbList","@id":"https:\/\/pagina10.com\/web\/se-suspende-suministro-de-agua-en-pasto\/#breadcrumb","itemListElement":[{"@type":"ListItem","position":1,"name":"Portada","item":"https:\/\/pagina10.com\/web\/"},{"@type":"ListItem","position":2,"name":"Se suspende suministro de agua en Pasto"}]},{"@type":"WebSite","@id":"https:\/\/pagina10.com\/web\/#website","url":"https:\/\/pagina10.com\/web\/","name":"P\u00e1gina10","description":"Peri\u00f3dico Regional","publisher":{"@id":"https:\/\/pagina10.com\/web\/#organization"},"alternateName":"P\u00e1gina10 Peri\u00f3dico Regional","potentialAction":[{"@type":"SearchAction","target":{"@type":"EntryPoint","urlTemplate":"https:\/\/pagina10.com\/web\/?s={search_term_string}"},"query-input":{"@type":"PropertyValueSpecification","valueRequired":true,"valueName":"search_term_string"}}],"inLanguage":"es"},{"@type":"Organization","@id":"https:\/\/pagina10.com\/web\/#organization","name":"P\u00e1gina10","alternateName":"P\u00e1gina10 Peri\u00f3dico Regional","url":"https:\/\/pagina10.com\/web\/","logo":{"@type":"ImageObject","inLanguage":"es","@id":"https:\/\/pagina10.com\/web\/#\/schema\/logo\/image\/","url":"https:\/\/pagina10.com\/web\/wp-content\/uploads\/2024\/01\/40-pagina-10-periodico-regional-pasto.jpg","contentUrl":"https:\/\/pagina10.com\/web\/wp-content\/uploads\/2024\/01\/40-pagina-10-periodico-regional-pasto.jpg","width":1280,"height":720,"caption":"P\u00e1gina10"},"image":{"@id":"https:\/\/pagina10.com\/web\/#\/schema\/logo\/image\/"},"sameAs":["https:\/\/www.facebook.com\/pag10com","https:\/\/x.com\/Pag10com","https:\/\/www.instagram.com\/pagina10col\/","https:\/\/youtube.com\/channel\/pag10","https:\/\/www.tiktok.com\/@p10col"]},{"@type":"Person","@id":"https:\/\/pagina10.com\/web\/#\/schema\/person\/a7a5d38f0629dfc107f619fbae4f6cc3","name":"P\u00e1gina 10","description":"P\u00e1gina10.com es un peri\u00f3dico digital que nace en Colombia, en el departamento de Nari\u00f1o, con un enfoque global, fundamentado en cuatro pilares esenciales: la libertad, el pluralismo, la inclusi\u00f3n y la independencia. P\u00e1gina10.com hace referencia a Nari\u00f1o como el d\u00e9cimo departamento creado en Colombia, despu\u00e9s de un proceso pol\u00edtico liderado por actores y actrices regionales con el fin de obtener la independencia y autonom\u00eda de nuestros territorios. Con la creaci\u00f3n de P\u00e1gina10.com se pretende abrir un escenario para el dialogo, la reflexi\u00f3n y el debate que se extienda a otras geograf\u00edas de Am\u00e9rica Latina y del planeta, en una apuesta por transformar colectivamente los desaf\u00edos de un mundo contempor\u00e1neo, m\u00e1s all\u00e1 de las fronteras impuestas.","url":"https:\/\/pagina10.com\/web\/author\/mcepeda\/"}]}},"_links":{"self":[{"href":"https:\/\/pagina10.com\/web\/wp-json\/wp\/v2\/posts\/10323","targetHints":{"allow":["GET"]}}],"collection":[{"href":"https:\/\/pagina10.com\/web\/wp-json\/wp\/v2\/posts"}],"about":[{"href":"https:\/\/pagina10.com\/web\/wp-json\/wp\/v2\/types\/post"}],"author":[{"embeddable":true,"href":"https:\/\/pagina10.com\/web\/wp-json\/wp\/v2\/users\/29"}],"replies":[{"embeddable":true,"href":"https:\/\/pagina10.com\/web\/wp-json\/wp\/v2\/comments?post=10323"}],"version-history":[{"count":0,"href":"https:\/\/pagina10.com\/web\/wp-json\/wp\/v2\/posts\/10323\/revisions"}],"wp:featuredmedia":[{"embeddable":true,"href":"https:\/\/pagina10.com\/web\/wp-json\/wp\/v2\/media\/10322"}],"wp:attachment":[{"href":"https:\/\/pagina10.com\/web\/wp-json\/wp\/v2\/media?parent=10323"}],"wp:term":[{"taxonomy":"category","embeddable":true,"href":"https:\/\/pagina10.com\/web\/wp-json\/wp\/v2\/categories?post=10323"},{"taxonomy":"post_tag","embeddable":true,"href":"https:\/\/pagina10.com\/web\/wp-json\/wp\/v2\/tags?post=10323"}],"curies":[{"name":"wp","href":"https:\/\/api.w.org\/{rel}","templated":true}]}}