{"id":10627,"date":"2014-10-01T04:29:00","date_gmt":"2014-10-01T04:29:00","guid":{"rendered":"https:\/\/pagina10.com\/web\/cuarto-simulacro-de-evacuacion-por-sismo-en-pasto\/"},"modified":"2014-10-01T04:29:00","modified_gmt":"2014-10-01T04:29:00","slug":"cuarto-simulacro-de-evacuacion-por-sismo-en-pasto","status":"publish","type":"post","link":"https:\/\/pagina10.com\/web\/cuarto-simulacro-de-evacuacion-por-sismo-en-pasto\/","title":{"rendered":"Cuarto simulacro de evacuaci\u00f3n por Sismo en Pasto"},"content":{"rendered":"<p><img fetchpriority=\"high\" decoding=\"async\" class=\" size-full wp-image-10626\" src=\"https:\/\/pagina10.com\/web\/wp-content\/uploads\/2014\/10\/2a293225a02c37ef34ecdfeedb1c23a2.jpg\" alt=\"Fotograf\u00eda: Miguel Garz\u00f3n Guerrero\" width=\"960\" height=\"640\" srcset=\"https:\/\/pagina10.com\/web\/wp-content\/uploads\/2014\/10\/2a293225a02c37ef34ecdfeedb1c23a2.jpg 960w, https:\/\/pagina10.com\/web\/wp-content\/uploads\/2014\/10\/2a293225a02c37ef34ecdfeedb1c23a2-300x200.jpg 300w, https:\/\/pagina10.com\/web\/wp-content\/uploads\/2014\/10\/2a293225a02c37ef34ecdfeedb1c23a2-768x512.jpg 768w, https:\/\/pagina10.com\/web\/wp-content\/uploads\/2014\/10\/2a293225a02c37ef34ecdfeedb1c23a2-450x300.jpg 450w\" sizes=\"(max-width: 960px) 100vw, 960px\" \/><\/p>\n<p>Con la meta de alcanzar 85 mil personas participando activamente en el Cuarto Simulacro de Evacuaci\u00f3n por Sismo, la Direcci\u00f3n de Gesti\u00f3n del Riesgo de Desastres del Municipio de Pasto&nbsp;y el Cuerpo de Bomberos Voluntarios extendieron a trav\u00e9s de los medios de comunicaci\u00f3n, la invitaci\u00f3n para que los ciudadanos se inscriban en este ejercicio que se considera de vital importancia para salvar vidas en caso de un movimiento tel\u00farico y que en esta oportunidad tendr\u00e1 como prioridad la evacuaci\u00f3n de personas en situaci\u00f3n de discapacidad, ni\u00f1os y adultos mayores, adem\u00e1s de las mascotas.<\/p>\n<p>&nbsp;<\/p>\n<p>El director de Gesti\u00f3n de Riegos de Desastres Dar\u00edo G\u00f3mez Cabrera, inform\u00f3 que todo est\u00e1 previsto para la realizaci\u00f3n del Cuarto Simulacro de Evacuaci\u00f3n por Sismo previsto para el pr\u00f3ximo viernes 17 de octubre, \u201cLa ciudad ha logrado una figuraci\u00f3n bastante importante en el panorama nacional como un territorio que entiende y asume actitudes proactivas frente al riesgo, que convive con un volc\u00e1n activo y en una zona de alta sismicidad. Es importante este simulacro porque es un ejercicio en el que poniendo en pr\u00e1ctica lo que sabemos del tema, estaremos en la capacidad de evaluar que tan preparados estamos para afrontar una emergencia real\u201d<\/p>\n<p>&nbsp;<\/p>\n<p>Dar\u00edo G\u00f3mez Cabrera manifest\u00f3 que los interesados deben inscribirse en las p\u00e1ginas web:&nbsp;<a href=\"http:\/\/l.facebook.com\/l.php?u=http%3A%2F%2Fwww.simulacropasto.gov.co%2F&amp;h=dAQGnq36i&amp;enc=AZNfRvGySqpfbQCxDaZ_d_uHWT2uS4JfmDQDAeAK0I5Zzsfq95kVVdXjNaEdUA_zB9x_3zIB0MUVDPUiNO8yGofhJhwLykPTdjDeez7jSV3geFi5Zf26y5zGclNWQXR2ix8rgn5N4Mg04XRt23z6P0Nx&amp;s=1\" rel=\"nofollow nofollow\" target=\"_blank\">www.simulacropasto.gov.co<\/a>&nbsp;o&nbsp;<a href=\"http:\/\/l.facebook.com\/l.php?u=http%3A%2F%2Fwww.pasto.gov.co%2F&amp;h=8AQF8sGeR&amp;enc=AZNn2qJkani3wqAKyl_bJLyFLld3rQE3jbRuha3BmafXUPel-oEyF-dirwYIOiQdmdUML5EgjjyonrtzwyLqXn0uPSNJA4g4XVN0R5itfjzc87VJNUyFqjsCykizAQEFpmwXUtWR3qz7ByIM7zmzOVhB&amp;s=1\" rel=\"nofollow nofollow\" target=\"_blank\">www.pasto.gov.co<\/a>&nbsp;y diligenciar datos como: nombre de la persona o entidad, identificaci\u00f3n, tel\u00e9fonos de contacto y el n\u00famero de personas a evacuar. \u201cLa inscripci\u00f3n permite la evaluaci\u00f3n de la actividad y la disposici\u00f3n de personal para que est\u00e9 presente y haga el conteo en los sitios donde se practicara el simulacro\u201d.<\/p>\n<p>&nbsp;<\/p>\n<p>El Comandante del Cuerpo de Bomberos Voluntarios de Pasto, Teniente Charles Benavides, indic\u00f3 que ya se inici\u00f3 la socializaci\u00f3n con las instituciones educativas municipales, colegios privados, universidades y entidades y destac\u00f3 que es importante reforzar esta invitaci\u00f3n a nivel comunitario y de entidades, a trav\u00e9s de los medios de comunicaci\u00f3n que se han vinculado activamente al proceso como aliados estrat\u00e9gicos para difundir la iniciativa.<\/p>\n","protected":false},"excerpt":{"rendered":"<p>Con la meta de alcanzar 85 mil personas participando activamente en el Cuarto Simulacro de Evacuaci\u00f3n por Sismo, la Direcci\u00f3n de Gesti\u00f3n del Riesgo de Desastres del Municipio de Pasto&nbsp;y el Cuerpo de Bomberos Voluntarios extendieron a trav\u00e9s de los medios de comunicaci\u00f3n, la invitaci\u00f3n para que los ciudadanos se inscriban en este ejercicio que [&hellip;]<\/p>\n","protected":false},"author":29,"featured_media":10625,"comment_status":"open","ping_status":"open","sticky":false,"template":"","format":"standard","meta":{"footnotes":""},"categories":[82],"tags":[],"class_list":["post-10627","post","type-post","status-publish","format-standard","has-post-thumbnail","hentry","category-ciudad-2"],"yoast_head":"<!-- This site is optimized with the Yoast SEO plugin v27.1.1 - https:\/\/yoast.com\/product\/yoast-seo-wordpress\/ -->\n<title>Cuarto simulacro de evacuaci\u00f3n por Sismo en Pasto | P\u00e1gina10<\/title>\n<meta name=\"robots\" content=\"index, follow, max-snippet:-1, max-image-preview:large, max-video-preview:-1\" \/>\n<link rel=\"canonical\" href=\"https:\/\/pagina10.com\/web\/cuarto-simulacro-de-evacuacion-por-sismo-en-pasto\/\" \/>\n<meta property=\"og:locale\" content=\"es_ES\" \/>\n<meta property=\"og:type\" content=\"article\" \/>\n<meta property=\"og:title\" content=\"Cuarto simulacro de evacuaci\u00f3n por Sismo en Pasto | P\u00e1gina10\" \/>\n<meta property=\"og:description\" content=\"Con la meta de alcanzar 85 mil personas participando activamente en el Cuarto Simulacro de Evacuaci\u00f3n por Sismo, la Direcci\u00f3n de Gesti\u00f3n del Riesgo de Desastres del Municipio de Pasto&nbsp;y el Cuerpo de Bomberos Voluntarios extendieron a trav\u00e9s de los medios de comunicaci\u00f3n, la invitaci\u00f3n para que los ciudadanos se inscriban en este ejercicio que [&hellip;]\" \/>\n<meta property=\"og:url\" content=\"https:\/\/pagina10.com\/web\/cuarto-simulacro-de-evacuacion-por-sismo-en-pasto\/\" \/>\n<meta property=\"og:site_name\" content=\"P\u00e1gina10\" \/>\n<meta property=\"article:publisher\" content=\"https:\/\/www.facebook.com\/pag10com\" \/>\n<meta property=\"article:published_time\" content=\"2014-10-01T04:29:00+00:00\" \/>\n<meta property=\"og:image\" content=\"https:\/\/pagina10.com\/web\/wp-content\/uploads\/2014\/10\/2a293225a02c37ef34ecdfeedb1c23a2.jpg\" \/>\n\t<meta property=\"og:image:width\" content=\"960\" \/>\n\t<meta property=\"og:image:height\" content=\"640\" \/>\n\t<meta property=\"og:image:type\" content=\"image\/jpeg\" \/>\n<meta name=\"author\" content=\"P\u00e1gina 10\" \/>\n<meta name=\"twitter:card\" content=\"summary_large_image\" \/>\n<meta name=\"twitter:creator\" content=\"@Pag10com\" \/>\n<meta name=\"twitter:site\" content=\"@Pag10com\" \/>\n<meta name=\"twitter:label1\" content=\"Escrito por\" \/>\n\t<meta name=\"twitter:data1\" content=\"P\u00e1gina 10\" \/>\n\t<meta name=\"twitter:label2\" content=\"Tiempo de lectura\" \/>\n\t<meta name=\"twitter:data2\" content=\"2 minutos\" \/>\n<script type=\"application\/ld+json\" class=\"yoast-schema-graph\">{\"@context\":\"https:\/\/schema.org\",\"@graph\":[{\"@type\":\"Article\",\"@id\":\"https:\/\/pagina10.com\/web\/cuarto-simulacro-de-evacuacion-por-sismo-en-pasto\/#article\",\"isPartOf\":{\"@id\":\"https:\/\/pagina10.com\/web\/cuarto-simulacro-de-evacuacion-por-sismo-en-pasto\/\"},\"author\":{\"name\":\"P\u00e1gina 10\",\"@id\":\"https:\/\/pagina10.com\/web\/#\/schema\/person\/a7a5d38f0629dfc107f619fbae4f6cc3\"},\"headline\":\"Cuarto simulacro de evacuaci\u00f3n por Sismo en Pasto\",\"datePublished\":\"2014-10-01T04:29:00+00:00\",\"mainEntityOfPage\":{\"@id\":\"https:\/\/pagina10.com\/web\/cuarto-simulacro-de-evacuacion-por-sismo-en-pasto\/\"},\"wordCount\":384,\"commentCount\":0,\"publisher\":{\"@id\":\"https:\/\/pagina10.com\/web\/#organization\"},\"image\":{\"@id\":\"https:\/\/pagina10.com\/web\/cuarto-simulacro-de-evacuacion-por-sismo-en-pasto\/#primaryimage\"},\"thumbnailUrl\":\"https:\/\/pagina10.com\/web\/wp-content\/uploads\/2014\/10\/2a293225a02c37ef34ecdfeedb1c23a2.jpg\",\"articleSection\":[\"Ciudad\"],\"inLanguage\":\"es\",\"potentialAction\":[{\"@type\":\"CommentAction\",\"name\":\"Comment\",\"target\":[\"https:\/\/pagina10.com\/web\/cuarto-simulacro-de-evacuacion-por-sismo-en-pasto\/#respond\"]}]},{\"@type\":\"WebPage\",\"@id\":\"https:\/\/pagina10.com\/web\/cuarto-simulacro-de-evacuacion-por-sismo-en-pasto\/\",\"url\":\"https:\/\/pagina10.com\/web\/cuarto-simulacro-de-evacuacion-por-sismo-en-pasto\/\",\"name\":\"Cuarto simulacro de evacuaci\u00f3n por Sismo en Pasto | P\u00e1gina10\",\"isPartOf\":{\"@id\":\"https:\/\/pagina10.com\/web\/#website\"},\"primaryImageOfPage\":{\"@id\":\"https:\/\/pagina10.com\/web\/cuarto-simulacro-de-evacuacion-por-sismo-en-pasto\/#primaryimage\"},\"image\":{\"@id\":\"https:\/\/pagina10.com\/web\/cuarto-simulacro-de-evacuacion-por-sismo-en-pasto\/#primaryimage\"},\"thumbnailUrl\":\"https:\/\/pagina10.com\/web\/wp-content\/uploads\/2014\/10\/2a293225a02c37ef34ecdfeedb1c23a2.jpg\",\"datePublished\":\"2014-10-01T04:29:00+00:00\",\"breadcrumb\":{\"@id\":\"https:\/\/pagina10.com\/web\/cuarto-simulacro-de-evacuacion-por-sismo-en-pasto\/#breadcrumb\"},\"inLanguage\":\"es\",\"potentialAction\":[{\"@type\":\"ReadAction\",\"target\":[\"https:\/\/pagina10.com\/web\/cuarto-simulacro-de-evacuacion-por-sismo-en-pasto\/\"]}]},{\"@type\":\"ImageObject\",\"inLanguage\":\"es\",\"@id\":\"https:\/\/pagina10.com\/web\/cuarto-simulacro-de-evacuacion-por-sismo-en-pasto\/#primaryimage\",\"url\":\"https:\/\/pagina10.com\/web\/wp-content\/uploads\/2014\/10\/2a293225a02c37ef34ecdfeedb1c23a2.jpg\",\"contentUrl\":\"https:\/\/pagina10.com\/web\/wp-content\/uploads\/2014\/10\/2a293225a02c37ef34ecdfeedb1c23a2.jpg\",\"width\":960,\"height\":640,\"caption\":\"Fotograf\u00eda: Miguel Garz\u00f3n Guerrero\"},{\"@type\":\"BreadcrumbList\",\"@id\":\"https:\/\/pagina10.com\/web\/cuarto-simulacro-de-evacuacion-por-sismo-en-pasto\/#breadcrumb\",\"itemListElement\":[{\"@type\":\"ListItem\",\"position\":1,\"name\":\"Portada\",\"item\":\"https:\/\/pagina10.com\/web\/\"},{\"@type\":\"ListItem\",\"position\":2,\"name\":\"Cuarto simulacro de evacuaci\u00f3n por Sismo en Pasto\"}]},{\"@type\":\"WebSite\",\"@id\":\"https:\/\/pagina10.com\/web\/#website\",\"url\":\"https:\/\/pagina10.com\/web\/\",\"name\":\"P\u00e1gina10\",\"description\":\"Peri\u00f3dico Regional\",\"publisher\":{\"@id\":\"https:\/\/pagina10.com\/web\/#organization\"},\"alternateName\":\"P\u00e1gina10 Peri\u00f3dico Regional\",\"potentialAction\":[{\"@type\":\"SearchAction\",\"target\":{\"@type\":\"EntryPoint\",\"urlTemplate\":\"https:\/\/pagina10.com\/web\/?s={search_term_string}\"},\"query-input\":{\"@type\":\"PropertyValueSpecification\",\"valueRequired\":true,\"valueName\":\"search_term_string\"}}],\"inLanguage\":\"es\"},{\"@type\":\"Organization\",\"@id\":\"https:\/\/pagina10.com\/web\/#organization\",\"name\":\"P\u00e1gina10\",\"alternateName\":\"P\u00e1gina10 Peri\u00f3dico Regional\",\"url\":\"https:\/\/pagina10.com\/web\/\",\"logo\":{\"@type\":\"ImageObject\",\"inLanguage\":\"es\",\"@id\":\"https:\/\/pagina10.com\/web\/#\/schema\/logo\/image\/\",\"url\":\"https:\/\/pagina10.com\/web\/wp-content\/uploads\/2024\/01\/40-pagina-10-periodico-regional-pasto.jpg\",\"contentUrl\":\"https:\/\/pagina10.com\/web\/wp-content\/uploads\/2024\/01\/40-pagina-10-periodico-regional-pasto.jpg\",\"width\":1280,\"height\":720,\"caption\":\"P\u00e1gina10\"},\"image\":{\"@id\":\"https:\/\/pagina10.com\/web\/#\/schema\/logo\/image\/\"},\"sameAs\":[\"https:\/\/www.facebook.com\/pag10com\",\"https:\/\/x.com\/Pag10com\",\"https:\/\/www.instagram.com\/pagina10col\/\",\"https:\/\/youtube.com\/channel\/pag10\",\"https:\/\/www.tiktok.com\/@p10col\"]},{\"@type\":\"Person\",\"@id\":\"https:\/\/pagina10.com\/web\/#\/schema\/person\/a7a5d38f0629dfc107f619fbae4f6cc3\",\"name\":\"P\u00e1gina 10\",\"description\":\"P\u00e1gina10.com es un peri\u00f3dico digital que nace en Colombia, en el departamento de Nari\u00f1o, con un enfoque global, fundamentado en cuatro pilares esenciales: la libertad, el pluralismo, la inclusi\u00f3n y la independencia. P\u00e1gina10.com hace referencia a Nari\u00f1o como el d\u00e9cimo departamento creado en Colombia, despu\u00e9s de un proceso pol\u00edtico liderado por actores y actrices regionales con el fin de obtener la independencia y autonom\u00eda de nuestros territorios. Con la creaci\u00f3n de P\u00e1gina10.com se pretende abrir un escenario para el dialogo, la reflexi\u00f3n y el debate que se extienda a otras geograf\u00edas de Am\u00e9rica Latina y del planeta, en una apuesta por transformar colectivamente los desaf\u00edos de un mundo contempor\u00e1neo, m\u00e1s all\u00e1 de las fronteras impuestas.\",\"url\":\"https:\/\/pagina10.com\/web\/author\/mcepeda\/\"}]}<\/script>\n<!-- \/ Yoast SEO plugin. -->","yoast_head_json":{"title":"Cuarto simulacro de evacuaci\u00f3n por Sismo en Pasto | P\u00e1gina10","robots":{"index":"index","follow":"follow","max-snippet":"max-snippet:-1","max-image-preview":"max-image-preview:large","max-video-preview":"max-video-preview:-1"},"canonical":"https:\/\/pagina10.com\/web\/cuarto-simulacro-de-evacuacion-por-sismo-en-pasto\/","og_locale":"es_ES","og_type":"article","og_title":"Cuarto simulacro de evacuaci\u00f3n por Sismo en Pasto | P\u00e1gina10","og_description":"Con la meta de alcanzar 85 mil personas participando activamente en el Cuarto Simulacro de Evacuaci\u00f3n por Sismo, la Direcci\u00f3n de Gesti\u00f3n del Riesgo de Desastres del Municipio de Pasto&nbsp;y el Cuerpo de Bomberos Voluntarios extendieron a trav\u00e9s de los medios de comunicaci\u00f3n, la invitaci\u00f3n para que los ciudadanos se inscriban en este ejercicio que [&hellip;]","og_url":"https:\/\/pagina10.com\/web\/cuarto-simulacro-de-evacuacion-por-sismo-en-pasto\/","og_site_name":"P\u00e1gina10","article_publisher":"https:\/\/www.facebook.com\/pag10com","article_published_time":"2014-10-01T04:29:00+00:00","og_image":[{"width":960,"height":640,"url":"https:\/\/pagina10.com\/web\/wp-content\/uploads\/2014\/10\/2a293225a02c37ef34ecdfeedb1c23a2.jpg","type":"image\/jpeg"}],"author":"P\u00e1gina 10","twitter_card":"summary_large_image","twitter_creator":"@Pag10com","twitter_site":"@Pag10com","twitter_misc":{"Escrito por":"P\u00e1gina 10","Tiempo de lectura":"2 minutos"},"schema":{"@context":"https:\/\/schema.org","@graph":[{"@type":"Article","@id":"https:\/\/pagina10.com\/web\/cuarto-simulacro-de-evacuacion-por-sismo-en-pasto\/#article","isPartOf":{"@id":"https:\/\/pagina10.com\/web\/cuarto-simulacro-de-evacuacion-por-sismo-en-pasto\/"},"author":{"name":"P\u00e1gina 10","@id":"https:\/\/pagina10.com\/web\/#\/schema\/person\/a7a5d38f0629dfc107f619fbae4f6cc3"},"headline":"Cuarto simulacro de evacuaci\u00f3n por Sismo en Pasto","datePublished":"2014-10-01T04:29:00+00:00","mainEntityOfPage":{"@id":"https:\/\/pagina10.com\/web\/cuarto-simulacro-de-evacuacion-por-sismo-en-pasto\/"},"wordCount":384,"commentCount":0,"publisher":{"@id":"https:\/\/pagina10.com\/web\/#organization"},"image":{"@id":"https:\/\/pagina10.com\/web\/cuarto-simulacro-de-evacuacion-por-sismo-en-pasto\/#primaryimage"},"thumbnailUrl":"https:\/\/pagina10.com\/web\/wp-content\/uploads\/2014\/10\/2a293225a02c37ef34ecdfeedb1c23a2.jpg","articleSection":["Ciudad"],"inLanguage":"es","potentialAction":[{"@type":"CommentAction","name":"Comment","target":["https:\/\/pagina10.com\/web\/cuarto-simulacro-de-evacuacion-por-sismo-en-pasto\/#respond"]}]},{"@type":"WebPage","@id":"https:\/\/pagina10.com\/web\/cuarto-simulacro-de-evacuacion-por-sismo-en-pasto\/","url":"https:\/\/pagina10.com\/web\/cuarto-simulacro-de-evacuacion-por-sismo-en-pasto\/","name":"Cuarto simulacro de evacuaci\u00f3n por Sismo en Pasto | P\u00e1gina10","isPartOf":{"@id":"https:\/\/pagina10.com\/web\/#website"},"primaryImageOfPage":{"@id":"https:\/\/pagina10.com\/web\/cuarto-simulacro-de-evacuacion-por-sismo-en-pasto\/#primaryimage"},"image":{"@id":"https:\/\/pagina10.com\/web\/cuarto-simulacro-de-evacuacion-por-sismo-en-pasto\/#primaryimage"},"thumbnailUrl":"https:\/\/pagina10.com\/web\/wp-content\/uploads\/2014\/10\/2a293225a02c37ef34ecdfeedb1c23a2.jpg","datePublished":"2014-10-01T04:29:00+00:00","breadcrumb":{"@id":"https:\/\/pagina10.com\/web\/cuarto-simulacro-de-evacuacion-por-sismo-en-pasto\/#breadcrumb"},"inLanguage":"es","potentialAction":[{"@type":"ReadAction","target":["https:\/\/pagina10.com\/web\/cuarto-simulacro-de-evacuacion-por-sismo-en-pasto\/"]}]},{"@type":"ImageObject","inLanguage":"es","@id":"https:\/\/pagina10.com\/web\/cuarto-simulacro-de-evacuacion-por-sismo-en-pasto\/#primaryimage","url":"https:\/\/pagina10.com\/web\/wp-content\/uploads\/2014\/10\/2a293225a02c37ef34ecdfeedb1c23a2.jpg","contentUrl":"https:\/\/pagina10.com\/web\/wp-content\/uploads\/2014\/10\/2a293225a02c37ef34ecdfeedb1c23a2.jpg","width":960,"height":640,"caption":"Fotograf\u00eda: Miguel Garz\u00f3n Guerrero"},{"@type":"BreadcrumbList","@id":"https:\/\/pagina10.com\/web\/cuarto-simulacro-de-evacuacion-por-sismo-en-pasto\/#breadcrumb","itemListElement":[{"@type":"ListItem","position":1,"name":"Portada","item":"https:\/\/pagina10.com\/web\/"},{"@type":"ListItem","position":2,"name":"Cuarto simulacro de evacuaci\u00f3n por Sismo en Pasto"}]},{"@type":"WebSite","@id":"https:\/\/pagina10.com\/web\/#website","url":"https:\/\/pagina10.com\/web\/","name":"P\u00e1gina10","description":"Peri\u00f3dico Regional","publisher":{"@id":"https:\/\/pagina10.com\/web\/#organization"},"alternateName":"P\u00e1gina10 Peri\u00f3dico Regional","potentialAction":[{"@type":"SearchAction","target":{"@type":"EntryPoint","urlTemplate":"https:\/\/pagina10.com\/web\/?s={search_term_string}"},"query-input":{"@type":"PropertyValueSpecification","valueRequired":true,"valueName":"search_term_string"}}],"inLanguage":"es"},{"@type":"Organization","@id":"https:\/\/pagina10.com\/web\/#organization","name":"P\u00e1gina10","alternateName":"P\u00e1gina10 Peri\u00f3dico Regional","url":"https:\/\/pagina10.com\/web\/","logo":{"@type":"ImageObject","inLanguage":"es","@id":"https:\/\/pagina10.com\/web\/#\/schema\/logo\/image\/","url":"https:\/\/pagina10.com\/web\/wp-content\/uploads\/2024\/01\/40-pagina-10-periodico-regional-pasto.jpg","contentUrl":"https:\/\/pagina10.com\/web\/wp-content\/uploads\/2024\/01\/40-pagina-10-periodico-regional-pasto.jpg","width":1280,"height":720,"caption":"P\u00e1gina10"},"image":{"@id":"https:\/\/pagina10.com\/web\/#\/schema\/logo\/image\/"},"sameAs":["https:\/\/www.facebook.com\/pag10com","https:\/\/x.com\/Pag10com","https:\/\/www.instagram.com\/pagina10col\/","https:\/\/youtube.com\/channel\/pag10","https:\/\/www.tiktok.com\/@p10col"]},{"@type":"Person","@id":"https:\/\/pagina10.com\/web\/#\/schema\/person\/a7a5d38f0629dfc107f619fbae4f6cc3","name":"P\u00e1gina 10","description":"P\u00e1gina10.com es un peri\u00f3dico digital que nace en Colombia, en el departamento de Nari\u00f1o, con un enfoque global, fundamentado en cuatro pilares esenciales: la libertad, el pluralismo, la inclusi\u00f3n y la independencia. P\u00e1gina10.com hace referencia a Nari\u00f1o como el d\u00e9cimo departamento creado en Colombia, despu\u00e9s de un proceso pol\u00edtico liderado por actores y actrices regionales con el fin de obtener la independencia y autonom\u00eda de nuestros territorios. Con la creaci\u00f3n de P\u00e1gina10.com se pretende abrir un escenario para el dialogo, la reflexi\u00f3n y el debate que se extienda a otras geograf\u00edas de Am\u00e9rica Latina y del planeta, en una apuesta por transformar colectivamente los desaf\u00edos de un mundo contempor\u00e1neo, m\u00e1s all\u00e1 de las fronteras impuestas.","url":"https:\/\/pagina10.com\/web\/author\/mcepeda\/"}]}},"_links":{"self":[{"href":"https:\/\/pagina10.com\/web\/wp-json\/wp\/v2\/posts\/10627","targetHints":{"allow":["GET"]}}],"collection":[{"href":"https:\/\/pagina10.com\/web\/wp-json\/wp\/v2\/posts"}],"about":[{"href":"https:\/\/pagina10.com\/web\/wp-json\/wp\/v2\/types\/post"}],"author":[{"embeddable":true,"href":"https:\/\/pagina10.com\/web\/wp-json\/wp\/v2\/users\/29"}],"replies":[{"embeddable":true,"href":"https:\/\/pagina10.com\/web\/wp-json\/wp\/v2\/comments?post=10627"}],"version-history":[{"count":0,"href":"https:\/\/pagina10.com\/web\/wp-json\/wp\/v2\/posts\/10627\/revisions"}],"wp:featuredmedia":[{"embeddable":true,"href":"https:\/\/pagina10.com\/web\/wp-json\/wp\/v2\/media\/10625"}],"wp:attachment":[{"href":"https:\/\/pagina10.com\/web\/wp-json\/wp\/v2\/media?parent=10627"}],"wp:term":[{"taxonomy":"category","embeddable":true,"href":"https:\/\/pagina10.com\/web\/wp-json\/wp\/v2\/categories?post=10627"},{"taxonomy":"post_tag","embeddable":true,"href":"https:\/\/pagina10.com\/web\/wp-json\/wp\/v2\/tags?post=10627"}],"curies":[{"name":"wp","href":"https:\/\/api.w.org\/{rel}","templated":true}]}}