{"id":10630,"date":"2014-10-01T04:32:55","date_gmt":"2014-10-01T04:32:55","guid":{"rendered":"https:\/\/pagina10.com\/web\/en-pasto-disminuyen-muertes-violentas-en-un-51\/"},"modified":"2014-10-01T04:32:55","modified_gmt":"2014-10-01T04:32:55","slug":"en-pasto-disminuyen-muertes-violentas-en-un-51","status":"publish","type":"post","link":"https:\/\/pagina10.com\/web\/en-pasto-disminuyen-muertes-violentas-en-un-51\/","title":{"rendered":"En Pasto disminuyen muertes violentas en un 51%"},"content":{"rendered":"<p><img fetchpriority=\"high\" decoding=\"async\" class=\" size-full wp-image-10629\" src=\"https:\/\/pagina10.com\/web\/wp-content\/uploads\/2014\/10\/a47d50278e3f3e6cf9deb553ee744629.jpg\" alt=\"Fotograf\u00eda: Andr\u00e9s Ceballos \" width=\"960\" height=\"640\" srcset=\"https:\/\/pagina10.com\/web\/wp-content\/uploads\/2014\/10\/a47d50278e3f3e6cf9deb553ee744629.jpg 960w, https:\/\/pagina10.com\/web\/wp-content\/uploads\/2014\/10\/a47d50278e3f3e6cf9deb553ee744629-300x200.jpg 300w, https:\/\/pagina10.com\/web\/wp-content\/uploads\/2014\/10\/a47d50278e3f3e6cf9deb553ee744629-768x512.jpg 768w, https:\/\/pagina10.com\/web\/wp-content\/uploads\/2014\/10\/a47d50278e3f3e6cf9deb553ee744629-450x300.jpg 450w\" sizes=\"(max-width: 960px) 100vw, 960px\" \/><\/p>\n<p style=\"text-align: justify;\">El tercer trimestre de 2014 representa una disminuci\u00f3n de muertes violentas del 51% en comparaci\u00f3n con el mismo periodo del a\u00f1o anterior, seg\u00fan informe del Observatorio del Delito de la Secretar\u00eda de Gobierno de la Alcald\u00eda de Pasto. \u00c1lvaro Jos\u00e9 Gomezjurado Garz\u00f3n, titular de ese despacho, manifest\u00f3 que esta reducci\u00f3n en los homicidios se logr\u00f3 tras un trabajo organizado, la oportuna reacci\u00f3n de la Polic\u00eda y organismos de seguridad del Estado constituy\u00e9ndose en la base principal para que los \u00edndices de muertes violentas registren una considerable reducci\u00f3n en los primeros nueve meses de este a\u00f1o, en comparaci\u00f3n a 2013.<\/p>\n<p style=\"text-align: justify;\">&nbsp;<\/p>\n<p style=\"text-align: justify;\">Gomezjurado Garz\u00f3n, explic\u00f3 que en el primer semestre de 2013 se registraron 83 muertes violentas en las diferentes comunas de la ciudad por diferentes causas, en este a\u00f1o la cifra asciende a 51, con una clara disminuci\u00f3n de 32 casos en relaci\u00f3n al a\u00f1o anterior. Las investigaciones de la Polic\u00eda han determinado que el 50% de las muertes que ocurrieron en la ciudad responden a actos de violencia e intolerancia vinculados con el consumo y comercializaci\u00f3n de alcohol y drogas.<\/p>\n<p style=\"text-align: justify;\">&nbsp;<\/p>\n<p style=\"text-align: justify;\">Por otro lado el secretario manifest\u00f3 que el 0.5% de las muertes violentas fueron producto del sicariato, una situaci\u00f3n que la Polic\u00eda Nacional busca detener con la mayor prontitud y asegur\u00f3 que otros factores que incidi\u00f3 en estas muertes violentas fueron violencia intrafamiliar, robo y delincuencia com\u00fan, as\u00ed como ri\u00f1as callejeras.&nbsp;<\/p>\n","protected":false},"excerpt":{"rendered":"<p>El tercer trimestre de 2014 representa una disminuci\u00f3n de muertes violentas del 51% en comparaci\u00f3n con el mismo periodo del a\u00f1o anterior, seg\u00fan informe del Observatorio del Delito de la Secretar\u00eda de Gobierno de la Alcald\u00eda de Pasto. \u00c1lvaro Jos\u00e9 Gomezjurado Garz\u00f3n, titular de ese despacho, manifest\u00f3 que esta reducci\u00f3n en los homicidios se logr\u00f3 [&hellip;]<\/p>\n","protected":false},"author":29,"featured_media":10628,"comment_status":"open","ping_status":"open","sticky":false,"template":"","format":"standard","meta":{"footnotes":""},"categories":[82],"tags":[],"class_list":["post-10630","post","type-post","status-publish","format-standard","has-post-thumbnail","hentry","category-ciudad-2"],"yoast_head":"<!-- This site is optimized with the Yoast SEO plugin v27.1.1 - https:\/\/yoast.com\/product\/yoast-seo-wordpress\/ -->\n<title>En Pasto disminuyen muertes violentas en un 51% | P\u00e1gina10<\/title>\n<meta name=\"robots\" content=\"index, follow, max-snippet:-1, max-image-preview:large, max-video-preview:-1\" \/>\n<link rel=\"canonical\" href=\"https:\/\/pagina10.com\/web\/en-pasto-disminuyen-muertes-violentas-en-un-51\/\" \/>\n<meta property=\"og:locale\" content=\"es_ES\" \/>\n<meta property=\"og:type\" content=\"article\" \/>\n<meta property=\"og:title\" content=\"En Pasto disminuyen muertes violentas en un 51% | P\u00e1gina10\" \/>\n<meta property=\"og:description\" content=\"El tercer trimestre de 2014 representa una disminuci\u00f3n de muertes violentas del 51% en comparaci\u00f3n con el mismo periodo del a\u00f1o anterior, seg\u00fan informe del Observatorio del Delito de la Secretar\u00eda de Gobierno de la Alcald\u00eda de Pasto. \u00c1lvaro Jos\u00e9 Gomezjurado Garz\u00f3n, titular de ese despacho, manifest\u00f3 que esta reducci\u00f3n en los homicidios se logr\u00f3 [&hellip;]\" \/>\n<meta property=\"og:url\" content=\"https:\/\/pagina10.com\/web\/en-pasto-disminuyen-muertes-violentas-en-un-51\/\" \/>\n<meta property=\"og:site_name\" content=\"P\u00e1gina10\" \/>\n<meta property=\"article:publisher\" content=\"https:\/\/www.facebook.com\/pag10com\" \/>\n<meta property=\"article:published_time\" content=\"2014-10-01T04:32:55+00:00\" \/>\n<meta property=\"og:image\" content=\"https:\/\/pagina10.com\/web\/wp-content\/uploads\/2014\/10\/a47d50278e3f3e6cf9deb553ee744629.jpg\" \/>\n\t<meta property=\"og:image:width\" content=\"960\" \/>\n\t<meta property=\"og:image:height\" content=\"640\" \/>\n\t<meta property=\"og:image:type\" content=\"image\/jpeg\" \/>\n<meta name=\"author\" content=\"P\u00e1gina 10\" \/>\n<meta name=\"twitter:card\" content=\"summary_large_image\" \/>\n<meta name=\"twitter:creator\" content=\"@Pag10com\" \/>\n<meta name=\"twitter:site\" content=\"@Pag10com\" \/>\n<meta name=\"twitter:label1\" content=\"Escrito por\" \/>\n\t<meta name=\"twitter:data1\" content=\"P\u00e1gina 10\" \/>\n\t<meta name=\"twitter:label2\" content=\"Tiempo de lectura\" \/>\n\t<meta name=\"twitter:data2\" content=\"1 minuto\" \/>\n<script type=\"application\/ld+json\" class=\"yoast-schema-graph\">{\"@context\":\"https:\/\/schema.org\",\"@graph\":[{\"@type\":\"Article\",\"@id\":\"https:\/\/pagina10.com\/web\/en-pasto-disminuyen-muertes-violentas-en-un-51\/#article\",\"isPartOf\":{\"@id\":\"https:\/\/pagina10.com\/web\/en-pasto-disminuyen-muertes-violentas-en-un-51\/\"},\"author\":{\"name\":\"P\u00e1gina 10\",\"@id\":\"https:\/\/pagina10.com\/web\/#\/schema\/person\/a7a5d38f0629dfc107f619fbae4f6cc3\"},\"headline\":\"En Pasto disminuyen muertes violentas en un 51%\",\"datePublished\":\"2014-10-01T04:32:55+00:00\",\"mainEntityOfPage\":{\"@id\":\"https:\/\/pagina10.com\/web\/en-pasto-disminuyen-muertes-violentas-en-un-51\/\"},\"wordCount\":256,\"commentCount\":0,\"publisher\":{\"@id\":\"https:\/\/pagina10.com\/web\/#organization\"},\"image\":{\"@id\":\"https:\/\/pagina10.com\/web\/en-pasto-disminuyen-muertes-violentas-en-un-51\/#primaryimage\"},\"thumbnailUrl\":\"https:\/\/pagina10.com\/web\/wp-content\/uploads\/2014\/10\/a47d50278e3f3e6cf9deb553ee744629.jpg\",\"articleSection\":[\"Ciudad\"],\"inLanguage\":\"es\",\"potentialAction\":[{\"@type\":\"CommentAction\",\"name\":\"Comment\",\"target\":[\"https:\/\/pagina10.com\/web\/en-pasto-disminuyen-muertes-violentas-en-un-51\/#respond\"]}]},{\"@type\":\"WebPage\",\"@id\":\"https:\/\/pagina10.com\/web\/en-pasto-disminuyen-muertes-violentas-en-un-51\/\",\"url\":\"https:\/\/pagina10.com\/web\/en-pasto-disminuyen-muertes-violentas-en-un-51\/\",\"name\":\"En Pasto disminuyen muertes violentas en un 51% | P\u00e1gina10\",\"isPartOf\":{\"@id\":\"https:\/\/pagina10.com\/web\/#website\"},\"primaryImageOfPage\":{\"@id\":\"https:\/\/pagina10.com\/web\/en-pasto-disminuyen-muertes-violentas-en-un-51\/#primaryimage\"},\"image\":{\"@id\":\"https:\/\/pagina10.com\/web\/en-pasto-disminuyen-muertes-violentas-en-un-51\/#primaryimage\"},\"thumbnailUrl\":\"https:\/\/pagina10.com\/web\/wp-content\/uploads\/2014\/10\/a47d50278e3f3e6cf9deb553ee744629.jpg\",\"datePublished\":\"2014-10-01T04:32:55+00:00\",\"breadcrumb\":{\"@id\":\"https:\/\/pagina10.com\/web\/en-pasto-disminuyen-muertes-violentas-en-un-51\/#breadcrumb\"},\"inLanguage\":\"es\",\"potentialAction\":[{\"@type\":\"ReadAction\",\"target\":[\"https:\/\/pagina10.com\/web\/en-pasto-disminuyen-muertes-violentas-en-un-51\/\"]}]},{\"@type\":\"ImageObject\",\"inLanguage\":\"es\",\"@id\":\"https:\/\/pagina10.com\/web\/en-pasto-disminuyen-muertes-violentas-en-un-51\/#primaryimage\",\"url\":\"https:\/\/pagina10.com\/web\/wp-content\/uploads\/2014\/10\/a47d50278e3f3e6cf9deb553ee744629.jpg\",\"contentUrl\":\"https:\/\/pagina10.com\/web\/wp-content\/uploads\/2014\/10\/a47d50278e3f3e6cf9deb553ee744629.jpg\",\"width\":960,\"height\":640,\"caption\":\"Fotograf\u00eda: Andr\u00e9s Ceballos\"},{\"@type\":\"BreadcrumbList\",\"@id\":\"https:\/\/pagina10.com\/web\/en-pasto-disminuyen-muertes-violentas-en-un-51\/#breadcrumb\",\"itemListElement\":[{\"@type\":\"ListItem\",\"position\":1,\"name\":\"Portada\",\"item\":\"https:\/\/pagina10.com\/web\/\"},{\"@type\":\"ListItem\",\"position\":2,\"name\":\"En Pasto disminuyen muertes violentas en un 51%\"}]},{\"@type\":\"WebSite\",\"@id\":\"https:\/\/pagina10.com\/web\/#website\",\"url\":\"https:\/\/pagina10.com\/web\/\",\"name\":\"P\u00e1gina10\",\"description\":\"Peri\u00f3dico Regional\",\"publisher\":{\"@id\":\"https:\/\/pagina10.com\/web\/#organization\"},\"alternateName\":\"P\u00e1gina10 Peri\u00f3dico Regional\",\"potentialAction\":[{\"@type\":\"SearchAction\",\"target\":{\"@type\":\"EntryPoint\",\"urlTemplate\":\"https:\/\/pagina10.com\/web\/?s={search_term_string}\"},\"query-input\":{\"@type\":\"PropertyValueSpecification\",\"valueRequired\":true,\"valueName\":\"search_term_string\"}}],\"inLanguage\":\"es\"},{\"@type\":\"Organization\",\"@id\":\"https:\/\/pagina10.com\/web\/#organization\",\"name\":\"P\u00e1gina10\",\"alternateName\":\"P\u00e1gina10 Peri\u00f3dico Regional\",\"url\":\"https:\/\/pagina10.com\/web\/\",\"logo\":{\"@type\":\"ImageObject\",\"inLanguage\":\"es\",\"@id\":\"https:\/\/pagina10.com\/web\/#\/schema\/logo\/image\/\",\"url\":\"https:\/\/pagina10.com\/web\/wp-content\/uploads\/2024\/01\/40-pagina-10-periodico-regional-pasto.jpg\",\"contentUrl\":\"https:\/\/pagina10.com\/web\/wp-content\/uploads\/2024\/01\/40-pagina-10-periodico-regional-pasto.jpg\",\"width\":1280,\"height\":720,\"caption\":\"P\u00e1gina10\"},\"image\":{\"@id\":\"https:\/\/pagina10.com\/web\/#\/schema\/logo\/image\/\"},\"sameAs\":[\"https:\/\/www.facebook.com\/pag10com\",\"https:\/\/x.com\/Pag10com\",\"https:\/\/www.instagram.com\/pagina10col\/\",\"https:\/\/youtube.com\/channel\/pag10\",\"https:\/\/www.tiktok.com\/@p10col\"]},{\"@type\":\"Person\",\"@id\":\"https:\/\/pagina10.com\/web\/#\/schema\/person\/a7a5d38f0629dfc107f619fbae4f6cc3\",\"name\":\"P\u00e1gina 10\",\"description\":\"P\u00e1gina10.com es un peri\u00f3dico digital que nace en Colombia, en el departamento de Nari\u00f1o, con un enfoque global, fundamentado en cuatro pilares esenciales: la libertad, el pluralismo, la inclusi\u00f3n y la independencia. P\u00e1gina10.com hace referencia a Nari\u00f1o como el d\u00e9cimo departamento creado en Colombia, despu\u00e9s de un proceso pol\u00edtico liderado por actores y actrices regionales con el fin de obtener la independencia y autonom\u00eda de nuestros territorios. Con la creaci\u00f3n de P\u00e1gina10.com se pretende abrir un escenario para el dialogo, la reflexi\u00f3n y el debate que se extienda a otras geograf\u00edas de Am\u00e9rica Latina y del planeta, en una apuesta por transformar colectivamente los desaf\u00edos de un mundo contempor\u00e1neo, m\u00e1s all\u00e1 de las fronteras impuestas.\",\"url\":\"https:\/\/pagina10.com\/web\/author\/mcepeda\/\"}]}<\/script>\n<!-- \/ Yoast SEO plugin. -->","yoast_head_json":{"title":"En Pasto disminuyen muertes violentas en un 51% | P\u00e1gina10","robots":{"index":"index","follow":"follow","max-snippet":"max-snippet:-1","max-image-preview":"max-image-preview:large","max-video-preview":"max-video-preview:-1"},"canonical":"https:\/\/pagina10.com\/web\/en-pasto-disminuyen-muertes-violentas-en-un-51\/","og_locale":"es_ES","og_type":"article","og_title":"En Pasto disminuyen muertes violentas en un 51% | P\u00e1gina10","og_description":"El tercer trimestre de 2014 representa una disminuci\u00f3n de muertes violentas del 51% en comparaci\u00f3n con el mismo periodo del a\u00f1o anterior, seg\u00fan informe del Observatorio del Delito de la Secretar\u00eda de Gobierno de la Alcald\u00eda de Pasto. \u00c1lvaro Jos\u00e9 Gomezjurado Garz\u00f3n, titular de ese despacho, manifest\u00f3 que esta reducci\u00f3n en los homicidios se logr\u00f3 [&hellip;]","og_url":"https:\/\/pagina10.com\/web\/en-pasto-disminuyen-muertes-violentas-en-un-51\/","og_site_name":"P\u00e1gina10","article_publisher":"https:\/\/www.facebook.com\/pag10com","article_published_time":"2014-10-01T04:32:55+00:00","og_image":[{"width":960,"height":640,"url":"https:\/\/pagina10.com\/web\/wp-content\/uploads\/2014\/10\/a47d50278e3f3e6cf9deb553ee744629.jpg","type":"image\/jpeg"}],"author":"P\u00e1gina 10","twitter_card":"summary_large_image","twitter_creator":"@Pag10com","twitter_site":"@Pag10com","twitter_misc":{"Escrito por":"P\u00e1gina 10","Tiempo de lectura":"1 minuto"},"schema":{"@context":"https:\/\/schema.org","@graph":[{"@type":"Article","@id":"https:\/\/pagina10.com\/web\/en-pasto-disminuyen-muertes-violentas-en-un-51\/#article","isPartOf":{"@id":"https:\/\/pagina10.com\/web\/en-pasto-disminuyen-muertes-violentas-en-un-51\/"},"author":{"name":"P\u00e1gina 10","@id":"https:\/\/pagina10.com\/web\/#\/schema\/person\/a7a5d38f0629dfc107f619fbae4f6cc3"},"headline":"En Pasto disminuyen muertes violentas en un 51%","datePublished":"2014-10-01T04:32:55+00:00","mainEntityOfPage":{"@id":"https:\/\/pagina10.com\/web\/en-pasto-disminuyen-muertes-violentas-en-un-51\/"},"wordCount":256,"commentCount":0,"publisher":{"@id":"https:\/\/pagina10.com\/web\/#organization"},"image":{"@id":"https:\/\/pagina10.com\/web\/en-pasto-disminuyen-muertes-violentas-en-un-51\/#primaryimage"},"thumbnailUrl":"https:\/\/pagina10.com\/web\/wp-content\/uploads\/2014\/10\/a47d50278e3f3e6cf9deb553ee744629.jpg","articleSection":["Ciudad"],"inLanguage":"es","potentialAction":[{"@type":"CommentAction","name":"Comment","target":["https:\/\/pagina10.com\/web\/en-pasto-disminuyen-muertes-violentas-en-un-51\/#respond"]}]},{"@type":"WebPage","@id":"https:\/\/pagina10.com\/web\/en-pasto-disminuyen-muertes-violentas-en-un-51\/","url":"https:\/\/pagina10.com\/web\/en-pasto-disminuyen-muertes-violentas-en-un-51\/","name":"En Pasto disminuyen muertes violentas en un 51% | P\u00e1gina10","isPartOf":{"@id":"https:\/\/pagina10.com\/web\/#website"},"primaryImageOfPage":{"@id":"https:\/\/pagina10.com\/web\/en-pasto-disminuyen-muertes-violentas-en-un-51\/#primaryimage"},"image":{"@id":"https:\/\/pagina10.com\/web\/en-pasto-disminuyen-muertes-violentas-en-un-51\/#primaryimage"},"thumbnailUrl":"https:\/\/pagina10.com\/web\/wp-content\/uploads\/2014\/10\/a47d50278e3f3e6cf9deb553ee744629.jpg","datePublished":"2014-10-01T04:32:55+00:00","breadcrumb":{"@id":"https:\/\/pagina10.com\/web\/en-pasto-disminuyen-muertes-violentas-en-un-51\/#breadcrumb"},"inLanguage":"es","potentialAction":[{"@type":"ReadAction","target":["https:\/\/pagina10.com\/web\/en-pasto-disminuyen-muertes-violentas-en-un-51\/"]}]},{"@type":"ImageObject","inLanguage":"es","@id":"https:\/\/pagina10.com\/web\/en-pasto-disminuyen-muertes-violentas-en-un-51\/#primaryimage","url":"https:\/\/pagina10.com\/web\/wp-content\/uploads\/2014\/10\/a47d50278e3f3e6cf9deb553ee744629.jpg","contentUrl":"https:\/\/pagina10.com\/web\/wp-content\/uploads\/2014\/10\/a47d50278e3f3e6cf9deb553ee744629.jpg","width":960,"height":640,"caption":"Fotograf\u00eda: Andr\u00e9s Ceballos"},{"@type":"BreadcrumbList","@id":"https:\/\/pagina10.com\/web\/en-pasto-disminuyen-muertes-violentas-en-un-51\/#breadcrumb","itemListElement":[{"@type":"ListItem","position":1,"name":"Portada","item":"https:\/\/pagina10.com\/web\/"},{"@type":"ListItem","position":2,"name":"En Pasto disminuyen muertes violentas en un 51%"}]},{"@type":"WebSite","@id":"https:\/\/pagina10.com\/web\/#website","url":"https:\/\/pagina10.com\/web\/","name":"P\u00e1gina10","description":"Peri\u00f3dico Regional","publisher":{"@id":"https:\/\/pagina10.com\/web\/#organization"},"alternateName":"P\u00e1gina10 Peri\u00f3dico Regional","potentialAction":[{"@type":"SearchAction","target":{"@type":"EntryPoint","urlTemplate":"https:\/\/pagina10.com\/web\/?s={search_term_string}"},"query-input":{"@type":"PropertyValueSpecification","valueRequired":true,"valueName":"search_term_string"}}],"inLanguage":"es"},{"@type":"Organization","@id":"https:\/\/pagina10.com\/web\/#organization","name":"P\u00e1gina10","alternateName":"P\u00e1gina10 Peri\u00f3dico Regional","url":"https:\/\/pagina10.com\/web\/","logo":{"@type":"ImageObject","inLanguage":"es","@id":"https:\/\/pagina10.com\/web\/#\/schema\/logo\/image\/","url":"https:\/\/pagina10.com\/web\/wp-content\/uploads\/2024\/01\/40-pagina-10-periodico-regional-pasto.jpg","contentUrl":"https:\/\/pagina10.com\/web\/wp-content\/uploads\/2024\/01\/40-pagina-10-periodico-regional-pasto.jpg","width":1280,"height":720,"caption":"P\u00e1gina10"},"image":{"@id":"https:\/\/pagina10.com\/web\/#\/schema\/logo\/image\/"},"sameAs":["https:\/\/www.facebook.com\/pag10com","https:\/\/x.com\/Pag10com","https:\/\/www.instagram.com\/pagina10col\/","https:\/\/youtube.com\/channel\/pag10","https:\/\/www.tiktok.com\/@p10col"]},{"@type":"Person","@id":"https:\/\/pagina10.com\/web\/#\/schema\/person\/a7a5d38f0629dfc107f619fbae4f6cc3","name":"P\u00e1gina 10","description":"P\u00e1gina10.com es un peri\u00f3dico digital que nace en Colombia, en el departamento de Nari\u00f1o, con un enfoque global, fundamentado en cuatro pilares esenciales: la libertad, el pluralismo, la inclusi\u00f3n y la independencia. P\u00e1gina10.com hace referencia a Nari\u00f1o como el d\u00e9cimo departamento creado en Colombia, despu\u00e9s de un proceso pol\u00edtico liderado por actores y actrices regionales con el fin de obtener la independencia y autonom\u00eda de nuestros territorios. Con la creaci\u00f3n de P\u00e1gina10.com se pretende abrir un escenario para el dialogo, la reflexi\u00f3n y el debate que se extienda a otras geograf\u00edas de Am\u00e9rica Latina y del planeta, en una apuesta por transformar colectivamente los desaf\u00edos de un mundo contempor\u00e1neo, m\u00e1s all\u00e1 de las fronteras impuestas.","url":"https:\/\/pagina10.com\/web\/author\/mcepeda\/"}]}},"_links":{"self":[{"href":"https:\/\/pagina10.com\/web\/wp-json\/wp\/v2\/posts\/10630","targetHints":{"allow":["GET"]}}],"collection":[{"href":"https:\/\/pagina10.com\/web\/wp-json\/wp\/v2\/posts"}],"about":[{"href":"https:\/\/pagina10.com\/web\/wp-json\/wp\/v2\/types\/post"}],"author":[{"embeddable":true,"href":"https:\/\/pagina10.com\/web\/wp-json\/wp\/v2\/users\/29"}],"replies":[{"embeddable":true,"href":"https:\/\/pagina10.com\/web\/wp-json\/wp\/v2\/comments?post=10630"}],"version-history":[{"count":0,"href":"https:\/\/pagina10.com\/web\/wp-json\/wp\/v2\/posts\/10630\/revisions"}],"wp:featuredmedia":[{"embeddable":true,"href":"https:\/\/pagina10.com\/web\/wp-json\/wp\/v2\/media\/10628"}],"wp:attachment":[{"href":"https:\/\/pagina10.com\/web\/wp-json\/wp\/v2\/media?parent=10630"}],"wp:term":[{"taxonomy":"category","embeddable":true,"href":"https:\/\/pagina10.com\/web\/wp-json\/wp\/v2\/categories?post=10630"},{"taxonomy":"post_tag","embeddable":true,"href":"https:\/\/pagina10.com\/web\/wp-json\/wp\/v2\/tags?post=10630"}],"curies":[{"name":"wp","href":"https:\/\/api.w.org\/{rel}","templated":true}]}}