{"id":10656,"date":"2014-10-02T14:46:00","date_gmt":"2014-10-02T14:46:00","guid":{"rendered":"https:\/\/pagina10.com\/web\/entrega-de-viviendas-gratuitas-este-viernes-3-de-octubre\/"},"modified":"2014-10-02T14:46:00","modified_gmt":"2014-10-02T14:46:00","slug":"entrega-de-viviendas-gratuitas-este-viernes-3-de-octubre","status":"publish","type":"post","link":"https:\/\/pagina10.com\/web\/entrega-de-viviendas-gratuitas-este-viernes-3-de-octubre\/","title":{"rendered":"Vicepresidente de la Rep\u00fablica entregar\u00e1 viviendas gratuitas este viernes 3 de octubre en Pasto"},"content":{"rendered":"<p><img fetchpriority=\"high\" decoding=\"async\" class=\" size-full wp-image-10655\" src=\"https:\/\/pagina10.com\/web\/wp-content\/uploads\/2014\/10\/ae88fed3812ce9ff79f75a9aed12c5ec.jpg\" alt=\"Fotograf\u00eda: Constructora Nuevo Horizonte\" width=\"720\" height=\"480\" srcset=\"https:\/\/pagina10.com\/web\/wp-content\/uploads\/2014\/10\/ae88fed3812ce9ff79f75a9aed12c5ec.jpg 720w, https:\/\/pagina10.com\/web\/wp-content\/uploads\/2014\/10\/ae88fed3812ce9ff79f75a9aed12c5ec-300x200.jpg 300w, https:\/\/pagina10.com\/web\/wp-content\/uploads\/2014\/10\/ae88fed3812ce9ff79f75a9aed12c5ec-450x300.jpg 450w\" sizes=\"(max-width: 720px) 100vw, 720px\" \/><\/p>\n<p style=\"text-align: justify;\">El Vicepresidente de la Rep\u00fablica, Germ\u00e1n Vargas Lleras en compa\u00f1\u00eda del Ministro de Vivienda, Luis Felipe Henao y el alcalde de Pasto Harold Guerrero L\u00f3pez, entregar\u00e1n este viernes 03 de octubre a la 1:00 de la tarde, 305 soluciones de vivienda de la Urbanizaci\u00f3n Nueva Sindagua de la comuna 12 en el marco del Programa de Vivienda Gratuita, as\u00ed lo manifest\u00f3 el director del Invipasto, Mario Enr\u00edquez Chenas.<\/p>\n<p style=\"text-align: justify;\">Al acto de entrega tambi\u00e9n asistir\u00e1n la Ministra de Transporte, Natalia Abello Vives, el director de la Regional Nari\u00f1o del Departamento para la Prosperidad Social, DPS, Ricardo Cabrera, el director Ejecutivo de Comfamiliar de Nari\u00f1o John Rojas Cabrera, representantes de la empresa constructora y la comunidad beneficiaria.<\/p>\n<p style=\"text-align: justify;\">&nbsp;<\/p>\n<p style=\"text-align: justify;\">Posteriormente se realizar\u00e1 un recorrido para conocer el avance del Sistema Estrat\u00e9gico de Transporte P\u00fablico, adem\u00e1s de las obras acueducto y alcantarillado y visitar\u00e1 la construcci\u00f3n de lo que ser\u00e1 la nueva planta de tratamiento de Guadalupe ubicada en el corregimiento de Catambuco.<\/p>\n","protected":false},"excerpt":{"rendered":"<p>El Vicepresidente de la Rep\u00fablica, Germ\u00e1n Vargas Lleras en compa\u00f1\u00eda del Ministro de Vivienda, Luis Felipe Henao y el alcalde de Pasto Harold Guerrero L\u00f3pez, entregar\u00e1n este viernes 03 de octubre a la 1:00 de la tarde, 305 soluciones de vivienda de la Urbanizaci\u00f3n Nueva Sindagua de la comuna 12 en el marco del Programa [&hellip;]<\/p>\n","protected":false},"author":29,"featured_media":10655,"comment_status":"open","ping_status":"open","sticky":false,"template":"","format":"standard","meta":{"footnotes":""},"categories":[82],"tags":[],"class_list":["post-10656","post","type-post","status-publish","format-standard","has-post-thumbnail","hentry","category-ciudad-2"],"yoast_head":"<!-- This site is optimized with the Yoast SEO plugin v27.1.1 - https:\/\/yoast.com\/product\/yoast-seo-wordpress\/ -->\n<title>Vicepresidente de la Rep\u00fablica entregar\u00e1 viviendas gratuitas este viernes 3 de octubre en Pasto | P\u00e1gina10<\/title>\n<meta name=\"robots\" content=\"index, follow, max-snippet:-1, max-image-preview:large, max-video-preview:-1\" \/>\n<link rel=\"canonical\" href=\"https:\/\/pagina10.com\/web\/entrega-de-viviendas-gratuitas-este-viernes-3-de-octubre\/\" \/>\n<meta property=\"og:locale\" content=\"es_ES\" \/>\n<meta property=\"og:type\" content=\"article\" \/>\n<meta property=\"og:title\" content=\"Vicepresidente de la Rep\u00fablica entregar\u00e1 viviendas gratuitas este viernes 3 de octubre en Pasto | P\u00e1gina10\" \/>\n<meta property=\"og:description\" content=\"El Vicepresidente de la Rep\u00fablica, Germ\u00e1n Vargas Lleras en compa\u00f1\u00eda del Ministro de Vivienda, Luis Felipe Henao y el alcalde de Pasto Harold Guerrero L\u00f3pez, entregar\u00e1n este viernes 03 de octubre a la 1:00 de la tarde, 305 soluciones de vivienda de la Urbanizaci\u00f3n Nueva Sindagua de la comuna 12 en el marco del Programa [&hellip;]\" \/>\n<meta property=\"og:url\" content=\"https:\/\/pagina10.com\/web\/entrega-de-viviendas-gratuitas-este-viernes-3-de-octubre\/\" \/>\n<meta property=\"og:site_name\" content=\"P\u00e1gina10\" \/>\n<meta property=\"article:publisher\" content=\"https:\/\/www.facebook.com\/pag10com\" \/>\n<meta property=\"article:published_time\" content=\"2014-10-02T14:46:00+00:00\" \/>\n<meta property=\"og:image\" content=\"https:\/\/pagina10.com\/web\/wp-content\/uploads\/2014\/10\/ae88fed3812ce9ff79f75a9aed12c5ec.jpg\" \/>\n\t<meta property=\"og:image:width\" content=\"720\" \/>\n\t<meta property=\"og:image:height\" content=\"480\" \/>\n\t<meta property=\"og:image:type\" content=\"image\/jpeg\" \/>\n<meta name=\"author\" content=\"P\u00e1gina 10\" \/>\n<meta name=\"twitter:card\" content=\"summary_large_image\" \/>\n<meta name=\"twitter:creator\" content=\"@Pag10com\" \/>\n<meta name=\"twitter:site\" content=\"@Pag10com\" \/>\n<meta name=\"twitter:label1\" content=\"Escrito por\" \/>\n\t<meta name=\"twitter:data1\" content=\"P\u00e1gina 10\" \/>\n\t<meta name=\"twitter:label2\" content=\"Tiempo de lectura\" \/>\n\t<meta name=\"twitter:data2\" content=\"1 minuto\" \/>\n<script type=\"application\/ld+json\" class=\"yoast-schema-graph\">{\"@context\":\"https:\/\/schema.org\",\"@graph\":[{\"@type\":\"Article\",\"@id\":\"https:\/\/pagina10.com\/web\/entrega-de-viviendas-gratuitas-este-viernes-3-de-octubre\/#article\",\"isPartOf\":{\"@id\":\"https:\/\/pagina10.com\/web\/entrega-de-viviendas-gratuitas-este-viernes-3-de-octubre\/\"},\"author\":{\"name\":\"P\u00e1gina 10\",\"@id\":\"https:\/\/pagina10.com\/web\/#\/schema\/person\/a7a5d38f0629dfc107f619fbae4f6cc3\"},\"headline\":\"Vicepresidente de la Rep\u00fablica entregar\u00e1 viviendas gratuitas este viernes 3 de octubre en Pasto\",\"datePublished\":\"2014-10-02T14:46:00+00:00\",\"mainEntityOfPage\":{\"@id\":\"https:\/\/pagina10.com\/web\/entrega-de-viviendas-gratuitas-este-viernes-3-de-octubre\/\"},\"wordCount\":184,\"commentCount\":0,\"publisher\":{\"@id\":\"https:\/\/pagina10.com\/web\/#organization\"},\"image\":{\"@id\":\"https:\/\/pagina10.com\/web\/entrega-de-viviendas-gratuitas-este-viernes-3-de-octubre\/#primaryimage\"},\"thumbnailUrl\":\"https:\/\/pagina10.com\/web\/wp-content\/uploads\/2014\/10\/ae88fed3812ce9ff79f75a9aed12c5ec.jpg\",\"articleSection\":[\"Ciudad\"],\"inLanguage\":\"es\",\"potentialAction\":[{\"@type\":\"CommentAction\",\"name\":\"Comment\",\"target\":[\"https:\/\/pagina10.com\/web\/entrega-de-viviendas-gratuitas-este-viernes-3-de-octubre\/#respond\"]}]},{\"@type\":\"WebPage\",\"@id\":\"https:\/\/pagina10.com\/web\/entrega-de-viviendas-gratuitas-este-viernes-3-de-octubre\/\",\"url\":\"https:\/\/pagina10.com\/web\/entrega-de-viviendas-gratuitas-este-viernes-3-de-octubre\/\",\"name\":\"Vicepresidente de la Rep\u00fablica entregar\u00e1 viviendas gratuitas este viernes 3 de octubre en Pasto | P\u00e1gina10\",\"isPartOf\":{\"@id\":\"https:\/\/pagina10.com\/web\/#website\"},\"primaryImageOfPage\":{\"@id\":\"https:\/\/pagina10.com\/web\/entrega-de-viviendas-gratuitas-este-viernes-3-de-octubre\/#primaryimage\"},\"image\":{\"@id\":\"https:\/\/pagina10.com\/web\/entrega-de-viviendas-gratuitas-este-viernes-3-de-octubre\/#primaryimage\"},\"thumbnailUrl\":\"https:\/\/pagina10.com\/web\/wp-content\/uploads\/2014\/10\/ae88fed3812ce9ff79f75a9aed12c5ec.jpg\",\"datePublished\":\"2014-10-02T14:46:00+00:00\",\"breadcrumb\":{\"@id\":\"https:\/\/pagina10.com\/web\/entrega-de-viviendas-gratuitas-este-viernes-3-de-octubre\/#breadcrumb\"},\"inLanguage\":\"es\",\"potentialAction\":[{\"@type\":\"ReadAction\",\"target\":[\"https:\/\/pagina10.com\/web\/entrega-de-viviendas-gratuitas-este-viernes-3-de-octubre\/\"]}]},{\"@type\":\"ImageObject\",\"inLanguage\":\"es\",\"@id\":\"https:\/\/pagina10.com\/web\/entrega-de-viviendas-gratuitas-este-viernes-3-de-octubre\/#primaryimage\",\"url\":\"https:\/\/pagina10.com\/web\/wp-content\/uploads\/2014\/10\/ae88fed3812ce9ff79f75a9aed12c5ec.jpg\",\"contentUrl\":\"https:\/\/pagina10.com\/web\/wp-content\/uploads\/2014\/10\/ae88fed3812ce9ff79f75a9aed12c5ec.jpg\",\"width\":720,\"height\":480,\"caption\":\"Fotograf\u00eda: Constructora Nuevo Horizonte\"},{\"@type\":\"BreadcrumbList\",\"@id\":\"https:\/\/pagina10.com\/web\/entrega-de-viviendas-gratuitas-este-viernes-3-de-octubre\/#breadcrumb\",\"itemListElement\":[{\"@type\":\"ListItem\",\"position\":1,\"name\":\"Portada\",\"item\":\"https:\/\/pagina10.com\/web\/\"},{\"@type\":\"ListItem\",\"position\":2,\"name\":\"Vicepresidente de la Rep\u00fablica entregar\u00e1 viviendas gratuitas este viernes 3 de octubre en Pasto\"}]},{\"@type\":\"WebSite\",\"@id\":\"https:\/\/pagina10.com\/web\/#website\",\"url\":\"https:\/\/pagina10.com\/web\/\",\"name\":\"P\u00e1gina10\",\"description\":\"Peri\u00f3dico Regional\",\"publisher\":{\"@id\":\"https:\/\/pagina10.com\/web\/#organization\"},\"alternateName\":\"P\u00e1gina10 Peri\u00f3dico Regional\",\"potentialAction\":[{\"@type\":\"SearchAction\",\"target\":{\"@type\":\"EntryPoint\",\"urlTemplate\":\"https:\/\/pagina10.com\/web\/?s={search_term_string}\"},\"query-input\":{\"@type\":\"PropertyValueSpecification\",\"valueRequired\":true,\"valueName\":\"search_term_string\"}}],\"inLanguage\":\"es\"},{\"@type\":\"Organization\",\"@id\":\"https:\/\/pagina10.com\/web\/#organization\",\"name\":\"P\u00e1gina10\",\"alternateName\":\"P\u00e1gina10 Peri\u00f3dico Regional\",\"url\":\"https:\/\/pagina10.com\/web\/\",\"logo\":{\"@type\":\"ImageObject\",\"inLanguage\":\"es\",\"@id\":\"https:\/\/pagina10.com\/web\/#\/schema\/logo\/image\/\",\"url\":\"https:\/\/pagina10.com\/web\/wp-content\/uploads\/2024\/01\/40-pagina-10-periodico-regional-pasto.jpg\",\"contentUrl\":\"https:\/\/pagina10.com\/web\/wp-content\/uploads\/2024\/01\/40-pagina-10-periodico-regional-pasto.jpg\",\"width\":1280,\"height\":720,\"caption\":\"P\u00e1gina10\"},\"image\":{\"@id\":\"https:\/\/pagina10.com\/web\/#\/schema\/logo\/image\/\"},\"sameAs\":[\"https:\/\/www.facebook.com\/pag10com\",\"https:\/\/x.com\/Pag10com\",\"https:\/\/www.instagram.com\/pagina10col\/\",\"https:\/\/youtube.com\/channel\/pag10\",\"https:\/\/www.tiktok.com\/@p10col\"]},{\"@type\":\"Person\",\"@id\":\"https:\/\/pagina10.com\/web\/#\/schema\/person\/a7a5d38f0629dfc107f619fbae4f6cc3\",\"name\":\"P\u00e1gina 10\",\"description\":\"P\u00e1gina10.com es un peri\u00f3dico digital que nace en Colombia, en el departamento de Nari\u00f1o, con un enfoque global, fundamentado en cuatro pilares esenciales: la libertad, el pluralismo, la inclusi\u00f3n y la independencia. P\u00e1gina10.com hace referencia a Nari\u00f1o como el d\u00e9cimo departamento creado en Colombia, despu\u00e9s de un proceso pol\u00edtico liderado por actores y actrices regionales con el fin de obtener la independencia y autonom\u00eda de nuestros territorios. Con la creaci\u00f3n de P\u00e1gina10.com se pretende abrir un escenario para el dialogo, la reflexi\u00f3n y el debate que se extienda a otras geograf\u00edas de Am\u00e9rica Latina y del planeta, en una apuesta por transformar colectivamente los desaf\u00edos de un mundo contempor\u00e1neo, m\u00e1s all\u00e1 de las fronteras impuestas.\",\"url\":\"https:\/\/pagina10.com\/web\/author\/mcepeda\/\"}]}<\/script>\n<!-- \/ Yoast SEO plugin. -->","yoast_head_json":{"title":"Vicepresidente de la Rep\u00fablica entregar\u00e1 viviendas gratuitas este viernes 3 de octubre en Pasto | P\u00e1gina10","robots":{"index":"index","follow":"follow","max-snippet":"max-snippet:-1","max-image-preview":"max-image-preview:large","max-video-preview":"max-video-preview:-1"},"canonical":"https:\/\/pagina10.com\/web\/entrega-de-viviendas-gratuitas-este-viernes-3-de-octubre\/","og_locale":"es_ES","og_type":"article","og_title":"Vicepresidente de la Rep\u00fablica entregar\u00e1 viviendas gratuitas este viernes 3 de octubre en Pasto | P\u00e1gina10","og_description":"El Vicepresidente de la Rep\u00fablica, Germ\u00e1n Vargas Lleras en compa\u00f1\u00eda del Ministro de Vivienda, Luis Felipe Henao y el alcalde de Pasto Harold Guerrero L\u00f3pez, entregar\u00e1n este viernes 03 de octubre a la 1:00 de la tarde, 305 soluciones de vivienda de la Urbanizaci\u00f3n Nueva Sindagua de la comuna 12 en el marco del Programa [&hellip;]","og_url":"https:\/\/pagina10.com\/web\/entrega-de-viviendas-gratuitas-este-viernes-3-de-octubre\/","og_site_name":"P\u00e1gina10","article_publisher":"https:\/\/www.facebook.com\/pag10com","article_published_time":"2014-10-02T14:46:00+00:00","og_image":[{"width":720,"height":480,"url":"https:\/\/pagina10.com\/web\/wp-content\/uploads\/2014\/10\/ae88fed3812ce9ff79f75a9aed12c5ec.jpg","type":"image\/jpeg"}],"author":"P\u00e1gina 10","twitter_card":"summary_large_image","twitter_creator":"@Pag10com","twitter_site":"@Pag10com","twitter_misc":{"Escrito por":"P\u00e1gina 10","Tiempo de lectura":"1 minuto"},"schema":{"@context":"https:\/\/schema.org","@graph":[{"@type":"Article","@id":"https:\/\/pagina10.com\/web\/entrega-de-viviendas-gratuitas-este-viernes-3-de-octubre\/#article","isPartOf":{"@id":"https:\/\/pagina10.com\/web\/entrega-de-viviendas-gratuitas-este-viernes-3-de-octubre\/"},"author":{"name":"P\u00e1gina 10","@id":"https:\/\/pagina10.com\/web\/#\/schema\/person\/a7a5d38f0629dfc107f619fbae4f6cc3"},"headline":"Vicepresidente de la Rep\u00fablica entregar\u00e1 viviendas gratuitas este viernes 3 de octubre en Pasto","datePublished":"2014-10-02T14:46:00+00:00","mainEntityOfPage":{"@id":"https:\/\/pagina10.com\/web\/entrega-de-viviendas-gratuitas-este-viernes-3-de-octubre\/"},"wordCount":184,"commentCount":0,"publisher":{"@id":"https:\/\/pagina10.com\/web\/#organization"},"image":{"@id":"https:\/\/pagina10.com\/web\/entrega-de-viviendas-gratuitas-este-viernes-3-de-octubre\/#primaryimage"},"thumbnailUrl":"https:\/\/pagina10.com\/web\/wp-content\/uploads\/2014\/10\/ae88fed3812ce9ff79f75a9aed12c5ec.jpg","articleSection":["Ciudad"],"inLanguage":"es","potentialAction":[{"@type":"CommentAction","name":"Comment","target":["https:\/\/pagina10.com\/web\/entrega-de-viviendas-gratuitas-este-viernes-3-de-octubre\/#respond"]}]},{"@type":"WebPage","@id":"https:\/\/pagina10.com\/web\/entrega-de-viviendas-gratuitas-este-viernes-3-de-octubre\/","url":"https:\/\/pagina10.com\/web\/entrega-de-viviendas-gratuitas-este-viernes-3-de-octubre\/","name":"Vicepresidente de la Rep\u00fablica entregar\u00e1 viviendas gratuitas este viernes 3 de octubre en Pasto | P\u00e1gina10","isPartOf":{"@id":"https:\/\/pagina10.com\/web\/#website"},"primaryImageOfPage":{"@id":"https:\/\/pagina10.com\/web\/entrega-de-viviendas-gratuitas-este-viernes-3-de-octubre\/#primaryimage"},"image":{"@id":"https:\/\/pagina10.com\/web\/entrega-de-viviendas-gratuitas-este-viernes-3-de-octubre\/#primaryimage"},"thumbnailUrl":"https:\/\/pagina10.com\/web\/wp-content\/uploads\/2014\/10\/ae88fed3812ce9ff79f75a9aed12c5ec.jpg","datePublished":"2014-10-02T14:46:00+00:00","breadcrumb":{"@id":"https:\/\/pagina10.com\/web\/entrega-de-viviendas-gratuitas-este-viernes-3-de-octubre\/#breadcrumb"},"inLanguage":"es","potentialAction":[{"@type":"ReadAction","target":["https:\/\/pagina10.com\/web\/entrega-de-viviendas-gratuitas-este-viernes-3-de-octubre\/"]}]},{"@type":"ImageObject","inLanguage":"es","@id":"https:\/\/pagina10.com\/web\/entrega-de-viviendas-gratuitas-este-viernes-3-de-octubre\/#primaryimage","url":"https:\/\/pagina10.com\/web\/wp-content\/uploads\/2014\/10\/ae88fed3812ce9ff79f75a9aed12c5ec.jpg","contentUrl":"https:\/\/pagina10.com\/web\/wp-content\/uploads\/2014\/10\/ae88fed3812ce9ff79f75a9aed12c5ec.jpg","width":720,"height":480,"caption":"Fotograf\u00eda: Constructora Nuevo Horizonte"},{"@type":"BreadcrumbList","@id":"https:\/\/pagina10.com\/web\/entrega-de-viviendas-gratuitas-este-viernes-3-de-octubre\/#breadcrumb","itemListElement":[{"@type":"ListItem","position":1,"name":"Portada","item":"https:\/\/pagina10.com\/web\/"},{"@type":"ListItem","position":2,"name":"Vicepresidente de la Rep\u00fablica entregar\u00e1 viviendas gratuitas este viernes 3 de octubre en Pasto"}]},{"@type":"WebSite","@id":"https:\/\/pagina10.com\/web\/#website","url":"https:\/\/pagina10.com\/web\/","name":"P\u00e1gina10","description":"Peri\u00f3dico Regional","publisher":{"@id":"https:\/\/pagina10.com\/web\/#organization"},"alternateName":"P\u00e1gina10 Peri\u00f3dico Regional","potentialAction":[{"@type":"SearchAction","target":{"@type":"EntryPoint","urlTemplate":"https:\/\/pagina10.com\/web\/?s={search_term_string}"},"query-input":{"@type":"PropertyValueSpecification","valueRequired":true,"valueName":"search_term_string"}}],"inLanguage":"es"},{"@type":"Organization","@id":"https:\/\/pagina10.com\/web\/#organization","name":"P\u00e1gina10","alternateName":"P\u00e1gina10 Peri\u00f3dico Regional","url":"https:\/\/pagina10.com\/web\/","logo":{"@type":"ImageObject","inLanguage":"es","@id":"https:\/\/pagina10.com\/web\/#\/schema\/logo\/image\/","url":"https:\/\/pagina10.com\/web\/wp-content\/uploads\/2024\/01\/40-pagina-10-periodico-regional-pasto.jpg","contentUrl":"https:\/\/pagina10.com\/web\/wp-content\/uploads\/2024\/01\/40-pagina-10-periodico-regional-pasto.jpg","width":1280,"height":720,"caption":"P\u00e1gina10"},"image":{"@id":"https:\/\/pagina10.com\/web\/#\/schema\/logo\/image\/"},"sameAs":["https:\/\/www.facebook.com\/pag10com","https:\/\/x.com\/Pag10com","https:\/\/www.instagram.com\/pagina10col\/","https:\/\/youtube.com\/channel\/pag10","https:\/\/www.tiktok.com\/@p10col"]},{"@type":"Person","@id":"https:\/\/pagina10.com\/web\/#\/schema\/person\/a7a5d38f0629dfc107f619fbae4f6cc3","name":"P\u00e1gina 10","description":"P\u00e1gina10.com es un peri\u00f3dico digital que nace en Colombia, en el departamento de Nari\u00f1o, con un enfoque global, fundamentado en cuatro pilares esenciales: la libertad, el pluralismo, la inclusi\u00f3n y la independencia. P\u00e1gina10.com hace referencia a Nari\u00f1o como el d\u00e9cimo departamento creado en Colombia, despu\u00e9s de un proceso pol\u00edtico liderado por actores y actrices regionales con el fin de obtener la independencia y autonom\u00eda de nuestros territorios. Con la creaci\u00f3n de P\u00e1gina10.com se pretende abrir un escenario para el dialogo, la reflexi\u00f3n y el debate que se extienda a otras geograf\u00edas de Am\u00e9rica Latina y del planeta, en una apuesta por transformar colectivamente los desaf\u00edos de un mundo contempor\u00e1neo, m\u00e1s all\u00e1 de las fronteras impuestas.","url":"https:\/\/pagina10.com\/web\/author\/mcepeda\/"}]}},"_links":{"self":[{"href":"https:\/\/pagina10.com\/web\/wp-json\/wp\/v2\/posts\/10656","targetHints":{"allow":["GET"]}}],"collection":[{"href":"https:\/\/pagina10.com\/web\/wp-json\/wp\/v2\/posts"}],"about":[{"href":"https:\/\/pagina10.com\/web\/wp-json\/wp\/v2\/types\/post"}],"author":[{"embeddable":true,"href":"https:\/\/pagina10.com\/web\/wp-json\/wp\/v2\/users\/29"}],"replies":[{"embeddable":true,"href":"https:\/\/pagina10.com\/web\/wp-json\/wp\/v2\/comments?post=10656"}],"version-history":[{"count":0,"href":"https:\/\/pagina10.com\/web\/wp-json\/wp\/v2\/posts\/10656\/revisions"}],"wp:featuredmedia":[{"embeddable":true,"href":"https:\/\/pagina10.com\/web\/wp-json\/wp\/v2\/media\/10655"}],"wp:attachment":[{"href":"https:\/\/pagina10.com\/web\/wp-json\/wp\/v2\/media?parent=10656"}],"wp:term":[{"taxonomy":"category","embeddable":true,"href":"https:\/\/pagina10.com\/web\/wp-json\/wp\/v2\/categories?post=10656"},{"taxonomy":"post_tag","embeddable":true,"href":"https:\/\/pagina10.com\/web\/wp-json\/wp\/v2\/tags?post=10656"}],"curies":[{"name":"wp","href":"https:\/\/api.w.org\/{rel}","templated":true}]}}