{"id":10677,"date":"2014-10-03T11:59:37","date_gmt":"2014-10-03T11:59:37","guid":{"rendered":"https:\/\/pagina10.com\/web\/harold-guerrero-lopez-sexto-mejor-alcalde-de-colombia\/"},"modified":"2014-10-03T11:59:37","modified_gmt":"2014-10-03T11:59:37","slug":"harold-guerrero-lopez-sexto-mejor-alcalde-de-colombia","status":"publish","type":"post","link":"https:\/\/pagina10.com\/web\/harold-guerrero-lopez-sexto-mejor-alcalde-de-colombia\/","title":{"rendered":"Harold Guerrero L\u00f3pez, sexto mejor alcalde de Colombia"},"content":{"rendered":"<p><img fetchpriority=\"high\" decoding=\"async\" class=\" size-full wp-image-10676\" src=\"https:\/\/pagina10.com\/web\/wp-content\/uploads\/2014\/10\/bc235e3b996fb45b401bdb50827df5a7.jpg\" alt=\"Fotograf\u00eda: Alcald\u00eda de Pasto\" width=\"960\" height=\"643\" srcset=\"https:\/\/pagina10.com\/web\/wp-content\/uploads\/2014\/10\/bc235e3b996fb45b401bdb50827df5a7.jpg 960w, https:\/\/pagina10.com\/web\/wp-content\/uploads\/2014\/10\/bc235e3b996fb45b401bdb50827df5a7-300x201.jpg 300w, https:\/\/pagina10.com\/web\/wp-content\/uploads\/2014\/10\/bc235e3b996fb45b401bdb50827df5a7-768x514.jpg 768w, https:\/\/pagina10.com\/web\/wp-content\/uploads\/2014\/10\/bc235e3b996fb45b401bdb50827df5a7-450x300.jpg 450w\" sizes=\"(max-width: 960px) 100vw, 960px\" \/><\/p>\n<p style=\"text-align: justify;\">Con un 68% por ciento de favorabilidad, el alcalde de Pasto Harold Guerrero L\u00f3pez se ubic\u00f3 en el sexto puesto en imagen positiva entre los 32 mandatarios del pa\u00eds, con base en la reciente encuesta revelada por el noticiero CM&amp; y aplicada por el Centro Nacional de Consultor\u00eda en el mes de septiembre.<\/p>\n<p style=\"text-align: justify;\">&nbsp;<\/p>\n<p style=\"text-align: justify;\">La encuesta se realiza cada mes entre los estratos 1 a 6 de las ciudades capitales y con una confiabilidad del 95 por ciento. En los \u00faltimos meses, el alcalde se ha ubicado entre los mejores mandatarios del pa\u00eds ya que la ciudadan\u00eda ha reconocido su gesti\u00f3n a nivel nacional e internacional.<\/p>\n<p style=\"text-align: justify;\">&nbsp;<\/p>\n<p style=\"text-align: justify;\">La inclusi\u00f3n de Pasto como Ciudad Sostenible y Emergente proyecto del Banco Interamericano de Desarrollo BID y FINDETER ha permitido que se lleven a cabo diferentes procesos como los estudios relacionados con la implementaci\u00f3n del plan de acci\u00f3n que busca la construcci\u00f3n del Parque Lineal R\u00edo Pasto, el inventario de gases efecto invernadero, la implementaci\u00f3n del nuevo sistema de semaforizaci\u00f3n catalogado como el m\u00e1s moderno y avanzado del pa\u00eds, entre otras iniciativas, ha logrado que la comunidad reconozca el trabajo del alcalde Harold Guerrero L\u00f3pez.<\/p>\n","protected":false},"excerpt":{"rendered":"<p>Con un 68% por ciento de favorabilidad, el alcalde de Pasto Harold Guerrero L\u00f3pez se ubic\u00f3 en el sexto puesto en imagen positiva entre los 32 mandatarios del pa\u00eds, con base en la reciente encuesta revelada por el noticiero CM&amp; y aplicada por el Centro Nacional de Consultor\u00eda en el mes de septiembre. &nbsp; La [&hellip;]<\/p>\n","protected":false},"author":29,"featured_media":10675,"comment_status":"open","ping_status":"open","sticky":false,"template":"","format":"standard","meta":{"footnotes":""},"categories":[82],"tags":[1503],"class_list":["post-10677","post","type-post","status-publish","format-standard","has-post-thumbnail","hentry","category-ciudad-2","tag-haroldguerrerolopez"],"yoast_head":"<!-- This site is optimized with the Yoast SEO plugin v27.1.1 - https:\/\/yoast.com\/product\/yoast-seo-wordpress\/ -->\n<title>Harold Guerrero L\u00f3pez, sexto mejor alcalde de Colombia | P\u00e1gina10<\/title>\n<meta name=\"robots\" content=\"index, follow, max-snippet:-1, max-image-preview:large, max-video-preview:-1\" \/>\n<link rel=\"canonical\" href=\"https:\/\/pagina10.com\/web\/harold-guerrero-lopez-sexto-mejor-alcalde-de-colombia\/\" \/>\n<meta property=\"og:locale\" content=\"es_ES\" \/>\n<meta property=\"og:type\" content=\"article\" \/>\n<meta property=\"og:title\" content=\"Harold Guerrero L\u00f3pez, sexto mejor alcalde de Colombia | P\u00e1gina10\" \/>\n<meta property=\"og:description\" content=\"Con un 68% por ciento de favorabilidad, el alcalde de Pasto Harold Guerrero L\u00f3pez se ubic\u00f3 en el sexto puesto en imagen positiva entre los 32 mandatarios del pa\u00eds, con base en la reciente encuesta revelada por el noticiero CM&amp; y aplicada por el Centro Nacional de Consultor\u00eda en el mes de septiembre. &nbsp; La [&hellip;]\" \/>\n<meta property=\"og:url\" content=\"https:\/\/pagina10.com\/web\/harold-guerrero-lopez-sexto-mejor-alcalde-de-colombia\/\" \/>\n<meta property=\"og:site_name\" content=\"P\u00e1gina10\" \/>\n<meta property=\"article:publisher\" content=\"https:\/\/www.facebook.com\/pag10com\" \/>\n<meta property=\"article:published_time\" content=\"2014-10-03T11:59:37+00:00\" \/>\n<meta property=\"og:image\" content=\"https:\/\/pagina10.com\/web\/wp-content\/uploads\/2014\/10\/bc235e3b996fb45b401bdb50827df5a7.jpg\" \/>\n\t<meta property=\"og:image:width\" content=\"960\" \/>\n\t<meta property=\"og:image:height\" content=\"643\" \/>\n\t<meta property=\"og:image:type\" content=\"image\/jpeg\" \/>\n<meta name=\"author\" content=\"P\u00e1gina 10\" \/>\n<meta name=\"twitter:card\" content=\"summary_large_image\" \/>\n<meta name=\"twitter:creator\" content=\"@Pag10com\" \/>\n<meta name=\"twitter:site\" content=\"@Pag10com\" \/>\n<meta name=\"twitter:label1\" content=\"Escrito por\" \/>\n\t<meta name=\"twitter:data1\" content=\"P\u00e1gina 10\" \/>\n\t<meta name=\"twitter:label2\" content=\"Tiempo de lectura\" \/>\n\t<meta name=\"twitter:data2\" content=\"1 minuto\" \/>\n<script type=\"application\/ld+json\" class=\"yoast-schema-graph\">{\"@context\":\"https:\/\/schema.org\",\"@graph\":[{\"@type\":\"Article\",\"@id\":\"https:\/\/pagina10.com\/web\/harold-guerrero-lopez-sexto-mejor-alcalde-de-colombia\/#article\",\"isPartOf\":{\"@id\":\"https:\/\/pagina10.com\/web\/harold-guerrero-lopez-sexto-mejor-alcalde-de-colombia\/\"},\"author\":{\"name\":\"P\u00e1gina 10\",\"@id\":\"https:\/\/pagina10.com\/web\/#\/schema\/person\/a7a5d38f0629dfc107f619fbae4f6cc3\"},\"headline\":\"Harold Guerrero L\u00f3pez, sexto mejor alcalde de Colombia\",\"datePublished\":\"2014-10-03T11:59:37+00:00\",\"mainEntityOfPage\":{\"@id\":\"https:\/\/pagina10.com\/web\/harold-guerrero-lopez-sexto-mejor-alcalde-de-colombia\/\"},\"wordCount\":213,\"commentCount\":0,\"publisher\":{\"@id\":\"https:\/\/pagina10.com\/web\/#organization\"},\"image\":{\"@id\":\"https:\/\/pagina10.com\/web\/harold-guerrero-lopez-sexto-mejor-alcalde-de-colombia\/#primaryimage\"},\"thumbnailUrl\":\"https:\/\/pagina10.com\/web\/wp-content\/uploads\/2014\/10\/bc235e3b996fb45b401bdb50827df5a7.jpg\",\"keywords\":[\"HaroldGuerreroL\u00f3pez\"],\"articleSection\":[\"Ciudad\"],\"inLanguage\":\"es\",\"potentialAction\":[{\"@type\":\"CommentAction\",\"name\":\"Comment\",\"target\":[\"https:\/\/pagina10.com\/web\/harold-guerrero-lopez-sexto-mejor-alcalde-de-colombia\/#respond\"]}]},{\"@type\":\"WebPage\",\"@id\":\"https:\/\/pagina10.com\/web\/harold-guerrero-lopez-sexto-mejor-alcalde-de-colombia\/\",\"url\":\"https:\/\/pagina10.com\/web\/harold-guerrero-lopez-sexto-mejor-alcalde-de-colombia\/\",\"name\":\"Harold Guerrero L\u00f3pez, sexto mejor alcalde de Colombia | P\u00e1gina10\",\"isPartOf\":{\"@id\":\"https:\/\/pagina10.com\/web\/#website\"},\"primaryImageOfPage\":{\"@id\":\"https:\/\/pagina10.com\/web\/harold-guerrero-lopez-sexto-mejor-alcalde-de-colombia\/#primaryimage\"},\"image\":{\"@id\":\"https:\/\/pagina10.com\/web\/harold-guerrero-lopez-sexto-mejor-alcalde-de-colombia\/#primaryimage\"},\"thumbnailUrl\":\"https:\/\/pagina10.com\/web\/wp-content\/uploads\/2014\/10\/bc235e3b996fb45b401bdb50827df5a7.jpg\",\"datePublished\":\"2014-10-03T11:59:37+00:00\",\"breadcrumb\":{\"@id\":\"https:\/\/pagina10.com\/web\/harold-guerrero-lopez-sexto-mejor-alcalde-de-colombia\/#breadcrumb\"},\"inLanguage\":\"es\",\"potentialAction\":[{\"@type\":\"ReadAction\",\"target\":[\"https:\/\/pagina10.com\/web\/harold-guerrero-lopez-sexto-mejor-alcalde-de-colombia\/\"]}]},{\"@type\":\"ImageObject\",\"inLanguage\":\"es\",\"@id\":\"https:\/\/pagina10.com\/web\/harold-guerrero-lopez-sexto-mejor-alcalde-de-colombia\/#primaryimage\",\"url\":\"https:\/\/pagina10.com\/web\/wp-content\/uploads\/2014\/10\/bc235e3b996fb45b401bdb50827df5a7.jpg\",\"contentUrl\":\"https:\/\/pagina10.com\/web\/wp-content\/uploads\/2014\/10\/bc235e3b996fb45b401bdb50827df5a7.jpg\",\"width\":960,\"height\":643,\"caption\":\"Fotograf\u00eda: Alcald\u00eda de Pasto\"},{\"@type\":\"BreadcrumbList\",\"@id\":\"https:\/\/pagina10.com\/web\/harold-guerrero-lopez-sexto-mejor-alcalde-de-colombia\/#breadcrumb\",\"itemListElement\":[{\"@type\":\"ListItem\",\"position\":1,\"name\":\"Portada\",\"item\":\"https:\/\/pagina10.com\/web\/\"},{\"@type\":\"ListItem\",\"position\":2,\"name\":\"Harold Guerrero L\u00f3pez, sexto mejor alcalde de Colombia\"}]},{\"@type\":\"WebSite\",\"@id\":\"https:\/\/pagina10.com\/web\/#website\",\"url\":\"https:\/\/pagina10.com\/web\/\",\"name\":\"P\u00e1gina10\",\"description\":\"Peri\u00f3dico Regional\",\"publisher\":{\"@id\":\"https:\/\/pagina10.com\/web\/#organization\"},\"alternateName\":\"P\u00e1gina10 Peri\u00f3dico Regional\",\"potentialAction\":[{\"@type\":\"SearchAction\",\"target\":{\"@type\":\"EntryPoint\",\"urlTemplate\":\"https:\/\/pagina10.com\/web\/?s={search_term_string}\"},\"query-input\":{\"@type\":\"PropertyValueSpecification\",\"valueRequired\":true,\"valueName\":\"search_term_string\"}}],\"inLanguage\":\"es\"},{\"@type\":\"Organization\",\"@id\":\"https:\/\/pagina10.com\/web\/#organization\",\"name\":\"P\u00e1gina10\",\"alternateName\":\"P\u00e1gina10 Peri\u00f3dico Regional\",\"url\":\"https:\/\/pagina10.com\/web\/\",\"logo\":{\"@type\":\"ImageObject\",\"inLanguage\":\"es\",\"@id\":\"https:\/\/pagina10.com\/web\/#\/schema\/logo\/image\/\",\"url\":\"https:\/\/pagina10.com\/web\/wp-content\/uploads\/2024\/01\/40-pagina-10-periodico-regional-pasto.jpg\",\"contentUrl\":\"https:\/\/pagina10.com\/web\/wp-content\/uploads\/2024\/01\/40-pagina-10-periodico-regional-pasto.jpg\",\"width\":1280,\"height\":720,\"caption\":\"P\u00e1gina10\"},\"image\":{\"@id\":\"https:\/\/pagina10.com\/web\/#\/schema\/logo\/image\/\"},\"sameAs\":[\"https:\/\/www.facebook.com\/pag10com\",\"https:\/\/x.com\/Pag10com\",\"https:\/\/www.instagram.com\/pagina10col\/\",\"https:\/\/youtube.com\/channel\/pag10\",\"https:\/\/www.tiktok.com\/@p10col\"]},{\"@type\":\"Person\",\"@id\":\"https:\/\/pagina10.com\/web\/#\/schema\/person\/a7a5d38f0629dfc107f619fbae4f6cc3\",\"name\":\"P\u00e1gina 10\",\"description\":\"P\u00e1gina10.com es un peri\u00f3dico digital que nace en Colombia, en el departamento de Nari\u00f1o, con un enfoque global, fundamentado en cuatro pilares esenciales: la libertad, el pluralismo, la inclusi\u00f3n y la independencia. P\u00e1gina10.com hace referencia a Nari\u00f1o como el d\u00e9cimo departamento creado en Colombia, despu\u00e9s de un proceso pol\u00edtico liderado por actores y actrices regionales con el fin de obtener la independencia y autonom\u00eda de nuestros territorios. Con la creaci\u00f3n de P\u00e1gina10.com se pretende abrir un escenario para el dialogo, la reflexi\u00f3n y el debate que se extienda a otras geograf\u00edas de Am\u00e9rica Latina y del planeta, en una apuesta por transformar colectivamente los desaf\u00edos de un mundo contempor\u00e1neo, m\u00e1s all\u00e1 de las fronteras impuestas.\",\"url\":\"https:\/\/pagina10.com\/web\/author\/mcepeda\/\"}]}<\/script>\n<!-- \/ Yoast SEO plugin. -->","yoast_head_json":{"title":"Harold Guerrero L\u00f3pez, sexto mejor alcalde de Colombia | P\u00e1gina10","robots":{"index":"index","follow":"follow","max-snippet":"max-snippet:-1","max-image-preview":"max-image-preview:large","max-video-preview":"max-video-preview:-1"},"canonical":"https:\/\/pagina10.com\/web\/harold-guerrero-lopez-sexto-mejor-alcalde-de-colombia\/","og_locale":"es_ES","og_type":"article","og_title":"Harold Guerrero L\u00f3pez, sexto mejor alcalde de Colombia | P\u00e1gina10","og_description":"Con un 68% por ciento de favorabilidad, el alcalde de Pasto Harold Guerrero L\u00f3pez se ubic\u00f3 en el sexto puesto en imagen positiva entre los 32 mandatarios del pa\u00eds, con base en la reciente encuesta revelada por el noticiero CM&amp; y aplicada por el Centro Nacional de Consultor\u00eda en el mes de septiembre. &nbsp; La [&hellip;]","og_url":"https:\/\/pagina10.com\/web\/harold-guerrero-lopez-sexto-mejor-alcalde-de-colombia\/","og_site_name":"P\u00e1gina10","article_publisher":"https:\/\/www.facebook.com\/pag10com","article_published_time":"2014-10-03T11:59:37+00:00","og_image":[{"width":960,"height":643,"url":"https:\/\/pagina10.com\/web\/wp-content\/uploads\/2014\/10\/bc235e3b996fb45b401bdb50827df5a7.jpg","type":"image\/jpeg"}],"author":"P\u00e1gina 10","twitter_card":"summary_large_image","twitter_creator":"@Pag10com","twitter_site":"@Pag10com","twitter_misc":{"Escrito por":"P\u00e1gina 10","Tiempo de lectura":"1 minuto"},"schema":{"@context":"https:\/\/schema.org","@graph":[{"@type":"Article","@id":"https:\/\/pagina10.com\/web\/harold-guerrero-lopez-sexto-mejor-alcalde-de-colombia\/#article","isPartOf":{"@id":"https:\/\/pagina10.com\/web\/harold-guerrero-lopez-sexto-mejor-alcalde-de-colombia\/"},"author":{"name":"P\u00e1gina 10","@id":"https:\/\/pagina10.com\/web\/#\/schema\/person\/a7a5d38f0629dfc107f619fbae4f6cc3"},"headline":"Harold Guerrero L\u00f3pez, sexto mejor alcalde de Colombia","datePublished":"2014-10-03T11:59:37+00:00","mainEntityOfPage":{"@id":"https:\/\/pagina10.com\/web\/harold-guerrero-lopez-sexto-mejor-alcalde-de-colombia\/"},"wordCount":213,"commentCount":0,"publisher":{"@id":"https:\/\/pagina10.com\/web\/#organization"},"image":{"@id":"https:\/\/pagina10.com\/web\/harold-guerrero-lopez-sexto-mejor-alcalde-de-colombia\/#primaryimage"},"thumbnailUrl":"https:\/\/pagina10.com\/web\/wp-content\/uploads\/2014\/10\/bc235e3b996fb45b401bdb50827df5a7.jpg","keywords":["HaroldGuerreroL\u00f3pez"],"articleSection":["Ciudad"],"inLanguage":"es","potentialAction":[{"@type":"CommentAction","name":"Comment","target":["https:\/\/pagina10.com\/web\/harold-guerrero-lopez-sexto-mejor-alcalde-de-colombia\/#respond"]}]},{"@type":"WebPage","@id":"https:\/\/pagina10.com\/web\/harold-guerrero-lopez-sexto-mejor-alcalde-de-colombia\/","url":"https:\/\/pagina10.com\/web\/harold-guerrero-lopez-sexto-mejor-alcalde-de-colombia\/","name":"Harold Guerrero L\u00f3pez, sexto mejor alcalde de Colombia | P\u00e1gina10","isPartOf":{"@id":"https:\/\/pagina10.com\/web\/#website"},"primaryImageOfPage":{"@id":"https:\/\/pagina10.com\/web\/harold-guerrero-lopez-sexto-mejor-alcalde-de-colombia\/#primaryimage"},"image":{"@id":"https:\/\/pagina10.com\/web\/harold-guerrero-lopez-sexto-mejor-alcalde-de-colombia\/#primaryimage"},"thumbnailUrl":"https:\/\/pagina10.com\/web\/wp-content\/uploads\/2014\/10\/bc235e3b996fb45b401bdb50827df5a7.jpg","datePublished":"2014-10-03T11:59:37+00:00","breadcrumb":{"@id":"https:\/\/pagina10.com\/web\/harold-guerrero-lopez-sexto-mejor-alcalde-de-colombia\/#breadcrumb"},"inLanguage":"es","potentialAction":[{"@type":"ReadAction","target":["https:\/\/pagina10.com\/web\/harold-guerrero-lopez-sexto-mejor-alcalde-de-colombia\/"]}]},{"@type":"ImageObject","inLanguage":"es","@id":"https:\/\/pagina10.com\/web\/harold-guerrero-lopez-sexto-mejor-alcalde-de-colombia\/#primaryimage","url":"https:\/\/pagina10.com\/web\/wp-content\/uploads\/2014\/10\/bc235e3b996fb45b401bdb50827df5a7.jpg","contentUrl":"https:\/\/pagina10.com\/web\/wp-content\/uploads\/2014\/10\/bc235e3b996fb45b401bdb50827df5a7.jpg","width":960,"height":643,"caption":"Fotograf\u00eda: Alcald\u00eda de Pasto"},{"@type":"BreadcrumbList","@id":"https:\/\/pagina10.com\/web\/harold-guerrero-lopez-sexto-mejor-alcalde-de-colombia\/#breadcrumb","itemListElement":[{"@type":"ListItem","position":1,"name":"Portada","item":"https:\/\/pagina10.com\/web\/"},{"@type":"ListItem","position":2,"name":"Harold Guerrero L\u00f3pez, sexto mejor alcalde de Colombia"}]},{"@type":"WebSite","@id":"https:\/\/pagina10.com\/web\/#website","url":"https:\/\/pagina10.com\/web\/","name":"P\u00e1gina10","description":"Peri\u00f3dico Regional","publisher":{"@id":"https:\/\/pagina10.com\/web\/#organization"},"alternateName":"P\u00e1gina10 Peri\u00f3dico Regional","potentialAction":[{"@type":"SearchAction","target":{"@type":"EntryPoint","urlTemplate":"https:\/\/pagina10.com\/web\/?s={search_term_string}"},"query-input":{"@type":"PropertyValueSpecification","valueRequired":true,"valueName":"search_term_string"}}],"inLanguage":"es"},{"@type":"Organization","@id":"https:\/\/pagina10.com\/web\/#organization","name":"P\u00e1gina10","alternateName":"P\u00e1gina10 Peri\u00f3dico Regional","url":"https:\/\/pagina10.com\/web\/","logo":{"@type":"ImageObject","inLanguage":"es","@id":"https:\/\/pagina10.com\/web\/#\/schema\/logo\/image\/","url":"https:\/\/pagina10.com\/web\/wp-content\/uploads\/2024\/01\/40-pagina-10-periodico-regional-pasto.jpg","contentUrl":"https:\/\/pagina10.com\/web\/wp-content\/uploads\/2024\/01\/40-pagina-10-periodico-regional-pasto.jpg","width":1280,"height":720,"caption":"P\u00e1gina10"},"image":{"@id":"https:\/\/pagina10.com\/web\/#\/schema\/logo\/image\/"},"sameAs":["https:\/\/www.facebook.com\/pag10com","https:\/\/x.com\/Pag10com","https:\/\/www.instagram.com\/pagina10col\/","https:\/\/youtube.com\/channel\/pag10","https:\/\/www.tiktok.com\/@p10col"]},{"@type":"Person","@id":"https:\/\/pagina10.com\/web\/#\/schema\/person\/a7a5d38f0629dfc107f619fbae4f6cc3","name":"P\u00e1gina 10","description":"P\u00e1gina10.com es un peri\u00f3dico digital que nace en Colombia, en el departamento de Nari\u00f1o, con un enfoque global, fundamentado en cuatro pilares esenciales: la libertad, el pluralismo, la inclusi\u00f3n y la independencia. P\u00e1gina10.com hace referencia a Nari\u00f1o como el d\u00e9cimo departamento creado en Colombia, despu\u00e9s de un proceso pol\u00edtico liderado por actores y actrices regionales con el fin de obtener la independencia y autonom\u00eda de nuestros territorios. Con la creaci\u00f3n de P\u00e1gina10.com se pretende abrir un escenario para el dialogo, la reflexi\u00f3n y el debate que se extienda a otras geograf\u00edas de Am\u00e9rica Latina y del planeta, en una apuesta por transformar colectivamente los desaf\u00edos de un mundo contempor\u00e1neo, m\u00e1s all\u00e1 de las fronteras impuestas.","url":"https:\/\/pagina10.com\/web\/author\/mcepeda\/"}]}},"_links":{"self":[{"href":"https:\/\/pagina10.com\/web\/wp-json\/wp\/v2\/posts\/10677","targetHints":{"allow":["GET"]}}],"collection":[{"href":"https:\/\/pagina10.com\/web\/wp-json\/wp\/v2\/posts"}],"about":[{"href":"https:\/\/pagina10.com\/web\/wp-json\/wp\/v2\/types\/post"}],"author":[{"embeddable":true,"href":"https:\/\/pagina10.com\/web\/wp-json\/wp\/v2\/users\/29"}],"replies":[{"embeddable":true,"href":"https:\/\/pagina10.com\/web\/wp-json\/wp\/v2\/comments?post=10677"}],"version-history":[{"count":0,"href":"https:\/\/pagina10.com\/web\/wp-json\/wp\/v2\/posts\/10677\/revisions"}],"wp:featuredmedia":[{"embeddable":true,"href":"https:\/\/pagina10.com\/web\/wp-json\/wp\/v2\/media\/10675"}],"wp:attachment":[{"href":"https:\/\/pagina10.com\/web\/wp-json\/wp\/v2\/media?parent=10677"}],"wp:term":[{"taxonomy":"category","embeddable":true,"href":"https:\/\/pagina10.com\/web\/wp-json\/wp\/v2\/categories?post=10677"},{"taxonomy":"post_tag","embeddable":true,"href":"https:\/\/pagina10.com\/web\/wp-json\/wp\/v2\/tags?post=10677"}],"curies":[{"name":"wp","href":"https:\/\/api.w.org\/{rel}","templated":true}]}}