{"id":10720,"date":"2014-10-05T18:38:26","date_gmt":"2014-10-05T18:38:26","guid":{"rendered":"https:\/\/pagina10.com\/web\/la-derrota-de-obando-en-huilquipamba\/"},"modified":"2020-02-25T12:41:58","modified_gmt":"2020-02-25T12:41:58","slug":"la-derrota-de-obando-en-huilquipamba","status":"publish","type":"post","link":"https:\/\/pagina10.com\/web\/la-derrota-de-obando-en-huilquipamba\/","title":{"rendered":"La derrota de Obando en huilquipamba"},"content":{"rendered":"<p>&nbsp;<\/p>\n<p style=\"text-align: justify;\">El a\u00f1o de 1830 es crucial para la historia en general de la que algunos historiadores denominan la Gran Colombia. El general Jos\u00e9 Antonio P\u00e1ez propiciaba la separaci\u00f3n del Estado de Venezuela en tanto el tambi\u00e9n general venezolano Juan Jos\u00e9 Flores lo hac\u00eda con Ecuador. Respecto a Venezuela, el historiador Jos\u00e9 Manuel Restrepo afirma que Bol\u00edvar consent\u00eda dicha situaci\u00f3n cuando afirma en carta que suscribe a P\u00e1ez el 13 de septiembre de 1829: \u201cPidan- ante el congreso a reunirse en Santaf\u00e9 de Bogot\u00e1 en 1830- la separaci\u00f3n y yo la apoyar\u00e9\u201d, tiempo despu\u00e9s cambiaria de opini\u00f3n.<\/p>\n<p style=\"text-align: justify;\">El fracaso del denominado Congreso Admirable de 1830, donde Bol\u00edvar sale derrotado vi\u00e9ndose obligado a renunciar la presidencia para luego salir de Bogot\u00e1 rumbo a la costa atl\u00e1ntica, ser\u00e1 la estocada mortal para el proceso pol\u00edtico de la gran Colombia que vendr\u00e1 a complementarse con la muerte del general Antonio Jos\u00e9 de Sucre el 4 de junio de 1830 en el sector de Los Robles al pie del cerro de la Jacoba en el hoy municipio de La Uni\u00f3n, al norte del Departamento de Nari\u00f1o, acontecimiento que tendr\u00e1 su repercusi\u00f3n a\u00f1os despu\u00e9s cuando se conocer\u00e1n los autores materiales del hecho y saldr\u00e1n a la palestra los nombres de varios generales, supuestamente comprometidos en el crimen.<\/p>\n<p style=\"text-align: justify;\">El 17 de diciembre de 1830, muere en Santa Marta el general Bol\u00edvar, luego de sufrir una penosa enfermedad y haber perdido el prestigio de conductor de las cinco naciones que arrullo bajo su bandera dictatorial y desp\u00f3tica con caracter\u00edsticas monarquistas de sus \u00faltimos d\u00edas. Venezuela, su patria, es muy clara en manifestar ante el congreso de Bogot\u00e1: \u201cque Venezuela no entrar\u00e1 en relaciones de ninguna especie con Bogot\u00e1 mientras existiera en su territorio el general Bol\u00edvar\u2026que ve en el general Sim\u00f3n Bol\u00edvar el origen de todos sus males y que tiembla todav\u00eda al considerar el riesgo que ha corrido de ser para siempre su patrimonio, protesta que no tendr\u00e1n aquellos lugar, mientras \u00e9ste \u2013Bol\u00edvar- permanezca en territorio de Colombia\u2026\u201d<\/p>\n<p style=\"text-align: justify;\">Consolidada la separaci\u00f3n de los tres Estados: Colombia, Venezuela y Ecuador, se agudiza la crisis militar y administrativa en cada uno de estos territorios. En cuanto a Colombia, que toma el nombre de Nueva Granada ha elegido como Presidente a Joaqu\u00edn Mosquera y vicepresidente a Domingo Caicedo quien asume la presidencia por enfermedad de Mosquera. Un inconformismo del Batall\u00f3n Callao dio pie para el primer golpe militar en nuestra rep\u00fablica a cargo del general venezolano Rafael Urdaneta que propicia el levantamiento en varias ciudades, entre otras Pasto y Popay\u00e1n que estaban lideradas por los opositores a los planteamientos bolivarianos que defend\u00eda Urdaneta, como lo eran los generales Jos\u00e9 Hilario L\u00f3pez y Jos\u00e9 Mar\u00eda Obando, quienes acuden a Juan Jos\u00e9 Flores para que incorpore el territorio suroccidental de la Nueva Granada al de Ecuador.<\/p>\n<p style=\"text-align: justify;\">Del 11 de noviembre de 1830 al 8 de diciembre de 1832 gran parte de territorio en referencia hizo parte del Ecuador, situaci\u00f3n que nuevamente se presentar\u00e1 del 12 de mayo al 3 de noviembre de 1841, con un atenuante: Juan Jos\u00e9 Flores pretende anexar a Pasto aprovechando las circunstancias pol\u00edticas que se le presentan a Jos\u00e9 Mar\u00eda Obando al ser acusado de la muerte del general Antonio Jos\u00e9 de Sucre, teniendo como contrincantes a Tomas Cipriano de Mosquera y al yerno de \u00e9ste: Pedro Alc\u00e1ntara Herr\u00e1n.<\/p>\n<p style=\"text-align: justify;\">La guerra de los conventillos o de Los Supremos, que tiene su origen en Pasto a ra\u00edz de pretender dar aplicabilidad al cierre de los conventos de San Francisco, San Agust\u00edn, La Merced y Santo Domingo por parte del gobierno de Ignacio de Marques. Jos\u00e9 Mar\u00eda Obando, que para aquel entonces estaba preso como responsable del asesinato de Antonio Jos\u00e9 de Sucre, se lo acus\u00f3 de estar propiciando el levantamiento de las gentes de Pasto con el padre Francisco de La Villota a la cabeza. El presb\u00edtero tenia tanto poder dentro del pueblo de Pasto que no tuvo inconveniente alguno cuando determin\u00f3 deponer las autoridades e imponer obviamente personalidades de su confianza.<\/p>\n<p style=\"text-align: justify;\">El aliado que siempre tuvo Obando en su oposici\u00f3n a Bol\u00edvar y sus agentes era Jos\u00e9 Hilario L\u00f3pez, quien para ese entonces, desde febrero de 1839 estaba fuera del pa\u00eds, raz\u00f3n por la cual tiene que afrontar solo las acusaciones y ataques de que es objeto como presunto promotor intelectual del crimen de Antonio Jos\u00e9 de Sucre nueve a\u00f1os atr\u00e1s.<\/p>\n<p style=\"text-align: justify;\">Desde un principio, cuando Bol\u00edvar supo de la muerte de Sucre, inculp\u00f3 a las gentes de Pasto, con Obando a la cabeza, como autores del crimen. A Juan Jos\u00e9 Flores le dice en carta que suscribe desde Barranquilla: \u201cEste es mi parecer y que se destruya a Cartago. Entienda usted por Cartago la guarida de los monstruos del Cauca. Venguemos a Sucre\u2026V\u00e9nguese a Colombia que pose\u00eda a Sucre, al mundo que admiraba, a la gloria del ej\u00e9rcito y a la santa humanidad imp\u00edamente ultrajada en el m\u00e1s inocente de los hombres\u2026\u201d Se entiende perfectamente que una vez m\u00e1s y ya en su ag\u00f3nico existir, Bol\u00edvar increpa, acusa del asesinato de Sucre a los pastusos, hace alusi\u00f3n de \u00e9stos cuando habla de la destrucci\u00f3n de Cartago, tal como lo hizo el gran Cat\u00f3n que ordenara el arrasamiento de esa ciudad por parte de los romanos.<\/p>\n<p style=\"text-align: justify;\">Los macabros estragos, los cr\u00edmenes sin nombre, la fr\u00eda actitud guerrerista de Sucre contra la gente de Pasto en la tr\u00e1gica navidad de 1822, hizo suponer a Bol\u00edvar y sus agentes que Pasto seria el epicentro del crimen contra Sucre, teniendo adem\u00e1s en cuenta que Jos\u00e9 Mar\u00eda Obando lideraba las milicias pastusas en contra de la dictadura impuesta por Bol\u00edvar luego del atentado del 25 de septiembre de 1828.<\/p>\n<p style=\"text-align: justify;\">Bol\u00edvar seguramente desconoc\u00eda los acontecimientos pol\u00edticos y sentimentales que ten\u00edan ocurrencia en Quito: La esposa de Sucre ten\u00eda ya un amante cuando el mariscal de Ayacucho sali\u00f3 para Bogot\u00e1 a fin de dar cumplimiento a la convocatoria del Congreso Admirable de 1830. El general Isidoro Barriga, entra\u00f1able amigo de Juan Jos\u00e9 Flores, cortejaba a Mariana Carcelen, esposa de Sucre. De acuerdo a Apolinar Morillo, confeso asesino del general Antonio Jos\u00e9 de Sucre: \u201chab\u00eda participado en el asesinato del Mariscal Sucre por \u00f3rdenes del general Juan Jos\u00e9 Flores y la mujer del Mariscal, la cual se hallaba embarazada, y que \u00e9l sus compa\u00f1eros de dicho crimen hab\u00edan salido de Quito para Pasto, que un mes antes del asesinato del Mariscal Sucre, ya se hablaba de esto en la ciudad de Quito\u2026\u201d, de acuerdo a registro que encontramos en el libro Obando de Cruz Verde a Cruz Verde del historiador Antonio J. Lemus Guzm\u00e1n.<\/p>\n<p style=\"text-align: justify;\">Los preliminares de la investigaci\u00f3n comprometieron en cierta forma tanto a Jos\u00e9 Mar\u00eda Obando como a Juan Jos\u00e9 Flores como autores intelectuales sin que pudiese encontrar mayor prueba para su correspondiente implicaci\u00f3n. Un hecho circunstancial, dio pie para que los enemigos de Obando acusaran a \u00e9ste como el autor intelectual del crimen. En 1839 es apresado Jos\u00e9 Eraso, quien cree equivocadamente que es por el crimen de Sucre y tal raz\u00f3n acusa a Obando de dicho delito.<\/p>\n<p style=\"text-align: justify;\">Obando se presenta voluntariamente ante las autoridades para responder por el hecho en referencia, otorg\u00e1ndosele a Pasto por c\u00e1rcel, sucediendo en aquel entonces la denominada guerra de los conventos o de Los Supremos que los enemigos de Obando lo entran a responsabilizar.<\/p>\n<p style=\"text-align: justify;\">Estando Obando en Pasto, tiene conocimiento de un complot para matarlo, raz\u00f3n por la cual decide fugarse, y as\u00ed presenta el Jefe Militar la nota oficial: \u201cAnoche se han fugado de esta plaza los se\u00f1ores generales Jos\u00e9 Mar\u00eda Obando, coronel Juan Gregorio Sarria, teniente coronel Antonio Mariano \u00c1lvarez y Fidel Torres, a quienes se estaba juzgando como c\u00f3mplices en el asesinato perpetrado en la persona del gran Mariscal de Ayacucho. El primero se hallaba preso en su casa por disposici\u00f3n del juez de Hacienda de 12 de marzo del presente a\u00f1o; el segundo estaba igualmente preso en su casa. Con respecto a los dos \u00faltimos, el uno se hallaba en el Hospital Militar, cur\u00e1ndose de sus enfermedades, bajo vigilancia de aquella guardia, como tal preso, y Fidel Torres en la c\u00e1rcel p\u00fablica de esta ciudad\u201d.<\/p>\n<p style=\"text-align: justify;\">Juan Jos\u00e9 Flores, presidente de Ecuador, que tiene pretensiones de anexar Pasto a su jurisdicci\u00f3n y declarado enemigo de Obando entra en conversaciones con Tomas Cipriano de Mosquera y Pedro Alc\u00e1ntara Herr\u00e1n para dar captura al fugitivo, quien se organiza militarmente y da varios combates, entre los cuales tiene ocurrencia el de Huilquipamba el 30 de septiembre de 1840. Desde inicios del mes septiembre se hab\u00edan entrevistado en T\u00faquerres Flores y Herr\u00e1n. En Chaguarbamb, hoy Nari\u00f1o, Obando hab\u00eda lanzado esta proclama: \u201c\u00a1Ecuatorianos! Lleg\u00f3 la hora del castigo para ese monstruo que os tiene como esclavos. En Estados federados de Colombia, Guayaquil gozar\u00e1 de una independencia justa; el alto Ecuador, del progreso de su industria, y Cuenca ser\u00e1 reintegrada de su territorio\u2026\u201d<\/p>\n<p style=\"text-align: justify;\">Astutamente, con audacia mordaz, Flores logra que Obando crea que su amigo Andr\u00e9s Noguera deje de serlo, oblig\u00e1ndolo a que se ordene su fusilamiento y la de sus sobrinos, situaci\u00f3n que creo malestar entre las gentes que apoyaban a Obando. El historiador Joaqu\u00edn Posada Guti\u00e9rrez dice al respecto: \u201cLa muerte de Noguera y de sus sobrinos complic\u00f3 la situaci\u00f3n del general Obando y aceler\u00f3 su ruina por entonces. La numerosa y aguerrida indiada que constitu\u00eda la fuerza de aquel Atila temible, que con su t\u00e1ctica de guerrillero hab\u00eda sostenido la guerra, se disolvi\u00f3 en su mayor parte, y los generales granadinos y ecuatorianos tuvieron es grave situaci\u00f3n menos.\u201d<\/p>\n<p style=\"text-align: justify;\">El general Obando- continua Posada Guti\u00e9rrez- en su desconcierto, cometi\u00f3 el error de ir al pueblo de La Laguna con 200 hombres, a procurar rehacer algo de las fuerzas de Noguera, y dej\u00f3 a su segundo, Estanislao Espa\u00f1a, con 600 hombres en Chaguarbamba. El ej\u00e9rcito aliado se le interpuso, en el acto lo atac\u00f3 en Huilquipamba y lo bati\u00f3 completamente, como tenia que ser, atendiendo la diferencia de fuerzas. El general Obando se escap\u00f3, no se sabe c\u00f3mo, saltando de roca en roca por entre aquellas bre\u00f1as, y aunque se estableci\u00f3 una activa persecuci\u00f3n en todas las direcciones, no pudo encontr\u00e1rselo y se lo tuvo por muerto, y as\u00ed se propalo en toda Nueva Granada. La columna que estaba en Chaguarbamba se dispers\u00f3 al saber la derrota de Huilquipamba, y Estanislao Espa\u00f1a, se ocult\u00f3.<\/p>\n<p style=\"text-align: justify;\">Huilquipamba, voz quechua que significa \u201cLlano de l\u00e1grimas\u201d, se ubica en la actualidad en predios del corregimiento de La Laguna en el Municipio de Pasto, es una bonita ondulada que se pierde entre los cultivos que caracterizan el sector.<\/p>\n","protected":false},"excerpt":{"rendered":"<p>&nbsp; El a\u00f1o de 1830 es crucial para la historia en general de la que algunos historiadores denominan la Gran Colombia. El general Jos\u00e9 Antonio P\u00e1ez propiciaba la separaci\u00f3n del Estado de Venezuela en tanto el tambi\u00e9n general venezolano Juan Jos\u00e9 Flores lo hac\u00eda con Ecuador. Respecto a Venezuela, el historiador Jos\u00e9 Manuel Restrepo afirma [&hellip;]<\/p>\n","protected":false},"author":56,"featured_media":10719,"comment_status":"open","ping_status":"open","sticky":false,"template":"","format":"standard","meta":{"footnotes":""},"categories":[85],"tags":[],"class_list":["post-10720","post","type-post","status-publish","format-standard","has-post-thumbnail","hentry","category-culturas-2"],"yoast_head":"<!-- This site is optimized with the Yoast SEO plugin v27.1.1 - https:\/\/yoast.com\/product\/yoast-seo-wordpress\/ -->\n<title>La derrota de Obando en huilquipamba | P\u00e1gina10<\/title>\n<meta name=\"robots\" content=\"index, follow, max-snippet:-1, max-image-preview:large, max-video-preview:-1\" \/>\n<link rel=\"canonical\" href=\"https:\/\/pagina10.com\/web\/la-derrota-de-obando-en-huilquipamba\/\" \/>\n<meta property=\"og:locale\" content=\"es_ES\" \/>\n<meta property=\"og:type\" content=\"article\" \/>\n<meta property=\"og:title\" content=\"La derrota de Obando en huilquipamba | P\u00e1gina10\" \/>\n<meta property=\"og:description\" content=\"&nbsp; El a\u00f1o de 1830 es crucial para la historia en general de la que algunos historiadores denominan la Gran Colombia. El general Jos\u00e9 Antonio P\u00e1ez propiciaba la separaci\u00f3n del Estado de Venezuela en tanto el tambi\u00e9n general venezolano Juan Jos\u00e9 Flores lo hac\u00eda con Ecuador. Respecto a Venezuela, el historiador Jos\u00e9 Manuel Restrepo afirma [&hellip;]\" \/>\n<meta property=\"og:url\" content=\"https:\/\/pagina10.com\/web\/la-derrota-de-obando-en-huilquipamba\/\" \/>\n<meta property=\"og:site_name\" content=\"P\u00e1gina10\" \/>\n<meta property=\"article:publisher\" content=\"https:\/\/www.facebook.com\/pag10com\" \/>\n<meta property=\"article:published_time\" content=\"2014-10-05T18:38:26+00:00\" \/>\n<meta property=\"article:modified_time\" content=\"2020-02-25T12:41:58+00:00\" \/>\n<meta property=\"og:image\" content=\"https:\/\/pagina10.com\/web\/wp-content\/uploads\/2014\/10\/bdb8ac72cccb94d1b6b2cb478b898eae.jpg\" \/>\n\t<meta property=\"og:image:width\" content=\"489\" \/>\n\t<meta property=\"og:image:height\" content=\"311\" \/>\n\t<meta property=\"og:image:type\" content=\"image\/jpeg\" \/>\n<meta name=\"author\" content=\"Enrique Herrera\" \/>\n<meta name=\"twitter:card\" content=\"summary_large_image\" \/>\n<meta name=\"twitter:creator\" content=\"@Pag10com\" \/>\n<meta name=\"twitter:site\" content=\"@Pag10com\" \/>\n<meta name=\"twitter:label1\" content=\"Escrito por\" \/>\n\t<meta name=\"twitter:data1\" content=\"Enrique Herrera\" \/>\n\t<meta name=\"twitter:label2\" content=\"Tiempo de lectura\" \/>\n\t<meta name=\"twitter:data2\" content=\"9 minutos\" \/>\n<script type=\"application\/ld+json\" class=\"yoast-schema-graph\">{\"@context\":\"https:\/\/schema.org\",\"@graph\":[{\"@type\":\"Article\",\"@id\":\"https:\/\/pagina10.com\/web\/la-derrota-de-obando-en-huilquipamba\/#article\",\"isPartOf\":{\"@id\":\"https:\/\/pagina10.com\/web\/la-derrota-de-obando-en-huilquipamba\/\"},\"author\":{\"name\":\"Enrique Herrera\",\"@id\":\"https:\/\/pagina10.com\/web\/#\/schema\/person\/a6df00b2480670f44ed1e4c9ed277dba\"},\"headline\":\"La derrota de Obando en huilquipamba\",\"datePublished\":\"2014-10-05T18:38:26+00:00\",\"dateModified\":\"2020-02-25T12:41:58+00:00\",\"mainEntityOfPage\":{\"@id\":\"https:\/\/pagina10.com\/web\/la-derrota-de-obando-en-huilquipamba\/\"},\"wordCount\":1855,\"commentCount\":0,\"publisher\":{\"@id\":\"https:\/\/pagina10.com\/web\/#organization\"},\"image\":{\"@id\":\"https:\/\/pagina10.com\/web\/la-derrota-de-obando-en-huilquipamba\/#primaryimage\"},\"thumbnailUrl\":\"https:\/\/pagina10.com\/web\/wp-content\/uploads\/2014\/10\/bdb8ac72cccb94d1b6b2cb478b898eae.jpg\",\"articleSection\":[\"Culturas\"],\"inLanguage\":\"es\",\"potentialAction\":[{\"@type\":\"CommentAction\",\"name\":\"Comment\",\"target\":[\"https:\/\/pagina10.com\/web\/la-derrota-de-obando-en-huilquipamba\/#respond\"]}]},{\"@type\":\"WebPage\",\"@id\":\"https:\/\/pagina10.com\/web\/la-derrota-de-obando-en-huilquipamba\/\",\"url\":\"https:\/\/pagina10.com\/web\/la-derrota-de-obando-en-huilquipamba\/\",\"name\":\"La derrota de Obando en huilquipamba | P\u00e1gina10\",\"isPartOf\":{\"@id\":\"https:\/\/pagina10.com\/web\/#website\"},\"primaryImageOfPage\":{\"@id\":\"https:\/\/pagina10.com\/web\/la-derrota-de-obando-en-huilquipamba\/#primaryimage\"},\"image\":{\"@id\":\"https:\/\/pagina10.com\/web\/la-derrota-de-obando-en-huilquipamba\/#primaryimage\"},\"thumbnailUrl\":\"https:\/\/pagina10.com\/web\/wp-content\/uploads\/2014\/10\/bdb8ac72cccb94d1b6b2cb478b898eae.jpg\",\"datePublished\":\"2014-10-05T18:38:26+00:00\",\"dateModified\":\"2020-02-25T12:41:58+00:00\",\"breadcrumb\":{\"@id\":\"https:\/\/pagina10.com\/web\/la-derrota-de-obando-en-huilquipamba\/#breadcrumb\"},\"inLanguage\":\"es\",\"potentialAction\":[{\"@type\":\"ReadAction\",\"target\":[\"https:\/\/pagina10.com\/web\/la-derrota-de-obando-en-huilquipamba\/\"]}]},{\"@type\":\"ImageObject\",\"inLanguage\":\"es\",\"@id\":\"https:\/\/pagina10.com\/web\/la-derrota-de-obando-en-huilquipamba\/#primaryimage\",\"url\":\"https:\/\/pagina10.com\/web\/wp-content\/uploads\/2014\/10\/bdb8ac72cccb94d1b6b2cb478b898eae.jpg\",\"contentUrl\":\"https:\/\/pagina10.com\/web\/wp-content\/uploads\/2014\/10\/bdb8ac72cccb94d1b6b2cb478b898eae.jpg\",\"width\":489,\"height\":311},{\"@type\":\"BreadcrumbList\",\"@id\":\"https:\/\/pagina10.com\/web\/la-derrota-de-obando-en-huilquipamba\/#breadcrumb\",\"itemListElement\":[{\"@type\":\"ListItem\",\"position\":1,\"name\":\"Portada\",\"item\":\"https:\/\/pagina10.com\/web\/\"},{\"@type\":\"ListItem\",\"position\":2,\"name\":\"La derrota de Obando en huilquipamba\"}]},{\"@type\":\"WebSite\",\"@id\":\"https:\/\/pagina10.com\/web\/#website\",\"url\":\"https:\/\/pagina10.com\/web\/\",\"name\":\"P\u00e1gina10\",\"description\":\"Peri\u00f3dico Regional\",\"publisher\":{\"@id\":\"https:\/\/pagina10.com\/web\/#organization\"},\"alternateName\":\"P\u00e1gina10 Peri\u00f3dico Regional\",\"potentialAction\":[{\"@type\":\"SearchAction\",\"target\":{\"@type\":\"EntryPoint\",\"urlTemplate\":\"https:\/\/pagina10.com\/web\/?s={search_term_string}\"},\"query-input\":{\"@type\":\"PropertyValueSpecification\",\"valueRequired\":true,\"valueName\":\"search_term_string\"}}],\"inLanguage\":\"es\"},{\"@type\":\"Organization\",\"@id\":\"https:\/\/pagina10.com\/web\/#organization\",\"name\":\"P\u00e1gina10\",\"alternateName\":\"P\u00e1gina10 Peri\u00f3dico Regional\",\"url\":\"https:\/\/pagina10.com\/web\/\",\"logo\":{\"@type\":\"ImageObject\",\"inLanguage\":\"es\",\"@id\":\"https:\/\/pagina10.com\/web\/#\/schema\/logo\/image\/\",\"url\":\"https:\/\/pagina10.com\/web\/wp-content\/uploads\/2024\/01\/40-pagina-10-periodico-regional-pasto.jpg\",\"contentUrl\":\"https:\/\/pagina10.com\/web\/wp-content\/uploads\/2024\/01\/40-pagina-10-periodico-regional-pasto.jpg\",\"width\":1280,\"height\":720,\"caption\":\"P\u00e1gina10\"},\"image\":{\"@id\":\"https:\/\/pagina10.com\/web\/#\/schema\/logo\/image\/\"},\"sameAs\":[\"https:\/\/www.facebook.com\/pag10com\",\"https:\/\/x.com\/Pag10com\",\"https:\/\/www.instagram.com\/pagina10col\/\",\"https:\/\/youtube.com\/channel\/pag10\",\"https:\/\/www.tiktok.com\/@p10col\"]},{\"@type\":\"Person\",\"@id\":\"https:\/\/pagina10.com\/web\/#\/schema\/person\/a6df00b2480670f44ed1e4c9ed277dba\",\"name\":\"Enrique Herrera\",\"description\":\"Enrique Herrera Enr\u00edquez. Nace en San Juan de Pasto. Periodista, investigador e historiador. Integrante de la Academia Nari\u00f1ense de historia en calidad de miembro de N\u00famero; de igual manera hace parte de la academia nacional de Her\u00e1ldica de Colombia como miembro correspondiente. Columnista de peri\u00f3dicos, revistas, radio y programas de televisi\u00f3n de la regi\u00f3n. Autor de varios ensayos y escritos de car\u00e1cter hist\u00f3rico como: Nari\u00f1o en la historia, Las tres conquistas a Pasto, Aspectos ancestrales de males, hoy C\u00f3rdoba, Rese\u00f1a hist\u00f3rica de Cumbal, De convento de monjas a palacio de gobierno, los poblados del Valle de Atr\u00edz, Pasto capital de la Rep\u00fablica, Yacuanquer y el General Pedro Le\u00f3n Torres, Cuando Ipiales fue departamento, \u00bfD\u00f3nde muri\u00f3 Sucre...En Berruecos o en La Uni\u00f3n? Pasto en las guerras de la independencia. Incursiona en la literatura con: El Galope mortal y otros cuentos, Mitos, leyendas y tradiciones de Nari\u00f1o Tomo I y II, Cr\u00f3nicas de Viajes, Luis Felipe de La Rosa, el poeta rom\u00e1ntico del Sur, Agualongo, valor y orgullo de un pueblo y Bol\u00edvar en la historia de Pasto.\",\"url\":\"https:\/\/pagina10.com\/web\/author\/eherrera\/\"}]}<\/script>\n<!-- \/ Yoast SEO plugin. -->","yoast_head_json":{"title":"La derrota de Obando en huilquipamba | P\u00e1gina10","robots":{"index":"index","follow":"follow","max-snippet":"max-snippet:-1","max-image-preview":"max-image-preview:large","max-video-preview":"max-video-preview:-1"},"canonical":"https:\/\/pagina10.com\/web\/la-derrota-de-obando-en-huilquipamba\/","og_locale":"es_ES","og_type":"article","og_title":"La derrota de Obando en huilquipamba | P\u00e1gina10","og_description":"&nbsp; El a\u00f1o de 1830 es crucial para la historia en general de la que algunos historiadores denominan la Gran Colombia. El general Jos\u00e9 Antonio P\u00e1ez propiciaba la separaci\u00f3n del Estado de Venezuela en tanto el tambi\u00e9n general venezolano Juan Jos\u00e9 Flores lo hac\u00eda con Ecuador. Respecto a Venezuela, el historiador Jos\u00e9 Manuel Restrepo afirma [&hellip;]","og_url":"https:\/\/pagina10.com\/web\/la-derrota-de-obando-en-huilquipamba\/","og_site_name":"P\u00e1gina10","article_publisher":"https:\/\/www.facebook.com\/pag10com","article_published_time":"2014-10-05T18:38:26+00:00","article_modified_time":"2020-02-25T12:41:58+00:00","og_image":[{"width":489,"height":311,"url":"https:\/\/pagina10.com\/web\/wp-content\/uploads\/2014\/10\/bdb8ac72cccb94d1b6b2cb478b898eae.jpg","type":"image\/jpeg"}],"author":"Enrique Herrera","twitter_card":"summary_large_image","twitter_creator":"@Pag10com","twitter_site":"@Pag10com","twitter_misc":{"Escrito por":"Enrique Herrera","Tiempo de lectura":"9 minutos"},"schema":{"@context":"https:\/\/schema.org","@graph":[{"@type":"Article","@id":"https:\/\/pagina10.com\/web\/la-derrota-de-obando-en-huilquipamba\/#article","isPartOf":{"@id":"https:\/\/pagina10.com\/web\/la-derrota-de-obando-en-huilquipamba\/"},"author":{"name":"Enrique Herrera","@id":"https:\/\/pagina10.com\/web\/#\/schema\/person\/a6df00b2480670f44ed1e4c9ed277dba"},"headline":"La derrota de Obando en huilquipamba","datePublished":"2014-10-05T18:38:26+00:00","dateModified":"2020-02-25T12:41:58+00:00","mainEntityOfPage":{"@id":"https:\/\/pagina10.com\/web\/la-derrota-de-obando-en-huilquipamba\/"},"wordCount":1855,"commentCount":0,"publisher":{"@id":"https:\/\/pagina10.com\/web\/#organization"},"image":{"@id":"https:\/\/pagina10.com\/web\/la-derrota-de-obando-en-huilquipamba\/#primaryimage"},"thumbnailUrl":"https:\/\/pagina10.com\/web\/wp-content\/uploads\/2014\/10\/bdb8ac72cccb94d1b6b2cb478b898eae.jpg","articleSection":["Culturas"],"inLanguage":"es","potentialAction":[{"@type":"CommentAction","name":"Comment","target":["https:\/\/pagina10.com\/web\/la-derrota-de-obando-en-huilquipamba\/#respond"]}]},{"@type":"WebPage","@id":"https:\/\/pagina10.com\/web\/la-derrota-de-obando-en-huilquipamba\/","url":"https:\/\/pagina10.com\/web\/la-derrota-de-obando-en-huilquipamba\/","name":"La derrota de Obando en huilquipamba | P\u00e1gina10","isPartOf":{"@id":"https:\/\/pagina10.com\/web\/#website"},"primaryImageOfPage":{"@id":"https:\/\/pagina10.com\/web\/la-derrota-de-obando-en-huilquipamba\/#primaryimage"},"image":{"@id":"https:\/\/pagina10.com\/web\/la-derrota-de-obando-en-huilquipamba\/#primaryimage"},"thumbnailUrl":"https:\/\/pagina10.com\/web\/wp-content\/uploads\/2014\/10\/bdb8ac72cccb94d1b6b2cb478b898eae.jpg","datePublished":"2014-10-05T18:38:26+00:00","dateModified":"2020-02-25T12:41:58+00:00","breadcrumb":{"@id":"https:\/\/pagina10.com\/web\/la-derrota-de-obando-en-huilquipamba\/#breadcrumb"},"inLanguage":"es","potentialAction":[{"@type":"ReadAction","target":["https:\/\/pagina10.com\/web\/la-derrota-de-obando-en-huilquipamba\/"]}]},{"@type":"ImageObject","inLanguage":"es","@id":"https:\/\/pagina10.com\/web\/la-derrota-de-obando-en-huilquipamba\/#primaryimage","url":"https:\/\/pagina10.com\/web\/wp-content\/uploads\/2014\/10\/bdb8ac72cccb94d1b6b2cb478b898eae.jpg","contentUrl":"https:\/\/pagina10.com\/web\/wp-content\/uploads\/2014\/10\/bdb8ac72cccb94d1b6b2cb478b898eae.jpg","width":489,"height":311},{"@type":"BreadcrumbList","@id":"https:\/\/pagina10.com\/web\/la-derrota-de-obando-en-huilquipamba\/#breadcrumb","itemListElement":[{"@type":"ListItem","position":1,"name":"Portada","item":"https:\/\/pagina10.com\/web\/"},{"@type":"ListItem","position":2,"name":"La derrota de Obando en huilquipamba"}]},{"@type":"WebSite","@id":"https:\/\/pagina10.com\/web\/#website","url":"https:\/\/pagina10.com\/web\/","name":"P\u00e1gina10","description":"Peri\u00f3dico Regional","publisher":{"@id":"https:\/\/pagina10.com\/web\/#organization"},"alternateName":"P\u00e1gina10 Peri\u00f3dico Regional","potentialAction":[{"@type":"SearchAction","target":{"@type":"EntryPoint","urlTemplate":"https:\/\/pagina10.com\/web\/?s={search_term_string}"},"query-input":{"@type":"PropertyValueSpecification","valueRequired":true,"valueName":"search_term_string"}}],"inLanguage":"es"},{"@type":"Organization","@id":"https:\/\/pagina10.com\/web\/#organization","name":"P\u00e1gina10","alternateName":"P\u00e1gina10 Peri\u00f3dico Regional","url":"https:\/\/pagina10.com\/web\/","logo":{"@type":"ImageObject","inLanguage":"es","@id":"https:\/\/pagina10.com\/web\/#\/schema\/logo\/image\/","url":"https:\/\/pagina10.com\/web\/wp-content\/uploads\/2024\/01\/40-pagina-10-periodico-regional-pasto.jpg","contentUrl":"https:\/\/pagina10.com\/web\/wp-content\/uploads\/2024\/01\/40-pagina-10-periodico-regional-pasto.jpg","width":1280,"height":720,"caption":"P\u00e1gina10"},"image":{"@id":"https:\/\/pagina10.com\/web\/#\/schema\/logo\/image\/"},"sameAs":["https:\/\/www.facebook.com\/pag10com","https:\/\/x.com\/Pag10com","https:\/\/www.instagram.com\/pagina10col\/","https:\/\/youtube.com\/channel\/pag10","https:\/\/www.tiktok.com\/@p10col"]},{"@type":"Person","@id":"https:\/\/pagina10.com\/web\/#\/schema\/person\/a6df00b2480670f44ed1e4c9ed277dba","name":"Enrique Herrera","description":"Enrique Herrera Enr\u00edquez. Nace en San Juan de Pasto. Periodista, investigador e historiador. Integrante de la Academia Nari\u00f1ense de historia en calidad de miembro de N\u00famero; de igual manera hace parte de la academia nacional de Her\u00e1ldica de Colombia como miembro correspondiente. Columnista de peri\u00f3dicos, revistas, radio y programas de televisi\u00f3n de la regi\u00f3n. Autor de varios ensayos y escritos de car\u00e1cter hist\u00f3rico como: Nari\u00f1o en la historia, Las tres conquistas a Pasto, Aspectos ancestrales de males, hoy C\u00f3rdoba, Rese\u00f1a hist\u00f3rica de Cumbal, De convento de monjas a palacio de gobierno, los poblados del Valle de Atr\u00edz, Pasto capital de la Rep\u00fablica, Yacuanquer y el General Pedro Le\u00f3n Torres, Cuando Ipiales fue departamento, \u00bfD\u00f3nde muri\u00f3 Sucre...En Berruecos o en La Uni\u00f3n? Pasto en las guerras de la independencia. Incursiona en la literatura con: El Galope mortal y otros cuentos, Mitos, leyendas y tradiciones de Nari\u00f1o Tomo I y II, Cr\u00f3nicas de Viajes, Luis Felipe de La Rosa, el poeta rom\u00e1ntico del Sur, Agualongo, valor y orgullo de un pueblo y Bol\u00edvar en la historia de Pasto.","url":"https:\/\/pagina10.com\/web\/author\/eherrera\/"}]}},"_links":{"self":[{"href":"https:\/\/pagina10.com\/web\/wp-json\/wp\/v2\/posts\/10720","targetHints":{"allow":["GET"]}}],"collection":[{"href":"https:\/\/pagina10.com\/web\/wp-json\/wp\/v2\/posts"}],"about":[{"href":"https:\/\/pagina10.com\/web\/wp-json\/wp\/v2\/types\/post"}],"author":[{"embeddable":true,"href":"https:\/\/pagina10.com\/web\/wp-json\/wp\/v2\/users\/56"}],"replies":[{"embeddable":true,"href":"https:\/\/pagina10.com\/web\/wp-json\/wp\/v2\/comments?post=10720"}],"version-history":[{"count":1,"href":"https:\/\/pagina10.com\/web\/wp-json\/wp\/v2\/posts\/10720\/revisions"}],"predecessor-version":[{"id":44421,"href":"https:\/\/pagina10.com\/web\/wp-json\/wp\/v2\/posts\/10720\/revisions\/44421"}],"wp:featuredmedia":[{"embeddable":true,"href":"https:\/\/pagina10.com\/web\/wp-json\/wp\/v2\/media\/10719"}],"wp:attachment":[{"href":"https:\/\/pagina10.com\/web\/wp-json\/wp\/v2\/media?parent=10720"}],"wp:term":[{"taxonomy":"category","embeddable":true,"href":"https:\/\/pagina10.com\/web\/wp-json\/wp\/v2\/categories?post=10720"},{"taxonomy":"post_tag","embeddable":true,"href":"https:\/\/pagina10.com\/web\/wp-json\/wp\/v2\/tags?post=10720"}],"curies":[{"name":"wp","href":"https:\/\/api.w.org\/{rel}","templated":true}]}}