{"id":1449,"date":"2013-03-17T02:55:41","date_gmt":"2013-03-17T02:55:41","guid":{"rendered":"https:\/\/pagina10.com\/web\/jean-magnin-un-jesuita-celebre-en-pasto-en-el-siglo-xviii\/"},"modified":"2020-07-16T00:18:28","modified_gmt":"2020-07-16T00:18:28","slug":"jean-magnin-un-jesuita-celebre-en-pasto-en-el-siglo-xviii","status":"publish","type":"post","link":"https:\/\/pagina10.com\/web\/jean-magnin-un-jesuita-celebre-en-pasto-en-el-siglo-xviii\/","title":{"rendered":"Jean Magnin, un jesuita celebre en Pasto, en el siglo XVIII"},"content":{"rendered":"<p>&nbsp;<\/p>\n<p style=\"text-align: justify;\">Jean Magnin llega a la Nueva Granada en 1724, para residir como profesor de los colegios de la Compa\u00f1\u00eda de Jes\u00fas en la Nueva Granada y de la Universidad Dominicana en Quito. Dej\u00f3 varias relaciones de su viaje y notas astron\u00f3micas, geogr\u00e1ficas y de ciencias naturales sobre las regiones que conoci\u00f3 y la mayor parte de aquellas reposan en el Archivo de la Compa\u00f1\u00eda de Jes\u00fas en Roma. Por su erudici\u00f3n y la calidad educativa que demostrara, es pertinente recordarlo en esta p\u00e1gina, que por cierto la dedicamos a la Compa\u00f1\u00eda de Jes\u00fas (al incomparable Padre Daniel Guerrero) y a los amigos Suizos que viven en Pasto.<\/p>\n<p><!--more--><\/p>\n<p style=\"text-align: justify;\">Muy pocos conocen que este cient\u00edfico y jesuita suizo (Jean Magn\u00edn 1701-1753)) estuvo en Pasto como profesor del colegio de la compa\u00f1\u00eda en el siglo XVIII. Este brillante hombre de ciencia y de la teolog\u00eda, hab\u00eda nacido en Friburgo (Suiza), profesor en los Colegios de Panam\u00e1, Quito, Lima y el de Pasto, misionero en el oriente Ecuatoriano, naturalista, ge\u00f3grafo, fil\u00f3sofo y profesor de idiomas. (Muere en Quito en 1753). Su importancia en su tiempo fue tal, que fue miembro correspondiente de la Academia de Ciencias de Par\u00eds, Catedr\u00e1tico de Filosof\u00eda y Derecho Can\u00f3nico de la Universidad de San Gregorio Magno. En 1736 siendo profesor del Colegio de Panam\u00e1, conoce a La Condamine, momento en el que nace su estrecha amistad con el sabio franc\u00e9s.<\/p>\n<div id=\"attachment_1665\">\n<p><a href=\"http:\/\/www.isidorohistoria.com\/historia\/wp-content\/uploads\/2013\/03\/Friburgo.jpg\"><img fetchpriority=\"high\" decoding=\"async\" style=\"display: block; margin-left: auto; margin-right: auto;\" title=\"Friburgo\" src=\"http:\/\/www.isidorohistoria.com\/historia\/wp-content\/uploads\/2013\/03\/Friburgo-300x225.jpg\" alt=\"\" width=\"300\" height=\"225\" \/><\/a><\/p>\n<p style=\"text-align: center;\">Imagen de la ciudad de Friburgo en Suiza<\/p>\n<p style=\"text-align: center;\">\n<\/div>\n<p style=\"text-align: justify;\">Cuando este interesante misionero Jesuita, permanece en la misi\u00f3n de San Francisco de Borja en el alto Amazonas (Hoy Ecuador) entre 1739 y 1746, escribe en el a\u00f1o de 1744 en la profundidad de la selva, su obra trascendental para el pensamiento filos\u00f3fico americano: \u201cMillet en armon\u00eda con Descartes o Descartes Reformado\u201d para luego, tres a\u00f1os despu\u00e9s, escribir una segunda edici\u00f3n cuyo prop\u00f3sito filos\u00f3fico es responder a la refutaci\u00f3n de la hip\u00f3tesis de Descartes que hab\u00eda publicado el P. Francisco Millet de Chales, S.J.. Magnin desarrolla el contenido de la obra con la exposici\u00f3n de catorce proposiciones de Millet y sus respectivas respuestas en forma de tesis, en un di\u00e1logo cr\u00edtico en el que el sacerdote suizo se confronta en contra de Millet y Descartes.<\/p>\n<p style=\"text-align: justify;\">\n<p style=\"text-align: justify;\">En una carta escrita en franc\u00e9s (Quito a 7 de Marzo de 1725) Magnin relata que entr\u00f3 por Cartagena en 1724, llega al puerto de Mahates, Barranca, Momp\u00f3s, Honda, Mariquita, sigue por tierra a Neiva, caminando entre \u201cuna primavera continua\u201d, all\u00ed le aconsejan que use un sombrero cubierto, de una tela blanca para que no le haga tanto calor. Pasa por el pueblo de La Plata (departamento del Huila) y sube al p\u00e1ramo de Guanacas para bajar a Popay\u00e1n en donde conoce el Colegio Jesuita all\u00ed instalado. Prefiere tomar el camino corto al sur por el Valle del Pat\u00eda que, para \u00e9l, significa penetrar en la zona t\u00f3rrida propiamente dicha, cercana a la l\u00ednea ecuatorial. En agosto cruza el Juanamb\u00fa y se dirige hacia Pasto, en donde reside, durante varias semanas, present\u00e1ndose ante los profesores jesuitas del Colegio de esta ciudad, que se hab\u00eda fundado desde 1712.<\/p>\n<p style=\"text-align: justify;\">\n<div id=\"attachment_1666\">\n<p><a href=\"http:\/\/www.isidorohistoria.com\/historia\/wp-content\/uploads\/2013\/03\/Colegio-en-Lima.jpg\"><img decoding=\"async\" style=\"display: block; margin-left: auto; margin-right: auto;\" title=\"Colegio en Lima\" src=\"http:\/\/www.isidorohistoria.com\/historia\/wp-content\/uploads\/2013\/03\/Colegio-en-Lima-300x177.jpg\" alt=\"\" width=\"300\" height=\"177\" \/><\/a><\/p>\n<p style=\"text-align: center;\">Colegio de los Jesuitas en Lima<\/p>\n<\/div>\n<p style=\"text-align: justify;\">\n<p style=\"text-align: justify;\">Despu\u00e9s de un recibimiento de los vecinos, que al Jesuita Friburgu\u00e9s, le parecieron demasiado generosos, admira en la ciudad de Atriz, su traza urbana, no obstante estar situada muy cerca de un volc\u00e1n, que seg\u00fan el, de vez en cuando, tiene el cr\u00e1ter en llamas, alaba tambi\u00e9n su gran variedad de climas y corrobora la gran riqueza adquirida por los jesuitas en esta provincia, ya por haber recibido importantes donaciones en haciendas productoras, ya por el empuje empresarial de dichos sacerdotes, que les permiti\u00f3 volverlas modelos de exportaci\u00f3n agropecuaria en su tiempo, para dotar el mercado de la ciudad minera de Barbacoas, el de Popay\u00e1n y Quito parcialmente.<\/p>\n<p style=\"text-align: justify;\">\n<p style=\"text-align: justify;\">El padre Magnin, posteriormente viaja y se establece en Quito como profesor Universitario y del Colegio, tambi\u00e9n cumple su larga labor misionera en la Amazon\u00eda, que actualmente pertenece al Ecuador y al Per\u00fa (alrededor del extenso pueblo de Santiago de La Laguna fundado en el siglo XVII por el Jesuita pastuso Juan Lorenzo Lucero), desde su entrevista de 1743 con el viajero y ge\u00f3grafo Charles de la Condamine, se dedica a dise\u00f1ar un mapa que, por sus conocimientos matem\u00e1ticos y geogr\u00e1ficos, es el m\u00e1s aproximado de esa \u00e9poca, a los actuales mapas de la republica ecuatoriana.<\/p>\n<div id=\"attachment_1667\">\n<p><a href=\"http:\/\/www.isidorohistoria.com\/historia\/wp-content\/uploads\/2013\/03\/Compa%C3%B1ia-de-Jesus-en-Quito.jpg\"><img decoding=\"async\" style=\"display: block; margin-left: auto; margin-right: auto;\" title=\"Compa\u00f1ia de Jesus en Quito\" src=\"http:\/\/www.isidorohistoria.com\/historia\/wp-content\/uploads\/2013\/03\/Compa%C3%B1ia-de-Jesus-en-Quito-300x200.jpg\" alt=\"\" width=\"300\" height=\"200\" \/><\/a><\/p>\n<p style=\"text-align: center;\">Templo y Colegio Jesuita en Quito<\/p>\n<\/div>\n<p style=\"text-align: justify;\">\n<p style=\"text-align: justify;\">Hacia la d\u00e9cada de 1740, es remitido al Colegio de Pasto dentro de las reglas de intercambio docente que se acostumbran en la Compa\u00f1\u00eda de Jes\u00fas, posiblemente por su amistad con el Padre Leonardo Deubler, de origen alem\u00e1n qui\u00e9n es famoso por su interesante correspondencia con el fil\u00f3sofo Franc\u00e9s Malebranche, continuador del cartesianismo. Deubler fue profesor y rector del Colegio de Pasto y Magnin desempe\u00f1\u00f3 la c\u00e1tedra de Filosof\u00eda y Teolog\u00eda en el mismo plantel, por un tiempo, que sin duda fue de las m\u00e1s actualizadas ense\u00f1anzas filos\u00f3ficas y matem\u00e1ticas que se haya conocido en la \u00e9poca colonial de Pasto.<\/p>\n<p style=\"text-align: justify;\">\n<p style=\"text-align: justify;\">El investigador, Germ\u00e1n Colmenares estudio los archivos in\u00e9ditos del Colegio y Convento de la Compa\u00f1\u00eda en Pasto (papeles que se encuentran en Santiago de Chile) y concluye que fue muy diverso y efectivo el nivel empresarial que ellos promovieron en la Provincia de Pasto, especialmente en lo referente a la producci\u00f3n y venta de bienes pecuarios (quesos, pieles, cebo, carne, aves) y derivados de la ca\u00f1a de az\u00facar con lo cual establecieron lo que hoy se puede llamar la base de la Ruta de la Miel entre los Andes, La Costa y la Alta Amazon\u00eda.<\/p>\n<p style=\"text-align: justify;\">\n<div id=\"attachment_1668\">\n<p><a href=\"http:\/\/www.isidorohistoria.com\/historia\/wp-content\/uploads\/2013\/03\/sedecentro.jpg\"><img loading=\"lazy\" decoding=\"async\" style=\"display: block; margin-left: auto; margin-right: auto;\" title=\"sedecentro\" src=\"http:\/\/www.isidorohistoria.com\/historia\/wp-content\/uploads\/2013\/03\/sedecentro-300x225.jpg\" alt=\"\" width=\"300\" height=\"225\" \/><\/a><\/p>\n<p style=\"text-align: center;\">Sede de los Jesuitas en Pasto<\/p>\n<\/div>\n<p style=\"text-align: justify;\">\n<p style=\"text-align: justify;\">Esta fue la mejor herencia que dejaron los jesuitas antes de su expulsi\u00f3n por el rey Carlos IV en 1767, adem\u00e1s de su labor educativa en ense\u00f1anza primaria y secundaria de los ciudadanos pastusos y de otros pueblos cercanos. Los jesuitas ten\u00edan como sede, al edificio ocupado, desde 1905, por la Universidad de Nari\u00f1o en la carrera 22 con calle 19 (por eso se llama Calle de la Compa\u00f1\u00eda); si bien es de aclarar que no se puede decir que el Liceo de la Universidad de Nari\u00f1o ya ha cumplido 300 a\u00f1os, porque es distinto, por su calidad de instituci\u00f3n p\u00fablica, del antiguo colegio jesuita que era una instituci\u00f3n privada. Solamente con una C\u00e9dula Real de 1786 se funda el \u201cReal Colegio Seminario\u201d, primero de car\u00e1cter p\u00fablico en Pasto.<\/p>\n<p style=\"text-align: justify;\">\n<div id=\"attachment_1669\">\n<p><a href=\"http:\/\/www.isidorohistoria.com\/historia\/wp-content\/uploads\/2013\/03\/DSC01031.jpg\"><img loading=\"lazy\" decoding=\"async\" style=\"display: block; margin-left: auto; margin-right: auto;\" title=\"Calle de la Compa\u00f1ia\" src=\"http:\/\/www.isidorohistoria.com\/historia\/wp-content\/uploads\/2013\/03\/DSC01031-300x199.jpg\" alt=\"\" width=\"300\" height=\"199\" \/><\/a><\/p>\n<p style=\"text-align: center;\">Placa de la Calle de la Compa\u00f1\u00eda, en la Carrera 22 con Calle 19<\/p>\n<\/div>\n","protected":false},"excerpt":{"rendered":"<p>&nbsp; Jean Magnin llega a la Nueva Granada en 1724, para residir como profesor de los colegios de la Compa\u00f1\u00eda de Jes\u00fas en la Nueva Granada y de la Universidad Dominicana en Quito. Dej\u00f3 varias relaciones de su viaje y notas astron\u00f3micas, geogr\u00e1ficas y de ciencias naturales sobre las regiones que conoci\u00f3 y la mayor [&hellip;]<\/p>\n","protected":false},"author":2,"featured_media":1448,"comment_status":"open","ping_status":"open","sticky":false,"template":"","format":"standard","meta":{"footnotes":""},"categories":[3],"tags":[],"class_list":["post-1449","post","type-post","status-publish","format-standard","has-post-thumbnail","hentry","category-opinion"],"yoast_head":"<!-- This site is optimized with the Yoast SEO plugin v27.1.1 - https:\/\/yoast.com\/product\/yoast-seo-wordpress\/ -->\n<title>Jean Magnin, un jesuita celebre en Pasto, en el siglo XVIII | P\u00e1gina10<\/title>\n<meta name=\"robots\" content=\"index, follow, max-snippet:-1, max-image-preview:large, max-video-preview:-1\" \/>\n<link rel=\"canonical\" href=\"https:\/\/pagina10.com\/web\/jean-magnin-un-jesuita-celebre-en-pasto-en-el-siglo-xviii\/\" \/>\n<meta property=\"og:locale\" content=\"es_ES\" \/>\n<meta property=\"og:type\" content=\"article\" \/>\n<meta property=\"og:title\" content=\"Jean Magnin, un jesuita celebre en Pasto, en el siglo XVIII | P\u00e1gina10\" \/>\n<meta property=\"og:description\" content=\"&nbsp; Jean Magnin llega a la Nueva Granada en 1724, para residir como profesor de los colegios de la Compa\u00f1\u00eda de Jes\u00fas en la Nueva Granada y de la Universidad Dominicana en Quito. Dej\u00f3 varias relaciones de su viaje y notas astron\u00f3micas, geogr\u00e1ficas y de ciencias naturales sobre las regiones que conoci\u00f3 y la mayor [&hellip;]\" \/>\n<meta property=\"og:url\" content=\"https:\/\/pagina10.com\/web\/jean-magnin-un-jesuita-celebre-en-pasto-en-el-siglo-xviii\/\" \/>\n<meta property=\"og:site_name\" content=\"P\u00e1gina10\" \/>\n<meta property=\"article:publisher\" content=\"https:\/\/www.facebook.com\/pag10com\" \/>\n<meta property=\"article:published_time\" content=\"2013-03-17T02:55:41+00:00\" \/>\n<meta property=\"article:modified_time\" content=\"2020-07-16T00:18:28+00:00\" \/>\n<meta property=\"og:image\" content=\"https:\/\/pagina10.com\/web\/wp-content\/uploads\/2013\/03\/bfa9b7e5542153d134a3eed2bd0df6f6.jpg\" \/>\n\t<meta property=\"og:image:width\" content=\"310\" \/>\n\t<meta property=\"og:image:height\" content=\"195\" \/>\n\t<meta property=\"og:image:type\" content=\"image\/jpeg\" \/>\n<meta name=\"author\" content=\"Isidoro Medina Pati\u00f1o\" \/>\n<meta name=\"twitter:card\" content=\"summary_large_image\" \/>\n<meta name=\"twitter:creator\" content=\"@Pag10com\" \/>\n<meta name=\"twitter:site\" content=\"@Pag10com\" \/>\n<meta name=\"twitter:label1\" content=\"Escrito por\" \/>\n\t<meta name=\"twitter:data1\" content=\"Isidoro Medina Pati\u00f1o\" \/>\n\t<meta name=\"twitter:label2\" content=\"Tiempo de lectura\" \/>\n\t<meta name=\"twitter:data2\" content=\"6 minutos\" \/>\n<script type=\"application\/ld+json\" class=\"yoast-schema-graph\">{\"@context\":\"https:\/\/schema.org\",\"@graph\":[{\"@type\":\"Article\",\"@id\":\"https:\/\/pagina10.com\/web\/jean-magnin-un-jesuita-celebre-en-pasto-en-el-siglo-xviii\/#article\",\"isPartOf\":{\"@id\":\"https:\/\/pagina10.com\/web\/jean-magnin-un-jesuita-celebre-en-pasto-en-el-siglo-xviii\/\"},\"author\":{\"name\":\"Isidoro Medina Pati\u00f1o\",\"@id\":\"https:\/\/pagina10.com\/web\/#\/schema\/person\/7c697bd4277a251eb2c7c3c84facda61\"},\"headline\":\"Jean Magnin, un jesuita celebre en Pasto, en el siglo XVIII\",\"datePublished\":\"2013-03-17T02:55:41+00:00\",\"dateModified\":\"2020-07-16T00:18:28+00:00\",\"mainEntityOfPage\":{\"@id\":\"https:\/\/pagina10.com\/web\/jean-magnin-un-jesuita-celebre-en-pasto-en-el-siglo-xviii\/\"},\"wordCount\":1161,\"commentCount\":0,\"publisher\":{\"@id\":\"https:\/\/pagina10.com\/web\/#organization\"},\"image\":{\"@id\":\"https:\/\/pagina10.com\/web\/jean-magnin-un-jesuita-celebre-en-pasto-en-el-siglo-xviii\/#primaryimage\"},\"thumbnailUrl\":\"https:\/\/pagina10.com\/web\/wp-content\/uploads\/2013\/03\/bfa9b7e5542153d134a3eed2bd0df6f6.jpg\",\"articleSection\":[\"Opini\u00f3n\"],\"inLanguage\":\"es\",\"potentialAction\":[{\"@type\":\"CommentAction\",\"name\":\"Comment\",\"target\":[\"https:\/\/pagina10.com\/web\/jean-magnin-un-jesuita-celebre-en-pasto-en-el-siglo-xviii\/#respond\"]}]},{\"@type\":\"WebPage\",\"@id\":\"https:\/\/pagina10.com\/web\/jean-magnin-un-jesuita-celebre-en-pasto-en-el-siglo-xviii\/\",\"url\":\"https:\/\/pagina10.com\/web\/jean-magnin-un-jesuita-celebre-en-pasto-en-el-siglo-xviii\/\",\"name\":\"Jean Magnin, un jesuita celebre en Pasto, en el siglo XVIII | P\u00e1gina10\",\"isPartOf\":{\"@id\":\"https:\/\/pagina10.com\/web\/#website\"},\"primaryImageOfPage\":{\"@id\":\"https:\/\/pagina10.com\/web\/jean-magnin-un-jesuita-celebre-en-pasto-en-el-siglo-xviii\/#primaryimage\"},\"image\":{\"@id\":\"https:\/\/pagina10.com\/web\/jean-magnin-un-jesuita-celebre-en-pasto-en-el-siglo-xviii\/#primaryimage\"},\"thumbnailUrl\":\"https:\/\/pagina10.com\/web\/wp-content\/uploads\/2013\/03\/bfa9b7e5542153d134a3eed2bd0df6f6.jpg\",\"datePublished\":\"2013-03-17T02:55:41+00:00\",\"dateModified\":\"2020-07-16T00:18:28+00:00\",\"breadcrumb\":{\"@id\":\"https:\/\/pagina10.com\/web\/jean-magnin-un-jesuita-celebre-en-pasto-en-el-siglo-xviii\/#breadcrumb\"},\"inLanguage\":\"es\",\"potentialAction\":[{\"@type\":\"ReadAction\",\"target\":[\"https:\/\/pagina10.com\/web\/jean-magnin-un-jesuita-celebre-en-pasto-en-el-siglo-xviii\/\"]}]},{\"@type\":\"ImageObject\",\"inLanguage\":\"es\",\"@id\":\"https:\/\/pagina10.com\/web\/jean-magnin-un-jesuita-celebre-en-pasto-en-el-siglo-xviii\/#primaryimage\",\"url\":\"https:\/\/pagina10.com\/web\/wp-content\/uploads\/2013\/03\/bfa9b7e5542153d134a3eed2bd0df6f6.jpg\",\"contentUrl\":\"https:\/\/pagina10.com\/web\/wp-content\/uploads\/2013\/03\/bfa9b7e5542153d134a3eed2bd0df6f6.jpg\",\"width\":310,\"height\":195},{\"@type\":\"BreadcrumbList\",\"@id\":\"https:\/\/pagina10.com\/web\/jean-magnin-un-jesuita-celebre-en-pasto-en-el-siglo-xviii\/#breadcrumb\",\"itemListElement\":[{\"@type\":\"ListItem\",\"position\":1,\"name\":\"Portada\",\"item\":\"https:\/\/pagina10.com\/web\/\"},{\"@type\":\"ListItem\",\"position\":2,\"name\":\"Jean Magnin, un jesuita celebre en Pasto, en el siglo XVIII\"}]},{\"@type\":\"WebSite\",\"@id\":\"https:\/\/pagina10.com\/web\/#website\",\"url\":\"https:\/\/pagina10.com\/web\/\",\"name\":\"P\u00e1gina10\",\"description\":\"Peri\u00f3dico Regional\",\"publisher\":{\"@id\":\"https:\/\/pagina10.com\/web\/#organization\"},\"alternateName\":\"P\u00e1gina10 Peri\u00f3dico Regional\",\"potentialAction\":[{\"@type\":\"SearchAction\",\"target\":{\"@type\":\"EntryPoint\",\"urlTemplate\":\"https:\/\/pagina10.com\/web\/?s={search_term_string}\"},\"query-input\":{\"@type\":\"PropertyValueSpecification\",\"valueRequired\":true,\"valueName\":\"search_term_string\"}}],\"inLanguage\":\"es\"},{\"@type\":\"Organization\",\"@id\":\"https:\/\/pagina10.com\/web\/#organization\",\"name\":\"P\u00e1gina10\",\"alternateName\":\"P\u00e1gina10 Peri\u00f3dico Regional\",\"url\":\"https:\/\/pagina10.com\/web\/\",\"logo\":{\"@type\":\"ImageObject\",\"inLanguage\":\"es\",\"@id\":\"https:\/\/pagina10.com\/web\/#\/schema\/logo\/image\/\",\"url\":\"https:\/\/pagina10.com\/web\/wp-content\/uploads\/2024\/01\/40-pagina-10-periodico-regional-pasto.jpg\",\"contentUrl\":\"https:\/\/pagina10.com\/web\/wp-content\/uploads\/2024\/01\/40-pagina-10-periodico-regional-pasto.jpg\",\"width\":1280,\"height\":720,\"caption\":\"P\u00e1gina10\"},\"image\":{\"@id\":\"https:\/\/pagina10.com\/web\/#\/schema\/logo\/image\/\"},\"sameAs\":[\"https:\/\/www.facebook.com\/pag10com\",\"https:\/\/x.com\/Pag10com\",\"https:\/\/www.instagram.com\/pagina10col\/\",\"https:\/\/youtube.com\/channel\/pag10\",\"https:\/\/www.tiktok.com\/@p10col\"]},{\"@type\":\"Person\",\"@id\":\"https:\/\/pagina10.com\/web\/#\/schema\/person\/7c697bd4277a251eb2c7c3c84facda61\",\"name\":\"Isidoro Medina Pati\u00f1o\",\"description\":\"Somos una organizaci\u00f3n no gubernamental, creada por el Historiador y caminante Isidoro Medina Pati\u00f1o, conformada por un grupo multidisciplinario de profesionales, que trabaja por el rescate de la memoria hist\u00f3rica, cultural, la apropiaci\u00f3n de valores y experiencias de las regiones que conformaban la NACION ESPA\u00d1OLA DE LOS PASTOS, zona ubicada en lo que hoy ocupan los departamentos de Nari\u00f1o y Putumayo en la rep\u00fablica de Colombia. La fundaci\u00f3n toma el nombre de ESTANISLAO MERCHANCANO, para rendirle un homenaje a un Pastuso que ha olvidado la historia nacional y local. Naci\u00f3 en Pasto, fue el \u00faltimo Teniente de Gobernador de la naci\u00f3n espa\u00f1ola de los Pastos, hijo natural de Don Blas de la Villota, sucedi\u00f3 a Don Tomas de Santa cruz en el cargo, muri\u00f3 asesinado en Pasto en 1824. Fue administrador de rentas de Pasto. Se distingui\u00f3 en varias acciones militares defendiendo los ej\u00e9rcitos realistas. Fu\u00e9 ascendido a Teniente Coronel del ej\u00e9rcito del Rey, por su acci\u00f3n destacada en la Batalla de Genoy, el grado se lo concedi\u00f3 a nombre del rey, Don Basilio Garc\u00eda, Presidente de Quito, el 19 de Septiembre de 1821. E-mail: isidorohistoria@hotmail.com\",\"url\":\"https:\/\/pagina10.com\/web\/author\/isidoro\/\"}]}<\/script>\n<!-- \/ Yoast SEO plugin. -->","yoast_head_json":{"title":"Jean Magnin, un jesuita celebre en Pasto, en el siglo XVIII | P\u00e1gina10","robots":{"index":"index","follow":"follow","max-snippet":"max-snippet:-1","max-image-preview":"max-image-preview:large","max-video-preview":"max-video-preview:-1"},"canonical":"https:\/\/pagina10.com\/web\/jean-magnin-un-jesuita-celebre-en-pasto-en-el-siglo-xviii\/","og_locale":"es_ES","og_type":"article","og_title":"Jean Magnin, un jesuita celebre en Pasto, en el siglo XVIII | P\u00e1gina10","og_description":"&nbsp; Jean Magnin llega a la Nueva Granada en 1724, para residir como profesor de los colegios de la Compa\u00f1\u00eda de Jes\u00fas en la Nueva Granada y de la Universidad Dominicana en Quito. Dej\u00f3 varias relaciones de su viaje y notas astron\u00f3micas, geogr\u00e1ficas y de ciencias naturales sobre las regiones que conoci\u00f3 y la mayor [&hellip;]","og_url":"https:\/\/pagina10.com\/web\/jean-magnin-un-jesuita-celebre-en-pasto-en-el-siglo-xviii\/","og_site_name":"P\u00e1gina10","article_publisher":"https:\/\/www.facebook.com\/pag10com","article_published_time":"2013-03-17T02:55:41+00:00","article_modified_time":"2020-07-16T00:18:28+00:00","og_image":[{"width":310,"height":195,"url":"https:\/\/pagina10.com\/web\/wp-content\/uploads\/2013\/03\/bfa9b7e5542153d134a3eed2bd0df6f6.jpg","type":"image\/jpeg"}],"author":"Isidoro Medina Pati\u00f1o","twitter_card":"summary_large_image","twitter_creator":"@Pag10com","twitter_site":"@Pag10com","twitter_misc":{"Escrito por":"Isidoro Medina Pati\u00f1o","Tiempo de lectura":"6 minutos"},"schema":{"@context":"https:\/\/schema.org","@graph":[{"@type":"Article","@id":"https:\/\/pagina10.com\/web\/jean-magnin-un-jesuita-celebre-en-pasto-en-el-siglo-xviii\/#article","isPartOf":{"@id":"https:\/\/pagina10.com\/web\/jean-magnin-un-jesuita-celebre-en-pasto-en-el-siglo-xviii\/"},"author":{"name":"Isidoro Medina Pati\u00f1o","@id":"https:\/\/pagina10.com\/web\/#\/schema\/person\/7c697bd4277a251eb2c7c3c84facda61"},"headline":"Jean Magnin, un jesuita celebre en Pasto, en el siglo XVIII","datePublished":"2013-03-17T02:55:41+00:00","dateModified":"2020-07-16T00:18:28+00:00","mainEntityOfPage":{"@id":"https:\/\/pagina10.com\/web\/jean-magnin-un-jesuita-celebre-en-pasto-en-el-siglo-xviii\/"},"wordCount":1161,"commentCount":0,"publisher":{"@id":"https:\/\/pagina10.com\/web\/#organization"},"image":{"@id":"https:\/\/pagina10.com\/web\/jean-magnin-un-jesuita-celebre-en-pasto-en-el-siglo-xviii\/#primaryimage"},"thumbnailUrl":"https:\/\/pagina10.com\/web\/wp-content\/uploads\/2013\/03\/bfa9b7e5542153d134a3eed2bd0df6f6.jpg","articleSection":["Opini\u00f3n"],"inLanguage":"es","potentialAction":[{"@type":"CommentAction","name":"Comment","target":["https:\/\/pagina10.com\/web\/jean-magnin-un-jesuita-celebre-en-pasto-en-el-siglo-xviii\/#respond"]}]},{"@type":"WebPage","@id":"https:\/\/pagina10.com\/web\/jean-magnin-un-jesuita-celebre-en-pasto-en-el-siglo-xviii\/","url":"https:\/\/pagina10.com\/web\/jean-magnin-un-jesuita-celebre-en-pasto-en-el-siglo-xviii\/","name":"Jean Magnin, un jesuita celebre en Pasto, en el siglo XVIII | P\u00e1gina10","isPartOf":{"@id":"https:\/\/pagina10.com\/web\/#website"},"primaryImageOfPage":{"@id":"https:\/\/pagina10.com\/web\/jean-magnin-un-jesuita-celebre-en-pasto-en-el-siglo-xviii\/#primaryimage"},"image":{"@id":"https:\/\/pagina10.com\/web\/jean-magnin-un-jesuita-celebre-en-pasto-en-el-siglo-xviii\/#primaryimage"},"thumbnailUrl":"https:\/\/pagina10.com\/web\/wp-content\/uploads\/2013\/03\/bfa9b7e5542153d134a3eed2bd0df6f6.jpg","datePublished":"2013-03-17T02:55:41+00:00","dateModified":"2020-07-16T00:18:28+00:00","breadcrumb":{"@id":"https:\/\/pagina10.com\/web\/jean-magnin-un-jesuita-celebre-en-pasto-en-el-siglo-xviii\/#breadcrumb"},"inLanguage":"es","potentialAction":[{"@type":"ReadAction","target":["https:\/\/pagina10.com\/web\/jean-magnin-un-jesuita-celebre-en-pasto-en-el-siglo-xviii\/"]}]},{"@type":"ImageObject","inLanguage":"es","@id":"https:\/\/pagina10.com\/web\/jean-magnin-un-jesuita-celebre-en-pasto-en-el-siglo-xviii\/#primaryimage","url":"https:\/\/pagina10.com\/web\/wp-content\/uploads\/2013\/03\/bfa9b7e5542153d134a3eed2bd0df6f6.jpg","contentUrl":"https:\/\/pagina10.com\/web\/wp-content\/uploads\/2013\/03\/bfa9b7e5542153d134a3eed2bd0df6f6.jpg","width":310,"height":195},{"@type":"BreadcrumbList","@id":"https:\/\/pagina10.com\/web\/jean-magnin-un-jesuita-celebre-en-pasto-en-el-siglo-xviii\/#breadcrumb","itemListElement":[{"@type":"ListItem","position":1,"name":"Portada","item":"https:\/\/pagina10.com\/web\/"},{"@type":"ListItem","position":2,"name":"Jean Magnin, un jesuita celebre en Pasto, en el siglo XVIII"}]},{"@type":"WebSite","@id":"https:\/\/pagina10.com\/web\/#website","url":"https:\/\/pagina10.com\/web\/","name":"P\u00e1gina10","description":"Peri\u00f3dico Regional","publisher":{"@id":"https:\/\/pagina10.com\/web\/#organization"},"alternateName":"P\u00e1gina10 Peri\u00f3dico Regional","potentialAction":[{"@type":"SearchAction","target":{"@type":"EntryPoint","urlTemplate":"https:\/\/pagina10.com\/web\/?s={search_term_string}"},"query-input":{"@type":"PropertyValueSpecification","valueRequired":true,"valueName":"search_term_string"}}],"inLanguage":"es"},{"@type":"Organization","@id":"https:\/\/pagina10.com\/web\/#organization","name":"P\u00e1gina10","alternateName":"P\u00e1gina10 Peri\u00f3dico Regional","url":"https:\/\/pagina10.com\/web\/","logo":{"@type":"ImageObject","inLanguage":"es","@id":"https:\/\/pagina10.com\/web\/#\/schema\/logo\/image\/","url":"https:\/\/pagina10.com\/web\/wp-content\/uploads\/2024\/01\/40-pagina-10-periodico-regional-pasto.jpg","contentUrl":"https:\/\/pagina10.com\/web\/wp-content\/uploads\/2024\/01\/40-pagina-10-periodico-regional-pasto.jpg","width":1280,"height":720,"caption":"P\u00e1gina10"},"image":{"@id":"https:\/\/pagina10.com\/web\/#\/schema\/logo\/image\/"},"sameAs":["https:\/\/www.facebook.com\/pag10com","https:\/\/x.com\/Pag10com","https:\/\/www.instagram.com\/pagina10col\/","https:\/\/youtube.com\/channel\/pag10","https:\/\/www.tiktok.com\/@p10col"]},{"@type":"Person","@id":"https:\/\/pagina10.com\/web\/#\/schema\/person\/7c697bd4277a251eb2c7c3c84facda61","name":"Isidoro Medina Pati\u00f1o","description":"Somos una organizaci\u00f3n no gubernamental, creada por el Historiador y caminante Isidoro Medina Pati\u00f1o, conformada por un grupo multidisciplinario de profesionales, que trabaja por el rescate de la memoria hist\u00f3rica, cultural, la apropiaci\u00f3n de valores y experiencias de las regiones que conformaban la NACION ESPA\u00d1OLA DE LOS PASTOS, zona ubicada en lo que hoy ocupan los departamentos de Nari\u00f1o y Putumayo en la rep\u00fablica de Colombia. La fundaci\u00f3n toma el nombre de ESTANISLAO MERCHANCANO, para rendirle un homenaje a un Pastuso que ha olvidado la historia nacional y local. Naci\u00f3 en Pasto, fue el \u00faltimo Teniente de Gobernador de la naci\u00f3n espa\u00f1ola de los Pastos, hijo natural de Don Blas de la Villota, sucedi\u00f3 a Don Tomas de Santa cruz en el cargo, muri\u00f3 asesinado en Pasto en 1824. Fue administrador de rentas de Pasto. Se distingui\u00f3 en varias acciones militares defendiendo los ej\u00e9rcitos realistas. Fu\u00e9 ascendido a Teniente Coronel del ej\u00e9rcito del Rey, por su acci\u00f3n destacada en la Batalla de Genoy, el grado se lo concedi\u00f3 a nombre del rey, Don Basilio Garc\u00eda, Presidente de Quito, el 19 de Septiembre de 1821. E-mail: isidorohistoria@hotmail.com","url":"https:\/\/pagina10.com\/web\/author\/isidoro\/"}]}},"_links":{"self":[{"href":"https:\/\/pagina10.com\/web\/wp-json\/wp\/v2\/posts\/1449","targetHints":{"allow":["GET"]}}],"collection":[{"href":"https:\/\/pagina10.com\/web\/wp-json\/wp\/v2\/posts"}],"about":[{"href":"https:\/\/pagina10.com\/web\/wp-json\/wp\/v2\/types\/post"}],"author":[{"embeddable":true,"href":"https:\/\/pagina10.com\/web\/wp-json\/wp\/v2\/users\/2"}],"replies":[{"embeddable":true,"href":"https:\/\/pagina10.com\/web\/wp-json\/wp\/v2\/comments?post=1449"}],"version-history":[{"count":2,"href":"https:\/\/pagina10.com\/web\/wp-json\/wp\/v2\/posts\/1449\/revisions"}],"predecessor-version":[{"id":46722,"href":"https:\/\/pagina10.com\/web\/wp-json\/wp\/v2\/posts\/1449\/revisions\/46722"}],"wp:featuredmedia":[{"embeddable":true,"href":"https:\/\/pagina10.com\/web\/wp-json\/wp\/v2\/media\/1448"}],"wp:attachment":[{"href":"https:\/\/pagina10.com\/web\/wp-json\/wp\/v2\/media?parent=1449"}],"wp:term":[{"taxonomy":"category","embeddable":true,"href":"https:\/\/pagina10.com\/web\/wp-json\/wp\/v2\/categories?post=1449"},{"taxonomy":"post_tag","embeddable":true,"href":"https:\/\/pagina10.com\/web\/wp-json\/wp\/v2\/tags?post=1449"}],"curies":[{"name":"wp","href":"https:\/\/api.w.org\/{rel}","templated":true}]}}