{"id":14775,"date":"2015-02-10T00:38:19","date_gmt":"2015-02-10T00:38:19","guid":{"rendered":"https:\/\/pagina10.com\/web\/senal-de-netflix-llega-a-cuba\/"},"modified":"2015-02-10T00:38:19","modified_gmt":"2015-02-10T00:38:19","slug":"senal-de-netflix-llega-a-cuba","status":"publish","type":"post","link":"https:\/\/pagina10.com\/web\/senal-de-netflix-llega-a-cuba\/","title":{"rendered":"Se\u00f1al de Netflix llega a Cuba"},"content":{"rendered":"<p><img fetchpriority=\"high\" decoding=\"async\" class=\" size-full wp-image-14774\" src=\"https:\/\/pagina10.com\/web\/wp-content\/uploads\/2015\/02\/8e2c3e7db2de9896549c07c11a299421.jpg\" alt=\"\" width=\"640\" height=\"371\" srcset=\"https:\/\/pagina10.com\/web\/wp-content\/uploads\/2015\/02\/8e2c3e7db2de9896549c07c11a299421.jpg 640w, https:\/\/pagina10.com\/web\/wp-content\/uploads\/2015\/02\/8e2c3e7db2de9896549c07c11a299421-300x174.jpg 300w\" sizes=\"(max-width: 640px) 100vw, 640px\" \/><\/p>\n<p style=\"text-align: justify;\">La compa\u00f1\u00eda dijo que estaba &#8220;encantada&#8221; de finalmente poder ofrecer &#8220;al pueblo cubano&#8221; populares series como House of Cards u Orange is the New Black.&nbsp;El corresponsal de la BBC en Cuba, Will Grant, explica que prob\u00f3 a abrir una cuenta en el servicio y pareci\u00f3 funcionar.&nbsp;Sin embargo, como se\u00f1ala Grant &#8220;en realidad son pocos en la isla los que de verdad podr\u00e1n acceder&#8221;.<\/p>\n<p style=\"text-align: justify;\">En un hotel internacional en La Habana donde los cubanos se pueden conectar por unos US$5 la hora, nadie hab\u00eda o\u00eddo de Netflix antes de este anuncio, mucho menos usarlo.<\/p>\n<p style=\"text-align: justify;\">En principio, la gente aplaud\u00eda la idea de poder acceder a pel\u00edculas y series online.<\/p>\n<p style=\"text-align: justify;\">&#8220;Me gustar\u00eda mucho porque, como estudiante extranjera, hay muchas cosas que necesito ver que con la red as\u00ed, a veces es dif\u00edcil conseguir&#8221;, dice Mar\u00eda da Costa, una joven de Angola.<\/p>\n<p style=\"text-align: justify;\">Sin embargo, muchos dec\u00edan que aunque les gustar\u00eda tenerlo, les parec\u00eda imposible tener internet con suficiente banda ancha para poder ver pel\u00edculas.<\/p>\n<p style=\"text-align: justify;\">&#8220;Yo dudo que tengamos el 3G o 4G necesario&#8221;, dice Alicia, una cuentapropista. &#8220;Aqu\u00ed todo anda muy lento&#8221;.<\/p>\n<p style=\"text-align: justify;\">La bloguera Yoani S\u00e1nchez expres\u00f3 en su cuenta de la red social Twitter que &#8220;el problema es acceder a internet&#8221;.<\/p>\n<p style=\"text-align: justify;\">&#8220;Hoy pude asomarme por una hora a #Internet pero conexi\u00f3n cara y lenta&#8230; una estafa estatal&#8221;, agreg\u00f3.<\/p>\n<p style=\"text-align: justify;\">S\u00f3lo trabajadores extranjeros o altos cargos del gobierno disponen de una conexi\u00f3n lo suficientemente r\u00e1pida para poder ver v\u00eddeos.&nbsp;Tampoco el uso de tarjetas de cr\u00e9dito es algo habitual entre los cubanos. De momento, es necesario que sea internacional.&nbsp;Y, finalmente, el precio de US$8 por mes es un lujo fuera del alcance de gran parte de los 11 millones de residentes.<\/p>\n<p style=\"text-align: justify;\">&nbsp;<\/p>\n<p>Fuente: BBC<\/p>\n","protected":false},"excerpt":{"rendered":"<p>La compa\u00f1\u00eda dijo que estaba &#8220;encantada&#8221; de finalmente poder ofrecer &#8220;al pueblo cubano&#8221; populares series como House of Cards u Orange is the New Black.&nbsp;El corresponsal de la BBC en Cuba, Will Grant, explica que prob\u00f3 a abrir una cuenta en el servicio y pareci\u00f3 funcionar.&nbsp;Sin embargo, como se\u00f1ala Grant &#8220;en realidad son pocos en [&hellip;]<\/p>\n","protected":false},"author":29,"featured_media":14774,"comment_status":"open","ping_status":"open","sticky":false,"template":"","format":"standard","meta":{"footnotes":""},"categories":[1],"tags":[],"class_list":["post-14775","post","type-post","status-publish","format-standard","has-post-thumbnail","hentry","category-sin-categoria"],"yoast_head":"<!-- This site is optimized with the Yoast SEO plugin v27.1.1 - https:\/\/yoast.com\/product\/yoast-seo-wordpress\/ -->\n<title>Se\u00f1al de Netflix llega a Cuba | P\u00e1gina10<\/title>\n<meta name=\"robots\" content=\"index, follow, max-snippet:-1, max-image-preview:large, max-video-preview:-1\" \/>\n<link rel=\"canonical\" href=\"https:\/\/pagina10.com\/web\/senal-de-netflix-llega-a-cuba\/\" \/>\n<meta property=\"og:locale\" content=\"es_ES\" \/>\n<meta property=\"og:type\" content=\"article\" \/>\n<meta property=\"og:title\" content=\"Se\u00f1al de Netflix llega a Cuba | P\u00e1gina10\" \/>\n<meta property=\"og:description\" content=\"La compa\u00f1\u00eda dijo que estaba &#8220;encantada&#8221; de finalmente poder ofrecer &#8220;al pueblo cubano&#8221; populares series como House of Cards u Orange is the New Black.&nbsp;El corresponsal de la BBC en Cuba, Will Grant, explica que prob\u00f3 a abrir una cuenta en el servicio y pareci\u00f3 funcionar.&nbsp;Sin embargo, como se\u00f1ala Grant &#8220;en realidad son pocos en [&hellip;]\" \/>\n<meta property=\"og:url\" content=\"https:\/\/pagina10.com\/web\/senal-de-netflix-llega-a-cuba\/\" \/>\n<meta property=\"og:site_name\" content=\"P\u00e1gina10\" \/>\n<meta property=\"article:publisher\" content=\"https:\/\/www.facebook.com\/pag10com\" \/>\n<meta property=\"article:published_time\" content=\"2015-02-10T00:38:19+00:00\" \/>\n<meta property=\"og:image\" content=\"https:\/\/pagina10.com\/web\/wp-content\/uploads\/2015\/02\/8e2c3e7db2de9896549c07c11a299421.jpg\" \/>\n\t<meta property=\"og:image:width\" content=\"640\" \/>\n\t<meta property=\"og:image:height\" content=\"371\" \/>\n\t<meta property=\"og:image:type\" content=\"image\/jpeg\" \/>\n<meta name=\"author\" content=\"P\u00e1gina 10\" \/>\n<meta name=\"twitter:card\" content=\"summary_large_image\" \/>\n<meta name=\"twitter:creator\" content=\"@Pag10com\" \/>\n<meta name=\"twitter:site\" content=\"@Pag10com\" \/>\n<meta name=\"twitter:label1\" content=\"Escrito por\" \/>\n\t<meta name=\"twitter:data1\" content=\"P\u00e1gina 10\" \/>\n\t<meta name=\"twitter:label2\" content=\"Tiempo de lectura\" \/>\n\t<meta name=\"twitter:data2\" content=\"2 minutos\" \/>\n<script type=\"application\/ld+json\" class=\"yoast-schema-graph\">{\"@context\":\"https:\/\/schema.org\",\"@graph\":[{\"@type\":\"Article\",\"@id\":\"https:\/\/pagina10.com\/web\/senal-de-netflix-llega-a-cuba\/#article\",\"isPartOf\":{\"@id\":\"https:\/\/pagina10.com\/web\/senal-de-netflix-llega-a-cuba\/\"},\"author\":{\"name\":\"P\u00e1gina 10\",\"@id\":\"https:\/\/pagina10.com\/web\/#\/schema\/person\/a7a5d38f0629dfc107f619fbae4f6cc3\"},\"headline\":\"Se\u00f1al de Netflix llega a Cuba\",\"datePublished\":\"2015-02-10T00:38:19+00:00\",\"mainEntityOfPage\":{\"@id\":\"https:\/\/pagina10.com\/web\/senal-de-netflix-llega-a-cuba\/\"},\"wordCount\":314,\"commentCount\":0,\"publisher\":{\"@id\":\"https:\/\/pagina10.com\/web\/#organization\"},\"image\":{\"@id\":\"https:\/\/pagina10.com\/web\/senal-de-netflix-llega-a-cuba\/#primaryimage\"},\"thumbnailUrl\":\"https:\/\/pagina10.com\/web\/wp-content\/uploads\/2015\/02\/8e2c3e7db2de9896549c07c11a299421.jpg\",\"inLanguage\":\"es\",\"potentialAction\":[{\"@type\":\"CommentAction\",\"name\":\"Comment\",\"target\":[\"https:\/\/pagina10.com\/web\/senal-de-netflix-llega-a-cuba\/#respond\"]}]},{\"@type\":\"WebPage\",\"@id\":\"https:\/\/pagina10.com\/web\/senal-de-netflix-llega-a-cuba\/\",\"url\":\"https:\/\/pagina10.com\/web\/senal-de-netflix-llega-a-cuba\/\",\"name\":\"Se\u00f1al de Netflix llega a Cuba | P\u00e1gina10\",\"isPartOf\":{\"@id\":\"https:\/\/pagina10.com\/web\/#website\"},\"primaryImageOfPage\":{\"@id\":\"https:\/\/pagina10.com\/web\/senal-de-netflix-llega-a-cuba\/#primaryimage\"},\"image\":{\"@id\":\"https:\/\/pagina10.com\/web\/senal-de-netflix-llega-a-cuba\/#primaryimage\"},\"thumbnailUrl\":\"https:\/\/pagina10.com\/web\/wp-content\/uploads\/2015\/02\/8e2c3e7db2de9896549c07c11a299421.jpg\",\"datePublished\":\"2015-02-10T00:38:19+00:00\",\"breadcrumb\":{\"@id\":\"https:\/\/pagina10.com\/web\/senal-de-netflix-llega-a-cuba\/#breadcrumb\"},\"inLanguage\":\"es\",\"potentialAction\":[{\"@type\":\"ReadAction\",\"target\":[\"https:\/\/pagina10.com\/web\/senal-de-netflix-llega-a-cuba\/\"]}]},{\"@type\":\"ImageObject\",\"inLanguage\":\"es\",\"@id\":\"https:\/\/pagina10.com\/web\/senal-de-netflix-llega-a-cuba\/#primaryimage\",\"url\":\"https:\/\/pagina10.com\/web\/wp-content\/uploads\/2015\/02\/8e2c3e7db2de9896549c07c11a299421.jpg\",\"contentUrl\":\"https:\/\/pagina10.com\/web\/wp-content\/uploads\/2015\/02\/8e2c3e7db2de9896549c07c11a299421.jpg\",\"width\":640,\"height\":371},{\"@type\":\"BreadcrumbList\",\"@id\":\"https:\/\/pagina10.com\/web\/senal-de-netflix-llega-a-cuba\/#breadcrumb\",\"itemListElement\":[{\"@type\":\"ListItem\",\"position\":1,\"name\":\"Portada\",\"item\":\"https:\/\/pagina10.com\/web\/\"},{\"@type\":\"ListItem\",\"position\":2,\"name\":\"Se\u00f1al de Netflix llega a Cuba\"}]},{\"@type\":\"WebSite\",\"@id\":\"https:\/\/pagina10.com\/web\/#website\",\"url\":\"https:\/\/pagina10.com\/web\/\",\"name\":\"P\u00e1gina10\",\"description\":\"Peri\u00f3dico Regional\",\"publisher\":{\"@id\":\"https:\/\/pagina10.com\/web\/#organization\"},\"alternateName\":\"P\u00e1gina10 Peri\u00f3dico Regional\",\"potentialAction\":[{\"@type\":\"SearchAction\",\"target\":{\"@type\":\"EntryPoint\",\"urlTemplate\":\"https:\/\/pagina10.com\/web\/?s={search_term_string}\"},\"query-input\":{\"@type\":\"PropertyValueSpecification\",\"valueRequired\":true,\"valueName\":\"search_term_string\"}}],\"inLanguage\":\"es\"},{\"@type\":\"Organization\",\"@id\":\"https:\/\/pagina10.com\/web\/#organization\",\"name\":\"P\u00e1gina10\",\"alternateName\":\"P\u00e1gina10 Peri\u00f3dico Regional\",\"url\":\"https:\/\/pagina10.com\/web\/\",\"logo\":{\"@type\":\"ImageObject\",\"inLanguage\":\"es\",\"@id\":\"https:\/\/pagina10.com\/web\/#\/schema\/logo\/image\/\",\"url\":\"https:\/\/pagina10.com\/web\/wp-content\/uploads\/2024\/01\/40-pagina-10-periodico-regional-pasto.jpg\",\"contentUrl\":\"https:\/\/pagina10.com\/web\/wp-content\/uploads\/2024\/01\/40-pagina-10-periodico-regional-pasto.jpg\",\"width\":1280,\"height\":720,\"caption\":\"P\u00e1gina10\"},\"image\":{\"@id\":\"https:\/\/pagina10.com\/web\/#\/schema\/logo\/image\/\"},\"sameAs\":[\"https:\/\/www.facebook.com\/pag10com\",\"https:\/\/x.com\/Pag10com\",\"https:\/\/www.instagram.com\/pagina10col\/\",\"https:\/\/youtube.com\/channel\/pag10\",\"https:\/\/www.tiktok.com\/@p10col\"]},{\"@type\":\"Person\",\"@id\":\"https:\/\/pagina10.com\/web\/#\/schema\/person\/a7a5d38f0629dfc107f619fbae4f6cc3\",\"name\":\"P\u00e1gina 10\",\"description\":\"P\u00e1gina10.com es un peri\u00f3dico digital que nace en Colombia, en el departamento de Nari\u00f1o, con un enfoque global, fundamentado en cuatro pilares esenciales: la libertad, el pluralismo, la inclusi\u00f3n y la independencia. P\u00e1gina10.com hace referencia a Nari\u00f1o como el d\u00e9cimo departamento creado en Colombia, despu\u00e9s de un proceso pol\u00edtico liderado por actores y actrices regionales con el fin de obtener la independencia y autonom\u00eda de nuestros territorios. Con la creaci\u00f3n de P\u00e1gina10.com se pretende abrir un escenario para el dialogo, la reflexi\u00f3n y el debate que se extienda a otras geograf\u00edas de Am\u00e9rica Latina y del planeta, en una apuesta por transformar colectivamente los desaf\u00edos de un mundo contempor\u00e1neo, m\u00e1s all\u00e1 de las fronteras impuestas.\",\"url\":\"https:\/\/pagina10.com\/web\/author\/mcepeda\/\"}]}<\/script>\n<!-- \/ Yoast SEO plugin. -->","yoast_head_json":{"title":"Se\u00f1al de Netflix llega a Cuba | P\u00e1gina10","robots":{"index":"index","follow":"follow","max-snippet":"max-snippet:-1","max-image-preview":"max-image-preview:large","max-video-preview":"max-video-preview:-1"},"canonical":"https:\/\/pagina10.com\/web\/senal-de-netflix-llega-a-cuba\/","og_locale":"es_ES","og_type":"article","og_title":"Se\u00f1al de Netflix llega a Cuba | P\u00e1gina10","og_description":"La compa\u00f1\u00eda dijo que estaba &#8220;encantada&#8221; de finalmente poder ofrecer &#8220;al pueblo cubano&#8221; populares series como House of Cards u Orange is the New Black.&nbsp;El corresponsal de la BBC en Cuba, Will Grant, explica que prob\u00f3 a abrir una cuenta en el servicio y pareci\u00f3 funcionar.&nbsp;Sin embargo, como se\u00f1ala Grant &#8220;en realidad son pocos en [&hellip;]","og_url":"https:\/\/pagina10.com\/web\/senal-de-netflix-llega-a-cuba\/","og_site_name":"P\u00e1gina10","article_publisher":"https:\/\/www.facebook.com\/pag10com","article_published_time":"2015-02-10T00:38:19+00:00","og_image":[{"width":640,"height":371,"url":"https:\/\/pagina10.com\/web\/wp-content\/uploads\/2015\/02\/8e2c3e7db2de9896549c07c11a299421.jpg","type":"image\/jpeg"}],"author":"P\u00e1gina 10","twitter_card":"summary_large_image","twitter_creator":"@Pag10com","twitter_site":"@Pag10com","twitter_misc":{"Escrito por":"P\u00e1gina 10","Tiempo de lectura":"2 minutos"},"schema":{"@context":"https:\/\/schema.org","@graph":[{"@type":"Article","@id":"https:\/\/pagina10.com\/web\/senal-de-netflix-llega-a-cuba\/#article","isPartOf":{"@id":"https:\/\/pagina10.com\/web\/senal-de-netflix-llega-a-cuba\/"},"author":{"name":"P\u00e1gina 10","@id":"https:\/\/pagina10.com\/web\/#\/schema\/person\/a7a5d38f0629dfc107f619fbae4f6cc3"},"headline":"Se\u00f1al de Netflix llega a Cuba","datePublished":"2015-02-10T00:38:19+00:00","mainEntityOfPage":{"@id":"https:\/\/pagina10.com\/web\/senal-de-netflix-llega-a-cuba\/"},"wordCount":314,"commentCount":0,"publisher":{"@id":"https:\/\/pagina10.com\/web\/#organization"},"image":{"@id":"https:\/\/pagina10.com\/web\/senal-de-netflix-llega-a-cuba\/#primaryimage"},"thumbnailUrl":"https:\/\/pagina10.com\/web\/wp-content\/uploads\/2015\/02\/8e2c3e7db2de9896549c07c11a299421.jpg","inLanguage":"es","potentialAction":[{"@type":"CommentAction","name":"Comment","target":["https:\/\/pagina10.com\/web\/senal-de-netflix-llega-a-cuba\/#respond"]}]},{"@type":"WebPage","@id":"https:\/\/pagina10.com\/web\/senal-de-netflix-llega-a-cuba\/","url":"https:\/\/pagina10.com\/web\/senal-de-netflix-llega-a-cuba\/","name":"Se\u00f1al de Netflix llega a Cuba | P\u00e1gina10","isPartOf":{"@id":"https:\/\/pagina10.com\/web\/#website"},"primaryImageOfPage":{"@id":"https:\/\/pagina10.com\/web\/senal-de-netflix-llega-a-cuba\/#primaryimage"},"image":{"@id":"https:\/\/pagina10.com\/web\/senal-de-netflix-llega-a-cuba\/#primaryimage"},"thumbnailUrl":"https:\/\/pagina10.com\/web\/wp-content\/uploads\/2015\/02\/8e2c3e7db2de9896549c07c11a299421.jpg","datePublished":"2015-02-10T00:38:19+00:00","breadcrumb":{"@id":"https:\/\/pagina10.com\/web\/senal-de-netflix-llega-a-cuba\/#breadcrumb"},"inLanguage":"es","potentialAction":[{"@type":"ReadAction","target":["https:\/\/pagina10.com\/web\/senal-de-netflix-llega-a-cuba\/"]}]},{"@type":"ImageObject","inLanguage":"es","@id":"https:\/\/pagina10.com\/web\/senal-de-netflix-llega-a-cuba\/#primaryimage","url":"https:\/\/pagina10.com\/web\/wp-content\/uploads\/2015\/02\/8e2c3e7db2de9896549c07c11a299421.jpg","contentUrl":"https:\/\/pagina10.com\/web\/wp-content\/uploads\/2015\/02\/8e2c3e7db2de9896549c07c11a299421.jpg","width":640,"height":371},{"@type":"BreadcrumbList","@id":"https:\/\/pagina10.com\/web\/senal-de-netflix-llega-a-cuba\/#breadcrumb","itemListElement":[{"@type":"ListItem","position":1,"name":"Portada","item":"https:\/\/pagina10.com\/web\/"},{"@type":"ListItem","position":2,"name":"Se\u00f1al de Netflix llega a Cuba"}]},{"@type":"WebSite","@id":"https:\/\/pagina10.com\/web\/#website","url":"https:\/\/pagina10.com\/web\/","name":"P\u00e1gina10","description":"Peri\u00f3dico Regional","publisher":{"@id":"https:\/\/pagina10.com\/web\/#organization"},"alternateName":"P\u00e1gina10 Peri\u00f3dico Regional","potentialAction":[{"@type":"SearchAction","target":{"@type":"EntryPoint","urlTemplate":"https:\/\/pagina10.com\/web\/?s={search_term_string}"},"query-input":{"@type":"PropertyValueSpecification","valueRequired":true,"valueName":"search_term_string"}}],"inLanguage":"es"},{"@type":"Organization","@id":"https:\/\/pagina10.com\/web\/#organization","name":"P\u00e1gina10","alternateName":"P\u00e1gina10 Peri\u00f3dico Regional","url":"https:\/\/pagina10.com\/web\/","logo":{"@type":"ImageObject","inLanguage":"es","@id":"https:\/\/pagina10.com\/web\/#\/schema\/logo\/image\/","url":"https:\/\/pagina10.com\/web\/wp-content\/uploads\/2024\/01\/40-pagina-10-periodico-regional-pasto.jpg","contentUrl":"https:\/\/pagina10.com\/web\/wp-content\/uploads\/2024\/01\/40-pagina-10-periodico-regional-pasto.jpg","width":1280,"height":720,"caption":"P\u00e1gina10"},"image":{"@id":"https:\/\/pagina10.com\/web\/#\/schema\/logo\/image\/"},"sameAs":["https:\/\/www.facebook.com\/pag10com","https:\/\/x.com\/Pag10com","https:\/\/www.instagram.com\/pagina10col\/","https:\/\/youtube.com\/channel\/pag10","https:\/\/www.tiktok.com\/@p10col"]},{"@type":"Person","@id":"https:\/\/pagina10.com\/web\/#\/schema\/person\/a7a5d38f0629dfc107f619fbae4f6cc3","name":"P\u00e1gina 10","description":"P\u00e1gina10.com es un peri\u00f3dico digital que nace en Colombia, en el departamento de Nari\u00f1o, con un enfoque global, fundamentado en cuatro pilares esenciales: la libertad, el pluralismo, la inclusi\u00f3n y la independencia. P\u00e1gina10.com hace referencia a Nari\u00f1o como el d\u00e9cimo departamento creado en Colombia, despu\u00e9s de un proceso pol\u00edtico liderado por actores y actrices regionales con el fin de obtener la independencia y autonom\u00eda de nuestros territorios. Con la creaci\u00f3n de P\u00e1gina10.com se pretende abrir un escenario para el dialogo, la reflexi\u00f3n y el debate que se extienda a otras geograf\u00edas de Am\u00e9rica Latina y del planeta, en una apuesta por transformar colectivamente los desaf\u00edos de un mundo contempor\u00e1neo, m\u00e1s all\u00e1 de las fronteras impuestas.","url":"https:\/\/pagina10.com\/web\/author\/mcepeda\/"}]}},"_links":{"self":[{"href":"https:\/\/pagina10.com\/web\/wp-json\/wp\/v2\/posts\/14775","targetHints":{"allow":["GET"]}}],"collection":[{"href":"https:\/\/pagina10.com\/web\/wp-json\/wp\/v2\/posts"}],"about":[{"href":"https:\/\/pagina10.com\/web\/wp-json\/wp\/v2\/types\/post"}],"author":[{"embeddable":true,"href":"https:\/\/pagina10.com\/web\/wp-json\/wp\/v2\/users\/29"}],"replies":[{"embeddable":true,"href":"https:\/\/pagina10.com\/web\/wp-json\/wp\/v2\/comments?post=14775"}],"version-history":[{"count":0,"href":"https:\/\/pagina10.com\/web\/wp-json\/wp\/v2\/posts\/14775\/revisions"}],"wp:featuredmedia":[{"embeddable":true,"href":"https:\/\/pagina10.com\/web\/wp-json\/wp\/v2\/media\/14774"}],"wp:attachment":[{"href":"https:\/\/pagina10.com\/web\/wp-json\/wp\/v2\/media?parent=14775"}],"wp:term":[{"taxonomy":"category","embeddable":true,"href":"https:\/\/pagina10.com\/web\/wp-json\/wp\/v2\/categories?post=14775"},{"taxonomy":"post_tag","embeddable":true,"href":"https:\/\/pagina10.com\/web\/wp-json\/wp\/v2\/tags?post=14775"}],"curies":[{"name":"wp","href":"https:\/\/api.w.org\/{rel}","templated":true}]}}