{"id":14779,"date":"2015-02-10T01:19:27","date_gmt":"2015-02-10T01:19:27","guid":{"rendered":"https:\/\/pagina10.com\/web\/este-10-de-febrero-senal-colombia-conmemorara-los-75-anos-de-la-radio-publica\/"},"modified":"2015-02-10T01:19:27","modified_gmt":"2015-02-10T01:19:27","slug":"este-10-de-febrero-senal-colombia-conmemorara-los-75-anos-de-la-radio-publica","status":"publish","type":"post","link":"https:\/\/pagina10.com\/web\/este-10-de-febrero-senal-colombia-conmemorara-los-75-anos-de-la-radio-publica\/","title":{"rendered":"Este 10 de febrero Se\u00f1al Colombia conmemorar\u00e1 los 75 a\u00f1os de la radio p\u00fablica"},"content":{"rendered":"<p><img fetchpriority=\"high\" decoding=\"async\" class=\" size-full wp-image-14778\" src=\"https:\/\/pagina10.com\/web\/wp-content\/uploads\/2015\/02\/58f6221a9daf67e9183a6b412beeae22.jpg\" alt=\"\" width=\"670\" height=\"282\" srcset=\"https:\/\/pagina10.com\/web\/wp-content\/uploads\/2015\/02\/58f6221a9daf67e9183a6b412beeae22.jpg 670w, https:\/\/pagina10.com\/web\/wp-content\/uploads\/2015\/02\/58f6221a9daf67e9183a6b412beeae22-300x126.jpg 300w\" sizes=\"(max-width: 670px) 100vw, 670px\" \/><\/p>\n<p style=\"text-align: justify;\">Con la presencia del presidente de la Rep\u00fablica, Juan Manuel Santos Calder\u00f3n y con la participaci\u00f3n de algunas de las principales figuras que han marcado la historia de la radio nacional, Se\u00f1al Colombia Sistema de Medios P\u00fablicos conmemorar\u00e1 los 75 a\u00f1os de la radio p\u00fablica del pa\u00eds este 10 de febrero, con el evento &#8220;Colombia al Aire, m\u00e1s de 75 a\u00f1os contando nuestra historia&#8221;.<\/p>\n<p style=\"text-align: justify;\">La historia de Colombia, con la radio p\u00fablica como testigo, ser\u00e1 protagonista especial de esta conmemoraci\u00f3n en la que participar\u00e1n destacadas figuras de la radio nacional, quienes durante 75 a\u00f1os han aportado, con su talento y capacidad, a la construcci\u00f3n de este medio de comunicaci\u00f3n.<\/p>\n<p style=\"text-align: justify;\">La ocasi\u00f3n enriquecida con audios in\u00e9ditos de cubrimientos a importantes acontecimientos del pa\u00eds, nos permitir\u00e1 emprender un recorrido a trav\u00e9s de los cambios tecnol\u00f3gicos de la radio p\u00fablica desde que su inauguraci\u00f3n el 1\u00ba. de febrero de 1940 a cargo de Eduardo Santos, el entonces presidente de Colombia.<\/p>\n<p style=\"text-align: justify;\">En el evento se recordar\u00e1n momentos cruciales de la radio como la inquietud que produjo en la ciudad de Pasto el intento de golpe de Estado del 10 de julio de 1944, que pudo ser mitigado gracias a la intervenci\u00f3n en vivo de la &#8220;Radiodifusora Nacional de Colombia&#8221;. Dicha &#8220;Radiodifusora&#8221; tambi\u00e9n fue protagonista principal del &#8216;Bogotazo&#8217;, al ser asaltada por los manifestantes del 9 de abril de 1948.<\/p>\n<p style=\"text-align: justify;\">La celebraci\u00f3n de los 75 a\u00f1os ser\u00e1 un reconocimiento trascendental a artistas, locutores, periodistas y a todos aquellos que durante a\u00f1os aportaron su talento para entretener y educar a las audiencias colombianas.<\/p>\n<p style=\"text-align: justify;\">Para aquellas generaciones que crecieron sintonizando un transistor, tienen especial significado, por ejemplo, las jornadas de educaci\u00f3n del &#8216;Bachillerato por radio&#8217;, programa estrella que convirti\u00f3 a la radio p\u00fablica en pionera educativa del pa\u00eds y cuyo registro ser\u00e1 recordado en este evento.<\/p>\n<p style=\"text-align: justify;\">Tambi\u00e9n ser\u00e1 protagonista especial Se\u00f1al Radi\u00f3nica, Glossary Link estaci\u00f3n que explora nuevos canales de comunicaci\u00f3n desde la radio y que tiene como audiencias principales a las nuevas generaciones de Colombia. Se\u00f1al Radi\u00f3nica naci\u00f3 el 15 de Octubre de 2005, transformando el concepto de &#8220;La Frecuencia Joven&#8221;, una opci\u00f3n juvenil que tuvo la Radiodifusora Nacional para los bogotanos.<\/p>\n<p style=\"text-align: justify;\">&#8220;Colombia al Aire, m\u00e1s de 75 a\u00f1os contando nuestra historia&#8221;, ser\u00e1 el momento en el cual el pa\u00eds celebre el aniversario de la protagonista principal de los acontecimientos m\u00e1s especiales del pa\u00eds: Se\u00f1al Radio Colombia, nuestra radio p\u00fablica.<\/p>\n<p style=\"text-align: justify;\">&nbsp;<\/p>\n<p>Fuente: Se\u00f1alcolombia<\/p>\n<p>&nbsp;<\/p>\n<p>&nbsp;<\/p>\n","protected":false},"excerpt":{"rendered":"<p>Con la presencia del presidente de la Rep\u00fablica, Juan Manuel Santos Calder\u00f3n y con la participaci\u00f3n de algunas de las principales figuras que han marcado la historia de la radio nacional, Se\u00f1al Colombia Sistema de Medios P\u00fablicos conmemorar\u00e1 los 75 a\u00f1os de la radio p\u00fablica del pa\u00eds este 10 de febrero, con el evento &#8220;Colombia [&hellip;]<\/p>\n","protected":false},"author":29,"featured_media":14778,"comment_status":"open","ping_status":"open","sticky":false,"template":"","format":"standard","meta":{"footnotes":""},"categories":[1],"tags":[],"class_list":["post-14779","post","type-post","status-publish","format-standard","has-post-thumbnail","hentry","category-sin-categoria"],"yoast_head":"<!-- This site is optimized with the Yoast SEO plugin v27.1.1 - https:\/\/yoast.com\/product\/yoast-seo-wordpress\/ -->\n<title>Este 10 de febrero Se\u00f1al Colombia conmemorar\u00e1 los 75 a\u00f1os de la radio p\u00fablica | P\u00e1gina10<\/title>\n<meta name=\"robots\" content=\"index, follow, max-snippet:-1, max-image-preview:large, max-video-preview:-1\" \/>\n<link rel=\"canonical\" href=\"https:\/\/pagina10.com\/web\/este-10-de-febrero-senal-colombia-conmemorara-los-75-anos-de-la-radio-publica\/\" \/>\n<meta property=\"og:locale\" content=\"es_ES\" \/>\n<meta property=\"og:type\" content=\"article\" \/>\n<meta property=\"og:title\" content=\"Este 10 de febrero Se\u00f1al Colombia conmemorar\u00e1 los 75 a\u00f1os de la radio p\u00fablica | P\u00e1gina10\" \/>\n<meta property=\"og:description\" content=\"Con la presencia del presidente de la Rep\u00fablica, Juan Manuel Santos Calder\u00f3n y con la participaci\u00f3n de algunas de las principales figuras que han marcado la historia de la radio nacional, Se\u00f1al Colombia Sistema de Medios P\u00fablicos conmemorar\u00e1 los 75 a\u00f1os de la radio p\u00fablica del pa\u00eds este 10 de febrero, con el evento &#8220;Colombia [&hellip;]\" \/>\n<meta property=\"og:url\" content=\"https:\/\/pagina10.com\/web\/este-10-de-febrero-senal-colombia-conmemorara-los-75-anos-de-la-radio-publica\/\" \/>\n<meta property=\"og:site_name\" content=\"P\u00e1gina10\" \/>\n<meta property=\"article:publisher\" content=\"https:\/\/www.facebook.com\/pag10com\" \/>\n<meta property=\"article:published_time\" content=\"2015-02-10T01:19:27+00:00\" \/>\n<meta property=\"og:image\" content=\"https:\/\/pagina10.com\/web\/wp-content\/uploads\/2015\/02\/58f6221a9daf67e9183a6b412beeae22.jpg\" \/>\n\t<meta property=\"og:image:width\" content=\"670\" \/>\n\t<meta property=\"og:image:height\" content=\"282\" \/>\n\t<meta property=\"og:image:type\" content=\"image\/jpeg\" \/>\n<meta name=\"author\" content=\"P\u00e1gina 10\" \/>\n<meta name=\"twitter:card\" content=\"summary_large_image\" \/>\n<meta name=\"twitter:creator\" content=\"@Pag10com\" \/>\n<meta name=\"twitter:site\" content=\"@Pag10com\" \/>\n<meta name=\"twitter:label1\" content=\"Escrito por\" \/>\n\t<meta name=\"twitter:data1\" content=\"P\u00e1gina 10\" \/>\n\t<meta name=\"twitter:label2\" content=\"Tiempo de lectura\" \/>\n\t<meta name=\"twitter:data2\" content=\"2 minutos\" \/>\n<script type=\"application\/ld+json\" class=\"yoast-schema-graph\">{\"@context\":\"https:\/\/schema.org\",\"@graph\":[{\"@type\":\"Article\",\"@id\":\"https:\/\/pagina10.com\/web\/este-10-de-febrero-senal-colombia-conmemorara-los-75-anos-de-la-radio-publica\/#article\",\"isPartOf\":{\"@id\":\"https:\/\/pagina10.com\/web\/este-10-de-febrero-senal-colombia-conmemorara-los-75-anos-de-la-radio-publica\/\"},\"author\":{\"name\":\"P\u00e1gina 10\",\"@id\":\"https:\/\/pagina10.com\/web\/#\/schema\/person\/a7a5d38f0629dfc107f619fbae4f6cc3\"},\"headline\":\"Este 10 de febrero Se\u00f1al Colombia conmemorar\u00e1 los 75 a\u00f1os de la radio p\u00fablica\",\"datePublished\":\"2015-02-10T01:19:27+00:00\",\"mainEntityOfPage\":{\"@id\":\"https:\/\/pagina10.com\/web\/este-10-de-febrero-senal-colombia-conmemorara-los-75-anos-de-la-radio-publica\/\"},\"wordCount\":448,\"commentCount\":0,\"publisher\":{\"@id\":\"https:\/\/pagina10.com\/web\/#organization\"},\"image\":{\"@id\":\"https:\/\/pagina10.com\/web\/este-10-de-febrero-senal-colombia-conmemorara-los-75-anos-de-la-radio-publica\/#primaryimage\"},\"thumbnailUrl\":\"https:\/\/pagina10.com\/web\/wp-content\/uploads\/2015\/02\/58f6221a9daf67e9183a6b412beeae22.jpg\",\"inLanguage\":\"es\",\"potentialAction\":[{\"@type\":\"CommentAction\",\"name\":\"Comment\",\"target\":[\"https:\/\/pagina10.com\/web\/este-10-de-febrero-senal-colombia-conmemorara-los-75-anos-de-la-radio-publica\/#respond\"]}]},{\"@type\":\"WebPage\",\"@id\":\"https:\/\/pagina10.com\/web\/este-10-de-febrero-senal-colombia-conmemorara-los-75-anos-de-la-radio-publica\/\",\"url\":\"https:\/\/pagina10.com\/web\/este-10-de-febrero-senal-colombia-conmemorara-los-75-anos-de-la-radio-publica\/\",\"name\":\"Este 10 de febrero Se\u00f1al Colombia conmemorar\u00e1 los 75 a\u00f1os de la radio p\u00fablica | P\u00e1gina10\",\"isPartOf\":{\"@id\":\"https:\/\/pagina10.com\/web\/#website\"},\"primaryImageOfPage\":{\"@id\":\"https:\/\/pagina10.com\/web\/este-10-de-febrero-senal-colombia-conmemorara-los-75-anos-de-la-radio-publica\/#primaryimage\"},\"image\":{\"@id\":\"https:\/\/pagina10.com\/web\/este-10-de-febrero-senal-colombia-conmemorara-los-75-anos-de-la-radio-publica\/#primaryimage\"},\"thumbnailUrl\":\"https:\/\/pagina10.com\/web\/wp-content\/uploads\/2015\/02\/58f6221a9daf67e9183a6b412beeae22.jpg\",\"datePublished\":\"2015-02-10T01:19:27+00:00\",\"breadcrumb\":{\"@id\":\"https:\/\/pagina10.com\/web\/este-10-de-febrero-senal-colombia-conmemorara-los-75-anos-de-la-radio-publica\/#breadcrumb\"},\"inLanguage\":\"es\",\"potentialAction\":[{\"@type\":\"ReadAction\",\"target\":[\"https:\/\/pagina10.com\/web\/este-10-de-febrero-senal-colombia-conmemorara-los-75-anos-de-la-radio-publica\/\"]}]},{\"@type\":\"ImageObject\",\"inLanguage\":\"es\",\"@id\":\"https:\/\/pagina10.com\/web\/este-10-de-febrero-senal-colombia-conmemorara-los-75-anos-de-la-radio-publica\/#primaryimage\",\"url\":\"https:\/\/pagina10.com\/web\/wp-content\/uploads\/2015\/02\/58f6221a9daf67e9183a6b412beeae22.jpg\",\"contentUrl\":\"https:\/\/pagina10.com\/web\/wp-content\/uploads\/2015\/02\/58f6221a9daf67e9183a6b412beeae22.jpg\",\"width\":670,\"height\":282},{\"@type\":\"BreadcrumbList\",\"@id\":\"https:\/\/pagina10.com\/web\/este-10-de-febrero-senal-colombia-conmemorara-los-75-anos-de-la-radio-publica\/#breadcrumb\",\"itemListElement\":[{\"@type\":\"ListItem\",\"position\":1,\"name\":\"Portada\",\"item\":\"https:\/\/pagina10.com\/web\/\"},{\"@type\":\"ListItem\",\"position\":2,\"name\":\"Este 10 de febrero Se\u00f1al Colombia conmemorar\u00e1 los 75 a\u00f1os de la radio p\u00fablica\"}]},{\"@type\":\"WebSite\",\"@id\":\"https:\/\/pagina10.com\/web\/#website\",\"url\":\"https:\/\/pagina10.com\/web\/\",\"name\":\"P\u00e1gina10\",\"description\":\"Peri\u00f3dico Regional\",\"publisher\":{\"@id\":\"https:\/\/pagina10.com\/web\/#organization\"},\"alternateName\":\"P\u00e1gina10 Peri\u00f3dico Regional\",\"potentialAction\":[{\"@type\":\"SearchAction\",\"target\":{\"@type\":\"EntryPoint\",\"urlTemplate\":\"https:\/\/pagina10.com\/web\/?s={search_term_string}\"},\"query-input\":{\"@type\":\"PropertyValueSpecification\",\"valueRequired\":true,\"valueName\":\"search_term_string\"}}],\"inLanguage\":\"es\"},{\"@type\":\"Organization\",\"@id\":\"https:\/\/pagina10.com\/web\/#organization\",\"name\":\"P\u00e1gina10\",\"alternateName\":\"P\u00e1gina10 Peri\u00f3dico Regional\",\"url\":\"https:\/\/pagina10.com\/web\/\",\"logo\":{\"@type\":\"ImageObject\",\"inLanguage\":\"es\",\"@id\":\"https:\/\/pagina10.com\/web\/#\/schema\/logo\/image\/\",\"url\":\"https:\/\/pagina10.com\/web\/wp-content\/uploads\/2024\/01\/40-pagina-10-periodico-regional-pasto.jpg\",\"contentUrl\":\"https:\/\/pagina10.com\/web\/wp-content\/uploads\/2024\/01\/40-pagina-10-periodico-regional-pasto.jpg\",\"width\":1280,\"height\":720,\"caption\":\"P\u00e1gina10\"},\"image\":{\"@id\":\"https:\/\/pagina10.com\/web\/#\/schema\/logo\/image\/\"},\"sameAs\":[\"https:\/\/www.facebook.com\/pag10com\",\"https:\/\/x.com\/Pag10com\",\"https:\/\/www.instagram.com\/pagina10col\/\",\"https:\/\/youtube.com\/channel\/pag10\",\"https:\/\/www.tiktok.com\/@p10col\"]},{\"@type\":\"Person\",\"@id\":\"https:\/\/pagina10.com\/web\/#\/schema\/person\/a7a5d38f0629dfc107f619fbae4f6cc3\",\"name\":\"P\u00e1gina 10\",\"description\":\"P\u00e1gina10.com es un peri\u00f3dico digital que nace en Colombia, en el departamento de Nari\u00f1o, con un enfoque global, fundamentado en cuatro pilares esenciales: la libertad, el pluralismo, la inclusi\u00f3n y la independencia. P\u00e1gina10.com hace referencia a Nari\u00f1o como el d\u00e9cimo departamento creado en Colombia, despu\u00e9s de un proceso pol\u00edtico liderado por actores y actrices regionales con el fin de obtener la independencia y autonom\u00eda de nuestros territorios. Con la creaci\u00f3n de P\u00e1gina10.com se pretende abrir un escenario para el dialogo, la reflexi\u00f3n y el debate que se extienda a otras geograf\u00edas de Am\u00e9rica Latina y del planeta, en una apuesta por transformar colectivamente los desaf\u00edos de un mundo contempor\u00e1neo, m\u00e1s all\u00e1 de las fronteras impuestas.\",\"url\":\"https:\/\/pagina10.com\/web\/author\/mcepeda\/\"}]}<\/script>\n<!-- \/ Yoast SEO plugin. -->","yoast_head_json":{"title":"Este 10 de febrero Se\u00f1al Colombia conmemorar\u00e1 los 75 a\u00f1os de la radio p\u00fablica | P\u00e1gina10","robots":{"index":"index","follow":"follow","max-snippet":"max-snippet:-1","max-image-preview":"max-image-preview:large","max-video-preview":"max-video-preview:-1"},"canonical":"https:\/\/pagina10.com\/web\/este-10-de-febrero-senal-colombia-conmemorara-los-75-anos-de-la-radio-publica\/","og_locale":"es_ES","og_type":"article","og_title":"Este 10 de febrero Se\u00f1al Colombia conmemorar\u00e1 los 75 a\u00f1os de la radio p\u00fablica | P\u00e1gina10","og_description":"Con la presencia del presidente de la Rep\u00fablica, Juan Manuel Santos Calder\u00f3n y con la participaci\u00f3n de algunas de las principales figuras que han marcado la historia de la radio nacional, Se\u00f1al Colombia Sistema de Medios P\u00fablicos conmemorar\u00e1 los 75 a\u00f1os de la radio p\u00fablica del pa\u00eds este 10 de febrero, con el evento &#8220;Colombia [&hellip;]","og_url":"https:\/\/pagina10.com\/web\/este-10-de-febrero-senal-colombia-conmemorara-los-75-anos-de-la-radio-publica\/","og_site_name":"P\u00e1gina10","article_publisher":"https:\/\/www.facebook.com\/pag10com","article_published_time":"2015-02-10T01:19:27+00:00","og_image":[{"width":670,"height":282,"url":"https:\/\/pagina10.com\/web\/wp-content\/uploads\/2015\/02\/58f6221a9daf67e9183a6b412beeae22.jpg","type":"image\/jpeg"}],"author":"P\u00e1gina 10","twitter_card":"summary_large_image","twitter_creator":"@Pag10com","twitter_site":"@Pag10com","twitter_misc":{"Escrito por":"P\u00e1gina 10","Tiempo de lectura":"2 minutos"},"schema":{"@context":"https:\/\/schema.org","@graph":[{"@type":"Article","@id":"https:\/\/pagina10.com\/web\/este-10-de-febrero-senal-colombia-conmemorara-los-75-anos-de-la-radio-publica\/#article","isPartOf":{"@id":"https:\/\/pagina10.com\/web\/este-10-de-febrero-senal-colombia-conmemorara-los-75-anos-de-la-radio-publica\/"},"author":{"name":"P\u00e1gina 10","@id":"https:\/\/pagina10.com\/web\/#\/schema\/person\/a7a5d38f0629dfc107f619fbae4f6cc3"},"headline":"Este 10 de febrero Se\u00f1al Colombia conmemorar\u00e1 los 75 a\u00f1os de la radio p\u00fablica","datePublished":"2015-02-10T01:19:27+00:00","mainEntityOfPage":{"@id":"https:\/\/pagina10.com\/web\/este-10-de-febrero-senal-colombia-conmemorara-los-75-anos-de-la-radio-publica\/"},"wordCount":448,"commentCount":0,"publisher":{"@id":"https:\/\/pagina10.com\/web\/#organization"},"image":{"@id":"https:\/\/pagina10.com\/web\/este-10-de-febrero-senal-colombia-conmemorara-los-75-anos-de-la-radio-publica\/#primaryimage"},"thumbnailUrl":"https:\/\/pagina10.com\/web\/wp-content\/uploads\/2015\/02\/58f6221a9daf67e9183a6b412beeae22.jpg","inLanguage":"es","potentialAction":[{"@type":"CommentAction","name":"Comment","target":["https:\/\/pagina10.com\/web\/este-10-de-febrero-senal-colombia-conmemorara-los-75-anos-de-la-radio-publica\/#respond"]}]},{"@type":"WebPage","@id":"https:\/\/pagina10.com\/web\/este-10-de-febrero-senal-colombia-conmemorara-los-75-anos-de-la-radio-publica\/","url":"https:\/\/pagina10.com\/web\/este-10-de-febrero-senal-colombia-conmemorara-los-75-anos-de-la-radio-publica\/","name":"Este 10 de febrero Se\u00f1al Colombia conmemorar\u00e1 los 75 a\u00f1os de la radio p\u00fablica | P\u00e1gina10","isPartOf":{"@id":"https:\/\/pagina10.com\/web\/#website"},"primaryImageOfPage":{"@id":"https:\/\/pagina10.com\/web\/este-10-de-febrero-senal-colombia-conmemorara-los-75-anos-de-la-radio-publica\/#primaryimage"},"image":{"@id":"https:\/\/pagina10.com\/web\/este-10-de-febrero-senal-colombia-conmemorara-los-75-anos-de-la-radio-publica\/#primaryimage"},"thumbnailUrl":"https:\/\/pagina10.com\/web\/wp-content\/uploads\/2015\/02\/58f6221a9daf67e9183a6b412beeae22.jpg","datePublished":"2015-02-10T01:19:27+00:00","breadcrumb":{"@id":"https:\/\/pagina10.com\/web\/este-10-de-febrero-senal-colombia-conmemorara-los-75-anos-de-la-radio-publica\/#breadcrumb"},"inLanguage":"es","potentialAction":[{"@type":"ReadAction","target":["https:\/\/pagina10.com\/web\/este-10-de-febrero-senal-colombia-conmemorara-los-75-anos-de-la-radio-publica\/"]}]},{"@type":"ImageObject","inLanguage":"es","@id":"https:\/\/pagina10.com\/web\/este-10-de-febrero-senal-colombia-conmemorara-los-75-anos-de-la-radio-publica\/#primaryimage","url":"https:\/\/pagina10.com\/web\/wp-content\/uploads\/2015\/02\/58f6221a9daf67e9183a6b412beeae22.jpg","contentUrl":"https:\/\/pagina10.com\/web\/wp-content\/uploads\/2015\/02\/58f6221a9daf67e9183a6b412beeae22.jpg","width":670,"height":282},{"@type":"BreadcrumbList","@id":"https:\/\/pagina10.com\/web\/este-10-de-febrero-senal-colombia-conmemorara-los-75-anos-de-la-radio-publica\/#breadcrumb","itemListElement":[{"@type":"ListItem","position":1,"name":"Portada","item":"https:\/\/pagina10.com\/web\/"},{"@type":"ListItem","position":2,"name":"Este 10 de febrero Se\u00f1al Colombia conmemorar\u00e1 los 75 a\u00f1os de la radio p\u00fablica"}]},{"@type":"WebSite","@id":"https:\/\/pagina10.com\/web\/#website","url":"https:\/\/pagina10.com\/web\/","name":"P\u00e1gina10","description":"Peri\u00f3dico Regional","publisher":{"@id":"https:\/\/pagina10.com\/web\/#organization"},"alternateName":"P\u00e1gina10 Peri\u00f3dico Regional","potentialAction":[{"@type":"SearchAction","target":{"@type":"EntryPoint","urlTemplate":"https:\/\/pagina10.com\/web\/?s={search_term_string}"},"query-input":{"@type":"PropertyValueSpecification","valueRequired":true,"valueName":"search_term_string"}}],"inLanguage":"es"},{"@type":"Organization","@id":"https:\/\/pagina10.com\/web\/#organization","name":"P\u00e1gina10","alternateName":"P\u00e1gina10 Peri\u00f3dico Regional","url":"https:\/\/pagina10.com\/web\/","logo":{"@type":"ImageObject","inLanguage":"es","@id":"https:\/\/pagina10.com\/web\/#\/schema\/logo\/image\/","url":"https:\/\/pagina10.com\/web\/wp-content\/uploads\/2024\/01\/40-pagina-10-periodico-regional-pasto.jpg","contentUrl":"https:\/\/pagina10.com\/web\/wp-content\/uploads\/2024\/01\/40-pagina-10-periodico-regional-pasto.jpg","width":1280,"height":720,"caption":"P\u00e1gina10"},"image":{"@id":"https:\/\/pagina10.com\/web\/#\/schema\/logo\/image\/"},"sameAs":["https:\/\/www.facebook.com\/pag10com","https:\/\/x.com\/Pag10com","https:\/\/www.instagram.com\/pagina10col\/","https:\/\/youtube.com\/channel\/pag10","https:\/\/www.tiktok.com\/@p10col"]},{"@type":"Person","@id":"https:\/\/pagina10.com\/web\/#\/schema\/person\/a7a5d38f0629dfc107f619fbae4f6cc3","name":"P\u00e1gina 10","description":"P\u00e1gina10.com es un peri\u00f3dico digital que nace en Colombia, en el departamento de Nari\u00f1o, con un enfoque global, fundamentado en cuatro pilares esenciales: la libertad, el pluralismo, la inclusi\u00f3n y la independencia. P\u00e1gina10.com hace referencia a Nari\u00f1o como el d\u00e9cimo departamento creado en Colombia, despu\u00e9s de un proceso pol\u00edtico liderado por actores y actrices regionales con el fin de obtener la independencia y autonom\u00eda de nuestros territorios. Con la creaci\u00f3n de P\u00e1gina10.com se pretende abrir un escenario para el dialogo, la reflexi\u00f3n y el debate que se extienda a otras geograf\u00edas de Am\u00e9rica Latina y del planeta, en una apuesta por transformar colectivamente los desaf\u00edos de un mundo contempor\u00e1neo, m\u00e1s all\u00e1 de las fronteras impuestas.","url":"https:\/\/pagina10.com\/web\/author\/mcepeda\/"}]}},"_links":{"self":[{"href":"https:\/\/pagina10.com\/web\/wp-json\/wp\/v2\/posts\/14779","targetHints":{"allow":["GET"]}}],"collection":[{"href":"https:\/\/pagina10.com\/web\/wp-json\/wp\/v2\/posts"}],"about":[{"href":"https:\/\/pagina10.com\/web\/wp-json\/wp\/v2\/types\/post"}],"author":[{"embeddable":true,"href":"https:\/\/pagina10.com\/web\/wp-json\/wp\/v2\/users\/29"}],"replies":[{"embeddable":true,"href":"https:\/\/pagina10.com\/web\/wp-json\/wp\/v2\/comments?post=14779"}],"version-history":[{"count":0,"href":"https:\/\/pagina10.com\/web\/wp-json\/wp\/v2\/posts\/14779\/revisions"}],"wp:featuredmedia":[{"embeddable":true,"href":"https:\/\/pagina10.com\/web\/wp-json\/wp\/v2\/media\/14778"}],"wp:attachment":[{"href":"https:\/\/pagina10.com\/web\/wp-json\/wp\/v2\/media?parent=14779"}],"wp:term":[{"taxonomy":"category","embeddable":true,"href":"https:\/\/pagina10.com\/web\/wp-json\/wp\/v2\/categories?post=14779"},{"taxonomy":"post_tag","embeddable":true,"href":"https:\/\/pagina10.com\/web\/wp-json\/wp\/v2\/tags?post=14779"}],"curies":[{"name":"wp","href":"https:\/\/api.w.org\/{rel}","templated":true}]}}