{"id":14781,"date":"2015-02-10T01:30:39","date_gmt":"2015-02-10T01:30:39","guid":{"rendered":"https:\/\/pagina10.com\/web\/ejercito-neutraliza-refineria-clandestina-en-tumaco\/"},"modified":"2015-02-10T01:30:39","modified_gmt":"2015-02-10T01:30:39","slug":"ejercito-neutraliza-refineria-clandestina-en-tumaco","status":"publish","type":"post","link":"https:\/\/pagina10.com\/web\/ejercito-neutraliza-refineria-clandestina-en-tumaco\/","title":{"rendered":"Ej\u00e9rcito neutraliza refiner\u00eda clandestina en Tumaco"},"content":{"rendered":"<p><img fetchpriority=\"high\" decoding=\"async\" class=\" size-full wp-image-14780\" src=\"https:\/\/pagina10.com\/web\/wp-content\/uploads\/2015\/02\/8e481b6d0e658fe6d85565ec9d0b85b3.jpg\" alt=\"\" width=\"630\" height=\"330\" srcset=\"https:\/\/pagina10.com\/web\/wp-content\/uploads\/2015\/02\/8e481b6d0e658fe6d85565ec9d0b85b3.jpg 630w, https:\/\/pagina10.com\/web\/wp-content\/uploads\/2015\/02\/8e481b6d0e658fe6d85565ec9d0b85b3-300x157.jpg 300w\" sizes=\"(max-width: 630px) 100vw, 630px\" \/><\/p>\n<p style=\"text-align: justify;\">En el marco de las operaciones realizadas por soldados del Ej\u00e9rcito en contra de las organizaciones il\u00edcitas de miner\u00eda ilegal, en las \u00faltimas horas se logr\u00f3 neutralizar una refiner\u00eda clandestina en el departamento de Nari\u00f1o.<\/p>\n<p style=\"text-align: justify;\">Los hechos se registraron en el municipio de Tumaco, a la altura del kil\u00f3metro 91, lugar donde los soldados neutralizaron la refiner\u00eda artesanal. As\u00ed mismo, terroristas de la cuadrilla Daniel Aldana de las Farc ser\u00edan los encargados de la extracci\u00f3n del crudo para la obtenci\u00f3n de sus finanzas y de igual manera poder mantener a la c\u00e9lula terrorista.<\/p>\n<p style=\"text-align: justify;\">La acci\u00f3n militar fue desarrollada por los hombres de la Fuerza de Tarea Pegaso, quienes lograron ubicar 3420 galones de petr\u00f3leo, y destruyeron una torre de destilaci\u00f3n, 12 metros de manguera; en el lugar tambi\u00e9n ubicaron una piscina utilizada para el hurto y almacenamiento de crudo del Oleoducto de la regi\u00f3n.<\/p>\n","protected":false},"excerpt":{"rendered":"<p>En el marco de las operaciones realizadas por soldados del Ej\u00e9rcito en contra de las organizaciones il\u00edcitas de miner\u00eda ilegal, en las \u00faltimas horas se logr\u00f3 neutralizar una refiner\u00eda clandestina en el departamento de Nari\u00f1o. Los hechos se registraron en el municipio de Tumaco, a la altura del kil\u00f3metro 91, lugar donde los soldados neutralizaron [&hellip;]<\/p>\n","protected":false},"author":29,"featured_media":14780,"comment_status":"open","ping_status":"open","sticky":false,"template":"","format":"standard","meta":{"footnotes":""},"categories":[1],"tags":[],"class_list":["post-14781","post","type-post","status-publish","format-standard","has-post-thumbnail","hentry","category-sin-categoria"],"yoast_head":"<!-- This site is optimized with the Yoast SEO plugin v27.1.1 - https:\/\/yoast.com\/product\/yoast-seo-wordpress\/ -->\n<title>Ej\u00e9rcito neutraliza refiner\u00eda clandestina en Tumaco | P\u00e1gina10<\/title>\n<meta name=\"robots\" content=\"index, follow, max-snippet:-1, max-image-preview:large, max-video-preview:-1\" \/>\n<link rel=\"canonical\" href=\"https:\/\/pagina10.com\/web\/ejercito-neutraliza-refineria-clandestina-en-tumaco\/\" \/>\n<meta property=\"og:locale\" content=\"es_ES\" \/>\n<meta property=\"og:type\" content=\"article\" \/>\n<meta property=\"og:title\" content=\"Ej\u00e9rcito neutraliza refiner\u00eda clandestina en Tumaco | P\u00e1gina10\" \/>\n<meta property=\"og:description\" content=\"En el marco de las operaciones realizadas por soldados del Ej\u00e9rcito en contra de las organizaciones il\u00edcitas de miner\u00eda ilegal, en las \u00faltimas horas se logr\u00f3 neutralizar una refiner\u00eda clandestina en el departamento de Nari\u00f1o. Los hechos se registraron en el municipio de Tumaco, a la altura del kil\u00f3metro 91, lugar donde los soldados neutralizaron [&hellip;]\" \/>\n<meta property=\"og:url\" content=\"https:\/\/pagina10.com\/web\/ejercito-neutraliza-refineria-clandestina-en-tumaco\/\" \/>\n<meta property=\"og:site_name\" content=\"P\u00e1gina10\" \/>\n<meta property=\"article:publisher\" content=\"https:\/\/www.facebook.com\/pag10com\" \/>\n<meta property=\"article:published_time\" content=\"2015-02-10T01:30:39+00:00\" \/>\n<meta property=\"og:image\" content=\"https:\/\/pagina10.com\/web\/wp-content\/uploads\/2015\/02\/8e481b6d0e658fe6d85565ec9d0b85b3.jpg\" \/>\n\t<meta property=\"og:image:width\" content=\"630\" \/>\n\t<meta property=\"og:image:height\" content=\"330\" \/>\n\t<meta property=\"og:image:type\" content=\"image\/jpeg\" \/>\n<meta name=\"author\" content=\"P\u00e1gina 10\" \/>\n<meta name=\"twitter:card\" content=\"summary_large_image\" \/>\n<meta name=\"twitter:creator\" content=\"@Pag10com\" \/>\n<meta name=\"twitter:site\" content=\"@Pag10com\" \/>\n<meta name=\"twitter:label1\" content=\"Escrito por\" \/>\n\t<meta name=\"twitter:data1\" content=\"P\u00e1gina 10\" \/>\n\t<meta name=\"twitter:label2\" content=\"Tiempo de lectura\" \/>\n\t<meta name=\"twitter:data2\" content=\"1 minuto\" \/>\n<script type=\"application\/ld+json\" class=\"yoast-schema-graph\">{\"@context\":\"https:\/\/schema.org\",\"@graph\":[{\"@type\":\"Article\",\"@id\":\"https:\/\/pagina10.com\/web\/ejercito-neutraliza-refineria-clandestina-en-tumaco\/#article\",\"isPartOf\":{\"@id\":\"https:\/\/pagina10.com\/web\/ejercito-neutraliza-refineria-clandestina-en-tumaco\/\"},\"author\":{\"name\":\"P\u00e1gina 10\",\"@id\":\"https:\/\/pagina10.com\/web\/#\/schema\/person\/a7a5d38f0629dfc107f619fbae4f6cc3\"},\"headline\":\"Ej\u00e9rcito neutraliza refiner\u00eda clandestina en Tumaco\",\"datePublished\":\"2015-02-10T01:30:39+00:00\",\"mainEntityOfPage\":{\"@id\":\"https:\/\/pagina10.com\/web\/ejercito-neutraliza-refineria-clandestina-en-tumaco\/\"},\"wordCount\":165,\"commentCount\":0,\"publisher\":{\"@id\":\"https:\/\/pagina10.com\/web\/#organization\"},\"image\":{\"@id\":\"https:\/\/pagina10.com\/web\/ejercito-neutraliza-refineria-clandestina-en-tumaco\/#primaryimage\"},\"thumbnailUrl\":\"https:\/\/pagina10.com\/web\/wp-content\/uploads\/2015\/02\/8e481b6d0e658fe6d85565ec9d0b85b3.jpg\",\"inLanguage\":\"es\",\"potentialAction\":[{\"@type\":\"CommentAction\",\"name\":\"Comment\",\"target\":[\"https:\/\/pagina10.com\/web\/ejercito-neutraliza-refineria-clandestina-en-tumaco\/#respond\"]}]},{\"@type\":\"WebPage\",\"@id\":\"https:\/\/pagina10.com\/web\/ejercito-neutraliza-refineria-clandestina-en-tumaco\/\",\"url\":\"https:\/\/pagina10.com\/web\/ejercito-neutraliza-refineria-clandestina-en-tumaco\/\",\"name\":\"Ej\u00e9rcito neutraliza refiner\u00eda clandestina en Tumaco | P\u00e1gina10\",\"isPartOf\":{\"@id\":\"https:\/\/pagina10.com\/web\/#website\"},\"primaryImageOfPage\":{\"@id\":\"https:\/\/pagina10.com\/web\/ejercito-neutraliza-refineria-clandestina-en-tumaco\/#primaryimage\"},\"image\":{\"@id\":\"https:\/\/pagina10.com\/web\/ejercito-neutraliza-refineria-clandestina-en-tumaco\/#primaryimage\"},\"thumbnailUrl\":\"https:\/\/pagina10.com\/web\/wp-content\/uploads\/2015\/02\/8e481b6d0e658fe6d85565ec9d0b85b3.jpg\",\"datePublished\":\"2015-02-10T01:30:39+00:00\",\"breadcrumb\":{\"@id\":\"https:\/\/pagina10.com\/web\/ejercito-neutraliza-refineria-clandestina-en-tumaco\/#breadcrumb\"},\"inLanguage\":\"es\",\"potentialAction\":[{\"@type\":\"ReadAction\",\"target\":[\"https:\/\/pagina10.com\/web\/ejercito-neutraliza-refineria-clandestina-en-tumaco\/\"]}]},{\"@type\":\"ImageObject\",\"inLanguage\":\"es\",\"@id\":\"https:\/\/pagina10.com\/web\/ejercito-neutraliza-refineria-clandestina-en-tumaco\/#primaryimage\",\"url\":\"https:\/\/pagina10.com\/web\/wp-content\/uploads\/2015\/02\/8e481b6d0e658fe6d85565ec9d0b85b3.jpg\",\"contentUrl\":\"https:\/\/pagina10.com\/web\/wp-content\/uploads\/2015\/02\/8e481b6d0e658fe6d85565ec9d0b85b3.jpg\",\"width\":630,\"height\":330},{\"@type\":\"BreadcrumbList\",\"@id\":\"https:\/\/pagina10.com\/web\/ejercito-neutraliza-refineria-clandestina-en-tumaco\/#breadcrumb\",\"itemListElement\":[{\"@type\":\"ListItem\",\"position\":1,\"name\":\"Portada\",\"item\":\"https:\/\/pagina10.com\/web\/\"},{\"@type\":\"ListItem\",\"position\":2,\"name\":\"Ej\u00e9rcito neutraliza refiner\u00eda clandestina en Tumaco\"}]},{\"@type\":\"WebSite\",\"@id\":\"https:\/\/pagina10.com\/web\/#website\",\"url\":\"https:\/\/pagina10.com\/web\/\",\"name\":\"P\u00e1gina10\",\"description\":\"Peri\u00f3dico Regional\",\"publisher\":{\"@id\":\"https:\/\/pagina10.com\/web\/#organization\"},\"alternateName\":\"P\u00e1gina10 Peri\u00f3dico Regional\",\"potentialAction\":[{\"@type\":\"SearchAction\",\"target\":{\"@type\":\"EntryPoint\",\"urlTemplate\":\"https:\/\/pagina10.com\/web\/?s={search_term_string}\"},\"query-input\":{\"@type\":\"PropertyValueSpecification\",\"valueRequired\":true,\"valueName\":\"search_term_string\"}}],\"inLanguage\":\"es\"},{\"@type\":\"Organization\",\"@id\":\"https:\/\/pagina10.com\/web\/#organization\",\"name\":\"P\u00e1gina10\",\"alternateName\":\"P\u00e1gina10 Peri\u00f3dico Regional\",\"url\":\"https:\/\/pagina10.com\/web\/\",\"logo\":{\"@type\":\"ImageObject\",\"inLanguage\":\"es\",\"@id\":\"https:\/\/pagina10.com\/web\/#\/schema\/logo\/image\/\",\"url\":\"https:\/\/pagina10.com\/web\/wp-content\/uploads\/2024\/01\/40-pagina-10-periodico-regional-pasto.jpg\",\"contentUrl\":\"https:\/\/pagina10.com\/web\/wp-content\/uploads\/2024\/01\/40-pagina-10-periodico-regional-pasto.jpg\",\"width\":1280,\"height\":720,\"caption\":\"P\u00e1gina10\"},\"image\":{\"@id\":\"https:\/\/pagina10.com\/web\/#\/schema\/logo\/image\/\"},\"sameAs\":[\"https:\/\/www.facebook.com\/pag10com\",\"https:\/\/x.com\/Pag10com\",\"https:\/\/www.instagram.com\/pagina10col\/\",\"https:\/\/youtube.com\/channel\/pag10\",\"https:\/\/www.tiktok.com\/@p10col\"]},{\"@type\":\"Person\",\"@id\":\"https:\/\/pagina10.com\/web\/#\/schema\/person\/a7a5d38f0629dfc107f619fbae4f6cc3\",\"name\":\"P\u00e1gina 10\",\"description\":\"P\u00e1gina10.com es un peri\u00f3dico digital que nace en Colombia, en el departamento de Nari\u00f1o, con un enfoque global, fundamentado en cuatro pilares esenciales: la libertad, el pluralismo, la inclusi\u00f3n y la independencia. P\u00e1gina10.com hace referencia a Nari\u00f1o como el d\u00e9cimo departamento creado en Colombia, despu\u00e9s de un proceso pol\u00edtico liderado por actores y actrices regionales con el fin de obtener la independencia y autonom\u00eda de nuestros territorios. Con la creaci\u00f3n de P\u00e1gina10.com se pretende abrir un escenario para el dialogo, la reflexi\u00f3n y el debate que se extienda a otras geograf\u00edas de Am\u00e9rica Latina y del planeta, en una apuesta por transformar colectivamente los desaf\u00edos de un mundo contempor\u00e1neo, m\u00e1s all\u00e1 de las fronteras impuestas.\",\"url\":\"https:\/\/pagina10.com\/web\/author\/mcepeda\/\"}]}<\/script>\n<!-- \/ Yoast SEO plugin. -->","yoast_head_json":{"title":"Ej\u00e9rcito neutraliza refiner\u00eda clandestina en Tumaco | P\u00e1gina10","robots":{"index":"index","follow":"follow","max-snippet":"max-snippet:-1","max-image-preview":"max-image-preview:large","max-video-preview":"max-video-preview:-1"},"canonical":"https:\/\/pagina10.com\/web\/ejercito-neutraliza-refineria-clandestina-en-tumaco\/","og_locale":"es_ES","og_type":"article","og_title":"Ej\u00e9rcito neutraliza refiner\u00eda clandestina en Tumaco | P\u00e1gina10","og_description":"En el marco de las operaciones realizadas por soldados del Ej\u00e9rcito en contra de las organizaciones il\u00edcitas de miner\u00eda ilegal, en las \u00faltimas horas se logr\u00f3 neutralizar una refiner\u00eda clandestina en el departamento de Nari\u00f1o. Los hechos se registraron en el municipio de Tumaco, a la altura del kil\u00f3metro 91, lugar donde los soldados neutralizaron [&hellip;]","og_url":"https:\/\/pagina10.com\/web\/ejercito-neutraliza-refineria-clandestina-en-tumaco\/","og_site_name":"P\u00e1gina10","article_publisher":"https:\/\/www.facebook.com\/pag10com","article_published_time":"2015-02-10T01:30:39+00:00","og_image":[{"width":630,"height":330,"url":"https:\/\/pagina10.com\/web\/wp-content\/uploads\/2015\/02\/8e481b6d0e658fe6d85565ec9d0b85b3.jpg","type":"image\/jpeg"}],"author":"P\u00e1gina 10","twitter_card":"summary_large_image","twitter_creator":"@Pag10com","twitter_site":"@Pag10com","twitter_misc":{"Escrito por":"P\u00e1gina 10","Tiempo de lectura":"1 minuto"},"schema":{"@context":"https:\/\/schema.org","@graph":[{"@type":"Article","@id":"https:\/\/pagina10.com\/web\/ejercito-neutraliza-refineria-clandestina-en-tumaco\/#article","isPartOf":{"@id":"https:\/\/pagina10.com\/web\/ejercito-neutraliza-refineria-clandestina-en-tumaco\/"},"author":{"name":"P\u00e1gina 10","@id":"https:\/\/pagina10.com\/web\/#\/schema\/person\/a7a5d38f0629dfc107f619fbae4f6cc3"},"headline":"Ej\u00e9rcito neutraliza refiner\u00eda clandestina en Tumaco","datePublished":"2015-02-10T01:30:39+00:00","mainEntityOfPage":{"@id":"https:\/\/pagina10.com\/web\/ejercito-neutraliza-refineria-clandestina-en-tumaco\/"},"wordCount":165,"commentCount":0,"publisher":{"@id":"https:\/\/pagina10.com\/web\/#organization"},"image":{"@id":"https:\/\/pagina10.com\/web\/ejercito-neutraliza-refineria-clandestina-en-tumaco\/#primaryimage"},"thumbnailUrl":"https:\/\/pagina10.com\/web\/wp-content\/uploads\/2015\/02\/8e481b6d0e658fe6d85565ec9d0b85b3.jpg","inLanguage":"es","potentialAction":[{"@type":"CommentAction","name":"Comment","target":["https:\/\/pagina10.com\/web\/ejercito-neutraliza-refineria-clandestina-en-tumaco\/#respond"]}]},{"@type":"WebPage","@id":"https:\/\/pagina10.com\/web\/ejercito-neutraliza-refineria-clandestina-en-tumaco\/","url":"https:\/\/pagina10.com\/web\/ejercito-neutraliza-refineria-clandestina-en-tumaco\/","name":"Ej\u00e9rcito neutraliza refiner\u00eda clandestina en Tumaco | P\u00e1gina10","isPartOf":{"@id":"https:\/\/pagina10.com\/web\/#website"},"primaryImageOfPage":{"@id":"https:\/\/pagina10.com\/web\/ejercito-neutraliza-refineria-clandestina-en-tumaco\/#primaryimage"},"image":{"@id":"https:\/\/pagina10.com\/web\/ejercito-neutraliza-refineria-clandestina-en-tumaco\/#primaryimage"},"thumbnailUrl":"https:\/\/pagina10.com\/web\/wp-content\/uploads\/2015\/02\/8e481b6d0e658fe6d85565ec9d0b85b3.jpg","datePublished":"2015-02-10T01:30:39+00:00","breadcrumb":{"@id":"https:\/\/pagina10.com\/web\/ejercito-neutraliza-refineria-clandestina-en-tumaco\/#breadcrumb"},"inLanguage":"es","potentialAction":[{"@type":"ReadAction","target":["https:\/\/pagina10.com\/web\/ejercito-neutraliza-refineria-clandestina-en-tumaco\/"]}]},{"@type":"ImageObject","inLanguage":"es","@id":"https:\/\/pagina10.com\/web\/ejercito-neutraliza-refineria-clandestina-en-tumaco\/#primaryimage","url":"https:\/\/pagina10.com\/web\/wp-content\/uploads\/2015\/02\/8e481b6d0e658fe6d85565ec9d0b85b3.jpg","contentUrl":"https:\/\/pagina10.com\/web\/wp-content\/uploads\/2015\/02\/8e481b6d0e658fe6d85565ec9d0b85b3.jpg","width":630,"height":330},{"@type":"BreadcrumbList","@id":"https:\/\/pagina10.com\/web\/ejercito-neutraliza-refineria-clandestina-en-tumaco\/#breadcrumb","itemListElement":[{"@type":"ListItem","position":1,"name":"Portada","item":"https:\/\/pagina10.com\/web\/"},{"@type":"ListItem","position":2,"name":"Ej\u00e9rcito neutraliza refiner\u00eda clandestina en Tumaco"}]},{"@type":"WebSite","@id":"https:\/\/pagina10.com\/web\/#website","url":"https:\/\/pagina10.com\/web\/","name":"P\u00e1gina10","description":"Peri\u00f3dico Regional","publisher":{"@id":"https:\/\/pagina10.com\/web\/#organization"},"alternateName":"P\u00e1gina10 Peri\u00f3dico Regional","potentialAction":[{"@type":"SearchAction","target":{"@type":"EntryPoint","urlTemplate":"https:\/\/pagina10.com\/web\/?s={search_term_string}"},"query-input":{"@type":"PropertyValueSpecification","valueRequired":true,"valueName":"search_term_string"}}],"inLanguage":"es"},{"@type":"Organization","@id":"https:\/\/pagina10.com\/web\/#organization","name":"P\u00e1gina10","alternateName":"P\u00e1gina10 Peri\u00f3dico Regional","url":"https:\/\/pagina10.com\/web\/","logo":{"@type":"ImageObject","inLanguage":"es","@id":"https:\/\/pagina10.com\/web\/#\/schema\/logo\/image\/","url":"https:\/\/pagina10.com\/web\/wp-content\/uploads\/2024\/01\/40-pagina-10-periodico-regional-pasto.jpg","contentUrl":"https:\/\/pagina10.com\/web\/wp-content\/uploads\/2024\/01\/40-pagina-10-periodico-regional-pasto.jpg","width":1280,"height":720,"caption":"P\u00e1gina10"},"image":{"@id":"https:\/\/pagina10.com\/web\/#\/schema\/logo\/image\/"},"sameAs":["https:\/\/www.facebook.com\/pag10com","https:\/\/x.com\/Pag10com","https:\/\/www.instagram.com\/pagina10col\/","https:\/\/youtube.com\/channel\/pag10","https:\/\/www.tiktok.com\/@p10col"]},{"@type":"Person","@id":"https:\/\/pagina10.com\/web\/#\/schema\/person\/a7a5d38f0629dfc107f619fbae4f6cc3","name":"P\u00e1gina 10","description":"P\u00e1gina10.com es un peri\u00f3dico digital que nace en Colombia, en el departamento de Nari\u00f1o, con un enfoque global, fundamentado en cuatro pilares esenciales: la libertad, el pluralismo, la inclusi\u00f3n y la independencia. P\u00e1gina10.com hace referencia a Nari\u00f1o como el d\u00e9cimo departamento creado en Colombia, despu\u00e9s de un proceso pol\u00edtico liderado por actores y actrices regionales con el fin de obtener la independencia y autonom\u00eda de nuestros territorios. Con la creaci\u00f3n de P\u00e1gina10.com se pretende abrir un escenario para el dialogo, la reflexi\u00f3n y el debate que se extienda a otras geograf\u00edas de Am\u00e9rica Latina y del planeta, en una apuesta por transformar colectivamente los desaf\u00edos de un mundo contempor\u00e1neo, m\u00e1s all\u00e1 de las fronteras impuestas.","url":"https:\/\/pagina10.com\/web\/author\/mcepeda\/"}]}},"_links":{"self":[{"href":"https:\/\/pagina10.com\/web\/wp-json\/wp\/v2\/posts\/14781","targetHints":{"allow":["GET"]}}],"collection":[{"href":"https:\/\/pagina10.com\/web\/wp-json\/wp\/v2\/posts"}],"about":[{"href":"https:\/\/pagina10.com\/web\/wp-json\/wp\/v2\/types\/post"}],"author":[{"embeddable":true,"href":"https:\/\/pagina10.com\/web\/wp-json\/wp\/v2\/users\/29"}],"replies":[{"embeddable":true,"href":"https:\/\/pagina10.com\/web\/wp-json\/wp\/v2\/comments?post=14781"}],"version-history":[{"count":0,"href":"https:\/\/pagina10.com\/web\/wp-json\/wp\/v2\/posts\/14781\/revisions"}],"wp:featuredmedia":[{"embeddable":true,"href":"https:\/\/pagina10.com\/web\/wp-json\/wp\/v2\/media\/14780"}],"wp:attachment":[{"href":"https:\/\/pagina10.com\/web\/wp-json\/wp\/v2\/media?parent=14781"}],"wp:term":[{"taxonomy":"category","embeddable":true,"href":"https:\/\/pagina10.com\/web\/wp-json\/wp\/v2\/categories?post=14781"},{"taxonomy":"post_tag","embeddable":true,"href":"https:\/\/pagina10.com\/web\/wp-json\/wp\/v2\/tags?post=14781"}],"curies":[{"name":"wp","href":"https:\/\/api.w.org\/{rel}","templated":true}]}}