{"id":14783,"date":"2015-02-10T02:09:22","date_gmt":"2015-02-10T02:09:22","guid":{"rendered":"https:\/\/pagina10.com\/web\/primer-secretario-de-la-embajada-de-holanda-visito-u-nacional-sede-tumaco\/"},"modified":"2015-02-10T02:09:22","modified_gmt":"2015-02-10T02:09:22","slug":"primer-secretario-de-la-embajada-de-holanda-visito-u-nacional-sede-tumaco","status":"publish","type":"post","link":"https:\/\/pagina10.com\/web\/primer-secretario-de-la-embajada-de-holanda-visito-u-nacional-sede-tumaco\/","title":{"rendered":"Primer secretario de la Embajada de Holanda visit\u00f3 U. Nacional sede Tumaco"},"content":{"rendered":"<p><img fetchpriority=\"high\" decoding=\"async\" class=\" size-full wp-image-14782\" src=\"https:\/\/pagina10.com\/web\/wp-content\/uploads\/2015\/02\/565b1e1bb1e978b64d02ee140ef206aa.jpg\" alt=\"\" width=\"800\" height=\"531\" srcset=\"https:\/\/pagina10.com\/web\/wp-content\/uploads\/2015\/02\/565b1e1bb1e978b64d02ee140ef206aa.jpg 800w, https:\/\/pagina10.com\/web\/wp-content\/uploads\/2015\/02\/565b1e1bb1e978b64d02ee140ef206aa-300x199.jpg 300w, https:\/\/pagina10.com\/web\/wp-content\/uploads\/2015\/02\/565b1e1bb1e978b64d02ee140ef206aa-768x510.jpg 768w, https:\/\/pagina10.com\/web\/wp-content\/uploads\/2015\/02\/565b1e1bb1e978b64d02ee140ef206aa-450x300.jpg 450w\" sizes=\"(max-width: 800px) 100vw, 800px\" \/><\/p>\n<p style=\"text-align: justify;\">Conocer los avances del proyecto ORIO con el que Holanda apoya la construcci\u00f3n de la Sede Tumaco fue una de las razones de la visita del primer secretario de Asuntos Pol\u00edticos de la Embajada del Reino de los Pa\u00edses Bajos.<\/p>\n<p style=\"text-align: justify;\">Durante su presencia, el diplom\u00e1tico Floris van Eijk se reuni\u00f3 con el director de la Sede, profesor Herbert Giraldo G\u00f3mez, para conocer informaci\u00f3n sobre el desarrollo de este proyecto, financiado por la Agencia Holandesa de Cooperaci\u00f3n Internacional.&nbsp;<\/p>\n<p style=\"text-align: justify;\">Dise\u00f1o, construcci\u00f3n y funcionamiento de la U.N. Sede Tumaco durante 10 a\u00f1os forman parte del apoyo contemplado. As\u00ed, se planea erigir ocho edificios, cuatro de los cuales se construir\u00e1n en la primera fase, en 8.500 metros cuadrados, con capacidad para 1.000 estudiantes.&nbsp;<\/p>\n<p style=\"text-align: justify;\">Seg\u00fan el profesor Giraldo, el pr\u00f3ximo 18 de febrero se entregar\u00e1 el informe final de los dise\u00f1os a\u00e9reos, para evaluarlos y poder firmar la segunda etapa del convenio, con la cual se iniciar\u00e1n las fases contractuales de la construcci\u00f3n en el segundo semestre del presente a\u00f1o.&nbsp;<\/p>\n<p style=\"text-align: justify;\">La visita sirvi\u00f3 para que el primer secretario se reuniera con los estudiantes de primer semestre admitidos por el Programa Especial de Admisi\u00f3n y Movilidad Acad\u00e9mica (PEAMA) y dialogara sobre diversos aspectos de la regi\u00f3n y el quehacer acad\u00e9mico de la Sede.&nbsp;<\/p>\n<p style=\"text-align: justify;\">Por parte de los estudiantes, hubo gran inter\u00e9s por conocer las posibilidades de becas e intercambios con Holanda, a lo que el diplom\u00e1tico respondi\u00f3 que estar\u00e1 atento al desarrollo y progreso de estos estudiantes para que puedan participar en las diferentes apoyos acad\u00e9micos que ofrece el pa\u00eds, sobre todo en temas agr\u00edcolas, ingenier\u00eda hidr\u00e1ulica y naval, \u00e1reas afines a las din\u00e1micas del Pac\u00edfico colombiano.&nbsp;<\/p>\n<p style=\"text-align: justify;\">\u201cIntercambiar experiencias con los primeros estudiantes y poder ver el proyecto con mis ojos fue muy enriquecedor\u201d, expres\u00f3 el funcionario, quien afirm\u00f3 que seguir\u00e1 acompa\u00f1ando el proceso para que la U.N. siga creciendo.&nbsp;<\/p>\n<p style=\"text-align: justify;\">El profesor Giraldo asegur\u00f3 que la visita del diplom\u00e1tico le permite a la Universidad y a otras autoridades mostrar la realidad de la zona y ponerla en contexto para que se entienda la importancia de la presencia de la instituci\u00f3n de educaci\u00f3n superior p\u00fablica m\u00e1s importante del pa\u00eds en ese territorio.&nbsp;<\/p>\n<p style=\"text-align: justify;\">Durante la visita, el diplom\u00e1tico Floris van Eijk conoci\u00f3 las viviendas en zonas de invasi\u00f3n al mar, una poblaci\u00f3n con el 50 % de necesidades insatisfechas, sin alcantarillado, con un acueducto deficiente, baja conectividad y una estructura educativa muy precaria, con 20.000 j\u00f3venes por fuera del sistema escolar, seg\u00fan las estad\u00edsticas oficiales.&nbsp;<\/p>\n<p style=\"text-align: justify;\">\u201cEstas y muchas otras situaciones son las que la Universidad, con su llegada a la regi\u00f3n, espera enfrentar para generar un impacto positivo que se vea revertido en desarrollo para toda la zona\u201d, ampli\u00f3 el docente.&nbsp;<\/p>\n<p style=\"text-align: justify;\">Agreg\u00f3 que un ejemplo de ello son los ex\u00e1menes de admisi\u00f3n para la Maestr\u00eda en Ense\u00f1anza de la Ciencia, de la Facultad de Ciencias, que se presentaron el pasado 7 de febrero con un total de 20 aspirantes.&nbsp;<\/p>\n<p style=\"text-align: justify;\">Este posgrado pretende profundizar el conocimiento de matem\u00e1ticas, f\u00edsica, qu\u00edmica y biolog\u00eda, adem\u00e1s de brindar a los docentes herramientas para optimizar su actividad con los estudiantes y acercarlos m\u00e1s a las ciencias.&nbsp;<\/p>\n<p style=\"text-align: justify;\">Finalmente, Floris van Eijk manifest\u00f3 su admiraci\u00f3n por la actividad de la Universidad Nacional de Colombia en la regi\u00f3n y la importancia de la educaci\u00f3n superior de calidad para una regi\u00f3n como el Pac\u00edfico, que presenta altos \u00edndices de necesidades insatisfechas.<\/p>\n","protected":false},"excerpt":{"rendered":"<p>Conocer los avances del proyecto ORIO con el que Holanda apoya la construcci\u00f3n de la Sede Tumaco fue una de las razones de la visita del primer secretario de Asuntos Pol\u00edticos de la Embajada del Reino de los Pa\u00edses Bajos. Durante su presencia, el diplom\u00e1tico Floris van Eijk se reuni\u00f3 con el director de la [&hellip;]<\/p>\n","protected":false},"author":29,"featured_media":14782,"comment_status":"open","ping_status":"open","sticky":false,"template":"","format":"standard","meta":{"footnotes":""},"categories":[1],"tags":[],"class_list":["post-14783","post","type-post","status-publish","format-standard","has-post-thumbnail","hentry","category-sin-categoria"],"yoast_head":"<!-- This site is optimized with the Yoast SEO plugin v27.1.1 - https:\/\/yoast.com\/product\/yoast-seo-wordpress\/ -->\n<title>Primer secretario de la Embajada de Holanda visit\u00f3 U. Nacional sede Tumaco | P\u00e1gina10<\/title>\n<meta name=\"robots\" content=\"index, follow, max-snippet:-1, max-image-preview:large, max-video-preview:-1\" \/>\n<link rel=\"canonical\" href=\"https:\/\/pagina10.com\/web\/primer-secretario-de-la-embajada-de-holanda-visito-u-nacional-sede-tumaco\/\" \/>\n<meta property=\"og:locale\" content=\"es_ES\" \/>\n<meta property=\"og:type\" content=\"article\" \/>\n<meta property=\"og:title\" content=\"Primer secretario de la Embajada de Holanda visit\u00f3 U. Nacional sede Tumaco | P\u00e1gina10\" \/>\n<meta property=\"og:description\" content=\"Conocer los avances del proyecto ORIO con el que Holanda apoya la construcci\u00f3n de la Sede Tumaco fue una de las razones de la visita del primer secretario de Asuntos Pol\u00edticos de la Embajada del Reino de los Pa\u00edses Bajos. Durante su presencia, el diplom\u00e1tico Floris van Eijk se reuni\u00f3 con el director de la [&hellip;]\" \/>\n<meta property=\"og:url\" content=\"https:\/\/pagina10.com\/web\/primer-secretario-de-la-embajada-de-holanda-visito-u-nacional-sede-tumaco\/\" \/>\n<meta property=\"og:site_name\" content=\"P\u00e1gina10\" \/>\n<meta property=\"article:publisher\" content=\"https:\/\/www.facebook.com\/pag10com\" \/>\n<meta property=\"article:published_time\" content=\"2015-02-10T02:09:22+00:00\" \/>\n<meta property=\"og:image\" content=\"https:\/\/pagina10.com\/web\/wp-content\/uploads\/2015\/02\/565b1e1bb1e978b64d02ee140ef206aa.jpg\" \/>\n\t<meta property=\"og:image:width\" content=\"800\" \/>\n\t<meta property=\"og:image:height\" content=\"531\" \/>\n\t<meta property=\"og:image:type\" content=\"image\/jpeg\" \/>\n<meta name=\"author\" content=\"P\u00e1gina 10\" \/>\n<meta name=\"twitter:card\" content=\"summary_large_image\" \/>\n<meta name=\"twitter:creator\" content=\"@Pag10com\" \/>\n<meta name=\"twitter:site\" content=\"@Pag10com\" \/>\n<meta name=\"twitter:label1\" content=\"Escrito por\" \/>\n\t<meta name=\"twitter:data1\" content=\"P\u00e1gina 10\" \/>\n\t<meta name=\"twitter:label2\" content=\"Tiempo de lectura\" \/>\n\t<meta name=\"twitter:data2\" content=\"3 minutos\" \/>\n<script type=\"application\/ld+json\" class=\"yoast-schema-graph\">{\"@context\":\"https:\/\/schema.org\",\"@graph\":[{\"@type\":\"Article\",\"@id\":\"https:\/\/pagina10.com\/web\/primer-secretario-de-la-embajada-de-holanda-visito-u-nacional-sede-tumaco\/#article\",\"isPartOf\":{\"@id\":\"https:\/\/pagina10.com\/web\/primer-secretario-de-la-embajada-de-holanda-visito-u-nacional-sede-tumaco\/\"},\"author\":{\"name\":\"P\u00e1gina 10\",\"@id\":\"https:\/\/pagina10.com\/web\/#\/schema\/person\/a7a5d38f0629dfc107f619fbae4f6cc3\"},\"headline\":\"Primer secretario de la Embajada de Holanda visit\u00f3 U. Nacional sede Tumaco\",\"datePublished\":\"2015-02-10T02:09:22+00:00\",\"mainEntityOfPage\":{\"@id\":\"https:\/\/pagina10.com\/web\/primer-secretario-de-la-embajada-de-holanda-visito-u-nacional-sede-tumaco\/\"},\"wordCount\":630,\"commentCount\":0,\"publisher\":{\"@id\":\"https:\/\/pagina10.com\/web\/#organization\"},\"image\":{\"@id\":\"https:\/\/pagina10.com\/web\/primer-secretario-de-la-embajada-de-holanda-visito-u-nacional-sede-tumaco\/#primaryimage\"},\"thumbnailUrl\":\"https:\/\/pagina10.com\/web\/wp-content\/uploads\/2015\/02\/565b1e1bb1e978b64d02ee140ef206aa.jpg\",\"inLanguage\":\"es\",\"potentialAction\":[{\"@type\":\"CommentAction\",\"name\":\"Comment\",\"target\":[\"https:\/\/pagina10.com\/web\/primer-secretario-de-la-embajada-de-holanda-visito-u-nacional-sede-tumaco\/#respond\"]}]},{\"@type\":\"WebPage\",\"@id\":\"https:\/\/pagina10.com\/web\/primer-secretario-de-la-embajada-de-holanda-visito-u-nacional-sede-tumaco\/\",\"url\":\"https:\/\/pagina10.com\/web\/primer-secretario-de-la-embajada-de-holanda-visito-u-nacional-sede-tumaco\/\",\"name\":\"Primer secretario de la Embajada de Holanda visit\u00f3 U. Nacional sede Tumaco | P\u00e1gina10\",\"isPartOf\":{\"@id\":\"https:\/\/pagina10.com\/web\/#website\"},\"primaryImageOfPage\":{\"@id\":\"https:\/\/pagina10.com\/web\/primer-secretario-de-la-embajada-de-holanda-visito-u-nacional-sede-tumaco\/#primaryimage\"},\"image\":{\"@id\":\"https:\/\/pagina10.com\/web\/primer-secretario-de-la-embajada-de-holanda-visito-u-nacional-sede-tumaco\/#primaryimage\"},\"thumbnailUrl\":\"https:\/\/pagina10.com\/web\/wp-content\/uploads\/2015\/02\/565b1e1bb1e978b64d02ee140ef206aa.jpg\",\"datePublished\":\"2015-02-10T02:09:22+00:00\",\"breadcrumb\":{\"@id\":\"https:\/\/pagina10.com\/web\/primer-secretario-de-la-embajada-de-holanda-visito-u-nacional-sede-tumaco\/#breadcrumb\"},\"inLanguage\":\"es\",\"potentialAction\":[{\"@type\":\"ReadAction\",\"target\":[\"https:\/\/pagina10.com\/web\/primer-secretario-de-la-embajada-de-holanda-visito-u-nacional-sede-tumaco\/\"]}]},{\"@type\":\"ImageObject\",\"inLanguage\":\"es\",\"@id\":\"https:\/\/pagina10.com\/web\/primer-secretario-de-la-embajada-de-holanda-visito-u-nacional-sede-tumaco\/#primaryimage\",\"url\":\"https:\/\/pagina10.com\/web\/wp-content\/uploads\/2015\/02\/565b1e1bb1e978b64d02ee140ef206aa.jpg\",\"contentUrl\":\"https:\/\/pagina10.com\/web\/wp-content\/uploads\/2015\/02\/565b1e1bb1e978b64d02ee140ef206aa.jpg\",\"width\":800,\"height\":531},{\"@type\":\"BreadcrumbList\",\"@id\":\"https:\/\/pagina10.com\/web\/primer-secretario-de-la-embajada-de-holanda-visito-u-nacional-sede-tumaco\/#breadcrumb\",\"itemListElement\":[{\"@type\":\"ListItem\",\"position\":1,\"name\":\"Portada\",\"item\":\"https:\/\/pagina10.com\/web\/\"},{\"@type\":\"ListItem\",\"position\":2,\"name\":\"Primer secretario de la Embajada de Holanda visit\u00f3 U. Nacional sede Tumaco\"}]},{\"@type\":\"WebSite\",\"@id\":\"https:\/\/pagina10.com\/web\/#website\",\"url\":\"https:\/\/pagina10.com\/web\/\",\"name\":\"P\u00e1gina10\",\"description\":\"Peri\u00f3dico Regional\",\"publisher\":{\"@id\":\"https:\/\/pagina10.com\/web\/#organization\"},\"alternateName\":\"P\u00e1gina10 Peri\u00f3dico Regional\",\"potentialAction\":[{\"@type\":\"SearchAction\",\"target\":{\"@type\":\"EntryPoint\",\"urlTemplate\":\"https:\/\/pagina10.com\/web\/?s={search_term_string}\"},\"query-input\":{\"@type\":\"PropertyValueSpecification\",\"valueRequired\":true,\"valueName\":\"search_term_string\"}}],\"inLanguage\":\"es\"},{\"@type\":\"Organization\",\"@id\":\"https:\/\/pagina10.com\/web\/#organization\",\"name\":\"P\u00e1gina10\",\"alternateName\":\"P\u00e1gina10 Peri\u00f3dico Regional\",\"url\":\"https:\/\/pagina10.com\/web\/\",\"logo\":{\"@type\":\"ImageObject\",\"inLanguage\":\"es\",\"@id\":\"https:\/\/pagina10.com\/web\/#\/schema\/logo\/image\/\",\"url\":\"https:\/\/pagina10.com\/web\/wp-content\/uploads\/2024\/01\/40-pagina-10-periodico-regional-pasto.jpg\",\"contentUrl\":\"https:\/\/pagina10.com\/web\/wp-content\/uploads\/2024\/01\/40-pagina-10-periodico-regional-pasto.jpg\",\"width\":1280,\"height\":720,\"caption\":\"P\u00e1gina10\"},\"image\":{\"@id\":\"https:\/\/pagina10.com\/web\/#\/schema\/logo\/image\/\"},\"sameAs\":[\"https:\/\/www.facebook.com\/pag10com\",\"https:\/\/x.com\/Pag10com\",\"https:\/\/www.instagram.com\/pagina10col\/\",\"https:\/\/youtube.com\/channel\/pag10\",\"https:\/\/www.tiktok.com\/@p10col\"]},{\"@type\":\"Person\",\"@id\":\"https:\/\/pagina10.com\/web\/#\/schema\/person\/a7a5d38f0629dfc107f619fbae4f6cc3\",\"name\":\"P\u00e1gina 10\",\"description\":\"P\u00e1gina10.com es un peri\u00f3dico digital que nace en Colombia, en el departamento de Nari\u00f1o, con un enfoque global, fundamentado en cuatro pilares esenciales: la libertad, el pluralismo, la inclusi\u00f3n y la independencia. P\u00e1gina10.com hace referencia a Nari\u00f1o como el d\u00e9cimo departamento creado en Colombia, despu\u00e9s de un proceso pol\u00edtico liderado por actores y actrices regionales con el fin de obtener la independencia y autonom\u00eda de nuestros territorios. Con la creaci\u00f3n de P\u00e1gina10.com se pretende abrir un escenario para el dialogo, la reflexi\u00f3n y el debate que se extienda a otras geograf\u00edas de Am\u00e9rica Latina y del planeta, en una apuesta por transformar colectivamente los desaf\u00edos de un mundo contempor\u00e1neo, m\u00e1s all\u00e1 de las fronteras impuestas.\",\"url\":\"https:\/\/pagina10.com\/web\/author\/mcepeda\/\"}]}<\/script>\n<!-- \/ Yoast SEO plugin. -->","yoast_head_json":{"title":"Primer secretario de la Embajada de Holanda visit\u00f3 U. Nacional sede Tumaco | P\u00e1gina10","robots":{"index":"index","follow":"follow","max-snippet":"max-snippet:-1","max-image-preview":"max-image-preview:large","max-video-preview":"max-video-preview:-1"},"canonical":"https:\/\/pagina10.com\/web\/primer-secretario-de-la-embajada-de-holanda-visito-u-nacional-sede-tumaco\/","og_locale":"es_ES","og_type":"article","og_title":"Primer secretario de la Embajada de Holanda visit\u00f3 U. Nacional sede Tumaco | P\u00e1gina10","og_description":"Conocer los avances del proyecto ORIO con el que Holanda apoya la construcci\u00f3n de la Sede Tumaco fue una de las razones de la visita del primer secretario de Asuntos Pol\u00edticos de la Embajada del Reino de los Pa\u00edses Bajos. Durante su presencia, el diplom\u00e1tico Floris van Eijk se reuni\u00f3 con el director de la [&hellip;]","og_url":"https:\/\/pagina10.com\/web\/primer-secretario-de-la-embajada-de-holanda-visito-u-nacional-sede-tumaco\/","og_site_name":"P\u00e1gina10","article_publisher":"https:\/\/www.facebook.com\/pag10com","article_published_time":"2015-02-10T02:09:22+00:00","og_image":[{"width":800,"height":531,"url":"https:\/\/pagina10.com\/web\/wp-content\/uploads\/2015\/02\/565b1e1bb1e978b64d02ee140ef206aa.jpg","type":"image\/jpeg"}],"author":"P\u00e1gina 10","twitter_card":"summary_large_image","twitter_creator":"@Pag10com","twitter_site":"@Pag10com","twitter_misc":{"Escrito por":"P\u00e1gina 10","Tiempo de lectura":"3 minutos"},"schema":{"@context":"https:\/\/schema.org","@graph":[{"@type":"Article","@id":"https:\/\/pagina10.com\/web\/primer-secretario-de-la-embajada-de-holanda-visito-u-nacional-sede-tumaco\/#article","isPartOf":{"@id":"https:\/\/pagina10.com\/web\/primer-secretario-de-la-embajada-de-holanda-visito-u-nacional-sede-tumaco\/"},"author":{"name":"P\u00e1gina 10","@id":"https:\/\/pagina10.com\/web\/#\/schema\/person\/a7a5d38f0629dfc107f619fbae4f6cc3"},"headline":"Primer secretario de la Embajada de Holanda visit\u00f3 U. Nacional sede Tumaco","datePublished":"2015-02-10T02:09:22+00:00","mainEntityOfPage":{"@id":"https:\/\/pagina10.com\/web\/primer-secretario-de-la-embajada-de-holanda-visito-u-nacional-sede-tumaco\/"},"wordCount":630,"commentCount":0,"publisher":{"@id":"https:\/\/pagina10.com\/web\/#organization"},"image":{"@id":"https:\/\/pagina10.com\/web\/primer-secretario-de-la-embajada-de-holanda-visito-u-nacional-sede-tumaco\/#primaryimage"},"thumbnailUrl":"https:\/\/pagina10.com\/web\/wp-content\/uploads\/2015\/02\/565b1e1bb1e978b64d02ee140ef206aa.jpg","inLanguage":"es","potentialAction":[{"@type":"CommentAction","name":"Comment","target":["https:\/\/pagina10.com\/web\/primer-secretario-de-la-embajada-de-holanda-visito-u-nacional-sede-tumaco\/#respond"]}]},{"@type":"WebPage","@id":"https:\/\/pagina10.com\/web\/primer-secretario-de-la-embajada-de-holanda-visito-u-nacional-sede-tumaco\/","url":"https:\/\/pagina10.com\/web\/primer-secretario-de-la-embajada-de-holanda-visito-u-nacional-sede-tumaco\/","name":"Primer secretario de la Embajada de Holanda visit\u00f3 U. Nacional sede Tumaco | P\u00e1gina10","isPartOf":{"@id":"https:\/\/pagina10.com\/web\/#website"},"primaryImageOfPage":{"@id":"https:\/\/pagina10.com\/web\/primer-secretario-de-la-embajada-de-holanda-visito-u-nacional-sede-tumaco\/#primaryimage"},"image":{"@id":"https:\/\/pagina10.com\/web\/primer-secretario-de-la-embajada-de-holanda-visito-u-nacional-sede-tumaco\/#primaryimage"},"thumbnailUrl":"https:\/\/pagina10.com\/web\/wp-content\/uploads\/2015\/02\/565b1e1bb1e978b64d02ee140ef206aa.jpg","datePublished":"2015-02-10T02:09:22+00:00","breadcrumb":{"@id":"https:\/\/pagina10.com\/web\/primer-secretario-de-la-embajada-de-holanda-visito-u-nacional-sede-tumaco\/#breadcrumb"},"inLanguage":"es","potentialAction":[{"@type":"ReadAction","target":["https:\/\/pagina10.com\/web\/primer-secretario-de-la-embajada-de-holanda-visito-u-nacional-sede-tumaco\/"]}]},{"@type":"ImageObject","inLanguage":"es","@id":"https:\/\/pagina10.com\/web\/primer-secretario-de-la-embajada-de-holanda-visito-u-nacional-sede-tumaco\/#primaryimage","url":"https:\/\/pagina10.com\/web\/wp-content\/uploads\/2015\/02\/565b1e1bb1e978b64d02ee140ef206aa.jpg","contentUrl":"https:\/\/pagina10.com\/web\/wp-content\/uploads\/2015\/02\/565b1e1bb1e978b64d02ee140ef206aa.jpg","width":800,"height":531},{"@type":"BreadcrumbList","@id":"https:\/\/pagina10.com\/web\/primer-secretario-de-la-embajada-de-holanda-visito-u-nacional-sede-tumaco\/#breadcrumb","itemListElement":[{"@type":"ListItem","position":1,"name":"Portada","item":"https:\/\/pagina10.com\/web\/"},{"@type":"ListItem","position":2,"name":"Primer secretario de la Embajada de Holanda visit\u00f3 U. Nacional sede Tumaco"}]},{"@type":"WebSite","@id":"https:\/\/pagina10.com\/web\/#website","url":"https:\/\/pagina10.com\/web\/","name":"P\u00e1gina10","description":"Peri\u00f3dico Regional","publisher":{"@id":"https:\/\/pagina10.com\/web\/#organization"},"alternateName":"P\u00e1gina10 Peri\u00f3dico Regional","potentialAction":[{"@type":"SearchAction","target":{"@type":"EntryPoint","urlTemplate":"https:\/\/pagina10.com\/web\/?s={search_term_string}"},"query-input":{"@type":"PropertyValueSpecification","valueRequired":true,"valueName":"search_term_string"}}],"inLanguage":"es"},{"@type":"Organization","@id":"https:\/\/pagina10.com\/web\/#organization","name":"P\u00e1gina10","alternateName":"P\u00e1gina10 Peri\u00f3dico Regional","url":"https:\/\/pagina10.com\/web\/","logo":{"@type":"ImageObject","inLanguage":"es","@id":"https:\/\/pagina10.com\/web\/#\/schema\/logo\/image\/","url":"https:\/\/pagina10.com\/web\/wp-content\/uploads\/2024\/01\/40-pagina-10-periodico-regional-pasto.jpg","contentUrl":"https:\/\/pagina10.com\/web\/wp-content\/uploads\/2024\/01\/40-pagina-10-periodico-regional-pasto.jpg","width":1280,"height":720,"caption":"P\u00e1gina10"},"image":{"@id":"https:\/\/pagina10.com\/web\/#\/schema\/logo\/image\/"},"sameAs":["https:\/\/www.facebook.com\/pag10com","https:\/\/x.com\/Pag10com","https:\/\/www.instagram.com\/pagina10col\/","https:\/\/youtube.com\/channel\/pag10","https:\/\/www.tiktok.com\/@p10col"]},{"@type":"Person","@id":"https:\/\/pagina10.com\/web\/#\/schema\/person\/a7a5d38f0629dfc107f619fbae4f6cc3","name":"P\u00e1gina 10","description":"P\u00e1gina10.com es un peri\u00f3dico digital que nace en Colombia, en el departamento de Nari\u00f1o, con un enfoque global, fundamentado en cuatro pilares esenciales: la libertad, el pluralismo, la inclusi\u00f3n y la independencia. P\u00e1gina10.com hace referencia a Nari\u00f1o como el d\u00e9cimo departamento creado en Colombia, despu\u00e9s de un proceso pol\u00edtico liderado por actores y actrices regionales con el fin de obtener la independencia y autonom\u00eda de nuestros territorios. Con la creaci\u00f3n de P\u00e1gina10.com se pretende abrir un escenario para el dialogo, la reflexi\u00f3n y el debate que se extienda a otras geograf\u00edas de Am\u00e9rica Latina y del planeta, en una apuesta por transformar colectivamente los desaf\u00edos de un mundo contempor\u00e1neo, m\u00e1s all\u00e1 de las fronteras impuestas.","url":"https:\/\/pagina10.com\/web\/author\/mcepeda\/"}]}},"_links":{"self":[{"href":"https:\/\/pagina10.com\/web\/wp-json\/wp\/v2\/posts\/14783","targetHints":{"allow":["GET"]}}],"collection":[{"href":"https:\/\/pagina10.com\/web\/wp-json\/wp\/v2\/posts"}],"about":[{"href":"https:\/\/pagina10.com\/web\/wp-json\/wp\/v2\/types\/post"}],"author":[{"embeddable":true,"href":"https:\/\/pagina10.com\/web\/wp-json\/wp\/v2\/users\/29"}],"replies":[{"embeddable":true,"href":"https:\/\/pagina10.com\/web\/wp-json\/wp\/v2\/comments?post=14783"}],"version-history":[{"count":0,"href":"https:\/\/pagina10.com\/web\/wp-json\/wp\/v2\/posts\/14783\/revisions"}],"wp:featuredmedia":[{"embeddable":true,"href":"https:\/\/pagina10.com\/web\/wp-json\/wp\/v2\/media\/14782"}],"wp:attachment":[{"href":"https:\/\/pagina10.com\/web\/wp-json\/wp\/v2\/media?parent=14783"}],"wp:term":[{"taxonomy":"category","embeddable":true,"href":"https:\/\/pagina10.com\/web\/wp-json\/wp\/v2\/categories?post=14783"},{"taxonomy":"post_tag","embeddable":true,"href":"https:\/\/pagina10.com\/web\/wp-json\/wp\/v2\/tags?post=14783"}],"curies":[{"name":"wp","href":"https:\/\/api.w.org\/{rel}","templated":true}]}}