{"id":14793,"date":"2015-02-10T19:33:02","date_gmt":"2015-02-10T19:33:02","guid":{"rendered":"https:\/\/pagina10.com\/web\/se-invalidara-el-proceso-licitatorio-de-la-via-junin-barbacoas\/"},"modified":"2015-02-10T19:33:02","modified_gmt":"2015-02-10T19:33:02","slug":"se-invalidara-el-proceso-licitatorio-de-la-via-junin-barbacoas","status":"publish","type":"post","link":"https:\/\/pagina10.com\/web\/se-invalidara-el-proceso-licitatorio-de-la-via-junin-barbacoas\/","title":{"rendered":"Se invalidar\u00e1 el proceso licitatorio de la v\u00eda Jun\u00edn- Barbacoas"},"content":{"rendered":"<p><img fetchpriority=\"high\" decoding=\"async\" class=\" size-full wp-image-14792\" src=\"https:\/\/pagina10.com\/web\/wp-content\/uploads\/2015\/02\/79352fba9664c8ff78673f51f9f076d1.jpg\" alt=\"\" width=\"550\" height=\"352\" srcset=\"https:\/\/pagina10.com\/web\/wp-content\/uploads\/2015\/02\/79352fba9664c8ff78673f51f9f076d1.jpg 550w, https:\/\/pagina10.com\/web\/wp-content\/uploads\/2015\/02\/79352fba9664c8ff78673f51f9f076d1-300x192.jpg 300w\" sizes=\"(max-width: 550px) 100vw, 550px\" \/><\/p>\n<p align=\"center\" style=\"text-align: justify;\">Gobernador de Nari\u00f1o imparte instrucciones perentorias sobre el proceso de licitaci\u00f3n p\u00fablica&nbsp;&nbsp;PJB 01-2014,&nbsp;que tiene por objeto la selecci\u00f3n del contratista para el mejoramiento, rehabilitaci\u00f3n y reconstrucci\u00f3n de la v\u00eda Jun\u00edn \u2013Barbacoas<\/p>\n<p style=\"text-align: justify;\">El Gobernador del Departamento de Nari\u00f1o, RAUL DELGADO GUERRERO, con base en el Correo electr\u00f3nico remitido el d\u00eda de ayer por el Dr. CAMILO ENCISO, Secretario de la Transparencia de la Rep\u00fablica y la comunicaci\u00f3n del d\u00eda 9 de Febrero de 2015, recibida en la fecha por v\u00eda electr\u00f3nica, suscrita por la Dra. ROSITA ESTHER BARRIOS FIGUEROA, Delegada Adjunta para Supervisi\u00f3n de Riesgos de Mercado e Integridad de la Superintendencia Financiera, imparti\u00f3 las siguientes instrucciones:<\/p>\n<p style=\"text-align: justify;\">1) a.\u201cAdoptar por parte de la Unidad Administrativa Especial que usted dirige, las medidas jur\u00eddicas m\u00e1s expeditas que permitan invalidar la adjudicaci\u00f3n y suscripci\u00f3n del contrato resultante del proceso de Licitaci\u00f3n P\u00fablica PJB 01-2014, que tiene por objeto la selecci\u00f3n del contratista para el MEJORAMIENTO, REHABILITACI\u00d3N Y RECONSTRUCCI\u00d3N DE LA V\u00cdA JUNIN \u2013BARBACOAS DEL SECTOR DIVINO NI\u00d1O PR 54+000AL PR 49+500 DEL MUNICIPIO DE BARBACOAS DEPARTAMENTO DE NARI\u00d1O.<\/p>\n<p style=\"text-align: justify;\">Lo anterior por cuanto de las comunicaciones ya referidas, se deduce que, el Consorcio V\u00edas Nari\u00f1o 2014, adjunt\u00f3 un certificado falso, sobre la facultad de una SAS para emitir cartas de cr\u00e9dito stand by en procesos de contrataci\u00f3n estatal.&nbsp;<\/p>\n<p style=\"text-align: justify;\">b.Remitir copia de las actuaciones requeridas a la Secretar\u00eda de la Transparencia de la Presidencia de la Rep\u00fablica\u201d.<\/p>\n<p style=\"text-align: justify;\">&nbsp;<\/p>\n<p style=\"text-align: justify;\">2) &nbsp;A la Doctora NORMA ROCIO COHINGUAL VARGAS, Jefe de la Oficina de Control Interno Disciplinario:<\/p>\n<p style=\"text-align: justify;\">a.\u201cIniciar las investigacionesque se desprendan de las mencionadas comunicaciones y de lo actuado en el proceso de Licitaci\u00f3n p\u00fablica No. PBJ 01-2014 que tiene por objeto la selecci\u00f3n del contratista para el MEJORAMIENTO, REHABILITACI\u00d3N Y RECONSTRUCCI\u00d3N DE LA V\u00cdA JUNIN \u2013BARBACOAS DEL SECTOR DIVINO NI\u00d1O PR 54+000AL PR 49+500 DEL MUNICIPIO DE BARBACOAS DEPARTAMENTO DE NARI\u00d1O.<\/p>\n<p style=\"text-align: justify;\">b.Compulsar las copias pertinentes a la Fiscal\u00eda General de la Naci\u00f3n y a la Procuradur\u00eda General de la Naci\u00f3n\u201d.<\/p>\n<p>&nbsp;<\/p>\n<p><iframe width=\"640\" height=\"360\" src=\"https:\/\/www.youtube.com\/embed\/vmOlC_ELVak\" frameborder=\"0\" allowfullscreen=\"true\" style=\"display: block; margin-left: auto; margin-right: auto;\"><\/iframe><\/p>\n","protected":false},"excerpt":{"rendered":"<p>Gobernador de Nari\u00f1o imparte instrucciones perentorias sobre el proceso de licitaci\u00f3n p\u00fablica&nbsp;&nbsp;PJB 01-2014,&nbsp;que tiene por objeto la selecci\u00f3n del contratista para el mejoramiento, rehabilitaci\u00f3n y reconstrucci\u00f3n de la v\u00eda Jun\u00edn \u2013Barbacoas El Gobernador del Departamento de Nari\u00f1o, RAUL DELGADO GUERRERO, con base en el Correo electr\u00f3nico remitido el d\u00eda de ayer por el Dr. CAMILO [&hellip;]<\/p>\n","protected":false},"author":29,"featured_media":14792,"comment_status":"open","ping_status":"open","sticky":false,"template":"","format":"standard","meta":{"footnotes":""},"categories":[1],"tags":[],"class_list":["post-14793","post","type-post","status-publish","format-standard","has-post-thumbnail","hentry","category-sin-categoria"],"yoast_head":"<!-- This site is optimized with the Yoast SEO plugin v27.1.1 - https:\/\/yoast.com\/product\/yoast-seo-wordpress\/ -->\n<title>Se invalidar\u00e1 el proceso licitatorio de la v\u00eda Jun\u00edn- Barbacoas | P\u00e1gina10<\/title>\n<meta name=\"robots\" content=\"index, follow, max-snippet:-1, max-image-preview:large, max-video-preview:-1\" \/>\n<link rel=\"canonical\" href=\"https:\/\/pagina10.com\/web\/se-invalidara-el-proceso-licitatorio-de-la-via-junin-barbacoas\/\" \/>\n<meta property=\"og:locale\" content=\"es_ES\" \/>\n<meta property=\"og:type\" content=\"article\" \/>\n<meta property=\"og:title\" content=\"Se invalidar\u00e1 el proceso licitatorio de la v\u00eda Jun\u00edn- Barbacoas | P\u00e1gina10\" \/>\n<meta property=\"og:description\" content=\"Gobernador de Nari\u00f1o imparte instrucciones perentorias sobre el proceso de licitaci\u00f3n p\u00fablica&nbsp;&nbsp;PJB 01-2014,&nbsp;que tiene por objeto la selecci\u00f3n del contratista para el mejoramiento, rehabilitaci\u00f3n y reconstrucci\u00f3n de la v\u00eda Jun\u00edn \u2013Barbacoas El Gobernador del Departamento de Nari\u00f1o, RAUL DELGADO GUERRERO, con base en el Correo electr\u00f3nico remitido el d\u00eda de ayer por el Dr. CAMILO [&hellip;]\" \/>\n<meta property=\"og:url\" content=\"https:\/\/pagina10.com\/web\/se-invalidara-el-proceso-licitatorio-de-la-via-junin-barbacoas\/\" \/>\n<meta property=\"og:site_name\" content=\"P\u00e1gina10\" \/>\n<meta property=\"article:publisher\" content=\"https:\/\/www.facebook.com\/pag10com\" \/>\n<meta property=\"article:published_time\" content=\"2015-02-10T19:33:02+00:00\" \/>\n<meta property=\"og:image\" content=\"https:\/\/pagina10.com\/web\/wp-content\/uploads\/2015\/02\/79352fba9664c8ff78673f51f9f076d1.jpg\" \/>\n\t<meta property=\"og:image:width\" content=\"550\" \/>\n\t<meta property=\"og:image:height\" content=\"352\" \/>\n\t<meta property=\"og:image:type\" content=\"image\/jpeg\" \/>\n<meta name=\"author\" content=\"P\u00e1gina 10\" \/>\n<meta name=\"twitter:card\" content=\"summary_large_image\" \/>\n<meta name=\"twitter:creator\" content=\"@Pag10com\" \/>\n<meta name=\"twitter:site\" content=\"@Pag10com\" \/>\n<meta name=\"twitter:label1\" content=\"Escrito por\" \/>\n\t<meta name=\"twitter:data1\" content=\"P\u00e1gina 10\" \/>\n\t<meta name=\"twitter:label2\" content=\"Tiempo de lectura\" \/>\n\t<meta name=\"twitter:data2\" content=\"2 minutos\" \/>\n<script type=\"application\/ld+json\" class=\"yoast-schema-graph\">{\"@context\":\"https:\/\/schema.org\",\"@graph\":[{\"@type\":\"Article\",\"@id\":\"https:\/\/pagina10.com\/web\/se-invalidara-el-proceso-licitatorio-de-la-via-junin-barbacoas\/#article\",\"isPartOf\":{\"@id\":\"https:\/\/pagina10.com\/web\/se-invalidara-el-proceso-licitatorio-de-la-via-junin-barbacoas\/\"},\"author\":{\"name\":\"P\u00e1gina 10\",\"@id\":\"https:\/\/pagina10.com\/web\/#\/schema\/person\/a7a5d38f0629dfc107f619fbae4f6cc3\"},\"headline\":\"Se invalidar\u00e1 el proceso licitatorio de la v\u00eda Jun\u00edn- Barbacoas\",\"datePublished\":\"2015-02-10T19:33:02+00:00\",\"mainEntityOfPage\":{\"@id\":\"https:\/\/pagina10.com\/web\/se-invalidara-el-proceso-licitatorio-de-la-via-junin-barbacoas\/\"},\"wordCount\":387,\"commentCount\":0,\"publisher\":{\"@id\":\"https:\/\/pagina10.com\/web\/#organization\"},\"image\":{\"@id\":\"https:\/\/pagina10.com\/web\/se-invalidara-el-proceso-licitatorio-de-la-via-junin-barbacoas\/#primaryimage\"},\"thumbnailUrl\":\"https:\/\/pagina10.com\/web\/wp-content\/uploads\/2015\/02\/79352fba9664c8ff78673f51f9f076d1.jpg\",\"inLanguage\":\"es\",\"potentialAction\":[{\"@type\":\"CommentAction\",\"name\":\"Comment\",\"target\":[\"https:\/\/pagina10.com\/web\/se-invalidara-el-proceso-licitatorio-de-la-via-junin-barbacoas\/#respond\"]}]},{\"@type\":\"WebPage\",\"@id\":\"https:\/\/pagina10.com\/web\/se-invalidara-el-proceso-licitatorio-de-la-via-junin-barbacoas\/\",\"url\":\"https:\/\/pagina10.com\/web\/se-invalidara-el-proceso-licitatorio-de-la-via-junin-barbacoas\/\",\"name\":\"Se invalidar\u00e1 el proceso licitatorio de la v\u00eda Jun\u00edn- Barbacoas | P\u00e1gina10\",\"isPartOf\":{\"@id\":\"https:\/\/pagina10.com\/web\/#website\"},\"primaryImageOfPage\":{\"@id\":\"https:\/\/pagina10.com\/web\/se-invalidara-el-proceso-licitatorio-de-la-via-junin-barbacoas\/#primaryimage\"},\"image\":{\"@id\":\"https:\/\/pagina10.com\/web\/se-invalidara-el-proceso-licitatorio-de-la-via-junin-barbacoas\/#primaryimage\"},\"thumbnailUrl\":\"https:\/\/pagina10.com\/web\/wp-content\/uploads\/2015\/02\/79352fba9664c8ff78673f51f9f076d1.jpg\",\"datePublished\":\"2015-02-10T19:33:02+00:00\",\"breadcrumb\":{\"@id\":\"https:\/\/pagina10.com\/web\/se-invalidara-el-proceso-licitatorio-de-la-via-junin-barbacoas\/#breadcrumb\"},\"inLanguage\":\"es\",\"potentialAction\":[{\"@type\":\"ReadAction\",\"target\":[\"https:\/\/pagina10.com\/web\/se-invalidara-el-proceso-licitatorio-de-la-via-junin-barbacoas\/\"]}]},{\"@type\":\"ImageObject\",\"inLanguage\":\"es\",\"@id\":\"https:\/\/pagina10.com\/web\/se-invalidara-el-proceso-licitatorio-de-la-via-junin-barbacoas\/#primaryimage\",\"url\":\"https:\/\/pagina10.com\/web\/wp-content\/uploads\/2015\/02\/79352fba9664c8ff78673f51f9f076d1.jpg\",\"contentUrl\":\"https:\/\/pagina10.com\/web\/wp-content\/uploads\/2015\/02\/79352fba9664c8ff78673f51f9f076d1.jpg\",\"width\":550,\"height\":352},{\"@type\":\"BreadcrumbList\",\"@id\":\"https:\/\/pagina10.com\/web\/se-invalidara-el-proceso-licitatorio-de-la-via-junin-barbacoas\/#breadcrumb\",\"itemListElement\":[{\"@type\":\"ListItem\",\"position\":1,\"name\":\"Portada\",\"item\":\"https:\/\/pagina10.com\/web\/\"},{\"@type\":\"ListItem\",\"position\":2,\"name\":\"Se invalidar\u00e1 el proceso licitatorio de la v\u00eda Jun\u00edn- Barbacoas\"}]},{\"@type\":\"WebSite\",\"@id\":\"https:\/\/pagina10.com\/web\/#website\",\"url\":\"https:\/\/pagina10.com\/web\/\",\"name\":\"P\u00e1gina10\",\"description\":\"Peri\u00f3dico Regional\",\"publisher\":{\"@id\":\"https:\/\/pagina10.com\/web\/#organization\"},\"alternateName\":\"P\u00e1gina10 Peri\u00f3dico Regional\",\"potentialAction\":[{\"@type\":\"SearchAction\",\"target\":{\"@type\":\"EntryPoint\",\"urlTemplate\":\"https:\/\/pagina10.com\/web\/?s={search_term_string}\"},\"query-input\":{\"@type\":\"PropertyValueSpecification\",\"valueRequired\":true,\"valueName\":\"search_term_string\"}}],\"inLanguage\":\"es\"},{\"@type\":\"Organization\",\"@id\":\"https:\/\/pagina10.com\/web\/#organization\",\"name\":\"P\u00e1gina10\",\"alternateName\":\"P\u00e1gina10 Peri\u00f3dico Regional\",\"url\":\"https:\/\/pagina10.com\/web\/\",\"logo\":{\"@type\":\"ImageObject\",\"inLanguage\":\"es\",\"@id\":\"https:\/\/pagina10.com\/web\/#\/schema\/logo\/image\/\",\"url\":\"https:\/\/pagina10.com\/web\/wp-content\/uploads\/2024\/01\/40-pagina-10-periodico-regional-pasto.jpg\",\"contentUrl\":\"https:\/\/pagina10.com\/web\/wp-content\/uploads\/2024\/01\/40-pagina-10-periodico-regional-pasto.jpg\",\"width\":1280,\"height\":720,\"caption\":\"P\u00e1gina10\"},\"image\":{\"@id\":\"https:\/\/pagina10.com\/web\/#\/schema\/logo\/image\/\"},\"sameAs\":[\"https:\/\/www.facebook.com\/pag10com\",\"https:\/\/x.com\/Pag10com\",\"https:\/\/www.instagram.com\/pagina10col\/\",\"https:\/\/youtube.com\/channel\/pag10\",\"https:\/\/www.tiktok.com\/@p10col\"]},{\"@type\":\"Person\",\"@id\":\"https:\/\/pagina10.com\/web\/#\/schema\/person\/a7a5d38f0629dfc107f619fbae4f6cc3\",\"name\":\"P\u00e1gina 10\",\"description\":\"P\u00e1gina10.com es un peri\u00f3dico digital que nace en Colombia, en el departamento de Nari\u00f1o, con un enfoque global, fundamentado en cuatro pilares esenciales: la libertad, el pluralismo, la inclusi\u00f3n y la independencia. P\u00e1gina10.com hace referencia a Nari\u00f1o como el d\u00e9cimo departamento creado en Colombia, despu\u00e9s de un proceso pol\u00edtico liderado por actores y actrices regionales con el fin de obtener la independencia y autonom\u00eda de nuestros territorios. Con la creaci\u00f3n de P\u00e1gina10.com se pretende abrir un escenario para el dialogo, la reflexi\u00f3n y el debate que se extienda a otras geograf\u00edas de Am\u00e9rica Latina y del planeta, en una apuesta por transformar colectivamente los desaf\u00edos de un mundo contempor\u00e1neo, m\u00e1s all\u00e1 de las fronteras impuestas.\",\"url\":\"https:\/\/pagina10.com\/web\/author\/mcepeda\/\"}]}<\/script>\n<!-- \/ Yoast SEO plugin. -->","yoast_head_json":{"title":"Se invalidar\u00e1 el proceso licitatorio de la v\u00eda Jun\u00edn- Barbacoas | P\u00e1gina10","robots":{"index":"index","follow":"follow","max-snippet":"max-snippet:-1","max-image-preview":"max-image-preview:large","max-video-preview":"max-video-preview:-1"},"canonical":"https:\/\/pagina10.com\/web\/se-invalidara-el-proceso-licitatorio-de-la-via-junin-barbacoas\/","og_locale":"es_ES","og_type":"article","og_title":"Se invalidar\u00e1 el proceso licitatorio de la v\u00eda Jun\u00edn- Barbacoas | P\u00e1gina10","og_description":"Gobernador de Nari\u00f1o imparte instrucciones perentorias sobre el proceso de licitaci\u00f3n p\u00fablica&nbsp;&nbsp;PJB 01-2014,&nbsp;que tiene por objeto la selecci\u00f3n del contratista para el mejoramiento, rehabilitaci\u00f3n y reconstrucci\u00f3n de la v\u00eda Jun\u00edn \u2013Barbacoas El Gobernador del Departamento de Nari\u00f1o, RAUL DELGADO GUERRERO, con base en el Correo electr\u00f3nico remitido el d\u00eda de ayer por el Dr. CAMILO [&hellip;]","og_url":"https:\/\/pagina10.com\/web\/se-invalidara-el-proceso-licitatorio-de-la-via-junin-barbacoas\/","og_site_name":"P\u00e1gina10","article_publisher":"https:\/\/www.facebook.com\/pag10com","article_published_time":"2015-02-10T19:33:02+00:00","og_image":[{"width":550,"height":352,"url":"https:\/\/pagina10.com\/web\/wp-content\/uploads\/2015\/02\/79352fba9664c8ff78673f51f9f076d1.jpg","type":"image\/jpeg"}],"author":"P\u00e1gina 10","twitter_card":"summary_large_image","twitter_creator":"@Pag10com","twitter_site":"@Pag10com","twitter_misc":{"Escrito por":"P\u00e1gina 10","Tiempo de lectura":"2 minutos"},"schema":{"@context":"https:\/\/schema.org","@graph":[{"@type":"Article","@id":"https:\/\/pagina10.com\/web\/se-invalidara-el-proceso-licitatorio-de-la-via-junin-barbacoas\/#article","isPartOf":{"@id":"https:\/\/pagina10.com\/web\/se-invalidara-el-proceso-licitatorio-de-la-via-junin-barbacoas\/"},"author":{"name":"P\u00e1gina 10","@id":"https:\/\/pagina10.com\/web\/#\/schema\/person\/a7a5d38f0629dfc107f619fbae4f6cc3"},"headline":"Se invalidar\u00e1 el proceso licitatorio de la v\u00eda Jun\u00edn- Barbacoas","datePublished":"2015-02-10T19:33:02+00:00","mainEntityOfPage":{"@id":"https:\/\/pagina10.com\/web\/se-invalidara-el-proceso-licitatorio-de-la-via-junin-barbacoas\/"},"wordCount":387,"commentCount":0,"publisher":{"@id":"https:\/\/pagina10.com\/web\/#organization"},"image":{"@id":"https:\/\/pagina10.com\/web\/se-invalidara-el-proceso-licitatorio-de-la-via-junin-barbacoas\/#primaryimage"},"thumbnailUrl":"https:\/\/pagina10.com\/web\/wp-content\/uploads\/2015\/02\/79352fba9664c8ff78673f51f9f076d1.jpg","inLanguage":"es","potentialAction":[{"@type":"CommentAction","name":"Comment","target":["https:\/\/pagina10.com\/web\/se-invalidara-el-proceso-licitatorio-de-la-via-junin-barbacoas\/#respond"]}]},{"@type":"WebPage","@id":"https:\/\/pagina10.com\/web\/se-invalidara-el-proceso-licitatorio-de-la-via-junin-barbacoas\/","url":"https:\/\/pagina10.com\/web\/se-invalidara-el-proceso-licitatorio-de-la-via-junin-barbacoas\/","name":"Se invalidar\u00e1 el proceso licitatorio de la v\u00eda Jun\u00edn- Barbacoas | P\u00e1gina10","isPartOf":{"@id":"https:\/\/pagina10.com\/web\/#website"},"primaryImageOfPage":{"@id":"https:\/\/pagina10.com\/web\/se-invalidara-el-proceso-licitatorio-de-la-via-junin-barbacoas\/#primaryimage"},"image":{"@id":"https:\/\/pagina10.com\/web\/se-invalidara-el-proceso-licitatorio-de-la-via-junin-barbacoas\/#primaryimage"},"thumbnailUrl":"https:\/\/pagina10.com\/web\/wp-content\/uploads\/2015\/02\/79352fba9664c8ff78673f51f9f076d1.jpg","datePublished":"2015-02-10T19:33:02+00:00","breadcrumb":{"@id":"https:\/\/pagina10.com\/web\/se-invalidara-el-proceso-licitatorio-de-la-via-junin-barbacoas\/#breadcrumb"},"inLanguage":"es","potentialAction":[{"@type":"ReadAction","target":["https:\/\/pagina10.com\/web\/se-invalidara-el-proceso-licitatorio-de-la-via-junin-barbacoas\/"]}]},{"@type":"ImageObject","inLanguage":"es","@id":"https:\/\/pagina10.com\/web\/se-invalidara-el-proceso-licitatorio-de-la-via-junin-barbacoas\/#primaryimage","url":"https:\/\/pagina10.com\/web\/wp-content\/uploads\/2015\/02\/79352fba9664c8ff78673f51f9f076d1.jpg","contentUrl":"https:\/\/pagina10.com\/web\/wp-content\/uploads\/2015\/02\/79352fba9664c8ff78673f51f9f076d1.jpg","width":550,"height":352},{"@type":"BreadcrumbList","@id":"https:\/\/pagina10.com\/web\/se-invalidara-el-proceso-licitatorio-de-la-via-junin-barbacoas\/#breadcrumb","itemListElement":[{"@type":"ListItem","position":1,"name":"Portada","item":"https:\/\/pagina10.com\/web\/"},{"@type":"ListItem","position":2,"name":"Se invalidar\u00e1 el proceso licitatorio de la v\u00eda Jun\u00edn- Barbacoas"}]},{"@type":"WebSite","@id":"https:\/\/pagina10.com\/web\/#website","url":"https:\/\/pagina10.com\/web\/","name":"P\u00e1gina10","description":"Peri\u00f3dico Regional","publisher":{"@id":"https:\/\/pagina10.com\/web\/#organization"},"alternateName":"P\u00e1gina10 Peri\u00f3dico Regional","potentialAction":[{"@type":"SearchAction","target":{"@type":"EntryPoint","urlTemplate":"https:\/\/pagina10.com\/web\/?s={search_term_string}"},"query-input":{"@type":"PropertyValueSpecification","valueRequired":true,"valueName":"search_term_string"}}],"inLanguage":"es"},{"@type":"Organization","@id":"https:\/\/pagina10.com\/web\/#organization","name":"P\u00e1gina10","alternateName":"P\u00e1gina10 Peri\u00f3dico Regional","url":"https:\/\/pagina10.com\/web\/","logo":{"@type":"ImageObject","inLanguage":"es","@id":"https:\/\/pagina10.com\/web\/#\/schema\/logo\/image\/","url":"https:\/\/pagina10.com\/web\/wp-content\/uploads\/2024\/01\/40-pagina-10-periodico-regional-pasto.jpg","contentUrl":"https:\/\/pagina10.com\/web\/wp-content\/uploads\/2024\/01\/40-pagina-10-periodico-regional-pasto.jpg","width":1280,"height":720,"caption":"P\u00e1gina10"},"image":{"@id":"https:\/\/pagina10.com\/web\/#\/schema\/logo\/image\/"},"sameAs":["https:\/\/www.facebook.com\/pag10com","https:\/\/x.com\/Pag10com","https:\/\/www.instagram.com\/pagina10col\/","https:\/\/youtube.com\/channel\/pag10","https:\/\/www.tiktok.com\/@p10col"]},{"@type":"Person","@id":"https:\/\/pagina10.com\/web\/#\/schema\/person\/a7a5d38f0629dfc107f619fbae4f6cc3","name":"P\u00e1gina 10","description":"P\u00e1gina10.com es un peri\u00f3dico digital que nace en Colombia, en el departamento de Nari\u00f1o, con un enfoque global, fundamentado en cuatro pilares esenciales: la libertad, el pluralismo, la inclusi\u00f3n y la independencia. P\u00e1gina10.com hace referencia a Nari\u00f1o como el d\u00e9cimo departamento creado en Colombia, despu\u00e9s de un proceso pol\u00edtico liderado por actores y actrices regionales con el fin de obtener la independencia y autonom\u00eda de nuestros territorios. Con la creaci\u00f3n de P\u00e1gina10.com se pretende abrir un escenario para el dialogo, la reflexi\u00f3n y el debate que se extienda a otras geograf\u00edas de Am\u00e9rica Latina y del planeta, en una apuesta por transformar colectivamente los desaf\u00edos de un mundo contempor\u00e1neo, m\u00e1s all\u00e1 de las fronteras impuestas.","url":"https:\/\/pagina10.com\/web\/author\/mcepeda\/"}]}},"_links":{"self":[{"href":"https:\/\/pagina10.com\/web\/wp-json\/wp\/v2\/posts\/14793","targetHints":{"allow":["GET"]}}],"collection":[{"href":"https:\/\/pagina10.com\/web\/wp-json\/wp\/v2\/posts"}],"about":[{"href":"https:\/\/pagina10.com\/web\/wp-json\/wp\/v2\/types\/post"}],"author":[{"embeddable":true,"href":"https:\/\/pagina10.com\/web\/wp-json\/wp\/v2\/users\/29"}],"replies":[{"embeddable":true,"href":"https:\/\/pagina10.com\/web\/wp-json\/wp\/v2\/comments?post=14793"}],"version-history":[{"count":0,"href":"https:\/\/pagina10.com\/web\/wp-json\/wp\/v2\/posts\/14793\/revisions"}],"wp:featuredmedia":[{"embeddable":true,"href":"https:\/\/pagina10.com\/web\/wp-json\/wp\/v2\/media\/14792"}],"wp:attachment":[{"href":"https:\/\/pagina10.com\/web\/wp-json\/wp\/v2\/media?parent=14793"}],"wp:term":[{"taxonomy":"category","embeddable":true,"href":"https:\/\/pagina10.com\/web\/wp-json\/wp\/v2\/categories?post=14793"},{"taxonomy":"post_tag","embeddable":true,"href":"https:\/\/pagina10.com\/web\/wp-json\/wp\/v2\/tags?post=14793"}],"curies":[{"name":"wp","href":"https:\/\/api.w.org\/{rel}","templated":true}]}}