{"id":14803,"date":"2015-02-11T02:45:21","date_gmt":"2015-02-11T02:45:21","guid":{"rendered":"https:\/\/pagina10.com\/web\/idiotizate\/"},"modified":"2015-02-11T02:45:21","modified_gmt":"2015-02-11T02:45:21","slug":"idiotizate","status":"publish","type":"post","link":"https:\/\/pagina10.com\/web\/idiotizate\/","title":{"rendered":"\u00a1Idiot\u00edzate!"},"content":{"rendered":"<p><img fetchpriority=\"high\" decoding=\"async\" class=\" size-full wp-image-14802\" src=\"https:\/\/pagina10.com\/web\/wp-content\/uploads\/2015\/02\/69e2cbd73aefaea6f4934511256ffb40.jpg\" alt=\"\" width=\"560\" height=\"373\" srcset=\"https:\/\/pagina10.com\/web\/wp-content\/uploads\/2015\/02\/69e2cbd73aefaea6f4934511256ffb40.jpg 560w, https:\/\/pagina10.com\/web\/wp-content\/uploads\/2015\/02\/69e2cbd73aefaea6f4934511256ffb40-300x200.jpg 300w, https:\/\/pagina10.com\/web\/wp-content\/uploads\/2015\/02\/69e2cbd73aefaea6f4934511256ffb40-450x300.jpg 450w\" sizes=\"(max-width: 560px) 100vw, 560px\" \/><\/p>\n<p style=\"text-align: justify;\">&nbsp;Los canales privados de televisi\u00f3n en su af\u00e1n de competir por el rating le apuestan al todo vale. En esta oportunidad le hacen gala a la vida de un artista vallenato que si bien fue muy exitoso, tambi\u00e9n tuvo una vida sombr\u00eda que con nada se justifica su proceder por ser un mortal m\u00e1s: dej\u00f3 una estela de malos ejemplos para la ni\u00f1ez y juventud, y en general, para todos los colombianos.<\/p>\n<p style=\"text-align: justify;\">&nbsp;Antes ya se hab\u00eda hecho apolog\u00eda al delito con la serie dedicada a Pablo Escobar, donde se muestra a un hombre generoso, aventurero, bonach\u00f3n, enamoradizo que todo lo soluciona con dinero. Pero no podemos olvidar los cr\u00edmenes que cometi\u00f3 y el momento hist\u00f3rico de muerte y terror que impuso gracias a las jugosas ganancias que obtuvo del narcotr\u00e1fico.<\/p>\n<p style=\"text-align: justify;\">&nbsp;A ello se suman series como la de Los tres Ca\u00ednes, en la que tambi\u00e9n, por encima de v\u00edctimas y familiares de v\u00edctimas de paramilitares, se mostr\u00f3 a los hermanos Casta\u00f1o como unos justicieros y rom\u00e1nticos luchadores, ignorando la crueldad con la que asesinaban de manera indiscriminada a quienes ellos consideraban que era enemigo o simplemente porque ten\u00eda una ideolog\u00eda que se apartaba del establecimiento, como ocurri\u00f3 con Jaime Garz\u00f3n.<\/p>\n<p style=\"text-align: justify;\">&nbsp;Ahora el Canal RCN quiere apuntarse un hit en sinton\u00eda rindi\u00e9ndole tributo a un personaje controvertido como lo fue Diomedes D\u00edaz. Para ello emplean una estrategia publicitaria que le denominan \u201cDiomed\u00edzate\u201d. No quisi\u00e9ramos interpretar que \u201cdiomedizarse\u201d es ser feminicida, consumir coca\u00edna, whisky, emplear un lenguaje soez en p\u00fablico, tener sexo desenfrenado. Es decir, el asesino es recordado como h\u00e9roe por haber matado a una mujer.<\/p>\n<p style=\"text-align: justify;\">&nbsp;En un pa\u00eds donde las mujeres reclaman a gritos el respeto por sus derechos, no podemos quedarnos imp\u00e1vidos, el silencio es complaciente. Por ello deber\u00edamos generar cero tolerancia a los abusos que cometen ciertos personajes que por el hecho de gozar de fama cometen abusos y se convierten en malos ejemplos de la sociedad por ser figuras visibles.<\/p>\n<p style=\"text-align: justify;\">&nbsp;Ahora, con este seriado miles de colombianos estar\u00e1n atentos a conocer la desquiciada vida que llev\u00f3 el protagonista, adobada con elementos de fantas\u00eda que le pone el libretista para hacerla atractiva.<\/p>\n<p style=\"text-align: justify;\">&nbsp;De seguro muchos querr\u00e1n ser como \u00e9l, incluso en el subconsciente de muchos se quedara grabado que el peso de la fama es tener un desorden familiar con hijos abandonados, participar de org\u00edas y pegarles a las mujeres o matarlas.<\/p>\n<p style=\"text-align: justify;\">&nbsp;Nos creyeron idiotas. No todos somos borregos en este pa\u00eds y algunos pensamos que le conviene a este pa\u00eds y que no. Pero generar violencia m\u00e1s de la que ya tenemos es inaudito. Esta vez con la fuerza y la tecnolog\u00eda que le puede imprimir uno de los canales que m\u00e1s se impone en Colombia.<\/p>\n<p style=\"text-align: justify;\">&nbsp;Definitivamente, desde que aparecieron los dos canales privados de televisi\u00f3n se acab\u00f3 la televisi\u00f3n colombiana. Antes, con la televisi\u00f3n p\u00fablica se transmit\u00eda telenovelas dedicadas a difundir la cultura colombiana con contenidos que contribu\u00edan a formar ciudadanos con sentido de pertenencia por nuestro pa\u00eds.<\/p>\n<p style=\"text-align: justify;\">&nbsp;En cambio, el acto morboso de presentar a un personaje oscuro solo conlleva a caer en el fanatismo y la carencia de sensatez, dando prioridad al factor econ\u00f3mico, compitiendo por ganar en sinton\u00eda y en ventas. Estas pr\u00e1cticas no contribuyen a consolidar la paz en un pa\u00eds martirizado.<\/p>\n<p style=\"text-align: justify;\">&nbsp;El mensaje que se transmite es el del prototipo de hombre exitoso que puede hacer lo que se le viene en gana como consumir coca\u00edna y terminar como autor material de cr\u00edmenes.<\/p>\n<p style=\"text-align: justify;\">&nbsp;Entonces, si la televisi\u00f3n forma personalidades, deber\u00eda transmitir programas de calidad que formen en valores y no solo programas sensacionalistas que mal educan a generaciones. Despu\u00e9s no nos quejemos.<\/p>\n<p align=\"center\" style=\"text-align: justify;\"><a href=\"mailto:fundacionecosofia@gmail.com\">&nbsp;<\/a><\/p>\n","protected":false},"excerpt":{"rendered":"<p>&nbsp;Los canales privados de televisi\u00f3n en su af\u00e1n de competir por el rating le apuestan al todo vale. En esta oportunidad le hacen gala a la vida de un artista vallenato que si bien fue muy exitoso, tambi\u00e9n tuvo una vida sombr\u00eda que con nada se justifica su proceder por ser un mortal m\u00e1s: dej\u00f3 [&hellip;]<\/p>\n","protected":false},"author":65,"featured_media":14802,"comment_status":"open","ping_status":"open","sticky":false,"template":"","format":"standard","meta":{"footnotes":""},"categories":[1],"tags":[],"class_list":["post-14803","post","type-post","status-publish","format-standard","has-post-thumbnail","hentry","category-sin-categoria"],"yoast_head":"<!-- This site is optimized with the Yoast SEO plugin v27.1.1 - https:\/\/yoast.com\/product\/yoast-seo-wordpress\/ -->\n<title>\u00a1Idiot\u00edzate! | P\u00e1gina10<\/title>\n<meta name=\"robots\" content=\"index, follow, max-snippet:-1, max-image-preview:large, max-video-preview:-1\" \/>\n<link rel=\"canonical\" href=\"https:\/\/pagina10.com\/web\/idiotizate\/\" \/>\n<meta property=\"og:locale\" content=\"es_ES\" \/>\n<meta property=\"og:type\" content=\"article\" \/>\n<meta property=\"og:title\" content=\"\u00a1Idiot\u00edzate! | P\u00e1gina10\" \/>\n<meta property=\"og:description\" content=\"&nbsp;Los canales privados de televisi\u00f3n en su af\u00e1n de competir por el rating le apuestan al todo vale. En esta oportunidad le hacen gala a la vida de un artista vallenato que si bien fue muy exitoso, tambi\u00e9n tuvo una vida sombr\u00eda que con nada se justifica su proceder por ser un mortal m\u00e1s: dej\u00f3 [&hellip;]\" \/>\n<meta property=\"og:url\" content=\"https:\/\/pagina10.com\/web\/idiotizate\/\" \/>\n<meta property=\"og:site_name\" content=\"P\u00e1gina10\" \/>\n<meta property=\"article:publisher\" content=\"https:\/\/www.facebook.com\/pag10com\" \/>\n<meta property=\"article:published_time\" content=\"2015-02-11T02:45:21+00:00\" \/>\n<meta property=\"og:image\" content=\"https:\/\/pagina10.com\/web\/wp-content\/uploads\/2015\/02\/69e2cbd73aefaea6f4934511256ffb40.jpg\" \/>\n\t<meta property=\"og:image:width\" content=\"560\" \/>\n\t<meta property=\"og:image:height\" content=\"373\" \/>\n\t<meta property=\"og:image:type\" content=\"image\/jpeg\" \/>\n<meta name=\"author\" content=\"Anibal Ar\u00e9valo Rosero\" \/>\n<meta name=\"twitter:card\" content=\"summary_large_image\" \/>\n<meta name=\"twitter:creator\" content=\"@Pag10com\" \/>\n<meta name=\"twitter:site\" content=\"@Pag10com\" \/>\n<meta name=\"twitter:label1\" content=\"Escrito por\" \/>\n\t<meta name=\"twitter:data1\" content=\"Anibal Ar\u00e9valo Rosero\" \/>\n\t<meta name=\"twitter:label2\" content=\"Tiempo de lectura\" \/>\n\t<meta name=\"twitter:data2\" content=\"3 minutos\" \/>\n<script type=\"application\/ld+json\" class=\"yoast-schema-graph\">{\"@context\":\"https:\/\/schema.org\",\"@graph\":[{\"@type\":\"Article\",\"@id\":\"https:\/\/pagina10.com\/web\/idiotizate\/#article\",\"isPartOf\":{\"@id\":\"https:\/\/pagina10.com\/web\/idiotizate\/\"},\"author\":{\"name\":\"Anibal Ar\u00e9valo Rosero\",\"@id\":\"https:\/\/pagina10.com\/web\/#\/schema\/person\/9ec3e2b432363a195d2d01bf820c66fe\"},\"headline\":\"\u00a1Idiot\u00edzate!\",\"datePublished\":\"2015-02-11T02:45:21+00:00\",\"mainEntityOfPage\":{\"@id\":\"https:\/\/pagina10.com\/web\/idiotizate\/\"},\"wordCount\":673,\"commentCount\":0,\"publisher\":{\"@id\":\"https:\/\/pagina10.com\/web\/#organization\"},\"image\":{\"@id\":\"https:\/\/pagina10.com\/web\/idiotizate\/#primaryimage\"},\"thumbnailUrl\":\"https:\/\/pagina10.com\/web\/wp-content\/uploads\/2015\/02\/69e2cbd73aefaea6f4934511256ffb40.jpg\",\"inLanguage\":\"es\",\"potentialAction\":[{\"@type\":\"CommentAction\",\"name\":\"Comment\",\"target\":[\"https:\/\/pagina10.com\/web\/idiotizate\/#respond\"]}]},{\"@type\":\"WebPage\",\"@id\":\"https:\/\/pagina10.com\/web\/idiotizate\/\",\"url\":\"https:\/\/pagina10.com\/web\/idiotizate\/\",\"name\":\"\u00a1Idiot\u00edzate! | P\u00e1gina10\",\"isPartOf\":{\"@id\":\"https:\/\/pagina10.com\/web\/#website\"},\"primaryImageOfPage\":{\"@id\":\"https:\/\/pagina10.com\/web\/idiotizate\/#primaryimage\"},\"image\":{\"@id\":\"https:\/\/pagina10.com\/web\/idiotizate\/#primaryimage\"},\"thumbnailUrl\":\"https:\/\/pagina10.com\/web\/wp-content\/uploads\/2015\/02\/69e2cbd73aefaea6f4934511256ffb40.jpg\",\"datePublished\":\"2015-02-11T02:45:21+00:00\",\"breadcrumb\":{\"@id\":\"https:\/\/pagina10.com\/web\/idiotizate\/#breadcrumb\"},\"inLanguage\":\"es\",\"potentialAction\":[{\"@type\":\"ReadAction\",\"target\":[\"https:\/\/pagina10.com\/web\/idiotizate\/\"]}]},{\"@type\":\"ImageObject\",\"inLanguage\":\"es\",\"@id\":\"https:\/\/pagina10.com\/web\/idiotizate\/#primaryimage\",\"url\":\"https:\/\/pagina10.com\/web\/wp-content\/uploads\/2015\/02\/69e2cbd73aefaea6f4934511256ffb40.jpg\",\"contentUrl\":\"https:\/\/pagina10.com\/web\/wp-content\/uploads\/2015\/02\/69e2cbd73aefaea6f4934511256ffb40.jpg\",\"width\":560,\"height\":373},{\"@type\":\"BreadcrumbList\",\"@id\":\"https:\/\/pagina10.com\/web\/idiotizate\/#breadcrumb\",\"itemListElement\":[{\"@type\":\"ListItem\",\"position\":1,\"name\":\"Portada\",\"item\":\"https:\/\/pagina10.com\/web\/\"},{\"@type\":\"ListItem\",\"position\":2,\"name\":\"\u00a1Idiot\u00edzate!\"}]},{\"@type\":\"WebSite\",\"@id\":\"https:\/\/pagina10.com\/web\/#website\",\"url\":\"https:\/\/pagina10.com\/web\/\",\"name\":\"P\u00e1gina10\",\"description\":\"Peri\u00f3dico Regional\",\"publisher\":{\"@id\":\"https:\/\/pagina10.com\/web\/#organization\"},\"alternateName\":\"P\u00e1gina10 Peri\u00f3dico Regional\",\"potentialAction\":[{\"@type\":\"SearchAction\",\"target\":{\"@type\":\"EntryPoint\",\"urlTemplate\":\"https:\/\/pagina10.com\/web\/?s={search_term_string}\"},\"query-input\":{\"@type\":\"PropertyValueSpecification\",\"valueRequired\":true,\"valueName\":\"search_term_string\"}}],\"inLanguage\":\"es\"},{\"@type\":\"Organization\",\"@id\":\"https:\/\/pagina10.com\/web\/#organization\",\"name\":\"P\u00e1gina10\",\"alternateName\":\"P\u00e1gina10 Peri\u00f3dico Regional\",\"url\":\"https:\/\/pagina10.com\/web\/\",\"logo\":{\"@type\":\"ImageObject\",\"inLanguage\":\"es\",\"@id\":\"https:\/\/pagina10.com\/web\/#\/schema\/logo\/image\/\",\"url\":\"https:\/\/pagina10.com\/web\/wp-content\/uploads\/2024\/01\/40-pagina-10-periodico-regional-pasto.jpg\",\"contentUrl\":\"https:\/\/pagina10.com\/web\/wp-content\/uploads\/2024\/01\/40-pagina-10-periodico-regional-pasto.jpg\",\"width\":1280,\"height\":720,\"caption\":\"P\u00e1gina10\"},\"image\":{\"@id\":\"https:\/\/pagina10.com\/web\/#\/schema\/logo\/image\/\"},\"sameAs\":[\"https:\/\/www.facebook.com\/pag10com\",\"https:\/\/x.com\/Pag10com\",\"https:\/\/www.instagram.com\/pagina10col\/\",\"https:\/\/youtube.com\/channel\/pag10\",\"https:\/\/www.tiktok.com\/@p10col\"]},{\"@type\":\"Person\",\"@id\":\"https:\/\/pagina10.com\/web\/#\/schema\/person\/9ec3e2b432363a195d2d01bf820c66fe\",\"name\":\"Anibal Ar\u00e9valo Rosero\",\"description\":\"An\u00edbal Ar\u00e9valo Rosero a trav\u00e9s de su vida ha realizado diversas actividades tendientes a reivindicar al ser humano en su conciencia plena. Durante su vida ha hecho teatro, a escrito poes\u00eda y en sus tiempos de universitario realiz\u00f3 varias publicaciones entre las que se recuerda la revista Quinde. Junto con otros compa\u00f1eros fund\u00f3 el Taller Cultural El Cueche, equipo con el que se hicieron varias publicaciones. De este mismo grupo hay que resaltar que se hizo un trabajo pionero en la difusi\u00f3n de la m\u00fasica andina, latinoamericana y del caribe. Despu\u00e9s de terminar sus estudios de biolog\u00eda en la Universidad de Nari\u00f1o entr\u00f3 a laborar en emisoras de la ciudad de Pasto como en RCN, donde se desempe\u00f1aba como locutor de planta. Dirigi\u00f3 programas en la extinta Ondas del Mayo, en varias oportunidades; tambi\u00e9n en Ecos de Pasto. Fue colaborador de el Noticias RCN y dirigi\u00f3 el programa Simana al D\u00eda, del Sindicato del Magisterio de Nari\u00f1o, en dos \u00e9pocas. En el a\u00f1o de 1992 funda el Comit\u00e9 de Solidaridad con Cuba Jos\u00e9 Mart\u00ed, cuyo objetivo era divulgar la realidad cubana y expresar apoyo moral, pol\u00edtico y material al pa\u00eds caribe\u00f1o. Ante la mala interpretaci\u00f3n que la gente le daba a este tipo de acciones, se decide promover viajes de solidad a Cuba para participar en la Brigada Latinoamericana de Trabajo Voluntario, en el Festival Cuba Vive y, de manera especia,l en el 14 Festival Mundial de la Juventud y los Estudiantes, que se desarroll\u00f3 en la isla en el a\u00f1o de 1997. Con esta experiencia impulsa el turismo al pa\u00eds caribe\u00f1o con el resultado de que miles de personas han participado de las excursiones organizadas por Ar\u00e9valo Rosero. Asimismo ha venido impulsando las Brigadas de Salud en Cuba, tendiente a llevar pacientes de c\u00e1ncer a ese destino con el fin de que reciban atenci\u00f3n m\u00e9dica, teniendo en cuenta que la experiencia cubana en el tema ha sido bastante favorable. Veinte a\u00f1os despu\u00e9s de estas nutritivas experiencias, le permiten impulsar excursiones adem\u00e1s a M\u00e9xico, Machu Picchu, Argentina, Ecuador, Panam\u00e1 y Tierra Santa. En cuanto al desempe\u00f1o period\u00edstico, adem\u00e1s de los medios radiales y de televisi\u00f3n, en los canales de la universidades de Nari\u00f1o y Mariana, se ha desempe\u00f1ado como columnista en Diario del Sur durante 6 a\u00f1os y en algunos medios virtuales. Tambi\u00e9n es colaborador de el Diario del Cauca. Considera que la pr\u00e1ctica de la lectura es beber de la fuente nutricia que permite apropiarse de manera consciente del ejercicio de la democracia; y la posibilidad de escribir y ser le\u00eddo, acceder al poder, por que considera la palabra como el mayor instrumento de acci\u00f3n cuando est\u00e1 bien encamina al leg\u00edtimo servicio social. En la actualidad adem\u00e1s de so\u00f1ar con viajar por el mundo se desempe\u00f1a como docente del departamento de ciencias de Inem Luis Delf\u00edn Insuasty de Pasto. Correo: Esta direcci\u00f3n de correo electr\u00f3nico est\u00e1 protegida contra spambots. Usted necesita tener Javascript activado para poder verla.\\\" target=\\\"_blank\\\" style=\\\"color: #1155cc; text-align: justify; font-family: arial, sans-serif; font-size: 13px; line-height: normal;\\\"&gt;fundacionecosofia@gmail.com\",\"url\":\"https:\/\/pagina10.com\/web\/author\/anibal\/\"}]}<\/script>\n<!-- \/ Yoast SEO plugin. -->","yoast_head_json":{"title":"\u00a1Idiot\u00edzate! | P\u00e1gina10","robots":{"index":"index","follow":"follow","max-snippet":"max-snippet:-1","max-image-preview":"max-image-preview:large","max-video-preview":"max-video-preview:-1"},"canonical":"https:\/\/pagina10.com\/web\/idiotizate\/","og_locale":"es_ES","og_type":"article","og_title":"\u00a1Idiot\u00edzate! | P\u00e1gina10","og_description":"&nbsp;Los canales privados de televisi\u00f3n en su af\u00e1n de competir por el rating le apuestan al todo vale. En esta oportunidad le hacen gala a la vida de un artista vallenato que si bien fue muy exitoso, tambi\u00e9n tuvo una vida sombr\u00eda que con nada se justifica su proceder por ser un mortal m\u00e1s: dej\u00f3 [&hellip;]","og_url":"https:\/\/pagina10.com\/web\/idiotizate\/","og_site_name":"P\u00e1gina10","article_publisher":"https:\/\/www.facebook.com\/pag10com","article_published_time":"2015-02-11T02:45:21+00:00","og_image":[{"width":560,"height":373,"url":"https:\/\/pagina10.com\/web\/wp-content\/uploads\/2015\/02\/69e2cbd73aefaea6f4934511256ffb40.jpg","type":"image\/jpeg"}],"author":"Anibal Ar\u00e9valo Rosero","twitter_card":"summary_large_image","twitter_creator":"@Pag10com","twitter_site":"@Pag10com","twitter_misc":{"Escrito por":"Anibal Ar\u00e9valo Rosero","Tiempo de lectura":"3 minutos"},"schema":{"@context":"https:\/\/schema.org","@graph":[{"@type":"Article","@id":"https:\/\/pagina10.com\/web\/idiotizate\/#article","isPartOf":{"@id":"https:\/\/pagina10.com\/web\/idiotizate\/"},"author":{"name":"Anibal Ar\u00e9valo Rosero","@id":"https:\/\/pagina10.com\/web\/#\/schema\/person\/9ec3e2b432363a195d2d01bf820c66fe"},"headline":"\u00a1Idiot\u00edzate!","datePublished":"2015-02-11T02:45:21+00:00","mainEntityOfPage":{"@id":"https:\/\/pagina10.com\/web\/idiotizate\/"},"wordCount":673,"commentCount":0,"publisher":{"@id":"https:\/\/pagina10.com\/web\/#organization"},"image":{"@id":"https:\/\/pagina10.com\/web\/idiotizate\/#primaryimage"},"thumbnailUrl":"https:\/\/pagina10.com\/web\/wp-content\/uploads\/2015\/02\/69e2cbd73aefaea6f4934511256ffb40.jpg","inLanguage":"es","potentialAction":[{"@type":"CommentAction","name":"Comment","target":["https:\/\/pagina10.com\/web\/idiotizate\/#respond"]}]},{"@type":"WebPage","@id":"https:\/\/pagina10.com\/web\/idiotizate\/","url":"https:\/\/pagina10.com\/web\/idiotizate\/","name":"\u00a1Idiot\u00edzate! | P\u00e1gina10","isPartOf":{"@id":"https:\/\/pagina10.com\/web\/#website"},"primaryImageOfPage":{"@id":"https:\/\/pagina10.com\/web\/idiotizate\/#primaryimage"},"image":{"@id":"https:\/\/pagina10.com\/web\/idiotizate\/#primaryimage"},"thumbnailUrl":"https:\/\/pagina10.com\/web\/wp-content\/uploads\/2015\/02\/69e2cbd73aefaea6f4934511256ffb40.jpg","datePublished":"2015-02-11T02:45:21+00:00","breadcrumb":{"@id":"https:\/\/pagina10.com\/web\/idiotizate\/#breadcrumb"},"inLanguage":"es","potentialAction":[{"@type":"ReadAction","target":["https:\/\/pagina10.com\/web\/idiotizate\/"]}]},{"@type":"ImageObject","inLanguage":"es","@id":"https:\/\/pagina10.com\/web\/idiotizate\/#primaryimage","url":"https:\/\/pagina10.com\/web\/wp-content\/uploads\/2015\/02\/69e2cbd73aefaea6f4934511256ffb40.jpg","contentUrl":"https:\/\/pagina10.com\/web\/wp-content\/uploads\/2015\/02\/69e2cbd73aefaea6f4934511256ffb40.jpg","width":560,"height":373},{"@type":"BreadcrumbList","@id":"https:\/\/pagina10.com\/web\/idiotizate\/#breadcrumb","itemListElement":[{"@type":"ListItem","position":1,"name":"Portada","item":"https:\/\/pagina10.com\/web\/"},{"@type":"ListItem","position":2,"name":"\u00a1Idiot\u00edzate!"}]},{"@type":"WebSite","@id":"https:\/\/pagina10.com\/web\/#website","url":"https:\/\/pagina10.com\/web\/","name":"P\u00e1gina10","description":"Peri\u00f3dico Regional","publisher":{"@id":"https:\/\/pagina10.com\/web\/#organization"},"alternateName":"P\u00e1gina10 Peri\u00f3dico Regional","potentialAction":[{"@type":"SearchAction","target":{"@type":"EntryPoint","urlTemplate":"https:\/\/pagina10.com\/web\/?s={search_term_string}"},"query-input":{"@type":"PropertyValueSpecification","valueRequired":true,"valueName":"search_term_string"}}],"inLanguage":"es"},{"@type":"Organization","@id":"https:\/\/pagina10.com\/web\/#organization","name":"P\u00e1gina10","alternateName":"P\u00e1gina10 Peri\u00f3dico Regional","url":"https:\/\/pagina10.com\/web\/","logo":{"@type":"ImageObject","inLanguage":"es","@id":"https:\/\/pagina10.com\/web\/#\/schema\/logo\/image\/","url":"https:\/\/pagina10.com\/web\/wp-content\/uploads\/2024\/01\/40-pagina-10-periodico-regional-pasto.jpg","contentUrl":"https:\/\/pagina10.com\/web\/wp-content\/uploads\/2024\/01\/40-pagina-10-periodico-regional-pasto.jpg","width":1280,"height":720,"caption":"P\u00e1gina10"},"image":{"@id":"https:\/\/pagina10.com\/web\/#\/schema\/logo\/image\/"},"sameAs":["https:\/\/www.facebook.com\/pag10com","https:\/\/x.com\/Pag10com","https:\/\/www.instagram.com\/pagina10col\/","https:\/\/youtube.com\/channel\/pag10","https:\/\/www.tiktok.com\/@p10col"]},{"@type":"Person","@id":"https:\/\/pagina10.com\/web\/#\/schema\/person\/9ec3e2b432363a195d2d01bf820c66fe","name":"Anibal Ar\u00e9valo Rosero","description":"An\u00edbal Ar\u00e9valo Rosero a trav\u00e9s de su vida ha realizado diversas actividades tendientes a reivindicar al ser humano en su conciencia plena. Durante su vida ha hecho teatro, a escrito poes\u00eda y en sus tiempos de universitario realiz\u00f3 varias publicaciones entre las que se recuerda la revista Quinde. Junto con otros compa\u00f1eros fund\u00f3 el Taller Cultural El Cueche, equipo con el que se hicieron varias publicaciones. De este mismo grupo hay que resaltar que se hizo un trabajo pionero en la difusi\u00f3n de la m\u00fasica andina, latinoamericana y del caribe. Despu\u00e9s de terminar sus estudios de biolog\u00eda en la Universidad de Nari\u00f1o entr\u00f3 a laborar en emisoras de la ciudad de Pasto como en RCN, donde se desempe\u00f1aba como locutor de planta. Dirigi\u00f3 programas en la extinta Ondas del Mayo, en varias oportunidades; tambi\u00e9n en Ecos de Pasto. Fue colaborador de el Noticias RCN y dirigi\u00f3 el programa Simana al D\u00eda, del Sindicato del Magisterio de Nari\u00f1o, en dos \u00e9pocas. En el a\u00f1o de 1992 funda el Comit\u00e9 de Solidaridad con Cuba Jos\u00e9 Mart\u00ed, cuyo objetivo era divulgar la realidad cubana y expresar apoyo moral, pol\u00edtico y material al pa\u00eds caribe\u00f1o. Ante la mala interpretaci\u00f3n que la gente le daba a este tipo de acciones, se decide promover viajes de solidad a Cuba para participar en la Brigada Latinoamericana de Trabajo Voluntario, en el Festival Cuba Vive y, de manera especia,l en el 14 Festival Mundial de la Juventud y los Estudiantes, que se desarroll\u00f3 en la isla en el a\u00f1o de 1997. Con esta experiencia impulsa el turismo al pa\u00eds caribe\u00f1o con el resultado de que miles de personas han participado de las excursiones organizadas por Ar\u00e9valo Rosero. Asimismo ha venido impulsando las Brigadas de Salud en Cuba, tendiente a llevar pacientes de c\u00e1ncer a ese destino con el fin de que reciban atenci\u00f3n m\u00e9dica, teniendo en cuenta que la experiencia cubana en el tema ha sido bastante favorable. Veinte a\u00f1os despu\u00e9s de estas nutritivas experiencias, le permiten impulsar excursiones adem\u00e1s a M\u00e9xico, Machu Picchu, Argentina, Ecuador, Panam\u00e1 y Tierra Santa. En cuanto al desempe\u00f1o period\u00edstico, adem\u00e1s de los medios radiales y de televisi\u00f3n, en los canales de la universidades de Nari\u00f1o y Mariana, se ha desempe\u00f1ado como columnista en Diario del Sur durante 6 a\u00f1os y en algunos medios virtuales. Tambi\u00e9n es colaborador de el Diario del Cauca. Considera que la pr\u00e1ctica de la lectura es beber de la fuente nutricia que permite apropiarse de manera consciente del ejercicio de la democracia; y la posibilidad de escribir y ser le\u00eddo, acceder al poder, por que considera la palabra como el mayor instrumento de acci\u00f3n cuando est\u00e1 bien encamina al leg\u00edtimo servicio social. En la actualidad adem\u00e1s de so\u00f1ar con viajar por el mundo se desempe\u00f1a como docente del departamento de ciencias de Inem Luis Delf\u00edn Insuasty de Pasto. Correo: Esta direcci\u00f3n de correo electr\u00f3nico est\u00e1 protegida contra spambots. Usted necesita tener Javascript activado para poder verla.\" target=\"_blank\" style=\"color: #1155cc; text-align: justify; font-family: arial, sans-serif; font-size: 13px; line-height: normal;\"&gt;fundacionecosofia@gmail.com","url":"https:\/\/pagina10.com\/web\/author\/anibal\/"}]}},"_links":{"self":[{"href":"https:\/\/pagina10.com\/web\/wp-json\/wp\/v2\/posts\/14803","targetHints":{"allow":["GET"]}}],"collection":[{"href":"https:\/\/pagina10.com\/web\/wp-json\/wp\/v2\/posts"}],"about":[{"href":"https:\/\/pagina10.com\/web\/wp-json\/wp\/v2\/types\/post"}],"author":[{"embeddable":true,"href":"https:\/\/pagina10.com\/web\/wp-json\/wp\/v2\/users\/65"}],"replies":[{"embeddable":true,"href":"https:\/\/pagina10.com\/web\/wp-json\/wp\/v2\/comments?post=14803"}],"version-history":[{"count":0,"href":"https:\/\/pagina10.com\/web\/wp-json\/wp\/v2\/posts\/14803\/revisions"}],"wp:featuredmedia":[{"embeddable":true,"href":"https:\/\/pagina10.com\/web\/wp-json\/wp\/v2\/media\/14802"}],"wp:attachment":[{"href":"https:\/\/pagina10.com\/web\/wp-json\/wp\/v2\/media?parent=14803"}],"wp:term":[{"taxonomy":"category","embeddable":true,"href":"https:\/\/pagina10.com\/web\/wp-json\/wp\/v2\/categories?post=14803"},{"taxonomy":"post_tag","embeddable":true,"href":"https:\/\/pagina10.com\/web\/wp-json\/wp\/v2\/tags?post=14803"}],"curies":[{"name":"wp","href":"https:\/\/api.w.org\/{rel}","templated":true}]}}