{"id":14813,"date":"2015-02-12T02:18:25","date_gmt":"2015-02-12T02:18:25","guid":{"rendered":"https:\/\/pagina10.com\/web\/minagricultura-apoya-desarrollo-del-agro-en-putumayo\/"},"modified":"2015-02-12T02:18:25","modified_gmt":"2015-02-12T02:18:25","slug":"minagricultura-apoya-desarrollo-del-agro-en-putumayo","status":"publish","type":"post","link":"https:\/\/pagina10.com\/web\/minagricultura-apoya-desarrollo-del-agro-en-putumayo\/","title":{"rendered":"MinAgricultura apoya desarrollo del agro en Putumayo"},"content":{"rendered":"<p><img fetchpriority=\"high\" decoding=\"async\" class=\" size-full wp-image-14812\" src=\"https:\/\/pagina10.com\/web\/wp-content\/uploads\/2015\/02\/cbb6bd4cc1067a885843b86945e4cf3f.jpg\" alt=\"\" width=\"980\" height=\"400\" srcset=\"https:\/\/pagina10.com\/web\/wp-content\/uploads\/2015\/02\/cbb6bd4cc1067a885843b86945e4cf3f.jpg 980w, https:\/\/pagina10.com\/web\/wp-content\/uploads\/2015\/02\/cbb6bd4cc1067a885843b86945e4cf3f-300x122.jpg 300w, https:\/\/pagina10.com\/web\/wp-content\/uploads\/2015\/02\/cbb6bd4cc1067a885843b86945e4cf3f-768x313.jpg 768w\" sizes=\"(max-width: 980px) 100vw, 980px\" \/><\/p>\n<p style=\"text-align: justify;\">En su di\u00e1logo continuo con las regiones, el Ministro de Agricultura y Desarrollo Rural, Aurelio Iragorri Valencia, llega este jueves a Mocoa, Putumayo, para reunirse con los l\u00edderes agropecuarios y priorizar los proyectos para el crecimiento del sector.<\/p>\n<p style=\"text-align: justify;\">Su visita se enmarca dentro de la estrategia &#8216;El Presidente en las Regiones&#8217;, nombre que se le ha dado a la segunda fase de los Encuentros para la Prosperidad y los Encuentros Regionales, que durante el cuatrienio anterior hicieron posible el contacto directo del Gobierno Nacional con las comunidades de 153 municipios de todos los departamentos del pa\u00eds.<\/p>\n<p style=\"text-align: justify;\">Esta es la tercera etapa del recorrido que ya estuvo en la regi\u00f3n Pac\u00edfico, Centro y Santanderes. Ahora el turno es para los departamentos del Centro-Sur Amazon\u00eda (Amazonas, Caquet\u00e1 y Putumayo).<\/p>\n<p style=\"text-align: justify;\">Esta regi\u00f3n, puerta de entrada a la Amazon\u00eda, es la que actualmente cuenta con la mayor inversi\u00f3n por habitante en toda Colombia. En efecto, entre 2010 y 2014, la inversi\u00f3n anual pas\u00f3 de 678.000 pesos a $1,5 millones, mientras el promedio nacional anual es de un mill\u00f3n de pesos por habitante.<\/p>\n<p style=\"text-align: justify;\">La visita finalizar\u00e1 el viernes con el Consejo de Ministros en Leticia, donde el gabinete en pleno reportar\u00e1 al Presidente los resultados de la v\u00edspera, la entrega de obras y el apoyo brindado a las autoridades para resolver sus problemas.<\/p>\n<p style=\"text-align: justify;\">Con 19 millones de hect\u00e1reas de bosque, la regi\u00f3n Centro-Sur Amazon\u00eda es considerada por el Gobierno Nacional el mejor lugar para encender los motores del crecimiento verde. Uno de los grandes retos regionales es la convivencia del medio ambiente con la miner\u00eda y la agricultura; y puntualmente en Caquet\u00e1 y Putumayo, la consolidaci\u00f3n de una paz estable y duradera.<\/p>\n<p style=\"text-align: justify;\">Con la consigna de &#8220;resolver y cumplir&#8221;, casi 40 altos funcionarios \u2013el Presidente Juan Manuel Santos, Ministros, Viceministros y directores de entidades, entre otros\u2013 estar\u00e1n visitando ma\u00f1ana jueves 21 municipios de los departamentos de Amazonas, Caquet\u00e1 y Putumayo.<\/p>\n<p style=\"text-align: justify;\">&nbsp;<\/p>\n<p style=\"text-align: justify;\"><strong>Sector agro, unido en Caquet\u00e1, Putumayo y Amazonas<\/strong><\/p>\n<p style=\"text-align: justify;\"><strong>Incoder<\/strong><\/p>\n<p style=\"text-align: justify;\">A trav\u00e9s de la Subgerencia de Tierras Rurales, y la Direcci\u00f3n Territorial de Putumayo; el Incoder titul\u00f3 838 bald\u00edos en ocho de los 13 municipios del departamento, con una extensi\u00f3n superior a las 34 mil hect\u00e1reas as\u00ed: Legu\u00edzamo (7 predios), Mocoa (9), San Miguel (11), Villagarz\u00f3n (17), Orito (21) Valle del Guamuez (23), Puerto Caicedo: (90) y Puerto Guzm\u00e1n (660).<\/p>\n<p style=\"text-align: justify;\">As\u00ed mismo, se beneficiar\u00e1n a 84 familias, (57 son campesinas y 27 v\u00edctimas del desplazamiento forzado), con quienes se implementar\u00e1n seis proyectos productivos de desarrollo rural por valor de $1.101.252.495. Este proceso comenzar\u00e1 con la compra en marzo de ganado bovino y porcino; adem\u00e1s, la implementaci\u00f3n de cultivos y el asesoramiento t\u00e9cnico para la producci\u00f3n de diversos cultivos en Puerto Caicedo, Puerto Guzm\u00e1n, San Miguel y Valle Guamuez.<\/p>\n<p style=\"text-align: justify;\">&nbsp;<\/p>\n<p style=\"text-align: justify;\"><strong>Banco Agrario<\/strong><br \/>Durante este Gobierno se han asignado 98 soluciones de vivienda rural, por valor de $1.435 millones, a familias campesinas en Caquet\u00e1 y Putumayo (58 en Puerto Rico, Caquet\u00e1, y 40 en Sibundoy, Putumayo). Adem\u00e1s, el Banco entregar\u00e1 el jueves 12 de febrero, 50 soluciones de vivienda a hogares campesinos de Puerto Rico (Caquet\u00e1), por valor de $724 millones.<\/p>\n<p style=\"text-align: justify;\">De otro lado, la cartera total del Banco en Amazonas, Caquet\u00e1 y Putumayo asciende a $397.179 millones, representada en 45.515 operaciones de cr\u00e9dito, que corresponden a cartera agropecuaria: Amazonas ($896 millones); Caquet\u00e1 ($216.763 millones) y Putumayo ($103.244 millones).<br \/>En el \u00faltimo, a\u00f1o el Banco desembols\u00f3 cr\u00e9ditos a estos tres departamentos, por valor de $131.539 millones, representados en 19.952 operaciones. De este monto, $82.335 millones se destinaron al agro, a trav\u00e9s de 6.407 obligaciones en ganader\u00eda, caf\u00e9, cacao, caucho, pesca, frutales y ca\u00f1a panelera.<\/p>\n<p style=\"text-align: justify;\">&nbsp;<\/p>\n<p style=\"text-align: justify;\"><strong>Restituci\u00f3n de Tierras<\/strong><br \/>M\u00e1s de 400 personas de Putumayo han sido beneficiadas con la pol\u00edtica de Restituci\u00f3n de Tierras. Las condiciones favorables de seguridad y los fallos proferidos por los jueces designados han devuelto a los campesinos cerca de 700 hect\u00e1reas.<\/p>\n<p style=\"text-align: justify;\">Los predios ubicados en Villagarz\u00f3n, Valle del Guamuez y San Miguel fueron en su mayor\u00eda abandonados por las continuas presiones que ejerc\u00edan las fuerzas insurgentes interesadas en promover la siembra de cultivos il\u00edcitos y facilitar el paso de insumos, as\u00ed como el tr\u00e1fico de armas.<br \/>Actualmente las familias restituidas han recibido recursos por m\u00e1s de 560 millones de pesos para emprender sus proyectos productivos y, a trav\u00e9s del Banco Agrario, se han gestionado dineros por 800 millones de pesos para subsidios de vivienda rural.<\/p>\n<p style=\"text-align: justify;\">Un total de 20 familias restablecer\u00e1n sus derechos sobre m\u00e1s de 100 hect\u00e1reas. El Ministro de Agricultura y Desarrollo Rural, Aurelio Iragorri Valencia y de la subdirectora de la Unidad de Restituci\u00f3n de Tierras, Alcelis Coneo Barboza, entregar\u00e1n los documentos que devuelven los predios ubicados en la vereda El Placer, zona rural del Valle del Guamuez.<\/p>\n<p style=\"text-align: justify;\">&nbsp;<\/p>\n<p style=\"text-align: justify;\"><strong>Finagro<\/strong><br \/>En Amazonas, Caquet\u00e1 y Putumayo se desembolsaron $106 mil millones en cr\u00e9ditos en condiciones Finagro en 6.821 operaciones. En estos mismos departamentos, durante 2014, se pagaron 1.751 Incentivos a la Capitalizaci\u00f3n Rural &#8211; ICR por un valor de m\u00e1s de $8 mil millones.<\/p>\n<p style=\"text-align: justify;\">Putumayo: se desembolsaron $31 mil millones en cr\u00e9ditos en condiciones Finagro en 3.098 operaciones. Adem\u00e1s, en 2014 se pagaron 1.152 Incentivos a la Capitalizaci\u00f3n Rural &#8211; ICR por un valor de $5 mil millones.<\/p>\n<p style=\"text-align: justify;\">Amazonas: se desembolsaron $215 millones en cr\u00e9ditos en condiciones Finagro en cuatro operaciones. Adem\u00e1s, durante 2014 se pagaron cuatro Incentivos a la Capitalizaci\u00f3n Rural &#8211; ICR por un valor de $16 millones.<\/p>\n<p style=\"text-align: justify;\">Caquet\u00e1: se desembolsaron $75 mil millones en cr\u00e9ditos en condiciones Finagro en 3.719 operaciones. Asimismo, en 2014 se pagaron 595 Incentivos a la Capitalizaci\u00f3n Rural &#8211; ICR por un valor de $3.339 millones.<\/p>\n<p style=\"text-align: justify;\">&nbsp;<\/p>\n<p style=\"text-align: justify;\"><strong>Aunap<\/strong><br \/>En Amazonas trabajamos en la concertaci\u00f3n y formulaci\u00f3n del proyecto &#8220;Fortalecimiento de las capacidades locales para la revalorizaci\u00f3n de los sistemas alimentarios de los pueblos ind\u00edgenas de la regi\u00f3n Amaz\u00f3nica trifronteriza entre Brasil, Colombia y Per\u00fa&#8221;.<\/p>\n<p style=\"text-align: justify;\">Entre las actividades para 2015, la Aunap realizar\u00e1 la acci\u00f3n de ordenamiento de la Cuenca del Amazonas, que beneficiar\u00e1 a 2.000 pescadores artesanales; se fortalecer\u00e1 adem\u00e1s el control y vigilancia de la actividad pesquera y acu\u00edcola en la zona fronteriza, se implementar\u00e1 el Programa de Observadores Pesqueros y se realizar\u00e1n investigaciones con peses ornamentales.<\/p>\n<p style=\"text-align: justify;\">En Caquet\u00e1 y Putumayo, por su parte, se realiz\u00f3 seguimiento a proyectos de Arawana y Pirarucu, que est\u00e1 ejecutando Acuica con recursos de regal\u00edas con las Gobernaciones. Por otra parte, la Aunap particip\u00f3 en la formulaci\u00f3n del Plan de Ordenamiento Pesquero de Puerto Legu\u00edzamo primera fase, con la elaboraci\u00f3n del diagn\u00f3stico pesquero de la regi\u00f3n r\u00edo Putumayo. Se realizaron 30 capacitaciones para un total de 377 personas, entre productores acu\u00edcolas, pescadores artesanales, estudiantes y autoridades militares, a quienes se dio a conocer la entidad y la normatividad pesquera.<\/p>\n<p style=\"text-align: justify;\">&nbsp;<\/p>\n<p style=\"text-align: justify;\"><strong>Fiduagraria<\/strong><br \/>En la regi\u00f3n Fiduagraria administra negocios de Fonvivienda, una entidad otorgante del Subsidio Familiar de Vivienda en las regiones de Putumayo y Caquet\u00e1, por valor de $749.6 millones, llevando la semilla de inversi\u00f3n al campo colombiano y beneficiando de esta forma a 91 familias.<\/p>\n<p style=\"text-align: justify;\">&nbsp;<\/p>\n<p style=\"text-align: justify;\"><strong>Bolsa Mercantil de Colombia<\/strong><\/p>\n<p style=\"text-align: justify;\">Entre 2014 y 2015, en Caquet\u00e1, Putumayo y Amazonas los vendedores de bienes y productos de origen agr\u00edcola o pecuario, sin procesamiento industrial o con transformaci\u00f3n industrial primaria, registraron facturas en la Bolsa Mercantil de Colombia por $122.364 millones, siendo ganado y carne en canal los productos m\u00e1s registrado.<\/p>\n<p style=\"text-align: justify;\">Caquet\u00e1 realiz\u00f3 el mayor Registro de Facturas por volumen: $115.505 millones. Ganado y carne en canal fueron los commodities m\u00e1s registrados, con $42.057 millones y $36.339 millones, respectivamente.<\/p>\n<p style=\"text-align: justify;\">El registro en Amazonas fue por $3.727 millones, y entre los m\u00e1s registrados se destaca fr\u00edjol soya nacional, por $961 millones. Finalmente, Putumayo registr\u00f3 facturas por $3.130 millones. El producto m\u00e1s registrado en ese departamento fue Leche cruda, por $877 millones.<\/p>\n<p style=\"text-align: justify;\">&nbsp;<\/p>\n<p style=\"text-align: justify;\"><strong>Corpoica<\/strong><\/p>\n<p style=\"text-align: justify;\">Dentro de la Red de Innovaci\u00f3n Frutales, Corpoica ha desarrollado tres nuevos clones de mara\u00f1\u00f3n: Corpoica Mapiria Ao1, Corpoica Yopare Ao2 y Corpoica Yucao Ao3 para la Altillanura plana de la Orinoqu\u00eda, con rendimiento de nuez entre 1.500 y 1.900 kg al a\u00f1o y rendimiento en almendra entre el 25 % y 30 %. En Cacao se realiz\u00f3 el monitoreo sanitario y agron\u00f3mico de los 38 \u00e1rboles de seleccionados en Caquet\u00e1 y Putumayo. Se colect\u00f3 la informaci\u00f3n correspondiente al muestreo sanitario (enfermedades), y muestreo agron\u00f3mico (producci\u00f3n, calidad) para identificar cu\u00e1l es la diversidad gen\u00e9tica de los materiales que se est\u00e1n utilizando y conocer el status sanitario de enfermedades como la Monilia, y aplicarlo posteriormente a Caquet\u00e1 y Putumayo.<\/p>\n<p style=\"text-align: justify;\">Corpoica inici\u00f3 evaluaci\u00f3n de materiales de sacha inchi para producci\u00f3n de aceite e incorporarlos en el mercado. La especie crece bien en toda la regi\u00f3n y la presencia de plagas y enfermedades no es limitante. En forestales se trabaja en cuatro \u00e1reas: agroforestales: de caucho, cacao, y otras especies como pimienta y chontaduro. Silvopastoriles en Caquet\u00e1 y Putumayo. Forestales maderables con maderables de r\u00e1pido crecimiento y alto valor. Y las plantaciones de sistemas agroforestales con no maderables, que incluyen frutales (Camu Camu, Copoaz\u00fa, Chontaduro), nutricionales como el Asa\u00ed, colorantes (Huito y Achiote), aceite cosm\u00e9tica y alimenticio (sacha inchi, Canagucha o Moriche), estos \u00faltimos con potencial de exportaci\u00f3n.<\/p>\n<p style=\"text-align: justify;\">&nbsp;<\/p>\n<p style=\"text-align: justify;\"><strong>CCI<\/strong><\/p>\n<p style=\"text-align: justify;\">La Corporaci\u00f3n Colombia Internacional \u2013 CCI en el municipio del Valle del Guamuez, Putumayo, apoya al MinAgricultura en la implementaci\u00f3n del proyecto &#8220;Capacidades Empresariales&#8221;, que brindar\u00e1 acompa\u00f1amiento integral a 255 familias vulnerables y se les cofinanciar\u00e1 sus emprendimientos agropecuarios.<\/p>\n<p style=\"text-align: justify;\">Bajo el convenio de Generaci\u00f3n de Ingresos con el Ministerio, la CCI ha llevado el programa &#8220;Oportunidades Rurales&#8221; hasta Caquet\u00e1 y Putumayo, convirtiendo en microempresarias a 192 familias campesinas, integradas en siete organizaciones. Con el programa &#8220;J\u00f3venes Rurales&#8221; del Ministerio, se han atendido a 198 j\u00f3venes del campo, que han recibido recursos para financiar iniciativas productivas, de generaci\u00f3n de ingresos y planes de formaci\u00f3n.<\/p>\n<p style=\"text-align: justify;\">Durante 2014, la Corporaci\u00f3n fue la ejecutora del Incentivo a la Asistencia T\u00e9cnica Especial \u2013 IATE, a trav\u00e9s de un convenio con Finagro y el Ministerio, beneficiando en Caquet\u00e1 a 900 productores de San Vicente del Cagu\u00e1n, Cartagena del Chair\u00e1 y La Monta\u00f1ita, que fueron priorizados por la Unidad Administrativa para la Consolidaci\u00f3n Territorial.<\/p>\n<p style=\"text-align: justify;\">&nbsp;<\/p>\n<p style=\"text-align: justify;\"><strong>ICA<\/strong><\/p>\n<p style=\"text-align: justify;\">En 2014 el ICA invirti\u00f3 $3.715.817.396 en Amazonas, Caquet\u00e1, Huila, Putumayo y Tolima para la prevenci\u00f3n y erradicaci\u00f3n de enfermedades animales como la tuberculosis, fiebre aftosa, peste porcina cl\u00e1sica, brucelosis, encefalopat\u00eda espongiforme bovina y encefalitis equina. As\u00ed como en la erradicaci\u00f3n de enfermedades aviares, el fortalecimiento de programas sanitarios de protecci\u00f3n animal, sistema nacional de identificaci\u00f3n e informaci\u00f3n de animales, inocuidad pecuaria, vigilancia epidemiol\u00f3gica e insumos agropecuarios. De la misma manera, el ICA invirti\u00f3 $24.800.000 en inspecciones sanitarias y fitosanitarias de importaciones e interceptaciones en Amazonas y Putumayo.<\/p>\n<p style=\"text-align: justify;\">Para 2015, el ICA tiene proyectado invertir en Amazonas, Caquet\u00e1, Huila, putumayo y Tolima $1.730.788.620 para erradicaci\u00f3n de enfermedades animales en zonas libres y de baja prevalencia en tuberculosis, fiebre aftosa, peste porcina cl\u00e1sica, brucelosis y enfermedades aviares. As\u00ed como en el sistema nacional de identificaci\u00f3n e informaci\u00f3n de animales, inocuidad pecuaria, vigilancia epidemiol\u00f3gica, combatir los insumos agropecuarios ilegales y la erradicaci\u00f3n de otras enfermedades animales. Igualmente invertir\u00e1 $4.570.000.000 en la inspecci\u00f3n y seguimiento de las importaciones de animales, vegetales e insumos destinados a la actividad agropecuaria y los medios de transporte que lleguen o ingresen al pa\u00eds, y los certificados sanitarios y fitosanitarios de las exportaciones para mantener la admisibilidad de los productos.<\/p>\n<p style=\"text-align: justify;\">&nbsp;<\/p>\n<p style=\"text-align: justify;\">Fuente: Minagricultura<\/p>\n","protected":false},"excerpt":{"rendered":"<p>En su di\u00e1logo continuo con las regiones, el Ministro de Agricultura y Desarrollo Rural, Aurelio Iragorri Valencia, llega este jueves a Mocoa, Putumayo, para reunirse con los l\u00edderes agropecuarios y priorizar los proyectos para el crecimiento del sector. Su visita se enmarca dentro de la estrategia &#8216;El Presidente en las Regiones&#8217;, nombre que se le [&hellip;]<\/p>\n","protected":false},"author":29,"featured_media":14812,"comment_status":"open","ping_status":"open","sticky":false,"template":"","format":"standard","meta":{"footnotes":""},"categories":[1],"tags":[],"class_list":["post-14813","post","type-post","status-publish","format-standard","has-post-thumbnail","hentry","category-sin-categoria"],"yoast_head":"<!-- This site is optimized with the Yoast SEO plugin v27.1.1 - https:\/\/yoast.com\/product\/yoast-seo-wordpress\/ -->\n<title>MinAgricultura apoya desarrollo del agro en Putumayo | P\u00e1gina10<\/title>\n<meta name=\"robots\" content=\"index, follow, max-snippet:-1, max-image-preview:large, max-video-preview:-1\" \/>\n<link rel=\"canonical\" href=\"https:\/\/pagina10.com\/web\/minagricultura-apoya-desarrollo-del-agro-en-putumayo\/\" \/>\n<meta property=\"og:locale\" content=\"es_ES\" \/>\n<meta property=\"og:type\" content=\"article\" \/>\n<meta property=\"og:title\" content=\"MinAgricultura apoya desarrollo del agro en Putumayo | P\u00e1gina10\" \/>\n<meta property=\"og:description\" content=\"En su di\u00e1logo continuo con las regiones, el Ministro de Agricultura y Desarrollo Rural, Aurelio Iragorri Valencia, llega este jueves a Mocoa, Putumayo, para reunirse con los l\u00edderes agropecuarios y priorizar los proyectos para el crecimiento del sector. Su visita se enmarca dentro de la estrategia &#8216;El Presidente en las Regiones&#8217;, nombre que se le [&hellip;]\" \/>\n<meta property=\"og:url\" content=\"https:\/\/pagina10.com\/web\/minagricultura-apoya-desarrollo-del-agro-en-putumayo\/\" \/>\n<meta property=\"og:site_name\" content=\"P\u00e1gina10\" \/>\n<meta property=\"article:publisher\" content=\"https:\/\/www.facebook.com\/pag10com\" \/>\n<meta property=\"article:published_time\" content=\"2015-02-12T02:18:25+00:00\" \/>\n<meta property=\"og:image\" content=\"https:\/\/pagina10.com\/web\/wp-content\/uploads\/2015\/02\/cbb6bd4cc1067a885843b86945e4cf3f.jpg\" \/>\n\t<meta property=\"og:image:width\" content=\"980\" \/>\n\t<meta property=\"og:image:height\" content=\"400\" \/>\n\t<meta property=\"og:image:type\" content=\"image\/jpeg\" \/>\n<meta name=\"author\" content=\"P\u00e1gina 10\" \/>\n<meta name=\"twitter:card\" content=\"summary_large_image\" \/>\n<meta name=\"twitter:creator\" content=\"@Pag10com\" \/>\n<meta name=\"twitter:site\" content=\"@Pag10com\" \/>\n<meta name=\"twitter:label1\" content=\"Escrito por\" \/>\n\t<meta name=\"twitter:data1\" content=\"P\u00e1gina 10\" \/>\n\t<meta name=\"twitter:label2\" content=\"Tiempo de lectura\" \/>\n\t<meta name=\"twitter:data2\" content=\"10 minutos\" \/>\n<script type=\"application\/ld+json\" class=\"yoast-schema-graph\">{\"@context\":\"https:\/\/schema.org\",\"@graph\":[{\"@type\":\"Article\",\"@id\":\"https:\/\/pagina10.com\/web\/minagricultura-apoya-desarrollo-del-agro-en-putumayo\/#article\",\"isPartOf\":{\"@id\":\"https:\/\/pagina10.com\/web\/minagricultura-apoya-desarrollo-del-agro-en-putumayo\/\"},\"author\":{\"name\":\"P\u00e1gina 10\",\"@id\":\"https:\/\/pagina10.com\/web\/#\/schema\/person\/a7a5d38f0629dfc107f619fbae4f6cc3\"},\"headline\":\"MinAgricultura apoya desarrollo del agro en Putumayo\",\"datePublished\":\"2015-02-12T02:18:25+00:00\",\"mainEntityOfPage\":{\"@id\":\"https:\/\/pagina10.com\/web\/minagricultura-apoya-desarrollo-del-agro-en-putumayo\/\"},\"wordCount\":1918,\"commentCount\":0,\"publisher\":{\"@id\":\"https:\/\/pagina10.com\/web\/#organization\"},\"image\":{\"@id\":\"https:\/\/pagina10.com\/web\/minagricultura-apoya-desarrollo-del-agro-en-putumayo\/#primaryimage\"},\"thumbnailUrl\":\"https:\/\/pagina10.com\/web\/wp-content\/uploads\/2015\/02\/cbb6bd4cc1067a885843b86945e4cf3f.jpg\",\"inLanguage\":\"es\",\"potentialAction\":[{\"@type\":\"CommentAction\",\"name\":\"Comment\",\"target\":[\"https:\/\/pagina10.com\/web\/minagricultura-apoya-desarrollo-del-agro-en-putumayo\/#respond\"]}]},{\"@type\":\"WebPage\",\"@id\":\"https:\/\/pagina10.com\/web\/minagricultura-apoya-desarrollo-del-agro-en-putumayo\/\",\"url\":\"https:\/\/pagina10.com\/web\/minagricultura-apoya-desarrollo-del-agro-en-putumayo\/\",\"name\":\"MinAgricultura apoya desarrollo del agro en Putumayo | P\u00e1gina10\",\"isPartOf\":{\"@id\":\"https:\/\/pagina10.com\/web\/#website\"},\"primaryImageOfPage\":{\"@id\":\"https:\/\/pagina10.com\/web\/minagricultura-apoya-desarrollo-del-agro-en-putumayo\/#primaryimage\"},\"image\":{\"@id\":\"https:\/\/pagina10.com\/web\/minagricultura-apoya-desarrollo-del-agro-en-putumayo\/#primaryimage\"},\"thumbnailUrl\":\"https:\/\/pagina10.com\/web\/wp-content\/uploads\/2015\/02\/cbb6bd4cc1067a885843b86945e4cf3f.jpg\",\"datePublished\":\"2015-02-12T02:18:25+00:00\",\"breadcrumb\":{\"@id\":\"https:\/\/pagina10.com\/web\/minagricultura-apoya-desarrollo-del-agro-en-putumayo\/#breadcrumb\"},\"inLanguage\":\"es\",\"potentialAction\":[{\"@type\":\"ReadAction\",\"target\":[\"https:\/\/pagina10.com\/web\/minagricultura-apoya-desarrollo-del-agro-en-putumayo\/\"]}]},{\"@type\":\"ImageObject\",\"inLanguage\":\"es\",\"@id\":\"https:\/\/pagina10.com\/web\/minagricultura-apoya-desarrollo-del-agro-en-putumayo\/#primaryimage\",\"url\":\"https:\/\/pagina10.com\/web\/wp-content\/uploads\/2015\/02\/cbb6bd4cc1067a885843b86945e4cf3f.jpg\",\"contentUrl\":\"https:\/\/pagina10.com\/web\/wp-content\/uploads\/2015\/02\/cbb6bd4cc1067a885843b86945e4cf3f.jpg\",\"width\":980,\"height\":400},{\"@type\":\"BreadcrumbList\",\"@id\":\"https:\/\/pagina10.com\/web\/minagricultura-apoya-desarrollo-del-agro-en-putumayo\/#breadcrumb\",\"itemListElement\":[{\"@type\":\"ListItem\",\"position\":1,\"name\":\"Portada\",\"item\":\"https:\/\/pagina10.com\/web\/\"},{\"@type\":\"ListItem\",\"position\":2,\"name\":\"MinAgricultura apoya desarrollo del agro en Putumayo\"}]},{\"@type\":\"WebSite\",\"@id\":\"https:\/\/pagina10.com\/web\/#website\",\"url\":\"https:\/\/pagina10.com\/web\/\",\"name\":\"P\u00e1gina10\",\"description\":\"Peri\u00f3dico Regional\",\"publisher\":{\"@id\":\"https:\/\/pagina10.com\/web\/#organization\"},\"alternateName\":\"P\u00e1gina10 Peri\u00f3dico Regional\",\"potentialAction\":[{\"@type\":\"SearchAction\",\"target\":{\"@type\":\"EntryPoint\",\"urlTemplate\":\"https:\/\/pagina10.com\/web\/?s={search_term_string}\"},\"query-input\":{\"@type\":\"PropertyValueSpecification\",\"valueRequired\":true,\"valueName\":\"search_term_string\"}}],\"inLanguage\":\"es\"},{\"@type\":\"Organization\",\"@id\":\"https:\/\/pagina10.com\/web\/#organization\",\"name\":\"P\u00e1gina10\",\"alternateName\":\"P\u00e1gina10 Peri\u00f3dico Regional\",\"url\":\"https:\/\/pagina10.com\/web\/\",\"logo\":{\"@type\":\"ImageObject\",\"inLanguage\":\"es\",\"@id\":\"https:\/\/pagina10.com\/web\/#\/schema\/logo\/image\/\",\"url\":\"https:\/\/pagina10.com\/web\/wp-content\/uploads\/2024\/01\/40-pagina-10-periodico-regional-pasto.jpg\",\"contentUrl\":\"https:\/\/pagina10.com\/web\/wp-content\/uploads\/2024\/01\/40-pagina-10-periodico-regional-pasto.jpg\",\"width\":1280,\"height\":720,\"caption\":\"P\u00e1gina10\"},\"image\":{\"@id\":\"https:\/\/pagina10.com\/web\/#\/schema\/logo\/image\/\"},\"sameAs\":[\"https:\/\/www.facebook.com\/pag10com\",\"https:\/\/x.com\/Pag10com\",\"https:\/\/www.instagram.com\/pagina10col\/\",\"https:\/\/youtube.com\/channel\/pag10\",\"https:\/\/www.tiktok.com\/@p10col\"]},{\"@type\":\"Person\",\"@id\":\"https:\/\/pagina10.com\/web\/#\/schema\/person\/a7a5d38f0629dfc107f619fbae4f6cc3\",\"name\":\"P\u00e1gina 10\",\"description\":\"P\u00e1gina10.com es un peri\u00f3dico digital que nace en Colombia, en el departamento de Nari\u00f1o, con un enfoque global, fundamentado en cuatro pilares esenciales: la libertad, el pluralismo, la inclusi\u00f3n y la independencia. P\u00e1gina10.com hace referencia a Nari\u00f1o como el d\u00e9cimo departamento creado en Colombia, despu\u00e9s de un proceso pol\u00edtico liderado por actores y actrices regionales con el fin de obtener la independencia y autonom\u00eda de nuestros territorios. Con la creaci\u00f3n de P\u00e1gina10.com se pretende abrir un escenario para el dialogo, la reflexi\u00f3n y el debate que se extienda a otras geograf\u00edas de Am\u00e9rica Latina y del planeta, en una apuesta por transformar colectivamente los desaf\u00edos de un mundo contempor\u00e1neo, m\u00e1s all\u00e1 de las fronteras impuestas.\",\"url\":\"https:\/\/pagina10.com\/web\/author\/mcepeda\/\"}]}<\/script>\n<!-- \/ Yoast SEO plugin. -->","yoast_head_json":{"title":"MinAgricultura apoya desarrollo del agro en Putumayo | P\u00e1gina10","robots":{"index":"index","follow":"follow","max-snippet":"max-snippet:-1","max-image-preview":"max-image-preview:large","max-video-preview":"max-video-preview:-1"},"canonical":"https:\/\/pagina10.com\/web\/minagricultura-apoya-desarrollo-del-agro-en-putumayo\/","og_locale":"es_ES","og_type":"article","og_title":"MinAgricultura apoya desarrollo del agro en Putumayo | P\u00e1gina10","og_description":"En su di\u00e1logo continuo con las regiones, el Ministro de Agricultura y Desarrollo Rural, Aurelio Iragorri Valencia, llega este jueves a Mocoa, Putumayo, para reunirse con los l\u00edderes agropecuarios y priorizar los proyectos para el crecimiento del sector. Su visita se enmarca dentro de la estrategia &#8216;El Presidente en las Regiones&#8217;, nombre que se le [&hellip;]","og_url":"https:\/\/pagina10.com\/web\/minagricultura-apoya-desarrollo-del-agro-en-putumayo\/","og_site_name":"P\u00e1gina10","article_publisher":"https:\/\/www.facebook.com\/pag10com","article_published_time":"2015-02-12T02:18:25+00:00","og_image":[{"width":980,"height":400,"url":"https:\/\/pagina10.com\/web\/wp-content\/uploads\/2015\/02\/cbb6bd4cc1067a885843b86945e4cf3f.jpg","type":"image\/jpeg"}],"author":"P\u00e1gina 10","twitter_card":"summary_large_image","twitter_creator":"@Pag10com","twitter_site":"@Pag10com","twitter_misc":{"Escrito por":"P\u00e1gina 10","Tiempo de lectura":"10 minutos"},"schema":{"@context":"https:\/\/schema.org","@graph":[{"@type":"Article","@id":"https:\/\/pagina10.com\/web\/minagricultura-apoya-desarrollo-del-agro-en-putumayo\/#article","isPartOf":{"@id":"https:\/\/pagina10.com\/web\/minagricultura-apoya-desarrollo-del-agro-en-putumayo\/"},"author":{"name":"P\u00e1gina 10","@id":"https:\/\/pagina10.com\/web\/#\/schema\/person\/a7a5d38f0629dfc107f619fbae4f6cc3"},"headline":"MinAgricultura apoya desarrollo del agro en Putumayo","datePublished":"2015-02-12T02:18:25+00:00","mainEntityOfPage":{"@id":"https:\/\/pagina10.com\/web\/minagricultura-apoya-desarrollo-del-agro-en-putumayo\/"},"wordCount":1918,"commentCount":0,"publisher":{"@id":"https:\/\/pagina10.com\/web\/#organization"},"image":{"@id":"https:\/\/pagina10.com\/web\/minagricultura-apoya-desarrollo-del-agro-en-putumayo\/#primaryimage"},"thumbnailUrl":"https:\/\/pagina10.com\/web\/wp-content\/uploads\/2015\/02\/cbb6bd4cc1067a885843b86945e4cf3f.jpg","inLanguage":"es","potentialAction":[{"@type":"CommentAction","name":"Comment","target":["https:\/\/pagina10.com\/web\/minagricultura-apoya-desarrollo-del-agro-en-putumayo\/#respond"]}]},{"@type":"WebPage","@id":"https:\/\/pagina10.com\/web\/minagricultura-apoya-desarrollo-del-agro-en-putumayo\/","url":"https:\/\/pagina10.com\/web\/minagricultura-apoya-desarrollo-del-agro-en-putumayo\/","name":"MinAgricultura apoya desarrollo del agro en Putumayo | P\u00e1gina10","isPartOf":{"@id":"https:\/\/pagina10.com\/web\/#website"},"primaryImageOfPage":{"@id":"https:\/\/pagina10.com\/web\/minagricultura-apoya-desarrollo-del-agro-en-putumayo\/#primaryimage"},"image":{"@id":"https:\/\/pagina10.com\/web\/minagricultura-apoya-desarrollo-del-agro-en-putumayo\/#primaryimage"},"thumbnailUrl":"https:\/\/pagina10.com\/web\/wp-content\/uploads\/2015\/02\/cbb6bd4cc1067a885843b86945e4cf3f.jpg","datePublished":"2015-02-12T02:18:25+00:00","breadcrumb":{"@id":"https:\/\/pagina10.com\/web\/minagricultura-apoya-desarrollo-del-agro-en-putumayo\/#breadcrumb"},"inLanguage":"es","potentialAction":[{"@type":"ReadAction","target":["https:\/\/pagina10.com\/web\/minagricultura-apoya-desarrollo-del-agro-en-putumayo\/"]}]},{"@type":"ImageObject","inLanguage":"es","@id":"https:\/\/pagina10.com\/web\/minagricultura-apoya-desarrollo-del-agro-en-putumayo\/#primaryimage","url":"https:\/\/pagina10.com\/web\/wp-content\/uploads\/2015\/02\/cbb6bd4cc1067a885843b86945e4cf3f.jpg","contentUrl":"https:\/\/pagina10.com\/web\/wp-content\/uploads\/2015\/02\/cbb6bd4cc1067a885843b86945e4cf3f.jpg","width":980,"height":400},{"@type":"BreadcrumbList","@id":"https:\/\/pagina10.com\/web\/minagricultura-apoya-desarrollo-del-agro-en-putumayo\/#breadcrumb","itemListElement":[{"@type":"ListItem","position":1,"name":"Portada","item":"https:\/\/pagina10.com\/web\/"},{"@type":"ListItem","position":2,"name":"MinAgricultura apoya desarrollo del agro en Putumayo"}]},{"@type":"WebSite","@id":"https:\/\/pagina10.com\/web\/#website","url":"https:\/\/pagina10.com\/web\/","name":"P\u00e1gina10","description":"Peri\u00f3dico Regional","publisher":{"@id":"https:\/\/pagina10.com\/web\/#organization"},"alternateName":"P\u00e1gina10 Peri\u00f3dico Regional","potentialAction":[{"@type":"SearchAction","target":{"@type":"EntryPoint","urlTemplate":"https:\/\/pagina10.com\/web\/?s={search_term_string}"},"query-input":{"@type":"PropertyValueSpecification","valueRequired":true,"valueName":"search_term_string"}}],"inLanguage":"es"},{"@type":"Organization","@id":"https:\/\/pagina10.com\/web\/#organization","name":"P\u00e1gina10","alternateName":"P\u00e1gina10 Peri\u00f3dico Regional","url":"https:\/\/pagina10.com\/web\/","logo":{"@type":"ImageObject","inLanguage":"es","@id":"https:\/\/pagina10.com\/web\/#\/schema\/logo\/image\/","url":"https:\/\/pagina10.com\/web\/wp-content\/uploads\/2024\/01\/40-pagina-10-periodico-regional-pasto.jpg","contentUrl":"https:\/\/pagina10.com\/web\/wp-content\/uploads\/2024\/01\/40-pagina-10-periodico-regional-pasto.jpg","width":1280,"height":720,"caption":"P\u00e1gina10"},"image":{"@id":"https:\/\/pagina10.com\/web\/#\/schema\/logo\/image\/"},"sameAs":["https:\/\/www.facebook.com\/pag10com","https:\/\/x.com\/Pag10com","https:\/\/www.instagram.com\/pagina10col\/","https:\/\/youtube.com\/channel\/pag10","https:\/\/www.tiktok.com\/@p10col"]},{"@type":"Person","@id":"https:\/\/pagina10.com\/web\/#\/schema\/person\/a7a5d38f0629dfc107f619fbae4f6cc3","name":"P\u00e1gina 10","description":"P\u00e1gina10.com es un peri\u00f3dico digital que nace en Colombia, en el departamento de Nari\u00f1o, con un enfoque global, fundamentado en cuatro pilares esenciales: la libertad, el pluralismo, la inclusi\u00f3n y la independencia. P\u00e1gina10.com hace referencia a Nari\u00f1o como el d\u00e9cimo departamento creado en Colombia, despu\u00e9s de un proceso pol\u00edtico liderado por actores y actrices regionales con el fin de obtener la independencia y autonom\u00eda de nuestros territorios. Con la creaci\u00f3n de P\u00e1gina10.com se pretende abrir un escenario para el dialogo, la reflexi\u00f3n y el debate que se extienda a otras geograf\u00edas de Am\u00e9rica Latina y del planeta, en una apuesta por transformar colectivamente los desaf\u00edos de un mundo contempor\u00e1neo, m\u00e1s all\u00e1 de las fronteras impuestas.","url":"https:\/\/pagina10.com\/web\/author\/mcepeda\/"}]}},"_links":{"self":[{"href":"https:\/\/pagina10.com\/web\/wp-json\/wp\/v2\/posts\/14813","targetHints":{"allow":["GET"]}}],"collection":[{"href":"https:\/\/pagina10.com\/web\/wp-json\/wp\/v2\/posts"}],"about":[{"href":"https:\/\/pagina10.com\/web\/wp-json\/wp\/v2\/types\/post"}],"author":[{"embeddable":true,"href":"https:\/\/pagina10.com\/web\/wp-json\/wp\/v2\/users\/29"}],"replies":[{"embeddable":true,"href":"https:\/\/pagina10.com\/web\/wp-json\/wp\/v2\/comments?post=14813"}],"version-history":[{"count":0,"href":"https:\/\/pagina10.com\/web\/wp-json\/wp\/v2\/posts\/14813\/revisions"}],"wp:featuredmedia":[{"embeddable":true,"href":"https:\/\/pagina10.com\/web\/wp-json\/wp\/v2\/media\/14812"}],"wp:attachment":[{"href":"https:\/\/pagina10.com\/web\/wp-json\/wp\/v2\/media?parent=14813"}],"wp:term":[{"taxonomy":"category","embeddable":true,"href":"https:\/\/pagina10.com\/web\/wp-json\/wp\/v2\/categories?post=14813"},{"taxonomy":"post_tag","embeddable":true,"href":"https:\/\/pagina10.com\/web\/wp-json\/wp\/v2\/tags?post=14813"}],"curies":[{"name":"wp","href":"https:\/\/api.w.org\/{rel}","templated":true}]}}