{"id":14827,"date":"2015-02-13T14:23:31","date_gmt":"2015-02-13T14:23:31","guid":{"rendered":"https:\/\/pagina10.com\/web\/s-o-s-escuela-carlos-pizarro\/"},"modified":"2015-02-13T14:23:31","modified_gmt":"2015-02-13T14:23:31","slug":"s-o-s-escuela-carlos-pizarro","status":"publish","type":"post","link":"https:\/\/pagina10.com\/web\/s-o-s-escuela-carlos-pizarro\/","title":{"rendered":"S.O.S Escuela Carlos Pizarro"},"content":{"rendered":"<p><img fetchpriority=\"high\" decoding=\"async\" class=\" size-full wp-image-14826\" src=\"https:\/\/pagina10.com\/web\/wp-content\/uploads\/2015\/02\/18051907171f2beffedf2be92429f8aa.jpg\" alt=\"\" width=\"1071\" height=\"803\" srcset=\"https:\/\/pagina10.com\/web\/wp-content\/uploads\/2015\/02\/18051907171f2beffedf2be92429f8aa.jpg 1071w, https:\/\/pagina10.com\/web\/wp-content\/uploads\/2015\/02\/18051907171f2beffedf2be92429f8aa-300x225.jpg 300w, https:\/\/pagina10.com\/web\/wp-content\/uploads\/2015\/02\/18051907171f2beffedf2be92429f8aa-1024x768.jpg 1024w, https:\/\/pagina10.com\/web\/wp-content\/uploads\/2015\/02\/18051907171f2beffedf2be92429f8aa-768x576.jpg 768w, https:\/\/pagina10.com\/web\/wp-content\/uploads\/2015\/02\/18051907171f2beffedf2be92429f8aa-86x64.jpg 86w\" sizes=\"(max-width: 1071px) 100vw, 1071px\" \/><\/p>\n<p style=\"text-align: justify;\">Enclavada en la comuna diez de la ciudad de Pasto, en el barrio El Para\u00edso, se encuentra la escuela Carlos Pizarro, una de las sedes de la I. E.M. Artemio Mendoza Carvajal, que atiende a cerca de doscientos ni\u00f1os de estrato uno y dos&nbsp; en los grados preescolar a quinto de primaria.&nbsp; Esta sede educativa fue construida gracias al tes\u00f3n y empuje de muchos l\u00edderes c\u00edvicos, dirigentes gremiales, docentes y comunidad en general hace aproximadamente veinte a\u00f1os.Los ni\u00f1os, en su totalidad, provienen de hogares de escasos recursos econ\u00f3micos, victimas del desplazamiento, la marginalidad y carecen en sus hogares de los medios necesarios que les permitan un desarrollo \u00f3ptimo y adecuado. Muchos de estos ni\u00f1os padecen de desnutrici\u00f3n pese a que en su escuela se les brinda una alimentaci\u00f3n que compensa las ausencias alimentarias de sus hogares.<\/p>\n<p style=\"text-align: justify;\">&nbsp;<\/p>\n<p style=\"text-align: justify;\">Gracias a las campa\u00f1as realizadas por los docentes y directivos de esta escuela se ha logrado la consecuci\u00f3n de algunos elementos educativos como cuadernos, l\u00e1pices, colores, reglas y maletines que facilitan la permanencia e ingreso de estos ni\u00f1os en las aulas escolares. Pero a pesar de su entrega y consagraci\u00f3n son bastantes las necesidades que se padecen en esta escuela.&nbsp; Se requiere, por ejemplo, ampliar la cobertura del restaurante escolar, mejorar la infraestructura y pavimentar las v\u00edas de acceso por cuanto en d\u00edas de lluvia son muchas las dificultades que se presentan para que los ni\u00f1os lleguen&nbsp; a su escuela sin correr riesgo alguno derivado de las v\u00edas deterioradas, fangosas y peligrosas debido al gran caudal de agua que corre por ellas arrastrando piedras, desechos y basuras.<\/p>\n<p style=\"text-align: justify;\">&nbsp;<\/p>\n<p style=\"text-align: justify;\">Ser requiere con urgencia el cierre o cubierta de la instituci\u00f3n que permita educar en condiciones dignas y seguras.&nbsp; La ausencia de una cubierta impide la utilizaci\u00f3n del peque\u00f1o patio escolar por cuanto en d\u00edas de lluvia se dificulta la permanencia de los ni\u00f1os; en d\u00edas soleados las altas temperaturas impiden la recreaci\u00f3n.&nbsp; Se hace un llamado respetuoso y solidario a la administraci\u00f3n municipal y a las autoridades educativas para que se destinen los recursos necesarios que permitan y faciliten la concreci\u00f3n de esta obra prioritaria e inaplazable.<\/p>\n<p style=\"text-align: justify;\">&nbsp;<\/p>\n<p style=\"text-align: justify;\">Igualmente formulamos un llamado a la empresa privada, a las cooperativas y&nbsp; entidades p\u00fablicas y oficiales para que se solidaricen con los doscientos ni\u00f1os de esta escuela p\u00fablica y permitan la salvaguardia de sus derechos humanos y constitucionales.<\/p>\n<p style=\"text-align: justify;\">&nbsp;<\/p>\n<p style=\"text-align: justify;\">Puedo dar testimonio de la desprotecci\u00f3n en la que se encuentran estos ni\u00f1os, de la urgente necesidad de implementar programas alimentarios o fortalecerlos, de la necesidad de elementos recreativos y deportivos, de ausencia de una biblioteca y de los requerimientos m\u00ednimos que permitan educarlos en condiciones de equidad y dignidad.&nbsp; Es digno de destacar el dinamismo y entrega del equipo docente que mantiene a flote esta escuela a pesar de las dificultades y necesidades.<\/p>\n<p style=\"text-align: justify;\">&nbsp;<\/p>\n<p style=\"text-align: justify;\">Estos cerca de doscientos ni\u00f1os provenientes de hogares en los cuales deben afrontar necesidades y penurias pues en su mayor\u00eda es la madre la que debe asumir todas las responsabilidades, hogares en los cuales el rebusque econ\u00f3mico es la \u00fanica alternativa y el sustento se basa en un arroz y una colada.&nbsp; Fui testigo directo de muchas familias que deben soportar el hacinamiento, la pobreza y la miseria.&nbsp; De ah\u00ed que este respetuoso llamado debe encontrar eco en personas, entidades y funcionarios de buen coraz\u00f3n, crear lazos de fraternidad y llevar alivio a estos ni\u00f1os que en verdad requieren de manos amigas y solidarias, para facilitar el contacto con todos ellos se pone a disposici\u00f3n el celular 3122687178 donde con gusto atenderemos su llamado y acogeremos su inquietud.<\/p>\n<p style=\"text-align: justify;\">&nbsp;<\/p>\n<p style=\"text-align: justify;\">Creemos que lleg\u00f3 la hora de saldar una cuenta hist\u00f3rica con estos ni\u00f1os y sus familias, de hacerlos sentir parte de Colombia, de acogerlos con amor y respeto en el seno de nuestra sociedad.&nbsp; Sabemos que no nos quedaremos solos en este llamado y que pueden visitarlos directamente en su escuela, haci\u00e9ndoles sentir la solidaridad que les devuelva la fe en la vida y las ganas de vivir.&nbsp; Ellos tambi\u00e9n son Colombia, tambi\u00e9n necesitan la presencia generosa y efectiva del Estado colombiano a trav\u00e9s de las entidades competentes.&nbsp; La paz tambi\u00e9n es sin\u00f3nimo de generosidad y en esta ocasi\u00f3n estos ni\u00f1os la encontrar\u00e1n en las manos y el presupuesto municipal.&nbsp; \u00a1!!Todos por la escuela Carlos Pizarro, todos por los ni\u00f1os que nos reclaman en una sola voz!!!<\/p>\n<p style=\"text-align: justify;\">&nbsp;<\/p>\n<p style=\"text-align: justify;\"><a href=\"mailto:peobando@gmail.com\">peobando@gmail.com<\/a><\/p>\n<p style=\"text-align: justify;\">&nbsp;<\/p>\n","protected":false},"excerpt":{"rendered":"<p>Enclavada en la comuna diez de la ciudad de Pasto, en el barrio El Para\u00edso, se encuentra la escuela Carlos Pizarro, una de las sedes de la I. E.M. Artemio Mendoza Carvajal, que atiende a cerca de doscientos ni\u00f1os de estrato uno y dos&nbsp; en los grados preescolar a quinto de primaria.&nbsp; Esta sede educativa [&hellip;]<\/p>\n","protected":false},"author":46,"featured_media":14826,"comment_status":"open","ping_status":"open","sticky":false,"template":"","format":"standard","meta":{"footnotes":""},"categories":[1],"tags":[],"class_list":["post-14827","post","type-post","status-publish","format-standard","has-post-thumbnail","hentry","category-sin-categoria"],"yoast_head":"<!-- This site is optimized with the Yoast SEO plugin v27.1.1 - https:\/\/yoast.com\/product\/yoast-seo-wordpress\/ -->\n<title>S.O.S Escuela Carlos Pizarro | P\u00e1gina10<\/title>\n<meta name=\"robots\" content=\"index, follow, max-snippet:-1, max-image-preview:large, max-video-preview:-1\" \/>\n<link rel=\"canonical\" href=\"https:\/\/pagina10.com\/web\/s-o-s-escuela-carlos-pizarro\/\" \/>\n<meta property=\"og:locale\" content=\"es_ES\" \/>\n<meta property=\"og:type\" content=\"article\" \/>\n<meta property=\"og:title\" content=\"S.O.S Escuela Carlos Pizarro | P\u00e1gina10\" \/>\n<meta property=\"og:description\" content=\"Enclavada en la comuna diez de la ciudad de Pasto, en el barrio El Para\u00edso, se encuentra la escuela Carlos Pizarro, una de las sedes de la I. E.M. Artemio Mendoza Carvajal, que atiende a cerca de doscientos ni\u00f1os de estrato uno y dos&nbsp; en los grados preescolar a quinto de primaria.&nbsp; Esta sede educativa [&hellip;]\" \/>\n<meta property=\"og:url\" content=\"https:\/\/pagina10.com\/web\/s-o-s-escuela-carlos-pizarro\/\" \/>\n<meta property=\"og:site_name\" content=\"P\u00e1gina10\" \/>\n<meta property=\"article:publisher\" content=\"https:\/\/www.facebook.com\/pag10com\" \/>\n<meta property=\"article:published_time\" content=\"2015-02-13T14:23:31+00:00\" \/>\n<meta property=\"og:image\" content=\"https:\/\/pagina10.com\/web\/wp-content\/uploads\/2015\/02\/18051907171f2beffedf2be92429f8aa.jpg\" \/>\n\t<meta property=\"og:image:width\" content=\"1071\" \/>\n\t<meta property=\"og:image:height\" content=\"803\" \/>\n\t<meta property=\"og:image:type\" content=\"image\/jpeg\" \/>\n<meta name=\"author\" content=\"Pablo Emilio Obando Acosta\" \/>\n<meta name=\"twitter:card\" content=\"summary_large_image\" \/>\n<meta name=\"twitter:creator\" content=\"@Pag10com\" \/>\n<meta name=\"twitter:site\" content=\"@Pag10com\" \/>\n<meta name=\"twitter:label1\" content=\"Escrito por\" \/>\n\t<meta name=\"twitter:data1\" content=\"Pablo Emilio Obando Acosta\" \/>\n\t<meta name=\"twitter:label2\" content=\"Tiempo de lectura\" \/>\n\t<meta name=\"twitter:data2\" content=\"4 minutos\" \/>\n<script type=\"application\/ld+json\" class=\"yoast-schema-graph\">{\"@context\":\"https:\/\/schema.org\",\"@graph\":[{\"@type\":\"Article\",\"@id\":\"https:\/\/pagina10.com\/web\/s-o-s-escuela-carlos-pizarro\/#article\",\"isPartOf\":{\"@id\":\"https:\/\/pagina10.com\/web\/s-o-s-escuela-carlos-pizarro\/\"},\"author\":{\"name\":\"Pablo Emilio Obando Acosta\",\"@id\":\"https:\/\/pagina10.com\/web\/#\/schema\/person\/3d3687c9f037834284853a963ee45123\"},\"headline\":\"S.O.S Escuela Carlos Pizarro\",\"datePublished\":\"2015-02-13T14:23:31+00:00\",\"mainEntityOfPage\":{\"@id\":\"https:\/\/pagina10.com\/web\/s-o-s-escuela-carlos-pizarro\/\"},\"wordCount\":803,\"commentCount\":0,\"publisher\":{\"@id\":\"https:\/\/pagina10.com\/web\/#organization\"},\"image\":{\"@id\":\"https:\/\/pagina10.com\/web\/s-o-s-escuela-carlos-pizarro\/#primaryimage\"},\"thumbnailUrl\":\"https:\/\/pagina10.com\/web\/wp-content\/uploads\/2015\/02\/18051907171f2beffedf2be92429f8aa.jpg\",\"inLanguage\":\"es\",\"potentialAction\":[{\"@type\":\"CommentAction\",\"name\":\"Comment\",\"target\":[\"https:\/\/pagina10.com\/web\/s-o-s-escuela-carlos-pizarro\/#respond\"]}]},{\"@type\":\"WebPage\",\"@id\":\"https:\/\/pagina10.com\/web\/s-o-s-escuela-carlos-pizarro\/\",\"url\":\"https:\/\/pagina10.com\/web\/s-o-s-escuela-carlos-pizarro\/\",\"name\":\"S.O.S Escuela Carlos Pizarro | P\u00e1gina10\",\"isPartOf\":{\"@id\":\"https:\/\/pagina10.com\/web\/#website\"},\"primaryImageOfPage\":{\"@id\":\"https:\/\/pagina10.com\/web\/s-o-s-escuela-carlos-pizarro\/#primaryimage\"},\"image\":{\"@id\":\"https:\/\/pagina10.com\/web\/s-o-s-escuela-carlos-pizarro\/#primaryimage\"},\"thumbnailUrl\":\"https:\/\/pagina10.com\/web\/wp-content\/uploads\/2015\/02\/18051907171f2beffedf2be92429f8aa.jpg\",\"datePublished\":\"2015-02-13T14:23:31+00:00\",\"breadcrumb\":{\"@id\":\"https:\/\/pagina10.com\/web\/s-o-s-escuela-carlos-pizarro\/#breadcrumb\"},\"inLanguage\":\"es\",\"potentialAction\":[{\"@type\":\"ReadAction\",\"target\":[\"https:\/\/pagina10.com\/web\/s-o-s-escuela-carlos-pizarro\/\"]}]},{\"@type\":\"ImageObject\",\"inLanguage\":\"es\",\"@id\":\"https:\/\/pagina10.com\/web\/s-o-s-escuela-carlos-pizarro\/#primaryimage\",\"url\":\"https:\/\/pagina10.com\/web\/wp-content\/uploads\/2015\/02\/18051907171f2beffedf2be92429f8aa.jpg\",\"contentUrl\":\"https:\/\/pagina10.com\/web\/wp-content\/uploads\/2015\/02\/18051907171f2beffedf2be92429f8aa.jpg\",\"width\":1071,\"height\":803},{\"@type\":\"BreadcrumbList\",\"@id\":\"https:\/\/pagina10.com\/web\/s-o-s-escuela-carlos-pizarro\/#breadcrumb\",\"itemListElement\":[{\"@type\":\"ListItem\",\"position\":1,\"name\":\"Portada\",\"item\":\"https:\/\/pagina10.com\/web\/\"},{\"@type\":\"ListItem\",\"position\":2,\"name\":\"S.O.S Escuela Carlos Pizarro\"}]},{\"@type\":\"WebSite\",\"@id\":\"https:\/\/pagina10.com\/web\/#website\",\"url\":\"https:\/\/pagina10.com\/web\/\",\"name\":\"P\u00e1gina10\",\"description\":\"Peri\u00f3dico Regional\",\"publisher\":{\"@id\":\"https:\/\/pagina10.com\/web\/#organization\"},\"alternateName\":\"P\u00e1gina10 Peri\u00f3dico Regional\",\"potentialAction\":[{\"@type\":\"SearchAction\",\"target\":{\"@type\":\"EntryPoint\",\"urlTemplate\":\"https:\/\/pagina10.com\/web\/?s={search_term_string}\"},\"query-input\":{\"@type\":\"PropertyValueSpecification\",\"valueRequired\":true,\"valueName\":\"search_term_string\"}}],\"inLanguage\":\"es\"},{\"@type\":\"Organization\",\"@id\":\"https:\/\/pagina10.com\/web\/#organization\",\"name\":\"P\u00e1gina10\",\"alternateName\":\"P\u00e1gina10 Peri\u00f3dico Regional\",\"url\":\"https:\/\/pagina10.com\/web\/\",\"logo\":{\"@type\":\"ImageObject\",\"inLanguage\":\"es\",\"@id\":\"https:\/\/pagina10.com\/web\/#\/schema\/logo\/image\/\",\"url\":\"https:\/\/pagina10.com\/web\/wp-content\/uploads\/2024\/01\/40-pagina-10-periodico-regional-pasto.jpg\",\"contentUrl\":\"https:\/\/pagina10.com\/web\/wp-content\/uploads\/2024\/01\/40-pagina-10-periodico-regional-pasto.jpg\",\"width\":1280,\"height\":720,\"caption\":\"P\u00e1gina10\"},\"image\":{\"@id\":\"https:\/\/pagina10.com\/web\/#\/schema\/logo\/image\/\"},\"sameAs\":[\"https:\/\/www.facebook.com\/pag10com\",\"https:\/\/x.com\/Pag10com\",\"https:\/\/www.instagram.com\/pagina10col\/\",\"https:\/\/youtube.com\/channel\/pag10\",\"https:\/\/www.tiktok.com\/@p10col\"]},{\"@type\":\"Person\",\"@id\":\"https:\/\/pagina10.com\/web\/#\/schema\/person\/3d3687c9f037834284853a963ee45123\",\"name\":\"Pablo Emilio Obando Acosta\",\"description\":\"PABLO EMILIO OBANDO ACOSTA Nace en el a\u00f1o de 1965. Bachiller acad\u00e9mico Modalidad Humanidades del INEM de Pasto. En 1989 culmina sus estudios universitarios en la Universidad de Nari\u00f1o obteniendo el t\u00edtulo de Licenciado en Ciencias Sociales \u2013 \u00e9nfasis Ciencias de la Educaci\u00f3n \u2013Jornada nocturna-. Especialista en Literatura latinoamericana y colaborador de importantes medios de comunicaci\u00f3n escritos de nuestra regi\u00f3n y del pa\u00eds: El Tiempo.com, Semana.com, Dinero, Diario Del Sur, El Espectador.com, entre otros, Sus escritos se conocen y han obtenido reconocimientos en Chile, Uruguay, Paraguay, Espa\u00f1a y Alemania. En el a\u00f1o 2000 obtiene el reconocimiento CORREO DEL SUR como el personaje c\u00edvico del a\u00f1o por su f\u00e9rrea defensa de la dignidad pastense al protestar con su documento \u201cUn pueblo ante la historia\u201d por el trato despectivo de algunos medios de comunicaci\u00f3n. Las reacciones no se hacen esperar en peri\u00f3dicos de circulaci\u00f3n regional y nacional como El Tiempo, El Espectador y El Pa\u00eds. Ha obtenido m\u00faltiples medallas y condecoraciones por su labor period\u00edstica y cultural: Medalla al merito Guillermo Edmundo Ch\u00e1vez \u2013 mejor escritor del departamento de Nari\u00f1o 2005 \u2013 Fundaci\u00f3n Gabriel Garc\u00eda M\u00e1rquez. Mejor Columnista del departamento de Nari\u00f1o \u2013 a\u00f1os 1991 \u2013 1993 \u2013 1996 \u2013 2001 \u2013 2006 Fundaci\u00f3n Cultural Correo del Sur. Personaje C\u00edvico del Departamento de Nari\u00f1o a\u00f1o 2000. Medalla \u00c1lvaro Javier Jurado Calvache a\u00f1o 2007 \u2013 Centro Educativo PROFESA \u2013 defensor poblaci\u00f3n vulnerable del municipio de Pasto. Mejor cuentista del departamento de Nari\u00f1o \u2013 a\u00f1os 1989 \u2013 2004 \u2013 2005. Cronista m\u00e1s destacado del departamento de Nari\u00f1o \u2013 a\u00f1o 2001. Finalista VI Concurso Internacional de Cuento \u2013 Prensa Nueva \u2013 a\u00f1o 1991. Primer puesto Concurso nacional de cuento \u2013 Contralor\u00eda general de la Rep\u00fablica \u2013 a\u00f1o 1992. Primer Lugar Concurso Municipal de Periodismo \u201cSilvio Le\u00f3n Espa\u00f1a\u201d \u2013 2009. . Reconocimiento Concejo municipal de Pasto, por su labor c\u00edvica y educativa. Sus obras y escritos se conocen en varios pa\u00edses de Latinoam\u00e9rica y de Colombia. Es autor de una docena de textos y m\u00e1s de un millar de columnas de opini\u00f3n que han generado pol\u00e9mica en el contexto nacional y latinoamericano: Testimonio de una insurrecci\u00f3n ciudadana \u2013 2011. El doctor Mierda. Un pueblo ante la historia. La filosof\u00eda de la gallina. Del amor por la Tierra... y otros textos. Diario de un maestro de escuela. Apuntes para una nueva historia Nuevos apuntes \u2013 Tomas Hidalgo Calvache. El problema de los cristianos. La utilidad del poeta. \u00bfTe acuerdas Mariana...? Corona F\u00fanebre \u2013 Tomas Hidalgo Calvache. En formato digital ha editado los siguientes t\u00edtulos: - La nueva filosof\u00eda de la gallina. - Tomas Hidalgo Calvache - Apuntes. - Educar con valor. Figura en varias antolog\u00edas de autores nari\u00f1enses y en una latinoamericana. Sobre \u00e9l han escrito elogiosamente intelectuales de la talla de Otto Morales Ben\u00edtez, Edgar Bastidas Urresty, Juan Augusto Ortiz cabrera, Carlos Santamar\u00eda, Javier Rodrizales, Miguel Garz\u00f3n Arteaga, Fausto Molina, Jorge Arturo Bravo y otros tantos que ser\u00eda dif\u00edcil nombrar en esta peque\u00f1a cr\u00f3nica sobre Pablo Emilio Obando Acosta.\",\"url\":\"https:\/\/pagina10.com\/web\/author\/pobando\/\"}]}<\/script>\n<!-- \/ Yoast SEO plugin. -->","yoast_head_json":{"title":"S.O.S Escuela Carlos Pizarro | P\u00e1gina10","robots":{"index":"index","follow":"follow","max-snippet":"max-snippet:-1","max-image-preview":"max-image-preview:large","max-video-preview":"max-video-preview:-1"},"canonical":"https:\/\/pagina10.com\/web\/s-o-s-escuela-carlos-pizarro\/","og_locale":"es_ES","og_type":"article","og_title":"S.O.S Escuela Carlos Pizarro | P\u00e1gina10","og_description":"Enclavada en la comuna diez de la ciudad de Pasto, en el barrio El Para\u00edso, se encuentra la escuela Carlos Pizarro, una de las sedes de la I. E.M. Artemio Mendoza Carvajal, que atiende a cerca de doscientos ni\u00f1os de estrato uno y dos&nbsp; en los grados preescolar a quinto de primaria.&nbsp; Esta sede educativa [&hellip;]","og_url":"https:\/\/pagina10.com\/web\/s-o-s-escuela-carlos-pizarro\/","og_site_name":"P\u00e1gina10","article_publisher":"https:\/\/www.facebook.com\/pag10com","article_published_time":"2015-02-13T14:23:31+00:00","og_image":[{"width":1071,"height":803,"url":"https:\/\/pagina10.com\/web\/wp-content\/uploads\/2015\/02\/18051907171f2beffedf2be92429f8aa.jpg","type":"image\/jpeg"}],"author":"Pablo Emilio Obando Acosta","twitter_card":"summary_large_image","twitter_creator":"@Pag10com","twitter_site":"@Pag10com","twitter_misc":{"Escrito por":"Pablo Emilio Obando Acosta","Tiempo de lectura":"4 minutos"},"schema":{"@context":"https:\/\/schema.org","@graph":[{"@type":"Article","@id":"https:\/\/pagina10.com\/web\/s-o-s-escuela-carlos-pizarro\/#article","isPartOf":{"@id":"https:\/\/pagina10.com\/web\/s-o-s-escuela-carlos-pizarro\/"},"author":{"name":"Pablo Emilio Obando Acosta","@id":"https:\/\/pagina10.com\/web\/#\/schema\/person\/3d3687c9f037834284853a963ee45123"},"headline":"S.O.S Escuela Carlos Pizarro","datePublished":"2015-02-13T14:23:31+00:00","mainEntityOfPage":{"@id":"https:\/\/pagina10.com\/web\/s-o-s-escuela-carlos-pizarro\/"},"wordCount":803,"commentCount":0,"publisher":{"@id":"https:\/\/pagina10.com\/web\/#organization"},"image":{"@id":"https:\/\/pagina10.com\/web\/s-o-s-escuela-carlos-pizarro\/#primaryimage"},"thumbnailUrl":"https:\/\/pagina10.com\/web\/wp-content\/uploads\/2015\/02\/18051907171f2beffedf2be92429f8aa.jpg","inLanguage":"es","potentialAction":[{"@type":"CommentAction","name":"Comment","target":["https:\/\/pagina10.com\/web\/s-o-s-escuela-carlos-pizarro\/#respond"]}]},{"@type":"WebPage","@id":"https:\/\/pagina10.com\/web\/s-o-s-escuela-carlos-pizarro\/","url":"https:\/\/pagina10.com\/web\/s-o-s-escuela-carlos-pizarro\/","name":"S.O.S Escuela Carlos Pizarro | P\u00e1gina10","isPartOf":{"@id":"https:\/\/pagina10.com\/web\/#website"},"primaryImageOfPage":{"@id":"https:\/\/pagina10.com\/web\/s-o-s-escuela-carlos-pizarro\/#primaryimage"},"image":{"@id":"https:\/\/pagina10.com\/web\/s-o-s-escuela-carlos-pizarro\/#primaryimage"},"thumbnailUrl":"https:\/\/pagina10.com\/web\/wp-content\/uploads\/2015\/02\/18051907171f2beffedf2be92429f8aa.jpg","datePublished":"2015-02-13T14:23:31+00:00","breadcrumb":{"@id":"https:\/\/pagina10.com\/web\/s-o-s-escuela-carlos-pizarro\/#breadcrumb"},"inLanguage":"es","potentialAction":[{"@type":"ReadAction","target":["https:\/\/pagina10.com\/web\/s-o-s-escuela-carlos-pizarro\/"]}]},{"@type":"ImageObject","inLanguage":"es","@id":"https:\/\/pagina10.com\/web\/s-o-s-escuela-carlos-pizarro\/#primaryimage","url":"https:\/\/pagina10.com\/web\/wp-content\/uploads\/2015\/02\/18051907171f2beffedf2be92429f8aa.jpg","contentUrl":"https:\/\/pagina10.com\/web\/wp-content\/uploads\/2015\/02\/18051907171f2beffedf2be92429f8aa.jpg","width":1071,"height":803},{"@type":"BreadcrumbList","@id":"https:\/\/pagina10.com\/web\/s-o-s-escuela-carlos-pizarro\/#breadcrumb","itemListElement":[{"@type":"ListItem","position":1,"name":"Portada","item":"https:\/\/pagina10.com\/web\/"},{"@type":"ListItem","position":2,"name":"S.O.S Escuela Carlos Pizarro"}]},{"@type":"WebSite","@id":"https:\/\/pagina10.com\/web\/#website","url":"https:\/\/pagina10.com\/web\/","name":"P\u00e1gina10","description":"Peri\u00f3dico Regional","publisher":{"@id":"https:\/\/pagina10.com\/web\/#organization"},"alternateName":"P\u00e1gina10 Peri\u00f3dico Regional","potentialAction":[{"@type":"SearchAction","target":{"@type":"EntryPoint","urlTemplate":"https:\/\/pagina10.com\/web\/?s={search_term_string}"},"query-input":{"@type":"PropertyValueSpecification","valueRequired":true,"valueName":"search_term_string"}}],"inLanguage":"es"},{"@type":"Organization","@id":"https:\/\/pagina10.com\/web\/#organization","name":"P\u00e1gina10","alternateName":"P\u00e1gina10 Peri\u00f3dico Regional","url":"https:\/\/pagina10.com\/web\/","logo":{"@type":"ImageObject","inLanguage":"es","@id":"https:\/\/pagina10.com\/web\/#\/schema\/logo\/image\/","url":"https:\/\/pagina10.com\/web\/wp-content\/uploads\/2024\/01\/40-pagina-10-periodico-regional-pasto.jpg","contentUrl":"https:\/\/pagina10.com\/web\/wp-content\/uploads\/2024\/01\/40-pagina-10-periodico-regional-pasto.jpg","width":1280,"height":720,"caption":"P\u00e1gina10"},"image":{"@id":"https:\/\/pagina10.com\/web\/#\/schema\/logo\/image\/"},"sameAs":["https:\/\/www.facebook.com\/pag10com","https:\/\/x.com\/Pag10com","https:\/\/www.instagram.com\/pagina10col\/","https:\/\/youtube.com\/channel\/pag10","https:\/\/www.tiktok.com\/@p10col"]},{"@type":"Person","@id":"https:\/\/pagina10.com\/web\/#\/schema\/person\/3d3687c9f037834284853a963ee45123","name":"Pablo Emilio Obando Acosta","description":"PABLO EMILIO OBANDO ACOSTA Nace en el a\u00f1o de 1965. Bachiller acad\u00e9mico Modalidad Humanidades del INEM de Pasto. En 1989 culmina sus estudios universitarios en la Universidad de Nari\u00f1o obteniendo el t\u00edtulo de Licenciado en Ciencias Sociales \u2013 \u00e9nfasis Ciencias de la Educaci\u00f3n \u2013Jornada nocturna-. Especialista en Literatura latinoamericana y colaborador de importantes medios de comunicaci\u00f3n escritos de nuestra regi\u00f3n y del pa\u00eds: El Tiempo.com, Semana.com, Dinero, Diario Del Sur, El Espectador.com, entre otros, Sus escritos se conocen y han obtenido reconocimientos en Chile, Uruguay, Paraguay, Espa\u00f1a y Alemania. En el a\u00f1o 2000 obtiene el reconocimiento CORREO DEL SUR como el personaje c\u00edvico del a\u00f1o por su f\u00e9rrea defensa de la dignidad pastense al protestar con su documento \u201cUn pueblo ante la historia\u201d por el trato despectivo de algunos medios de comunicaci\u00f3n. Las reacciones no se hacen esperar en peri\u00f3dicos de circulaci\u00f3n regional y nacional como El Tiempo, El Espectador y El Pa\u00eds. Ha obtenido m\u00faltiples medallas y condecoraciones por su labor period\u00edstica y cultural: Medalla al merito Guillermo Edmundo Ch\u00e1vez \u2013 mejor escritor del departamento de Nari\u00f1o 2005 \u2013 Fundaci\u00f3n Gabriel Garc\u00eda M\u00e1rquez. Mejor Columnista del departamento de Nari\u00f1o \u2013 a\u00f1os 1991 \u2013 1993 \u2013 1996 \u2013 2001 \u2013 2006 Fundaci\u00f3n Cultural Correo del Sur. Personaje C\u00edvico del Departamento de Nari\u00f1o a\u00f1o 2000. Medalla \u00c1lvaro Javier Jurado Calvache a\u00f1o 2007 \u2013 Centro Educativo PROFESA \u2013 defensor poblaci\u00f3n vulnerable del municipio de Pasto. Mejor cuentista del departamento de Nari\u00f1o \u2013 a\u00f1os 1989 \u2013 2004 \u2013 2005. Cronista m\u00e1s destacado del departamento de Nari\u00f1o \u2013 a\u00f1o 2001. Finalista VI Concurso Internacional de Cuento \u2013 Prensa Nueva \u2013 a\u00f1o 1991. Primer puesto Concurso nacional de cuento \u2013 Contralor\u00eda general de la Rep\u00fablica \u2013 a\u00f1o 1992. Primer Lugar Concurso Municipal de Periodismo \u201cSilvio Le\u00f3n Espa\u00f1a\u201d \u2013 2009. . Reconocimiento Concejo municipal de Pasto, por su labor c\u00edvica y educativa. Sus obras y escritos se conocen en varios pa\u00edses de Latinoam\u00e9rica y de Colombia. Es autor de una docena de textos y m\u00e1s de un millar de columnas de opini\u00f3n que han generado pol\u00e9mica en el contexto nacional y latinoamericano: Testimonio de una insurrecci\u00f3n ciudadana \u2013 2011. El doctor Mierda. Un pueblo ante la historia. La filosof\u00eda de la gallina. Del amor por la Tierra... y otros textos. Diario de un maestro de escuela. Apuntes para una nueva historia Nuevos apuntes \u2013 Tomas Hidalgo Calvache. El problema de los cristianos. La utilidad del poeta. \u00bfTe acuerdas Mariana...? Corona F\u00fanebre \u2013 Tomas Hidalgo Calvache. En formato digital ha editado los siguientes t\u00edtulos: - La nueva filosof\u00eda de la gallina. - Tomas Hidalgo Calvache - Apuntes. - Educar con valor. Figura en varias antolog\u00edas de autores nari\u00f1enses y en una latinoamericana. Sobre \u00e9l han escrito elogiosamente intelectuales de la talla de Otto Morales Ben\u00edtez, Edgar Bastidas Urresty, Juan Augusto Ortiz cabrera, Carlos Santamar\u00eda, Javier Rodrizales, Miguel Garz\u00f3n Arteaga, Fausto Molina, Jorge Arturo Bravo y otros tantos que ser\u00eda dif\u00edcil nombrar en esta peque\u00f1a cr\u00f3nica sobre Pablo Emilio Obando Acosta.","url":"https:\/\/pagina10.com\/web\/author\/pobando\/"}]}},"_links":{"self":[{"href":"https:\/\/pagina10.com\/web\/wp-json\/wp\/v2\/posts\/14827","targetHints":{"allow":["GET"]}}],"collection":[{"href":"https:\/\/pagina10.com\/web\/wp-json\/wp\/v2\/posts"}],"about":[{"href":"https:\/\/pagina10.com\/web\/wp-json\/wp\/v2\/types\/post"}],"author":[{"embeddable":true,"href":"https:\/\/pagina10.com\/web\/wp-json\/wp\/v2\/users\/46"}],"replies":[{"embeddable":true,"href":"https:\/\/pagina10.com\/web\/wp-json\/wp\/v2\/comments?post=14827"}],"version-history":[{"count":0,"href":"https:\/\/pagina10.com\/web\/wp-json\/wp\/v2\/posts\/14827\/revisions"}],"wp:featuredmedia":[{"embeddable":true,"href":"https:\/\/pagina10.com\/web\/wp-json\/wp\/v2\/media\/14826"}],"wp:attachment":[{"href":"https:\/\/pagina10.com\/web\/wp-json\/wp\/v2\/media?parent=14827"}],"wp:term":[{"taxonomy":"category","embeddable":true,"href":"https:\/\/pagina10.com\/web\/wp-json\/wp\/v2\/categories?post=14827"},{"taxonomy":"post_tag","embeddable":true,"href":"https:\/\/pagina10.com\/web\/wp-json\/wp\/v2\/tags?post=14827"}],"curies":[{"name":"wp","href":"https:\/\/api.w.org\/{rel}","templated":true}]}}