{"id":14831,"date":"2015-02-13T21:24:24","date_gmt":"2015-02-13T21:24:24","guid":{"rendered":"https:\/\/pagina10.com\/web\/conoce-fliz-la-fusion-entre-el-correr-y-el-ciclismo\/"},"modified":"2015-02-13T21:24:24","modified_gmt":"2015-02-13T21:24:24","slug":"conoce-fliz-la-fusion-entre-el-correr-y-el-ciclismo","status":"publish","type":"post","link":"https:\/\/pagina10.com\/web\/conoce-fliz-la-fusion-entre-el-correr-y-el-ciclismo\/","title":{"rendered":"Conoce Fliz: la fusi\u00f3n entre el correr y el ciclismo"},"content":{"rendered":"<p><img fetchpriority=\"high\" decoding=\"async\" class=\" size-full wp-image-14830\" src=\"https:\/\/pagina10.com\/web\/wp-content\/uploads\/2015\/02\/6c7025f0c4ef7489860d094e22e5b1e4.jpg\" alt=\"\" width=\"275\" height=\"183\" \/><\/p>\n<p>El ser humano es innovador por excelencia. Cada necesidad involucra una toque de creatividad, en esta ocasi\u00f3n una emprendora idea fusiona los deportes cotidianos de la ciudad: el ciclismo y el atletismo.<\/p>\n<p>La forma m\u00e1s natural de transporte, la marcha humana, fue incorporada a la bicicleta por los dise\u00f1adores alemanes&nbsp;Tom Hambrock&nbsp;y&nbsp;Yuri Spetter. As\u00ed, en vez de usar pedales, Fliz est\u00e1 compuesta por un marco liviano y un arn\u00e9s que suspende al usuario entre los dos neum\u00e1ticos. Estos se mueven mientras el conductor camina c\u00f3modamente. Al alcanzar una velocidad suficiente, se puede descansar los pies sobre la rueda trasera y usar el manubrio para maniobrar.<\/p>\n<p>&nbsp;<\/p>\n<p><img decoding=\"async\" alt=\"Fliz-Pedal-Less-Bicycle-prototype_2\" src=\"http:\/\/cdn.labioguia.com\/wp-content\/uploads\/2015\/02\/Fliz-Pedal-Less-Bicycle-prototype_2.jpeg\" width=\"550\" height=\"393\" style=\"display: block; margin-left: auto; margin-right: auto;\" \/><\/p>\n<p>&nbsp;<\/p>\n<p>Hambrock y Spetter esperan que su invento haga el ciclismo m\u00e1s atractivo, al traer al mundo una nueva forma de movilizarse. El marco del veh\u00edculo est\u00e1 dise\u00f1ado de manera tal que incorpore al conductor, brind\u00e1ndole comodidad en un formato ergon\u00f3mico. Al mismo tiempo, otorga una experiencia que integra los beneficios de correr y andar en bicicleta.<\/p>\n<p>&nbsp;<\/p>\n<p><a href=\"http:\/\/cdn.labioguia.com\/wp-content\/uploads\/2015\/02\/fliz2.jpg\"><img decoding=\"async\" alt=\"fliz2\" src=\"http:\/\/cdn.labioguia.com\/wp-content\/uploads\/2015\/02\/fliz2.jpg\" width=\"464\" height=\"330\" style=\"display: block; margin-left: auto; margin-right: auto;\" \/><\/a><\/p>\n<p>&nbsp;<\/p>\n<p style=\"text-align: justify;\">Al reemplazar los pedales por el impulso de los pies, Fliz propone una innovaci\u00f3n a la convencional manera de andar en bicicleta. Desarrollado por dos dise\u00f1adores alemanes, el veh\u00edculo tiene el objetivo de fomentar una movilidad urbana m\u00e1s sustentable.<\/p>\n<p><span color=\"#616161\" face=\"Gotham, arial\" data-mce-mark=\"1\"><\/span><\/p>\n<p><img loading=\"lazy\" decoding=\"async\" alt=\"details Fliz bau schw wei\u00df blog\" src=\"http:\/\/cdn.labioguia.com\/wp-content\/uploads\/2015\/02\/details-Fliz-bau-schw-wei%C3%9F-blog.jpg\" width=\"456\" height=\"302\" style=\"display: block; margin-left: auto; margin-right: auto;\" \/><\/p>\n<p>&nbsp;<\/p>\n<p style=\"text-align: justify;\">Fliz est\u00e1 inspirada en la creaci\u00f3n del bar\u00f3n Karl Drais, considerado el padre de la bicicleta. Tambi\u00e9n de origen alem\u00e1n, este inventor hab\u00eda desarrollado un veh\u00edculo que se impulsaba apoyando los pies alternativamente sobre el suelo.<\/p>\n<p>&nbsp;<\/p>\n<div>Una idea crucil para quienes desean experimentar realizar dos deportes a la vez.&nbsp;<\/div>\n<div>&nbsp;<\/div>\n<div>Mira el video promocional aqui:&nbsp;<\/div>\n<p style=\"text-align: justify;\">&nbsp;<\/p>\n<p><iframe width=\"640\" height=\"360\" src=\"https:\/\/www.youtube.com\/embed\/ZOqNXK_LHUc\" frameborder=\"0\" allowfullscreen=\"true\" style=\"display: block; margin-left: auto; margin-right: auto;\"><\/iframe><\/p>\n<p>Articulo relacionado: Bioguia&nbsp;<\/p>\n","protected":false},"excerpt":{"rendered":"<p>El ser humano es innovador por excelencia. Cada necesidad involucra una toque de creatividad, en esta ocasi\u00f3n una emprendora idea fusiona los deportes cotidianos de la ciudad: el ciclismo y el atletismo. La forma m\u00e1s natural de transporte, la marcha humana, fue incorporada a la bicicleta por los dise\u00f1adores alemanes&nbsp;Tom Hambrock&nbsp;y&nbsp;Yuri Spetter. As\u00ed, en vez [&hellip;]<\/p>\n","protected":false},"author":29,"featured_media":14830,"comment_status":"open","ping_status":"open","sticky":false,"template":"","format":"standard","meta":{"footnotes":""},"categories":[1],"tags":[],"class_list":["post-14831","post","type-post","status-publish","format-standard","has-post-thumbnail","hentry","category-sin-categoria"],"yoast_head":"<!-- This site is optimized with the Yoast SEO plugin v27.1.1 - https:\/\/yoast.com\/product\/yoast-seo-wordpress\/ -->\n<title>Conoce Fliz: la fusi\u00f3n entre el correr y el ciclismo | P\u00e1gina10<\/title>\n<meta name=\"robots\" content=\"index, follow, max-snippet:-1, max-image-preview:large, max-video-preview:-1\" \/>\n<link rel=\"canonical\" href=\"https:\/\/pagina10.com\/web\/conoce-fliz-la-fusion-entre-el-correr-y-el-ciclismo\/\" \/>\n<meta property=\"og:locale\" content=\"es_ES\" \/>\n<meta property=\"og:type\" content=\"article\" \/>\n<meta property=\"og:title\" content=\"Conoce Fliz: la fusi\u00f3n entre el correr y el ciclismo | P\u00e1gina10\" \/>\n<meta property=\"og:description\" content=\"El ser humano es innovador por excelencia. Cada necesidad involucra una toque de creatividad, en esta ocasi\u00f3n una emprendora idea fusiona los deportes cotidianos de la ciudad: el ciclismo y el atletismo. La forma m\u00e1s natural de transporte, la marcha humana, fue incorporada a la bicicleta por los dise\u00f1adores alemanes&nbsp;Tom Hambrock&nbsp;y&nbsp;Yuri Spetter. As\u00ed, en vez [&hellip;]\" \/>\n<meta property=\"og:url\" content=\"https:\/\/pagina10.com\/web\/conoce-fliz-la-fusion-entre-el-correr-y-el-ciclismo\/\" \/>\n<meta property=\"og:site_name\" content=\"P\u00e1gina10\" \/>\n<meta property=\"article:publisher\" content=\"https:\/\/www.facebook.com\/pag10com\" \/>\n<meta property=\"article:published_time\" content=\"2015-02-13T21:24:24+00:00\" \/>\n<meta property=\"og:image\" content=\"https:\/\/pagina10.com\/web\/wp-content\/uploads\/2015\/02\/6c7025f0c4ef7489860d094e22e5b1e4.jpg\" \/>\n\t<meta property=\"og:image:width\" content=\"275\" \/>\n\t<meta property=\"og:image:height\" content=\"183\" \/>\n\t<meta property=\"og:image:type\" content=\"image\/jpeg\" \/>\n<meta name=\"author\" content=\"P\u00e1gina 10\" \/>\n<meta name=\"twitter:card\" content=\"summary_large_image\" \/>\n<meta name=\"twitter:creator\" content=\"@Pag10com\" \/>\n<meta name=\"twitter:site\" content=\"@Pag10com\" \/>\n<meta name=\"twitter:label1\" content=\"Escrito por\" \/>\n\t<meta name=\"twitter:data1\" content=\"P\u00e1gina 10\" \/>\n\t<meta name=\"twitter:label2\" content=\"Tiempo de lectura\" \/>\n\t<meta name=\"twitter:data2\" content=\"1 minuto\" \/>\n<script type=\"application\/ld+json\" class=\"yoast-schema-graph\">{\"@context\":\"https:\/\/schema.org\",\"@graph\":[{\"@type\":\"Article\",\"@id\":\"https:\/\/pagina10.com\/web\/conoce-fliz-la-fusion-entre-el-correr-y-el-ciclismo\/#article\",\"isPartOf\":{\"@id\":\"https:\/\/pagina10.com\/web\/conoce-fliz-la-fusion-entre-el-correr-y-el-ciclismo\/\"},\"author\":{\"name\":\"P\u00e1gina 10\",\"@id\":\"https:\/\/pagina10.com\/web\/#\/schema\/person\/a7a5d38f0629dfc107f619fbae4f6cc3\"},\"headline\":\"Conoce Fliz: la fusi\u00f3n entre el correr y el ciclismo\",\"datePublished\":\"2015-02-13T21:24:24+00:00\",\"mainEntityOfPage\":{\"@id\":\"https:\/\/pagina10.com\/web\/conoce-fliz-la-fusion-entre-el-correr-y-el-ciclismo\/\"},\"wordCount\":305,\"commentCount\":0,\"publisher\":{\"@id\":\"https:\/\/pagina10.com\/web\/#organization\"},\"image\":{\"@id\":\"https:\/\/pagina10.com\/web\/conoce-fliz-la-fusion-entre-el-correr-y-el-ciclismo\/#primaryimage\"},\"thumbnailUrl\":\"https:\/\/pagina10.com\/web\/wp-content\/uploads\/2015\/02\/6c7025f0c4ef7489860d094e22e5b1e4.jpg\",\"inLanguage\":\"es\",\"potentialAction\":[{\"@type\":\"CommentAction\",\"name\":\"Comment\",\"target\":[\"https:\/\/pagina10.com\/web\/conoce-fliz-la-fusion-entre-el-correr-y-el-ciclismo\/#respond\"]}]},{\"@type\":\"WebPage\",\"@id\":\"https:\/\/pagina10.com\/web\/conoce-fliz-la-fusion-entre-el-correr-y-el-ciclismo\/\",\"url\":\"https:\/\/pagina10.com\/web\/conoce-fliz-la-fusion-entre-el-correr-y-el-ciclismo\/\",\"name\":\"Conoce Fliz: la fusi\u00f3n entre el correr y el ciclismo | P\u00e1gina10\",\"isPartOf\":{\"@id\":\"https:\/\/pagina10.com\/web\/#website\"},\"primaryImageOfPage\":{\"@id\":\"https:\/\/pagina10.com\/web\/conoce-fliz-la-fusion-entre-el-correr-y-el-ciclismo\/#primaryimage\"},\"image\":{\"@id\":\"https:\/\/pagina10.com\/web\/conoce-fliz-la-fusion-entre-el-correr-y-el-ciclismo\/#primaryimage\"},\"thumbnailUrl\":\"https:\/\/pagina10.com\/web\/wp-content\/uploads\/2015\/02\/6c7025f0c4ef7489860d094e22e5b1e4.jpg\",\"datePublished\":\"2015-02-13T21:24:24+00:00\",\"breadcrumb\":{\"@id\":\"https:\/\/pagina10.com\/web\/conoce-fliz-la-fusion-entre-el-correr-y-el-ciclismo\/#breadcrumb\"},\"inLanguage\":\"es\",\"potentialAction\":[{\"@type\":\"ReadAction\",\"target\":[\"https:\/\/pagina10.com\/web\/conoce-fliz-la-fusion-entre-el-correr-y-el-ciclismo\/\"]}]},{\"@type\":\"ImageObject\",\"inLanguage\":\"es\",\"@id\":\"https:\/\/pagina10.com\/web\/conoce-fliz-la-fusion-entre-el-correr-y-el-ciclismo\/#primaryimage\",\"url\":\"https:\/\/pagina10.com\/web\/wp-content\/uploads\/2015\/02\/6c7025f0c4ef7489860d094e22e5b1e4.jpg\",\"contentUrl\":\"https:\/\/pagina10.com\/web\/wp-content\/uploads\/2015\/02\/6c7025f0c4ef7489860d094e22e5b1e4.jpg\",\"width\":275,\"height\":183},{\"@type\":\"BreadcrumbList\",\"@id\":\"https:\/\/pagina10.com\/web\/conoce-fliz-la-fusion-entre-el-correr-y-el-ciclismo\/#breadcrumb\",\"itemListElement\":[{\"@type\":\"ListItem\",\"position\":1,\"name\":\"Portada\",\"item\":\"https:\/\/pagina10.com\/web\/\"},{\"@type\":\"ListItem\",\"position\":2,\"name\":\"Conoce Fliz: la fusi\u00f3n entre el correr y el ciclismo\"}]},{\"@type\":\"WebSite\",\"@id\":\"https:\/\/pagina10.com\/web\/#website\",\"url\":\"https:\/\/pagina10.com\/web\/\",\"name\":\"P\u00e1gina10\",\"description\":\"Peri\u00f3dico Regional\",\"publisher\":{\"@id\":\"https:\/\/pagina10.com\/web\/#organization\"},\"alternateName\":\"P\u00e1gina10 Peri\u00f3dico Regional\",\"potentialAction\":[{\"@type\":\"SearchAction\",\"target\":{\"@type\":\"EntryPoint\",\"urlTemplate\":\"https:\/\/pagina10.com\/web\/?s={search_term_string}\"},\"query-input\":{\"@type\":\"PropertyValueSpecification\",\"valueRequired\":true,\"valueName\":\"search_term_string\"}}],\"inLanguage\":\"es\"},{\"@type\":\"Organization\",\"@id\":\"https:\/\/pagina10.com\/web\/#organization\",\"name\":\"P\u00e1gina10\",\"alternateName\":\"P\u00e1gina10 Peri\u00f3dico Regional\",\"url\":\"https:\/\/pagina10.com\/web\/\",\"logo\":{\"@type\":\"ImageObject\",\"inLanguage\":\"es\",\"@id\":\"https:\/\/pagina10.com\/web\/#\/schema\/logo\/image\/\",\"url\":\"https:\/\/pagina10.com\/web\/wp-content\/uploads\/2024\/01\/40-pagina-10-periodico-regional-pasto.jpg\",\"contentUrl\":\"https:\/\/pagina10.com\/web\/wp-content\/uploads\/2024\/01\/40-pagina-10-periodico-regional-pasto.jpg\",\"width\":1280,\"height\":720,\"caption\":\"P\u00e1gina10\"},\"image\":{\"@id\":\"https:\/\/pagina10.com\/web\/#\/schema\/logo\/image\/\"},\"sameAs\":[\"https:\/\/www.facebook.com\/pag10com\",\"https:\/\/x.com\/Pag10com\",\"https:\/\/www.instagram.com\/pagina10col\/\",\"https:\/\/youtube.com\/channel\/pag10\",\"https:\/\/www.tiktok.com\/@p10col\"]},{\"@type\":\"Person\",\"@id\":\"https:\/\/pagina10.com\/web\/#\/schema\/person\/a7a5d38f0629dfc107f619fbae4f6cc3\",\"name\":\"P\u00e1gina 10\",\"description\":\"P\u00e1gina10.com es un peri\u00f3dico digital que nace en Colombia, en el departamento de Nari\u00f1o, con un enfoque global, fundamentado en cuatro pilares esenciales: la libertad, el pluralismo, la inclusi\u00f3n y la independencia. P\u00e1gina10.com hace referencia a Nari\u00f1o como el d\u00e9cimo departamento creado en Colombia, despu\u00e9s de un proceso pol\u00edtico liderado por actores y actrices regionales con el fin de obtener la independencia y autonom\u00eda de nuestros territorios. Con la creaci\u00f3n de P\u00e1gina10.com se pretende abrir un escenario para el dialogo, la reflexi\u00f3n y el debate que se extienda a otras geograf\u00edas de Am\u00e9rica Latina y del planeta, en una apuesta por transformar colectivamente los desaf\u00edos de un mundo contempor\u00e1neo, m\u00e1s all\u00e1 de las fronteras impuestas.\",\"url\":\"https:\/\/pagina10.com\/web\/author\/mcepeda\/\"}]}<\/script>\n<!-- \/ Yoast SEO plugin. -->","yoast_head_json":{"title":"Conoce Fliz: la fusi\u00f3n entre el correr y el ciclismo | P\u00e1gina10","robots":{"index":"index","follow":"follow","max-snippet":"max-snippet:-1","max-image-preview":"max-image-preview:large","max-video-preview":"max-video-preview:-1"},"canonical":"https:\/\/pagina10.com\/web\/conoce-fliz-la-fusion-entre-el-correr-y-el-ciclismo\/","og_locale":"es_ES","og_type":"article","og_title":"Conoce Fliz: la fusi\u00f3n entre el correr y el ciclismo | P\u00e1gina10","og_description":"El ser humano es innovador por excelencia. Cada necesidad involucra una toque de creatividad, en esta ocasi\u00f3n una emprendora idea fusiona los deportes cotidianos de la ciudad: el ciclismo y el atletismo. La forma m\u00e1s natural de transporte, la marcha humana, fue incorporada a la bicicleta por los dise\u00f1adores alemanes&nbsp;Tom Hambrock&nbsp;y&nbsp;Yuri Spetter. As\u00ed, en vez [&hellip;]","og_url":"https:\/\/pagina10.com\/web\/conoce-fliz-la-fusion-entre-el-correr-y-el-ciclismo\/","og_site_name":"P\u00e1gina10","article_publisher":"https:\/\/www.facebook.com\/pag10com","article_published_time":"2015-02-13T21:24:24+00:00","og_image":[{"width":275,"height":183,"url":"https:\/\/pagina10.com\/web\/wp-content\/uploads\/2015\/02\/6c7025f0c4ef7489860d094e22e5b1e4.jpg","type":"image\/jpeg"}],"author":"P\u00e1gina 10","twitter_card":"summary_large_image","twitter_creator":"@Pag10com","twitter_site":"@Pag10com","twitter_misc":{"Escrito por":"P\u00e1gina 10","Tiempo de lectura":"1 minuto"},"schema":{"@context":"https:\/\/schema.org","@graph":[{"@type":"Article","@id":"https:\/\/pagina10.com\/web\/conoce-fliz-la-fusion-entre-el-correr-y-el-ciclismo\/#article","isPartOf":{"@id":"https:\/\/pagina10.com\/web\/conoce-fliz-la-fusion-entre-el-correr-y-el-ciclismo\/"},"author":{"name":"P\u00e1gina 10","@id":"https:\/\/pagina10.com\/web\/#\/schema\/person\/a7a5d38f0629dfc107f619fbae4f6cc3"},"headline":"Conoce Fliz: la fusi\u00f3n entre el correr y el ciclismo","datePublished":"2015-02-13T21:24:24+00:00","mainEntityOfPage":{"@id":"https:\/\/pagina10.com\/web\/conoce-fliz-la-fusion-entre-el-correr-y-el-ciclismo\/"},"wordCount":305,"commentCount":0,"publisher":{"@id":"https:\/\/pagina10.com\/web\/#organization"},"image":{"@id":"https:\/\/pagina10.com\/web\/conoce-fliz-la-fusion-entre-el-correr-y-el-ciclismo\/#primaryimage"},"thumbnailUrl":"https:\/\/pagina10.com\/web\/wp-content\/uploads\/2015\/02\/6c7025f0c4ef7489860d094e22e5b1e4.jpg","inLanguage":"es","potentialAction":[{"@type":"CommentAction","name":"Comment","target":["https:\/\/pagina10.com\/web\/conoce-fliz-la-fusion-entre-el-correr-y-el-ciclismo\/#respond"]}]},{"@type":"WebPage","@id":"https:\/\/pagina10.com\/web\/conoce-fliz-la-fusion-entre-el-correr-y-el-ciclismo\/","url":"https:\/\/pagina10.com\/web\/conoce-fliz-la-fusion-entre-el-correr-y-el-ciclismo\/","name":"Conoce Fliz: la fusi\u00f3n entre el correr y el ciclismo | P\u00e1gina10","isPartOf":{"@id":"https:\/\/pagina10.com\/web\/#website"},"primaryImageOfPage":{"@id":"https:\/\/pagina10.com\/web\/conoce-fliz-la-fusion-entre-el-correr-y-el-ciclismo\/#primaryimage"},"image":{"@id":"https:\/\/pagina10.com\/web\/conoce-fliz-la-fusion-entre-el-correr-y-el-ciclismo\/#primaryimage"},"thumbnailUrl":"https:\/\/pagina10.com\/web\/wp-content\/uploads\/2015\/02\/6c7025f0c4ef7489860d094e22e5b1e4.jpg","datePublished":"2015-02-13T21:24:24+00:00","breadcrumb":{"@id":"https:\/\/pagina10.com\/web\/conoce-fliz-la-fusion-entre-el-correr-y-el-ciclismo\/#breadcrumb"},"inLanguage":"es","potentialAction":[{"@type":"ReadAction","target":["https:\/\/pagina10.com\/web\/conoce-fliz-la-fusion-entre-el-correr-y-el-ciclismo\/"]}]},{"@type":"ImageObject","inLanguage":"es","@id":"https:\/\/pagina10.com\/web\/conoce-fliz-la-fusion-entre-el-correr-y-el-ciclismo\/#primaryimage","url":"https:\/\/pagina10.com\/web\/wp-content\/uploads\/2015\/02\/6c7025f0c4ef7489860d094e22e5b1e4.jpg","contentUrl":"https:\/\/pagina10.com\/web\/wp-content\/uploads\/2015\/02\/6c7025f0c4ef7489860d094e22e5b1e4.jpg","width":275,"height":183},{"@type":"BreadcrumbList","@id":"https:\/\/pagina10.com\/web\/conoce-fliz-la-fusion-entre-el-correr-y-el-ciclismo\/#breadcrumb","itemListElement":[{"@type":"ListItem","position":1,"name":"Portada","item":"https:\/\/pagina10.com\/web\/"},{"@type":"ListItem","position":2,"name":"Conoce Fliz: la fusi\u00f3n entre el correr y el ciclismo"}]},{"@type":"WebSite","@id":"https:\/\/pagina10.com\/web\/#website","url":"https:\/\/pagina10.com\/web\/","name":"P\u00e1gina10","description":"Peri\u00f3dico Regional","publisher":{"@id":"https:\/\/pagina10.com\/web\/#organization"},"alternateName":"P\u00e1gina10 Peri\u00f3dico Regional","potentialAction":[{"@type":"SearchAction","target":{"@type":"EntryPoint","urlTemplate":"https:\/\/pagina10.com\/web\/?s={search_term_string}"},"query-input":{"@type":"PropertyValueSpecification","valueRequired":true,"valueName":"search_term_string"}}],"inLanguage":"es"},{"@type":"Organization","@id":"https:\/\/pagina10.com\/web\/#organization","name":"P\u00e1gina10","alternateName":"P\u00e1gina10 Peri\u00f3dico Regional","url":"https:\/\/pagina10.com\/web\/","logo":{"@type":"ImageObject","inLanguage":"es","@id":"https:\/\/pagina10.com\/web\/#\/schema\/logo\/image\/","url":"https:\/\/pagina10.com\/web\/wp-content\/uploads\/2024\/01\/40-pagina-10-periodico-regional-pasto.jpg","contentUrl":"https:\/\/pagina10.com\/web\/wp-content\/uploads\/2024\/01\/40-pagina-10-periodico-regional-pasto.jpg","width":1280,"height":720,"caption":"P\u00e1gina10"},"image":{"@id":"https:\/\/pagina10.com\/web\/#\/schema\/logo\/image\/"},"sameAs":["https:\/\/www.facebook.com\/pag10com","https:\/\/x.com\/Pag10com","https:\/\/www.instagram.com\/pagina10col\/","https:\/\/youtube.com\/channel\/pag10","https:\/\/www.tiktok.com\/@p10col"]},{"@type":"Person","@id":"https:\/\/pagina10.com\/web\/#\/schema\/person\/a7a5d38f0629dfc107f619fbae4f6cc3","name":"P\u00e1gina 10","description":"P\u00e1gina10.com es un peri\u00f3dico digital que nace en Colombia, en el departamento de Nari\u00f1o, con un enfoque global, fundamentado en cuatro pilares esenciales: la libertad, el pluralismo, la inclusi\u00f3n y la independencia. P\u00e1gina10.com hace referencia a Nari\u00f1o como el d\u00e9cimo departamento creado en Colombia, despu\u00e9s de un proceso pol\u00edtico liderado por actores y actrices regionales con el fin de obtener la independencia y autonom\u00eda de nuestros territorios. Con la creaci\u00f3n de P\u00e1gina10.com se pretende abrir un escenario para el dialogo, la reflexi\u00f3n y el debate que se extienda a otras geograf\u00edas de Am\u00e9rica Latina y del planeta, en una apuesta por transformar colectivamente los desaf\u00edos de un mundo contempor\u00e1neo, m\u00e1s all\u00e1 de las fronteras impuestas.","url":"https:\/\/pagina10.com\/web\/author\/mcepeda\/"}]}},"_links":{"self":[{"href":"https:\/\/pagina10.com\/web\/wp-json\/wp\/v2\/posts\/14831","targetHints":{"allow":["GET"]}}],"collection":[{"href":"https:\/\/pagina10.com\/web\/wp-json\/wp\/v2\/posts"}],"about":[{"href":"https:\/\/pagina10.com\/web\/wp-json\/wp\/v2\/types\/post"}],"author":[{"embeddable":true,"href":"https:\/\/pagina10.com\/web\/wp-json\/wp\/v2\/users\/29"}],"replies":[{"embeddable":true,"href":"https:\/\/pagina10.com\/web\/wp-json\/wp\/v2\/comments?post=14831"}],"version-history":[{"count":0,"href":"https:\/\/pagina10.com\/web\/wp-json\/wp\/v2\/posts\/14831\/revisions"}],"wp:featuredmedia":[{"embeddable":true,"href":"https:\/\/pagina10.com\/web\/wp-json\/wp\/v2\/media\/14830"}],"wp:attachment":[{"href":"https:\/\/pagina10.com\/web\/wp-json\/wp\/v2\/media?parent=14831"}],"wp:term":[{"taxonomy":"category","embeddable":true,"href":"https:\/\/pagina10.com\/web\/wp-json\/wp\/v2\/categories?post=14831"},{"taxonomy":"post_tag","embeddable":true,"href":"https:\/\/pagina10.com\/web\/wp-json\/wp\/v2\/tags?post=14831"}],"curies":[{"name":"wp","href":"https:\/\/api.w.org\/{rel}","templated":true}]}}