{"id":14833,"date":"2015-02-13T21:36:37","date_gmt":"2015-02-13T21:36:37","guid":{"rendered":"https:\/\/pagina10.com\/web\/portadas-favoritas-de-enero-2015\/"},"modified":"2015-02-13T21:36:37","modified_gmt":"2015-02-13T21:36:37","slug":"portadas-favoritas-de-enero-2015","status":"publish","type":"post","link":"https:\/\/pagina10.com\/web\/portadas-favoritas-de-enero-2015\/","title":{"rendered":"Portadas favoritas de enero 2015"},"content":{"rendered":"<p><img fetchpriority=\"high\" decoding=\"async\" class=\" size-full wp-image-14832\" src=\"https:\/\/pagina10.com\/web\/wp-content\/uploads\/2015\/02\/49daf47845b1099f099309fd859ac4b8.jpg\" alt=\"\" width=\"742\" height=\"542\" srcset=\"https:\/\/pagina10.com\/web\/wp-content\/uploads\/2015\/02\/49daf47845b1099f099309fd859ac4b8.jpg 742w, https:\/\/pagina10.com\/web\/wp-content\/uploads\/2015\/02\/49daf47845b1099f099309fd859ac4b8-300x219.jpg 300w, https:\/\/pagina10.com\/web\/wp-content\/uploads\/2015\/02\/49daf47845b1099f099309fd859ac4b8-86x64.jpg 86w\" sizes=\"(max-width: 742px) 100vw, 742px\" \/><\/p>\n<div style=\"text-align: justify;\">Sigo intentando aterrizar por completo en el 2015. Si bien enero es el mes de los nuevos comienzos, los planes y los prop\u00f3sitos, es tambi\u00e9n el m\u00e1s perezoso de todos -al menos en mi caso-. As\u00ed que les pido que entiendan la demora de este post (y unos cuantos m\u00e1s). \u00a1Ahora s\u00ed, a las portadas!<\/div>\n<div style=\"text-align: justify;\">&nbsp;<\/div>\n<div style=\"text-align: justify;\">Estas fueron las 9 portadas de enero que me hicieron volver a mirar y querer ver la editorial completa, comenzando por la gran ganadora de todas, una de las 7 portadas de la edici\u00f3n de enero de W Magazine (the movie issue), extra\u00f1a al borde del rid\u00edculo, pero bella y coleccionable como pocas, pasando por la sensualidad salvaje de Num\u00e9ro, aires retro en Vogue, sobredimensiones en Harper&#8217;s y un momento de her\u00e1ldica y ostentaci\u00f3n por cuenta de Elle.<\/div>\n<p style=\"text-align: justify;\">&nbsp;<\/p>\n<table align=\"center\" cellpadding=\"0\" cellspacing=\"0\">\n<tbody>\n<tr>\n<td><a href=\"http:\/\/3.bp.blogspot.com\/-sY8DLXRK570\/VNfVjgu5xFI\/AAAAAAAAqRk\/ULYFadoGSdc\/s1600\/w-magazine-the-movie-issue-covers-january-2015-tom-lorenzo-site-tlo-2.jpg\" imageanchor=\"1\"><img decoding=\"async\" border=\"0\" src=\"http:\/\/3.bp.blogspot.com\/-sY8DLXRK570\/VNfVjgu5xFI\/AAAAAAAAqRk\/ULYFadoGSdc\/s1600\/w-magazine-the-movie-issue-covers-january-2015-tom-lorenzo-site-tlo-2.jpg\" height=\"515\" width=\"386\" \/><\/a><\/td>\n<\/tr>\n<tr>\n<td>Reese Witherspoon por Tim Walker para W Magazine.<\/td>\n<\/tr>\n<\/tbody>\n<\/table>\n<p style=\"text-align: justify;\"><a name=\"more\"><\/a><\/p>\n<table align=\"center\" cellpadding=\"0\" cellspacing=\"0\" style=\"width: 458px; height: 612px;\">\n<tbody>\n<tr>\n<td><a href=\"http:\/\/2.bp.blogspot.com\/-xykYmFl1lbU\/VNfWWSDzTBI\/AAAAAAAAqR0\/6peYsl9WdsI\/s1600\/numero%2Bfrance%2Bcover%2Bjanuary%2B2015.jpg\" imageanchor=\"1\"><img decoding=\"async\" border=\"0\" src=\"http:\/\/2.bp.blogspot.com\/-xykYmFl1lbU\/VNfWWSDzTBI\/AAAAAAAAqR0\/6peYsl9WdsI\/s1600\/numero%2Bfrance%2Bcover%2Bjanuary%2B2015.jpg\" height=\"537\" width=\"411\" \/><\/a><\/td>\n<\/tr>\n<tr>\n<td>Toni Garrn por Greg Kadel&nbsp;para Num\u00e9ro France.<\/td>\n<\/tr>\n<\/tbody>\n<\/table>\n<table align=\"center\" cellpadding=\"0\" cellspacing=\"0\">\n<tbody>\n<tr>\n<td><a href=\"http:\/\/2.bp.blogspot.com\/-RpmAwSNOIdI\/VNfUv5RwBBI\/AAAAAAAAqQ8\/1_cROgUaQIM\/s1600\/Vogue-Spain-Cover-January-2015-Sigrid-Agren-b-0099317.jpg\" imageanchor=\"1\"><img loading=\"lazy\" decoding=\"async\" border=\"0\" src=\"http:\/\/2.bp.blogspot.com\/-RpmAwSNOIdI\/VNfUv5RwBBI\/AAAAAAAAqQ8\/1_cROgUaQIM\/s1600\/Vogue-Spain-Cover-January-2015-Sigrid-Agren-b-0099317.jpg\" height=\"640\" width=\"480\" \/><\/a><\/td>\n<\/tr>\n<tr>\n<td>Sigrid Agren por Cuneyt Akeroglu para Vogue Espa\u00f1a.<\/td>\n<\/tr>\n<\/tbody>\n<\/table>\n<table align=\"center\" cellpadding=\"0\" cellspacing=\"0\">\n<tbody>\n<tr>\n<td><a href=\"http:\/\/3.bp.blogspot.com\/-hy6mj9u6CHg\/VNfaTipMfVI\/AAAAAAAAqSU\/-swN4DGBVW0\/s1600\/VOGUE%2BITALY%2BJAN%2B2015.jpg\" imageanchor=\"1\"><img loading=\"lazy\" decoding=\"async\" border=\"0\" src=\"http:\/\/3.bp.blogspot.com\/-hy6mj9u6CHg\/VNfaTipMfVI\/AAAAAAAAqSU\/-swN4DGBVW0\/s1600\/VOGUE%2BITALY%2BJAN%2B2015.jpg\" width=\"452\" height=\"603\" \/><\/a><\/td>\n<\/tr>\n<tr>\n<td>Crayon Sourcils para Vogue Italia.<\/td>\n<\/tr>\n<\/tbody>\n<\/table>\n<table align=\"center\" cellpadding=\"0\" cellspacing=\"0\">\n<tbody>\n<tr>\n<td><a href=\"http:\/\/1.bp.blogspot.com\/-QBl_Kmu8on0\/VNfUgTSmNmI\/AAAAAAAAqQ0\/Sh6NRtNdQpw\/s1600\/Julia-Frauche-Vogue-Mexico-January-2015.jpg\" imageanchor=\"1\"><img loading=\"lazy\" decoding=\"async\" border=\"0\" src=\"http:\/\/1.bp.blogspot.com\/-QBl_Kmu8on0\/VNfUgTSmNmI\/AAAAAAAAqQ0\/Sh6NRtNdQpw\/s1600\/Julia-Frauche-Vogue-Mexico-January-2015.jpg\" height=\"611\" width=\"470\" \/><\/a><\/td>\n<\/tr>\n<tr>\n<td>Julia Frauche por Nagi Sakai para&nbsp;Vogue M\u00e9xico.<\/td>\n<\/tr>\n<\/tbody>\n<\/table>\n<table align=\"center\" cellpadding=\"0\" cellspacing=\"0\">\n<tbody>\n<tr>\n<td><a href=\"http:\/\/2.bp.blogspot.com\/-FYodC97SnPQ\/VNfZAM_7q0I\/AAAAAAAAqSA\/Q5MsJIRdj3Q\/s1600\/voguenetherlands-jan15-daphne-article.jpg\" imageanchor=\"1\"><img loading=\"lazy\" decoding=\"async\" border=\"0\" src=\"http:\/\/2.bp.blogspot.com\/-FYodC97SnPQ\/VNfZAM_7q0I\/AAAAAAAAqSA\/Q5MsJIRdj3Q\/s1600\/voguenetherlands-jan15-daphne-article.jpg\" height=\"640\" width=\"492\" \/><\/a><\/td>\n<\/tr>\n<tr>\n<td>Daphne Groeneveld por Nico para Vogue Netherlands.<\/td>\n<\/tr>\n<\/tbody>\n<\/table>\n<table align=\"center\" cellpadding=\"0\" cellspacing=\"0\">\n<tbody>\n<tr>\n<td><a href=\"http:\/\/1.bp.blogspot.com\/-ag_gFViWxgQ\/VNfVBNQ2QTI\/AAAAAAAAqRM\/2YoRRWSOQbQ\/s1600\/Harpers-Bazaar-Singapore-Cover-January-2015-A-0071813.jpg\" imageanchor=\"1\"><img loading=\"lazy\" decoding=\"async\" border=\"0\" src=\"http:\/\/1.bp.blogspot.com\/-ag_gFViWxgQ\/VNfVBNQ2QTI\/AAAAAAAAqRM\/2YoRRWSOQbQ\/s1600\/Harpers-Bazaar-Singapore-Cover-January-2015-A-0071813.jpg\" height=\"640\" width=\"488\" \/><\/a><\/td>\n<\/tr>\n<tr>\n<td>Harpers Bazaar Singapore Cover January 2015 &#8211; Alana Zimmer by Yu Tsai.<\/td>\n<\/tr>\n<\/tbody>\n<\/table>\n<table align=\"center\" cellpadding=\"0\" cellspacing=\"0\">\n<tbody>\n<tr>\n<td><a href=\"http:\/\/4.bp.blogspot.com\/-VsOTw0hx7PY\/VNfV19SS7kI\/AAAAAAAAqRs\/aKJh2MS4efk\/s1600\/HARPERS%2BBAZAAR%2BJANUARY%2B2015%2BCOVER.jpg\" imageanchor=\"1\"><img loading=\"lazy\" decoding=\"async\" border=\"0\" src=\"http:\/\/4.bp.blogspot.com\/-VsOTw0hx7PY\/VNfV19SS7kI\/AAAAAAAAqRs\/aKJh2MS4efk\/s1600\/HARPERS%2BBAZAAR%2BJANUARY%2B2015%2BCOVER.jpg\" height=\"640\" width=\"492\" \/><\/a><\/td>\n<\/tr>\n<tr>\n<td>Harper&#8217;s Bazaar Korea.&nbsp;<\/td>\n<\/tr>\n<\/tbody>\n<\/table>\n<table align=\"center\" cellpadding=\"0\" cellspacing=\"0\">\n<tbody>\n<tr>\n<td><a href=\"http:\/\/4.bp.blogspot.com\/-Hh57_ypoSnM\/VNfZYGjs2_I\/AAAAAAAAqSI\/1S_ONS61yg8\/s1600\/elle%2Bcover%2Bjanuary%2B2015.jpeg\" imageanchor=\"1\"><img loading=\"lazy\" decoding=\"async\" border=\"0\" src=\"http:\/\/4.bp.blogspot.com\/-Hh57_ypoSnM\/VNfZYGjs2_I\/AAAAAAAAqSI\/1S_ONS61yg8\/s1600\/elle%2Bcover%2Bjanuary%2B2015.jpeg\" height=\"640\" width=\"480\" \/><\/a><\/td>\n<\/tr>\n<tr>\n<td>Milena Feuerer<\/td>\n<\/tr>\n<\/tbody>\n<\/table>\n<p style=\"text-align: justify;\">&nbsp;<\/p>\n","protected":false},"excerpt":{"rendered":"<p>Sigo intentando aterrizar por completo en el 2015. Si bien enero es el mes de los nuevos comienzos, los planes y los prop\u00f3sitos, es tambi\u00e9n el m\u00e1s perezoso de todos -al menos en mi caso-. As\u00ed que les pido que entiendan la demora de este post (y unos cuantos m\u00e1s). \u00a1Ahora s\u00ed, a las portadas! [&hellip;]<\/p>\n","protected":false},"author":48,"featured_media":14832,"comment_status":"open","ping_status":"open","sticky":false,"template":"","format":"standard","meta":{"footnotes":""},"categories":[1],"tags":[],"class_list":["post-14833","post","type-post","status-publish","format-standard","has-post-thumbnail","hentry","category-sin-categoria"],"yoast_head":"<!-- This site is optimized with the Yoast SEO plugin v27.1.1 - https:\/\/yoast.com\/product\/yoast-seo-wordpress\/ -->\n<title>Portadas favoritas de enero 2015 | P\u00e1gina10<\/title>\n<meta name=\"robots\" content=\"index, follow, max-snippet:-1, max-image-preview:large, max-video-preview:-1\" \/>\n<link rel=\"canonical\" href=\"https:\/\/pagina10.com\/web\/portadas-favoritas-de-enero-2015\/\" \/>\n<meta property=\"og:locale\" content=\"es_ES\" \/>\n<meta property=\"og:type\" content=\"article\" \/>\n<meta property=\"og:title\" content=\"Portadas favoritas de enero 2015 | P\u00e1gina10\" \/>\n<meta property=\"og:description\" content=\"Sigo intentando aterrizar por completo en el 2015. Si bien enero es el mes de los nuevos comienzos, los planes y los prop\u00f3sitos, es tambi\u00e9n el m\u00e1s perezoso de todos -al menos en mi caso-. As\u00ed que les pido que entiendan la demora de este post (y unos cuantos m\u00e1s). \u00a1Ahora s\u00ed, a las portadas! [&hellip;]\" \/>\n<meta property=\"og:url\" content=\"https:\/\/pagina10.com\/web\/portadas-favoritas-de-enero-2015\/\" \/>\n<meta property=\"og:site_name\" content=\"P\u00e1gina10\" \/>\n<meta property=\"article:publisher\" content=\"https:\/\/www.facebook.com\/pag10com\" \/>\n<meta property=\"article:published_time\" content=\"2015-02-13T21:36:37+00:00\" \/>\n<meta property=\"og:image\" content=\"https:\/\/pagina10.com\/web\/wp-content\/uploads\/2015\/02\/49daf47845b1099f099309fd859ac4b8.jpg\" \/>\n\t<meta property=\"og:image:width\" content=\"742\" \/>\n\t<meta property=\"og:image:height\" content=\"542\" \/>\n\t<meta property=\"og:image:type\" content=\"image\/jpeg\" \/>\n<meta name=\"author\" content=\"Ita Mar\u00eda\" \/>\n<meta name=\"twitter:card\" content=\"summary_large_image\" \/>\n<meta name=\"twitter:creator\" content=\"@Pag10com\" \/>\n<meta name=\"twitter:site\" content=\"@Pag10com\" \/>\n<meta name=\"twitter:label1\" content=\"Escrito por\" \/>\n\t<meta name=\"twitter:data1\" content=\"Ita Mar\u00eda\" \/>\n\t<meta name=\"twitter:label2\" content=\"Tiempo de lectura\" \/>\n\t<meta name=\"twitter:data2\" content=\"1 minuto\" \/>\n<script type=\"application\/ld+json\" class=\"yoast-schema-graph\">{\"@context\":\"https:\/\/schema.org\",\"@graph\":[{\"@type\":\"Article\",\"@id\":\"https:\/\/pagina10.com\/web\/portadas-favoritas-de-enero-2015\/#article\",\"isPartOf\":{\"@id\":\"https:\/\/pagina10.com\/web\/portadas-favoritas-de-enero-2015\/\"},\"author\":{\"name\":\"Ita Mar\u00eda\",\"@id\":\"https:\/\/pagina10.com\/web\/#\/schema\/person\/db123af0d927a93f8d2b79699cdc72ce\"},\"headline\":\"Portadas favoritas de enero 2015\",\"datePublished\":\"2015-02-13T21:36:37+00:00\",\"mainEntityOfPage\":{\"@id\":\"https:\/\/pagina10.com\/web\/portadas-favoritas-de-enero-2015\/\"},\"wordCount\":215,\"commentCount\":0,\"publisher\":{\"@id\":\"https:\/\/pagina10.com\/web\/#organization\"},\"image\":{\"@id\":\"https:\/\/pagina10.com\/web\/portadas-favoritas-de-enero-2015\/#primaryimage\"},\"thumbnailUrl\":\"https:\/\/pagina10.com\/web\/wp-content\/uploads\/2015\/02\/49daf47845b1099f099309fd859ac4b8.jpg\",\"inLanguage\":\"es\",\"potentialAction\":[{\"@type\":\"CommentAction\",\"name\":\"Comment\",\"target\":[\"https:\/\/pagina10.com\/web\/portadas-favoritas-de-enero-2015\/#respond\"]}]},{\"@type\":\"WebPage\",\"@id\":\"https:\/\/pagina10.com\/web\/portadas-favoritas-de-enero-2015\/\",\"url\":\"https:\/\/pagina10.com\/web\/portadas-favoritas-de-enero-2015\/\",\"name\":\"Portadas favoritas de enero 2015 | P\u00e1gina10\",\"isPartOf\":{\"@id\":\"https:\/\/pagina10.com\/web\/#website\"},\"primaryImageOfPage\":{\"@id\":\"https:\/\/pagina10.com\/web\/portadas-favoritas-de-enero-2015\/#primaryimage\"},\"image\":{\"@id\":\"https:\/\/pagina10.com\/web\/portadas-favoritas-de-enero-2015\/#primaryimage\"},\"thumbnailUrl\":\"https:\/\/pagina10.com\/web\/wp-content\/uploads\/2015\/02\/49daf47845b1099f099309fd859ac4b8.jpg\",\"datePublished\":\"2015-02-13T21:36:37+00:00\",\"breadcrumb\":{\"@id\":\"https:\/\/pagina10.com\/web\/portadas-favoritas-de-enero-2015\/#breadcrumb\"},\"inLanguage\":\"es\",\"potentialAction\":[{\"@type\":\"ReadAction\",\"target\":[\"https:\/\/pagina10.com\/web\/portadas-favoritas-de-enero-2015\/\"]}]},{\"@type\":\"ImageObject\",\"inLanguage\":\"es\",\"@id\":\"https:\/\/pagina10.com\/web\/portadas-favoritas-de-enero-2015\/#primaryimage\",\"url\":\"https:\/\/pagina10.com\/web\/wp-content\/uploads\/2015\/02\/49daf47845b1099f099309fd859ac4b8.jpg\",\"contentUrl\":\"https:\/\/pagina10.com\/web\/wp-content\/uploads\/2015\/02\/49daf47845b1099f099309fd859ac4b8.jpg\",\"width\":742,\"height\":542},{\"@type\":\"BreadcrumbList\",\"@id\":\"https:\/\/pagina10.com\/web\/portadas-favoritas-de-enero-2015\/#breadcrumb\",\"itemListElement\":[{\"@type\":\"ListItem\",\"position\":1,\"name\":\"Portada\",\"item\":\"https:\/\/pagina10.com\/web\/\"},{\"@type\":\"ListItem\",\"position\":2,\"name\":\"Portadas favoritas de enero 2015\"}]},{\"@type\":\"WebSite\",\"@id\":\"https:\/\/pagina10.com\/web\/#website\",\"url\":\"https:\/\/pagina10.com\/web\/\",\"name\":\"P\u00e1gina10\",\"description\":\"Peri\u00f3dico Regional\",\"publisher\":{\"@id\":\"https:\/\/pagina10.com\/web\/#organization\"},\"alternateName\":\"P\u00e1gina10 Peri\u00f3dico Regional\",\"potentialAction\":[{\"@type\":\"SearchAction\",\"target\":{\"@type\":\"EntryPoint\",\"urlTemplate\":\"https:\/\/pagina10.com\/web\/?s={search_term_string}\"},\"query-input\":{\"@type\":\"PropertyValueSpecification\",\"valueRequired\":true,\"valueName\":\"search_term_string\"}}],\"inLanguage\":\"es\"},{\"@type\":\"Organization\",\"@id\":\"https:\/\/pagina10.com\/web\/#organization\",\"name\":\"P\u00e1gina10\",\"alternateName\":\"P\u00e1gina10 Peri\u00f3dico Regional\",\"url\":\"https:\/\/pagina10.com\/web\/\",\"logo\":{\"@type\":\"ImageObject\",\"inLanguage\":\"es\",\"@id\":\"https:\/\/pagina10.com\/web\/#\/schema\/logo\/image\/\",\"url\":\"https:\/\/pagina10.com\/web\/wp-content\/uploads\/2024\/01\/40-pagina-10-periodico-regional-pasto.jpg\",\"contentUrl\":\"https:\/\/pagina10.com\/web\/wp-content\/uploads\/2024\/01\/40-pagina-10-periodico-regional-pasto.jpg\",\"width\":1280,\"height\":720,\"caption\":\"P\u00e1gina10\"},\"image\":{\"@id\":\"https:\/\/pagina10.com\/web\/#\/schema\/logo\/image\/\"},\"sameAs\":[\"https:\/\/www.facebook.com\/pag10com\",\"https:\/\/x.com\/Pag10com\",\"https:\/\/www.instagram.com\/pagina10col\/\",\"https:\/\/youtube.com\/channel\/pag10\",\"https:\/\/www.tiktok.com\/@p10col\"]},{\"@type\":\"Person\",\"@id\":\"https:\/\/pagina10.com\/web\/#\/schema\/person\/db123af0d927a93f8d2b79699cdc72ce\",\"name\":\"Ita Mar\u00eda\",\"description\":\"Ita Mar\u00eda (\u00c1ngela Mar\u00eda D\u00edez). Economista cale\u00f1a de la universidad ICESI, especialista en mercadeo de moda y redes sociales con amplia experiencia en la industria textil-confecci\u00f3n-moda latinoamericana. Editora en jefe del blog www.delamodayotrosdemonios.com y consultora independiente de mercadeo de moda digital. Actualmente radicada en Bogot\u00e1. Twitter: @itamaria83 Facebook: De la moda y otros demonios\",\"url\":\"https:\/\/pagina10.com\/web\/author\/ita\/\"}]}<\/script>\n<!-- \/ Yoast SEO plugin. -->","yoast_head_json":{"title":"Portadas favoritas de enero 2015 | P\u00e1gina10","robots":{"index":"index","follow":"follow","max-snippet":"max-snippet:-1","max-image-preview":"max-image-preview:large","max-video-preview":"max-video-preview:-1"},"canonical":"https:\/\/pagina10.com\/web\/portadas-favoritas-de-enero-2015\/","og_locale":"es_ES","og_type":"article","og_title":"Portadas favoritas de enero 2015 | P\u00e1gina10","og_description":"Sigo intentando aterrizar por completo en el 2015. Si bien enero es el mes de los nuevos comienzos, los planes y los prop\u00f3sitos, es tambi\u00e9n el m\u00e1s perezoso de todos -al menos en mi caso-. As\u00ed que les pido que entiendan la demora de este post (y unos cuantos m\u00e1s). \u00a1Ahora s\u00ed, a las portadas! [&hellip;]","og_url":"https:\/\/pagina10.com\/web\/portadas-favoritas-de-enero-2015\/","og_site_name":"P\u00e1gina10","article_publisher":"https:\/\/www.facebook.com\/pag10com","article_published_time":"2015-02-13T21:36:37+00:00","og_image":[{"width":742,"height":542,"url":"https:\/\/pagina10.com\/web\/wp-content\/uploads\/2015\/02\/49daf47845b1099f099309fd859ac4b8.jpg","type":"image\/jpeg"}],"author":"Ita Mar\u00eda","twitter_card":"summary_large_image","twitter_creator":"@Pag10com","twitter_site":"@Pag10com","twitter_misc":{"Escrito por":"Ita Mar\u00eda","Tiempo de lectura":"1 minuto"},"schema":{"@context":"https:\/\/schema.org","@graph":[{"@type":"Article","@id":"https:\/\/pagina10.com\/web\/portadas-favoritas-de-enero-2015\/#article","isPartOf":{"@id":"https:\/\/pagina10.com\/web\/portadas-favoritas-de-enero-2015\/"},"author":{"name":"Ita Mar\u00eda","@id":"https:\/\/pagina10.com\/web\/#\/schema\/person\/db123af0d927a93f8d2b79699cdc72ce"},"headline":"Portadas favoritas de enero 2015","datePublished":"2015-02-13T21:36:37+00:00","mainEntityOfPage":{"@id":"https:\/\/pagina10.com\/web\/portadas-favoritas-de-enero-2015\/"},"wordCount":215,"commentCount":0,"publisher":{"@id":"https:\/\/pagina10.com\/web\/#organization"},"image":{"@id":"https:\/\/pagina10.com\/web\/portadas-favoritas-de-enero-2015\/#primaryimage"},"thumbnailUrl":"https:\/\/pagina10.com\/web\/wp-content\/uploads\/2015\/02\/49daf47845b1099f099309fd859ac4b8.jpg","inLanguage":"es","potentialAction":[{"@type":"CommentAction","name":"Comment","target":["https:\/\/pagina10.com\/web\/portadas-favoritas-de-enero-2015\/#respond"]}]},{"@type":"WebPage","@id":"https:\/\/pagina10.com\/web\/portadas-favoritas-de-enero-2015\/","url":"https:\/\/pagina10.com\/web\/portadas-favoritas-de-enero-2015\/","name":"Portadas favoritas de enero 2015 | P\u00e1gina10","isPartOf":{"@id":"https:\/\/pagina10.com\/web\/#website"},"primaryImageOfPage":{"@id":"https:\/\/pagina10.com\/web\/portadas-favoritas-de-enero-2015\/#primaryimage"},"image":{"@id":"https:\/\/pagina10.com\/web\/portadas-favoritas-de-enero-2015\/#primaryimage"},"thumbnailUrl":"https:\/\/pagina10.com\/web\/wp-content\/uploads\/2015\/02\/49daf47845b1099f099309fd859ac4b8.jpg","datePublished":"2015-02-13T21:36:37+00:00","breadcrumb":{"@id":"https:\/\/pagina10.com\/web\/portadas-favoritas-de-enero-2015\/#breadcrumb"},"inLanguage":"es","potentialAction":[{"@type":"ReadAction","target":["https:\/\/pagina10.com\/web\/portadas-favoritas-de-enero-2015\/"]}]},{"@type":"ImageObject","inLanguage":"es","@id":"https:\/\/pagina10.com\/web\/portadas-favoritas-de-enero-2015\/#primaryimage","url":"https:\/\/pagina10.com\/web\/wp-content\/uploads\/2015\/02\/49daf47845b1099f099309fd859ac4b8.jpg","contentUrl":"https:\/\/pagina10.com\/web\/wp-content\/uploads\/2015\/02\/49daf47845b1099f099309fd859ac4b8.jpg","width":742,"height":542},{"@type":"BreadcrumbList","@id":"https:\/\/pagina10.com\/web\/portadas-favoritas-de-enero-2015\/#breadcrumb","itemListElement":[{"@type":"ListItem","position":1,"name":"Portada","item":"https:\/\/pagina10.com\/web\/"},{"@type":"ListItem","position":2,"name":"Portadas favoritas de enero 2015"}]},{"@type":"WebSite","@id":"https:\/\/pagina10.com\/web\/#website","url":"https:\/\/pagina10.com\/web\/","name":"P\u00e1gina10","description":"Peri\u00f3dico Regional","publisher":{"@id":"https:\/\/pagina10.com\/web\/#organization"},"alternateName":"P\u00e1gina10 Peri\u00f3dico Regional","potentialAction":[{"@type":"SearchAction","target":{"@type":"EntryPoint","urlTemplate":"https:\/\/pagina10.com\/web\/?s={search_term_string}"},"query-input":{"@type":"PropertyValueSpecification","valueRequired":true,"valueName":"search_term_string"}}],"inLanguage":"es"},{"@type":"Organization","@id":"https:\/\/pagina10.com\/web\/#organization","name":"P\u00e1gina10","alternateName":"P\u00e1gina10 Peri\u00f3dico Regional","url":"https:\/\/pagina10.com\/web\/","logo":{"@type":"ImageObject","inLanguage":"es","@id":"https:\/\/pagina10.com\/web\/#\/schema\/logo\/image\/","url":"https:\/\/pagina10.com\/web\/wp-content\/uploads\/2024\/01\/40-pagina-10-periodico-regional-pasto.jpg","contentUrl":"https:\/\/pagina10.com\/web\/wp-content\/uploads\/2024\/01\/40-pagina-10-periodico-regional-pasto.jpg","width":1280,"height":720,"caption":"P\u00e1gina10"},"image":{"@id":"https:\/\/pagina10.com\/web\/#\/schema\/logo\/image\/"},"sameAs":["https:\/\/www.facebook.com\/pag10com","https:\/\/x.com\/Pag10com","https:\/\/www.instagram.com\/pagina10col\/","https:\/\/youtube.com\/channel\/pag10","https:\/\/www.tiktok.com\/@p10col"]},{"@type":"Person","@id":"https:\/\/pagina10.com\/web\/#\/schema\/person\/db123af0d927a93f8d2b79699cdc72ce","name":"Ita Mar\u00eda","description":"Ita Mar\u00eda (\u00c1ngela Mar\u00eda D\u00edez). Economista cale\u00f1a de la universidad ICESI, especialista en mercadeo de moda y redes sociales con amplia experiencia en la industria textil-confecci\u00f3n-moda latinoamericana. Editora en jefe del blog www.delamodayotrosdemonios.com y consultora independiente de mercadeo de moda digital. Actualmente radicada en Bogot\u00e1. Twitter: @itamaria83 Facebook: De la moda y otros demonios","url":"https:\/\/pagina10.com\/web\/author\/ita\/"}]}},"_links":{"self":[{"href":"https:\/\/pagina10.com\/web\/wp-json\/wp\/v2\/posts\/14833","targetHints":{"allow":["GET"]}}],"collection":[{"href":"https:\/\/pagina10.com\/web\/wp-json\/wp\/v2\/posts"}],"about":[{"href":"https:\/\/pagina10.com\/web\/wp-json\/wp\/v2\/types\/post"}],"author":[{"embeddable":true,"href":"https:\/\/pagina10.com\/web\/wp-json\/wp\/v2\/users\/48"}],"replies":[{"embeddable":true,"href":"https:\/\/pagina10.com\/web\/wp-json\/wp\/v2\/comments?post=14833"}],"version-history":[{"count":0,"href":"https:\/\/pagina10.com\/web\/wp-json\/wp\/v2\/posts\/14833\/revisions"}],"wp:featuredmedia":[{"embeddable":true,"href":"https:\/\/pagina10.com\/web\/wp-json\/wp\/v2\/media\/14832"}],"wp:attachment":[{"href":"https:\/\/pagina10.com\/web\/wp-json\/wp\/v2\/media?parent=14833"}],"wp:term":[{"taxonomy":"category","embeddable":true,"href":"https:\/\/pagina10.com\/web\/wp-json\/wp\/v2\/categories?post=14833"},{"taxonomy":"post_tag","embeddable":true,"href":"https:\/\/pagina10.com\/web\/wp-json\/wp\/v2\/tags?post=14833"}],"curies":[{"name":"wp","href":"https:\/\/api.w.org\/{rel}","templated":true}]}}