{"id":14841,"date":"2015-02-15T00:33:05","date_gmt":"2015-02-15T00:33:05","guid":{"rendered":"https:\/\/pagina10.com\/web\/me-apasiona-mucho-retratar-me-seduce-la-piel-las-caras-de-todo-y-todos-manuel-noguera\/"},"modified":"2015-02-15T00:33:05","modified_gmt":"2015-02-15T00:33:05","slug":"me-apasiona-mucho-retratar-me-seduce-la-piel-las-caras-de-todo-y-todos-manuel-noguera","status":"publish","type":"post","link":"https:\/\/pagina10.com\/web\/me-apasiona-mucho-retratar-me-seduce-la-piel-las-caras-de-todo-y-todos-manuel-noguera\/","title":{"rendered":"&#8220;Me apasiona mucho retratar, me seduce la piel, las caras de todo y todos&#8221; Manuel Noguera"},"content":{"rendered":"<p><img fetchpriority=\"high\" decoding=\"async\" class=\" size-full wp-image-14840\" src=\"https:\/\/pagina10.com\/web\/wp-content\/uploads\/2015\/02\/ca4d55c7d6166d7f32b846a5ac60bc7c.jpg\" alt=\"\" width=\"960\" height=\"692\" srcset=\"https:\/\/pagina10.com\/web\/wp-content\/uploads\/2015\/02\/ca4d55c7d6166d7f32b846a5ac60bc7c.jpg 960w, https:\/\/pagina10.com\/web\/wp-content\/uploads\/2015\/02\/ca4d55c7d6166d7f32b846a5ac60bc7c-300x216.jpg 300w, https:\/\/pagina10.com\/web\/wp-content\/uploads\/2015\/02\/ca4d55c7d6166d7f32b846a5ac60bc7c-768x554.jpg 768w\" sizes=\"(max-width: 960px) 100vw, 960px\" \/><\/p>\n<p style=\"text-align: justify;\">El compromiso con la regi\u00f3n es personal, y viene desde muchas direcciones. El arte por ejemplo&nbsp; le da color y esperanza a los muchos sue\u00f1os que pretenden construir un pa\u00eds diferente. En esta oportunidad quiero presentar a un joven fot\u00f3grafo Manuel Noguera que desde su perspectiva pretende convertir lo com\u00fan en algo extraordinario.<\/p>\n<p style=\"text-align: justify;\">Observando el movimiento en facebook&nbsp; cuando se publican tus fotograf\u00edas quiero preguntarte&nbsp; \u00bfPor qu\u00e9 crees que genera impacto tu estilo de fotograf\u00eda?<\/p>\n<p style=\"text-align: justify;\"><strong>Manuel Noguera.<\/strong> Considero que el impacto que mi fotograf\u00eda, o en general la captura&nbsp; e momentos, situaciones, personas, o lugares, pueda generar depende de la intenci\u00f3n comunicativa particular que var\u00eda en cada toma, y de la percepci\u00f3n de los receptores. Si bien puedo buscar retratar la piel de las ciudades o lugares que visito y admiro,&nbsp; mi inter\u00e9s es compartir el deleite que siento al conocer de diferentes \u00e1ngulos un punto espec\u00edfico en el que centrarme, que despu\u00e9s ser\u00e1 le\u00eddo partiendo de las experiencias individuales, recuerdos, a\u00f1oranzas, amores, y ah\u00ed radica el impacto que pueda generar.<\/p>\n<p style=\"text-align: justify;\">Sin mencionar la fugacidad con la que se consumen los contenidos en las redes sociales, este tipo de fotograf\u00edas se comparten con esa intenci\u00f3n, aunque detr\u00e1s existan proyectos m\u00e1s grandes y ambiciosos.<\/p>\n<p style=\"text-align: justify;\">\u00bfPor qu\u00e9 hacerlo desde el cielo?<\/p>\n<p style=\"text-align: justify;\"><strong style=\"line-height: 19.7999992370605px; text-align: justify;\">Manuel Noguera.&nbsp;<\/strong>\u00daltimamente me he preocupado mucho sobre las dimensiones en el mundo, lo peque\u00f1o o lo grande que podemos llegar a ser en referencia a otros seres. La fotograf\u00eda es una forma para mi fascinante de detener el tiempo y con calma apreciar este tipo de pensamientos. La fotograf\u00eda es la materializaci\u00f3n satisfactoria de esa curiosidad, y para ser m\u00e1s espec\u00edfico la fotograf\u00eda a\u00e9rea responde a una de tantas inquietudes y es \u00bfC\u00f3mo nos vemos desde arriba? No todos podemos alcanzar con facilidad ciertas alturas, y \u00e9sta es una herramienta para compartir esta nueva forma de observarnos, de autoanalizarnos en nuestro entorno.<\/p>\n<p style=\"text-align: justify;\">\u00bfPor qu\u00e9&nbsp; fotografiar&nbsp; lugares que se conviertieron en un clich\u00e9?<\/p>\n<p style=\"text-align: justify;\"><strong style=\"line-height: 19.7999992370605px; text-align: justify;\">Manuel Noguera.&nbsp;<\/strong>Muchos sitios se convirtieron en un \u00edcono de Nari\u00f1o, como la plaza central en Pasto, o el Santuario de las Lajas. Miles de personas lo retratan y han retratado de muchas formas, \u00e9sta vez con esa misma curiosidad quiero contar una nueva versi\u00f3n de las historias clich\u00e9, para demostrar adem\u00e1s que un tema nunca se agota cuando resignificamos la forma de narrarlo. Aprovechando las herramientas que a\u00fan no est\u00e1n democratizadas, pero a las que seguramente en alg\u00fan momento todos podremos acceder<\/p>\n<p style=\"text-align: justify;\">\u00bfPor qu\u00e9 llegaste a la fotograf\u00eda, o la fotograf\u00eda&nbsp; es un inicio?<\/p>\n<p style=\"text-align: justify;\"><strong style=\"line-height: 19.7999992370605px; text-align: justify;\">Manuel Noguera.&nbsp;<\/strong>La fotograf\u00eda me apasiona desde que tengo 7 a\u00f1os, recuerdo, cuando les ped\u00ed a mis pap\u00e1s que me regalen su c\u00e1mara de rollo. Yo quer\u00eda ver qu\u00e9 suced\u00eda con este aparato. De ah\u00ed en adelante mis padres explotaron ese gusto obsequi\u00e1ndome c\u00e1maras digitales que en la \u00e9poca no eran tan comunes pero las generaciones las potenciaron y ahora todos tenemos una, eso s\u00ed, lo importante est\u00e1 en lo que tengamos para contar y c\u00f3mo lo contemos. Esto lo aprend\u00ed en la Universidad gracias a uno de mis profesores a quien le debo el conocimiento acad\u00e9mico con el que inici\u00e9 de manera profesional, especialmente Alfredo Valderruten, en la Universidad del Cauca. Adem\u00e1s de la participaci\u00f3n en diferentes eventos relacionados directa e indirectamente a la fotograf\u00eda que me han hecho crecer y mejorar, aunque nunca termine de aprender, siempre hay algo nuevo.<\/p>\n<p style=\"text-align: justify;\">\u00bfQu\u00e9 temas te gustan trabajar desde la fotograf\u00eda?<\/p>\n<p style=\"text-align: justify;\"><strong style=\"line-height: 19.7999992370605px; text-align: justify;\">Manuel Noguera.&nbsp;<\/strong>Me apasiona mucho retratar, me seduce la piel, las caras de todo y todos, la piel de asfalto de una ciudad, o de piedra de una muralla natural, o la hierba, o las personas con sus miles expresiones que brotan de sus complejas mentes, que a su vez construyen mundos que piden ser contados. Por esto, el retrato de una ciudad puede ser su panor\u00e1mica, o la mirada de uno de sus habitantes, o la huella que un perro dej\u00f3 en el cemento fresco.<\/p>\n<p style=\"text-align: justify;\">\u00bfCu\u00e1nto tiempo llevas en el mundo de la fotograf\u00eda?<\/p>\n<p style=\"text-align: justify;\"><strong style=\"line-height: 19.7999992370605px; text-align: justify;\">Manuel Noguera.&nbsp;<\/strong>Si mido desde el momento en que inici\u00e9 a hacer fotograf\u00edas dir\u00eda que llevo m\u00e1s de 14 a\u00f1os avanzando diferentes escalas y etapas que tienen particulares lecturas, aunque el rigor que requieren ciertos lineamientos t\u00e9cnicos y acad\u00e9micos me llevar\u00eda a decir que llevo trabajando de una forma m\u00e1s pulida 5 a\u00f1os, y pienso que hay un largo camino que recorrer para el aprendizaje que nunca termina.<\/p>\n<p style=\"text-align: justify;\">\u00bfCu\u00e1l es tu pr\u00f3ximo reto fotogr\u00e1fico?<\/p>\n<p style=\"text-align: justify;\"><strong style=\"line-height: 19.7999992370605px; text-align: justify;\">Manuel Noguera.&nbsp;<\/strong>Mi pr\u00f3ximo reto fotogr\u00e1fico es conquistar poco a poco la fotograf\u00eda de cine, aprender y mejorar contando historias a trav\u00e9s del s\u00e9ptimo arte.<\/p>\n<div id=\"photos\">&nbsp;<\/div>\n<p><iframe src=\"http:\/\/embedsocial.com\/facebook_album\/album_photos\/813432165390998\" width=\"650\" height=\"1250\" frameborder=\"0\" scrolling=\"no\" marginheight=\"0\" marginwidth=\"0\" style=\"display: block; margin-left: auto; margin-right: auto;\"><\/iframe><\/p>\n","protected":false},"excerpt":{"rendered":"<p>El compromiso con la regi\u00f3n es personal, y viene desde muchas direcciones. El arte por ejemplo&nbsp; le da color y esperanza a los muchos sue\u00f1os que pretenden construir un pa\u00eds diferente. En esta oportunidad quiero presentar a un joven fot\u00f3grafo Manuel Noguera que desde su perspectiva pretende convertir lo com\u00fan en algo extraordinario. Observando el [&hellip;]<\/p>\n","protected":false},"author":29,"featured_media":14840,"comment_status":"open","ping_status":"open","sticky":false,"template":"","format":"standard","meta":{"footnotes":""},"categories":[1],"tags":[],"class_list":["post-14841","post","type-post","status-publish","format-standard","has-post-thumbnail","hentry","category-sin-categoria"],"yoast_head":"<!-- This site is optimized with the Yoast SEO plugin v27.1.1 - https:\/\/yoast.com\/product\/yoast-seo-wordpress\/ -->\n<title>&quot;Me apasiona mucho retratar, me seduce la piel, las caras de todo y todos&quot; Manuel Noguera | P\u00e1gina10<\/title>\n<meta name=\"robots\" content=\"index, follow, max-snippet:-1, max-image-preview:large, max-video-preview:-1\" \/>\n<link rel=\"canonical\" href=\"https:\/\/pagina10.com\/web\/me-apasiona-mucho-retratar-me-seduce-la-piel-las-caras-de-todo-y-todos-manuel-noguera\/\" \/>\n<meta property=\"og:locale\" content=\"es_ES\" \/>\n<meta property=\"og:type\" content=\"article\" \/>\n<meta property=\"og:title\" content=\"&quot;Me apasiona mucho retratar, me seduce la piel, las caras de todo y todos&quot; Manuel Noguera | P\u00e1gina10\" \/>\n<meta property=\"og:description\" content=\"El compromiso con la regi\u00f3n es personal, y viene desde muchas direcciones. El arte por ejemplo&nbsp; le da color y esperanza a los muchos sue\u00f1os que pretenden construir un pa\u00eds diferente. En esta oportunidad quiero presentar a un joven fot\u00f3grafo Manuel Noguera que desde su perspectiva pretende convertir lo com\u00fan en algo extraordinario. Observando el [&hellip;]\" \/>\n<meta property=\"og:url\" content=\"https:\/\/pagina10.com\/web\/me-apasiona-mucho-retratar-me-seduce-la-piel-las-caras-de-todo-y-todos-manuel-noguera\/\" \/>\n<meta property=\"og:site_name\" content=\"P\u00e1gina10\" \/>\n<meta property=\"article:publisher\" content=\"https:\/\/www.facebook.com\/pag10com\" \/>\n<meta property=\"article:published_time\" content=\"2015-02-15T00:33:05+00:00\" \/>\n<meta property=\"og:image\" content=\"https:\/\/pagina10.com\/web\/wp-content\/uploads\/2015\/02\/ca4d55c7d6166d7f32b846a5ac60bc7c.jpg\" \/>\n\t<meta property=\"og:image:width\" content=\"960\" \/>\n\t<meta property=\"og:image:height\" content=\"692\" \/>\n\t<meta property=\"og:image:type\" content=\"image\/jpeg\" \/>\n<meta name=\"author\" content=\"P\u00e1gina 10\" \/>\n<meta name=\"twitter:card\" content=\"summary_large_image\" \/>\n<meta name=\"twitter:creator\" content=\"@Pag10com\" \/>\n<meta name=\"twitter:site\" content=\"@Pag10com\" \/>\n<meta name=\"twitter:label1\" content=\"Escrito por\" \/>\n\t<meta name=\"twitter:data1\" content=\"P\u00e1gina 10\" \/>\n\t<meta name=\"twitter:label2\" content=\"Tiempo de lectura\" \/>\n\t<meta name=\"twitter:data2\" content=\"4 minutos\" \/>\n<script type=\"application\/ld+json\" class=\"yoast-schema-graph\">{\"@context\":\"https:\/\/schema.org\",\"@graph\":[{\"@type\":\"Article\",\"@id\":\"https:\/\/pagina10.com\/web\/me-apasiona-mucho-retratar-me-seduce-la-piel-las-caras-de-todo-y-todos-manuel-noguera\/#article\",\"isPartOf\":{\"@id\":\"https:\/\/pagina10.com\/web\/me-apasiona-mucho-retratar-me-seduce-la-piel-las-caras-de-todo-y-todos-manuel-noguera\/\"},\"author\":{\"name\":\"P\u00e1gina 10\",\"@id\":\"https:\/\/pagina10.com\/web\/#\/schema\/person\/a7a5d38f0629dfc107f619fbae4f6cc3\"},\"headline\":\"&#8220;Me apasiona mucho retratar, me seduce la piel, las caras de todo y todos&#8221; Manuel Noguera\",\"datePublished\":\"2015-02-15T00:33:05+00:00\",\"mainEntityOfPage\":{\"@id\":\"https:\/\/pagina10.com\/web\/me-apasiona-mucho-retratar-me-seduce-la-piel-las-caras-de-todo-y-todos-manuel-noguera\/\"},\"wordCount\":860,\"commentCount\":0,\"publisher\":{\"@id\":\"https:\/\/pagina10.com\/web\/#organization\"},\"image\":{\"@id\":\"https:\/\/pagina10.com\/web\/me-apasiona-mucho-retratar-me-seduce-la-piel-las-caras-de-todo-y-todos-manuel-noguera\/#primaryimage\"},\"thumbnailUrl\":\"https:\/\/pagina10.com\/web\/wp-content\/uploads\/2015\/02\/ca4d55c7d6166d7f32b846a5ac60bc7c.jpg\",\"inLanguage\":\"es\",\"potentialAction\":[{\"@type\":\"CommentAction\",\"name\":\"Comment\",\"target\":[\"https:\/\/pagina10.com\/web\/me-apasiona-mucho-retratar-me-seduce-la-piel-las-caras-de-todo-y-todos-manuel-noguera\/#respond\"]}]},{\"@type\":\"WebPage\",\"@id\":\"https:\/\/pagina10.com\/web\/me-apasiona-mucho-retratar-me-seduce-la-piel-las-caras-de-todo-y-todos-manuel-noguera\/\",\"url\":\"https:\/\/pagina10.com\/web\/me-apasiona-mucho-retratar-me-seduce-la-piel-las-caras-de-todo-y-todos-manuel-noguera\/\",\"name\":\"\\\"Me apasiona mucho retratar, me seduce la piel, las caras de todo y todos\\\" Manuel Noguera | P\u00e1gina10\",\"isPartOf\":{\"@id\":\"https:\/\/pagina10.com\/web\/#website\"},\"primaryImageOfPage\":{\"@id\":\"https:\/\/pagina10.com\/web\/me-apasiona-mucho-retratar-me-seduce-la-piel-las-caras-de-todo-y-todos-manuel-noguera\/#primaryimage\"},\"image\":{\"@id\":\"https:\/\/pagina10.com\/web\/me-apasiona-mucho-retratar-me-seduce-la-piel-las-caras-de-todo-y-todos-manuel-noguera\/#primaryimage\"},\"thumbnailUrl\":\"https:\/\/pagina10.com\/web\/wp-content\/uploads\/2015\/02\/ca4d55c7d6166d7f32b846a5ac60bc7c.jpg\",\"datePublished\":\"2015-02-15T00:33:05+00:00\",\"breadcrumb\":{\"@id\":\"https:\/\/pagina10.com\/web\/me-apasiona-mucho-retratar-me-seduce-la-piel-las-caras-de-todo-y-todos-manuel-noguera\/#breadcrumb\"},\"inLanguage\":\"es\",\"potentialAction\":[{\"@type\":\"ReadAction\",\"target\":[\"https:\/\/pagina10.com\/web\/me-apasiona-mucho-retratar-me-seduce-la-piel-las-caras-de-todo-y-todos-manuel-noguera\/\"]}]},{\"@type\":\"ImageObject\",\"inLanguage\":\"es\",\"@id\":\"https:\/\/pagina10.com\/web\/me-apasiona-mucho-retratar-me-seduce-la-piel-las-caras-de-todo-y-todos-manuel-noguera\/#primaryimage\",\"url\":\"https:\/\/pagina10.com\/web\/wp-content\/uploads\/2015\/02\/ca4d55c7d6166d7f32b846a5ac60bc7c.jpg\",\"contentUrl\":\"https:\/\/pagina10.com\/web\/wp-content\/uploads\/2015\/02\/ca4d55c7d6166d7f32b846a5ac60bc7c.jpg\",\"width\":960,\"height\":692},{\"@type\":\"BreadcrumbList\",\"@id\":\"https:\/\/pagina10.com\/web\/me-apasiona-mucho-retratar-me-seduce-la-piel-las-caras-de-todo-y-todos-manuel-noguera\/#breadcrumb\",\"itemListElement\":[{\"@type\":\"ListItem\",\"position\":1,\"name\":\"Portada\",\"item\":\"https:\/\/pagina10.com\/web\/\"},{\"@type\":\"ListItem\",\"position\":2,\"name\":\"&#8220;Me apasiona mucho retratar, me seduce la piel, las caras de todo y todos&#8221; Manuel Noguera\"}]},{\"@type\":\"WebSite\",\"@id\":\"https:\/\/pagina10.com\/web\/#website\",\"url\":\"https:\/\/pagina10.com\/web\/\",\"name\":\"P\u00e1gina10\",\"description\":\"Peri\u00f3dico Regional\",\"publisher\":{\"@id\":\"https:\/\/pagina10.com\/web\/#organization\"},\"alternateName\":\"P\u00e1gina10 Peri\u00f3dico Regional\",\"potentialAction\":[{\"@type\":\"SearchAction\",\"target\":{\"@type\":\"EntryPoint\",\"urlTemplate\":\"https:\/\/pagina10.com\/web\/?s={search_term_string}\"},\"query-input\":{\"@type\":\"PropertyValueSpecification\",\"valueRequired\":true,\"valueName\":\"search_term_string\"}}],\"inLanguage\":\"es\"},{\"@type\":\"Organization\",\"@id\":\"https:\/\/pagina10.com\/web\/#organization\",\"name\":\"P\u00e1gina10\",\"alternateName\":\"P\u00e1gina10 Peri\u00f3dico Regional\",\"url\":\"https:\/\/pagina10.com\/web\/\",\"logo\":{\"@type\":\"ImageObject\",\"inLanguage\":\"es\",\"@id\":\"https:\/\/pagina10.com\/web\/#\/schema\/logo\/image\/\",\"url\":\"https:\/\/pagina10.com\/web\/wp-content\/uploads\/2024\/01\/40-pagina-10-periodico-regional-pasto.jpg\",\"contentUrl\":\"https:\/\/pagina10.com\/web\/wp-content\/uploads\/2024\/01\/40-pagina-10-periodico-regional-pasto.jpg\",\"width\":1280,\"height\":720,\"caption\":\"P\u00e1gina10\"},\"image\":{\"@id\":\"https:\/\/pagina10.com\/web\/#\/schema\/logo\/image\/\"},\"sameAs\":[\"https:\/\/www.facebook.com\/pag10com\",\"https:\/\/x.com\/Pag10com\",\"https:\/\/www.instagram.com\/pagina10col\/\",\"https:\/\/youtube.com\/channel\/pag10\",\"https:\/\/www.tiktok.com\/@p10col\"]},{\"@type\":\"Person\",\"@id\":\"https:\/\/pagina10.com\/web\/#\/schema\/person\/a7a5d38f0629dfc107f619fbae4f6cc3\",\"name\":\"P\u00e1gina 10\",\"description\":\"P\u00e1gina10.com es un peri\u00f3dico digital que nace en Colombia, en el departamento de Nari\u00f1o, con un enfoque global, fundamentado en cuatro pilares esenciales: la libertad, el pluralismo, la inclusi\u00f3n y la independencia. P\u00e1gina10.com hace referencia a Nari\u00f1o como el d\u00e9cimo departamento creado en Colombia, despu\u00e9s de un proceso pol\u00edtico liderado por actores y actrices regionales con el fin de obtener la independencia y autonom\u00eda de nuestros territorios. Con la creaci\u00f3n de P\u00e1gina10.com se pretende abrir un escenario para el dialogo, la reflexi\u00f3n y el debate que se extienda a otras geograf\u00edas de Am\u00e9rica Latina y del planeta, en una apuesta por transformar colectivamente los desaf\u00edos de un mundo contempor\u00e1neo, m\u00e1s all\u00e1 de las fronteras impuestas.\",\"url\":\"https:\/\/pagina10.com\/web\/author\/mcepeda\/\"}]}<\/script>\n<!-- \/ Yoast SEO plugin. -->","yoast_head_json":{"title":"\"Me apasiona mucho retratar, me seduce la piel, las caras de todo y todos\" Manuel Noguera | P\u00e1gina10","robots":{"index":"index","follow":"follow","max-snippet":"max-snippet:-1","max-image-preview":"max-image-preview:large","max-video-preview":"max-video-preview:-1"},"canonical":"https:\/\/pagina10.com\/web\/me-apasiona-mucho-retratar-me-seduce-la-piel-las-caras-de-todo-y-todos-manuel-noguera\/","og_locale":"es_ES","og_type":"article","og_title":"\"Me apasiona mucho retratar, me seduce la piel, las caras de todo y todos\" Manuel Noguera | P\u00e1gina10","og_description":"El compromiso con la regi\u00f3n es personal, y viene desde muchas direcciones. El arte por ejemplo&nbsp; le da color y esperanza a los muchos sue\u00f1os que pretenden construir un pa\u00eds diferente. En esta oportunidad quiero presentar a un joven fot\u00f3grafo Manuel Noguera que desde su perspectiva pretende convertir lo com\u00fan en algo extraordinario. Observando el [&hellip;]","og_url":"https:\/\/pagina10.com\/web\/me-apasiona-mucho-retratar-me-seduce-la-piel-las-caras-de-todo-y-todos-manuel-noguera\/","og_site_name":"P\u00e1gina10","article_publisher":"https:\/\/www.facebook.com\/pag10com","article_published_time":"2015-02-15T00:33:05+00:00","og_image":[{"width":960,"height":692,"url":"https:\/\/pagina10.com\/web\/wp-content\/uploads\/2015\/02\/ca4d55c7d6166d7f32b846a5ac60bc7c.jpg","type":"image\/jpeg"}],"author":"P\u00e1gina 10","twitter_card":"summary_large_image","twitter_creator":"@Pag10com","twitter_site":"@Pag10com","twitter_misc":{"Escrito por":"P\u00e1gina 10","Tiempo de lectura":"4 minutos"},"schema":{"@context":"https:\/\/schema.org","@graph":[{"@type":"Article","@id":"https:\/\/pagina10.com\/web\/me-apasiona-mucho-retratar-me-seduce-la-piel-las-caras-de-todo-y-todos-manuel-noguera\/#article","isPartOf":{"@id":"https:\/\/pagina10.com\/web\/me-apasiona-mucho-retratar-me-seduce-la-piel-las-caras-de-todo-y-todos-manuel-noguera\/"},"author":{"name":"P\u00e1gina 10","@id":"https:\/\/pagina10.com\/web\/#\/schema\/person\/a7a5d38f0629dfc107f619fbae4f6cc3"},"headline":"&#8220;Me apasiona mucho retratar, me seduce la piel, las caras de todo y todos&#8221; Manuel Noguera","datePublished":"2015-02-15T00:33:05+00:00","mainEntityOfPage":{"@id":"https:\/\/pagina10.com\/web\/me-apasiona-mucho-retratar-me-seduce-la-piel-las-caras-de-todo-y-todos-manuel-noguera\/"},"wordCount":860,"commentCount":0,"publisher":{"@id":"https:\/\/pagina10.com\/web\/#organization"},"image":{"@id":"https:\/\/pagina10.com\/web\/me-apasiona-mucho-retratar-me-seduce-la-piel-las-caras-de-todo-y-todos-manuel-noguera\/#primaryimage"},"thumbnailUrl":"https:\/\/pagina10.com\/web\/wp-content\/uploads\/2015\/02\/ca4d55c7d6166d7f32b846a5ac60bc7c.jpg","inLanguage":"es","potentialAction":[{"@type":"CommentAction","name":"Comment","target":["https:\/\/pagina10.com\/web\/me-apasiona-mucho-retratar-me-seduce-la-piel-las-caras-de-todo-y-todos-manuel-noguera\/#respond"]}]},{"@type":"WebPage","@id":"https:\/\/pagina10.com\/web\/me-apasiona-mucho-retratar-me-seduce-la-piel-las-caras-de-todo-y-todos-manuel-noguera\/","url":"https:\/\/pagina10.com\/web\/me-apasiona-mucho-retratar-me-seduce-la-piel-las-caras-de-todo-y-todos-manuel-noguera\/","name":"\"Me apasiona mucho retratar, me seduce la piel, las caras de todo y todos\" Manuel Noguera | P\u00e1gina10","isPartOf":{"@id":"https:\/\/pagina10.com\/web\/#website"},"primaryImageOfPage":{"@id":"https:\/\/pagina10.com\/web\/me-apasiona-mucho-retratar-me-seduce-la-piel-las-caras-de-todo-y-todos-manuel-noguera\/#primaryimage"},"image":{"@id":"https:\/\/pagina10.com\/web\/me-apasiona-mucho-retratar-me-seduce-la-piel-las-caras-de-todo-y-todos-manuel-noguera\/#primaryimage"},"thumbnailUrl":"https:\/\/pagina10.com\/web\/wp-content\/uploads\/2015\/02\/ca4d55c7d6166d7f32b846a5ac60bc7c.jpg","datePublished":"2015-02-15T00:33:05+00:00","breadcrumb":{"@id":"https:\/\/pagina10.com\/web\/me-apasiona-mucho-retratar-me-seduce-la-piel-las-caras-de-todo-y-todos-manuel-noguera\/#breadcrumb"},"inLanguage":"es","potentialAction":[{"@type":"ReadAction","target":["https:\/\/pagina10.com\/web\/me-apasiona-mucho-retratar-me-seduce-la-piel-las-caras-de-todo-y-todos-manuel-noguera\/"]}]},{"@type":"ImageObject","inLanguage":"es","@id":"https:\/\/pagina10.com\/web\/me-apasiona-mucho-retratar-me-seduce-la-piel-las-caras-de-todo-y-todos-manuel-noguera\/#primaryimage","url":"https:\/\/pagina10.com\/web\/wp-content\/uploads\/2015\/02\/ca4d55c7d6166d7f32b846a5ac60bc7c.jpg","contentUrl":"https:\/\/pagina10.com\/web\/wp-content\/uploads\/2015\/02\/ca4d55c7d6166d7f32b846a5ac60bc7c.jpg","width":960,"height":692},{"@type":"BreadcrumbList","@id":"https:\/\/pagina10.com\/web\/me-apasiona-mucho-retratar-me-seduce-la-piel-las-caras-de-todo-y-todos-manuel-noguera\/#breadcrumb","itemListElement":[{"@type":"ListItem","position":1,"name":"Portada","item":"https:\/\/pagina10.com\/web\/"},{"@type":"ListItem","position":2,"name":"&#8220;Me apasiona mucho retratar, me seduce la piel, las caras de todo y todos&#8221; Manuel Noguera"}]},{"@type":"WebSite","@id":"https:\/\/pagina10.com\/web\/#website","url":"https:\/\/pagina10.com\/web\/","name":"P\u00e1gina10","description":"Peri\u00f3dico Regional","publisher":{"@id":"https:\/\/pagina10.com\/web\/#organization"},"alternateName":"P\u00e1gina10 Peri\u00f3dico Regional","potentialAction":[{"@type":"SearchAction","target":{"@type":"EntryPoint","urlTemplate":"https:\/\/pagina10.com\/web\/?s={search_term_string}"},"query-input":{"@type":"PropertyValueSpecification","valueRequired":true,"valueName":"search_term_string"}}],"inLanguage":"es"},{"@type":"Organization","@id":"https:\/\/pagina10.com\/web\/#organization","name":"P\u00e1gina10","alternateName":"P\u00e1gina10 Peri\u00f3dico Regional","url":"https:\/\/pagina10.com\/web\/","logo":{"@type":"ImageObject","inLanguage":"es","@id":"https:\/\/pagina10.com\/web\/#\/schema\/logo\/image\/","url":"https:\/\/pagina10.com\/web\/wp-content\/uploads\/2024\/01\/40-pagina-10-periodico-regional-pasto.jpg","contentUrl":"https:\/\/pagina10.com\/web\/wp-content\/uploads\/2024\/01\/40-pagina-10-periodico-regional-pasto.jpg","width":1280,"height":720,"caption":"P\u00e1gina10"},"image":{"@id":"https:\/\/pagina10.com\/web\/#\/schema\/logo\/image\/"},"sameAs":["https:\/\/www.facebook.com\/pag10com","https:\/\/x.com\/Pag10com","https:\/\/www.instagram.com\/pagina10col\/","https:\/\/youtube.com\/channel\/pag10","https:\/\/www.tiktok.com\/@p10col"]},{"@type":"Person","@id":"https:\/\/pagina10.com\/web\/#\/schema\/person\/a7a5d38f0629dfc107f619fbae4f6cc3","name":"P\u00e1gina 10","description":"P\u00e1gina10.com es un peri\u00f3dico digital que nace en Colombia, en el departamento de Nari\u00f1o, con un enfoque global, fundamentado en cuatro pilares esenciales: la libertad, el pluralismo, la inclusi\u00f3n y la independencia. P\u00e1gina10.com hace referencia a Nari\u00f1o como el d\u00e9cimo departamento creado en Colombia, despu\u00e9s de un proceso pol\u00edtico liderado por actores y actrices regionales con el fin de obtener la independencia y autonom\u00eda de nuestros territorios. Con la creaci\u00f3n de P\u00e1gina10.com se pretende abrir un escenario para el dialogo, la reflexi\u00f3n y el debate que se extienda a otras geograf\u00edas de Am\u00e9rica Latina y del planeta, en una apuesta por transformar colectivamente los desaf\u00edos de un mundo contempor\u00e1neo, m\u00e1s all\u00e1 de las fronteras impuestas.","url":"https:\/\/pagina10.com\/web\/author\/mcepeda\/"}]}},"_links":{"self":[{"href":"https:\/\/pagina10.com\/web\/wp-json\/wp\/v2\/posts\/14841","targetHints":{"allow":["GET"]}}],"collection":[{"href":"https:\/\/pagina10.com\/web\/wp-json\/wp\/v2\/posts"}],"about":[{"href":"https:\/\/pagina10.com\/web\/wp-json\/wp\/v2\/types\/post"}],"author":[{"embeddable":true,"href":"https:\/\/pagina10.com\/web\/wp-json\/wp\/v2\/users\/29"}],"replies":[{"embeddable":true,"href":"https:\/\/pagina10.com\/web\/wp-json\/wp\/v2\/comments?post=14841"}],"version-history":[{"count":0,"href":"https:\/\/pagina10.com\/web\/wp-json\/wp\/v2\/posts\/14841\/revisions"}],"wp:featuredmedia":[{"embeddable":true,"href":"https:\/\/pagina10.com\/web\/wp-json\/wp\/v2\/media\/14840"}],"wp:attachment":[{"href":"https:\/\/pagina10.com\/web\/wp-json\/wp\/v2\/media?parent=14841"}],"wp:term":[{"taxonomy":"category","embeddable":true,"href":"https:\/\/pagina10.com\/web\/wp-json\/wp\/v2\/categories?post=14841"},{"taxonomy":"post_tag","embeddable":true,"href":"https:\/\/pagina10.com\/web\/wp-json\/wp\/v2\/tags?post=14841"}],"curies":[{"name":"wp","href":"https:\/\/api.w.org\/{rel}","templated":true}]}}