{"id":15574,"date":"2015-04-12T01:28:40","date_gmt":"2015-04-12T01:28:40","guid":{"rendered":"https:\/\/pagina10.com\/web\/momentos-claves-de-la-cumbre-de-las-americas\/"},"modified":"2015-04-12T01:28:40","modified_gmt":"2015-04-12T01:28:40","slug":"momentos-claves-de-la-cumbre-de-las-americas","status":"publish","type":"post","link":"https:\/\/pagina10.com\/web\/momentos-claves-de-la-cumbre-de-las-americas\/","title":{"rendered":"Momentos claves de la Cumbre de las Am\u00e9ricas"},"content":{"rendered":"<p><img fetchpriority=\"high\" decoding=\"async\" class=\" size-full wp-image-15573\" src=\"https:\/\/pagina10.com\/web\/wp-content\/uploads\/2015\/04\/62e7adc667454a45426f1ac0cce22995.jpg\" alt=\"\" width=\"660\" height=\"371\" srcset=\"https:\/\/pagina10.com\/web\/wp-content\/uploads\/2015\/04\/62e7adc667454a45426f1ac0cce22995.jpg 660w, https:\/\/pagina10.com\/web\/wp-content\/uploads\/2015\/04\/62e7adc667454a45426f1ac0cce22995-300x169.jpg 300w\" sizes=\"(max-width: 660px) 100vw, 660px\" \/><\/p>\n<p style=\"text-align: justify;\">Las cumbres internacionales suelen dejar momentos para el recuerdo y la VII Cumbre de las Am\u00e9ricas que culmina este s\u00e1bado en Panam\u00e1 no es una excepci\u00f3n.&nbsp;Le presentamos algunos de los m\u00e1s destacados.<\/p>\n<p style=\"text-align: justify;\">&nbsp;<\/p>\n<p style=\"text-align: justify;\"><strong>Hist\u00f3rica reuni\u00f3n de Castro con Obama<\/strong><\/p>\n<p style=\"text-align: justify;\">Los presidentes de Estados Unidos y Cuba, Barack Obama y Ra\u00fal Castro, celebraron el primer encuentro entre los m\u00e1ximos l\u00edderes de esos dos pa\u00edses en casi sesenta a\u00f1os.<br \/>Los dos mandatarios acordaron dejar atr\u00e1s d\u00e9cadas de hostilidad.<\/p>\n<p style=\"text-align: justify;\"><strong>&nbsp;<\/strong><\/p>\n<p style=\"text-align: justify;\"><strong>Castro absuelve a Obama de culpa<\/strong><\/p>\n<p style=\"text-align: justify;\">&#8220;Diez presidentes (de EE UU) tienen deudas con nosotros, pero no el presidente Obama&#8221;, dijo Castro en su discurso sobre los mandatarios que EE.UU. ha tenido desde el comienzo de la &#8220;revoluci\u00f3n cubana&#8221;, en 1959.<\/p>\n<p style=\"text-align: justify;\">Castro dijo que Obama es &#8220;un hombre honesto&#8221;. Para el l\u00edder cubano, la forma de ser de Obama obedece a su origen humilde.<\/p>\n<p style=\"text-align: justify;\">&nbsp;<\/p>\n<p style=\"text-align: justify;\"><strong>El chiste de Castro<\/strong><\/p>\n<p style=\"text-align: justify;\">Castro aprovech\u00f3 la primera intervenci\u00f3n de un mandatario cubano en una Cumbre de las Am\u00e9ricas para bromear con el hecho de tener que limitar sus palabras a los ocho minutos establecidos en el protocolo.<\/p>\n<p style=\"text-align: justify;\">&#8220;Como me deben seis cumbres que me excluyeron, 6&#215;8, 48 minutos me tocar\u00eda hablar&#8221;, dijo.<\/p>\n<p style=\"text-align: justify;\">&nbsp;<\/p>\n<p style=\"text-align: justify;\"><strong>El error de Zuckerberg<\/strong><\/p>\n<p style=\"text-align: justify;\">Por equivocaci\u00f3n, el fundador de Facebook entr\u00f3 a una reuni\u00f3n bilateral que manten\u00edan los presidentes de Panam\u00e1 y Rep\u00fablica Dominicana en el Hotel Riu.<\/p>\n<p style=\"text-align: justify;\">El diario paname\u00f1o El Caribe informa que Zuckerberg se detuvo frente a la puerta de la sala donde estaban reunidos los mandatarios, mir\u00f3 a los presentes y luego se volte\u00f3 como si se preguntara &#8220;no es aqu\u00ed&#8221;, al mismo tiempo que un agente de seguridad que estaba adentro sali\u00f3 para bloquear la entrada.<\/p>\n<p style=\"text-align: justify;\">Zuckerberg fue invitado al pa\u00eds centroamericano para participar en la II Cumbre Empresarial de las Am\u00e9ricas.<\/p>\n<p style=\"text-align: justify;\">&nbsp;<\/p>\n<p style=\"text-align: justify;\"><strong>El selfie de Enrique Pe\u00f1a Nieto y Mark Zuckerberg<\/strong><\/p>\n<p style=\"text-align: justify;\">Una foto de un selfie del presidente de M\u00e9xico con el director ejecutivo de Facebook, Mark Zuckerberg, se volvi\u00f3 viral en M\u00e9xico.&nbsp;En su cuenta de Instagram, el mandatario mexicano dijo: &#8220;Salud\u00e9 a Mark Zuckerberg esta ma\u00f1ana. Coincidimos en Panam\u00e1 y avanzamos en los detalles de la pr\u00f3xima llegada de Internet.org a M\u00e9xico&#8221;, en referencia al proyecto de Facebook de mejorar la accesibilidad a internet<\/p>\n<p><strong>La seguridad de Morales agrede con taser a un fot\u00f3grafo<\/strong><\/p>\n<p style=\"text-align: justify;\">El presidente de Bolivia, Evo Morales, pidi\u00f3 disculpas despu\u00e9s de que uno de sus guardaespaldas agrediera con una pistola taser a un fot\u00f3grafo.<br \/>&#8220;Disculpas si pas\u00f3 algo, pero no es responsabilidad de Evo&#8221;, declar\u00f3 Morales. Para Morales, el suceso fue consecuencia de la forma avasalladora con la que, a su juicio, act\u00faa la prensa.<\/p>\n<p style=\"text-align: justify;\">&nbsp;<\/p>\n<p style=\"text-align: justify;\">Fuente: BBC<\/p>\n","protected":false},"excerpt":{"rendered":"<p>Las cumbres internacionales suelen dejar momentos para el recuerdo y la VII Cumbre de las Am\u00e9ricas que culmina este s\u00e1bado en Panam\u00e1 no es una excepci\u00f3n.&nbsp;Le presentamos algunos de los m\u00e1s destacados. &nbsp; Hist\u00f3rica reuni\u00f3n de Castro con Obama Los presidentes de Estados Unidos y Cuba, Barack Obama y Ra\u00fal Castro, celebraron el primer encuentro [&hellip;]<\/p>\n","protected":false},"author":29,"featured_media":15573,"comment_status":"open","ping_status":"open","sticky":false,"template":"","format":"standard","meta":{"footnotes":""},"categories":[1],"tags":[],"class_list":["post-15574","post","type-post","status-publish","format-standard","has-post-thumbnail","hentry","category-sin-categoria"],"yoast_head":"<!-- This site is optimized with the Yoast SEO plugin v27.1.1 - https:\/\/yoast.com\/product\/yoast-seo-wordpress\/ -->\n<title>Momentos claves de la Cumbre de las Am\u00e9ricas | P\u00e1gina10<\/title>\n<meta name=\"robots\" content=\"index, follow, max-snippet:-1, max-image-preview:large, max-video-preview:-1\" \/>\n<link rel=\"canonical\" href=\"https:\/\/pagina10.com\/web\/momentos-claves-de-la-cumbre-de-las-americas\/\" \/>\n<meta property=\"og:locale\" content=\"es_ES\" \/>\n<meta property=\"og:type\" content=\"article\" \/>\n<meta property=\"og:title\" content=\"Momentos claves de la Cumbre de las Am\u00e9ricas | P\u00e1gina10\" \/>\n<meta property=\"og:description\" content=\"Las cumbres internacionales suelen dejar momentos para el recuerdo y la VII Cumbre de las Am\u00e9ricas que culmina este s\u00e1bado en Panam\u00e1 no es una excepci\u00f3n.&nbsp;Le presentamos algunos de los m\u00e1s destacados. &nbsp; Hist\u00f3rica reuni\u00f3n de Castro con Obama Los presidentes de Estados Unidos y Cuba, Barack Obama y Ra\u00fal Castro, celebraron el primer encuentro [&hellip;]\" \/>\n<meta property=\"og:url\" content=\"https:\/\/pagina10.com\/web\/momentos-claves-de-la-cumbre-de-las-americas\/\" \/>\n<meta property=\"og:site_name\" content=\"P\u00e1gina10\" \/>\n<meta property=\"article:publisher\" content=\"https:\/\/www.facebook.com\/pag10com\" \/>\n<meta property=\"article:published_time\" content=\"2015-04-12T01:28:40+00:00\" \/>\n<meta property=\"og:image\" content=\"https:\/\/pagina10.com\/web\/wp-content\/uploads\/2015\/04\/62e7adc667454a45426f1ac0cce22995.jpg\" \/>\n\t<meta property=\"og:image:width\" content=\"660\" \/>\n\t<meta property=\"og:image:height\" content=\"371\" \/>\n\t<meta property=\"og:image:type\" content=\"image\/jpeg\" \/>\n<meta name=\"author\" content=\"P\u00e1gina 10\" \/>\n<meta name=\"twitter:card\" content=\"summary_large_image\" \/>\n<meta name=\"twitter:creator\" content=\"@Pag10com\" \/>\n<meta name=\"twitter:site\" content=\"@Pag10com\" \/>\n<meta name=\"twitter:label1\" content=\"Escrito por\" \/>\n\t<meta name=\"twitter:data1\" content=\"P\u00e1gina 10\" \/>\n\t<meta name=\"twitter:label2\" content=\"Tiempo de lectura\" \/>\n\t<meta name=\"twitter:data2\" content=\"2 minutos\" \/>\n<script type=\"application\/ld+json\" class=\"yoast-schema-graph\">{\"@context\":\"https:\/\/schema.org\",\"@graph\":[{\"@type\":\"Article\",\"@id\":\"https:\/\/pagina10.com\/web\/momentos-claves-de-la-cumbre-de-las-americas\/#article\",\"isPartOf\":{\"@id\":\"https:\/\/pagina10.com\/web\/momentos-claves-de-la-cumbre-de-las-americas\/\"},\"author\":{\"name\":\"P\u00e1gina 10\",\"@id\":\"https:\/\/pagina10.com\/web\/#\/schema\/person\/a7a5d38f0629dfc107f619fbae4f6cc3\"},\"headline\":\"Momentos claves de la Cumbre de las Am\u00e9ricas\",\"datePublished\":\"2015-04-12T01:28:40+00:00\",\"mainEntityOfPage\":{\"@id\":\"https:\/\/pagina10.com\/web\/momentos-claves-de-la-cumbre-de-las-americas\/\"},\"wordCount\":482,\"commentCount\":0,\"publisher\":{\"@id\":\"https:\/\/pagina10.com\/web\/#organization\"},\"image\":{\"@id\":\"https:\/\/pagina10.com\/web\/momentos-claves-de-la-cumbre-de-las-americas\/#primaryimage\"},\"thumbnailUrl\":\"https:\/\/pagina10.com\/web\/wp-content\/uploads\/2015\/04\/62e7adc667454a45426f1ac0cce22995.jpg\",\"inLanguage\":\"es\",\"potentialAction\":[{\"@type\":\"CommentAction\",\"name\":\"Comment\",\"target\":[\"https:\/\/pagina10.com\/web\/momentos-claves-de-la-cumbre-de-las-americas\/#respond\"]}]},{\"@type\":\"WebPage\",\"@id\":\"https:\/\/pagina10.com\/web\/momentos-claves-de-la-cumbre-de-las-americas\/\",\"url\":\"https:\/\/pagina10.com\/web\/momentos-claves-de-la-cumbre-de-las-americas\/\",\"name\":\"Momentos claves de la Cumbre de las Am\u00e9ricas | P\u00e1gina10\",\"isPartOf\":{\"@id\":\"https:\/\/pagina10.com\/web\/#website\"},\"primaryImageOfPage\":{\"@id\":\"https:\/\/pagina10.com\/web\/momentos-claves-de-la-cumbre-de-las-americas\/#primaryimage\"},\"image\":{\"@id\":\"https:\/\/pagina10.com\/web\/momentos-claves-de-la-cumbre-de-las-americas\/#primaryimage\"},\"thumbnailUrl\":\"https:\/\/pagina10.com\/web\/wp-content\/uploads\/2015\/04\/62e7adc667454a45426f1ac0cce22995.jpg\",\"datePublished\":\"2015-04-12T01:28:40+00:00\",\"breadcrumb\":{\"@id\":\"https:\/\/pagina10.com\/web\/momentos-claves-de-la-cumbre-de-las-americas\/#breadcrumb\"},\"inLanguage\":\"es\",\"potentialAction\":[{\"@type\":\"ReadAction\",\"target\":[\"https:\/\/pagina10.com\/web\/momentos-claves-de-la-cumbre-de-las-americas\/\"]}]},{\"@type\":\"ImageObject\",\"inLanguage\":\"es\",\"@id\":\"https:\/\/pagina10.com\/web\/momentos-claves-de-la-cumbre-de-las-americas\/#primaryimage\",\"url\":\"https:\/\/pagina10.com\/web\/wp-content\/uploads\/2015\/04\/62e7adc667454a45426f1ac0cce22995.jpg\",\"contentUrl\":\"https:\/\/pagina10.com\/web\/wp-content\/uploads\/2015\/04\/62e7adc667454a45426f1ac0cce22995.jpg\",\"width\":660,\"height\":371},{\"@type\":\"BreadcrumbList\",\"@id\":\"https:\/\/pagina10.com\/web\/momentos-claves-de-la-cumbre-de-las-americas\/#breadcrumb\",\"itemListElement\":[{\"@type\":\"ListItem\",\"position\":1,\"name\":\"Portada\",\"item\":\"https:\/\/pagina10.com\/web\/\"},{\"@type\":\"ListItem\",\"position\":2,\"name\":\"Momentos claves de la Cumbre de las Am\u00e9ricas\"}]},{\"@type\":\"WebSite\",\"@id\":\"https:\/\/pagina10.com\/web\/#website\",\"url\":\"https:\/\/pagina10.com\/web\/\",\"name\":\"P\u00e1gina10\",\"description\":\"Peri\u00f3dico Regional\",\"publisher\":{\"@id\":\"https:\/\/pagina10.com\/web\/#organization\"},\"alternateName\":\"P\u00e1gina10 Peri\u00f3dico Regional\",\"potentialAction\":[{\"@type\":\"SearchAction\",\"target\":{\"@type\":\"EntryPoint\",\"urlTemplate\":\"https:\/\/pagina10.com\/web\/?s={search_term_string}\"},\"query-input\":{\"@type\":\"PropertyValueSpecification\",\"valueRequired\":true,\"valueName\":\"search_term_string\"}}],\"inLanguage\":\"es\"},{\"@type\":\"Organization\",\"@id\":\"https:\/\/pagina10.com\/web\/#organization\",\"name\":\"P\u00e1gina10\",\"alternateName\":\"P\u00e1gina10 Peri\u00f3dico Regional\",\"url\":\"https:\/\/pagina10.com\/web\/\",\"logo\":{\"@type\":\"ImageObject\",\"inLanguage\":\"es\",\"@id\":\"https:\/\/pagina10.com\/web\/#\/schema\/logo\/image\/\",\"url\":\"https:\/\/pagina10.com\/web\/wp-content\/uploads\/2024\/01\/40-pagina-10-periodico-regional-pasto.jpg\",\"contentUrl\":\"https:\/\/pagina10.com\/web\/wp-content\/uploads\/2024\/01\/40-pagina-10-periodico-regional-pasto.jpg\",\"width\":1280,\"height\":720,\"caption\":\"P\u00e1gina10\"},\"image\":{\"@id\":\"https:\/\/pagina10.com\/web\/#\/schema\/logo\/image\/\"},\"sameAs\":[\"https:\/\/www.facebook.com\/pag10com\",\"https:\/\/x.com\/Pag10com\",\"https:\/\/www.instagram.com\/pagina10col\/\",\"https:\/\/youtube.com\/channel\/pag10\",\"https:\/\/www.tiktok.com\/@p10col\"]},{\"@type\":\"Person\",\"@id\":\"https:\/\/pagina10.com\/web\/#\/schema\/person\/a7a5d38f0629dfc107f619fbae4f6cc3\",\"name\":\"P\u00e1gina 10\",\"description\":\"P\u00e1gina10.com es un peri\u00f3dico digital que nace en Colombia, en el departamento de Nari\u00f1o, con un enfoque global, fundamentado en cuatro pilares esenciales: la libertad, el pluralismo, la inclusi\u00f3n y la independencia. P\u00e1gina10.com hace referencia a Nari\u00f1o como el d\u00e9cimo departamento creado en Colombia, despu\u00e9s de un proceso pol\u00edtico liderado por actores y actrices regionales con el fin de obtener la independencia y autonom\u00eda de nuestros territorios. Con la creaci\u00f3n de P\u00e1gina10.com se pretende abrir un escenario para el dialogo, la reflexi\u00f3n y el debate que se extienda a otras geograf\u00edas de Am\u00e9rica Latina y del planeta, en una apuesta por transformar colectivamente los desaf\u00edos de un mundo contempor\u00e1neo, m\u00e1s all\u00e1 de las fronteras impuestas.\",\"url\":\"https:\/\/pagina10.com\/web\/author\/mcepeda\/\"}]}<\/script>\n<!-- \/ Yoast SEO plugin. -->","yoast_head_json":{"title":"Momentos claves de la Cumbre de las Am\u00e9ricas | P\u00e1gina10","robots":{"index":"index","follow":"follow","max-snippet":"max-snippet:-1","max-image-preview":"max-image-preview:large","max-video-preview":"max-video-preview:-1"},"canonical":"https:\/\/pagina10.com\/web\/momentos-claves-de-la-cumbre-de-las-americas\/","og_locale":"es_ES","og_type":"article","og_title":"Momentos claves de la Cumbre de las Am\u00e9ricas | P\u00e1gina10","og_description":"Las cumbres internacionales suelen dejar momentos para el recuerdo y la VII Cumbre de las Am\u00e9ricas que culmina este s\u00e1bado en Panam\u00e1 no es una excepci\u00f3n.&nbsp;Le presentamos algunos de los m\u00e1s destacados. &nbsp; Hist\u00f3rica reuni\u00f3n de Castro con Obama Los presidentes de Estados Unidos y Cuba, Barack Obama y Ra\u00fal Castro, celebraron el primer encuentro [&hellip;]","og_url":"https:\/\/pagina10.com\/web\/momentos-claves-de-la-cumbre-de-las-americas\/","og_site_name":"P\u00e1gina10","article_publisher":"https:\/\/www.facebook.com\/pag10com","article_published_time":"2015-04-12T01:28:40+00:00","og_image":[{"width":660,"height":371,"url":"https:\/\/pagina10.com\/web\/wp-content\/uploads\/2015\/04\/62e7adc667454a45426f1ac0cce22995.jpg","type":"image\/jpeg"}],"author":"P\u00e1gina 10","twitter_card":"summary_large_image","twitter_creator":"@Pag10com","twitter_site":"@Pag10com","twitter_misc":{"Escrito por":"P\u00e1gina 10","Tiempo de lectura":"2 minutos"},"schema":{"@context":"https:\/\/schema.org","@graph":[{"@type":"Article","@id":"https:\/\/pagina10.com\/web\/momentos-claves-de-la-cumbre-de-las-americas\/#article","isPartOf":{"@id":"https:\/\/pagina10.com\/web\/momentos-claves-de-la-cumbre-de-las-americas\/"},"author":{"name":"P\u00e1gina 10","@id":"https:\/\/pagina10.com\/web\/#\/schema\/person\/a7a5d38f0629dfc107f619fbae4f6cc3"},"headline":"Momentos claves de la Cumbre de las Am\u00e9ricas","datePublished":"2015-04-12T01:28:40+00:00","mainEntityOfPage":{"@id":"https:\/\/pagina10.com\/web\/momentos-claves-de-la-cumbre-de-las-americas\/"},"wordCount":482,"commentCount":0,"publisher":{"@id":"https:\/\/pagina10.com\/web\/#organization"},"image":{"@id":"https:\/\/pagina10.com\/web\/momentos-claves-de-la-cumbre-de-las-americas\/#primaryimage"},"thumbnailUrl":"https:\/\/pagina10.com\/web\/wp-content\/uploads\/2015\/04\/62e7adc667454a45426f1ac0cce22995.jpg","inLanguage":"es","potentialAction":[{"@type":"CommentAction","name":"Comment","target":["https:\/\/pagina10.com\/web\/momentos-claves-de-la-cumbre-de-las-americas\/#respond"]}]},{"@type":"WebPage","@id":"https:\/\/pagina10.com\/web\/momentos-claves-de-la-cumbre-de-las-americas\/","url":"https:\/\/pagina10.com\/web\/momentos-claves-de-la-cumbre-de-las-americas\/","name":"Momentos claves de la Cumbre de las Am\u00e9ricas | P\u00e1gina10","isPartOf":{"@id":"https:\/\/pagina10.com\/web\/#website"},"primaryImageOfPage":{"@id":"https:\/\/pagina10.com\/web\/momentos-claves-de-la-cumbre-de-las-americas\/#primaryimage"},"image":{"@id":"https:\/\/pagina10.com\/web\/momentos-claves-de-la-cumbre-de-las-americas\/#primaryimage"},"thumbnailUrl":"https:\/\/pagina10.com\/web\/wp-content\/uploads\/2015\/04\/62e7adc667454a45426f1ac0cce22995.jpg","datePublished":"2015-04-12T01:28:40+00:00","breadcrumb":{"@id":"https:\/\/pagina10.com\/web\/momentos-claves-de-la-cumbre-de-las-americas\/#breadcrumb"},"inLanguage":"es","potentialAction":[{"@type":"ReadAction","target":["https:\/\/pagina10.com\/web\/momentos-claves-de-la-cumbre-de-las-americas\/"]}]},{"@type":"ImageObject","inLanguage":"es","@id":"https:\/\/pagina10.com\/web\/momentos-claves-de-la-cumbre-de-las-americas\/#primaryimage","url":"https:\/\/pagina10.com\/web\/wp-content\/uploads\/2015\/04\/62e7adc667454a45426f1ac0cce22995.jpg","contentUrl":"https:\/\/pagina10.com\/web\/wp-content\/uploads\/2015\/04\/62e7adc667454a45426f1ac0cce22995.jpg","width":660,"height":371},{"@type":"BreadcrumbList","@id":"https:\/\/pagina10.com\/web\/momentos-claves-de-la-cumbre-de-las-americas\/#breadcrumb","itemListElement":[{"@type":"ListItem","position":1,"name":"Portada","item":"https:\/\/pagina10.com\/web\/"},{"@type":"ListItem","position":2,"name":"Momentos claves de la Cumbre de las Am\u00e9ricas"}]},{"@type":"WebSite","@id":"https:\/\/pagina10.com\/web\/#website","url":"https:\/\/pagina10.com\/web\/","name":"P\u00e1gina10","description":"Peri\u00f3dico Regional","publisher":{"@id":"https:\/\/pagina10.com\/web\/#organization"},"alternateName":"P\u00e1gina10 Peri\u00f3dico Regional","potentialAction":[{"@type":"SearchAction","target":{"@type":"EntryPoint","urlTemplate":"https:\/\/pagina10.com\/web\/?s={search_term_string}"},"query-input":{"@type":"PropertyValueSpecification","valueRequired":true,"valueName":"search_term_string"}}],"inLanguage":"es"},{"@type":"Organization","@id":"https:\/\/pagina10.com\/web\/#organization","name":"P\u00e1gina10","alternateName":"P\u00e1gina10 Peri\u00f3dico Regional","url":"https:\/\/pagina10.com\/web\/","logo":{"@type":"ImageObject","inLanguage":"es","@id":"https:\/\/pagina10.com\/web\/#\/schema\/logo\/image\/","url":"https:\/\/pagina10.com\/web\/wp-content\/uploads\/2024\/01\/40-pagina-10-periodico-regional-pasto.jpg","contentUrl":"https:\/\/pagina10.com\/web\/wp-content\/uploads\/2024\/01\/40-pagina-10-periodico-regional-pasto.jpg","width":1280,"height":720,"caption":"P\u00e1gina10"},"image":{"@id":"https:\/\/pagina10.com\/web\/#\/schema\/logo\/image\/"},"sameAs":["https:\/\/www.facebook.com\/pag10com","https:\/\/x.com\/Pag10com","https:\/\/www.instagram.com\/pagina10col\/","https:\/\/youtube.com\/channel\/pag10","https:\/\/www.tiktok.com\/@p10col"]},{"@type":"Person","@id":"https:\/\/pagina10.com\/web\/#\/schema\/person\/a7a5d38f0629dfc107f619fbae4f6cc3","name":"P\u00e1gina 10","description":"P\u00e1gina10.com es un peri\u00f3dico digital que nace en Colombia, en el departamento de Nari\u00f1o, con un enfoque global, fundamentado en cuatro pilares esenciales: la libertad, el pluralismo, la inclusi\u00f3n y la independencia. P\u00e1gina10.com hace referencia a Nari\u00f1o como el d\u00e9cimo departamento creado en Colombia, despu\u00e9s de un proceso pol\u00edtico liderado por actores y actrices regionales con el fin de obtener la independencia y autonom\u00eda de nuestros territorios. Con la creaci\u00f3n de P\u00e1gina10.com se pretende abrir un escenario para el dialogo, la reflexi\u00f3n y el debate que se extienda a otras geograf\u00edas de Am\u00e9rica Latina y del planeta, en una apuesta por transformar colectivamente los desaf\u00edos de un mundo contempor\u00e1neo, m\u00e1s all\u00e1 de las fronteras impuestas.","url":"https:\/\/pagina10.com\/web\/author\/mcepeda\/"}]}},"_links":{"self":[{"href":"https:\/\/pagina10.com\/web\/wp-json\/wp\/v2\/posts\/15574","targetHints":{"allow":["GET"]}}],"collection":[{"href":"https:\/\/pagina10.com\/web\/wp-json\/wp\/v2\/posts"}],"about":[{"href":"https:\/\/pagina10.com\/web\/wp-json\/wp\/v2\/types\/post"}],"author":[{"embeddable":true,"href":"https:\/\/pagina10.com\/web\/wp-json\/wp\/v2\/users\/29"}],"replies":[{"embeddable":true,"href":"https:\/\/pagina10.com\/web\/wp-json\/wp\/v2\/comments?post=15574"}],"version-history":[{"count":0,"href":"https:\/\/pagina10.com\/web\/wp-json\/wp\/v2\/posts\/15574\/revisions"}],"wp:featuredmedia":[{"embeddable":true,"href":"https:\/\/pagina10.com\/web\/wp-json\/wp\/v2\/media\/15573"}],"wp:attachment":[{"href":"https:\/\/pagina10.com\/web\/wp-json\/wp\/v2\/media?parent=15574"}],"wp:term":[{"taxonomy":"category","embeddable":true,"href":"https:\/\/pagina10.com\/web\/wp-json\/wp\/v2\/categories?post=15574"},{"taxonomy":"post_tag","embeddable":true,"href":"https:\/\/pagina10.com\/web\/wp-json\/wp\/v2\/tags?post=15574"}],"curies":[{"name":"wp","href":"https:\/\/api.w.org\/{rel}","templated":true}]}}