{"id":15578,"date":"2015-04-12T02:36:49","date_gmt":"2015-04-12T02:36:49","guid":{"rendered":"https:\/\/pagina10.com\/web\/estamos-construyendo-historia-con-cuba-presidente-de-los-estados-unidos-barack-obama\/"},"modified":"2015-04-12T02:36:49","modified_gmt":"2015-04-12T02:36:49","slug":"estamos-construyendo-historia-con-cuba-presidente-de-los-estados-unidos-barack-obama","status":"publish","type":"post","link":"https:\/\/pagina10.com\/web\/estamos-construyendo-historia-con-cuba-presidente-de-los-estados-unidos-barack-obama\/","title":{"rendered":"Estamos construyendo historia con Cuba: presidente de los Estados Unidos Barack Obama"},"content":{"rendered":"<p><img fetchpriority=\"high\" decoding=\"async\" class=\" size-full wp-image-15577\" src=\"https:\/\/pagina10.com\/web\/wp-content\/uploads\/2015\/04\/4786bdc09cc2bea7a6f114db8b9ef4d3.jpg\" alt=\"\" width=\"1024\" height=\"719\" srcset=\"https:\/\/pagina10.com\/web\/wp-content\/uploads\/2015\/04\/4786bdc09cc2bea7a6f114db8b9ef4d3.jpg 1024w, https:\/\/pagina10.com\/web\/wp-content\/uploads\/2015\/04\/4786bdc09cc2bea7a6f114db8b9ef4d3-300x211.jpg 300w, https:\/\/pagina10.com\/web\/wp-content\/uploads\/2015\/04\/4786bdc09cc2bea7a6f114db8b9ef4d3-768x539.jpg 768w\" sizes=\"(max-width: 1024px) 100vw, 1024px\" \/><\/p>\n<div style=\"text-align: justify;\">Los Estados Unidos miran hacia el futuro, no queremos estar atrapados en ideolog\u00edas, al menos yo no lo estoy\u201d, dijo el presidente norteamericano para graficar su punto de vista en el cambio de pol\u00edtica exterior, espec\u00edficamente hacia Cuba.<\/div>\n<div style=\"text-align: justify;\">\u201cCuando llegu\u00e9 a mi primera cumbre promet\u00ed que iba a iniciar un nuevo cap\u00edtulo en la regi\u00f3n. Me compromet\u00ed a construir una nueva era de cooperaci\u00f3n y tambi\u00e9n declar\u00e9 que este enfoque ser\u00eda sostenido a lo largo de mi presidencia. Yo he cumplido con ese compromiso. Nos reunimos aqu\u00ed en un momento hist\u00f3rico\u201d, empez\u00f3 Barack Obama.<\/div>\n<div style=\"text-align: justify;\">El mandatario estadounidense hizo mucho hincapi\u00e9 en las nuevas relaciones de su pa\u00eds con Cuba y afirm\u00f3: \u201cMas norteamericanos podr\u00e1n viajar a Cuba, habr\u00e1 m\u00e1s intercambios, m\u00e1s inversiones. Esperamos poder ayudar tambi\u00e9n en proyectos humanitarios. Seguimos adelante y vamos a comprometernos en cumplir con esto\u201d.<\/div>\n<div style=\"text-align: justify;\">El presidente Barack Obama dijo en su discurso a la VII de la Cumbre de las Am\u00e9ricas que \u201cEstados Unidos se enfoca en el futuro\u201d y que \u00e9l no est\u00e1 \u201catrapado en la ideolog\u00eda\u201d.\u200b<\/div>\n<div style=\"text-align: justify;\">Aunque Obama se refer\u00eda al principio de sus palabras al relanzamiento de las relaciones con Cuba, improvis\u00f3 al final del mismo para contestar al presidente ecuatoriano, Rafael Correa, que se atrevi\u00f3 a hablar sobre la historia de EE.UU., sus inconsistencias y abusos y adem\u00e1s critic\u00f3 a la prensa de su pa\u00eds y la calific\u00f3 de \u201cser muy mala\u201d.<\/div>\n<div style=\"text-align: justify;\">\u201cSiempre disfruto las lecciones de historia cuando vengo aqu\u00ed\u201d, le dijo Obama a Correa, para luego refutarle que \u201cEE.UU. nunca dice que somos perfectos, decimos que estamos abiertos al cambio\u201d.<\/div>\n<div style=\"text-align: justify;\">\u201cSoy el primero en reconocer que hay art\u00edculos oscuros en nuestra propia historia en los que no hemos cumplidos con los principios fundacionales del pa\u00eds\u201d, declar\u00f3.<\/div>\n<div style=\"text-align: justify;\">\u201cPodemos hablar durante mucho tiempo de injusticias pasadas pero creo que tambi\u00e9n se usa a Estados Unidos como una excusa para esconder problemas dom\u00e9sticos pero con eso no vamos a alcanzar progreso alguno\u201d, hizo saber Obama directamente al presidente Correa.<\/div>\n<div style=\"text-align: justify;\">Sobre las cr\u00edticas a la prensa le espet\u00f3: \u201cUsted puede sentirse confiado de saber distinguir entre la prensa buena y la prensa mala, pero no estoy seguro que una sola persona deba decidirlo\u201d, agregando que a \u00e9l tambi\u00e9n le toca lidiar con cr\u00edticas de la prensa \u201cpero los periodistas contin\u00faan hablando lo que piensan y los medios contin\u00faan abiertos\u201d.<\/div>\n<div style=\"text-align: justify;\">Antes Obama hab\u00eda apuntado que la relaci\u00f3n entre Estados Unidos y la regi\u00f3n \u201ces tan buena como nunca\u201d. Se\u00f1al\u00f3 su cooperaci\u00f3n en la regi\u00f3n en temas como la educaci\u00f3n, energ\u00eda limpia, crecimiento econ\u00f3mico, seguridad, adem\u00e1s de la nueva relaci\u00f3n con Cuba a la que calific\u00f3 como \u201ctema de inflexi\u00f3n\u201d.<\/div>\n<div style=\"text-align: justify;\">\u201cEse es el nuevo cap\u00edtulo al que Estados Unidos se compromete\u201d, a\u00f1adi\u00f3.<\/div>\n<div style=\"text-align: justify;\">El discurso de Obama fue precedido por los de la presidenta Dilma Rousseff, de Brasil; de M\u00e9xico, Enrique Pe\u00f1a Nieto, adem\u00e1s de Correa. Le sigui\u00f3 el presidente cubano, Ra\u00fal Castro, que dedic\u00f3 largo tiempo a la relaci\u00f3n conflictiva con Estados Unidos del pasado y al embargo de Estados Unidos contra Cuba.<\/div>\n<div style=\"text-align: justify;\">El debate estuvo presidido por el presidente paname\u00f1o, Juan Carlos Varela.<\/div>\n<div style=\"text-align: justify;\">\u201cEsperamos poder ayudar tambi\u00e9n en proyectos humanitarios\u201d<\/div>\n<div style=\"text-align: justify;\">Y continu\u00f3: \u201cHe pedido al Congreso que empiece a trabajar en levantar el embargo. EEUU no es prisionero del pasado, sino que miramos el futuro. Este cambio en la pol\u00edtica estadounidense representa un punto de inflexi\u00f3n para toda la regi\u00f3n. Es hist\u00f3rico que Castro y yo estemos sentados aqu\u00ed\u201d, afirm\u00f3.<\/div>\n<div style=\"text-align: justify;\">\u201cNosotros tenemos diferencias significativas entre los dos pa\u00edses. Tambi\u00e9n creo firmemente que si seguimos avanzando y aprovechamos este impulso, entonces las relaciones mejores entre ambos crear\u00e1n nuevas oportunidades. Junto con este cambio de relaci\u00f3n con Cuba, EEUU ha profundizado su relaci\u00f3n con el continente\u201d.<\/div>\n<div style=\"text-align: justify;\">\u201cEs hist\u00f3rico que Castro y yo estemos sentados aqu\u00ed\u201d<\/div>\n<div style=\"text-align: justify;\">Despu\u00e9s, el mandatario habl\u00f3 de la ayuda de su pa\u00eds a la regi\u00f3n, espec\u00edficamente las inversiones que EEUU est\u00e1 haciendo en Centroam\u00e9rica: \u201cHe propuesto u$s1.000 millones para ayudar a los pueblos de Centroam\u00e9rica. Queremos ayudar a los j\u00f3venes\u201d.<\/div>\n<div style=\"text-align: justify;\">Luego de ese par\u00e9ntesis, volvi\u00f3 a hablar de Cuba y de su postura. Y repiti\u00f3: \u201cEEUU no est\u00e1 estancado en las ideolog\u00edas. No me interesan las argumentaciones te\u00f3ricas, sino el proporcionar efectos tangibles para las personas. La relaci\u00f3n entre EEUU y las Am\u00e9ricas es la mejor en muchas d\u00e9cadas\u201d.<\/div>\n<div style=\"text-align: justify;\">Su respuesta a Rafael Correa<\/div>\n<div style=\"text-align: justify;\">Un cap\u00edtulo aparte le dedic\u00f3 a Rafael Correa. El estadounidense le respondi\u00f3 al ecuatoriano: \u201cSoy el primero en reconocer que la aplicaci\u00f3n de EEUU respecto a los derechos humano<\/div>\n","protected":false},"excerpt":{"rendered":"<p>Los Estados Unidos miran hacia el futuro, no queremos estar atrapados en ideolog\u00edas, al menos yo no lo estoy\u201d, dijo el presidente norteamericano para graficar su punto de vista en el cambio de pol\u00edtica exterior, espec\u00edficamente hacia Cuba. \u201cCuando llegu\u00e9 a mi primera cumbre promet\u00ed que iba a iniciar un nuevo cap\u00edtulo en la regi\u00f3n. [&hellip;]<\/p>\n","protected":false},"author":38,"featured_media":15577,"comment_status":"open","ping_status":"open","sticky":false,"template":"","format":"standard","meta":{"footnotes":""},"categories":[1],"tags":[],"class_list":["post-15578","post","type-post","status-publish","format-standard","has-post-thumbnail","hentry","category-sin-categoria"],"yoast_head":"<!-- This site is optimized with the Yoast SEO plugin v27.1.1 - https:\/\/yoast.com\/product\/yoast-seo-wordpress\/ -->\n<title>Estamos construyendo historia con Cuba: presidente de los Estados Unidos Barack Obama | P\u00e1gina10<\/title>\n<meta name=\"robots\" content=\"index, follow, max-snippet:-1, max-image-preview:large, max-video-preview:-1\" \/>\n<link rel=\"canonical\" href=\"https:\/\/pagina10.com\/web\/estamos-construyendo-historia-con-cuba-presidente-de-los-estados-unidos-barack-obama\/\" \/>\n<meta property=\"og:locale\" content=\"es_ES\" \/>\n<meta property=\"og:type\" content=\"article\" \/>\n<meta property=\"og:title\" content=\"Estamos construyendo historia con Cuba: presidente de los Estados Unidos Barack Obama | P\u00e1gina10\" \/>\n<meta property=\"og:description\" content=\"Los Estados Unidos miran hacia el futuro, no queremos estar atrapados en ideolog\u00edas, al menos yo no lo estoy\u201d, dijo el presidente norteamericano para graficar su punto de vista en el cambio de pol\u00edtica exterior, espec\u00edficamente hacia Cuba. \u201cCuando llegu\u00e9 a mi primera cumbre promet\u00ed que iba a iniciar un nuevo cap\u00edtulo en la regi\u00f3n. [&hellip;]\" \/>\n<meta property=\"og:url\" content=\"https:\/\/pagina10.com\/web\/estamos-construyendo-historia-con-cuba-presidente-de-los-estados-unidos-barack-obama\/\" \/>\n<meta property=\"og:site_name\" content=\"P\u00e1gina10\" \/>\n<meta property=\"article:publisher\" content=\"https:\/\/www.facebook.com\/pag10com\" \/>\n<meta property=\"article:published_time\" content=\"2015-04-12T02:36:49+00:00\" \/>\n<meta property=\"og:image\" content=\"https:\/\/pagina10.com\/web\/wp-content\/uploads\/2015\/04\/4786bdc09cc2bea7a6f114db8b9ef4d3.jpg\" \/>\n\t<meta property=\"og:image:width\" content=\"1024\" \/>\n\t<meta property=\"og:image:height\" content=\"719\" \/>\n\t<meta property=\"og:image:type\" content=\"image\/jpeg\" \/>\n<meta name=\"author\" content=\"Carlos Villota Santacruz.\" \/>\n<meta name=\"twitter:card\" content=\"summary_large_image\" \/>\n<meta name=\"twitter:creator\" content=\"@Pag10com\" \/>\n<meta name=\"twitter:site\" content=\"@Pag10com\" \/>\n<meta name=\"twitter:label1\" content=\"Escrito por\" \/>\n\t<meta name=\"twitter:data1\" content=\"Carlos Villota Santacruz.\" \/>\n\t<meta name=\"twitter:label2\" content=\"Tiempo de lectura\" \/>\n\t<meta name=\"twitter:data2\" content=\"4 minutos\" \/>\n<script type=\"application\/ld+json\" class=\"yoast-schema-graph\">{\"@context\":\"https:\/\/schema.org\",\"@graph\":[{\"@type\":\"Article\",\"@id\":\"https:\/\/pagina10.com\/web\/estamos-construyendo-historia-con-cuba-presidente-de-los-estados-unidos-barack-obama\/#article\",\"isPartOf\":{\"@id\":\"https:\/\/pagina10.com\/web\/estamos-construyendo-historia-con-cuba-presidente-de-los-estados-unidos-barack-obama\/\"},\"author\":{\"name\":\"Carlos Villota Santacruz.\",\"@id\":\"https:\/\/pagina10.com\/web\/#\/schema\/person\/b459e2d15ec5ba9d5a2c9a81c71c4f7b\"},\"headline\":\"Estamos construyendo historia con Cuba: presidente de los Estados Unidos Barack Obama\",\"datePublished\":\"2015-04-12T02:36:49+00:00\",\"mainEntityOfPage\":{\"@id\":\"https:\/\/pagina10.com\/web\/estamos-construyendo-historia-con-cuba-presidente-de-los-estados-unidos-barack-obama\/\"},\"wordCount\":829,\"commentCount\":0,\"publisher\":{\"@id\":\"https:\/\/pagina10.com\/web\/#organization\"},\"image\":{\"@id\":\"https:\/\/pagina10.com\/web\/estamos-construyendo-historia-con-cuba-presidente-de-los-estados-unidos-barack-obama\/#primaryimage\"},\"thumbnailUrl\":\"https:\/\/pagina10.com\/web\/wp-content\/uploads\/2015\/04\/4786bdc09cc2bea7a6f114db8b9ef4d3.jpg\",\"inLanguage\":\"es\",\"potentialAction\":[{\"@type\":\"CommentAction\",\"name\":\"Comment\",\"target\":[\"https:\/\/pagina10.com\/web\/estamos-construyendo-historia-con-cuba-presidente-de-los-estados-unidos-barack-obama\/#respond\"]}]},{\"@type\":\"WebPage\",\"@id\":\"https:\/\/pagina10.com\/web\/estamos-construyendo-historia-con-cuba-presidente-de-los-estados-unidos-barack-obama\/\",\"url\":\"https:\/\/pagina10.com\/web\/estamos-construyendo-historia-con-cuba-presidente-de-los-estados-unidos-barack-obama\/\",\"name\":\"Estamos construyendo historia con Cuba: presidente de los Estados Unidos Barack Obama | P\u00e1gina10\",\"isPartOf\":{\"@id\":\"https:\/\/pagina10.com\/web\/#website\"},\"primaryImageOfPage\":{\"@id\":\"https:\/\/pagina10.com\/web\/estamos-construyendo-historia-con-cuba-presidente-de-los-estados-unidos-barack-obama\/#primaryimage\"},\"image\":{\"@id\":\"https:\/\/pagina10.com\/web\/estamos-construyendo-historia-con-cuba-presidente-de-los-estados-unidos-barack-obama\/#primaryimage\"},\"thumbnailUrl\":\"https:\/\/pagina10.com\/web\/wp-content\/uploads\/2015\/04\/4786bdc09cc2bea7a6f114db8b9ef4d3.jpg\",\"datePublished\":\"2015-04-12T02:36:49+00:00\",\"breadcrumb\":{\"@id\":\"https:\/\/pagina10.com\/web\/estamos-construyendo-historia-con-cuba-presidente-de-los-estados-unidos-barack-obama\/#breadcrumb\"},\"inLanguage\":\"es\",\"potentialAction\":[{\"@type\":\"ReadAction\",\"target\":[\"https:\/\/pagina10.com\/web\/estamos-construyendo-historia-con-cuba-presidente-de-los-estados-unidos-barack-obama\/\"]}]},{\"@type\":\"ImageObject\",\"inLanguage\":\"es\",\"@id\":\"https:\/\/pagina10.com\/web\/estamos-construyendo-historia-con-cuba-presidente-de-los-estados-unidos-barack-obama\/#primaryimage\",\"url\":\"https:\/\/pagina10.com\/web\/wp-content\/uploads\/2015\/04\/4786bdc09cc2bea7a6f114db8b9ef4d3.jpg\",\"contentUrl\":\"https:\/\/pagina10.com\/web\/wp-content\/uploads\/2015\/04\/4786bdc09cc2bea7a6f114db8b9ef4d3.jpg\",\"width\":1024,\"height\":719},{\"@type\":\"BreadcrumbList\",\"@id\":\"https:\/\/pagina10.com\/web\/estamos-construyendo-historia-con-cuba-presidente-de-los-estados-unidos-barack-obama\/#breadcrumb\",\"itemListElement\":[{\"@type\":\"ListItem\",\"position\":1,\"name\":\"Portada\",\"item\":\"https:\/\/pagina10.com\/web\/\"},{\"@type\":\"ListItem\",\"position\":2,\"name\":\"Estamos construyendo historia con Cuba: presidente de los Estados Unidos Barack Obama\"}]},{\"@type\":\"WebSite\",\"@id\":\"https:\/\/pagina10.com\/web\/#website\",\"url\":\"https:\/\/pagina10.com\/web\/\",\"name\":\"P\u00e1gina10\",\"description\":\"Peri\u00f3dico Regional\",\"publisher\":{\"@id\":\"https:\/\/pagina10.com\/web\/#organization\"},\"alternateName\":\"P\u00e1gina10 Peri\u00f3dico Regional\",\"potentialAction\":[{\"@type\":\"SearchAction\",\"target\":{\"@type\":\"EntryPoint\",\"urlTemplate\":\"https:\/\/pagina10.com\/web\/?s={search_term_string}\"},\"query-input\":{\"@type\":\"PropertyValueSpecification\",\"valueRequired\":true,\"valueName\":\"search_term_string\"}}],\"inLanguage\":\"es\"},{\"@type\":\"Organization\",\"@id\":\"https:\/\/pagina10.com\/web\/#organization\",\"name\":\"P\u00e1gina10\",\"alternateName\":\"P\u00e1gina10 Peri\u00f3dico Regional\",\"url\":\"https:\/\/pagina10.com\/web\/\",\"logo\":{\"@type\":\"ImageObject\",\"inLanguage\":\"es\",\"@id\":\"https:\/\/pagina10.com\/web\/#\/schema\/logo\/image\/\",\"url\":\"https:\/\/pagina10.com\/web\/wp-content\/uploads\/2024\/01\/40-pagina-10-periodico-regional-pasto.jpg\",\"contentUrl\":\"https:\/\/pagina10.com\/web\/wp-content\/uploads\/2024\/01\/40-pagina-10-periodico-regional-pasto.jpg\",\"width\":1280,\"height\":720,\"caption\":\"P\u00e1gina10\"},\"image\":{\"@id\":\"https:\/\/pagina10.com\/web\/#\/schema\/logo\/image\/\"},\"sameAs\":[\"https:\/\/www.facebook.com\/pag10com\",\"https:\/\/x.com\/Pag10com\",\"https:\/\/www.instagram.com\/pagina10col\/\",\"https:\/\/youtube.com\/channel\/pag10\",\"https:\/\/www.tiktok.com\/@p10col\"]},{\"@type\":\"Person\",\"@id\":\"https:\/\/pagina10.com\/web\/#\/schema\/person\/b459e2d15ec5ba9d5a2c9a81c71c4f7b\",\"name\":\"Carlos Villota Santacruz.\",\"description\":\"Internacionalista-Comunicador Social y Periodista. Experto en Comunicaci\u00f3n para el desarrollo y ciudad-regi\u00f3n.. Promotor de proyectos e investigaci\u00f3n comunicativa en radio, prensa y televisi\u00f3n. Experiencia en el manejo de imagen externa, interna y protocolaria de entidades p\u00fablicas y privadas, encuentros culturales, empresariales y ambientales. Docente en el \u00e1rea de televisi\u00f3n, relaciones internacionales y bloques econ\u00f3micos. Experto y conferencista en temas de marketing pol\u00edtico, marketing de ciudad, integraci\u00f3n cultural, TLC y desarrollo urban\u00edstico. E-mail: villotasantacruzcarlos@yahoo.com.co\",\"url\":\"https:\/\/pagina10.com\/web\/author\/cvillota\/\"}]}<\/script>\n<!-- \/ Yoast SEO plugin. -->","yoast_head_json":{"title":"Estamos construyendo historia con Cuba: presidente de los Estados Unidos Barack Obama | P\u00e1gina10","robots":{"index":"index","follow":"follow","max-snippet":"max-snippet:-1","max-image-preview":"max-image-preview:large","max-video-preview":"max-video-preview:-1"},"canonical":"https:\/\/pagina10.com\/web\/estamos-construyendo-historia-con-cuba-presidente-de-los-estados-unidos-barack-obama\/","og_locale":"es_ES","og_type":"article","og_title":"Estamos construyendo historia con Cuba: presidente de los Estados Unidos Barack Obama | P\u00e1gina10","og_description":"Los Estados Unidos miran hacia el futuro, no queremos estar atrapados en ideolog\u00edas, al menos yo no lo estoy\u201d, dijo el presidente norteamericano para graficar su punto de vista en el cambio de pol\u00edtica exterior, espec\u00edficamente hacia Cuba. \u201cCuando llegu\u00e9 a mi primera cumbre promet\u00ed que iba a iniciar un nuevo cap\u00edtulo en la regi\u00f3n. [&hellip;]","og_url":"https:\/\/pagina10.com\/web\/estamos-construyendo-historia-con-cuba-presidente-de-los-estados-unidos-barack-obama\/","og_site_name":"P\u00e1gina10","article_publisher":"https:\/\/www.facebook.com\/pag10com","article_published_time":"2015-04-12T02:36:49+00:00","og_image":[{"width":1024,"height":719,"url":"https:\/\/pagina10.com\/web\/wp-content\/uploads\/2015\/04\/4786bdc09cc2bea7a6f114db8b9ef4d3.jpg","type":"image\/jpeg"}],"author":"Carlos Villota Santacruz.","twitter_card":"summary_large_image","twitter_creator":"@Pag10com","twitter_site":"@Pag10com","twitter_misc":{"Escrito por":"Carlos Villota Santacruz.","Tiempo de lectura":"4 minutos"},"schema":{"@context":"https:\/\/schema.org","@graph":[{"@type":"Article","@id":"https:\/\/pagina10.com\/web\/estamos-construyendo-historia-con-cuba-presidente-de-los-estados-unidos-barack-obama\/#article","isPartOf":{"@id":"https:\/\/pagina10.com\/web\/estamos-construyendo-historia-con-cuba-presidente-de-los-estados-unidos-barack-obama\/"},"author":{"name":"Carlos Villota Santacruz.","@id":"https:\/\/pagina10.com\/web\/#\/schema\/person\/b459e2d15ec5ba9d5a2c9a81c71c4f7b"},"headline":"Estamos construyendo historia con Cuba: presidente de los Estados Unidos Barack Obama","datePublished":"2015-04-12T02:36:49+00:00","mainEntityOfPage":{"@id":"https:\/\/pagina10.com\/web\/estamos-construyendo-historia-con-cuba-presidente-de-los-estados-unidos-barack-obama\/"},"wordCount":829,"commentCount":0,"publisher":{"@id":"https:\/\/pagina10.com\/web\/#organization"},"image":{"@id":"https:\/\/pagina10.com\/web\/estamos-construyendo-historia-con-cuba-presidente-de-los-estados-unidos-barack-obama\/#primaryimage"},"thumbnailUrl":"https:\/\/pagina10.com\/web\/wp-content\/uploads\/2015\/04\/4786bdc09cc2bea7a6f114db8b9ef4d3.jpg","inLanguage":"es","potentialAction":[{"@type":"CommentAction","name":"Comment","target":["https:\/\/pagina10.com\/web\/estamos-construyendo-historia-con-cuba-presidente-de-los-estados-unidos-barack-obama\/#respond"]}]},{"@type":"WebPage","@id":"https:\/\/pagina10.com\/web\/estamos-construyendo-historia-con-cuba-presidente-de-los-estados-unidos-barack-obama\/","url":"https:\/\/pagina10.com\/web\/estamos-construyendo-historia-con-cuba-presidente-de-los-estados-unidos-barack-obama\/","name":"Estamos construyendo historia con Cuba: presidente de los Estados Unidos Barack Obama | P\u00e1gina10","isPartOf":{"@id":"https:\/\/pagina10.com\/web\/#website"},"primaryImageOfPage":{"@id":"https:\/\/pagina10.com\/web\/estamos-construyendo-historia-con-cuba-presidente-de-los-estados-unidos-barack-obama\/#primaryimage"},"image":{"@id":"https:\/\/pagina10.com\/web\/estamos-construyendo-historia-con-cuba-presidente-de-los-estados-unidos-barack-obama\/#primaryimage"},"thumbnailUrl":"https:\/\/pagina10.com\/web\/wp-content\/uploads\/2015\/04\/4786bdc09cc2bea7a6f114db8b9ef4d3.jpg","datePublished":"2015-04-12T02:36:49+00:00","breadcrumb":{"@id":"https:\/\/pagina10.com\/web\/estamos-construyendo-historia-con-cuba-presidente-de-los-estados-unidos-barack-obama\/#breadcrumb"},"inLanguage":"es","potentialAction":[{"@type":"ReadAction","target":["https:\/\/pagina10.com\/web\/estamos-construyendo-historia-con-cuba-presidente-de-los-estados-unidos-barack-obama\/"]}]},{"@type":"ImageObject","inLanguage":"es","@id":"https:\/\/pagina10.com\/web\/estamos-construyendo-historia-con-cuba-presidente-de-los-estados-unidos-barack-obama\/#primaryimage","url":"https:\/\/pagina10.com\/web\/wp-content\/uploads\/2015\/04\/4786bdc09cc2bea7a6f114db8b9ef4d3.jpg","contentUrl":"https:\/\/pagina10.com\/web\/wp-content\/uploads\/2015\/04\/4786bdc09cc2bea7a6f114db8b9ef4d3.jpg","width":1024,"height":719},{"@type":"BreadcrumbList","@id":"https:\/\/pagina10.com\/web\/estamos-construyendo-historia-con-cuba-presidente-de-los-estados-unidos-barack-obama\/#breadcrumb","itemListElement":[{"@type":"ListItem","position":1,"name":"Portada","item":"https:\/\/pagina10.com\/web\/"},{"@type":"ListItem","position":2,"name":"Estamos construyendo historia con Cuba: presidente de los Estados Unidos Barack Obama"}]},{"@type":"WebSite","@id":"https:\/\/pagina10.com\/web\/#website","url":"https:\/\/pagina10.com\/web\/","name":"P\u00e1gina10","description":"Peri\u00f3dico Regional","publisher":{"@id":"https:\/\/pagina10.com\/web\/#organization"},"alternateName":"P\u00e1gina10 Peri\u00f3dico Regional","potentialAction":[{"@type":"SearchAction","target":{"@type":"EntryPoint","urlTemplate":"https:\/\/pagina10.com\/web\/?s={search_term_string}"},"query-input":{"@type":"PropertyValueSpecification","valueRequired":true,"valueName":"search_term_string"}}],"inLanguage":"es"},{"@type":"Organization","@id":"https:\/\/pagina10.com\/web\/#organization","name":"P\u00e1gina10","alternateName":"P\u00e1gina10 Peri\u00f3dico Regional","url":"https:\/\/pagina10.com\/web\/","logo":{"@type":"ImageObject","inLanguage":"es","@id":"https:\/\/pagina10.com\/web\/#\/schema\/logo\/image\/","url":"https:\/\/pagina10.com\/web\/wp-content\/uploads\/2024\/01\/40-pagina-10-periodico-regional-pasto.jpg","contentUrl":"https:\/\/pagina10.com\/web\/wp-content\/uploads\/2024\/01\/40-pagina-10-periodico-regional-pasto.jpg","width":1280,"height":720,"caption":"P\u00e1gina10"},"image":{"@id":"https:\/\/pagina10.com\/web\/#\/schema\/logo\/image\/"},"sameAs":["https:\/\/www.facebook.com\/pag10com","https:\/\/x.com\/Pag10com","https:\/\/www.instagram.com\/pagina10col\/","https:\/\/youtube.com\/channel\/pag10","https:\/\/www.tiktok.com\/@p10col"]},{"@type":"Person","@id":"https:\/\/pagina10.com\/web\/#\/schema\/person\/b459e2d15ec5ba9d5a2c9a81c71c4f7b","name":"Carlos Villota Santacruz.","description":"Internacionalista-Comunicador Social y Periodista. Experto en Comunicaci\u00f3n para el desarrollo y ciudad-regi\u00f3n.. Promotor de proyectos e investigaci\u00f3n comunicativa en radio, prensa y televisi\u00f3n. Experiencia en el manejo de imagen externa, interna y protocolaria de entidades p\u00fablicas y privadas, encuentros culturales, empresariales y ambientales. Docente en el \u00e1rea de televisi\u00f3n, relaciones internacionales y bloques econ\u00f3micos. Experto y conferencista en temas de marketing pol\u00edtico, marketing de ciudad, integraci\u00f3n cultural, TLC y desarrollo urban\u00edstico. E-mail: villotasantacruzcarlos@yahoo.com.co","url":"https:\/\/pagina10.com\/web\/author\/cvillota\/"}]}},"_links":{"self":[{"href":"https:\/\/pagina10.com\/web\/wp-json\/wp\/v2\/posts\/15578","targetHints":{"allow":["GET"]}}],"collection":[{"href":"https:\/\/pagina10.com\/web\/wp-json\/wp\/v2\/posts"}],"about":[{"href":"https:\/\/pagina10.com\/web\/wp-json\/wp\/v2\/types\/post"}],"author":[{"embeddable":true,"href":"https:\/\/pagina10.com\/web\/wp-json\/wp\/v2\/users\/38"}],"replies":[{"embeddable":true,"href":"https:\/\/pagina10.com\/web\/wp-json\/wp\/v2\/comments?post=15578"}],"version-history":[{"count":0,"href":"https:\/\/pagina10.com\/web\/wp-json\/wp\/v2\/posts\/15578\/revisions"}],"wp:featuredmedia":[{"embeddable":true,"href":"https:\/\/pagina10.com\/web\/wp-json\/wp\/v2\/media\/15577"}],"wp:attachment":[{"href":"https:\/\/pagina10.com\/web\/wp-json\/wp\/v2\/media?parent=15578"}],"wp:term":[{"taxonomy":"category","embeddable":true,"href":"https:\/\/pagina10.com\/web\/wp-json\/wp\/v2\/categories?post=15578"},{"taxonomy":"post_tag","embeddable":true,"href":"https:\/\/pagina10.com\/web\/wp-json\/wp\/v2\/tags?post=15578"}],"curies":[{"name":"wp","href":"https:\/\/api.w.org\/{rel}","templated":true}]}}