{"id":15580,"date":"2015-04-12T02:40:44","date_gmt":"2015-04-12T02:40:44","guid":{"rendered":"https:\/\/pagina10.com\/web\/el-dia-que-kennedy-le-dijo-si-al-dialogo-con-cuba-lo-mataron-raul-castro\/"},"modified":"2015-04-12T02:40:44","modified_gmt":"2015-04-12T02:40:44","slug":"el-dia-que-kennedy-le-dijo-si-al-dialogo-con-cuba-lo-mataron-raul-castro","status":"publish","type":"post","link":"https:\/\/pagina10.com\/web\/el-dia-que-kennedy-le-dijo-si-al-dialogo-con-cuba-lo-mataron-raul-castro\/","title":{"rendered":"El d\u00eda que Kennedy le dijo si al di\u00e1logo con Cuba, lo mataron: Ra\u00fal Castro"},"content":{"rendered":"<p><img fetchpriority=\"high\" decoding=\"async\" class=\" size-full wp-image-15579\" src=\"https:\/\/pagina10.com\/web\/wp-content\/uploads\/2015\/04\/ff54ed2282b4ee7fc3665c850d7fa50c.jpg\" alt=\"\" width=\"400\" height=\"298\" srcset=\"https:\/\/pagina10.com\/web\/wp-content\/uploads\/2015\/04\/ff54ed2282b4ee7fc3665c850d7fa50c.jpg 400w, https:\/\/pagina10.com\/web\/wp-content\/uploads\/2015\/04\/ff54ed2282b4ee7fc3665c850d7fa50c-300x224.jpg 300w, https:\/\/pagina10.com\/web\/wp-content\/uploads\/2015\/04\/ff54ed2282b4ee7fc3665c850d7fa50c-86x64.jpg 86w\" sizes=\"(max-width: 400px) 100vw, 400px\" \/><\/p>\n<div style=\"text-align: justify;\">El presidente de Cuba Ra\u00fal castro abri\u00f3 su discurso advirtiendo que se tomar\u00eda m\u00e1s de los ocho minutos que cada mandatario tiene a su disposici\u00f3n para hablar, ya que seg\u00fan sus ir\u00f3nicos c\u00e1lculos, al ser excluido en seis cumbres, entonces podr\u00eda tomarse 48 minutos. La tribuna aplaudi\u00f3 su ocurrencia y luego comenz\u00f3 su discurso, en el que abri\u00f3 con la historia de Cuba y su relaci\u00f3n con los Estados Unidos.<\/div>\n<div style=\"text-align: justify;\">El presidente cubano, Ra\u00fal Castro, dijo que admiraba a su hom\u00f3logo estadounidense Barack Obama por su origen humilde y le pidi\u00f3 disculpas por hablar del bloqueo y las agresiones a Cuba, lo que justific\u00f3 reconociendo que cuando habla de esos temas: \u201cla revoluci\u00f3n me brota por los poros\u201d.<\/div>\n<div style=\"text-align: justify;\">Toc\u00f3 los temas del embargo, su relaci\u00f3n conflictiva con Estados Unidos, el sufrimiento del pueblo cubano por el embargo y defendi\u00f3 a Venezuela.<\/div>\n<div style=\"text-align: justify;\">Castro se excus\u00f3 por la longitud de su discurso, revelando que le hab\u00eda pedido al presidente de la Cumbre, el mandatario paname\u00f1o Juan Carlos Varela, poder alargar sus palabras \u201cporque Cuba no ha estado en las seis cumbres pasadas\u201d.<\/div>\n<div style=\"text-align: justify;\">El l\u00edder cubano dijo que \u201c10 presidentes de EE.UU. tienen deudas con Cuba, menos Obama\u201d, a quien pidi\u00f3 que se siga apoyando \u201cen su intenci\u00f3n de quitar el [embargo].<\/div>\n<div style=\"text-align: justify;\">\u201cAl presidente Obama lo admiro por su origen humilde\u2026 lo considero como un hombre honesto\u201d, dijo.<\/div>\n<div style=\"text-align: justify;\">Agreg\u00f3 haber meditado mucho decir esas palabras pero al final hab\u00eda decidido decirlas \u201cy estoy contento por eso\u201d, dijo.<\/div>\n<div style=\"text-align: justify;\">\u201cAprecio como un paso positivo su reciente declaraci\u00f3n que decidir\u00e1 r\u00e1pidamente sobre la presencia de Cuba en una lista de pa\u00edses patrocinadores del terrorismo\u2026 en la que nunca debi\u00f3 estar\u201d, dijo Castro a Obama.<\/div>\n<div style=\"text-align: justify;\">No obstante, reconoci\u00f3 que Cuba hizo \u201calgunos actos de solidaridad en otros pueblos que pueden considerarse como terroristas\u201d.<\/div>\n<div style=\"text-align: justify;\">\u201cCuando est\u00e1bamos acorralados, hostigados hasta el infinito solo hab\u00eda una alternativa, rendirse o luchar. Ustedes saben cu\u00e1l fue la que escogimos\u201d, explic\u00f3.<\/div>\n<div style=\"text-align: justify;\">La diatriba antinorteamericana contrast\u00f3 radicalmente con un momento en el que los dos pa\u00edses est\u00e1n buscando limar asperezas que datan de m\u00e1s de medio siglo, y con el mismo discurso de Barack Obama, quien se\u00f1al\u00f3 que \u201clos Estados Unidos no quedar\u00e1n prisioneros del pasado\u201d. El propio Castro exculp\u00f3 a Obama, de quien asegur\u00f3 que \u201cno tiene nada que ver con todo esto\u201d, y que es \u201cun hombre honesto\u201d.<\/div>\n<div style=\"text-align: justify;\">Repas\u00f3 la historia de Jos\u00e9 Mart\u00ed, s\u00edmbolo de la independencia de su pa\u00eds, los progresos y contramarchas en la presencia de tropas estadounidenses en su territorio y las gestiones diplom\u00e1ticas con Estados Unidos.<\/div>\n<div style=\"text-align: justify;\">En otras cosas, asegur\u00f3 que el mismo d\u00eda en que John Fitzgerald Kennedy fue asesinado le hab\u00eda enviado un mensaje a Fidel Castro para iniciar un di\u00e1logo, el mismo que reci\u00e9n parece consolidarse por estos d\u00edas, m\u00e1s de medio siglo despu\u00e9s.<\/div>\n<div style=\"text-align: justify;\">\u201cAprecio el paso positivo en su reciente declaraci\u00f3n de que decidir\u00e1 r\u00e1pidamente sobre la presencia de Cuba en la lista de pa\u00edses patrocinadores del terrorismo, en la que nunca debi\u00f3 estar\u201d, dijo Castro yendo al punto actual de la Cumbre.<\/div>\n<div style=\"text-align: justify;\">Sobre las vicisitudes econ\u00f3micas de Cuba y el autoritarismo de su gobierno dijo: \u201c\u00bfQui\u00e9n puede imaginarse que nosotros podemos obligar a todo un pueblo a hacer el sacrificio de hizo? La dictadura de los castro los oblig\u00f3, igual que los oblig\u00f3 a votar por el socialismo con el 97,7% de la poblaci\u00f3n\u201d explot\u00f3 en una pol\u00e9mica iron\u00eda.<\/div>\n<div style=\"text-align: justify;\">Luego consider\u00f3 de \u201cvaliente\u201d la decisi\u00f3n de Obama de llevar al Congreso la iniciativa de eliminar el embargo norteamericano sobre Cuba.<\/div>\n<div style=\"text-align: justify;\">Castro dedic\u00f3 su exposici\u00f3n \u2013con aplausos reiterados de los asistententes- a la reciente orden ejecutiva de que define a Venezuela como una amenaza para la seguridad nacional de los Estados Unidos. Tambi\u00e9n dijo que el pa\u00eds bolivariano est\u00e1 \u201cpasando por las mismas cosas que pasamos nosotros\u201d, lo que puede tomarse tanto como un gesto hacia Caracas como una advertencia sobre un futuro que puede no ser muy pr\u00f3spero para los venezolanos, dada la realidad econ\u00f3mica que sufre Cuba.<\/div>\n<div style=\"text-align: justify;\">En cuanto al resto de la regi\u00f3n, renov\u00f3 su apoyo a la Argentina por la causa Malvinas, mientras que menciono a Ecuador para criticar a las empresas extranjeras que explotan su suelo dejando secuelas ecol\u00f3gicas y salud\u00f3 el proceso de paz encarado por Colombia en su conflicto armado con las FARC.<\/div>\n","protected":false},"excerpt":{"rendered":"<p>El presidente de Cuba Ra\u00fal castro abri\u00f3 su discurso advirtiendo que se tomar\u00eda m\u00e1s de los ocho minutos que cada mandatario tiene a su disposici\u00f3n para hablar, ya que seg\u00fan sus ir\u00f3nicos c\u00e1lculos, al ser excluido en seis cumbres, entonces podr\u00eda tomarse 48 minutos. La tribuna aplaudi\u00f3 su ocurrencia y luego comenz\u00f3 su discurso, en [&hellip;]<\/p>\n","protected":false},"author":38,"featured_media":15579,"comment_status":"open","ping_status":"open","sticky":false,"template":"","format":"standard","meta":{"footnotes":""},"categories":[1],"tags":[],"class_list":["post-15580","post","type-post","status-publish","format-standard","has-post-thumbnail","hentry","category-sin-categoria"],"yoast_head":"<!-- This site is optimized with the Yoast SEO plugin v27.1.1 - https:\/\/yoast.com\/product\/yoast-seo-wordpress\/ -->\n<title>El d\u00eda que Kennedy le dijo si al di\u00e1logo con Cuba, lo mataron: Ra\u00fal Castro | P\u00e1gina10<\/title>\n<meta name=\"robots\" content=\"index, follow, max-snippet:-1, max-image-preview:large, max-video-preview:-1\" \/>\n<link rel=\"canonical\" href=\"https:\/\/pagina10.com\/web\/el-dia-que-kennedy-le-dijo-si-al-dialogo-con-cuba-lo-mataron-raul-castro\/\" \/>\n<meta property=\"og:locale\" content=\"es_ES\" \/>\n<meta property=\"og:type\" content=\"article\" \/>\n<meta property=\"og:title\" content=\"El d\u00eda que Kennedy le dijo si al di\u00e1logo con Cuba, lo mataron: Ra\u00fal Castro | P\u00e1gina10\" \/>\n<meta property=\"og:description\" content=\"El presidente de Cuba Ra\u00fal castro abri\u00f3 su discurso advirtiendo que se tomar\u00eda m\u00e1s de los ocho minutos que cada mandatario tiene a su disposici\u00f3n para hablar, ya que seg\u00fan sus ir\u00f3nicos c\u00e1lculos, al ser excluido en seis cumbres, entonces podr\u00eda tomarse 48 minutos. La tribuna aplaudi\u00f3 su ocurrencia y luego comenz\u00f3 su discurso, en [&hellip;]\" \/>\n<meta property=\"og:url\" content=\"https:\/\/pagina10.com\/web\/el-dia-que-kennedy-le-dijo-si-al-dialogo-con-cuba-lo-mataron-raul-castro\/\" \/>\n<meta property=\"og:site_name\" content=\"P\u00e1gina10\" \/>\n<meta property=\"article:publisher\" content=\"https:\/\/www.facebook.com\/pag10com\" \/>\n<meta property=\"article:published_time\" content=\"2015-04-12T02:40:44+00:00\" \/>\n<meta property=\"og:image\" content=\"https:\/\/pagina10.com\/web\/wp-content\/uploads\/2015\/04\/ff54ed2282b4ee7fc3665c850d7fa50c.jpg\" \/>\n\t<meta property=\"og:image:width\" content=\"400\" \/>\n\t<meta property=\"og:image:height\" content=\"298\" \/>\n\t<meta property=\"og:image:type\" content=\"image\/jpeg\" \/>\n<meta name=\"author\" content=\"Carlos Villota Santacruz.\" \/>\n<meta name=\"twitter:card\" content=\"summary_large_image\" \/>\n<meta name=\"twitter:creator\" content=\"@Pag10com\" \/>\n<meta name=\"twitter:site\" content=\"@Pag10com\" \/>\n<meta name=\"twitter:label1\" content=\"Escrito por\" \/>\n\t<meta name=\"twitter:data1\" content=\"Carlos Villota Santacruz.\" \/>\n\t<meta name=\"twitter:label2\" content=\"Tiempo de lectura\" \/>\n\t<meta name=\"twitter:data2\" content=\"4 minutos\" \/>\n<script type=\"application\/ld+json\" class=\"yoast-schema-graph\">{\"@context\":\"https:\/\/schema.org\",\"@graph\":[{\"@type\":\"Article\",\"@id\":\"https:\/\/pagina10.com\/web\/el-dia-que-kennedy-le-dijo-si-al-dialogo-con-cuba-lo-mataron-raul-castro\/#article\",\"isPartOf\":{\"@id\":\"https:\/\/pagina10.com\/web\/el-dia-que-kennedy-le-dijo-si-al-dialogo-con-cuba-lo-mataron-raul-castro\/\"},\"author\":{\"name\":\"Carlos Villota Santacruz.\",\"@id\":\"https:\/\/pagina10.com\/web\/#\/schema\/person\/b459e2d15ec5ba9d5a2c9a81c71c4f7b\"},\"headline\":\"El d\u00eda que Kennedy le dijo si al di\u00e1logo con Cuba, lo mataron: Ra\u00fal Castro\",\"datePublished\":\"2015-04-12T02:40:44+00:00\",\"mainEntityOfPage\":{\"@id\":\"https:\/\/pagina10.com\/web\/el-dia-que-kennedy-le-dijo-si-al-dialogo-con-cuba-lo-mataron-raul-castro\/\"},\"wordCount\":778,\"commentCount\":0,\"publisher\":{\"@id\":\"https:\/\/pagina10.com\/web\/#organization\"},\"image\":{\"@id\":\"https:\/\/pagina10.com\/web\/el-dia-que-kennedy-le-dijo-si-al-dialogo-con-cuba-lo-mataron-raul-castro\/#primaryimage\"},\"thumbnailUrl\":\"https:\/\/pagina10.com\/web\/wp-content\/uploads\/2015\/04\/ff54ed2282b4ee7fc3665c850d7fa50c.jpg\",\"inLanguage\":\"es\",\"potentialAction\":[{\"@type\":\"CommentAction\",\"name\":\"Comment\",\"target\":[\"https:\/\/pagina10.com\/web\/el-dia-que-kennedy-le-dijo-si-al-dialogo-con-cuba-lo-mataron-raul-castro\/#respond\"]}]},{\"@type\":\"WebPage\",\"@id\":\"https:\/\/pagina10.com\/web\/el-dia-que-kennedy-le-dijo-si-al-dialogo-con-cuba-lo-mataron-raul-castro\/\",\"url\":\"https:\/\/pagina10.com\/web\/el-dia-que-kennedy-le-dijo-si-al-dialogo-con-cuba-lo-mataron-raul-castro\/\",\"name\":\"El d\u00eda que Kennedy le dijo si al di\u00e1logo con Cuba, lo mataron: Ra\u00fal Castro | P\u00e1gina10\",\"isPartOf\":{\"@id\":\"https:\/\/pagina10.com\/web\/#website\"},\"primaryImageOfPage\":{\"@id\":\"https:\/\/pagina10.com\/web\/el-dia-que-kennedy-le-dijo-si-al-dialogo-con-cuba-lo-mataron-raul-castro\/#primaryimage\"},\"image\":{\"@id\":\"https:\/\/pagina10.com\/web\/el-dia-que-kennedy-le-dijo-si-al-dialogo-con-cuba-lo-mataron-raul-castro\/#primaryimage\"},\"thumbnailUrl\":\"https:\/\/pagina10.com\/web\/wp-content\/uploads\/2015\/04\/ff54ed2282b4ee7fc3665c850d7fa50c.jpg\",\"datePublished\":\"2015-04-12T02:40:44+00:00\",\"breadcrumb\":{\"@id\":\"https:\/\/pagina10.com\/web\/el-dia-que-kennedy-le-dijo-si-al-dialogo-con-cuba-lo-mataron-raul-castro\/#breadcrumb\"},\"inLanguage\":\"es\",\"potentialAction\":[{\"@type\":\"ReadAction\",\"target\":[\"https:\/\/pagina10.com\/web\/el-dia-que-kennedy-le-dijo-si-al-dialogo-con-cuba-lo-mataron-raul-castro\/\"]}]},{\"@type\":\"ImageObject\",\"inLanguage\":\"es\",\"@id\":\"https:\/\/pagina10.com\/web\/el-dia-que-kennedy-le-dijo-si-al-dialogo-con-cuba-lo-mataron-raul-castro\/#primaryimage\",\"url\":\"https:\/\/pagina10.com\/web\/wp-content\/uploads\/2015\/04\/ff54ed2282b4ee7fc3665c850d7fa50c.jpg\",\"contentUrl\":\"https:\/\/pagina10.com\/web\/wp-content\/uploads\/2015\/04\/ff54ed2282b4ee7fc3665c850d7fa50c.jpg\",\"width\":400,\"height\":298},{\"@type\":\"BreadcrumbList\",\"@id\":\"https:\/\/pagina10.com\/web\/el-dia-que-kennedy-le-dijo-si-al-dialogo-con-cuba-lo-mataron-raul-castro\/#breadcrumb\",\"itemListElement\":[{\"@type\":\"ListItem\",\"position\":1,\"name\":\"Portada\",\"item\":\"https:\/\/pagina10.com\/web\/\"},{\"@type\":\"ListItem\",\"position\":2,\"name\":\"El d\u00eda que Kennedy le dijo si al di\u00e1logo con Cuba, lo mataron: Ra\u00fal Castro\"}]},{\"@type\":\"WebSite\",\"@id\":\"https:\/\/pagina10.com\/web\/#website\",\"url\":\"https:\/\/pagina10.com\/web\/\",\"name\":\"P\u00e1gina10\",\"description\":\"Peri\u00f3dico Regional\",\"publisher\":{\"@id\":\"https:\/\/pagina10.com\/web\/#organization\"},\"alternateName\":\"P\u00e1gina10 Peri\u00f3dico Regional\",\"potentialAction\":[{\"@type\":\"SearchAction\",\"target\":{\"@type\":\"EntryPoint\",\"urlTemplate\":\"https:\/\/pagina10.com\/web\/?s={search_term_string}\"},\"query-input\":{\"@type\":\"PropertyValueSpecification\",\"valueRequired\":true,\"valueName\":\"search_term_string\"}}],\"inLanguage\":\"es\"},{\"@type\":\"Organization\",\"@id\":\"https:\/\/pagina10.com\/web\/#organization\",\"name\":\"P\u00e1gina10\",\"alternateName\":\"P\u00e1gina10 Peri\u00f3dico Regional\",\"url\":\"https:\/\/pagina10.com\/web\/\",\"logo\":{\"@type\":\"ImageObject\",\"inLanguage\":\"es\",\"@id\":\"https:\/\/pagina10.com\/web\/#\/schema\/logo\/image\/\",\"url\":\"https:\/\/pagina10.com\/web\/wp-content\/uploads\/2024\/01\/40-pagina-10-periodico-regional-pasto.jpg\",\"contentUrl\":\"https:\/\/pagina10.com\/web\/wp-content\/uploads\/2024\/01\/40-pagina-10-periodico-regional-pasto.jpg\",\"width\":1280,\"height\":720,\"caption\":\"P\u00e1gina10\"},\"image\":{\"@id\":\"https:\/\/pagina10.com\/web\/#\/schema\/logo\/image\/\"},\"sameAs\":[\"https:\/\/www.facebook.com\/pag10com\",\"https:\/\/x.com\/Pag10com\",\"https:\/\/www.instagram.com\/pagina10col\/\",\"https:\/\/youtube.com\/channel\/pag10\",\"https:\/\/www.tiktok.com\/@p10col\"]},{\"@type\":\"Person\",\"@id\":\"https:\/\/pagina10.com\/web\/#\/schema\/person\/b459e2d15ec5ba9d5a2c9a81c71c4f7b\",\"name\":\"Carlos Villota Santacruz.\",\"description\":\"Internacionalista-Comunicador Social y Periodista. Experto en Comunicaci\u00f3n para el desarrollo y ciudad-regi\u00f3n.. Promotor de proyectos e investigaci\u00f3n comunicativa en radio, prensa y televisi\u00f3n. Experiencia en el manejo de imagen externa, interna y protocolaria de entidades p\u00fablicas y privadas, encuentros culturales, empresariales y ambientales. Docente en el \u00e1rea de televisi\u00f3n, relaciones internacionales y bloques econ\u00f3micos. Experto y conferencista en temas de marketing pol\u00edtico, marketing de ciudad, integraci\u00f3n cultural, TLC y desarrollo urban\u00edstico. E-mail: villotasantacruzcarlos@yahoo.com.co\",\"url\":\"https:\/\/pagina10.com\/web\/author\/cvillota\/\"}]}<\/script>\n<!-- \/ Yoast SEO plugin. -->","yoast_head_json":{"title":"El d\u00eda que Kennedy le dijo si al di\u00e1logo con Cuba, lo mataron: Ra\u00fal Castro | P\u00e1gina10","robots":{"index":"index","follow":"follow","max-snippet":"max-snippet:-1","max-image-preview":"max-image-preview:large","max-video-preview":"max-video-preview:-1"},"canonical":"https:\/\/pagina10.com\/web\/el-dia-que-kennedy-le-dijo-si-al-dialogo-con-cuba-lo-mataron-raul-castro\/","og_locale":"es_ES","og_type":"article","og_title":"El d\u00eda que Kennedy le dijo si al di\u00e1logo con Cuba, lo mataron: Ra\u00fal Castro | P\u00e1gina10","og_description":"El presidente de Cuba Ra\u00fal castro abri\u00f3 su discurso advirtiendo que se tomar\u00eda m\u00e1s de los ocho minutos que cada mandatario tiene a su disposici\u00f3n para hablar, ya que seg\u00fan sus ir\u00f3nicos c\u00e1lculos, al ser excluido en seis cumbres, entonces podr\u00eda tomarse 48 minutos. La tribuna aplaudi\u00f3 su ocurrencia y luego comenz\u00f3 su discurso, en [&hellip;]","og_url":"https:\/\/pagina10.com\/web\/el-dia-que-kennedy-le-dijo-si-al-dialogo-con-cuba-lo-mataron-raul-castro\/","og_site_name":"P\u00e1gina10","article_publisher":"https:\/\/www.facebook.com\/pag10com","article_published_time":"2015-04-12T02:40:44+00:00","og_image":[{"width":400,"height":298,"url":"https:\/\/pagina10.com\/web\/wp-content\/uploads\/2015\/04\/ff54ed2282b4ee7fc3665c850d7fa50c.jpg","type":"image\/jpeg"}],"author":"Carlos Villota Santacruz.","twitter_card":"summary_large_image","twitter_creator":"@Pag10com","twitter_site":"@Pag10com","twitter_misc":{"Escrito por":"Carlos Villota Santacruz.","Tiempo de lectura":"4 minutos"},"schema":{"@context":"https:\/\/schema.org","@graph":[{"@type":"Article","@id":"https:\/\/pagina10.com\/web\/el-dia-que-kennedy-le-dijo-si-al-dialogo-con-cuba-lo-mataron-raul-castro\/#article","isPartOf":{"@id":"https:\/\/pagina10.com\/web\/el-dia-que-kennedy-le-dijo-si-al-dialogo-con-cuba-lo-mataron-raul-castro\/"},"author":{"name":"Carlos Villota Santacruz.","@id":"https:\/\/pagina10.com\/web\/#\/schema\/person\/b459e2d15ec5ba9d5a2c9a81c71c4f7b"},"headline":"El d\u00eda que Kennedy le dijo si al di\u00e1logo con Cuba, lo mataron: Ra\u00fal Castro","datePublished":"2015-04-12T02:40:44+00:00","mainEntityOfPage":{"@id":"https:\/\/pagina10.com\/web\/el-dia-que-kennedy-le-dijo-si-al-dialogo-con-cuba-lo-mataron-raul-castro\/"},"wordCount":778,"commentCount":0,"publisher":{"@id":"https:\/\/pagina10.com\/web\/#organization"},"image":{"@id":"https:\/\/pagina10.com\/web\/el-dia-que-kennedy-le-dijo-si-al-dialogo-con-cuba-lo-mataron-raul-castro\/#primaryimage"},"thumbnailUrl":"https:\/\/pagina10.com\/web\/wp-content\/uploads\/2015\/04\/ff54ed2282b4ee7fc3665c850d7fa50c.jpg","inLanguage":"es","potentialAction":[{"@type":"CommentAction","name":"Comment","target":["https:\/\/pagina10.com\/web\/el-dia-que-kennedy-le-dijo-si-al-dialogo-con-cuba-lo-mataron-raul-castro\/#respond"]}]},{"@type":"WebPage","@id":"https:\/\/pagina10.com\/web\/el-dia-que-kennedy-le-dijo-si-al-dialogo-con-cuba-lo-mataron-raul-castro\/","url":"https:\/\/pagina10.com\/web\/el-dia-que-kennedy-le-dijo-si-al-dialogo-con-cuba-lo-mataron-raul-castro\/","name":"El d\u00eda que Kennedy le dijo si al di\u00e1logo con Cuba, lo mataron: Ra\u00fal Castro | P\u00e1gina10","isPartOf":{"@id":"https:\/\/pagina10.com\/web\/#website"},"primaryImageOfPage":{"@id":"https:\/\/pagina10.com\/web\/el-dia-que-kennedy-le-dijo-si-al-dialogo-con-cuba-lo-mataron-raul-castro\/#primaryimage"},"image":{"@id":"https:\/\/pagina10.com\/web\/el-dia-que-kennedy-le-dijo-si-al-dialogo-con-cuba-lo-mataron-raul-castro\/#primaryimage"},"thumbnailUrl":"https:\/\/pagina10.com\/web\/wp-content\/uploads\/2015\/04\/ff54ed2282b4ee7fc3665c850d7fa50c.jpg","datePublished":"2015-04-12T02:40:44+00:00","breadcrumb":{"@id":"https:\/\/pagina10.com\/web\/el-dia-que-kennedy-le-dijo-si-al-dialogo-con-cuba-lo-mataron-raul-castro\/#breadcrumb"},"inLanguage":"es","potentialAction":[{"@type":"ReadAction","target":["https:\/\/pagina10.com\/web\/el-dia-que-kennedy-le-dijo-si-al-dialogo-con-cuba-lo-mataron-raul-castro\/"]}]},{"@type":"ImageObject","inLanguage":"es","@id":"https:\/\/pagina10.com\/web\/el-dia-que-kennedy-le-dijo-si-al-dialogo-con-cuba-lo-mataron-raul-castro\/#primaryimage","url":"https:\/\/pagina10.com\/web\/wp-content\/uploads\/2015\/04\/ff54ed2282b4ee7fc3665c850d7fa50c.jpg","contentUrl":"https:\/\/pagina10.com\/web\/wp-content\/uploads\/2015\/04\/ff54ed2282b4ee7fc3665c850d7fa50c.jpg","width":400,"height":298},{"@type":"BreadcrumbList","@id":"https:\/\/pagina10.com\/web\/el-dia-que-kennedy-le-dijo-si-al-dialogo-con-cuba-lo-mataron-raul-castro\/#breadcrumb","itemListElement":[{"@type":"ListItem","position":1,"name":"Portada","item":"https:\/\/pagina10.com\/web\/"},{"@type":"ListItem","position":2,"name":"El d\u00eda que Kennedy le dijo si al di\u00e1logo con Cuba, lo mataron: Ra\u00fal Castro"}]},{"@type":"WebSite","@id":"https:\/\/pagina10.com\/web\/#website","url":"https:\/\/pagina10.com\/web\/","name":"P\u00e1gina10","description":"Peri\u00f3dico Regional","publisher":{"@id":"https:\/\/pagina10.com\/web\/#organization"},"alternateName":"P\u00e1gina10 Peri\u00f3dico Regional","potentialAction":[{"@type":"SearchAction","target":{"@type":"EntryPoint","urlTemplate":"https:\/\/pagina10.com\/web\/?s={search_term_string}"},"query-input":{"@type":"PropertyValueSpecification","valueRequired":true,"valueName":"search_term_string"}}],"inLanguage":"es"},{"@type":"Organization","@id":"https:\/\/pagina10.com\/web\/#organization","name":"P\u00e1gina10","alternateName":"P\u00e1gina10 Peri\u00f3dico Regional","url":"https:\/\/pagina10.com\/web\/","logo":{"@type":"ImageObject","inLanguage":"es","@id":"https:\/\/pagina10.com\/web\/#\/schema\/logo\/image\/","url":"https:\/\/pagina10.com\/web\/wp-content\/uploads\/2024\/01\/40-pagina-10-periodico-regional-pasto.jpg","contentUrl":"https:\/\/pagina10.com\/web\/wp-content\/uploads\/2024\/01\/40-pagina-10-periodico-regional-pasto.jpg","width":1280,"height":720,"caption":"P\u00e1gina10"},"image":{"@id":"https:\/\/pagina10.com\/web\/#\/schema\/logo\/image\/"},"sameAs":["https:\/\/www.facebook.com\/pag10com","https:\/\/x.com\/Pag10com","https:\/\/www.instagram.com\/pagina10col\/","https:\/\/youtube.com\/channel\/pag10","https:\/\/www.tiktok.com\/@p10col"]},{"@type":"Person","@id":"https:\/\/pagina10.com\/web\/#\/schema\/person\/b459e2d15ec5ba9d5a2c9a81c71c4f7b","name":"Carlos Villota Santacruz.","description":"Internacionalista-Comunicador Social y Periodista. Experto en Comunicaci\u00f3n para el desarrollo y ciudad-regi\u00f3n.. Promotor de proyectos e investigaci\u00f3n comunicativa en radio, prensa y televisi\u00f3n. Experiencia en el manejo de imagen externa, interna y protocolaria de entidades p\u00fablicas y privadas, encuentros culturales, empresariales y ambientales. Docente en el \u00e1rea de televisi\u00f3n, relaciones internacionales y bloques econ\u00f3micos. Experto y conferencista en temas de marketing pol\u00edtico, marketing de ciudad, integraci\u00f3n cultural, TLC y desarrollo urban\u00edstico. E-mail: villotasantacruzcarlos@yahoo.com.co","url":"https:\/\/pagina10.com\/web\/author\/cvillota\/"}]}},"_links":{"self":[{"href":"https:\/\/pagina10.com\/web\/wp-json\/wp\/v2\/posts\/15580","targetHints":{"allow":["GET"]}}],"collection":[{"href":"https:\/\/pagina10.com\/web\/wp-json\/wp\/v2\/posts"}],"about":[{"href":"https:\/\/pagina10.com\/web\/wp-json\/wp\/v2\/types\/post"}],"author":[{"embeddable":true,"href":"https:\/\/pagina10.com\/web\/wp-json\/wp\/v2\/users\/38"}],"replies":[{"embeddable":true,"href":"https:\/\/pagina10.com\/web\/wp-json\/wp\/v2\/comments?post=15580"}],"version-history":[{"count":0,"href":"https:\/\/pagina10.com\/web\/wp-json\/wp\/v2\/posts\/15580\/revisions"}],"wp:featuredmedia":[{"embeddable":true,"href":"https:\/\/pagina10.com\/web\/wp-json\/wp\/v2\/media\/15579"}],"wp:attachment":[{"href":"https:\/\/pagina10.com\/web\/wp-json\/wp\/v2\/media?parent=15580"}],"wp:term":[{"taxonomy":"category","embeddable":true,"href":"https:\/\/pagina10.com\/web\/wp-json\/wp\/v2\/categories?post=15580"},{"taxonomy":"post_tag","embeddable":true,"href":"https:\/\/pagina10.com\/web\/wp-json\/wp\/v2\/tags?post=15580"}],"curies":[{"name":"wp","href":"https:\/\/api.w.org\/{rel}","templated":true}]}}