{"id":15582,"date":"2015-04-13T15:50:31","date_gmt":"2015-04-13T15:50:31","guid":{"rendered":"https:\/\/pagina10.com\/web\/gobernador-de-narino-logro-concretar-con-el-fondo-de-adaptacion-entrega-de-obras-en-el-area-de-la-salud\/"},"modified":"2015-04-13T15:50:31","modified_gmt":"2015-04-13T15:50:31","slug":"gobernador-de-narino-logro-concretar-con-el-fondo-de-adaptacion-entrega-de-obras-en-el-area-de-la-salud","status":"publish","type":"post","link":"https:\/\/pagina10.com\/web\/gobernador-de-narino-logro-concretar-con-el-fondo-de-adaptacion-entrega-de-obras-en-el-area-de-la-salud\/","title":{"rendered":"Gobernador de Nari\u00f1o logr\u00f3 concretar con el  Fondo de Adaptaci\u00f3n entrega de obras en el \u00e1rea de la salud"},"content":{"rendered":"<p><img fetchpriority=\"high\" decoding=\"async\" class=\" size-full wp-image-15581\" src=\"https:\/\/pagina10.com\/web\/wp-content\/uploads\/2015\/04\/b2fc8a269f0f03d80a49ce5842840842.jpg\" alt=\"\" width=\"1920\" height=\"1080\" srcset=\"https:\/\/pagina10.com\/web\/wp-content\/uploads\/2015\/04\/b2fc8a269f0f03d80a49ce5842840842.jpg 1920w, https:\/\/pagina10.com\/web\/wp-content\/uploads\/2015\/04\/b2fc8a269f0f03d80a49ce5842840842-300x169.jpg 300w, https:\/\/pagina10.com\/web\/wp-content\/uploads\/2015\/04\/b2fc8a269f0f03d80a49ce5842840842-1024x576.jpg 1024w, https:\/\/pagina10.com\/web\/wp-content\/uploads\/2015\/04\/b2fc8a269f0f03d80a49ce5842840842-768x432.jpg 768w, https:\/\/pagina10.com\/web\/wp-content\/uploads\/2015\/04\/b2fc8a269f0f03d80a49ce5842840842-1536x864.jpg 1536w\" sizes=\"(max-width: 1920px) 100vw, 1920px\" \/><\/p>\n<p style=\"text-align: justify;\">Tras invitaci\u00f3n directa del Gobernador de Nari\u00f1o, Ra\u00fal Delgado Guerrero al Gerente del Fondo de Adaptaci\u00f3n para el Cambio Clim\u00e1tico-FACC- Germ\u00e1n Arce Zapata, se desarroll\u00f3 en Tumaco, el Segundo Comit\u00e9 Regional de los proyectos financiados por este fondo; espacio que permiti\u00f3 el cierre de compromisos entre la naci\u00f3n, departamento y municipios beneficiarios para normalizar la ejecuci\u00f3n de proyectos en las \u00e1reas de la salud, vivienda, educaci\u00f3n y agua potable financiados por el FACC, tras afectaciones del fen\u00f3meno de la ni\u00f1a 2010-2011.<\/p>\n<p style=\"text-align: justify;\">&#8220;Como Gobernador de Nari\u00f1o me compromet\u00ed con recursos del Sistema General de Regal\u00edas por valor de 5 mil millones de pesos adicionales para adecuaci\u00f3n de lotes, dotaci\u00f3n, entre otros y los alcaldes con otros mil millones para el tema de servicios p\u00fablicos; precis\u00f3 el mandatario nari\u00f1ense.<\/p>\n<p style=\"text-align: justify;\">Esta acci\u00f3n permiti\u00f3 el cierre financiero para salvar la inversi\u00f3n en el \u00e1rea de la salud que por m\u00e1s de $120 mil millones realiz\u00f3 El Fondo de Adaptaci\u00f3n de Cambio Clim\u00e1tico, para la construcci\u00f3n y dotaci\u00f3n de 11 instituciones prestadoras de salud (10 de ellos en la Costa y el Piedemonte). Si todos los compromisos de las partes se cumplen las obras ser\u00e1n entregados a finales del a\u00f1o 2015, agreg\u00f3 el mandatario nari\u00f1ense.<\/p>\n<p style=\"text-align: justify;\">&#8220;Estas IPS mejorar\u00e1n la calidad de vida de m\u00e1s de 390 mil colombianos y generar\u00e1n 5.800 empleos durante la construcci\u00f3n&#8221; manifest\u00f3 en comunicaci\u00f3n oficial el Gerente de Adaptaci\u00f3n Germ\u00e1n Arce Zapata<\/p>\n<p style=\"text-align: justify;\">Hay que recordar que gracias a Gestiones del Gobernador de Nari\u00f1o ante el Fondo de Adaptaci\u00f3n antes de su posesi\u00f3n, logro que en Nari\u00f1o se realizar\u00e1n inversiones cercanas a los $350 mil millones para proyectos de salud, vivienda, educaci\u00f3n y agua potable.<\/p>\n<p style=\"text-align: justify;\">Durante el comit\u00e9 el Fondo de Adaptaci\u00f3n aportar\u00e1 4 mil millones de pesos m\u00e1s para la dotaci\u00f3n de 12 centros educativos que reconstruir\u00e1 el Fondo de Adaptaci\u00f3n. En el sector educativo el FACC viene invirtiendo $23.260 millones en la construcci\u00f3n de 22 colegios que beneficiar\u00e1n a 3.086 ni\u00f1os y ni\u00f1as.<\/p>\n<p style=\"text-align: justify;\">En materia de vivienda donde el fondo tiene un compromiso de construir tres mil viviendas en 60 municipios Nari\u00f1enes por $119.407, se busca solucionar problemas estructurales de lotes seguros, servicios p\u00fablicos, saneamiento de propiedad, entre otros para agilizar la ejecuci\u00f3n .<\/p>\n<p style=\"text-align: justify;\">Frente a este tema el Gerente Germ\u00e1n Arce precis\u00f3: &#8220;La prioridad es atender damnificados de vivienda donde est\u00e1n, si tengo una familia damnificada del fen\u00f3meno de la Ni\u00f1a, la primera soluci\u00f3n del fondo es darle una soluci\u00f3n de vivienda donde est\u00e1, siempre y cuando la condici\u00f3n del riesgo sea mitigable, que quiere decir, si tengo una familia metida dentro del r\u00edo, dif\u00edcilmente le puedo dar una soluci\u00f3n. La propuesta es, a esas familias les estamos ofreciendo reubicarlas en un sitio cercano a su comunidad.. no puedo invertir recursos p\u00fablicos en sitios donde la tragedia se va a repetir&#8221;<\/p>\n","protected":false},"excerpt":{"rendered":"<p>Tras invitaci\u00f3n directa del Gobernador de Nari\u00f1o, Ra\u00fal Delgado Guerrero al Gerente del Fondo de Adaptaci\u00f3n para el Cambio Clim\u00e1tico-FACC- Germ\u00e1n Arce Zapata, se desarroll\u00f3 en Tumaco, el Segundo Comit\u00e9 Regional de los proyectos financiados por este fondo; espacio que permiti\u00f3 el cierre de compromisos entre la naci\u00f3n, departamento y municipios beneficiarios para normalizar la [&hellip;]<\/p>\n","protected":false},"author":29,"featured_media":15581,"comment_status":"open","ping_status":"open","sticky":false,"template":"","format":"standard","meta":{"footnotes":""},"categories":[1],"tags":[],"class_list":["post-15582","post","type-post","status-publish","format-standard","has-post-thumbnail","hentry","category-sin-categoria"],"yoast_head":"<!-- This site is optimized with the Yoast SEO plugin v27.1.1 - https:\/\/yoast.com\/product\/yoast-seo-wordpress\/ -->\n<title>Gobernador de Nari\u00f1o logr\u00f3 concretar con el Fondo de Adaptaci\u00f3n entrega de obras en el \u00e1rea de la salud | P\u00e1gina10<\/title>\n<meta name=\"robots\" content=\"index, follow, max-snippet:-1, max-image-preview:large, max-video-preview:-1\" \/>\n<link rel=\"canonical\" href=\"https:\/\/pagina10.com\/web\/gobernador-de-narino-logro-concretar-con-el-fondo-de-adaptacion-entrega-de-obras-en-el-area-de-la-salud\/\" \/>\n<meta property=\"og:locale\" content=\"es_ES\" \/>\n<meta property=\"og:type\" content=\"article\" \/>\n<meta property=\"og:title\" content=\"Gobernador de Nari\u00f1o logr\u00f3 concretar con el Fondo de Adaptaci\u00f3n entrega de obras en el \u00e1rea de la salud | P\u00e1gina10\" \/>\n<meta property=\"og:description\" content=\"Tras invitaci\u00f3n directa del Gobernador de Nari\u00f1o, Ra\u00fal Delgado Guerrero al Gerente del Fondo de Adaptaci\u00f3n para el Cambio Clim\u00e1tico-FACC- Germ\u00e1n Arce Zapata, se desarroll\u00f3 en Tumaco, el Segundo Comit\u00e9 Regional de los proyectos financiados por este fondo; espacio que permiti\u00f3 el cierre de compromisos entre la naci\u00f3n, departamento y municipios beneficiarios para normalizar la [&hellip;]\" \/>\n<meta property=\"og:url\" content=\"https:\/\/pagina10.com\/web\/gobernador-de-narino-logro-concretar-con-el-fondo-de-adaptacion-entrega-de-obras-en-el-area-de-la-salud\/\" \/>\n<meta property=\"og:site_name\" content=\"P\u00e1gina10\" \/>\n<meta property=\"article:publisher\" content=\"https:\/\/www.facebook.com\/pag10com\" \/>\n<meta property=\"article:published_time\" content=\"2015-04-13T15:50:31+00:00\" \/>\n<meta property=\"og:image\" content=\"https:\/\/pagina10.com\/web\/wp-content\/uploads\/2015\/04\/b2fc8a269f0f03d80a49ce5842840842.jpg\" \/>\n\t<meta property=\"og:image:width\" content=\"1920\" \/>\n\t<meta property=\"og:image:height\" content=\"1080\" \/>\n\t<meta property=\"og:image:type\" content=\"image\/jpeg\" \/>\n<meta name=\"author\" content=\"P\u00e1gina 10\" \/>\n<meta name=\"twitter:card\" content=\"summary_large_image\" \/>\n<meta name=\"twitter:creator\" content=\"@Pag10com\" \/>\n<meta name=\"twitter:site\" content=\"@Pag10com\" \/>\n<meta name=\"twitter:label1\" content=\"Escrito por\" \/>\n\t<meta name=\"twitter:data1\" content=\"P\u00e1gina 10\" \/>\n\t<meta name=\"twitter:label2\" content=\"Tiempo de lectura\" \/>\n\t<meta name=\"twitter:data2\" content=\"3 minutos\" \/>\n<script type=\"application\/ld+json\" class=\"yoast-schema-graph\">{\"@context\":\"https:\/\/schema.org\",\"@graph\":[{\"@type\":\"Article\",\"@id\":\"https:\/\/pagina10.com\/web\/gobernador-de-narino-logro-concretar-con-el-fondo-de-adaptacion-entrega-de-obras-en-el-area-de-la-salud\/#article\",\"isPartOf\":{\"@id\":\"https:\/\/pagina10.com\/web\/gobernador-de-narino-logro-concretar-con-el-fondo-de-adaptacion-entrega-de-obras-en-el-area-de-la-salud\/\"},\"author\":{\"name\":\"P\u00e1gina 10\",\"@id\":\"https:\/\/pagina10.com\/web\/#\/schema\/person\/a7a5d38f0629dfc107f619fbae4f6cc3\"},\"headline\":\"Gobernador de Nari\u00f1o logr\u00f3 concretar con el Fondo de Adaptaci\u00f3n entrega de obras en el \u00e1rea de la salud\",\"datePublished\":\"2015-04-13T15:50:31+00:00\",\"mainEntityOfPage\":{\"@id\":\"https:\/\/pagina10.com\/web\/gobernador-de-narino-logro-concretar-con-el-fondo-de-adaptacion-entrega-de-obras-en-el-area-de-la-salud\/\"},\"wordCount\":529,\"commentCount\":0,\"publisher\":{\"@id\":\"https:\/\/pagina10.com\/web\/#organization\"},\"image\":{\"@id\":\"https:\/\/pagina10.com\/web\/gobernador-de-narino-logro-concretar-con-el-fondo-de-adaptacion-entrega-de-obras-en-el-area-de-la-salud\/#primaryimage\"},\"thumbnailUrl\":\"https:\/\/pagina10.com\/web\/wp-content\/uploads\/2015\/04\/b2fc8a269f0f03d80a49ce5842840842.jpg\",\"inLanguage\":\"es\",\"potentialAction\":[{\"@type\":\"CommentAction\",\"name\":\"Comment\",\"target\":[\"https:\/\/pagina10.com\/web\/gobernador-de-narino-logro-concretar-con-el-fondo-de-adaptacion-entrega-de-obras-en-el-area-de-la-salud\/#respond\"]}]},{\"@type\":\"WebPage\",\"@id\":\"https:\/\/pagina10.com\/web\/gobernador-de-narino-logro-concretar-con-el-fondo-de-adaptacion-entrega-de-obras-en-el-area-de-la-salud\/\",\"url\":\"https:\/\/pagina10.com\/web\/gobernador-de-narino-logro-concretar-con-el-fondo-de-adaptacion-entrega-de-obras-en-el-area-de-la-salud\/\",\"name\":\"Gobernador de Nari\u00f1o logr\u00f3 concretar con el Fondo de Adaptaci\u00f3n entrega de obras en el \u00e1rea de la salud | P\u00e1gina10\",\"isPartOf\":{\"@id\":\"https:\/\/pagina10.com\/web\/#website\"},\"primaryImageOfPage\":{\"@id\":\"https:\/\/pagina10.com\/web\/gobernador-de-narino-logro-concretar-con-el-fondo-de-adaptacion-entrega-de-obras-en-el-area-de-la-salud\/#primaryimage\"},\"image\":{\"@id\":\"https:\/\/pagina10.com\/web\/gobernador-de-narino-logro-concretar-con-el-fondo-de-adaptacion-entrega-de-obras-en-el-area-de-la-salud\/#primaryimage\"},\"thumbnailUrl\":\"https:\/\/pagina10.com\/web\/wp-content\/uploads\/2015\/04\/b2fc8a269f0f03d80a49ce5842840842.jpg\",\"datePublished\":\"2015-04-13T15:50:31+00:00\",\"breadcrumb\":{\"@id\":\"https:\/\/pagina10.com\/web\/gobernador-de-narino-logro-concretar-con-el-fondo-de-adaptacion-entrega-de-obras-en-el-area-de-la-salud\/#breadcrumb\"},\"inLanguage\":\"es\",\"potentialAction\":[{\"@type\":\"ReadAction\",\"target\":[\"https:\/\/pagina10.com\/web\/gobernador-de-narino-logro-concretar-con-el-fondo-de-adaptacion-entrega-de-obras-en-el-area-de-la-salud\/\"]}]},{\"@type\":\"ImageObject\",\"inLanguage\":\"es\",\"@id\":\"https:\/\/pagina10.com\/web\/gobernador-de-narino-logro-concretar-con-el-fondo-de-adaptacion-entrega-de-obras-en-el-area-de-la-salud\/#primaryimage\",\"url\":\"https:\/\/pagina10.com\/web\/wp-content\/uploads\/2015\/04\/b2fc8a269f0f03d80a49ce5842840842.jpg\",\"contentUrl\":\"https:\/\/pagina10.com\/web\/wp-content\/uploads\/2015\/04\/b2fc8a269f0f03d80a49ce5842840842.jpg\",\"width\":1920,\"height\":1080},{\"@type\":\"BreadcrumbList\",\"@id\":\"https:\/\/pagina10.com\/web\/gobernador-de-narino-logro-concretar-con-el-fondo-de-adaptacion-entrega-de-obras-en-el-area-de-la-salud\/#breadcrumb\",\"itemListElement\":[{\"@type\":\"ListItem\",\"position\":1,\"name\":\"Portada\",\"item\":\"https:\/\/pagina10.com\/web\/\"},{\"@type\":\"ListItem\",\"position\":2,\"name\":\"Gobernador de Nari\u00f1o logr\u00f3 concretar con el Fondo de Adaptaci\u00f3n entrega de obras en el \u00e1rea de la salud\"}]},{\"@type\":\"WebSite\",\"@id\":\"https:\/\/pagina10.com\/web\/#website\",\"url\":\"https:\/\/pagina10.com\/web\/\",\"name\":\"P\u00e1gina10\",\"description\":\"Peri\u00f3dico Regional\",\"publisher\":{\"@id\":\"https:\/\/pagina10.com\/web\/#organization\"},\"alternateName\":\"P\u00e1gina10 Peri\u00f3dico Regional\",\"potentialAction\":[{\"@type\":\"SearchAction\",\"target\":{\"@type\":\"EntryPoint\",\"urlTemplate\":\"https:\/\/pagina10.com\/web\/?s={search_term_string}\"},\"query-input\":{\"@type\":\"PropertyValueSpecification\",\"valueRequired\":true,\"valueName\":\"search_term_string\"}}],\"inLanguage\":\"es\"},{\"@type\":\"Organization\",\"@id\":\"https:\/\/pagina10.com\/web\/#organization\",\"name\":\"P\u00e1gina10\",\"alternateName\":\"P\u00e1gina10 Peri\u00f3dico Regional\",\"url\":\"https:\/\/pagina10.com\/web\/\",\"logo\":{\"@type\":\"ImageObject\",\"inLanguage\":\"es\",\"@id\":\"https:\/\/pagina10.com\/web\/#\/schema\/logo\/image\/\",\"url\":\"https:\/\/pagina10.com\/web\/wp-content\/uploads\/2024\/01\/40-pagina-10-periodico-regional-pasto.jpg\",\"contentUrl\":\"https:\/\/pagina10.com\/web\/wp-content\/uploads\/2024\/01\/40-pagina-10-periodico-regional-pasto.jpg\",\"width\":1280,\"height\":720,\"caption\":\"P\u00e1gina10\"},\"image\":{\"@id\":\"https:\/\/pagina10.com\/web\/#\/schema\/logo\/image\/\"},\"sameAs\":[\"https:\/\/www.facebook.com\/pag10com\",\"https:\/\/x.com\/Pag10com\",\"https:\/\/www.instagram.com\/pagina10col\/\",\"https:\/\/youtube.com\/channel\/pag10\",\"https:\/\/www.tiktok.com\/@p10col\"]},{\"@type\":\"Person\",\"@id\":\"https:\/\/pagina10.com\/web\/#\/schema\/person\/a7a5d38f0629dfc107f619fbae4f6cc3\",\"name\":\"P\u00e1gina 10\",\"description\":\"P\u00e1gina10.com es un peri\u00f3dico digital que nace en Colombia, en el departamento de Nari\u00f1o, con un enfoque global, fundamentado en cuatro pilares esenciales: la libertad, el pluralismo, la inclusi\u00f3n y la independencia. P\u00e1gina10.com hace referencia a Nari\u00f1o como el d\u00e9cimo departamento creado en Colombia, despu\u00e9s de un proceso pol\u00edtico liderado por actores y actrices regionales con el fin de obtener la independencia y autonom\u00eda de nuestros territorios. Con la creaci\u00f3n de P\u00e1gina10.com se pretende abrir un escenario para el dialogo, la reflexi\u00f3n y el debate que se extienda a otras geograf\u00edas de Am\u00e9rica Latina y del planeta, en una apuesta por transformar colectivamente los desaf\u00edos de un mundo contempor\u00e1neo, m\u00e1s all\u00e1 de las fronteras impuestas.\",\"url\":\"https:\/\/pagina10.com\/web\/author\/mcepeda\/\"}]}<\/script>\n<!-- \/ Yoast SEO plugin. -->","yoast_head_json":{"title":"Gobernador de Nari\u00f1o logr\u00f3 concretar con el Fondo de Adaptaci\u00f3n entrega de obras en el \u00e1rea de la salud | P\u00e1gina10","robots":{"index":"index","follow":"follow","max-snippet":"max-snippet:-1","max-image-preview":"max-image-preview:large","max-video-preview":"max-video-preview:-1"},"canonical":"https:\/\/pagina10.com\/web\/gobernador-de-narino-logro-concretar-con-el-fondo-de-adaptacion-entrega-de-obras-en-el-area-de-la-salud\/","og_locale":"es_ES","og_type":"article","og_title":"Gobernador de Nari\u00f1o logr\u00f3 concretar con el Fondo de Adaptaci\u00f3n entrega de obras en el \u00e1rea de la salud | P\u00e1gina10","og_description":"Tras invitaci\u00f3n directa del Gobernador de Nari\u00f1o, Ra\u00fal Delgado Guerrero al Gerente del Fondo de Adaptaci\u00f3n para el Cambio Clim\u00e1tico-FACC- Germ\u00e1n Arce Zapata, se desarroll\u00f3 en Tumaco, el Segundo Comit\u00e9 Regional de los proyectos financiados por este fondo; espacio que permiti\u00f3 el cierre de compromisos entre la naci\u00f3n, departamento y municipios beneficiarios para normalizar la [&hellip;]","og_url":"https:\/\/pagina10.com\/web\/gobernador-de-narino-logro-concretar-con-el-fondo-de-adaptacion-entrega-de-obras-en-el-area-de-la-salud\/","og_site_name":"P\u00e1gina10","article_publisher":"https:\/\/www.facebook.com\/pag10com","article_published_time":"2015-04-13T15:50:31+00:00","og_image":[{"width":1920,"height":1080,"url":"https:\/\/pagina10.com\/web\/wp-content\/uploads\/2015\/04\/b2fc8a269f0f03d80a49ce5842840842.jpg","type":"image\/jpeg"}],"author":"P\u00e1gina 10","twitter_card":"summary_large_image","twitter_creator":"@Pag10com","twitter_site":"@Pag10com","twitter_misc":{"Escrito por":"P\u00e1gina 10","Tiempo de lectura":"3 minutos"},"schema":{"@context":"https:\/\/schema.org","@graph":[{"@type":"Article","@id":"https:\/\/pagina10.com\/web\/gobernador-de-narino-logro-concretar-con-el-fondo-de-adaptacion-entrega-de-obras-en-el-area-de-la-salud\/#article","isPartOf":{"@id":"https:\/\/pagina10.com\/web\/gobernador-de-narino-logro-concretar-con-el-fondo-de-adaptacion-entrega-de-obras-en-el-area-de-la-salud\/"},"author":{"name":"P\u00e1gina 10","@id":"https:\/\/pagina10.com\/web\/#\/schema\/person\/a7a5d38f0629dfc107f619fbae4f6cc3"},"headline":"Gobernador de Nari\u00f1o logr\u00f3 concretar con el Fondo de Adaptaci\u00f3n entrega de obras en el \u00e1rea de la salud","datePublished":"2015-04-13T15:50:31+00:00","mainEntityOfPage":{"@id":"https:\/\/pagina10.com\/web\/gobernador-de-narino-logro-concretar-con-el-fondo-de-adaptacion-entrega-de-obras-en-el-area-de-la-salud\/"},"wordCount":529,"commentCount":0,"publisher":{"@id":"https:\/\/pagina10.com\/web\/#organization"},"image":{"@id":"https:\/\/pagina10.com\/web\/gobernador-de-narino-logro-concretar-con-el-fondo-de-adaptacion-entrega-de-obras-en-el-area-de-la-salud\/#primaryimage"},"thumbnailUrl":"https:\/\/pagina10.com\/web\/wp-content\/uploads\/2015\/04\/b2fc8a269f0f03d80a49ce5842840842.jpg","inLanguage":"es","potentialAction":[{"@type":"CommentAction","name":"Comment","target":["https:\/\/pagina10.com\/web\/gobernador-de-narino-logro-concretar-con-el-fondo-de-adaptacion-entrega-de-obras-en-el-area-de-la-salud\/#respond"]}]},{"@type":"WebPage","@id":"https:\/\/pagina10.com\/web\/gobernador-de-narino-logro-concretar-con-el-fondo-de-adaptacion-entrega-de-obras-en-el-area-de-la-salud\/","url":"https:\/\/pagina10.com\/web\/gobernador-de-narino-logro-concretar-con-el-fondo-de-adaptacion-entrega-de-obras-en-el-area-de-la-salud\/","name":"Gobernador de Nari\u00f1o logr\u00f3 concretar con el Fondo de Adaptaci\u00f3n entrega de obras en el \u00e1rea de la salud | P\u00e1gina10","isPartOf":{"@id":"https:\/\/pagina10.com\/web\/#website"},"primaryImageOfPage":{"@id":"https:\/\/pagina10.com\/web\/gobernador-de-narino-logro-concretar-con-el-fondo-de-adaptacion-entrega-de-obras-en-el-area-de-la-salud\/#primaryimage"},"image":{"@id":"https:\/\/pagina10.com\/web\/gobernador-de-narino-logro-concretar-con-el-fondo-de-adaptacion-entrega-de-obras-en-el-area-de-la-salud\/#primaryimage"},"thumbnailUrl":"https:\/\/pagina10.com\/web\/wp-content\/uploads\/2015\/04\/b2fc8a269f0f03d80a49ce5842840842.jpg","datePublished":"2015-04-13T15:50:31+00:00","breadcrumb":{"@id":"https:\/\/pagina10.com\/web\/gobernador-de-narino-logro-concretar-con-el-fondo-de-adaptacion-entrega-de-obras-en-el-area-de-la-salud\/#breadcrumb"},"inLanguage":"es","potentialAction":[{"@type":"ReadAction","target":["https:\/\/pagina10.com\/web\/gobernador-de-narino-logro-concretar-con-el-fondo-de-adaptacion-entrega-de-obras-en-el-area-de-la-salud\/"]}]},{"@type":"ImageObject","inLanguage":"es","@id":"https:\/\/pagina10.com\/web\/gobernador-de-narino-logro-concretar-con-el-fondo-de-adaptacion-entrega-de-obras-en-el-area-de-la-salud\/#primaryimage","url":"https:\/\/pagina10.com\/web\/wp-content\/uploads\/2015\/04\/b2fc8a269f0f03d80a49ce5842840842.jpg","contentUrl":"https:\/\/pagina10.com\/web\/wp-content\/uploads\/2015\/04\/b2fc8a269f0f03d80a49ce5842840842.jpg","width":1920,"height":1080},{"@type":"BreadcrumbList","@id":"https:\/\/pagina10.com\/web\/gobernador-de-narino-logro-concretar-con-el-fondo-de-adaptacion-entrega-de-obras-en-el-area-de-la-salud\/#breadcrumb","itemListElement":[{"@type":"ListItem","position":1,"name":"Portada","item":"https:\/\/pagina10.com\/web\/"},{"@type":"ListItem","position":2,"name":"Gobernador de Nari\u00f1o logr\u00f3 concretar con el Fondo de Adaptaci\u00f3n entrega de obras en el \u00e1rea de la salud"}]},{"@type":"WebSite","@id":"https:\/\/pagina10.com\/web\/#website","url":"https:\/\/pagina10.com\/web\/","name":"P\u00e1gina10","description":"Peri\u00f3dico Regional","publisher":{"@id":"https:\/\/pagina10.com\/web\/#organization"},"alternateName":"P\u00e1gina10 Peri\u00f3dico Regional","potentialAction":[{"@type":"SearchAction","target":{"@type":"EntryPoint","urlTemplate":"https:\/\/pagina10.com\/web\/?s={search_term_string}"},"query-input":{"@type":"PropertyValueSpecification","valueRequired":true,"valueName":"search_term_string"}}],"inLanguage":"es"},{"@type":"Organization","@id":"https:\/\/pagina10.com\/web\/#organization","name":"P\u00e1gina10","alternateName":"P\u00e1gina10 Peri\u00f3dico Regional","url":"https:\/\/pagina10.com\/web\/","logo":{"@type":"ImageObject","inLanguage":"es","@id":"https:\/\/pagina10.com\/web\/#\/schema\/logo\/image\/","url":"https:\/\/pagina10.com\/web\/wp-content\/uploads\/2024\/01\/40-pagina-10-periodico-regional-pasto.jpg","contentUrl":"https:\/\/pagina10.com\/web\/wp-content\/uploads\/2024\/01\/40-pagina-10-periodico-regional-pasto.jpg","width":1280,"height":720,"caption":"P\u00e1gina10"},"image":{"@id":"https:\/\/pagina10.com\/web\/#\/schema\/logo\/image\/"},"sameAs":["https:\/\/www.facebook.com\/pag10com","https:\/\/x.com\/Pag10com","https:\/\/www.instagram.com\/pagina10col\/","https:\/\/youtube.com\/channel\/pag10","https:\/\/www.tiktok.com\/@p10col"]},{"@type":"Person","@id":"https:\/\/pagina10.com\/web\/#\/schema\/person\/a7a5d38f0629dfc107f619fbae4f6cc3","name":"P\u00e1gina 10","description":"P\u00e1gina10.com es un peri\u00f3dico digital que nace en Colombia, en el departamento de Nari\u00f1o, con un enfoque global, fundamentado en cuatro pilares esenciales: la libertad, el pluralismo, la inclusi\u00f3n y la independencia. P\u00e1gina10.com hace referencia a Nari\u00f1o como el d\u00e9cimo departamento creado en Colombia, despu\u00e9s de un proceso pol\u00edtico liderado por actores y actrices regionales con el fin de obtener la independencia y autonom\u00eda de nuestros territorios. Con la creaci\u00f3n de P\u00e1gina10.com se pretende abrir un escenario para el dialogo, la reflexi\u00f3n y el debate que se extienda a otras geograf\u00edas de Am\u00e9rica Latina y del planeta, en una apuesta por transformar colectivamente los desaf\u00edos de un mundo contempor\u00e1neo, m\u00e1s all\u00e1 de las fronteras impuestas.","url":"https:\/\/pagina10.com\/web\/author\/mcepeda\/"}]}},"_links":{"self":[{"href":"https:\/\/pagina10.com\/web\/wp-json\/wp\/v2\/posts\/15582","targetHints":{"allow":["GET"]}}],"collection":[{"href":"https:\/\/pagina10.com\/web\/wp-json\/wp\/v2\/posts"}],"about":[{"href":"https:\/\/pagina10.com\/web\/wp-json\/wp\/v2\/types\/post"}],"author":[{"embeddable":true,"href":"https:\/\/pagina10.com\/web\/wp-json\/wp\/v2\/users\/29"}],"replies":[{"embeddable":true,"href":"https:\/\/pagina10.com\/web\/wp-json\/wp\/v2\/comments?post=15582"}],"version-history":[{"count":0,"href":"https:\/\/pagina10.com\/web\/wp-json\/wp\/v2\/posts\/15582\/revisions"}],"wp:featuredmedia":[{"embeddable":true,"href":"https:\/\/pagina10.com\/web\/wp-json\/wp\/v2\/media\/15581"}],"wp:attachment":[{"href":"https:\/\/pagina10.com\/web\/wp-json\/wp\/v2\/media?parent=15582"}],"wp:term":[{"taxonomy":"category","embeddable":true,"href":"https:\/\/pagina10.com\/web\/wp-json\/wp\/v2\/categories?post=15582"},{"taxonomy":"post_tag","embeddable":true,"href":"https:\/\/pagina10.com\/web\/wp-json\/wp\/v2\/tags?post=15582"}],"curies":[{"name":"wp","href":"https:\/\/api.w.org\/{rel}","templated":true}]}}