{"id":15585,"date":"2015-04-13T15:48:36","date_gmt":"2015-04-13T15:48:36","guid":{"rendered":"https:\/\/pagina10.com\/web\/no-le-den-papaya-a-robledo\/"},"modified":"2015-04-13T15:48:36","modified_gmt":"2015-04-13T15:48:36","slug":"no-le-den-papaya-a-robledo","status":"publish","type":"post","link":"https:\/\/pagina10.com\/web\/no-le-den-papaya-a-robledo\/","title":{"rendered":"No le den papaya a Robledo"},"content":{"rendered":"<p><img fetchpriority=\"high\" decoding=\"async\" class=\" size-full wp-image-15583\" src=\"https:\/\/pagina10.com\/web\/wp-content\/uploads\/2015\/04\/73c338d51a013e4fe863f9ae682a3781.jpg\" alt=\"\" width=\"630\" height=\"331\" srcset=\"https:\/\/pagina10.com\/web\/wp-content\/uploads\/2015\/04\/73c338d51a013e4fe863f9ae682a3781.jpg 630w, https:\/\/pagina10.com\/web\/wp-content\/uploads\/2015\/04\/73c338d51a013e4fe863f9ae682a3781-300x158.jpg 300w\" sizes=\"(max-width: 630px) 100vw, 630px\" \/><\/p>\n<p style=\"text-align: justify;\">Se volvi\u00f3 viral en las redes sociales y los principales portales de los medios de comunicaci\u00f3n la expresi\u00f3n del secretario del Senado, Gregorio Eljach, para impedir que le continuaran dando \u2018paliza\u2019 a la ministra de educaci\u00f3n Gina Parody.<\/p>\n<p style=\"text-align: justify;\">&nbsp;<\/p>\n<p style=\"text-align: justify;\">\u201cNo le des m\u00e1s papaya a Robledo, que est\u00e1 haciendo un show ah\u00ed, marica, levanta, levanta\u201d. Con estas palabras trata de incidir sobre el presidente del Senado, Antonio Correa, pero el micr\u00f3fono est\u00e1 abierto y es escuchado muy claramente a trav\u00e9s de la transmisi\u00f3n del canal institucional del Senado. Entonces, el que dio papaya es otro.<\/p>\n<p style=\"text-align: justify;\">&nbsp;<\/p>\n<p style=\"text-align: justify;\">El hecho aconteci\u00f3 el martes 7 de abril en un debate sobre educaci\u00f3n que hab\u00eda sido convocado por el senador Senen Ni\u00f1o, del Polo Democr\u00e1tico, con asistencia de la ministra de educaci\u00f3n en una audiencia de control pol\u00edtico. El convocante decide cederle la mitad del tiempo asignado para su participaci\u00f3n al senador Jorge Robledo. Este muy l\u00facido hace gala de su sapiencia y elocuencia, que deja notar abiertamente la ignorancia sobre el tema educativo de parte de la ministra Parody.<\/p>\n<p style=\"text-align: justify;\">&nbsp;<\/p>\n<p style=\"text-align: justify;\">El senador Robledo hace un debate muy sobrio, demostrando el amplio conocimiento sobre el tema de la educaci\u00f3n. Hace gala al dar cifras y mencionar el proceso educativo desde hace cincuenta a\u00f1os y la falta de pertenencia de los gobernantes de turno al no valorar la dimensi\u00f3n de lo que representa el aporte de la educaci\u00f3n al desarrollo social y econ\u00f3mico del pa\u00eds.<\/p>\n<p style=\"text-align: justify;\">&nbsp;<\/p>\n<p style=\"text-align: justify;\">Se refiere a la Fecode y a la Mane como organizaciones propositivas para el mejoramiento de las pol\u00edticas educativas.<\/p>\n<p style=\"text-align: justify;\">&nbsp;<\/p>\n<p style=\"text-align: justify;\">Soporta la necesidad de la gratuidad en la educaci\u00f3n en el sentido amplio de la palabra. Al respecto Robledo enfatiz\u00f3 en la necesidad de la educaci\u00f3n universal(para todos los colombianos), en todos los niveles los niveles, \u201co que alguien me explique como puede ser universal si no es gratuita\u201d, dice; de alta calidad y p\u00fablica.<\/p>\n<p style=\"text-align: justify;\">&nbsp;<\/p>\n<p style=\"text-align: justify;\">Los debates de control pol\u00edtico a los funcionarios p\u00fablicos por parte del senador Robledo son muy temidos, de ah\u00ed que le llaman el sometimiento a la \u2018cuchilla\u2019. Su capacidad intelectual, oratoria y \u00e9tica hacen adquiera la connotaci\u00f3n de senador de gran factura, un maestro de la palabra.<\/p>\n<p style=\"text-align: justify;\">&nbsp;<\/p>\n<p style=\"text-align: justify;\">Se convirti\u00f3 en celebridad durante los dos gobiernos de Uribe, en los cuales hizo brillantes debates en torno a la firma de los tratados de libre comercio del pa\u00eds con otras naciones. Pero tambi\u00e9n el juicio que les hizo a los hijos del ex presidente por compra irregular de unos lotes en Mosquera, Cundinamarca.<\/p>\n<p style=\"text-align: justify;\">&nbsp;<\/p>\n<p style=\"text-align: justify;\">El ascenso vertiginoso en su carrera pol\u00edtica despierta envidia en cualquier aspirante a cargos por elecci\u00f3n popular. Fue elegido por primera vez en el 2002 con 45.703 votos, luego, en 2006 con 80.969 y &nbsp;en 2010 con 165.339 votos. Pr\u00e1cticamente en cada elecci\u00f3n ha ido duplicando su votaci\u00f3n. Lo que quiere decir que es elegido por el m\u00e9rito de su trabajo y con bajo consto econ\u00f3mico.<\/p>\n<p style=\"text-align: justify;\">&nbsp;<\/p>\n<p style=\"text-align: justify;\">Personajes como Jorge Robledo, con gran capacidad argumentativa, no se dan todos los d\u00edas; la generalidad es que se inviertan grandes sumas de dinero y se enga\u00f1e al electorado, pero en este caso su rectitud y sus debates brillantes lo hacen grande.<\/p>\n<p style=\"text-align: justify;\">&nbsp;<\/p>\n<p style=\"text-align: justify;\">Un gran desaf\u00edo para quienes ocupan cargos en los altos estrados del sector p\u00fablico, que no se conduelen del patrimonio de la naci\u00f3n, y que por el contrario, la corrupci\u00f3n es rampante en todos los niveles de la institucionalidad y que no se salvan ni siquiera las altas Cortes.<\/p>\n<p style=\"text-align: justify;\">&nbsp;<\/p>\n<p style=\"text-align: justify;\">Si quiere ver el video del debate del tema educativo, haga clic aqu\u00ed:<\/p>\n<p style=\"text-align: justify;\"><a href=\"https:\/\/www.youtube.com\/watch?v=fll0GqGjraw\">https:\/\/www.youtube.com\/watch?v=fll0GqGjraw<\/a><a href=\"https:\/\/www.youtube.com\/watch?v=fll0GqGjraw\"><\/a><\/p>\n<p style=\"text-align: justify;\">&nbsp;<\/p>\n<p><img decoding=\"async\" class=\" size-full wp-image-15584\" src=\"https:\/\/pagina10.com\/web\/wp-content\/uploads\/2015\/04\/anibal.jpg\" width=\"589\" height=\"441\" alt=\"anibal\" style=\"display: block; margin-left: auto; margin-right: auto;\" srcset=\"https:\/\/pagina10.com\/web\/wp-content\/uploads\/2015\/04\/anibal.jpg 960w, https:\/\/pagina10.com\/web\/wp-content\/uploads\/2015\/04\/anibal-300x225.jpg 300w, https:\/\/pagina10.com\/web\/wp-content\/uploads\/2015\/04\/anibal-768x576.jpg 768w, https:\/\/pagina10.com\/web\/wp-content\/uploads\/2015\/04\/anibal-86x64.jpg 86w\" sizes=\"(max-width: 589px) 100vw, 589px\" \/><\/p>\n","protected":false},"excerpt":{"rendered":"<p>Se volvi\u00f3 viral en las redes sociales y los principales portales de los medios de comunicaci\u00f3n la expresi\u00f3n del secretario del Senado, Gregorio Eljach, para impedir que le continuaran dando \u2018paliza\u2019 a la ministra de educaci\u00f3n Gina Parody. &nbsp; \u201cNo le des m\u00e1s papaya a Robledo, que est\u00e1 haciendo un show ah\u00ed, marica, levanta, levanta\u201d. [&hellip;]<\/p>\n","protected":false},"author":65,"featured_media":15583,"comment_status":"open","ping_status":"open","sticky":false,"template":"","format":"standard","meta":{"footnotes":""},"categories":[1],"tags":[],"class_list":["post-15585","post","type-post","status-publish","format-standard","has-post-thumbnail","hentry","category-sin-categoria"],"yoast_head":"<!-- This site is optimized with the Yoast SEO plugin v27.1.1 - https:\/\/yoast.com\/product\/yoast-seo-wordpress\/ -->\n<title>No le den papaya a Robledo | P\u00e1gina10<\/title>\n<meta name=\"robots\" content=\"index, follow, max-snippet:-1, max-image-preview:large, max-video-preview:-1\" \/>\n<link rel=\"canonical\" href=\"https:\/\/pagina10.com\/web\/no-le-den-papaya-a-robledo\/\" \/>\n<meta property=\"og:locale\" content=\"es_ES\" \/>\n<meta property=\"og:type\" content=\"article\" \/>\n<meta property=\"og:title\" content=\"No le den papaya a Robledo | P\u00e1gina10\" \/>\n<meta property=\"og:description\" content=\"Se volvi\u00f3 viral en las redes sociales y los principales portales de los medios de comunicaci\u00f3n la expresi\u00f3n del secretario del Senado, Gregorio Eljach, para impedir que le continuaran dando \u2018paliza\u2019 a la ministra de educaci\u00f3n Gina Parody. &nbsp; \u201cNo le des m\u00e1s papaya a Robledo, que est\u00e1 haciendo un show ah\u00ed, marica, levanta, levanta\u201d. [&hellip;]\" \/>\n<meta property=\"og:url\" content=\"https:\/\/pagina10.com\/web\/no-le-den-papaya-a-robledo\/\" \/>\n<meta property=\"og:site_name\" content=\"P\u00e1gina10\" \/>\n<meta property=\"article:publisher\" content=\"https:\/\/www.facebook.com\/pag10com\" \/>\n<meta property=\"article:published_time\" content=\"2015-04-13T15:48:36+00:00\" \/>\n<meta property=\"og:image\" content=\"https:\/\/pagina10.com\/web\/wp-content\/uploads\/2015\/04\/73c338d51a013e4fe863f9ae682a3781.jpg\" \/>\n\t<meta property=\"og:image:width\" content=\"630\" \/>\n\t<meta property=\"og:image:height\" content=\"331\" \/>\n\t<meta property=\"og:image:type\" content=\"image\/jpeg\" \/>\n<meta name=\"author\" content=\"Anibal Ar\u00e9valo Rosero\" \/>\n<meta name=\"twitter:card\" content=\"summary_large_image\" \/>\n<meta name=\"twitter:creator\" content=\"@Pag10com\" \/>\n<meta name=\"twitter:site\" content=\"@Pag10com\" \/>\n<meta name=\"twitter:label1\" content=\"Escrito por\" \/>\n\t<meta name=\"twitter:data1\" content=\"Anibal Ar\u00e9valo Rosero\" \/>\n\t<meta name=\"twitter:label2\" content=\"Tiempo de lectura\" \/>\n\t<meta name=\"twitter:data2\" content=\"3 minutos\" \/>\n<script type=\"application\/ld+json\" class=\"yoast-schema-graph\">{\"@context\":\"https:\/\/schema.org\",\"@graph\":[{\"@type\":\"Article\",\"@id\":\"https:\/\/pagina10.com\/web\/no-le-den-papaya-a-robledo\/#article\",\"isPartOf\":{\"@id\":\"https:\/\/pagina10.com\/web\/no-le-den-papaya-a-robledo\/\"},\"author\":{\"name\":\"Anibal Ar\u00e9valo Rosero\",\"@id\":\"https:\/\/pagina10.com\/web\/#\/schema\/person\/9ec3e2b432363a195d2d01bf820c66fe\"},\"headline\":\"No le den papaya a Robledo\",\"datePublished\":\"2015-04-13T15:48:36+00:00\",\"mainEntityOfPage\":{\"@id\":\"https:\/\/pagina10.com\/web\/no-le-den-papaya-a-robledo\/\"},\"wordCount\":646,\"commentCount\":0,\"publisher\":{\"@id\":\"https:\/\/pagina10.com\/web\/#organization\"},\"image\":{\"@id\":\"https:\/\/pagina10.com\/web\/no-le-den-papaya-a-robledo\/#primaryimage\"},\"thumbnailUrl\":\"https:\/\/pagina10.com\/web\/wp-content\/uploads\/2015\/04\/73c338d51a013e4fe863f9ae682a3781.jpg\",\"inLanguage\":\"es\",\"potentialAction\":[{\"@type\":\"CommentAction\",\"name\":\"Comment\",\"target\":[\"https:\/\/pagina10.com\/web\/no-le-den-papaya-a-robledo\/#respond\"]}]},{\"@type\":\"WebPage\",\"@id\":\"https:\/\/pagina10.com\/web\/no-le-den-papaya-a-robledo\/\",\"url\":\"https:\/\/pagina10.com\/web\/no-le-den-papaya-a-robledo\/\",\"name\":\"No le den papaya a Robledo | P\u00e1gina10\",\"isPartOf\":{\"@id\":\"https:\/\/pagina10.com\/web\/#website\"},\"primaryImageOfPage\":{\"@id\":\"https:\/\/pagina10.com\/web\/no-le-den-papaya-a-robledo\/#primaryimage\"},\"image\":{\"@id\":\"https:\/\/pagina10.com\/web\/no-le-den-papaya-a-robledo\/#primaryimage\"},\"thumbnailUrl\":\"https:\/\/pagina10.com\/web\/wp-content\/uploads\/2015\/04\/73c338d51a013e4fe863f9ae682a3781.jpg\",\"datePublished\":\"2015-04-13T15:48:36+00:00\",\"breadcrumb\":{\"@id\":\"https:\/\/pagina10.com\/web\/no-le-den-papaya-a-robledo\/#breadcrumb\"},\"inLanguage\":\"es\",\"potentialAction\":[{\"@type\":\"ReadAction\",\"target\":[\"https:\/\/pagina10.com\/web\/no-le-den-papaya-a-robledo\/\"]}]},{\"@type\":\"ImageObject\",\"inLanguage\":\"es\",\"@id\":\"https:\/\/pagina10.com\/web\/no-le-den-papaya-a-robledo\/#primaryimage\",\"url\":\"https:\/\/pagina10.com\/web\/wp-content\/uploads\/2015\/04\/73c338d51a013e4fe863f9ae682a3781.jpg\",\"contentUrl\":\"https:\/\/pagina10.com\/web\/wp-content\/uploads\/2015\/04\/73c338d51a013e4fe863f9ae682a3781.jpg\",\"width\":630,\"height\":331},{\"@type\":\"BreadcrumbList\",\"@id\":\"https:\/\/pagina10.com\/web\/no-le-den-papaya-a-robledo\/#breadcrumb\",\"itemListElement\":[{\"@type\":\"ListItem\",\"position\":1,\"name\":\"Portada\",\"item\":\"https:\/\/pagina10.com\/web\/\"},{\"@type\":\"ListItem\",\"position\":2,\"name\":\"No le den papaya a Robledo\"}]},{\"@type\":\"WebSite\",\"@id\":\"https:\/\/pagina10.com\/web\/#website\",\"url\":\"https:\/\/pagina10.com\/web\/\",\"name\":\"P\u00e1gina10\",\"description\":\"Peri\u00f3dico Regional\",\"publisher\":{\"@id\":\"https:\/\/pagina10.com\/web\/#organization\"},\"alternateName\":\"P\u00e1gina10 Peri\u00f3dico Regional\",\"potentialAction\":[{\"@type\":\"SearchAction\",\"target\":{\"@type\":\"EntryPoint\",\"urlTemplate\":\"https:\/\/pagina10.com\/web\/?s={search_term_string}\"},\"query-input\":{\"@type\":\"PropertyValueSpecification\",\"valueRequired\":true,\"valueName\":\"search_term_string\"}}],\"inLanguage\":\"es\"},{\"@type\":\"Organization\",\"@id\":\"https:\/\/pagina10.com\/web\/#organization\",\"name\":\"P\u00e1gina10\",\"alternateName\":\"P\u00e1gina10 Peri\u00f3dico Regional\",\"url\":\"https:\/\/pagina10.com\/web\/\",\"logo\":{\"@type\":\"ImageObject\",\"inLanguage\":\"es\",\"@id\":\"https:\/\/pagina10.com\/web\/#\/schema\/logo\/image\/\",\"url\":\"https:\/\/pagina10.com\/web\/wp-content\/uploads\/2024\/01\/40-pagina-10-periodico-regional-pasto.jpg\",\"contentUrl\":\"https:\/\/pagina10.com\/web\/wp-content\/uploads\/2024\/01\/40-pagina-10-periodico-regional-pasto.jpg\",\"width\":1280,\"height\":720,\"caption\":\"P\u00e1gina10\"},\"image\":{\"@id\":\"https:\/\/pagina10.com\/web\/#\/schema\/logo\/image\/\"},\"sameAs\":[\"https:\/\/www.facebook.com\/pag10com\",\"https:\/\/x.com\/Pag10com\",\"https:\/\/www.instagram.com\/pagina10col\/\",\"https:\/\/youtube.com\/channel\/pag10\",\"https:\/\/www.tiktok.com\/@p10col\"]},{\"@type\":\"Person\",\"@id\":\"https:\/\/pagina10.com\/web\/#\/schema\/person\/9ec3e2b432363a195d2d01bf820c66fe\",\"name\":\"Anibal Ar\u00e9valo Rosero\",\"description\":\"An\u00edbal Ar\u00e9valo Rosero a trav\u00e9s de su vida ha realizado diversas actividades tendientes a reivindicar al ser humano en su conciencia plena. Durante su vida ha hecho teatro, a escrito poes\u00eda y en sus tiempos de universitario realiz\u00f3 varias publicaciones entre las que se recuerda la revista Quinde. Junto con otros compa\u00f1eros fund\u00f3 el Taller Cultural El Cueche, equipo con el que se hicieron varias publicaciones. De este mismo grupo hay que resaltar que se hizo un trabajo pionero en la difusi\u00f3n de la m\u00fasica andina, latinoamericana y del caribe. Despu\u00e9s de terminar sus estudios de biolog\u00eda en la Universidad de Nari\u00f1o entr\u00f3 a laborar en emisoras de la ciudad de Pasto como en RCN, donde se desempe\u00f1aba como locutor de planta. Dirigi\u00f3 programas en la extinta Ondas del Mayo, en varias oportunidades; tambi\u00e9n en Ecos de Pasto. Fue colaborador de el Noticias RCN y dirigi\u00f3 el programa Simana al D\u00eda, del Sindicato del Magisterio de Nari\u00f1o, en dos \u00e9pocas. En el a\u00f1o de 1992 funda el Comit\u00e9 de Solidaridad con Cuba Jos\u00e9 Mart\u00ed, cuyo objetivo era divulgar la realidad cubana y expresar apoyo moral, pol\u00edtico y material al pa\u00eds caribe\u00f1o. Ante la mala interpretaci\u00f3n que la gente le daba a este tipo de acciones, se decide promover viajes de solidad a Cuba para participar en la Brigada Latinoamericana de Trabajo Voluntario, en el Festival Cuba Vive y, de manera especia,l en el 14 Festival Mundial de la Juventud y los Estudiantes, que se desarroll\u00f3 en la isla en el a\u00f1o de 1997. Con esta experiencia impulsa el turismo al pa\u00eds caribe\u00f1o con el resultado de que miles de personas han participado de las excursiones organizadas por Ar\u00e9valo Rosero. Asimismo ha venido impulsando las Brigadas de Salud en Cuba, tendiente a llevar pacientes de c\u00e1ncer a ese destino con el fin de que reciban atenci\u00f3n m\u00e9dica, teniendo en cuenta que la experiencia cubana en el tema ha sido bastante favorable. Veinte a\u00f1os despu\u00e9s de estas nutritivas experiencias, le permiten impulsar excursiones adem\u00e1s a M\u00e9xico, Machu Picchu, Argentina, Ecuador, Panam\u00e1 y Tierra Santa. En cuanto al desempe\u00f1o period\u00edstico, adem\u00e1s de los medios radiales y de televisi\u00f3n, en los canales de la universidades de Nari\u00f1o y Mariana, se ha desempe\u00f1ado como columnista en Diario del Sur durante 6 a\u00f1os y en algunos medios virtuales. Tambi\u00e9n es colaborador de el Diario del Cauca. Considera que la pr\u00e1ctica de la lectura es beber de la fuente nutricia que permite apropiarse de manera consciente del ejercicio de la democracia; y la posibilidad de escribir y ser le\u00eddo, acceder al poder, por que considera la palabra como el mayor instrumento de acci\u00f3n cuando est\u00e1 bien encamina al leg\u00edtimo servicio social. En la actualidad adem\u00e1s de so\u00f1ar con viajar por el mundo se desempe\u00f1a como docente del departamento de ciencias de Inem Luis Delf\u00edn Insuasty de Pasto. Correo: Esta direcci\u00f3n de correo electr\u00f3nico est\u00e1 protegida contra spambots. Usted necesita tener Javascript activado para poder verla.\\\" target=\\\"_blank\\\" style=\\\"color: #1155cc; text-align: justify; font-family: arial, sans-serif; font-size: 13px; line-height: normal;\\\"&gt;fundacionecosofia@gmail.com\",\"url\":\"https:\/\/pagina10.com\/web\/author\/anibal\/\"}]}<\/script>\n<!-- \/ Yoast SEO plugin. -->","yoast_head_json":{"title":"No le den papaya a Robledo | P\u00e1gina10","robots":{"index":"index","follow":"follow","max-snippet":"max-snippet:-1","max-image-preview":"max-image-preview:large","max-video-preview":"max-video-preview:-1"},"canonical":"https:\/\/pagina10.com\/web\/no-le-den-papaya-a-robledo\/","og_locale":"es_ES","og_type":"article","og_title":"No le den papaya a Robledo | P\u00e1gina10","og_description":"Se volvi\u00f3 viral en las redes sociales y los principales portales de los medios de comunicaci\u00f3n la expresi\u00f3n del secretario del Senado, Gregorio Eljach, para impedir que le continuaran dando \u2018paliza\u2019 a la ministra de educaci\u00f3n Gina Parody. &nbsp; \u201cNo le des m\u00e1s papaya a Robledo, que est\u00e1 haciendo un show ah\u00ed, marica, levanta, levanta\u201d. [&hellip;]","og_url":"https:\/\/pagina10.com\/web\/no-le-den-papaya-a-robledo\/","og_site_name":"P\u00e1gina10","article_publisher":"https:\/\/www.facebook.com\/pag10com","article_published_time":"2015-04-13T15:48:36+00:00","og_image":[{"width":630,"height":331,"url":"https:\/\/pagina10.com\/web\/wp-content\/uploads\/2015\/04\/73c338d51a013e4fe863f9ae682a3781.jpg","type":"image\/jpeg"}],"author":"Anibal Ar\u00e9valo Rosero","twitter_card":"summary_large_image","twitter_creator":"@Pag10com","twitter_site":"@Pag10com","twitter_misc":{"Escrito por":"Anibal Ar\u00e9valo Rosero","Tiempo de lectura":"3 minutos"},"schema":{"@context":"https:\/\/schema.org","@graph":[{"@type":"Article","@id":"https:\/\/pagina10.com\/web\/no-le-den-papaya-a-robledo\/#article","isPartOf":{"@id":"https:\/\/pagina10.com\/web\/no-le-den-papaya-a-robledo\/"},"author":{"name":"Anibal Ar\u00e9valo Rosero","@id":"https:\/\/pagina10.com\/web\/#\/schema\/person\/9ec3e2b432363a195d2d01bf820c66fe"},"headline":"No le den papaya a Robledo","datePublished":"2015-04-13T15:48:36+00:00","mainEntityOfPage":{"@id":"https:\/\/pagina10.com\/web\/no-le-den-papaya-a-robledo\/"},"wordCount":646,"commentCount":0,"publisher":{"@id":"https:\/\/pagina10.com\/web\/#organization"},"image":{"@id":"https:\/\/pagina10.com\/web\/no-le-den-papaya-a-robledo\/#primaryimage"},"thumbnailUrl":"https:\/\/pagina10.com\/web\/wp-content\/uploads\/2015\/04\/73c338d51a013e4fe863f9ae682a3781.jpg","inLanguage":"es","potentialAction":[{"@type":"CommentAction","name":"Comment","target":["https:\/\/pagina10.com\/web\/no-le-den-papaya-a-robledo\/#respond"]}]},{"@type":"WebPage","@id":"https:\/\/pagina10.com\/web\/no-le-den-papaya-a-robledo\/","url":"https:\/\/pagina10.com\/web\/no-le-den-papaya-a-robledo\/","name":"No le den papaya a Robledo | P\u00e1gina10","isPartOf":{"@id":"https:\/\/pagina10.com\/web\/#website"},"primaryImageOfPage":{"@id":"https:\/\/pagina10.com\/web\/no-le-den-papaya-a-robledo\/#primaryimage"},"image":{"@id":"https:\/\/pagina10.com\/web\/no-le-den-papaya-a-robledo\/#primaryimage"},"thumbnailUrl":"https:\/\/pagina10.com\/web\/wp-content\/uploads\/2015\/04\/73c338d51a013e4fe863f9ae682a3781.jpg","datePublished":"2015-04-13T15:48:36+00:00","breadcrumb":{"@id":"https:\/\/pagina10.com\/web\/no-le-den-papaya-a-robledo\/#breadcrumb"},"inLanguage":"es","potentialAction":[{"@type":"ReadAction","target":["https:\/\/pagina10.com\/web\/no-le-den-papaya-a-robledo\/"]}]},{"@type":"ImageObject","inLanguage":"es","@id":"https:\/\/pagina10.com\/web\/no-le-den-papaya-a-robledo\/#primaryimage","url":"https:\/\/pagina10.com\/web\/wp-content\/uploads\/2015\/04\/73c338d51a013e4fe863f9ae682a3781.jpg","contentUrl":"https:\/\/pagina10.com\/web\/wp-content\/uploads\/2015\/04\/73c338d51a013e4fe863f9ae682a3781.jpg","width":630,"height":331},{"@type":"BreadcrumbList","@id":"https:\/\/pagina10.com\/web\/no-le-den-papaya-a-robledo\/#breadcrumb","itemListElement":[{"@type":"ListItem","position":1,"name":"Portada","item":"https:\/\/pagina10.com\/web\/"},{"@type":"ListItem","position":2,"name":"No le den papaya a Robledo"}]},{"@type":"WebSite","@id":"https:\/\/pagina10.com\/web\/#website","url":"https:\/\/pagina10.com\/web\/","name":"P\u00e1gina10","description":"Peri\u00f3dico Regional","publisher":{"@id":"https:\/\/pagina10.com\/web\/#organization"},"alternateName":"P\u00e1gina10 Peri\u00f3dico Regional","potentialAction":[{"@type":"SearchAction","target":{"@type":"EntryPoint","urlTemplate":"https:\/\/pagina10.com\/web\/?s={search_term_string}"},"query-input":{"@type":"PropertyValueSpecification","valueRequired":true,"valueName":"search_term_string"}}],"inLanguage":"es"},{"@type":"Organization","@id":"https:\/\/pagina10.com\/web\/#organization","name":"P\u00e1gina10","alternateName":"P\u00e1gina10 Peri\u00f3dico Regional","url":"https:\/\/pagina10.com\/web\/","logo":{"@type":"ImageObject","inLanguage":"es","@id":"https:\/\/pagina10.com\/web\/#\/schema\/logo\/image\/","url":"https:\/\/pagina10.com\/web\/wp-content\/uploads\/2024\/01\/40-pagina-10-periodico-regional-pasto.jpg","contentUrl":"https:\/\/pagina10.com\/web\/wp-content\/uploads\/2024\/01\/40-pagina-10-periodico-regional-pasto.jpg","width":1280,"height":720,"caption":"P\u00e1gina10"},"image":{"@id":"https:\/\/pagina10.com\/web\/#\/schema\/logo\/image\/"},"sameAs":["https:\/\/www.facebook.com\/pag10com","https:\/\/x.com\/Pag10com","https:\/\/www.instagram.com\/pagina10col\/","https:\/\/youtube.com\/channel\/pag10","https:\/\/www.tiktok.com\/@p10col"]},{"@type":"Person","@id":"https:\/\/pagina10.com\/web\/#\/schema\/person\/9ec3e2b432363a195d2d01bf820c66fe","name":"Anibal Ar\u00e9valo Rosero","description":"An\u00edbal Ar\u00e9valo Rosero a trav\u00e9s de su vida ha realizado diversas actividades tendientes a reivindicar al ser humano en su conciencia plena. Durante su vida ha hecho teatro, a escrito poes\u00eda y en sus tiempos de universitario realiz\u00f3 varias publicaciones entre las que se recuerda la revista Quinde. Junto con otros compa\u00f1eros fund\u00f3 el Taller Cultural El Cueche, equipo con el que se hicieron varias publicaciones. De este mismo grupo hay que resaltar que se hizo un trabajo pionero en la difusi\u00f3n de la m\u00fasica andina, latinoamericana y del caribe. Despu\u00e9s de terminar sus estudios de biolog\u00eda en la Universidad de Nari\u00f1o entr\u00f3 a laborar en emisoras de la ciudad de Pasto como en RCN, donde se desempe\u00f1aba como locutor de planta. Dirigi\u00f3 programas en la extinta Ondas del Mayo, en varias oportunidades; tambi\u00e9n en Ecos de Pasto. Fue colaborador de el Noticias RCN y dirigi\u00f3 el programa Simana al D\u00eda, del Sindicato del Magisterio de Nari\u00f1o, en dos \u00e9pocas. En el a\u00f1o de 1992 funda el Comit\u00e9 de Solidaridad con Cuba Jos\u00e9 Mart\u00ed, cuyo objetivo era divulgar la realidad cubana y expresar apoyo moral, pol\u00edtico y material al pa\u00eds caribe\u00f1o. Ante la mala interpretaci\u00f3n que la gente le daba a este tipo de acciones, se decide promover viajes de solidad a Cuba para participar en la Brigada Latinoamericana de Trabajo Voluntario, en el Festival Cuba Vive y, de manera especia,l en el 14 Festival Mundial de la Juventud y los Estudiantes, que se desarroll\u00f3 en la isla en el a\u00f1o de 1997. Con esta experiencia impulsa el turismo al pa\u00eds caribe\u00f1o con el resultado de que miles de personas han participado de las excursiones organizadas por Ar\u00e9valo Rosero. Asimismo ha venido impulsando las Brigadas de Salud en Cuba, tendiente a llevar pacientes de c\u00e1ncer a ese destino con el fin de que reciban atenci\u00f3n m\u00e9dica, teniendo en cuenta que la experiencia cubana en el tema ha sido bastante favorable. Veinte a\u00f1os despu\u00e9s de estas nutritivas experiencias, le permiten impulsar excursiones adem\u00e1s a M\u00e9xico, Machu Picchu, Argentina, Ecuador, Panam\u00e1 y Tierra Santa. En cuanto al desempe\u00f1o period\u00edstico, adem\u00e1s de los medios radiales y de televisi\u00f3n, en los canales de la universidades de Nari\u00f1o y Mariana, se ha desempe\u00f1ado como columnista en Diario del Sur durante 6 a\u00f1os y en algunos medios virtuales. Tambi\u00e9n es colaborador de el Diario del Cauca. Considera que la pr\u00e1ctica de la lectura es beber de la fuente nutricia que permite apropiarse de manera consciente del ejercicio de la democracia; y la posibilidad de escribir y ser le\u00eddo, acceder al poder, por que considera la palabra como el mayor instrumento de acci\u00f3n cuando est\u00e1 bien encamina al leg\u00edtimo servicio social. En la actualidad adem\u00e1s de so\u00f1ar con viajar por el mundo se desempe\u00f1a como docente del departamento de ciencias de Inem Luis Delf\u00edn Insuasty de Pasto. Correo: Esta direcci\u00f3n de correo electr\u00f3nico est\u00e1 protegida contra spambots. Usted necesita tener Javascript activado para poder verla.\" target=\"_blank\" style=\"color: #1155cc; text-align: justify; font-family: arial, sans-serif; font-size: 13px; line-height: normal;\"&gt;fundacionecosofia@gmail.com","url":"https:\/\/pagina10.com\/web\/author\/anibal\/"}]}},"_links":{"self":[{"href":"https:\/\/pagina10.com\/web\/wp-json\/wp\/v2\/posts\/15585","targetHints":{"allow":["GET"]}}],"collection":[{"href":"https:\/\/pagina10.com\/web\/wp-json\/wp\/v2\/posts"}],"about":[{"href":"https:\/\/pagina10.com\/web\/wp-json\/wp\/v2\/types\/post"}],"author":[{"embeddable":true,"href":"https:\/\/pagina10.com\/web\/wp-json\/wp\/v2\/users\/65"}],"replies":[{"embeddable":true,"href":"https:\/\/pagina10.com\/web\/wp-json\/wp\/v2\/comments?post=15585"}],"version-history":[{"count":0,"href":"https:\/\/pagina10.com\/web\/wp-json\/wp\/v2\/posts\/15585\/revisions"}],"wp:featuredmedia":[{"embeddable":true,"href":"https:\/\/pagina10.com\/web\/wp-json\/wp\/v2\/media\/15583"}],"wp:attachment":[{"href":"https:\/\/pagina10.com\/web\/wp-json\/wp\/v2\/media?parent=15585"}],"wp:term":[{"taxonomy":"category","embeddable":true,"href":"https:\/\/pagina10.com\/web\/wp-json\/wp\/v2\/categories?post=15585"},{"taxonomy":"post_tag","embeddable":true,"href":"https:\/\/pagina10.com\/web\/wp-json\/wp\/v2\/tags?post=15585"}],"curies":[{"name":"wp","href":"https:\/\/api.w.org\/{rel}","templated":true}]}}