{"id":15587,"date":"2015-04-13T16:05:38","date_gmt":"2015-04-13T16:05:38","guid":{"rendered":"https:\/\/pagina10.com\/web\/mintic-estrenara-la-serie-audiovisual-las-ninas-de-la-guerra\/"},"modified":"2015-04-13T16:05:38","modified_gmt":"2015-04-13T16:05:38","slug":"mintic-estrenara-la-serie-audiovisual-las-ninas-de-la-guerra","status":"publish","type":"post","link":"https:\/\/pagina10.com\/web\/mintic-estrenara-la-serie-audiovisual-las-ninas-de-la-guerra\/","title":{"rendered":"Mintic estrenar\u00e1 la serie audiovisual &#8220;Las Ni\u00f1as de la Guerra&#8221;"},"content":{"rendered":"<p><img fetchpriority=\"high\" decoding=\"async\" class=\" size-full wp-image-15586\" src=\"https:\/\/pagina10.com\/web\/wp-content\/uploads\/2015\/04\/e40dd200c9e60d533fff8b487397b991.jpg\" alt=\"\" width=\"960\" height=\"400\" srcset=\"https:\/\/pagina10.com\/web\/wp-content\/uploads\/2015\/04\/e40dd200c9e60d533fff8b487397b991.jpg 960w, https:\/\/pagina10.com\/web\/wp-content\/uploads\/2015\/04\/e40dd200c9e60d533fff8b487397b991-300x125.jpg 300w, https:\/\/pagina10.com\/web\/wp-content\/uploads\/2015\/04\/e40dd200c9e60d533fff8b487397b991-768x320.jpg 768w\" sizes=\"(max-width: 960px) 100vw, 960px\" \/><\/p>\n<p style=\"text-align: justify;\">El Ministerio de las TIC presentar\u00e1 &#8216;Las Ni\u00f1as de la Guerra&#8217; una serie audiovisual que relata las penurias y andanzas de millares de ni\u00f1os reclutados \u2012muchas veces a la fuerza\u2012 por grupos armados en Colombia y hoy buscan oportunidades para reconciliarse con la vida.<\/p>\n<p style=\"text-align: justify;\">&#8220;Las ni\u00f1as de la Guerra&#8221; recibi\u00f3 por parte del Ministerio de Tecnolog\u00edas de la Informaci\u00f3n y las Comunicaciones (MinTIC) y el Ministerio de Cultura, un total de $231 millones de pesos como uno de los proyectos ganadores en la categor\u00eda &#8216;Series de Animaci\u00f3n Digital&#8217; de la convocatoria &#8216;Crea Digital&#8217;. Gracias a ese apoyo sus directores, Jaime Cesar Espinosa Bonilla y Yoleiza Toro Bocanegra, se pudieron asociar con la productora Hierroanimaci\u00f3n para finalizar los cinco episodios que integran el proyecto.<\/p>\n<p style=\"text-align: justify;\">La serie ser\u00e1 estrenada en el Festival de la Imagen 2015 (Manizales) los d\u00edas 22, 23 y 24 de abril, en el Teatro Fundadores de esta ciudad. Forma parte de la oferta del mercado de coproducciones de la TV p\u00fablica nacional y se programar\u00e1 en algunos canales p\u00fablicos nacionales e internacionales.<\/p>\n<p style=\"text-align: justify;\">&#8220;Las ni\u00f1as de la guerra, serie de animaci\u00f3n digital maneja una tem\u00e1tica enmarcada en un escenario de postconflicto, y se centra en los testimonios de diez ni\u00f1as que permitieron a los realizadores construir a Mar\u00eda, un personaje que encarna la figura de las ni\u00f1as v\u00edctimas de la guerra&#8221;, explic\u00f3 la Viceministra General TIC, Mar\u00eda Carolina Hoyos Turbay.<\/p>\n<p style=\"text-align: justify;\">La serie narra las penurias de miles de ni\u00f1os y j\u00f3venes menores de edad que fueron reclutados por grupos armados al margen de la ley y tras desmovilizarse ingresaron a los programas de reinserci\u00f3n social que promueve el Gobierno Nacional.<\/p>\n<p style=\"text-align: justify;\">Aunque muchos de estos peque\u00f1os han sido reclutados a la fuerza, Espinosa y Yoleiza se enfocaron en retratar los testimonios de chicos que conocieron en el &#8216;Programa de Atenci\u00f3n a Ni\u00f1os, Ni\u00f1as y Adolescentes Desvinculados de los Grupos Armados Ilegales&#8217; del ICBF, que les confesaron haber huido de sus hogares como consecuencia del maltrato y abusos de que fueron objeto de sus mismos padres y familiares.<\/p>\n<p style=\"text-align: justify;\">Fue tal el grado de barbarie que enfrentaron algunos de estos peque\u00f1os, que la muerte les hizo gui\u00f1os incluso antes de haber nacido. A Lorena*, por ejemplo, su madre trat\u00f3 de matarla en el octavo mes de embarazo, para lo cual se arroj\u00f3 boca abajo desde un mueble alto para provocarse un aborto. Aunque la ni\u00f1a sobrevivi\u00f3, naci\u00f3 con los brazos y piernas fracturados.<\/p>\n<p style=\"text-align: justify;\">Elo\u00edsa*, otra peque\u00f1a desmovilizada, entr\u00f3 a la guerrilla con la certeza de que llegar\u00eda a un entorno de normas rigurosas, diferente al de su hogar libertino donde cada quien hac\u00eda lo que se le antojaba y el novio de su mam\u00e1 veces se colaba en su cuarto para violarla.<\/p>\n<p style=\"text-align: justify;\">Ni\u00f1as as\u00ed viven hoy bajo protecci\u00f3n del Instituto Colombiano de Bienestar Familiar (ICBF), que entre 1999 y 2014 atendi\u00f3 a 5.660 menores desmovilizados de los grupos armados al margen de la ley; la mayor\u00eda provenientes de Antioquia (625), Meta (405), Caquet\u00e1 (382) y Cauca (373).<\/p>\n<p style=\"text-align: justify;\">&#8220;Las ni\u00f1as de la guerra&#8221; producci\u00f3n de formato televisivo, fue realizada en la t\u00e9cnica de rotoscopia (dibujar sobre fotogramas de cine) y animaci\u00f3n digital en 2D y recogi\u00f3 los testimonios de las ni\u00f1as en un proceso de talleres y actividades l\u00fadicas coordinado por Espinosa y Yoleiza a lo largo de 13 meses.<\/p>\n<p style=\"text-align: justify;\">Para Espinosa, los documentales generalmente se realizan por proceso de extracci\u00f3n en el que los realizadores llegan al territorio y convencen a la comunidad de dejarse grabar y luego se van: nunca dejan nada a cambio. Buscando impactar a estos chicos, junto a Yoleiza y con el apoyo de la Universidad de Caldas y el ICBF, les ofrecieron una serie de talleres para brindarles herramientas acad\u00e9micas y laborales que les sirvieran m\u00e1s adelante.<\/p>\n<p style=\"text-align: justify;\">Despu\u00e9s de los talleres art\u00edsticos, los directores de la producci\u00f3n armaron un equipo de ilustradores y animadores digitales con el apoyo de Vivelab Manizales (laboratorio de contenidos digitales de MinTIC), donde trabajaron varios meses en la finalizaci\u00f3n de los cinco episodios de la serie.<\/p>\n<p style=\"text-align: justify;\">Las cifras del reclutamiento de menores en los grupos armados irregulares de Colombia son alarmantes. Seg\u00fan datos del Centro de Memoria Hist\u00f3rica, entre 1999 y 2013 han ingresado unos 18 mil ni\u00f1os que luego, cansados de la degradaci\u00f3n de la guerra terminaron huyendo o capturados por las Fuerzas Armadas; y al menos la tercera parte fue acogida por el programa de protecci\u00f3n del ICBF. &#8220;Esperamos que el p\u00fablico que vea este documental pueda dimensionar la barbarie del conflicto armado colombiano&#8221;, manifest\u00f3 la Viceministra TIC Mar\u00eda Carolina Hoyos.<\/p>\n<p style=\"text-align: justify;\">Para los directores de la producci\u00f3n, &#8216;Las Ni\u00f1as de la Guerra&#8217; plantea que los menores desmovilizados no son v\u00edctimas, ni victimarios: &#8220;Tan s\u00f3lo son seres humanos que tuvieron sus razones personales para ingresar a estos grupos y hacer todo lo que hicieron. Y ahora que estamos ante un eventual marco de post-conflicto, buscan una nueva oportunidad&#8221;, puntualiz\u00f3 Yoleiza.<\/p>\n<p style=\"text-align: justify;\">*Nombres cambiados para proteger la identidad de los menores.<\/p>\n<p style=\"text-align: justify;\">&nbsp;<\/p>\n<p>Fuente: MIntic<\/p>\n","protected":false},"excerpt":{"rendered":"<p>El Ministerio de las TIC presentar\u00e1 &#8216;Las Ni\u00f1as de la Guerra&#8217; una serie audiovisual que relata las penurias y andanzas de millares de ni\u00f1os reclutados \u2012muchas veces a la fuerza\u2012 por grupos armados en Colombia y hoy buscan oportunidades para reconciliarse con la vida. &#8220;Las ni\u00f1as de la Guerra&#8221; recibi\u00f3 por parte del Ministerio de [&hellip;]<\/p>\n","protected":false},"author":29,"featured_media":15586,"comment_status":"open","ping_status":"open","sticky":false,"template":"","format":"standard","meta":{"footnotes":""},"categories":[1],"tags":[],"class_list":["post-15587","post","type-post","status-publish","format-standard","has-post-thumbnail","hentry","category-sin-categoria"],"yoast_head":"<!-- This site is optimized with the Yoast SEO plugin v27.1.1 - https:\/\/yoast.com\/product\/yoast-seo-wordpress\/ -->\n<title>Mintic estrenar\u00e1 la serie audiovisual &quot;Las Ni\u00f1as de la Guerra&quot; | P\u00e1gina10<\/title>\n<meta name=\"robots\" content=\"index, follow, max-snippet:-1, max-image-preview:large, max-video-preview:-1\" \/>\n<link rel=\"canonical\" href=\"https:\/\/pagina10.com\/web\/mintic-estrenara-la-serie-audiovisual-las-ninas-de-la-guerra\/\" \/>\n<meta property=\"og:locale\" content=\"es_ES\" \/>\n<meta property=\"og:type\" content=\"article\" \/>\n<meta property=\"og:title\" content=\"Mintic estrenar\u00e1 la serie audiovisual &quot;Las Ni\u00f1as de la Guerra&quot; | P\u00e1gina10\" \/>\n<meta property=\"og:description\" content=\"El Ministerio de las TIC presentar\u00e1 &#8216;Las Ni\u00f1as de la Guerra&#8217; una serie audiovisual que relata las penurias y andanzas de millares de ni\u00f1os reclutados \u2012muchas veces a la fuerza\u2012 por grupos armados en Colombia y hoy buscan oportunidades para reconciliarse con la vida. &#8220;Las ni\u00f1as de la Guerra&#8221; recibi\u00f3 por parte del Ministerio de [&hellip;]\" \/>\n<meta property=\"og:url\" content=\"https:\/\/pagina10.com\/web\/mintic-estrenara-la-serie-audiovisual-las-ninas-de-la-guerra\/\" \/>\n<meta property=\"og:site_name\" content=\"P\u00e1gina10\" \/>\n<meta property=\"article:publisher\" content=\"https:\/\/www.facebook.com\/pag10com\" \/>\n<meta property=\"article:published_time\" content=\"2015-04-13T16:05:38+00:00\" \/>\n<meta property=\"og:image\" content=\"https:\/\/pagina10.com\/web\/wp-content\/uploads\/2015\/04\/e40dd200c9e60d533fff8b487397b991.jpg\" \/>\n\t<meta property=\"og:image:width\" content=\"960\" \/>\n\t<meta property=\"og:image:height\" content=\"400\" \/>\n\t<meta property=\"og:image:type\" content=\"image\/jpeg\" \/>\n<meta name=\"author\" content=\"P\u00e1gina 10\" \/>\n<meta name=\"twitter:card\" content=\"summary_large_image\" \/>\n<meta name=\"twitter:creator\" content=\"@Pag10com\" \/>\n<meta name=\"twitter:site\" content=\"@Pag10com\" \/>\n<meta name=\"twitter:label1\" content=\"Escrito por\" \/>\n\t<meta name=\"twitter:data1\" content=\"P\u00e1gina 10\" \/>\n\t<meta name=\"twitter:label2\" content=\"Tiempo de lectura\" \/>\n\t<meta name=\"twitter:data2\" content=\"4 minutos\" \/>\n<script type=\"application\/ld+json\" class=\"yoast-schema-graph\">{\"@context\":\"https:\/\/schema.org\",\"@graph\":[{\"@type\":\"Article\",\"@id\":\"https:\/\/pagina10.com\/web\/mintic-estrenara-la-serie-audiovisual-las-ninas-de-la-guerra\/#article\",\"isPartOf\":{\"@id\":\"https:\/\/pagina10.com\/web\/mintic-estrenara-la-serie-audiovisual-las-ninas-de-la-guerra\/\"},\"author\":{\"name\":\"P\u00e1gina 10\",\"@id\":\"https:\/\/pagina10.com\/web\/#\/schema\/person\/a7a5d38f0629dfc107f619fbae4f6cc3\"},\"headline\":\"Mintic estrenar\u00e1 la serie audiovisual &#8220;Las Ni\u00f1as de la Guerra&#8221;\",\"datePublished\":\"2015-04-13T16:05:38+00:00\",\"mainEntityOfPage\":{\"@id\":\"https:\/\/pagina10.com\/web\/mintic-estrenara-la-serie-audiovisual-las-ninas-de-la-guerra\/\"},\"wordCount\":876,\"commentCount\":0,\"publisher\":{\"@id\":\"https:\/\/pagina10.com\/web\/#organization\"},\"image\":{\"@id\":\"https:\/\/pagina10.com\/web\/mintic-estrenara-la-serie-audiovisual-las-ninas-de-la-guerra\/#primaryimage\"},\"thumbnailUrl\":\"https:\/\/pagina10.com\/web\/wp-content\/uploads\/2015\/04\/e40dd200c9e60d533fff8b487397b991.jpg\",\"inLanguage\":\"es\",\"potentialAction\":[{\"@type\":\"CommentAction\",\"name\":\"Comment\",\"target\":[\"https:\/\/pagina10.com\/web\/mintic-estrenara-la-serie-audiovisual-las-ninas-de-la-guerra\/#respond\"]}]},{\"@type\":\"WebPage\",\"@id\":\"https:\/\/pagina10.com\/web\/mintic-estrenara-la-serie-audiovisual-las-ninas-de-la-guerra\/\",\"url\":\"https:\/\/pagina10.com\/web\/mintic-estrenara-la-serie-audiovisual-las-ninas-de-la-guerra\/\",\"name\":\"Mintic estrenar\u00e1 la serie audiovisual \\\"Las Ni\u00f1as de la Guerra\\\" | P\u00e1gina10\",\"isPartOf\":{\"@id\":\"https:\/\/pagina10.com\/web\/#website\"},\"primaryImageOfPage\":{\"@id\":\"https:\/\/pagina10.com\/web\/mintic-estrenara-la-serie-audiovisual-las-ninas-de-la-guerra\/#primaryimage\"},\"image\":{\"@id\":\"https:\/\/pagina10.com\/web\/mintic-estrenara-la-serie-audiovisual-las-ninas-de-la-guerra\/#primaryimage\"},\"thumbnailUrl\":\"https:\/\/pagina10.com\/web\/wp-content\/uploads\/2015\/04\/e40dd200c9e60d533fff8b487397b991.jpg\",\"datePublished\":\"2015-04-13T16:05:38+00:00\",\"breadcrumb\":{\"@id\":\"https:\/\/pagina10.com\/web\/mintic-estrenara-la-serie-audiovisual-las-ninas-de-la-guerra\/#breadcrumb\"},\"inLanguage\":\"es\",\"potentialAction\":[{\"@type\":\"ReadAction\",\"target\":[\"https:\/\/pagina10.com\/web\/mintic-estrenara-la-serie-audiovisual-las-ninas-de-la-guerra\/\"]}]},{\"@type\":\"ImageObject\",\"inLanguage\":\"es\",\"@id\":\"https:\/\/pagina10.com\/web\/mintic-estrenara-la-serie-audiovisual-las-ninas-de-la-guerra\/#primaryimage\",\"url\":\"https:\/\/pagina10.com\/web\/wp-content\/uploads\/2015\/04\/e40dd200c9e60d533fff8b487397b991.jpg\",\"contentUrl\":\"https:\/\/pagina10.com\/web\/wp-content\/uploads\/2015\/04\/e40dd200c9e60d533fff8b487397b991.jpg\",\"width\":960,\"height\":400},{\"@type\":\"BreadcrumbList\",\"@id\":\"https:\/\/pagina10.com\/web\/mintic-estrenara-la-serie-audiovisual-las-ninas-de-la-guerra\/#breadcrumb\",\"itemListElement\":[{\"@type\":\"ListItem\",\"position\":1,\"name\":\"Portada\",\"item\":\"https:\/\/pagina10.com\/web\/\"},{\"@type\":\"ListItem\",\"position\":2,\"name\":\"Mintic estrenar\u00e1 la serie audiovisual &#8220;Las Ni\u00f1as de la Guerra&#8221;\"}]},{\"@type\":\"WebSite\",\"@id\":\"https:\/\/pagina10.com\/web\/#website\",\"url\":\"https:\/\/pagina10.com\/web\/\",\"name\":\"P\u00e1gina10\",\"description\":\"Peri\u00f3dico Regional\",\"publisher\":{\"@id\":\"https:\/\/pagina10.com\/web\/#organization\"},\"alternateName\":\"P\u00e1gina10 Peri\u00f3dico Regional\",\"potentialAction\":[{\"@type\":\"SearchAction\",\"target\":{\"@type\":\"EntryPoint\",\"urlTemplate\":\"https:\/\/pagina10.com\/web\/?s={search_term_string}\"},\"query-input\":{\"@type\":\"PropertyValueSpecification\",\"valueRequired\":true,\"valueName\":\"search_term_string\"}}],\"inLanguage\":\"es\"},{\"@type\":\"Organization\",\"@id\":\"https:\/\/pagina10.com\/web\/#organization\",\"name\":\"P\u00e1gina10\",\"alternateName\":\"P\u00e1gina10 Peri\u00f3dico Regional\",\"url\":\"https:\/\/pagina10.com\/web\/\",\"logo\":{\"@type\":\"ImageObject\",\"inLanguage\":\"es\",\"@id\":\"https:\/\/pagina10.com\/web\/#\/schema\/logo\/image\/\",\"url\":\"https:\/\/pagina10.com\/web\/wp-content\/uploads\/2024\/01\/40-pagina-10-periodico-regional-pasto.jpg\",\"contentUrl\":\"https:\/\/pagina10.com\/web\/wp-content\/uploads\/2024\/01\/40-pagina-10-periodico-regional-pasto.jpg\",\"width\":1280,\"height\":720,\"caption\":\"P\u00e1gina10\"},\"image\":{\"@id\":\"https:\/\/pagina10.com\/web\/#\/schema\/logo\/image\/\"},\"sameAs\":[\"https:\/\/www.facebook.com\/pag10com\",\"https:\/\/x.com\/Pag10com\",\"https:\/\/www.instagram.com\/pagina10col\/\",\"https:\/\/youtube.com\/channel\/pag10\",\"https:\/\/www.tiktok.com\/@p10col\"]},{\"@type\":\"Person\",\"@id\":\"https:\/\/pagina10.com\/web\/#\/schema\/person\/a7a5d38f0629dfc107f619fbae4f6cc3\",\"name\":\"P\u00e1gina 10\",\"description\":\"P\u00e1gina10.com es un peri\u00f3dico digital que nace en Colombia, en el departamento de Nari\u00f1o, con un enfoque global, fundamentado en cuatro pilares esenciales: la libertad, el pluralismo, la inclusi\u00f3n y la independencia. P\u00e1gina10.com hace referencia a Nari\u00f1o como el d\u00e9cimo departamento creado en Colombia, despu\u00e9s de un proceso pol\u00edtico liderado por actores y actrices regionales con el fin de obtener la independencia y autonom\u00eda de nuestros territorios. Con la creaci\u00f3n de P\u00e1gina10.com se pretende abrir un escenario para el dialogo, la reflexi\u00f3n y el debate que se extienda a otras geograf\u00edas de Am\u00e9rica Latina y del planeta, en una apuesta por transformar colectivamente los desaf\u00edos de un mundo contempor\u00e1neo, m\u00e1s all\u00e1 de las fronteras impuestas.\",\"url\":\"https:\/\/pagina10.com\/web\/author\/mcepeda\/\"}]}<\/script>\n<!-- \/ Yoast SEO plugin. -->","yoast_head_json":{"title":"Mintic estrenar\u00e1 la serie audiovisual \"Las Ni\u00f1as de la Guerra\" | P\u00e1gina10","robots":{"index":"index","follow":"follow","max-snippet":"max-snippet:-1","max-image-preview":"max-image-preview:large","max-video-preview":"max-video-preview:-1"},"canonical":"https:\/\/pagina10.com\/web\/mintic-estrenara-la-serie-audiovisual-las-ninas-de-la-guerra\/","og_locale":"es_ES","og_type":"article","og_title":"Mintic estrenar\u00e1 la serie audiovisual \"Las Ni\u00f1as de la Guerra\" | P\u00e1gina10","og_description":"El Ministerio de las TIC presentar\u00e1 &#8216;Las Ni\u00f1as de la Guerra&#8217; una serie audiovisual que relata las penurias y andanzas de millares de ni\u00f1os reclutados \u2012muchas veces a la fuerza\u2012 por grupos armados en Colombia y hoy buscan oportunidades para reconciliarse con la vida. &#8220;Las ni\u00f1as de la Guerra&#8221; recibi\u00f3 por parte del Ministerio de [&hellip;]","og_url":"https:\/\/pagina10.com\/web\/mintic-estrenara-la-serie-audiovisual-las-ninas-de-la-guerra\/","og_site_name":"P\u00e1gina10","article_publisher":"https:\/\/www.facebook.com\/pag10com","article_published_time":"2015-04-13T16:05:38+00:00","og_image":[{"width":960,"height":400,"url":"https:\/\/pagina10.com\/web\/wp-content\/uploads\/2015\/04\/e40dd200c9e60d533fff8b487397b991.jpg","type":"image\/jpeg"}],"author":"P\u00e1gina 10","twitter_card":"summary_large_image","twitter_creator":"@Pag10com","twitter_site":"@Pag10com","twitter_misc":{"Escrito por":"P\u00e1gina 10","Tiempo de lectura":"4 minutos"},"schema":{"@context":"https:\/\/schema.org","@graph":[{"@type":"Article","@id":"https:\/\/pagina10.com\/web\/mintic-estrenara-la-serie-audiovisual-las-ninas-de-la-guerra\/#article","isPartOf":{"@id":"https:\/\/pagina10.com\/web\/mintic-estrenara-la-serie-audiovisual-las-ninas-de-la-guerra\/"},"author":{"name":"P\u00e1gina 10","@id":"https:\/\/pagina10.com\/web\/#\/schema\/person\/a7a5d38f0629dfc107f619fbae4f6cc3"},"headline":"Mintic estrenar\u00e1 la serie audiovisual &#8220;Las Ni\u00f1as de la Guerra&#8221;","datePublished":"2015-04-13T16:05:38+00:00","mainEntityOfPage":{"@id":"https:\/\/pagina10.com\/web\/mintic-estrenara-la-serie-audiovisual-las-ninas-de-la-guerra\/"},"wordCount":876,"commentCount":0,"publisher":{"@id":"https:\/\/pagina10.com\/web\/#organization"},"image":{"@id":"https:\/\/pagina10.com\/web\/mintic-estrenara-la-serie-audiovisual-las-ninas-de-la-guerra\/#primaryimage"},"thumbnailUrl":"https:\/\/pagina10.com\/web\/wp-content\/uploads\/2015\/04\/e40dd200c9e60d533fff8b487397b991.jpg","inLanguage":"es","potentialAction":[{"@type":"CommentAction","name":"Comment","target":["https:\/\/pagina10.com\/web\/mintic-estrenara-la-serie-audiovisual-las-ninas-de-la-guerra\/#respond"]}]},{"@type":"WebPage","@id":"https:\/\/pagina10.com\/web\/mintic-estrenara-la-serie-audiovisual-las-ninas-de-la-guerra\/","url":"https:\/\/pagina10.com\/web\/mintic-estrenara-la-serie-audiovisual-las-ninas-de-la-guerra\/","name":"Mintic estrenar\u00e1 la serie audiovisual \"Las Ni\u00f1as de la Guerra\" | P\u00e1gina10","isPartOf":{"@id":"https:\/\/pagina10.com\/web\/#website"},"primaryImageOfPage":{"@id":"https:\/\/pagina10.com\/web\/mintic-estrenara-la-serie-audiovisual-las-ninas-de-la-guerra\/#primaryimage"},"image":{"@id":"https:\/\/pagina10.com\/web\/mintic-estrenara-la-serie-audiovisual-las-ninas-de-la-guerra\/#primaryimage"},"thumbnailUrl":"https:\/\/pagina10.com\/web\/wp-content\/uploads\/2015\/04\/e40dd200c9e60d533fff8b487397b991.jpg","datePublished":"2015-04-13T16:05:38+00:00","breadcrumb":{"@id":"https:\/\/pagina10.com\/web\/mintic-estrenara-la-serie-audiovisual-las-ninas-de-la-guerra\/#breadcrumb"},"inLanguage":"es","potentialAction":[{"@type":"ReadAction","target":["https:\/\/pagina10.com\/web\/mintic-estrenara-la-serie-audiovisual-las-ninas-de-la-guerra\/"]}]},{"@type":"ImageObject","inLanguage":"es","@id":"https:\/\/pagina10.com\/web\/mintic-estrenara-la-serie-audiovisual-las-ninas-de-la-guerra\/#primaryimage","url":"https:\/\/pagina10.com\/web\/wp-content\/uploads\/2015\/04\/e40dd200c9e60d533fff8b487397b991.jpg","contentUrl":"https:\/\/pagina10.com\/web\/wp-content\/uploads\/2015\/04\/e40dd200c9e60d533fff8b487397b991.jpg","width":960,"height":400},{"@type":"BreadcrumbList","@id":"https:\/\/pagina10.com\/web\/mintic-estrenara-la-serie-audiovisual-las-ninas-de-la-guerra\/#breadcrumb","itemListElement":[{"@type":"ListItem","position":1,"name":"Portada","item":"https:\/\/pagina10.com\/web\/"},{"@type":"ListItem","position":2,"name":"Mintic estrenar\u00e1 la serie audiovisual &#8220;Las Ni\u00f1as de la Guerra&#8221;"}]},{"@type":"WebSite","@id":"https:\/\/pagina10.com\/web\/#website","url":"https:\/\/pagina10.com\/web\/","name":"P\u00e1gina10","description":"Peri\u00f3dico Regional","publisher":{"@id":"https:\/\/pagina10.com\/web\/#organization"},"alternateName":"P\u00e1gina10 Peri\u00f3dico Regional","potentialAction":[{"@type":"SearchAction","target":{"@type":"EntryPoint","urlTemplate":"https:\/\/pagina10.com\/web\/?s={search_term_string}"},"query-input":{"@type":"PropertyValueSpecification","valueRequired":true,"valueName":"search_term_string"}}],"inLanguage":"es"},{"@type":"Organization","@id":"https:\/\/pagina10.com\/web\/#organization","name":"P\u00e1gina10","alternateName":"P\u00e1gina10 Peri\u00f3dico Regional","url":"https:\/\/pagina10.com\/web\/","logo":{"@type":"ImageObject","inLanguage":"es","@id":"https:\/\/pagina10.com\/web\/#\/schema\/logo\/image\/","url":"https:\/\/pagina10.com\/web\/wp-content\/uploads\/2024\/01\/40-pagina-10-periodico-regional-pasto.jpg","contentUrl":"https:\/\/pagina10.com\/web\/wp-content\/uploads\/2024\/01\/40-pagina-10-periodico-regional-pasto.jpg","width":1280,"height":720,"caption":"P\u00e1gina10"},"image":{"@id":"https:\/\/pagina10.com\/web\/#\/schema\/logo\/image\/"},"sameAs":["https:\/\/www.facebook.com\/pag10com","https:\/\/x.com\/Pag10com","https:\/\/www.instagram.com\/pagina10col\/","https:\/\/youtube.com\/channel\/pag10","https:\/\/www.tiktok.com\/@p10col"]},{"@type":"Person","@id":"https:\/\/pagina10.com\/web\/#\/schema\/person\/a7a5d38f0629dfc107f619fbae4f6cc3","name":"P\u00e1gina 10","description":"P\u00e1gina10.com es un peri\u00f3dico digital que nace en Colombia, en el departamento de Nari\u00f1o, con un enfoque global, fundamentado en cuatro pilares esenciales: la libertad, el pluralismo, la inclusi\u00f3n y la independencia. P\u00e1gina10.com hace referencia a Nari\u00f1o como el d\u00e9cimo departamento creado en Colombia, despu\u00e9s de un proceso pol\u00edtico liderado por actores y actrices regionales con el fin de obtener la independencia y autonom\u00eda de nuestros territorios. Con la creaci\u00f3n de P\u00e1gina10.com se pretende abrir un escenario para el dialogo, la reflexi\u00f3n y el debate que se extienda a otras geograf\u00edas de Am\u00e9rica Latina y del planeta, en una apuesta por transformar colectivamente los desaf\u00edos de un mundo contempor\u00e1neo, m\u00e1s all\u00e1 de las fronteras impuestas.","url":"https:\/\/pagina10.com\/web\/author\/mcepeda\/"}]}},"_links":{"self":[{"href":"https:\/\/pagina10.com\/web\/wp-json\/wp\/v2\/posts\/15587","targetHints":{"allow":["GET"]}}],"collection":[{"href":"https:\/\/pagina10.com\/web\/wp-json\/wp\/v2\/posts"}],"about":[{"href":"https:\/\/pagina10.com\/web\/wp-json\/wp\/v2\/types\/post"}],"author":[{"embeddable":true,"href":"https:\/\/pagina10.com\/web\/wp-json\/wp\/v2\/users\/29"}],"replies":[{"embeddable":true,"href":"https:\/\/pagina10.com\/web\/wp-json\/wp\/v2\/comments?post=15587"}],"version-history":[{"count":0,"href":"https:\/\/pagina10.com\/web\/wp-json\/wp\/v2\/posts\/15587\/revisions"}],"wp:featuredmedia":[{"embeddable":true,"href":"https:\/\/pagina10.com\/web\/wp-json\/wp\/v2\/media\/15586"}],"wp:attachment":[{"href":"https:\/\/pagina10.com\/web\/wp-json\/wp\/v2\/media?parent=15587"}],"wp:term":[{"taxonomy":"category","embeddable":true,"href":"https:\/\/pagina10.com\/web\/wp-json\/wp\/v2\/categories?post=15587"},{"taxonomy":"post_tag","embeddable":true,"href":"https:\/\/pagina10.com\/web\/wp-json\/wp\/v2\/tags?post=15587"}],"curies":[{"name":"wp","href":"https:\/\/api.w.org\/{rel}","templated":true}]}}