{"id":15591,"date":"2015-04-13T16:12:04","date_gmt":"2015-04-13T16:12:04","guid":{"rendered":"https:\/\/pagina10.com\/web\/equilibrio-de-poderes-estudio-y-debate-en-recta-final-en-la-comision-primera-de-senado\/"},"modified":"2015-04-13T16:12:04","modified_gmt":"2015-04-13T16:12:04","slug":"equilibrio-de-poderes-estudio-y-debate-en-recta-final-en-la-comision-primera-de-senado","status":"publish","type":"post","link":"https:\/\/pagina10.com\/web\/equilibrio-de-poderes-estudio-y-debate-en-recta-final-en-la-comision-primera-de-senado\/","title":{"rendered":"Equilibrio de Poderes: estudio y debate en recta final en la Comisi\u00f3n Primera de Senado"},"content":{"rendered":"<p><img fetchpriority=\"high\" decoding=\"async\" class=\" size-full wp-image-15590\" src=\"https:\/\/pagina10.com\/web\/wp-content\/uploads\/2015\/04\/e354b0970addf69e7dec83bec5e9d8ce.jpg\" alt=\"\" width=\"3456\" height=\"2304\" \/><\/p>\n<div style=\"text-align: justify;\">Este lunes, a partir de las 2 de la tarde, el estudio, debate y aprobaci\u00f3n el acto legislativo de Equilibrio de Poderes entra en su recta final en la Comisi\u00f3n Primera del senado.<\/div>\n<p style=\"text-align: justify;\">&nbsp;<\/p>\n<div style=\"text-align: justify;\">De entrada, la construcci\u00f3n de la Comisi\u00f3n de Aforados ocupar\u00e1 la atenci\u00f3n de los legisladores de las distintas bancadas con asiento en la comisi\u00f3n de asuntos constitucionales, al que se sumar\u00e1 la apertura de 4 curules que le otorgara el senado a los departamentos que no cuentan hoy, con senadores; entre ellos el departamento del Choc\u00f3 y San Andr\u00e9s y Providencia,.<\/div>\n<div style=\"text-align: justify;\">&nbsp;<\/div>\n<div style=\"text-align: justify;\">M\u00e1s adelante, se pasar\u00e1 \u201cal tablero\u201d la eliminaci\u00f3n del voto preferente y la lista cerrada de los partidos. \u201cEl acto legislativo de Equilibrio de Poderes, es un ajuste institucional significativo. Que ha contado con una amplia discusi\u00f3n dentro y fuera del Congreso\u201d, sostuvo el senador Hern\u00e1n Andrade (partido conservador) coordinador ponente de la iniciativa, que ser\u00e1 estudiado en las horas de la tarde de este lunes.<\/div>\n<div style=\"text-align: justify;\">&nbsp;<\/div>\n<div style=\"text-align: justify;\">Precisamente, en&nbsp;&nbsp;el marco del quinto debate del Proyecto de Reforma al Equilibrio de Poderes que&nbsp; estudia y debate en la Comisi\u00f3n Primera del Senado, fue aprobada la eliminaci\u00f3n de la reelecci\u00f3n presidencial, la eliminaci\u00f3n del Consejo Superior de la Judicatura, el cual ser\u00e1 reemplazado por el Consejo de la Rama Judicial, que tendr\u00e1 como novedad, una junta directiva de la administraci\u00f3n judicial y el gerente de la rama judicial.&nbsp;<br clear=\"none\" \/><br clear=\"none\" \/>Adem\u00e1s, la comisi\u00f3n de asuntos constitucionales &nbsp;aprob\u00f3 &nbsp;la prohibici\u00f3n que en adelante tendr\u00edan los funcionarios p\u00fablicos de contratar, postular o nombrar a familiares o personas que hayan intervenido en su postulaci\u00f3n para el cargo que ostentan, con el fin de acabar con el \u2018yo te elijo, t\u00fa me eliges\u2019.<br clear=\"none\" \/><br clear=\"none\" \/>Tambi\u00e9n se proh\u00edbe la reelecci\u00f3n de magistrados de todas las cortes y el Consejo Nacional Electoral (CNE), procurador, fiscal, defensor del pueblo, contralor, auditor y registrador.<br clear=\"none\" \/><br clear=\"none\" \/>A\u00fan faltan &nbsp;art\u00edculos por ser votados por lo que la sesi\u00f3n se retomara su estudio para terminar su aprobaci\u00f3n y que el proyecto pueda pasar a la Plenaria del Senado de la Rep\u00fablica.<\/div>\n<div style=\"text-align: justify;\">Adicionalmente, se aprob\u00f3 establecer la prohibici\u00f3n que en adelante tendr\u00edan los funcionarios p\u00fablicos de contratar, postular o nombrar a familiares o personas que hayan intervenido en su postulaci\u00f3n para el cargo que ostentan, con el fin de acabar m con el \u2018yo te elijo, t\u00fa me eliges\u2019.<br clear=\"none\" \/><br clear=\"none\" \/><br clear=\"none\" \/><\/div>\n<div style=\"text-align: justify;\">En materia pol\u00edtica, la comisi\u00f3n primera del senado abordar\u00e1&nbsp; s temas como el aumento de la \u201csilla vac\u00eda\u201d contra los delitos dolosos hacia la Administraci\u00f3n P\u00fablica aplicable desde la vigencia de este Acto Legislativo.<\/div>\n<div style=\"text-align: justify;\">&nbsp;<\/div>\n<div style=\"text-align: justify;\">A su vez, de los requisitos que deben cumplir los senadores regionales y si es factible la aprobaci\u00f3n para que se haga la elecci\u00f3n de un representante por la comunidad del raizal de San Andr\u00e9s y Providencia y Santa Catalina, y uno por la circunscripci\u00f3n internacional.&nbsp;<br clear=\"none\" \/><br clear=\"none\" \/>En materia judicial, tendr\u00e1n la labor de estudiar la aprobaci\u00f3n del resto de incisos del art\u00edculo 9 que toca el tema de la Comisi\u00f3n de Aforados, que es el \u00f3rgano que reemplazar\u00e1 la Comisi\u00f3n de Acusaci\u00f3n de la C\u00e1mara y se integrar\u00e1 por cinco magistrados de la Corte Suprema de Justicia, quienes deben cumplir con requisitos tales como 20 a\u00f1os de carrera profesional en derecho y dictar c\u00e1tedras en universidades del pa\u00eds.&nbsp;<br clear=\"none\" \/><br clear=\"none\" \/>Sin embargo, pese a que el art\u00edculo 9 podr\u00eda ser uno de los m\u00e1s pol\u00e9micos, el art\u00edculo 26 que modifica las funciones de la Procuradur\u00eda General de la Naci\u00f3n es el que m\u00e1s puya causa, ya que analizar\u00edan si aprueban o no que el Procurador deba ejercer vigilancia de la conducta oficial de los funcionarios p\u00fablicos, incluyendo los de elecci\u00f3n popular, excepto a los congresistas a partir del 20 de julio de 2018.&nbsp;<br clear=\"none\" \/><br clear=\"none\" \/>Tambi\u00e9n se definir\u00e1 si el Procurador General de la Naci\u00f3n deba ser elegido por el Senado de la Rep\u00fablica, con terna enviada por el Presidente de la Rep\u00fablica a partir del 7 de agosto de 2018.&nbsp;<br clear=\"none\" \/><br clear=\"none\" \/>Lo aprobado&nbsp;<br clear=\"none\" \/><br clear=\"none\" \/>Uno de los art\u00edculos aprobados a que m\u00e1s caus\u00f3 pol\u00e9mica, fue el que proh\u00edbe la reelecci\u00f3n del Presidente de la Rep\u00fablica, la cual desde ahora s\u00f3lo podr\u00e1 ser reformada por Referendo o Asamblea Constituyente.&nbsp;<br clear=\"none\" \/><br clear=\"none\" \/>Por su parte, el Contralor General de la Rep\u00fablica, ser\u00e1 elegido por el Congreso en pleno, de lista de elegibles conformada por convocatoria p\u00fablica, a su vez solo el Congreso proveer\u00e1 las faltas temporales y definitivas del cargo.&nbsp;<br clear=\"none\" \/><br clear=\"none\" \/>Para los contralores departamentales, distritales o municipales, la Comisi\u00f3n Primera del Senado aprob\u00f3 que \u00e9stos sean elegidos mediante convocatoria p\u00fablica y no puedan ser reelegidos en sus cargos.&nbsp;<br clear=\"none\" \/><br clear=\"none\" \/>Otro de los art\u00edculos aprobados del eje pol\u00edtico, es el que le da funciones aut\u00f3nomas al Defensor del Pueblo, m\u00e1s no puede ser reelegido en su cargo. Adicionalmente, la ley determinar\u00e1 la organizaci\u00f3n y funcionamiento de esta entidad, como ente aut\u00f3nomo administrativo y presupuestalmente.&nbsp;<br clear=\"none\" \/><br clear=\"none\" \/>En cuanto al eje judicial que trata el debate de la Reforma de Equilibrio de Poderes, la Comisi\u00f3n Primera del Senado, aprob\u00f3 dentro del tema de la Comisi\u00f3n de Aforados, los incisos 1 y 2 que se\u00f1alan que magistrados y Fiscal General de la Naci\u00f3n ser\u00e1n responsables por cualquier falta o delito cometido en el ejercicio de sus funciones.&nbsp;<br clear=\"none\" \/><br clear=\"none\" \/>Adicionalmente, no podr\u00e1 exig\u00edrseles responsabilidad por los votos u opiniones emitidos en las providencias judiciales. En cuanto al inciso dos, se aprob\u00f3 que la Comisi\u00f3n de Aforados pueda suspender preventivamente a los investigados mientras adelanta el proceso.&nbsp;<br clear=\"none\" \/><br clear=\"none\" \/>Otro de los articulados aprobados por la Comisi\u00f3n en el eje judicial, fue la inhabilidad de nominaci\u00f3n y contrataci\u00f3n de los servidores p\u00fablicos, a excepci\u00f3n de los nombramientos basados en normas vigentes de ingreso o ascenso por m\u00e9ritos. Es as\u00ed, como la elecci\u00f3n de estos funcionarios corresponde a una convocatoria p\u00fablica, que proh\u00edbe la puerta giratoria.<br clear=\"none\" \/><br clear=\"none\" \/>Entre los temas que alcanz\u00f3 un &#8220;climax&#8221; en la sesi\u00f3n de la comisi\u00f3n primera del senado y duramente discutido por los legisladores, estuvo el art\u00edculo 6, que le dio el mismo fuero jur\u00eddico del Presidente de la Rep\u00fablica, al Vicepresidente y miembros de la Comisi\u00f3n de Aforados.&nbsp;<br clear=\"none\" \/><br clear=\"none\" \/>En el marco del quinto debate de la Reforma de Equilibrio de Poderes, tambi\u00e9n se aprob\u00f3 las atribuciones de la C\u00e1mara de Representantes, las cuales les permiten acusar ante el Senado al Presidente de la Rep\u00fablica o quien haga sus veces, Vicepresidente de la Rep\u00fablica y miembros de la Comisi\u00f3n de Aforados.&nbsp;<br clear=\"none\" \/><br clear=\"none\" \/>Finalmente, se aprob\u00f3 que la elecci\u00f3n de magistrados de la Corte Suprema de Justicia y del Consejo de Estado sea por intermedio de concurso de m\u00e9ritos por oposici\u00f3n. Por \u00faltimo fueron aprobados los tres niveles de la Comisi\u00f3n Nacional de Gobierno y Administraci\u00f3n Judicial, los cuales son: el Consejo de Gobierno Judicial; la Junta Ejecutiva de Administraci\u00f3n Judicial y la Gerencia de la Rama Judicial y Direcci\u00f3n de la Magistratura.<\/div>\n","protected":false},"excerpt":{"rendered":"<p>Este lunes, a partir de las 2 de la tarde, el estudio, debate y aprobaci\u00f3n el acto legislativo de Equilibrio de Poderes entra en su recta final en la Comisi\u00f3n Primera del senado. &nbsp; De entrada, la construcci\u00f3n de la Comisi\u00f3n de Aforados ocupar\u00e1 la atenci\u00f3n de los legisladores de las distintas bancadas con asiento [&hellip;]<\/p>\n","protected":false},"author":38,"featured_media":15590,"comment_status":"open","ping_status":"open","sticky":false,"template":"","format":"standard","meta":{"footnotes":""},"categories":[1],"tags":[],"class_list":["post-15591","post","type-post","status-publish","format-standard","has-post-thumbnail","hentry","category-sin-categoria"],"yoast_head":"<!-- This site is optimized with the Yoast SEO plugin v27.1.1 - https:\/\/yoast.com\/product\/yoast-seo-wordpress\/ -->\n<title>Equilibrio de Poderes: estudio y debate en recta final en la Comisi\u00f3n Primera de Senado | P\u00e1gina10<\/title>\n<meta name=\"robots\" content=\"index, follow, max-snippet:-1, max-image-preview:large, max-video-preview:-1\" \/>\n<link rel=\"canonical\" href=\"https:\/\/pagina10.com\/web\/equilibrio-de-poderes-estudio-y-debate-en-recta-final-en-la-comision-primera-de-senado\/\" \/>\n<meta property=\"og:locale\" content=\"es_ES\" \/>\n<meta property=\"og:type\" content=\"article\" \/>\n<meta property=\"og:title\" content=\"Equilibrio de Poderes: estudio y debate en recta final en la Comisi\u00f3n Primera de Senado | P\u00e1gina10\" \/>\n<meta property=\"og:description\" content=\"Este lunes, a partir de las 2 de la tarde, el estudio, debate y aprobaci\u00f3n el acto legislativo de Equilibrio de Poderes entra en su recta final en la Comisi\u00f3n Primera del senado. &nbsp; De entrada, la construcci\u00f3n de la Comisi\u00f3n de Aforados ocupar\u00e1 la atenci\u00f3n de los legisladores de las distintas bancadas con asiento [&hellip;]\" \/>\n<meta property=\"og:url\" content=\"https:\/\/pagina10.com\/web\/equilibrio-de-poderes-estudio-y-debate-en-recta-final-en-la-comision-primera-de-senado\/\" \/>\n<meta property=\"og:site_name\" content=\"P\u00e1gina10\" \/>\n<meta property=\"article:publisher\" content=\"https:\/\/www.facebook.com\/pag10com\" \/>\n<meta property=\"article:published_time\" content=\"2015-04-13T16:12:04+00:00\" \/>\n<meta property=\"og:image\" content=\"https:\/\/pagina10.com\/web\/wp-content\/uploads\/2015\/04\/e354b0970addf69e7dec83bec5e9d8ce-scaled.jpg\" \/>\n\t<meta property=\"og:image:width\" content=\"2560\" \/>\n\t<meta property=\"og:image:height\" content=\"1707\" \/>\n\t<meta property=\"og:image:type\" content=\"image\/jpeg\" \/>\n<meta name=\"author\" content=\"Carlos Villota Santacruz.\" \/>\n<meta name=\"twitter:card\" content=\"summary_large_image\" \/>\n<meta name=\"twitter:creator\" content=\"@Pag10com\" \/>\n<meta name=\"twitter:site\" content=\"@Pag10com\" \/>\n<meta name=\"twitter:label1\" content=\"Escrito por\" \/>\n\t<meta name=\"twitter:data1\" content=\"Carlos Villota Santacruz.\" \/>\n\t<meta name=\"twitter:label2\" content=\"Tiempo de lectura\" \/>\n\t<meta name=\"twitter:data2\" content=\"6 minutos\" \/>\n<script type=\"application\/ld+json\" class=\"yoast-schema-graph\">{\"@context\":\"https:\/\/schema.org\",\"@graph\":[{\"@type\":\"Article\",\"@id\":\"https:\/\/pagina10.com\/web\/equilibrio-de-poderes-estudio-y-debate-en-recta-final-en-la-comision-primera-de-senado\/#article\",\"isPartOf\":{\"@id\":\"https:\/\/pagina10.com\/web\/equilibrio-de-poderes-estudio-y-debate-en-recta-final-en-la-comision-primera-de-senado\/\"},\"author\":{\"name\":\"Carlos Villota Santacruz.\",\"@id\":\"https:\/\/pagina10.com\/web\/#\/schema\/person\/b459e2d15ec5ba9d5a2c9a81c71c4f7b\"},\"headline\":\"Equilibrio de Poderes: estudio y debate en recta final en la Comisi\u00f3n Primera de Senado\",\"datePublished\":\"2015-04-13T16:12:04+00:00\",\"mainEntityOfPage\":{\"@id\":\"https:\/\/pagina10.com\/web\/equilibrio-de-poderes-estudio-y-debate-en-recta-final-en-la-comision-primera-de-senado\/\"},\"wordCount\":1260,\"commentCount\":0,\"publisher\":{\"@id\":\"https:\/\/pagina10.com\/web\/#organization\"},\"image\":{\"@id\":\"https:\/\/pagina10.com\/web\/equilibrio-de-poderes-estudio-y-debate-en-recta-final-en-la-comision-primera-de-senado\/#primaryimage\"},\"thumbnailUrl\":\"https:\/\/pagina10.com\/web\/wp-content\/uploads\/2015\/04\/e354b0970addf69e7dec83bec5e9d8ce-scaled.jpg\",\"inLanguage\":\"es\",\"potentialAction\":[{\"@type\":\"CommentAction\",\"name\":\"Comment\",\"target\":[\"https:\/\/pagina10.com\/web\/equilibrio-de-poderes-estudio-y-debate-en-recta-final-en-la-comision-primera-de-senado\/#respond\"]}]},{\"@type\":\"WebPage\",\"@id\":\"https:\/\/pagina10.com\/web\/equilibrio-de-poderes-estudio-y-debate-en-recta-final-en-la-comision-primera-de-senado\/\",\"url\":\"https:\/\/pagina10.com\/web\/equilibrio-de-poderes-estudio-y-debate-en-recta-final-en-la-comision-primera-de-senado\/\",\"name\":\"Equilibrio de Poderes: estudio y debate en recta final en la Comisi\u00f3n Primera de Senado | P\u00e1gina10\",\"isPartOf\":{\"@id\":\"https:\/\/pagina10.com\/web\/#website\"},\"primaryImageOfPage\":{\"@id\":\"https:\/\/pagina10.com\/web\/equilibrio-de-poderes-estudio-y-debate-en-recta-final-en-la-comision-primera-de-senado\/#primaryimage\"},\"image\":{\"@id\":\"https:\/\/pagina10.com\/web\/equilibrio-de-poderes-estudio-y-debate-en-recta-final-en-la-comision-primera-de-senado\/#primaryimage\"},\"thumbnailUrl\":\"https:\/\/pagina10.com\/web\/wp-content\/uploads\/2015\/04\/e354b0970addf69e7dec83bec5e9d8ce-scaled.jpg\",\"datePublished\":\"2015-04-13T16:12:04+00:00\",\"breadcrumb\":{\"@id\":\"https:\/\/pagina10.com\/web\/equilibrio-de-poderes-estudio-y-debate-en-recta-final-en-la-comision-primera-de-senado\/#breadcrumb\"},\"inLanguage\":\"es\",\"potentialAction\":[{\"@type\":\"ReadAction\",\"target\":[\"https:\/\/pagina10.com\/web\/equilibrio-de-poderes-estudio-y-debate-en-recta-final-en-la-comision-primera-de-senado\/\"]}]},{\"@type\":\"ImageObject\",\"inLanguage\":\"es\",\"@id\":\"https:\/\/pagina10.com\/web\/equilibrio-de-poderes-estudio-y-debate-en-recta-final-en-la-comision-primera-de-senado\/#primaryimage\",\"url\":\"https:\/\/pagina10.com\/web\/wp-content\/uploads\/2015\/04\/e354b0970addf69e7dec83bec5e9d8ce-scaled.jpg\",\"contentUrl\":\"https:\/\/pagina10.com\/web\/wp-content\/uploads\/2015\/04\/e354b0970addf69e7dec83bec5e9d8ce-scaled.jpg\",\"width\":2560,\"height\":1707},{\"@type\":\"BreadcrumbList\",\"@id\":\"https:\/\/pagina10.com\/web\/equilibrio-de-poderes-estudio-y-debate-en-recta-final-en-la-comision-primera-de-senado\/#breadcrumb\",\"itemListElement\":[{\"@type\":\"ListItem\",\"position\":1,\"name\":\"Portada\",\"item\":\"https:\/\/pagina10.com\/web\/\"},{\"@type\":\"ListItem\",\"position\":2,\"name\":\"Equilibrio de Poderes: estudio y debate en recta final en la Comisi\u00f3n Primera de Senado\"}]},{\"@type\":\"WebSite\",\"@id\":\"https:\/\/pagina10.com\/web\/#website\",\"url\":\"https:\/\/pagina10.com\/web\/\",\"name\":\"P\u00e1gina10\",\"description\":\"Peri\u00f3dico Regional\",\"publisher\":{\"@id\":\"https:\/\/pagina10.com\/web\/#organization\"},\"alternateName\":\"P\u00e1gina10 Peri\u00f3dico Regional\",\"potentialAction\":[{\"@type\":\"SearchAction\",\"target\":{\"@type\":\"EntryPoint\",\"urlTemplate\":\"https:\/\/pagina10.com\/web\/?s={search_term_string}\"},\"query-input\":{\"@type\":\"PropertyValueSpecification\",\"valueRequired\":true,\"valueName\":\"search_term_string\"}}],\"inLanguage\":\"es\"},{\"@type\":\"Organization\",\"@id\":\"https:\/\/pagina10.com\/web\/#organization\",\"name\":\"P\u00e1gina10\",\"alternateName\":\"P\u00e1gina10 Peri\u00f3dico Regional\",\"url\":\"https:\/\/pagina10.com\/web\/\",\"logo\":{\"@type\":\"ImageObject\",\"inLanguage\":\"es\",\"@id\":\"https:\/\/pagina10.com\/web\/#\/schema\/logo\/image\/\",\"url\":\"https:\/\/pagina10.com\/web\/wp-content\/uploads\/2024\/01\/40-pagina-10-periodico-regional-pasto.jpg\",\"contentUrl\":\"https:\/\/pagina10.com\/web\/wp-content\/uploads\/2024\/01\/40-pagina-10-periodico-regional-pasto.jpg\",\"width\":1280,\"height\":720,\"caption\":\"P\u00e1gina10\"},\"image\":{\"@id\":\"https:\/\/pagina10.com\/web\/#\/schema\/logo\/image\/\"},\"sameAs\":[\"https:\/\/www.facebook.com\/pag10com\",\"https:\/\/x.com\/Pag10com\",\"https:\/\/www.instagram.com\/pagina10col\/\",\"https:\/\/youtube.com\/channel\/pag10\",\"https:\/\/www.tiktok.com\/@p10col\"]},{\"@type\":\"Person\",\"@id\":\"https:\/\/pagina10.com\/web\/#\/schema\/person\/b459e2d15ec5ba9d5a2c9a81c71c4f7b\",\"name\":\"Carlos Villota Santacruz.\",\"description\":\"Internacionalista-Comunicador Social y Periodista. Experto en Comunicaci\u00f3n para el desarrollo y ciudad-regi\u00f3n.. Promotor de proyectos e investigaci\u00f3n comunicativa en radio, prensa y televisi\u00f3n. Experiencia en el manejo de imagen externa, interna y protocolaria de entidades p\u00fablicas y privadas, encuentros culturales, empresariales y ambientales. Docente en el \u00e1rea de televisi\u00f3n, relaciones internacionales y bloques econ\u00f3micos. Experto y conferencista en temas de marketing pol\u00edtico, marketing de ciudad, integraci\u00f3n cultural, TLC y desarrollo urban\u00edstico. E-mail: villotasantacruzcarlos@yahoo.com.co\",\"url\":\"https:\/\/pagina10.com\/web\/author\/cvillota\/\"}]}<\/script>\n<!-- \/ Yoast SEO plugin. -->","yoast_head_json":{"title":"Equilibrio de Poderes: estudio y debate en recta final en la Comisi\u00f3n Primera de Senado | P\u00e1gina10","robots":{"index":"index","follow":"follow","max-snippet":"max-snippet:-1","max-image-preview":"max-image-preview:large","max-video-preview":"max-video-preview:-1"},"canonical":"https:\/\/pagina10.com\/web\/equilibrio-de-poderes-estudio-y-debate-en-recta-final-en-la-comision-primera-de-senado\/","og_locale":"es_ES","og_type":"article","og_title":"Equilibrio de Poderes: estudio y debate en recta final en la Comisi\u00f3n Primera de Senado | P\u00e1gina10","og_description":"Este lunes, a partir de las 2 de la tarde, el estudio, debate y aprobaci\u00f3n el acto legislativo de Equilibrio de Poderes entra en su recta final en la Comisi\u00f3n Primera del senado. &nbsp; De entrada, la construcci\u00f3n de la Comisi\u00f3n de Aforados ocupar\u00e1 la atenci\u00f3n de los legisladores de las distintas bancadas con asiento [&hellip;]","og_url":"https:\/\/pagina10.com\/web\/equilibrio-de-poderes-estudio-y-debate-en-recta-final-en-la-comision-primera-de-senado\/","og_site_name":"P\u00e1gina10","article_publisher":"https:\/\/www.facebook.com\/pag10com","article_published_time":"2015-04-13T16:12:04+00:00","og_image":[{"width":2560,"height":1707,"url":"https:\/\/pagina10.com\/web\/wp-content\/uploads\/2015\/04\/e354b0970addf69e7dec83bec5e9d8ce-scaled.jpg","type":"image\/jpeg"}],"author":"Carlos Villota Santacruz.","twitter_card":"summary_large_image","twitter_creator":"@Pag10com","twitter_site":"@Pag10com","twitter_misc":{"Escrito por":"Carlos Villota Santacruz.","Tiempo de lectura":"6 minutos"},"schema":{"@context":"https:\/\/schema.org","@graph":[{"@type":"Article","@id":"https:\/\/pagina10.com\/web\/equilibrio-de-poderes-estudio-y-debate-en-recta-final-en-la-comision-primera-de-senado\/#article","isPartOf":{"@id":"https:\/\/pagina10.com\/web\/equilibrio-de-poderes-estudio-y-debate-en-recta-final-en-la-comision-primera-de-senado\/"},"author":{"name":"Carlos Villota Santacruz.","@id":"https:\/\/pagina10.com\/web\/#\/schema\/person\/b459e2d15ec5ba9d5a2c9a81c71c4f7b"},"headline":"Equilibrio de Poderes: estudio y debate en recta final en la Comisi\u00f3n Primera de Senado","datePublished":"2015-04-13T16:12:04+00:00","mainEntityOfPage":{"@id":"https:\/\/pagina10.com\/web\/equilibrio-de-poderes-estudio-y-debate-en-recta-final-en-la-comision-primera-de-senado\/"},"wordCount":1260,"commentCount":0,"publisher":{"@id":"https:\/\/pagina10.com\/web\/#organization"},"image":{"@id":"https:\/\/pagina10.com\/web\/equilibrio-de-poderes-estudio-y-debate-en-recta-final-en-la-comision-primera-de-senado\/#primaryimage"},"thumbnailUrl":"https:\/\/pagina10.com\/web\/wp-content\/uploads\/2015\/04\/e354b0970addf69e7dec83bec5e9d8ce-scaled.jpg","inLanguage":"es","potentialAction":[{"@type":"CommentAction","name":"Comment","target":["https:\/\/pagina10.com\/web\/equilibrio-de-poderes-estudio-y-debate-en-recta-final-en-la-comision-primera-de-senado\/#respond"]}]},{"@type":"WebPage","@id":"https:\/\/pagina10.com\/web\/equilibrio-de-poderes-estudio-y-debate-en-recta-final-en-la-comision-primera-de-senado\/","url":"https:\/\/pagina10.com\/web\/equilibrio-de-poderes-estudio-y-debate-en-recta-final-en-la-comision-primera-de-senado\/","name":"Equilibrio de Poderes: estudio y debate en recta final en la Comisi\u00f3n Primera de Senado | P\u00e1gina10","isPartOf":{"@id":"https:\/\/pagina10.com\/web\/#website"},"primaryImageOfPage":{"@id":"https:\/\/pagina10.com\/web\/equilibrio-de-poderes-estudio-y-debate-en-recta-final-en-la-comision-primera-de-senado\/#primaryimage"},"image":{"@id":"https:\/\/pagina10.com\/web\/equilibrio-de-poderes-estudio-y-debate-en-recta-final-en-la-comision-primera-de-senado\/#primaryimage"},"thumbnailUrl":"https:\/\/pagina10.com\/web\/wp-content\/uploads\/2015\/04\/e354b0970addf69e7dec83bec5e9d8ce-scaled.jpg","datePublished":"2015-04-13T16:12:04+00:00","breadcrumb":{"@id":"https:\/\/pagina10.com\/web\/equilibrio-de-poderes-estudio-y-debate-en-recta-final-en-la-comision-primera-de-senado\/#breadcrumb"},"inLanguage":"es","potentialAction":[{"@type":"ReadAction","target":["https:\/\/pagina10.com\/web\/equilibrio-de-poderes-estudio-y-debate-en-recta-final-en-la-comision-primera-de-senado\/"]}]},{"@type":"ImageObject","inLanguage":"es","@id":"https:\/\/pagina10.com\/web\/equilibrio-de-poderes-estudio-y-debate-en-recta-final-en-la-comision-primera-de-senado\/#primaryimage","url":"https:\/\/pagina10.com\/web\/wp-content\/uploads\/2015\/04\/e354b0970addf69e7dec83bec5e9d8ce-scaled.jpg","contentUrl":"https:\/\/pagina10.com\/web\/wp-content\/uploads\/2015\/04\/e354b0970addf69e7dec83bec5e9d8ce-scaled.jpg","width":2560,"height":1707},{"@type":"BreadcrumbList","@id":"https:\/\/pagina10.com\/web\/equilibrio-de-poderes-estudio-y-debate-en-recta-final-en-la-comision-primera-de-senado\/#breadcrumb","itemListElement":[{"@type":"ListItem","position":1,"name":"Portada","item":"https:\/\/pagina10.com\/web\/"},{"@type":"ListItem","position":2,"name":"Equilibrio de Poderes: estudio y debate en recta final en la Comisi\u00f3n Primera de Senado"}]},{"@type":"WebSite","@id":"https:\/\/pagina10.com\/web\/#website","url":"https:\/\/pagina10.com\/web\/","name":"P\u00e1gina10","description":"Peri\u00f3dico Regional","publisher":{"@id":"https:\/\/pagina10.com\/web\/#organization"},"alternateName":"P\u00e1gina10 Peri\u00f3dico Regional","potentialAction":[{"@type":"SearchAction","target":{"@type":"EntryPoint","urlTemplate":"https:\/\/pagina10.com\/web\/?s={search_term_string}"},"query-input":{"@type":"PropertyValueSpecification","valueRequired":true,"valueName":"search_term_string"}}],"inLanguage":"es"},{"@type":"Organization","@id":"https:\/\/pagina10.com\/web\/#organization","name":"P\u00e1gina10","alternateName":"P\u00e1gina10 Peri\u00f3dico Regional","url":"https:\/\/pagina10.com\/web\/","logo":{"@type":"ImageObject","inLanguage":"es","@id":"https:\/\/pagina10.com\/web\/#\/schema\/logo\/image\/","url":"https:\/\/pagina10.com\/web\/wp-content\/uploads\/2024\/01\/40-pagina-10-periodico-regional-pasto.jpg","contentUrl":"https:\/\/pagina10.com\/web\/wp-content\/uploads\/2024\/01\/40-pagina-10-periodico-regional-pasto.jpg","width":1280,"height":720,"caption":"P\u00e1gina10"},"image":{"@id":"https:\/\/pagina10.com\/web\/#\/schema\/logo\/image\/"},"sameAs":["https:\/\/www.facebook.com\/pag10com","https:\/\/x.com\/Pag10com","https:\/\/www.instagram.com\/pagina10col\/","https:\/\/youtube.com\/channel\/pag10","https:\/\/www.tiktok.com\/@p10col"]},{"@type":"Person","@id":"https:\/\/pagina10.com\/web\/#\/schema\/person\/b459e2d15ec5ba9d5a2c9a81c71c4f7b","name":"Carlos Villota Santacruz.","description":"Internacionalista-Comunicador Social y Periodista. Experto en Comunicaci\u00f3n para el desarrollo y ciudad-regi\u00f3n.. Promotor de proyectos e investigaci\u00f3n comunicativa en radio, prensa y televisi\u00f3n. Experiencia en el manejo de imagen externa, interna y protocolaria de entidades p\u00fablicas y privadas, encuentros culturales, empresariales y ambientales. Docente en el \u00e1rea de televisi\u00f3n, relaciones internacionales y bloques econ\u00f3micos. Experto y conferencista en temas de marketing pol\u00edtico, marketing de ciudad, integraci\u00f3n cultural, TLC y desarrollo urban\u00edstico. E-mail: villotasantacruzcarlos@yahoo.com.co","url":"https:\/\/pagina10.com\/web\/author\/cvillota\/"}]}},"_links":{"self":[{"href":"https:\/\/pagina10.com\/web\/wp-json\/wp\/v2\/posts\/15591","targetHints":{"allow":["GET"]}}],"collection":[{"href":"https:\/\/pagina10.com\/web\/wp-json\/wp\/v2\/posts"}],"about":[{"href":"https:\/\/pagina10.com\/web\/wp-json\/wp\/v2\/types\/post"}],"author":[{"embeddable":true,"href":"https:\/\/pagina10.com\/web\/wp-json\/wp\/v2\/users\/38"}],"replies":[{"embeddable":true,"href":"https:\/\/pagina10.com\/web\/wp-json\/wp\/v2\/comments?post=15591"}],"version-history":[{"count":0,"href":"https:\/\/pagina10.com\/web\/wp-json\/wp\/v2\/posts\/15591\/revisions"}],"wp:featuredmedia":[{"embeddable":true,"href":"https:\/\/pagina10.com\/web\/wp-json\/wp\/v2\/media\/15590"}],"wp:attachment":[{"href":"https:\/\/pagina10.com\/web\/wp-json\/wp\/v2\/media?parent=15591"}],"wp:term":[{"taxonomy":"category","embeddable":true,"href":"https:\/\/pagina10.com\/web\/wp-json\/wp\/v2\/categories?post=15591"},{"taxonomy":"post_tag","embeddable":true,"href":"https:\/\/pagina10.com\/web\/wp-json\/wp\/v2\/tags?post=15591"}],"curies":[{"name":"wp","href":"https:\/\/api.w.org\/{rel}","templated":true}]}}