{"id":15593,"date":"2015-04-13T16:16:19","date_gmt":"2015-04-13T16:16:19","guid":{"rendered":"https:\/\/pagina10.com\/web\/vii-cumbre-de-las-americas-el-despertar-de-estados-unidos-frente-america-latina\/"},"modified":"2015-04-13T16:16:19","modified_gmt":"2015-04-13T16:16:19","slug":"vii-cumbre-de-las-americas-el-despertar-de-estados-unidos-frente-america-latina","status":"publish","type":"post","link":"https:\/\/pagina10.com\/web\/vii-cumbre-de-las-americas-el-despertar-de-estados-unidos-frente-america-latina\/","title":{"rendered":"VII Cumbre de las Am\u00e9ricas: el despertar de Estados Unidos frente Am\u00e9rica Latina"},"content":{"rendered":"<p><img fetchpriority=\"high\" decoding=\"async\" class=\" size-full wp-image-15592\" src=\"https:\/\/pagina10.com\/web\/wp-content\/uploads\/2015\/04\/bf9d7bcd5646829008b9ad63ea0a8eb8.jpg\" alt=\"\" width=\"310\" height=\"195\" srcset=\"https:\/\/pagina10.com\/web\/wp-content\/uploads\/2015\/04\/bf9d7bcd5646829008b9ad63ea0a8eb8.jpg 310w, https:\/\/pagina10.com\/web\/wp-content\/uploads\/2015\/04\/bf9d7bcd5646829008b9ad63ea0a8eb8-300x189.jpg 300w\" sizes=\"(max-width: 310px) 100vw, 310px\" \/><\/p>\n<div style=\"text-align: justify;\">Sin una declaraci\u00f3n final, la VII Cumbre de las Am\u00e9ricas que se cumpli\u00f3 en Panam\u00e1, dejo en claro no solo la tensi\u00f3n entre Venezuela y Estados Unidos, sino tambi\u00e9n la nueva relaci\u00f3n de la Casa Blanca con Am\u00e9rica Latina y como protagonista principal; el presidente de Cuba Ra\u00fal Castro, qui\u00e9n se sali\u00f3 del protocolo, para hablar desde el coraz\u00f3n, lo que ha significado para su pa\u00eds, el llamado bloqueo econ\u00f3mico.<\/div>\n<div style=\"text-align: justify;\"><br clear=\"none\" \/><\/div>\n<div style=\"text-align: justify;\">En esencia, fue una Cumbre distinta. Un Cumbre que pasar\u00e1 a la historia, por la forma como la diplomacia logro lo que por a\u00f1os parec\u00eda imposible. Que los presidentes de los Estados Unidos Barack Obama y de Cuba Ra\u00fal Castro, se dieran la mano e iniciar\u00e1n un camino de construcci\u00f3n diplom\u00e1tica y comercial, que con el paso del tiempo se traducir\u00e1 en la apertura de Embajadas en Washington y en La Habana, y la puesta en marcha de una relaci\u00f3n bilateral que hoy tiene \u201cm\u00e1s preguntas que respuestas\u201d.<\/div>\n<div style=\"text-align: justify;\"><br clear=\"none\" \/><\/div>\n<div style=\"text-align: justify;\">Lo cierto, es que Barack Obama se hizo sentir en casa. Es decir en Am\u00e9rica Latina. Mientras que el presidente Nicol\u00e1s Maduro de Venezuela, se concentr\u00f3 en hablar a los \u201ccuatro vientos\u201d de las 13 millones de &nbsp;firmas -que nunca se vieron- para llamar la atenci\u00f3n del Jefe de Estado norteamericano, para que cambie su posici\u00f3n frente a un pa\u00eds, que registra la m\u00e1s aguda crisis econ\u00f3mica y social. Donde sus ciudadanos son desplazados en su propio pa\u00eds, por la ausencia de la canasta familiar, servicios m\u00e9dicos y las m\u00ednimas condiciones para edificarse como personas y como comunidad.<\/div>\n<div style=\"text-align: justify;\"><br clear=\"none\" \/><\/div>\n<div style=\"text-align: justify;\">Lo que sucedi\u00f3 en Panam\u00e1, es tambi\u00e9n el cambio de posici\u00f3n geopol\u00edtica de Cuba frente a Venezuela, gracias a su apertura al di\u00e1logo con Washington. Fue una Cumbre llega de tensiones. De dificultades, cuyo verdadero resultado, se evaluar\u00e1 con el paso del tiempo. Que adem\u00e1s, tendr\u00e1 repercusi\u00f3n en la carrera a la presidencia a la Casa Blanca.<\/div>\n<div style=\"text-align: justify;\">&nbsp;<\/div>\n<div style=\"text-align: justify;\"><br clear=\"none\" \/><\/div>\n<div style=\"text-align: justify;\">El gran interrogante que se abre paso, es si Ra\u00fal Castro, acompa\u00f1ado por su hermano Fidel, est\u00e1n dispuestos a jug\u00e1rsela el todo por el todo, frete a la nueva acci\u00f3n diplom\u00e1tica de Obama con Cuba. Si se traducir\u00e1 en cambios reales que cimienten la democracia. Lo que queda claro es que fue la VII Cumbre de las Am\u00e9ricas, fue el escenario de la recomposici\u00f3n de relaciones diplom\u00e1ticas, pero no el triunfo de la revoluci\u00f3n,&nbsp; como lo dijo en su momento el presidente de la Isla. Como dice la canci\u00f3n: Amanecer\u00e1 y veremos. Qui\u00e9n gan\u00f3 y qui\u00e9n perdi\u00f3. Y cu\u00e1l va hacer el papel de los ciudadanos, en este mosaico que se desprende de la cita continental.<\/div>\n","protected":false},"excerpt":{"rendered":"<p>Sin una declaraci\u00f3n final, la VII Cumbre de las Am\u00e9ricas que se cumpli\u00f3 en Panam\u00e1, dejo en claro no solo la tensi\u00f3n entre Venezuela y Estados Unidos, sino tambi\u00e9n la nueva relaci\u00f3n de la Casa Blanca con Am\u00e9rica Latina y como protagonista principal; el presidente de Cuba Ra\u00fal Castro, qui\u00e9n se sali\u00f3 del protocolo, para [&hellip;]<\/p>\n","protected":false},"author":38,"featured_media":15592,"comment_status":"open","ping_status":"open","sticky":false,"template":"","format":"standard","meta":{"footnotes":""},"categories":[1],"tags":[],"class_list":["post-15593","post","type-post","status-publish","format-standard","has-post-thumbnail","hentry","category-sin-categoria"],"yoast_head":"<!-- This site is optimized with the Yoast SEO plugin v27.1.1 - https:\/\/yoast.com\/product\/yoast-seo-wordpress\/ -->\n<title>VII Cumbre de las Am\u00e9ricas: el despertar de Estados Unidos frente Am\u00e9rica Latina | P\u00e1gina10<\/title>\n<meta name=\"robots\" content=\"index, follow, max-snippet:-1, max-image-preview:large, max-video-preview:-1\" \/>\n<link rel=\"canonical\" href=\"https:\/\/pagina10.com\/web\/vii-cumbre-de-las-americas-el-despertar-de-estados-unidos-frente-america-latina\/\" \/>\n<meta property=\"og:locale\" content=\"es_ES\" \/>\n<meta property=\"og:type\" content=\"article\" \/>\n<meta property=\"og:title\" content=\"VII Cumbre de las Am\u00e9ricas: el despertar de Estados Unidos frente Am\u00e9rica Latina | P\u00e1gina10\" \/>\n<meta property=\"og:description\" content=\"Sin una declaraci\u00f3n final, la VII Cumbre de las Am\u00e9ricas que se cumpli\u00f3 en Panam\u00e1, dejo en claro no solo la tensi\u00f3n entre Venezuela y Estados Unidos, sino tambi\u00e9n la nueva relaci\u00f3n de la Casa Blanca con Am\u00e9rica Latina y como protagonista principal; el presidente de Cuba Ra\u00fal Castro, qui\u00e9n se sali\u00f3 del protocolo, para [&hellip;]\" \/>\n<meta property=\"og:url\" content=\"https:\/\/pagina10.com\/web\/vii-cumbre-de-las-americas-el-despertar-de-estados-unidos-frente-america-latina\/\" \/>\n<meta property=\"og:site_name\" content=\"P\u00e1gina10\" \/>\n<meta property=\"article:publisher\" content=\"https:\/\/www.facebook.com\/pag10com\" \/>\n<meta property=\"article:published_time\" content=\"2015-04-13T16:16:19+00:00\" \/>\n<meta property=\"og:image\" content=\"https:\/\/pagina10.com\/web\/wp-content\/uploads\/2015\/04\/bf9d7bcd5646829008b9ad63ea0a8eb8.jpg\" \/>\n\t<meta property=\"og:image:width\" content=\"310\" \/>\n\t<meta property=\"og:image:height\" content=\"195\" \/>\n\t<meta property=\"og:image:type\" content=\"image\/jpeg\" \/>\n<meta name=\"author\" content=\"Carlos Villota Santacruz.\" \/>\n<meta name=\"twitter:card\" content=\"summary_large_image\" \/>\n<meta name=\"twitter:creator\" content=\"@Pag10com\" \/>\n<meta name=\"twitter:site\" content=\"@Pag10com\" \/>\n<meta name=\"twitter:label1\" content=\"Escrito por\" \/>\n\t<meta name=\"twitter:data1\" content=\"Carlos Villota Santacruz.\" \/>\n\t<meta name=\"twitter:label2\" content=\"Tiempo de lectura\" \/>\n\t<meta name=\"twitter:data2\" content=\"2 minutos\" \/>\n<script type=\"application\/ld+json\" class=\"yoast-schema-graph\">{\"@context\":\"https:\/\/schema.org\",\"@graph\":[{\"@type\":\"Article\",\"@id\":\"https:\/\/pagina10.com\/web\/vii-cumbre-de-las-americas-el-despertar-de-estados-unidos-frente-america-latina\/#article\",\"isPartOf\":{\"@id\":\"https:\/\/pagina10.com\/web\/vii-cumbre-de-las-americas-el-despertar-de-estados-unidos-frente-america-latina\/\"},\"author\":{\"name\":\"Carlos Villota Santacruz.\",\"@id\":\"https:\/\/pagina10.com\/web\/#\/schema\/person\/b459e2d15ec5ba9d5a2c9a81c71c4f7b\"},\"headline\":\"VII Cumbre de las Am\u00e9ricas: el despertar de Estados Unidos frente Am\u00e9rica Latina\",\"datePublished\":\"2015-04-13T16:16:19+00:00\",\"mainEntityOfPage\":{\"@id\":\"https:\/\/pagina10.com\/web\/vii-cumbre-de-las-americas-el-despertar-de-estados-unidos-frente-america-latina\/\"},\"wordCount\":495,\"commentCount\":0,\"publisher\":{\"@id\":\"https:\/\/pagina10.com\/web\/#organization\"},\"image\":{\"@id\":\"https:\/\/pagina10.com\/web\/vii-cumbre-de-las-americas-el-despertar-de-estados-unidos-frente-america-latina\/#primaryimage\"},\"thumbnailUrl\":\"https:\/\/pagina10.com\/web\/wp-content\/uploads\/2015\/04\/bf9d7bcd5646829008b9ad63ea0a8eb8.jpg\",\"inLanguage\":\"es\",\"potentialAction\":[{\"@type\":\"CommentAction\",\"name\":\"Comment\",\"target\":[\"https:\/\/pagina10.com\/web\/vii-cumbre-de-las-americas-el-despertar-de-estados-unidos-frente-america-latina\/#respond\"]}]},{\"@type\":\"WebPage\",\"@id\":\"https:\/\/pagina10.com\/web\/vii-cumbre-de-las-americas-el-despertar-de-estados-unidos-frente-america-latina\/\",\"url\":\"https:\/\/pagina10.com\/web\/vii-cumbre-de-las-americas-el-despertar-de-estados-unidos-frente-america-latina\/\",\"name\":\"VII Cumbre de las Am\u00e9ricas: el despertar de Estados Unidos frente Am\u00e9rica Latina | P\u00e1gina10\",\"isPartOf\":{\"@id\":\"https:\/\/pagina10.com\/web\/#website\"},\"primaryImageOfPage\":{\"@id\":\"https:\/\/pagina10.com\/web\/vii-cumbre-de-las-americas-el-despertar-de-estados-unidos-frente-america-latina\/#primaryimage\"},\"image\":{\"@id\":\"https:\/\/pagina10.com\/web\/vii-cumbre-de-las-americas-el-despertar-de-estados-unidos-frente-america-latina\/#primaryimage\"},\"thumbnailUrl\":\"https:\/\/pagina10.com\/web\/wp-content\/uploads\/2015\/04\/bf9d7bcd5646829008b9ad63ea0a8eb8.jpg\",\"datePublished\":\"2015-04-13T16:16:19+00:00\",\"breadcrumb\":{\"@id\":\"https:\/\/pagina10.com\/web\/vii-cumbre-de-las-americas-el-despertar-de-estados-unidos-frente-america-latina\/#breadcrumb\"},\"inLanguage\":\"es\",\"potentialAction\":[{\"@type\":\"ReadAction\",\"target\":[\"https:\/\/pagina10.com\/web\/vii-cumbre-de-las-americas-el-despertar-de-estados-unidos-frente-america-latina\/\"]}]},{\"@type\":\"ImageObject\",\"inLanguage\":\"es\",\"@id\":\"https:\/\/pagina10.com\/web\/vii-cumbre-de-las-americas-el-despertar-de-estados-unidos-frente-america-latina\/#primaryimage\",\"url\":\"https:\/\/pagina10.com\/web\/wp-content\/uploads\/2015\/04\/bf9d7bcd5646829008b9ad63ea0a8eb8.jpg\",\"contentUrl\":\"https:\/\/pagina10.com\/web\/wp-content\/uploads\/2015\/04\/bf9d7bcd5646829008b9ad63ea0a8eb8.jpg\",\"width\":310,\"height\":195},{\"@type\":\"BreadcrumbList\",\"@id\":\"https:\/\/pagina10.com\/web\/vii-cumbre-de-las-americas-el-despertar-de-estados-unidos-frente-america-latina\/#breadcrumb\",\"itemListElement\":[{\"@type\":\"ListItem\",\"position\":1,\"name\":\"Portada\",\"item\":\"https:\/\/pagina10.com\/web\/\"},{\"@type\":\"ListItem\",\"position\":2,\"name\":\"VII Cumbre de las Am\u00e9ricas: el despertar de Estados Unidos frente Am\u00e9rica Latina\"}]},{\"@type\":\"WebSite\",\"@id\":\"https:\/\/pagina10.com\/web\/#website\",\"url\":\"https:\/\/pagina10.com\/web\/\",\"name\":\"P\u00e1gina10\",\"description\":\"Peri\u00f3dico Regional\",\"publisher\":{\"@id\":\"https:\/\/pagina10.com\/web\/#organization\"},\"alternateName\":\"P\u00e1gina10 Peri\u00f3dico Regional\",\"potentialAction\":[{\"@type\":\"SearchAction\",\"target\":{\"@type\":\"EntryPoint\",\"urlTemplate\":\"https:\/\/pagina10.com\/web\/?s={search_term_string}\"},\"query-input\":{\"@type\":\"PropertyValueSpecification\",\"valueRequired\":true,\"valueName\":\"search_term_string\"}}],\"inLanguage\":\"es\"},{\"@type\":\"Organization\",\"@id\":\"https:\/\/pagina10.com\/web\/#organization\",\"name\":\"P\u00e1gina10\",\"alternateName\":\"P\u00e1gina10 Peri\u00f3dico Regional\",\"url\":\"https:\/\/pagina10.com\/web\/\",\"logo\":{\"@type\":\"ImageObject\",\"inLanguage\":\"es\",\"@id\":\"https:\/\/pagina10.com\/web\/#\/schema\/logo\/image\/\",\"url\":\"https:\/\/pagina10.com\/web\/wp-content\/uploads\/2024\/01\/40-pagina-10-periodico-regional-pasto.jpg\",\"contentUrl\":\"https:\/\/pagina10.com\/web\/wp-content\/uploads\/2024\/01\/40-pagina-10-periodico-regional-pasto.jpg\",\"width\":1280,\"height\":720,\"caption\":\"P\u00e1gina10\"},\"image\":{\"@id\":\"https:\/\/pagina10.com\/web\/#\/schema\/logo\/image\/\"},\"sameAs\":[\"https:\/\/www.facebook.com\/pag10com\",\"https:\/\/x.com\/Pag10com\",\"https:\/\/www.instagram.com\/pagina10col\/\",\"https:\/\/youtube.com\/channel\/pag10\",\"https:\/\/www.tiktok.com\/@p10col\"]},{\"@type\":\"Person\",\"@id\":\"https:\/\/pagina10.com\/web\/#\/schema\/person\/b459e2d15ec5ba9d5a2c9a81c71c4f7b\",\"name\":\"Carlos Villota Santacruz.\",\"description\":\"Internacionalista-Comunicador Social y Periodista. Experto en Comunicaci\u00f3n para el desarrollo y ciudad-regi\u00f3n.. Promotor de proyectos e investigaci\u00f3n comunicativa en radio, prensa y televisi\u00f3n. Experiencia en el manejo de imagen externa, interna y protocolaria de entidades p\u00fablicas y privadas, encuentros culturales, empresariales y ambientales. Docente en el \u00e1rea de televisi\u00f3n, relaciones internacionales y bloques econ\u00f3micos. Experto y conferencista en temas de marketing pol\u00edtico, marketing de ciudad, integraci\u00f3n cultural, TLC y desarrollo urban\u00edstico. E-mail: villotasantacruzcarlos@yahoo.com.co\",\"url\":\"https:\/\/pagina10.com\/web\/author\/cvillota\/\"}]}<\/script>\n<!-- \/ Yoast SEO plugin. -->","yoast_head_json":{"title":"VII Cumbre de las Am\u00e9ricas: el despertar de Estados Unidos frente Am\u00e9rica Latina | P\u00e1gina10","robots":{"index":"index","follow":"follow","max-snippet":"max-snippet:-1","max-image-preview":"max-image-preview:large","max-video-preview":"max-video-preview:-1"},"canonical":"https:\/\/pagina10.com\/web\/vii-cumbre-de-las-americas-el-despertar-de-estados-unidos-frente-america-latina\/","og_locale":"es_ES","og_type":"article","og_title":"VII Cumbre de las Am\u00e9ricas: el despertar de Estados Unidos frente Am\u00e9rica Latina | P\u00e1gina10","og_description":"Sin una declaraci\u00f3n final, la VII Cumbre de las Am\u00e9ricas que se cumpli\u00f3 en Panam\u00e1, dejo en claro no solo la tensi\u00f3n entre Venezuela y Estados Unidos, sino tambi\u00e9n la nueva relaci\u00f3n de la Casa Blanca con Am\u00e9rica Latina y como protagonista principal; el presidente de Cuba Ra\u00fal Castro, qui\u00e9n se sali\u00f3 del protocolo, para [&hellip;]","og_url":"https:\/\/pagina10.com\/web\/vii-cumbre-de-las-americas-el-despertar-de-estados-unidos-frente-america-latina\/","og_site_name":"P\u00e1gina10","article_publisher":"https:\/\/www.facebook.com\/pag10com","article_published_time":"2015-04-13T16:16:19+00:00","og_image":[{"width":310,"height":195,"url":"https:\/\/pagina10.com\/web\/wp-content\/uploads\/2015\/04\/bf9d7bcd5646829008b9ad63ea0a8eb8.jpg","type":"image\/jpeg"}],"author":"Carlos Villota Santacruz.","twitter_card":"summary_large_image","twitter_creator":"@Pag10com","twitter_site":"@Pag10com","twitter_misc":{"Escrito por":"Carlos Villota Santacruz.","Tiempo de lectura":"2 minutos"},"schema":{"@context":"https:\/\/schema.org","@graph":[{"@type":"Article","@id":"https:\/\/pagina10.com\/web\/vii-cumbre-de-las-americas-el-despertar-de-estados-unidos-frente-america-latina\/#article","isPartOf":{"@id":"https:\/\/pagina10.com\/web\/vii-cumbre-de-las-americas-el-despertar-de-estados-unidos-frente-america-latina\/"},"author":{"name":"Carlos Villota Santacruz.","@id":"https:\/\/pagina10.com\/web\/#\/schema\/person\/b459e2d15ec5ba9d5a2c9a81c71c4f7b"},"headline":"VII Cumbre de las Am\u00e9ricas: el despertar de Estados Unidos frente Am\u00e9rica Latina","datePublished":"2015-04-13T16:16:19+00:00","mainEntityOfPage":{"@id":"https:\/\/pagina10.com\/web\/vii-cumbre-de-las-americas-el-despertar-de-estados-unidos-frente-america-latina\/"},"wordCount":495,"commentCount":0,"publisher":{"@id":"https:\/\/pagina10.com\/web\/#organization"},"image":{"@id":"https:\/\/pagina10.com\/web\/vii-cumbre-de-las-americas-el-despertar-de-estados-unidos-frente-america-latina\/#primaryimage"},"thumbnailUrl":"https:\/\/pagina10.com\/web\/wp-content\/uploads\/2015\/04\/bf9d7bcd5646829008b9ad63ea0a8eb8.jpg","inLanguage":"es","potentialAction":[{"@type":"CommentAction","name":"Comment","target":["https:\/\/pagina10.com\/web\/vii-cumbre-de-las-americas-el-despertar-de-estados-unidos-frente-america-latina\/#respond"]}]},{"@type":"WebPage","@id":"https:\/\/pagina10.com\/web\/vii-cumbre-de-las-americas-el-despertar-de-estados-unidos-frente-america-latina\/","url":"https:\/\/pagina10.com\/web\/vii-cumbre-de-las-americas-el-despertar-de-estados-unidos-frente-america-latina\/","name":"VII Cumbre de las Am\u00e9ricas: el despertar de Estados Unidos frente Am\u00e9rica Latina | P\u00e1gina10","isPartOf":{"@id":"https:\/\/pagina10.com\/web\/#website"},"primaryImageOfPage":{"@id":"https:\/\/pagina10.com\/web\/vii-cumbre-de-las-americas-el-despertar-de-estados-unidos-frente-america-latina\/#primaryimage"},"image":{"@id":"https:\/\/pagina10.com\/web\/vii-cumbre-de-las-americas-el-despertar-de-estados-unidos-frente-america-latina\/#primaryimage"},"thumbnailUrl":"https:\/\/pagina10.com\/web\/wp-content\/uploads\/2015\/04\/bf9d7bcd5646829008b9ad63ea0a8eb8.jpg","datePublished":"2015-04-13T16:16:19+00:00","breadcrumb":{"@id":"https:\/\/pagina10.com\/web\/vii-cumbre-de-las-americas-el-despertar-de-estados-unidos-frente-america-latina\/#breadcrumb"},"inLanguage":"es","potentialAction":[{"@type":"ReadAction","target":["https:\/\/pagina10.com\/web\/vii-cumbre-de-las-americas-el-despertar-de-estados-unidos-frente-america-latina\/"]}]},{"@type":"ImageObject","inLanguage":"es","@id":"https:\/\/pagina10.com\/web\/vii-cumbre-de-las-americas-el-despertar-de-estados-unidos-frente-america-latina\/#primaryimage","url":"https:\/\/pagina10.com\/web\/wp-content\/uploads\/2015\/04\/bf9d7bcd5646829008b9ad63ea0a8eb8.jpg","contentUrl":"https:\/\/pagina10.com\/web\/wp-content\/uploads\/2015\/04\/bf9d7bcd5646829008b9ad63ea0a8eb8.jpg","width":310,"height":195},{"@type":"BreadcrumbList","@id":"https:\/\/pagina10.com\/web\/vii-cumbre-de-las-americas-el-despertar-de-estados-unidos-frente-america-latina\/#breadcrumb","itemListElement":[{"@type":"ListItem","position":1,"name":"Portada","item":"https:\/\/pagina10.com\/web\/"},{"@type":"ListItem","position":2,"name":"VII Cumbre de las Am\u00e9ricas: el despertar de Estados Unidos frente Am\u00e9rica Latina"}]},{"@type":"WebSite","@id":"https:\/\/pagina10.com\/web\/#website","url":"https:\/\/pagina10.com\/web\/","name":"P\u00e1gina10","description":"Peri\u00f3dico Regional","publisher":{"@id":"https:\/\/pagina10.com\/web\/#organization"},"alternateName":"P\u00e1gina10 Peri\u00f3dico Regional","potentialAction":[{"@type":"SearchAction","target":{"@type":"EntryPoint","urlTemplate":"https:\/\/pagina10.com\/web\/?s={search_term_string}"},"query-input":{"@type":"PropertyValueSpecification","valueRequired":true,"valueName":"search_term_string"}}],"inLanguage":"es"},{"@type":"Organization","@id":"https:\/\/pagina10.com\/web\/#organization","name":"P\u00e1gina10","alternateName":"P\u00e1gina10 Peri\u00f3dico Regional","url":"https:\/\/pagina10.com\/web\/","logo":{"@type":"ImageObject","inLanguage":"es","@id":"https:\/\/pagina10.com\/web\/#\/schema\/logo\/image\/","url":"https:\/\/pagina10.com\/web\/wp-content\/uploads\/2024\/01\/40-pagina-10-periodico-regional-pasto.jpg","contentUrl":"https:\/\/pagina10.com\/web\/wp-content\/uploads\/2024\/01\/40-pagina-10-periodico-regional-pasto.jpg","width":1280,"height":720,"caption":"P\u00e1gina10"},"image":{"@id":"https:\/\/pagina10.com\/web\/#\/schema\/logo\/image\/"},"sameAs":["https:\/\/www.facebook.com\/pag10com","https:\/\/x.com\/Pag10com","https:\/\/www.instagram.com\/pagina10col\/","https:\/\/youtube.com\/channel\/pag10","https:\/\/www.tiktok.com\/@p10col"]},{"@type":"Person","@id":"https:\/\/pagina10.com\/web\/#\/schema\/person\/b459e2d15ec5ba9d5a2c9a81c71c4f7b","name":"Carlos Villota Santacruz.","description":"Internacionalista-Comunicador Social y Periodista. Experto en Comunicaci\u00f3n para el desarrollo y ciudad-regi\u00f3n.. Promotor de proyectos e investigaci\u00f3n comunicativa en radio, prensa y televisi\u00f3n. Experiencia en el manejo de imagen externa, interna y protocolaria de entidades p\u00fablicas y privadas, encuentros culturales, empresariales y ambientales. Docente en el \u00e1rea de televisi\u00f3n, relaciones internacionales y bloques econ\u00f3micos. Experto y conferencista en temas de marketing pol\u00edtico, marketing de ciudad, integraci\u00f3n cultural, TLC y desarrollo urban\u00edstico. E-mail: villotasantacruzcarlos@yahoo.com.co","url":"https:\/\/pagina10.com\/web\/author\/cvillota\/"}]}},"_links":{"self":[{"href":"https:\/\/pagina10.com\/web\/wp-json\/wp\/v2\/posts\/15593","targetHints":{"allow":["GET"]}}],"collection":[{"href":"https:\/\/pagina10.com\/web\/wp-json\/wp\/v2\/posts"}],"about":[{"href":"https:\/\/pagina10.com\/web\/wp-json\/wp\/v2\/types\/post"}],"author":[{"embeddable":true,"href":"https:\/\/pagina10.com\/web\/wp-json\/wp\/v2\/users\/38"}],"replies":[{"embeddable":true,"href":"https:\/\/pagina10.com\/web\/wp-json\/wp\/v2\/comments?post=15593"}],"version-history":[{"count":0,"href":"https:\/\/pagina10.com\/web\/wp-json\/wp\/v2\/posts\/15593\/revisions"}],"wp:featuredmedia":[{"embeddable":true,"href":"https:\/\/pagina10.com\/web\/wp-json\/wp\/v2\/media\/15592"}],"wp:attachment":[{"href":"https:\/\/pagina10.com\/web\/wp-json\/wp\/v2\/media?parent=15593"}],"wp:term":[{"taxonomy":"category","embeddable":true,"href":"https:\/\/pagina10.com\/web\/wp-json\/wp\/v2\/categories?post=15593"},{"taxonomy":"post_tag","embeddable":true,"href":"https:\/\/pagina10.com\/web\/wp-json\/wp\/v2\/tags?post=15593"}],"curies":[{"name":"wp","href":"https:\/\/api.w.org\/{rel}","templated":true}]}}