{"id":15597,"date":"2015-04-13T19:43:58","date_gmt":"2015-04-13T19:43:58","guid":{"rendered":"https:\/\/pagina10.com\/web\/asegurado-un-asesor-juridico-de-la-alcaldia-de-pasto\/"},"modified":"2015-04-13T19:43:58","modified_gmt":"2015-04-13T19:43:58","slug":"asegurado-un-asesor-juridico-de-la-alcaldia-de-pasto","status":"publish","type":"post","link":"https:\/\/pagina10.com\/web\/asegurado-un-asesor-juridico-de-la-alcaldia-de-pasto\/","title":{"rendered":"Asegurado un asesor jur\u00eddico de la Alcald\u00eda de Pasto"},"content":{"rendered":"<p><img fetchpriority=\"high\" decoding=\"async\" class=\" size-full wp-image-15596\" src=\"https:\/\/pagina10.com\/web\/wp-content\/uploads\/2015\/04\/3507ea518bf6fc3ab9009b2510d25d67.jpg\" alt=\"\" width=\"560\" height=\"373\" srcset=\"https:\/\/pagina10.com\/web\/wp-content\/uploads\/2015\/04\/3507ea518bf6fc3ab9009b2510d25d67.jpg 560w, https:\/\/pagina10.com\/web\/wp-content\/uploads\/2015\/04\/3507ea518bf6fc3ab9009b2510d25d67-300x200.jpg 300w, https:\/\/pagina10.com\/web\/wp-content\/uploads\/2015\/04\/3507ea518bf6fc3ab9009b2510d25d67-450x300.jpg 450w\" sizes=\"(max-width: 560px) 100vw, 560px\" \/><\/p>\n<p style=\"text-align: justify;\">Miembros del CTI Pasto, adscritos al Centro de Atenci\u00f3n Integral a V\u00edctimas de Violencia Sexual (Caivas), capturaron a un asesor jur\u00eddico de la Alcald\u00eda de Pasto, por el delito de actos sexuales con menor de 14 a\u00f1os, seg\u00fan orden emitida por el Juzgado Segundo Penal Municipal&nbsp; con funciones de control de garant\u00edas.<\/p>\n<p style=\"text-align: justify;\">El hombre de 33 a\u00f1os de edad, ven\u00eda abusando de su hijastra menor de seis a\u00f1os. Los hechos conocidos desde hace m\u00e1s de dos a\u00f1os, fueron denunciados por el abuelo materno.<\/p>\n<p style=\"text-align: justify;\">Al momento de la legalizaci\u00f3n de su captura el procesado no acept\u00f3 los delitos endilgados por la Fiscal\u00eda 15 Seccional de Pasto, siendo cobijado con medida de aseguramiento, consistente en detenci\u00f3n domiciliaria por problemas de salud.<\/p>\n","protected":false},"excerpt":{"rendered":"<p>Miembros del CTI Pasto, adscritos al Centro de Atenci\u00f3n Integral a V\u00edctimas de Violencia Sexual (Caivas), capturaron a un asesor jur\u00eddico de la Alcald\u00eda de Pasto, por el delito de actos sexuales con menor de 14 a\u00f1os, seg\u00fan orden emitida por el Juzgado Segundo Penal Municipal&nbsp; con funciones de control de garant\u00edas. El hombre de [&hellip;]<\/p>\n","protected":false},"author":29,"featured_media":15596,"comment_status":"open","ping_status":"open","sticky":false,"template":"","format":"standard","meta":{"footnotes":""},"categories":[1],"tags":[],"class_list":["post-15597","post","type-post","status-publish","format-standard","has-post-thumbnail","hentry","category-sin-categoria"],"yoast_head":"<!-- This site is optimized with the Yoast SEO plugin v27.1.1 - https:\/\/yoast.com\/product\/yoast-seo-wordpress\/ -->\n<title>Asegurado un asesor jur\u00eddico de la Alcald\u00eda de Pasto | P\u00e1gina10<\/title>\n<meta name=\"robots\" content=\"index, follow, max-snippet:-1, max-image-preview:large, max-video-preview:-1\" \/>\n<link rel=\"canonical\" href=\"https:\/\/pagina10.com\/web\/asegurado-un-asesor-juridico-de-la-alcaldia-de-pasto\/\" \/>\n<meta property=\"og:locale\" content=\"es_ES\" \/>\n<meta property=\"og:type\" content=\"article\" \/>\n<meta property=\"og:title\" content=\"Asegurado un asesor jur\u00eddico de la Alcald\u00eda de Pasto | P\u00e1gina10\" \/>\n<meta property=\"og:description\" content=\"Miembros del CTI Pasto, adscritos al Centro de Atenci\u00f3n Integral a V\u00edctimas de Violencia Sexual (Caivas), capturaron a un asesor jur\u00eddico de la Alcald\u00eda de Pasto, por el delito de actos sexuales con menor de 14 a\u00f1os, seg\u00fan orden emitida por el Juzgado Segundo Penal Municipal&nbsp; con funciones de control de garant\u00edas. El hombre de [&hellip;]\" \/>\n<meta property=\"og:url\" content=\"https:\/\/pagina10.com\/web\/asegurado-un-asesor-juridico-de-la-alcaldia-de-pasto\/\" \/>\n<meta property=\"og:site_name\" content=\"P\u00e1gina10\" \/>\n<meta property=\"article:publisher\" content=\"https:\/\/www.facebook.com\/pag10com\" \/>\n<meta property=\"article:published_time\" content=\"2015-04-13T19:43:58+00:00\" \/>\n<meta property=\"og:image\" content=\"https:\/\/pagina10.com\/web\/wp-content\/uploads\/2015\/04\/3507ea518bf6fc3ab9009b2510d25d67.jpg\" \/>\n\t<meta property=\"og:image:width\" content=\"560\" \/>\n\t<meta property=\"og:image:height\" content=\"373\" \/>\n\t<meta property=\"og:image:type\" content=\"image\/jpeg\" \/>\n<meta name=\"author\" content=\"P\u00e1gina 10\" \/>\n<meta name=\"twitter:card\" content=\"summary_large_image\" \/>\n<meta name=\"twitter:creator\" content=\"@Pag10com\" \/>\n<meta name=\"twitter:site\" content=\"@Pag10com\" \/>\n<meta name=\"twitter:label1\" content=\"Escrito por\" \/>\n\t<meta name=\"twitter:data1\" content=\"P\u00e1gina 10\" \/>\n\t<meta name=\"twitter:label2\" content=\"Tiempo de lectura\" \/>\n\t<meta name=\"twitter:data2\" content=\"1 minuto\" \/>\n<script type=\"application\/ld+json\" class=\"yoast-schema-graph\">{\"@context\":\"https:\/\/schema.org\",\"@graph\":[{\"@type\":\"Article\",\"@id\":\"https:\/\/pagina10.com\/web\/asegurado-un-asesor-juridico-de-la-alcaldia-de-pasto\/#article\",\"isPartOf\":{\"@id\":\"https:\/\/pagina10.com\/web\/asegurado-un-asesor-juridico-de-la-alcaldia-de-pasto\/\"},\"author\":{\"name\":\"P\u00e1gina 10\",\"@id\":\"https:\/\/pagina10.com\/web\/#\/schema\/person\/a7a5d38f0629dfc107f619fbae4f6cc3\"},\"headline\":\"Asegurado un asesor jur\u00eddico de la Alcald\u00eda de Pasto\",\"datePublished\":\"2015-04-13T19:43:58+00:00\",\"mainEntityOfPage\":{\"@id\":\"https:\/\/pagina10.com\/web\/asegurado-un-asesor-juridico-de-la-alcaldia-de-pasto\/\"},\"wordCount\":143,\"commentCount\":0,\"publisher\":{\"@id\":\"https:\/\/pagina10.com\/web\/#organization\"},\"image\":{\"@id\":\"https:\/\/pagina10.com\/web\/asegurado-un-asesor-juridico-de-la-alcaldia-de-pasto\/#primaryimage\"},\"thumbnailUrl\":\"https:\/\/pagina10.com\/web\/wp-content\/uploads\/2015\/04\/3507ea518bf6fc3ab9009b2510d25d67.jpg\",\"inLanguage\":\"es\",\"potentialAction\":[{\"@type\":\"CommentAction\",\"name\":\"Comment\",\"target\":[\"https:\/\/pagina10.com\/web\/asegurado-un-asesor-juridico-de-la-alcaldia-de-pasto\/#respond\"]}]},{\"@type\":\"WebPage\",\"@id\":\"https:\/\/pagina10.com\/web\/asegurado-un-asesor-juridico-de-la-alcaldia-de-pasto\/\",\"url\":\"https:\/\/pagina10.com\/web\/asegurado-un-asesor-juridico-de-la-alcaldia-de-pasto\/\",\"name\":\"Asegurado un asesor jur\u00eddico de la Alcald\u00eda de Pasto | P\u00e1gina10\",\"isPartOf\":{\"@id\":\"https:\/\/pagina10.com\/web\/#website\"},\"primaryImageOfPage\":{\"@id\":\"https:\/\/pagina10.com\/web\/asegurado-un-asesor-juridico-de-la-alcaldia-de-pasto\/#primaryimage\"},\"image\":{\"@id\":\"https:\/\/pagina10.com\/web\/asegurado-un-asesor-juridico-de-la-alcaldia-de-pasto\/#primaryimage\"},\"thumbnailUrl\":\"https:\/\/pagina10.com\/web\/wp-content\/uploads\/2015\/04\/3507ea518bf6fc3ab9009b2510d25d67.jpg\",\"datePublished\":\"2015-04-13T19:43:58+00:00\",\"breadcrumb\":{\"@id\":\"https:\/\/pagina10.com\/web\/asegurado-un-asesor-juridico-de-la-alcaldia-de-pasto\/#breadcrumb\"},\"inLanguage\":\"es\",\"potentialAction\":[{\"@type\":\"ReadAction\",\"target\":[\"https:\/\/pagina10.com\/web\/asegurado-un-asesor-juridico-de-la-alcaldia-de-pasto\/\"]}]},{\"@type\":\"ImageObject\",\"inLanguage\":\"es\",\"@id\":\"https:\/\/pagina10.com\/web\/asegurado-un-asesor-juridico-de-la-alcaldia-de-pasto\/#primaryimage\",\"url\":\"https:\/\/pagina10.com\/web\/wp-content\/uploads\/2015\/04\/3507ea518bf6fc3ab9009b2510d25d67.jpg\",\"contentUrl\":\"https:\/\/pagina10.com\/web\/wp-content\/uploads\/2015\/04\/3507ea518bf6fc3ab9009b2510d25d67.jpg\",\"width\":560,\"height\":373},{\"@type\":\"BreadcrumbList\",\"@id\":\"https:\/\/pagina10.com\/web\/asegurado-un-asesor-juridico-de-la-alcaldia-de-pasto\/#breadcrumb\",\"itemListElement\":[{\"@type\":\"ListItem\",\"position\":1,\"name\":\"Portada\",\"item\":\"https:\/\/pagina10.com\/web\/\"},{\"@type\":\"ListItem\",\"position\":2,\"name\":\"Asegurado un asesor jur\u00eddico de la Alcald\u00eda de Pasto\"}]},{\"@type\":\"WebSite\",\"@id\":\"https:\/\/pagina10.com\/web\/#website\",\"url\":\"https:\/\/pagina10.com\/web\/\",\"name\":\"P\u00e1gina10\",\"description\":\"Peri\u00f3dico Regional\",\"publisher\":{\"@id\":\"https:\/\/pagina10.com\/web\/#organization\"},\"alternateName\":\"P\u00e1gina10 Peri\u00f3dico Regional\",\"potentialAction\":[{\"@type\":\"SearchAction\",\"target\":{\"@type\":\"EntryPoint\",\"urlTemplate\":\"https:\/\/pagina10.com\/web\/?s={search_term_string}\"},\"query-input\":{\"@type\":\"PropertyValueSpecification\",\"valueRequired\":true,\"valueName\":\"search_term_string\"}}],\"inLanguage\":\"es\"},{\"@type\":\"Organization\",\"@id\":\"https:\/\/pagina10.com\/web\/#organization\",\"name\":\"P\u00e1gina10\",\"alternateName\":\"P\u00e1gina10 Peri\u00f3dico Regional\",\"url\":\"https:\/\/pagina10.com\/web\/\",\"logo\":{\"@type\":\"ImageObject\",\"inLanguage\":\"es\",\"@id\":\"https:\/\/pagina10.com\/web\/#\/schema\/logo\/image\/\",\"url\":\"https:\/\/pagina10.com\/web\/wp-content\/uploads\/2024\/01\/40-pagina-10-periodico-regional-pasto.jpg\",\"contentUrl\":\"https:\/\/pagina10.com\/web\/wp-content\/uploads\/2024\/01\/40-pagina-10-periodico-regional-pasto.jpg\",\"width\":1280,\"height\":720,\"caption\":\"P\u00e1gina10\"},\"image\":{\"@id\":\"https:\/\/pagina10.com\/web\/#\/schema\/logo\/image\/\"},\"sameAs\":[\"https:\/\/www.facebook.com\/pag10com\",\"https:\/\/x.com\/Pag10com\",\"https:\/\/www.instagram.com\/pagina10col\/\",\"https:\/\/youtube.com\/channel\/pag10\",\"https:\/\/www.tiktok.com\/@p10col\"]},{\"@type\":\"Person\",\"@id\":\"https:\/\/pagina10.com\/web\/#\/schema\/person\/a7a5d38f0629dfc107f619fbae4f6cc3\",\"name\":\"P\u00e1gina 10\",\"description\":\"P\u00e1gina10.com es un peri\u00f3dico digital que nace en Colombia, en el departamento de Nari\u00f1o, con un enfoque global, fundamentado en cuatro pilares esenciales: la libertad, el pluralismo, la inclusi\u00f3n y la independencia. P\u00e1gina10.com hace referencia a Nari\u00f1o como el d\u00e9cimo departamento creado en Colombia, despu\u00e9s de un proceso pol\u00edtico liderado por actores y actrices regionales con el fin de obtener la independencia y autonom\u00eda de nuestros territorios. Con la creaci\u00f3n de P\u00e1gina10.com se pretende abrir un escenario para el dialogo, la reflexi\u00f3n y el debate que se extienda a otras geograf\u00edas de Am\u00e9rica Latina y del planeta, en una apuesta por transformar colectivamente los desaf\u00edos de un mundo contempor\u00e1neo, m\u00e1s all\u00e1 de las fronteras impuestas.\",\"url\":\"https:\/\/pagina10.com\/web\/author\/mcepeda\/\"}]}<\/script>\n<!-- \/ Yoast SEO plugin. -->","yoast_head_json":{"title":"Asegurado un asesor jur\u00eddico de la Alcald\u00eda de Pasto | P\u00e1gina10","robots":{"index":"index","follow":"follow","max-snippet":"max-snippet:-1","max-image-preview":"max-image-preview:large","max-video-preview":"max-video-preview:-1"},"canonical":"https:\/\/pagina10.com\/web\/asegurado-un-asesor-juridico-de-la-alcaldia-de-pasto\/","og_locale":"es_ES","og_type":"article","og_title":"Asegurado un asesor jur\u00eddico de la Alcald\u00eda de Pasto | P\u00e1gina10","og_description":"Miembros del CTI Pasto, adscritos al Centro de Atenci\u00f3n Integral a V\u00edctimas de Violencia Sexual (Caivas), capturaron a un asesor jur\u00eddico de la Alcald\u00eda de Pasto, por el delito de actos sexuales con menor de 14 a\u00f1os, seg\u00fan orden emitida por el Juzgado Segundo Penal Municipal&nbsp; con funciones de control de garant\u00edas. El hombre de [&hellip;]","og_url":"https:\/\/pagina10.com\/web\/asegurado-un-asesor-juridico-de-la-alcaldia-de-pasto\/","og_site_name":"P\u00e1gina10","article_publisher":"https:\/\/www.facebook.com\/pag10com","article_published_time":"2015-04-13T19:43:58+00:00","og_image":[{"width":560,"height":373,"url":"https:\/\/pagina10.com\/web\/wp-content\/uploads\/2015\/04\/3507ea518bf6fc3ab9009b2510d25d67.jpg","type":"image\/jpeg"}],"author":"P\u00e1gina 10","twitter_card":"summary_large_image","twitter_creator":"@Pag10com","twitter_site":"@Pag10com","twitter_misc":{"Escrito por":"P\u00e1gina 10","Tiempo de lectura":"1 minuto"},"schema":{"@context":"https:\/\/schema.org","@graph":[{"@type":"Article","@id":"https:\/\/pagina10.com\/web\/asegurado-un-asesor-juridico-de-la-alcaldia-de-pasto\/#article","isPartOf":{"@id":"https:\/\/pagina10.com\/web\/asegurado-un-asesor-juridico-de-la-alcaldia-de-pasto\/"},"author":{"name":"P\u00e1gina 10","@id":"https:\/\/pagina10.com\/web\/#\/schema\/person\/a7a5d38f0629dfc107f619fbae4f6cc3"},"headline":"Asegurado un asesor jur\u00eddico de la Alcald\u00eda de Pasto","datePublished":"2015-04-13T19:43:58+00:00","mainEntityOfPage":{"@id":"https:\/\/pagina10.com\/web\/asegurado-un-asesor-juridico-de-la-alcaldia-de-pasto\/"},"wordCount":143,"commentCount":0,"publisher":{"@id":"https:\/\/pagina10.com\/web\/#organization"},"image":{"@id":"https:\/\/pagina10.com\/web\/asegurado-un-asesor-juridico-de-la-alcaldia-de-pasto\/#primaryimage"},"thumbnailUrl":"https:\/\/pagina10.com\/web\/wp-content\/uploads\/2015\/04\/3507ea518bf6fc3ab9009b2510d25d67.jpg","inLanguage":"es","potentialAction":[{"@type":"CommentAction","name":"Comment","target":["https:\/\/pagina10.com\/web\/asegurado-un-asesor-juridico-de-la-alcaldia-de-pasto\/#respond"]}]},{"@type":"WebPage","@id":"https:\/\/pagina10.com\/web\/asegurado-un-asesor-juridico-de-la-alcaldia-de-pasto\/","url":"https:\/\/pagina10.com\/web\/asegurado-un-asesor-juridico-de-la-alcaldia-de-pasto\/","name":"Asegurado un asesor jur\u00eddico de la Alcald\u00eda de Pasto | P\u00e1gina10","isPartOf":{"@id":"https:\/\/pagina10.com\/web\/#website"},"primaryImageOfPage":{"@id":"https:\/\/pagina10.com\/web\/asegurado-un-asesor-juridico-de-la-alcaldia-de-pasto\/#primaryimage"},"image":{"@id":"https:\/\/pagina10.com\/web\/asegurado-un-asesor-juridico-de-la-alcaldia-de-pasto\/#primaryimage"},"thumbnailUrl":"https:\/\/pagina10.com\/web\/wp-content\/uploads\/2015\/04\/3507ea518bf6fc3ab9009b2510d25d67.jpg","datePublished":"2015-04-13T19:43:58+00:00","breadcrumb":{"@id":"https:\/\/pagina10.com\/web\/asegurado-un-asesor-juridico-de-la-alcaldia-de-pasto\/#breadcrumb"},"inLanguage":"es","potentialAction":[{"@type":"ReadAction","target":["https:\/\/pagina10.com\/web\/asegurado-un-asesor-juridico-de-la-alcaldia-de-pasto\/"]}]},{"@type":"ImageObject","inLanguage":"es","@id":"https:\/\/pagina10.com\/web\/asegurado-un-asesor-juridico-de-la-alcaldia-de-pasto\/#primaryimage","url":"https:\/\/pagina10.com\/web\/wp-content\/uploads\/2015\/04\/3507ea518bf6fc3ab9009b2510d25d67.jpg","contentUrl":"https:\/\/pagina10.com\/web\/wp-content\/uploads\/2015\/04\/3507ea518bf6fc3ab9009b2510d25d67.jpg","width":560,"height":373},{"@type":"BreadcrumbList","@id":"https:\/\/pagina10.com\/web\/asegurado-un-asesor-juridico-de-la-alcaldia-de-pasto\/#breadcrumb","itemListElement":[{"@type":"ListItem","position":1,"name":"Portada","item":"https:\/\/pagina10.com\/web\/"},{"@type":"ListItem","position":2,"name":"Asegurado un asesor jur\u00eddico de la Alcald\u00eda de Pasto"}]},{"@type":"WebSite","@id":"https:\/\/pagina10.com\/web\/#website","url":"https:\/\/pagina10.com\/web\/","name":"P\u00e1gina10","description":"Peri\u00f3dico Regional","publisher":{"@id":"https:\/\/pagina10.com\/web\/#organization"},"alternateName":"P\u00e1gina10 Peri\u00f3dico Regional","potentialAction":[{"@type":"SearchAction","target":{"@type":"EntryPoint","urlTemplate":"https:\/\/pagina10.com\/web\/?s={search_term_string}"},"query-input":{"@type":"PropertyValueSpecification","valueRequired":true,"valueName":"search_term_string"}}],"inLanguage":"es"},{"@type":"Organization","@id":"https:\/\/pagina10.com\/web\/#organization","name":"P\u00e1gina10","alternateName":"P\u00e1gina10 Peri\u00f3dico Regional","url":"https:\/\/pagina10.com\/web\/","logo":{"@type":"ImageObject","inLanguage":"es","@id":"https:\/\/pagina10.com\/web\/#\/schema\/logo\/image\/","url":"https:\/\/pagina10.com\/web\/wp-content\/uploads\/2024\/01\/40-pagina-10-periodico-regional-pasto.jpg","contentUrl":"https:\/\/pagina10.com\/web\/wp-content\/uploads\/2024\/01\/40-pagina-10-periodico-regional-pasto.jpg","width":1280,"height":720,"caption":"P\u00e1gina10"},"image":{"@id":"https:\/\/pagina10.com\/web\/#\/schema\/logo\/image\/"},"sameAs":["https:\/\/www.facebook.com\/pag10com","https:\/\/x.com\/Pag10com","https:\/\/www.instagram.com\/pagina10col\/","https:\/\/youtube.com\/channel\/pag10","https:\/\/www.tiktok.com\/@p10col"]},{"@type":"Person","@id":"https:\/\/pagina10.com\/web\/#\/schema\/person\/a7a5d38f0629dfc107f619fbae4f6cc3","name":"P\u00e1gina 10","description":"P\u00e1gina10.com es un peri\u00f3dico digital que nace en Colombia, en el departamento de Nari\u00f1o, con un enfoque global, fundamentado en cuatro pilares esenciales: la libertad, el pluralismo, la inclusi\u00f3n y la independencia. P\u00e1gina10.com hace referencia a Nari\u00f1o como el d\u00e9cimo departamento creado en Colombia, despu\u00e9s de un proceso pol\u00edtico liderado por actores y actrices regionales con el fin de obtener la independencia y autonom\u00eda de nuestros territorios. Con la creaci\u00f3n de P\u00e1gina10.com se pretende abrir un escenario para el dialogo, la reflexi\u00f3n y el debate que se extienda a otras geograf\u00edas de Am\u00e9rica Latina y del planeta, en una apuesta por transformar colectivamente los desaf\u00edos de un mundo contempor\u00e1neo, m\u00e1s all\u00e1 de las fronteras impuestas.","url":"https:\/\/pagina10.com\/web\/author\/mcepeda\/"}]}},"_links":{"self":[{"href":"https:\/\/pagina10.com\/web\/wp-json\/wp\/v2\/posts\/15597","targetHints":{"allow":["GET"]}}],"collection":[{"href":"https:\/\/pagina10.com\/web\/wp-json\/wp\/v2\/posts"}],"about":[{"href":"https:\/\/pagina10.com\/web\/wp-json\/wp\/v2\/types\/post"}],"author":[{"embeddable":true,"href":"https:\/\/pagina10.com\/web\/wp-json\/wp\/v2\/users\/29"}],"replies":[{"embeddable":true,"href":"https:\/\/pagina10.com\/web\/wp-json\/wp\/v2\/comments?post=15597"}],"version-history":[{"count":0,"href":"https:\/\/pagina10.com\/web\/wp-json\/wp\/v2\/posts\/15597\/revisions"}],"wp:featuredmedia":[{"embeddable":true,"href":"https:\/\/pagina10.com\/web\/wp-json\/wp\/v2\/media\/15596"}],"wp:attachment":[{"href":"https:\/\/pagina10.com\/web\/wp-json\/wp\/v2\/media?parent=15597"}],"wp:term":[{"taxonomy":"category","embeddable":true,"href":"https:\/\/pagina10.com\/web\/wp-json\/wp\/v2\/categories?post=15597"},{"taxonomy":"post_tag","embeddable":true,"href":"https:\/\/pagina10.com\/web\/wp-json\/wp\/v2\/tags?post=15597"}],"curies":[{"name":"wp","href":"https:\/\/api.w.org\/{rel}","templated":true}]}}