{"id":15599,"date":"2015-04-14T01:24:09","date_gmt":"2015-04-14T01:24:09","guid":{"rendered":"https:\/\/pagina10.com\/web\/museo-vivo-escenarios-para-la-memoria-exposicion-artistica-itinerante\/"},"modified":"2015-04-14T01:24:09","modified_gmt":"2015-04-14T01:24:09","slug":"museo-vivo-escenarios-para-la-memoria-exposicion-artistica-itinerante","status":"publish","type":"post","link":"https:\/\/pagina10.com\/web\/museo-vivo-escenarios-para-la-memoria-exposicion-artistica-itinerante\/","title":{"rendered":"Museo vivo: escenarios para la memoria, exposici\u00f3n art\u00edstica itinerante"},"content":{"rendered":"<p><img fetchpriority=\"high\" decoding=\"async\" class=\" size-full wp-image-15598\" src=\"https:\/\/pagina10.com\/web\/wp-content\/uploads\/2015\/04\/b4992d149d01e2d7750cf10ee5d3b189.jpg\" alt=\"\" width=\"960\" height=\"356\" srcset=\"https:\/\/pagina10.com\/web\/wp-content\/uploads\/2015\/04\/b4992d149d01e2d7750cf10ee5d3b189.jpg 960w, https:\/\/pagina10.com\/web\/wp-content\/uploads\/2015\/04\/b4992d149d01e2d7750cf10ee5d3b189-300x111.jpg 300w, https:\/\/pagina10.com\/web\/wp-content\/uploads\/2015\/04\/b4992d149d01e2d7750cf10ee5d3b189-768x285.jpg 768w\" sizes=\"(max-width: 960px) 100vw, 960px\" \/><\/p>\n<p style=\"text-align: justify;\">Escenarios Para la Memoria, es una exposici\u00f3n art\u00edstica itinerante creada por v\u00edctimas del conflicto armado.&nbsp;<span style=\"line-height: 1.8;\">Proyecto ideado y producido en coordinaci\u00f3n con la Mesa de Victimas de Pasto, la Corporaci\u00f3n Esc\u00e9nica De Pasto La Guagua, La Alcald\u00eda Municipal de Pasto, La personer\u00eda municipal, la Gobernaci\u00f3n de Nari\u00f1o, el CNMH, NRC y la OIM.<\/span><\/p>\n<p style=\"text-align: justify;\">En Escenarios para la Memoria el visitante transitar\u00e1 una exposici\u00f3n itinerante, viva y din\u00e1mica que reivindica el arte c\u00f3mo pr\u00e1ctica social, donde el teatro y otras exposiciones art\u00edsticas cumplir\u00e1n su funci\u00f3n de mediaci\u00f3n simb\u00f3lica. Adem\u00e1s, cada escenario se convertir\u00e1 en un espacio de reflexi\u00f3n y construcci\u00f3n de una ciudadan\u00eda consciente, cr\u00edtica y activa, que promueva la reconciliaci\u00f3n, la reparaci\u00f3n simb\u00f3lica, el apoyo a la construcci\u00f3n de memoria hist\u00f3rica y el respecto a los derechos humanos.<\/p>\n<p style=\"text-align: justify;\"><strong>&nbsp;<\/strong><\/p>\n<p style=\"text-align: justify;\"><strong>Piezas:<\/strong><\/p>\n<p style=\"text-align: justify;\">Exposici\u00f3n fotogr\u00e1fica<\/p>\n<p style=\"text-align: justify;\">Pieza audiovisual<\/p>\n<p style=\"text-align: justify;\">Instalaci\u00f3n art\u00edstica<\/p>\n<p style=\"text-align: justify;\">Relatos de memoria<\/p>\n<p style=\"text-align: justify;\">Obra teatral: Un acto de Memoria<\/p>\n<p style=\"text-align: justify;\">&nbsp;<\/p>\n<p style=\"text-align: justify;\"><strong>El Grupo<\/strong><\/p>\n<p style=\"text-align: justify;\">Este proyecto busca desde la subjetividad de los actores, la construcci\u00f3n y creaci\u00f3n colectiva de la memoria, desde sus propias vivencias y posibilidades creativas, dando v\u00eda a la esperanza como salida del conflicto y visibilizando la problem\u00e1tica del desplazamiento forzado aunado a otros hechos victimizantes, desde las vivencias \u00edntimas y subjetivas de las v\u00edctimas, buscamos su reconocimiento y dignificaci\u00f3n como ciudadanos de derechos.<\/p>\n<p style=\"text-align: justify;\"><strong>Dramaturgia<\/strong><\/p>\n<p style=\"text-align: justify;\">El Gui\u00f3n dramat\u00fargico es escrito por las v\u00edctimas con acompa\u00f1amiento y direcci\u00f3n de la Casa Teatro la Guagua junto a la construcci\u00f3n de piezas como pinturas, dibujos y fotograf\u00edas, que har\u00e1n parte de la exposici\u00f3n itinerante en diferentes espacios de la ciudad.<\/p>\n<p style=\"text-align: justify;\"><strong>Elenco y Equipo Creativo<\/strong><\/p>\n<p style=\"text-align: justify;\"><strong>Actores y Actrices:<\/strong> Mesa de victimas de Pasto<br \/><strong><\/strong><\/p>\n<p style=\"text-align: justify;\"><strong>Musicalizaci\u00f3n:<\/strong> Adri\u00e1n Leverkun<\/p>\n<p style=\"text-align: justify;\"><strong>Direcci\u00f3n de Arte:<\/strong> Diana Mendoza y Johana Nazate<\/p>\n<p style=\"text-align: justify;\"><strong>Coordinaci\u00f3n de Proyecto:<\/strong> Mar\u00eda Fernanda Mena y Lina Herrera.<\/p>\n<p style=\"text-align: justify;\"><strong>Coordinaci\u00f3n de Log\u00edstica:<\/strong> Julieth Figueroa<\/p>\n<p style=\"text-align: justify;\"><strong>Direcci\u00f3n General:<\/strong> Lina Herrera y Mar\u00eda Fernanda Mena<\/p>\n<p style=\"text-align: justify;\">&nbsp;<\/p>\n<p style=\"line-height: 19.7999992370605px; text-align: justify;\"><strong>Fecha:<\/strong> martes 14 de abril 2015.<br \/><span style=\"line-height: 19.7999992370605px; text-align: justify;\"><\/span><\/p>\n<p style=\"line-height: 19.7999992370605px; text-align: justify;\"><span style=\"line-height: 19.7999992370605px; text-align: justify;\"><strong>Lugar:<\/strong> Teatro Imperial.<\/span><\/p>\n<p style=\"line-height: 19.7999992370605px; text-align: justify;\"><strong>Hora:<\/strong> 4:30 pm<\/p>\n","protected":false},"excerpt":{"rendered":"<p>Escenarios Para la Memoria, es una exposici\u00f3n art\u00edstica itinerante creada por v\u00edctimas del conflicto armado.&nbsp;Proyecto ideado y producido en coordinaci\u00f3n con la Mesa de Victimas de Pasto, la Corporaci\u00f3n Esc\u00e9nica De Pasto La Guagua, La Alcald\u00eda Municipal de Pasto, La personer\u00eda municipal, la Gobernaci\u00f3n de Nari\u00f1o, el CNMH, NRC y la OIM. En Escenarios para [&hellip;]<\/p>\n","protected":false},"author":29,"featured_media":15598,"comment_status":"open","ping_status":"open","sticky":false,"template":"","format":"standard","meta":{"footnotes":""},"categories":[1],"tags":[],"class_list":["post-15599","post","type-post","status-publish","format-standard","has-post-thumbnail","hentry","category-sin-categoria"],"yoast_head":"<!-- This site is optimized with the Yoast SEO plugin v27.1.1 - https:\/\/yoast.com\/product\/yoast-seo-wordpress\/ -->\n<title>Museo vivo: escenarios para la memoria, exposici\u00f3n art\u00edstica itinerante | P\u00e1gina10<\/title>\n<meta name=\"robots\" content=\"index, follow, max-snippet:-1, max-image-preview:large, max-video-preview:-1\" \/>\n<link rel=\"canonical\" href=\"https:\/\/pagina10.com\/web\/museo-vivo-escenarios-para-la-memoria-exposicion-artistica-itinerante\/\" \/>\n<meta property=\"og:locale\" content=\"es_ES\" \/>\n<meta property=\"og:type\" content=\"article\" \/>\n<meta property=\"og:title\" content=\"Museo vivo: escenarios para la memoria, exposici\u00f3n art\u00edstica itinerante | P\u00e1gina10\" \/>\n<meta property=\"og:description\" content=\"Escenarios Para la Memoria, es una exposici\u00f3n art\u00edstica itinerante creada por v\u00edctimas del conflicto armado.&nbsp;Proyecto ideado y producido en coordinaci\u00f3n con la Mesa de Victimas de Pasto, la Corporaci\u00f3n Esc\u00e9nica De Pasto La Guagua, La Alcald\u00eda Municipal de Pasto, La personer\u00eda municipal, la Gobernaci\u00f3n de Nari\u00f1o, el CNMH, NRC y la OIM. En Escenarios para [&hellip;]\" \/>\n<meta property=\"og:url\" content=\"https:\/\/pagina10.com\/web\/museo-vivo-escenarios-para-la-memoria-exposicion-artistica-itinerante\/\" \/>\n<meta property=\"og:site_name\" content=\"P\u00e1gina10\" \/>\n<meta property=\"article:publisher\" content=\"https:\/\/www.facebook.com\/pag10com\" \/>\n<meta property=\"article:published_time\" content=\"2015-04-14T01:24:09+00:00\" \/>\n<meta property=\"og:image\" content=\"https:\/\/pagina10.com\/web\/wp-content\/uploads\/2015\/04\/b4992d149d01e2d7750cf10ee5d3b189.jpg\" \/>\n\t<meta property=\"og:image:width\" content=\"960\" \/>\n\t<meta property=\"og:image:height\" content=\"356\" \/>\n\t<meta property=\"og:image:type\" content=\"image\/jpeg\" \/>\n<meta name=\"author\" content=\"P\u00e1gina 10\" \/>\n<meta name=\"twitter:card\" content=\"summary_large_image\" \/>\n<meta name=\"twitter:creator\" content=\"@Pag10com\" \/>\n<meta name=\"twitter:site\" content=\"@Pag10com\" \/>\n<meta name=\"twitter:label1\" content=\"Escrito por\" \/>\n\t<meta name=\"twitter:data1\" content=\"P\u00e1gina 10\" \/>\n\t<meta name=\"twitter:label2\" content=\"Tiempo de lectura\" \/>\n\t<meta name=\"twitter:data2\" content=\"2 minutos\" \/>\n<script type=\"application\/ld+json\" class=\"yoast-schema-graph\">{\"@context\":\"https:\/\/schema.org\",\"@graph\":[{\"@type\":\"Article\",\"@id\":\"https:\/\/pagina10.com\/web\/museo-vivo-escenarios-para-la-memoria-exposicion-artistica-itinerante\/#article\",\"isPartOf\":{\"@id\":\"https:\/\/pagina10.com\/web\/museo-vivo-escenarios-para-la-memoria-exposicion-artistica-itinerante\/\"},\"author\":{\"name\":\"P\u00e1gina 10\",\"@id\":\"https:\/\/pagina10.com\/web\/#\/schema\/person\/a7a5d38f0629dfc107f619fbae4f6cc3\"},\"headline\":\"Museo vivo: escenarios para la memoria, exposici\u00f3n art\u00edstica itinerante\",\"datePublished\":\"2015-04-14T01:24:09+00:00\",\"mainEntityOfPage\":{\"@id\":\"https:\/\/pagina10.com\/web\/museo-vivo-escenarios-para-la-memoria-exposicion-artistica-itinerante\/\"},\"wordCount\":378,\"commentCount\":0,\"publisher\":{\"@id\":\"https:\/\/pagina10.com\/web\/#organization\"},\"image\":{\"@id\":\"https:\/\/pagina10.com\/web\/museo-vivo-escenarios-para-la-memoria-exposicion-artistica-itinerante\/#primaryimage\"},\"thumbnailUrl\":\"https:\/\/pagina10.com\/web\/wp-content\/uploads\/2015\/04\/b4992d149d01e2d7750cf10ee5d3b189.jpg\",\"inLanguage\":\"es\",\"potentialAction\":[{\"@type\":\"CommentAction\",\"name\":\"Comment\",\"target\":[\"https:\/\/pagina10.com\/web\/museo-vivo-escenarios-para-la-memoria-exposicion-artistica-itinerante\/#respond\"]}]},{\"@type\":\"WebPage\",\"@id\":\"https:\/\/pagina10.com\/web\/museo-vivo-escenarios-para-la-memoria-exposicion-artistica-itinerante\/\",\"url\":\"https:\/\/pagina10.com\/web\/museo-vivo-escenarios-para-la-memoria-exposicion-artistica-itinerante\/\",\"name\":\"Museo vivo: escenarios para la memoria, exposici\u00f3n art\u00edstica itinerante | P\u00e1gina10\",\"isPartOf\":{\"@id\":\"https:\/\/pagina10.com\/web\/#website\"},\"primaryImageOfPage\":{\"@id\":\"https:\/\/pagina10.com\/web\/museo-vivo-escenarios-para-la-memoria-exposicion-artistica-itinerante\/#primaryimage\"},\"image\":{\"@id\":\"https:\/\/pagina10.com\/web\/museo-vivo-escenarios-para-la-memoria-exposicion-artistica-itinerante\/#primaryimage\"},\"thumbnailUrl\":\"https:\/\/pagina10.com\/web\/wp-content\/uploads\/2015\/04\/b4992d149d01e2d7750cf10ee5d3b189.jpg\",\"datePublished\":\"2015-04-14T01:24:09+00:00\",\"breadcrumb\":{\"@id\":\"https:\/\/pagina10.com\/web\/museo-vivo-escenarios-para-la-memoria-exposicion-artistica-itinerante\/#breadcrumb\"},\"inLanguage\":\"es\",\"potentialAction\":[{\"@type\":\"ReadAction\",\"target\":[\"https:\/\/pagina10.com\/web\/museo-vivo-escenarios-para-la-memoria-exposicion-artistica-itinerante\/\"]}]},{\"@type\":\"ImageObject\",\"inLanguage\":\"es\",\"@id\":\"https:\/\/pagina10.com\/web\/museo-vivo-escenarios-para-la-memoria-exposicion-artistica-itinerante\/#primaryimage\",\"url\":\"https:\/\/pagina10.com\/web\/wp-content\/uploads\/2015\/04\/b4992d149d01e2d7750cf10ee5d3b189.jpg\",\"contentUrl\":\"https:\/\/pagina10.com\/web\/wp-content\/uploads\/2015\/04\/b4992d149d01e2d7750cf10ee5d3b189.jpg\",\"width\":960,\"height\":356},{\"@type\":\"BreadcrumbList\",\"@id\":\"https:\/\/pagina10.com\/web\/museo-vivo-escenarios-para-la-memoria-exposicion-artistica-itinerante\/#breadcrumb\",\"itemListElement\":[{\"@type\":\"ListItem\",\"position\":1,\"name\":\"Portada\",\"item\":\"https:\/\/pagina10.com\/web\/\"},{\"@type\":\"ListItem\",\"position\":2,\"name\":\"Museo vivo: escenarios para la memoria, exposici\u00f3n art\u00edstica itinerante\"}]},{\"@type\":\"WebSite\",\"@id\":\"https:\/\/pagina10.com\/web\/#website\",\"url\":\"https:\/\/pagina10.com\/web\/\",\"name\":\"P\u00e1gina10\",\"description\":\"Peri\u00f3dico Regional\",\"publisher\":{\"@id\":\"https:\/\/pagina10.com\/web\/#organization\"},\"alternateName\":\"P\u00e1gina10 Peri\u00f3dico Regional\",\"potentialAction\":[{\"@type\":\"SearchAction\",\"target\":{\"@type\":\"EntryPoint\",\"urlTemplate\":\"https:\/\/pagina10.com\/web\/?s={search_term_string}\"},\"query-input\":{\"@type\":\"PropertyValueSpecification\",\"valueRequired\":true,\"valueName\":\"search_term_string\"}}],\"inLanguage\":\"es\"},{\"@type\":\"Organization\",\"@id\":\"https:\/\/pagina10.com\/web\/#organization\",\"name\":\"P\u00e1gina10\",\"alternateName\":\"P\u00e1gina10 Peri\u00f3dico Regional\",\"url\":\"https:\/\/pagina10.com\/web\/\",\"logo\":{\"@type\":\"ImageObject\",\"inLanguage\":\"es\",\"@id\":\"https:\/\/pagina10.com\/web\/#\/schema\/logo\/image\/\",\"url\":\"https:\/\/pagina10.com\/web\/wp-content\/uploads\/2024\/01\/40-pagina-10-periodico-regional-pasto.jpg\",\"contentUrl\":\"https:\/\/pagina10.com\/web\/wp-content\/uploads\/2024\/01\/40-pagina-10-periodico-regional-pasto.jpg\",\"width\":1280,\"height\":720,\"caption\":\"P\u00e1gina10\"},\"image\":{\"@id\":\"https:\/\/pagina10.com\/web\/#\/schema\/logo\/image\/\"},\"sameAs\":[\"https:\/\/www.facebook.com\/pag10com\",\"https:\/\/x.com\/Pag10com\",\"https:\/\/www.instagram.com\/pagina10col\/\",\"https:\/\/youtube.com\/channel\/pag10\",\"https:\/\/www.tiktok.com\/@p10col\"]},{\"@type\":\"Person\",\"@id\":\"https:\/\/pagina10.com\/web\/#\/schema\/person\/a7a5d38f0629dfc107f619fbae4f6cc3\",\"name\":\"P\u00e1gina 10\",\"description\":\"P\u00e1gina10.com es un peri\u00f3dico digital que nace en Colombia, en el departamento de Nari\u00f1o, con un enfoque global, fundamentado en cuatro pilares esenciales: la libertad, el pluralismo, la inclusi\u00f3n y la independencia. P\u00e1gina10.com hace referencia a Nari\u00f1o como el d\u00e9cimo departamento creado en Colombia, despu\u00e9s de un proceso pol\u00edtico liderado por actores y actrices regionales con el fin de obtener la independencia y autonom\u00eda de nuestros territorios. Con la creaci\u00f3n de P\u00e1gina10.com se pretende abrir un escenario para el dialogo, la reflexi\u00f3n y el debate que se extienda a otras geograf\u00edas de Am\u00e9rica Latina y del planeta, en una apuesta por transformar colectivamente los desaf\u00edos de un mundo contempor\u00e1neo, m\u00e1s all\u00e1 de las fronteras impuestas.\",\"url\":\"https:\/\/pagina10.com\/web\/author\/mcepeda\/\"}]}<\/script>\n<!-- \/ Yoast SEO plugin. -->","yoast_head_json":{"title":"Museo vivo: escenarios para la memoria, exposici\u00f3n art\u00edstica itinerante | P\u00e1gina10","robots":{"index":"index","follow":"follow","max-snippet":"max-snippet:-1","max-image-preview":"max-image-preview:large","max-video-preview":"max-video-preview:-1"},"canonical":"https:\/\/pagina10.com\/web\/museo-vivo-escenarios-para-la-memoria-exposicion-artistica-itinerante\/","og_locale":"es_ES","og_type":"article","og_title":"Museo vivo: escenarios para la memoria, exposici\u00f3n art\u00edstica itinerante | P\u00e1gina10","og_description":"Escenarios Para la Memoria, es una exposici\u00f3n art\u00edstica itinerante creada por v\u00edctimas del conflicto armado.&nbsp;Proyecto ideado y producido en coordinaci\u00f3n con la Mesa de Victimas de Pasto, la Corporaci\u00f3n Esc\u00e9nica De Pasto La Guagua, La Alcald\u00eda Municipal de Pasto, La personer\u00eda municipal, la Gobernaci\u00f3n de Nari\u00f1o, el CNMH, NRC y la OIM. En Escenarios para [&hellip;]","og_url":"https:\/\/pagina10.com\/web\/museo-vivo-escenarios-para-la-memoria-exposicion-artistica-itinerante\/","og_site_name":"P\u00e1gina10","article_publisher":"https:\/\/www.facebook.com\/pag10com","article_published_time":"2015-04-14T01:24:09+00:00","og_image":[{"width":960,"height":356,"url":"https:\/\/pagina10.com\/web\/wp-content\/uploads\/2015\/04\/b4992d149d01e2d7750cf10ee5d3b189.jpg","type":"image\/jpeg"}],"author":"P\u00e1gina 10","twitter_card":"summary_large_image","twitter_creator":"@Pag10com","twitter_site":"@Pag10com","twitter_misc":{"Escrito por":"P\u00e1gina 10","Tiempo de lectura":"2 minutos"},"schema":{"@context":"https:\/\/schema.org","@graph":[{"@type":"Article","@id":"https:\/\/pagina10.com\/web\/museo-vivo-escenarios-para-la-memoria-exposicion-artistica-itinerante\/#article","isPartOf":{"@id":"https:\/\/pagina10.com\/web\/museo-vivo-escenarios-para-la-memoria-exposicion-artistica-itinerante\/"},"author":{"name":"P\u00e1gina 10","@id":"https:\/\/pagina10.com\/web\/#\/schema\/person\/a7a5d38f0629dfc107f619fbae4f6cc3"},"headline":"Museo vivo: escenarios para la memoria, exposici\u00f3n art\u00edstica itinerante","datePublished":"2015-04-14T01:24:09+00:00","mainEntityOfPage":{"@id":"https:\/\/pagina10.com\/web\/museo-vivo-escenarios-para-la-memoria-exposicion-artistica-itinerante\/"},"wordCount":378,"commentCount":0,"publisher":{"@id":"https:\/\/pagina10.com\/web\/#organization"},"image":{"@id":"https:\/\/pagina10.com\/web\/museo-vivo-escenarios-para-la-memoria-exposicion-artistica-itinerante\/#primaryimage"},"thumbnailUrl":"https:\/\/pagina10.com\/web\/wp-content\/uploads\/2015\/04\/b4992d149d01e2d7750cf10ee5d3b189.jpg","inLanguage":"es","potentialAction":[{"@type":"CommentAction","name":"Comment","target":["https:\/\/pagina10.com\/web\/museo-vivo-escenarios-para-la-memoria-exposicion-artistica-itinerante\/#respond"]}]},{"@type":"WebPage","@id":"https:\/\/pagina10.com\/web\/museo-vivo-escenarios-para-la-memoria-exposicion-artistica-itinerante\/","url":"https:\/\/pagina10.com\/web\/museo-vivo-escenarios-para-la-memoria-exposicion-artistica-itinerante\/","name":"Museo vivo: escenarios para la memoria, exposici\u00f3n art\u00edstica itinerante | P\u00e1gina10","isPartOf":{"@id":"https:\/\/pagina10.com\/web\/#website"},"primaryImageOfPage":{"@id":"https:\/\/pagina10.com\/web\/museo-vivo-escenarios-para-la-memoria-exposicion-artistica-itinerante\/#primaryimage"},"image":{"@id":"https:\/\/pagina10.com\/web\/museo-vivo-escenarios-para-la-memoria-exposicion-artistica-itinerante\/#primaryimage"},"thumbnailUrl":"https:\/\/pagina10.com\/web\/wp-content\/uploads\/2015\/04\/b4992d149d01e2d7750cf10ee5d3b189.jpg","datePublished":"2015-04-14T01:24:09+00:00","breadcrumb":{"@id":"https:\/\/pagina10.com\/web\/museo-vivo-escenarios-para-la-memoria-exposicion-artistica-itinerante\/#breadcrumb"},"inLanguage":"es","potentialAction":[{"@type":"ReadAction","target":["https:\/\/pagina10.com\/web\/museo-vivo-escenarios-para-la-memoria-exposicion-artistica-itinerante\/"]}]},{"@type":"ImageObject","inLanguage":"es","@id":"https:\/\/pagina10.com\/web\/museo-vivo-escenarios-para-la-memoria-exposicion-artistica-itinerante\/#primaryimage","url":"https:\/\/pagina10.com\/web\/wp-content\/uploads\/2015\/04\/b4992d149d01e2d7750cf10ee5d3b189.jpg","contentUrl":"https:\/\/pagina10.com\/web\/wp-content\/uploads\/2015\/04\/b4992d149d01e2d7750cf10ee5d3b189.jpg","width":960,"height":356},{"@type":"BreadcrumbList","@id":"https:\/\/pagina10.com\/web\/museo-vivo-escenarios-para-la-memoria-exposicion-artistica-itinerante\/#breadcrumb","itemListElement":[{"@type":"ListItem","position":1,"name":"Portada","item":"https:\/\/pagina10.com\/web\/"},{"@type":"ListItem","position":2,"name":"Museo vivo: escenarios para la memoria, exposici\u00f3n art\u00edstica itinerante"}]},{"@type":"WebSite","@id":"https:\/\/pagina10.com\/web\/#website","url":"https:\/\/pagina10.com\/web\/","name":"P\u00e1gina10","description":"Peri\u00f3dico Regional","publisher":{"@id":"https:\/\/pagina10.com\/web\/#organization"},"alternateName":"P\u00e1gina10 Peri\u00f3dico Regional","potentialAction":[{"@type":"SearchAction","target":{"@type":"EntryPoint","urlTemplate":"https:\/\/pagina10.com\/web\/?s={search_term_string}"},"query-input":{"@type":"PropertyValueSpecification","valueRequired":true,"valueName":"search_term_string"}}],"inLanguage":"es"},{"@type":"Organization","@id":"https:\/\/pagina10.com\/web\/#organization","name":"P\u00e1gina10","alternateName":"P\u00e1gina10 Peri\u00f3dico Regional","url":"https:\/\/pagina10.com\/web\/","logo":{"@type":"ImageObject","inLanguage":"es","@id":"https:\/\/pagina10.com\/web\/#\/schema\/logo\/image\/","url":"https:\/\/pagina10.com\/web\/wp-content\/uploads\/2024\/01\/40-pagina-10-periodico-regional-pasto.jpg","contentUrl":"https:\/\/pagina10.com\/web\/wp-content\/uploads\/2024\/01\/40-pagina-10-periodico-regional-pasto.jpg","width":1280,"height":720,"caption":"P\u00e1gina10"},"image":{"@id":"https:\/\/pagina10.com\/web\/#\/schema\/logo\/image\/"},"sameAs":["https:\/\/www.facebook.com\/pag10com","https:\/\/x.com\/Pag10com","https:\/\/www.instagram.com\/pagina10col\/","https:\/\/youtube.com\/channel\/pag10","https:\/\/www.tiktok.com\/@p10col"]},{"@type":"Person","@id":"https:\/\/pagina10.com\/web\/#\/schema\/person\/a7a5d38f0629dfc107f619fbae4f6cc3","name":"P\u00e1gina 10","description":"P\u00e1gina10.com es un peri\u00f3dico digital que nace en Colombia, en el departamento de Nari\u00f1o, con un enfoque global, fundamentado en cuatro pilares esenciales: la libertad, el pluralismo, la inclusi\u00f3n y la independencia. P\u00e1gina10.com hace referencia a Nari\u00f1o como el d\u00e9cimo departamento creado en Colombia, despu\u00e9s de un proceso pol\u00edtico liderado por actores y actrices regionales con el fin de obtener la independencia y autonom\u00eda de nuestros territorios. Con la creaci\u00f3n de P\u00e1gina10.com se pretende abrir un escenario para el dialogo, la reflexi\u00f3n y el debate que se extienda a otras geograf\u00edas de Am\u00e9rica Latina y del planeta, en una apuesta por transformar colectivamente los desaf\u00edos de un mundo contempor\u00e1neo, m\u00e1s all\u00e1 de las fronteras impuestas.","url":"https:\/\/pagina10.com\/web\/author\/mcepeda\/"}]}},"_links":{"self":[{"href":"https:\/\/pagina10.com\/web\/wp-json\/wp\/v2\/posts\/15599","targetHints":{"allow":["GET"]}}],"collection":[{"href":"https:\/\/pagina10.com\/web\/wp-json\/wp\/v2\/posts"}],"about":[{"href":"https:\/\/pagina10.com\/web\/wp-json\/wp\/v2\/types\/post"}],"author":[{"embeddable":true,"href":"https:\/\/pagina10.com\/web\/wp-json\/wp\/v2\/users\/29"}],"replies":[{"embeddable":true,"href":"https:\/\/pagina10.com\/web\/wp-json\/wp\/v2\/comments?post=15599"}],"version-history":[{"count":0,"href":"https:\/\/pagina10.com\/web\/wp-json\/wp\/v2\/posts\/15599\/revisions"}],"wp:featuredmedia":[{"embeddable":true,"href":"https:\/\/pagina10.com\/web\/wp-json\/wp\/v2\/media\/15598"}],"wp:attachment":[{"href":"https:\/\/pagina10.com\/web\/wp-json\/wp\/v2\/media?parent=15599"}],"wp:term":[{"taxonomy":"category","embeddable":true,"href":"https:\/\/pagina10.com\/web\/wp-json\/wp\/v2\/categories?post=15599"},{"taxonomy":"post_tag","embeddable":true,"href":"https:\/\/pagina10.com\/web\/wp-json\/wp\/v2\/tags?post=15599"}],"curies":[{"name":"wp","href":"https:\/\/api.w.org\/{rel}","templated":true}]}}