{"id":15601,"date":"2015-04-14T01:59:51","date_gmt":"2015-04-14T01:59:51","guid":{"rendered":"https:\/\/pagina10.com\/web\/se-esta-conformando-un-pri-en-colombia-centro-democratico\/"},"modified":"2015-04-14T01:59:51","modified_gmt":"2015-04-14T01:59:51","slug":"se-esta-conformando-un-pri-en-colombia-centro-democratico","status":"publish","type":"post","link":"https:\/\/pagina10.com\/web\/se-esta-conformando-un-pri-en-colombia-centro-democratico\/","title":{"rendered":"Se est\u00e1 conformando un PRI en Colombia: Centro Democr\u00e1tico"},"content":{"rendered":"<p><img fetchpriority=\"high\" decoding=\"async\" class=\" size-full wp-image-15600\" src=\"https:\/\/pagina10.com\/web\/wp-content\/uploads\/2015\/04\/3b06bd5517d6b5dcdca2a8dad23f4ba0.jpg\" alt=\"\" width=\"580\" height=\"365\" srcset=\"https:\/\/pagina10.com\/web\/wp-content\/uploads\/2015\/04\/3b06bd5517d6b5dcdca2a8dad23f4ba0.jpg 580w, https:\/\/pagina10.com\/web\/wp-content\/uploads\/2015\/04\/3b06bd5517d6b5dcdca2a8dad23f4ba0-300x189.jpg 300w\" sizes=\"(max-width: 580px) 100vw, 580px\" \/><\/p>\n<div style=\"text-align: justify;\">Bajo el argumento que las proposiciones y la solicitud de r\u00e9plica no es tenida encuentra por parte de la mesa directiva dela comisi\u00f3n primera del senado, presidida por Juan&nbsp;&nbsp;Manuel Gal\u00e1n (partido liberal), la bancada del Centro Democr\u00e1tico se retir\u00f3 de la sesi\u00f3n de la c\u00e9lula legislativa, que&nbsp;&nbsp;entrada la noche del lunes, aprob\u00f3 la eliminaci\u00f3n de la Acusaci\u00f3n de la C\u00e1mara de Representantes.<\/div>\n<div style=\"text-align: justify;\">&nbsp;<\/div>\n<div style=\"text-align: justify;\">Para la senadora Paloma Valencia, el desarrollo del estudio y debate del acto legislativo de Equilibrio de Poderes, ha dejado al descubierto una acci\u00f3n de la&nbsp;&nbsp;Mesa de Unidad Nacional, que desborda los l\u00edmites del derecho. \u201cAhora, el presidente Juan Manuel Santos quedo facultado para nombrar a quien se encargan de judicializar a los jueces y a los altos Magistrados\u201d, dijo<\/div>\n<div style=\"text-align: justify;\">&nbsp;<\/div>\n<div style=\"text-align: justify;\">Adicoonalmente, la legisladora, -dijo- que la bancada del Centro Democr\u00e1tico est\u00e1 inmersa en un caso de persecuci\u00f3n pol\u00edtica. \u201cLa raz\u00f3n. Porque el Jefe del Estado tendr\u00e1 la jurisdicci\u00f3n sobre los magistrados de las altas cortes.&nbsp;&nbsp;Adem\u00e1s, al se\u00f1or Vicepresidente de la Rep\u00fablica, entrega funciones de presidente. Impunidad de presidente y se le da inhabilidad&nbsp;&nbsp;como si fuese un Ministro\u201d, sostuvo.<\/div>\n<div style=\"text-align: justify;\">&nbsp;<\/div>\n<div style=\"text-align: justify;\">En palabras de la senadora Paloma Valencia, la discusi\u00f3n y aprobaci\u00f3n del acto legislativo Equilibrio de Poderes, est\u00e1 dando vida a la creaci\u00f3n de un nuevo PRI en Colombia. \u201cUn partido como el de la U, que tiene control sobre todas las esferas p\u00fablicas. Y que modifica la Constituci\u00f3n de acuerdo a sus conveniencias pol\u00edticas\u201d, subray\u00f3.<\/div>\n<div style=\"text-align: justify;\">&nbsp;<\/div>\n<div style=\"text-align: justify;\">\u201cPara la Bancada del Centro Democr\u00e1tico, es claro que se ha edificado la destrucci\u00f3n de la institucionalidad del Estado. Lo que aqu\u00ed, se est\u00e1 definiendo es la clase democracia y de Congreso que tendremos los colombianos a futuro. Es un hecho grave. Se abre paso un Gobierno como el de Juan Manuel Santos, que sustentar\u00e1 todos los poderes constitucionales, Sin reparo destruye al Congreso. Amenaza la independencia de los jueces, con unos procedimientos que llaman transitorios, mientras logran consolidar el poder pol\u00edtico y garantizar la reelecci\u00f3n de sus causa pol\u00edticas\u201d, sentenci\u00f3 la senadora Paloma Valencia.<\/div>\n","protected":false},"excerpt":{"rendered":"<p>Bajo el argumento que las proposiciones y la solicitud de r\u00e9plica no es tenida encuentra por parte de la mesa directiva dela comisi\u00f3n primera del senado, presidida por Juan&nbsp;&nbsp;Manuel Gal\u00e1n (partido liberal), la bancada del Centro Democr\u00e1tico se retir\u00f3 de la sesi\u00f3n de la c\u00e9lula legislativa, que&nbsp;&nbsp;entrada la noche del lunes, aprob\u00f3 la eliminaci\u00f3n de [&hellip;]<\/p>\n","protected":false},"author":38,"featured_media":15600,"comment_status":"open","ping_status":"open","sticky":false,"template":"","format":"standard","meta":{"footnotes":""},"categories":[1],"tags":[],"class_list":["post-15601","post","type-post","status-publish","format-standard","has-post-thumbnail","hentry","category-sin-categoria"],"yoast_head":"<!-- This site is optimized with the Yoast SEO plugin v27.1.1 - https:\/\/yoast.com\/product\/yoast-seo-wordpress\/ -->\n<title>Se est\u00e1 conformando un PRI en Colombia: Centro Democr\u00e1tico | P\u00e1gina10<\/title>\n<meta name=\"robots\" content=\"index, follow, max-snippet:-1, max-image-preview:large, max-video-preview:-1\" \/>\n<link rel=\"canonical\" href=\"https:\/\/pagina10.com\/web\/se-esta-conformando-un-pri-en-colombia-centro-democratico\/\" \/>\n<meta property=\"og:locale\" content=\"es_ES\" \/>\n<meta property=\"og:type\" content=\"article\" \/>\n<meta property=\"og:title\" content=\"Se est\u00e1 conformando un PRI en Colombia: Centro Democr\u00e1tico | P\u00e1gina10\" \/>\n<meta property=\"og:description\" content=\"Bajo el argumento que las proposiciones y la solicitud de r\u00e9plica no es tenida encuentra por parte de la mesa directiva dela comisi\u00f3n primera del senado, presidida por Juan&nbsp;&nbsp;Manuel Gal\u00e1n (partido liberal), la bancada del Centro Democr\u00e1tico se retir\u00f3 de la sesi\u00f3n de la c\u00e9lula legislativa, que&nbsp;&nbsp;entrada la noche del lunes, aprob\u00f3 la eliminaci\u00f3n de [&hellip;]\" \/>\n<meta property=\"og:url\" content=\"https:\/\/pagina10.com\/web\/se-esta-conformando-un-pri-en-colombia-centro-democratico\/\" \/>\n<meta property=\"og:site_name\" content=\"P\u00e1gina10\" \/>\n<meta property=\"article:publisher\" content=\"https:\/\/www.facebook.com\/pag10com\" \/>\n<meta property=\"article:published_time\" content=\"2015-04-14T01:59:51+00:00\" \/>\n<meta property=\"og:image\" content=\"https:\/\/pagina10.com\/web\/wp-content\/uploads\/2015\/04\/3b06bd5517d6b5dcdca2a8dad23f4ba0.jpg\" \/>\n\t<meta property=\"og:image:width\" content=\"580\" \/>\n\t<meta property=\"og:image:height\" content=\"365\" \/>\n\t<meta property=\"og:image:type\" content=\"image\/jpeg\" \/>\n<meta name=\"author\" content=\"Carlos Villota Santacruz.\" \/>\n<meta name=\"twitter:card\" content=\"summary_large_image\" \/>\n<meta name=\"twitter:creator\" content=\"@Pag10com\" \/>\n<meta name=\"twitter:site\" content=\"@Pag10com\" \/>\n<meta name=\"twitter:label1\" content=\"Escrito por\" \/>\n\t<meta name=\"twitter:data1\" content=\"Carlos Villota Santacruz.\" \/>\n\t<meta name=\"twitter:label2\" content=\"Tiempo de lectura\" \/>\n\t<meta name=\"twitter:data2\" content=\"2 minutos\" \/>\n<script type=\"application\/ld+json\" class=\"yoast-schema-graph\">{\"@context\":\"https:\/\/schema.org\",\"@graph\":[{\"@type\":\"Article\",\"@id\":\"https:\/\/pagina10.com\/web\/se-esta-conformando-un-pri-en-colombia-centro-democratico\/#article\",\"isPartOf\":{\"@id\":\"https:\/\/pagina10.com\/web\/se-esta-conformando-un-pri-en-colombia-centro-democratico\/\"},\"author\":{\"name\":\"Carlos Villota Santacruz.\",\"@id\":\"https:\/\/pagina10.com\/web\/#\/schema\/person\/b459e2d15ec5ba9d5a2c9a81c71c4f7b\"},\"headline\":\"Se est\u00e1 conformando un PRI en Colombia: Centro Democr\u00e1tico\",\"datePublished\":\"2015-04-14T01:59:51+00:00\",\"mainEntityOfPage\":{\"@id\":\"https:\/\/pagina10.com\/web\/se-esta-conformando-un-pri-en-colombia-centro-democratico\/\"},\"wordCount\":390,\"commentCount\":0,\"publisher\":{\"@id\":\"https:\/\/pagina10.com\/web\/#organization\"},\"image\":{\"@id\":\"https:\/\/pagina10.com\/web\/se-esta-conformando-un-pri-en-colombia-centro-democratico\/#primaryimage\"},\"thumbnailUrl\":\"https:\/\/pagina10.com\/web\/wp-content\/uploads\/2015\/04\/3b06bd5517d6b5dcdca2a8dad23f4ba0.jpg\",\"inLanguage\":\"es\",\"potentialAction\":[{\"@type\":\"CommentAction\",\"name\":\"Comment\",\"target\":[\"https:\/\/pagina10.com\/web\/se-esta-conformando-un-pri-en-colombia-centro-democratico\/#respond\"]}]},{\"@type\":\"WebPage\",\"@id\":\"https:\/\/pagina10.com\/web\/se-esta-conformando-un-pri-en-colombia-centro-democratico\/\",\"url\":\"https:\/\/pagina10.com\/web\/se-esta-conformando-un-pri-en-colombia-centro-democratico\/\",\"name\":\"Se est\u00e1 conformando un PRI en Colombia: Centro Democr\u00e1tico | P\u00e1gina10\",\"isPartOf\":{\"@id\":\"https:\/\/pagina10.com\/web\/#website\"},\"primaryImageOfPage\":{\"@id\":\"https:\/\/pagina10.com\/web\/se-esta-conformando-un-pri-en-colombia-centro-democratico\/#primaryimage\"},\"image\":{\"@id\":\"https:\/\/pagina10.com\/web\/se-esta-conformando-un-pri-en-colombia-centro-democratico\/#primaryimage\"},\"thumbnailUrl\":\"https:\/\/pagina10.com\/web\/wp-content\/uploads\/2015\/04\/3b06bd5517d6b5dcdca2a8dad23f4ba0.jpg\",\"datePublished\":\"2015-04-14T01:59:51+00:00\",\"breadcrumb\":{\"@id\":\"https:\/\/pagina10.com\/web\/se-esta-conformando-un-pri-en-colombia-centro-democratico\/#breadcrumb\"},\"inLanguage\":\"es\",\"potentialAction\":[{\"@type\":\"ReadAction\",\"target\":[\"https:\/\/pagina10.com\/web\/se-esta-conformando-un-pri-en-colombia-centro-democratico\/\"]}]},{\"@type\":\"ImageObject\",\"inLanguage\":\"es\",\"@id\":\"https:\/\/pagina10.com\/web\/se-esta-conformando-un-pri-en-colombia-centro-democratico\/#primaryimage\",\"url\":\"https:\/\/pagina10.com\/web\/wp-content\/uploads\/2015\/04\/3b06bd5517d6b5dcdca2a8dad23f4ba0.jpg\",\"contentUrl\":\"https:\/\/pagina10.com\/web\/wp-content\/uploads\/2015\/04\/3b06bd5517d6b5dcdca2a8dad23f4ba0.jpg\",\"width\":580,\"height\":365},{\"@type\":\"BreadcrumbList\",\"@id\":\"https:\/\/pagina10.com\/web\/se-esta-conformando-un-pri-en-colombia-centro-democratico\/#breadcrumb\",\"itemListElement\":[{\"@type\":\"ListItem\",\"position\":1,\"name\":\"Portada\",\"item\":\"https:\/\/pagina10.com\/web\/\"},{\"@type\":\"ListItem\",\"position\":2,\"name\":\"Se est\u00e1 conformando un PRI en Colombia: Centro Democr\u00e1tico\"}]},{\"@type\":\"WebSite\",\"@id\":\"https:\/\/pagina10.com\/web\/#website\",\"url\":\"https:\/\/pagina10.com\/web\/\",\"name\":\"P\u00e1gina10\",\"description\":\"Peri\u00f3dico Regional\",\"publisher\":{\"@id\":\"https:\/\/pagina10.com\/web\/#organization\"},\"alternateName\":\"P\u00e1gina10 Peri\u00f3dico Regional\",\"potentialAction\":[{\"@type\":\"SearchAction\",\"target\":{\"@type\":\"EntryPoint\",\"urlTemplate\":\"https:\/\/pagina10.com\/web\/?s={search_term_string}\"},\"query-input\":{\"@type\":\"PropertyValueSpecification\",\"valueRequired\":true,\"valueName\":\"search_term_string\"}}],\"inLanguage\":\"es\"},{\"@type\":\"Organization\",\"@id\":\"https:\/\/pagina10.com\/web\/#organization\",\"name\":\"P\u00e1gina10\",\"alternateName\":\"P\u00e1gina10 Peri\u00f3dico Regional\",\"url\":\"https:\/\/pagina10.com\/web\/\",\"logo\":{\"@type\":\"ImageObject\",\"inLanguage\":\"es\",\"@id\":\"https:\/\/pagina10.com\/web\/#\/schema\/logo\/image\/\",\"url\":\"https:\/\/pagina10.com\/web\/wp-content\/uploads\/2024\/01\/40-pagina-10-periodico-regional-pasto.jpg\",\"contentUrl\":\"https:\/\/pagina10.com\/web\/wp-content\/uploads\/2024\/01\/40-pagina-10-periodico-regional-pasto.jpg\",\"width\":1280,\"height\":720,\"caption\":\"P\u00e1gina10\"},\"image\":{\"@id\":\"https:\/\/pagina10.com\/web\/#\/schema\/logo\/image\/\"},\"sameAs\":[\"https:\/\/www.facebook.com\/pag10com\",\"https:\/\/x.com\/Pag10com\",\"https:\/\/www.instagram.com\/pagina10col\/\",\"https:\/\/youtube.com\/channel\/pag10\",\"https:\/\/www.tiktok.com\/@p10col\"]},{\"@type\":\"Person\",\"@id\":\"https:\/\/pagina10.com\/web\/#\/schema\/person\/b459e2d15ec5ba9d5a2c9a81c71c4f7b\",\"name\":\"Carlos Villota Santacruz.\",\"description\":\"Internacionalista-Comunicador Social y Periodista. Experto en Comunicaci\u00f3n para el desarrollo y ciudad-regi\u00f3n.. Promotor de proyectos e investigaci\u00f3n comunicativa en radio, prensa y televisi\u00f3n. Experiencia en el manejo de imagen externa, interna y protocolaria de entidades p\u00fablicas y privadas, encuentros culturales, empresariales y ambientales. Docente en el \u00e1rea de televisi\u00f3n, relaciones internacionales y bloques econ\u00f3micos. Experto y conferencista en temas de marketing pol\u00edtico, marketing de ciudad, integraci\u00f3n cultural, TLC y desarrollo urban\u00edstico. E-mail: villotasantacruzcarlos@yahoo.com.co\",\"url\":\"https:\/\/pagina10.com\/web\/author\/cvillota\/\"}]}<\/script>\n<!-- \/ Yoast SEO plugin. -->","yoast_head_json":{"title":"Se est\u00e1 conformando un PRI en Colombia: Centro Democr\u00e1tico | P\u00e1gina10","robots":{"index":"index","follow":"follow","max-snippet":"max-snippet:-1","max-image-preview":"max-image-preview:large","max-video-preview":"max-video-preview:-1"},"canonical":"https:\/\/pagina10.com\/web\/se-esta-conformando-un-pri-en-colombia-centro-democratico\/","og_locale":"es_ES","og_type":"article","og_title":"Se est\u00e1 conformando un PRI en Colombia: Centro Democr\u00e1tico | P\u00e1gina10","og_description":"Bajo el argumento que las proposiciones y la solicitud de r\u00e9plica no es tenida encuentra por parte de la mesa directiva dela comisi\u00f3n primera del senado, presidida por Juan&nbsp;&nbsp;Manuel Gal\u00e1n (partido liberal), la bancada del Centro Democr\u00e1tico se retir\u00f3 de la sesi\u00f3n de la c\u00e9lula legislativa, que&nbsp;&nbsp;entrada la noche del lunes, aprob\u00f3 la eliminaci\u00f3n de [&hellip;]","og_url":"https:\/\/pagina10.com\/web\/se-esta-conformando-un-pri-en-colombia-centro-democratico\/","og_site_name":"P\u00e1gina10","article_publisher":"https:\/\/www.facebook.com\/pag10com","article_published_time":"2015-04-14T01:59:51+00:00","og_image":[{"width":580,"height":365,"url":"https:\/\/pagina10.com\/web\/wp-content\/uploads\/2015\/04\/3b06bd5517d6b5dcdca2a8dad23f4ba0.jpg","type":"image\/jpeg"}],"author":"Carlos Villota Santacruz.","twitter_card":"summary_large_image","twitter_creator":"@Pag10com","twitter_site":"@Pag10com","twitter_misc":{"Escrito por":"Carlos Villota Santacruz.","Tiempo de lectura":"2 minutos"},"schema":{"@context":"https:\/\/schema.org","@graph":[{"@type":"Article","@id":"https:\/\/pagina10.com\/web\/se-esta-conformando-un-pri-en-colombia-centro-democratico\/#article","isPartOf":{"@id":"https:\/\/pagina10.com\/web\/se-esta-conformando-un-pri-en-colombia-centro-democratico\/"},"author":{"name":"Carlos Villota Santacruz.","@id":"https:\/\/pagina10.com\/web\/#\/schema\/person\/b459e2d15ec5ba9d5a2c9a81c71c4f7b"},"headline":"Se est\u00e1 conformando un PRI en Colombia: Centro Democr\u00e1tico","datePublished":"2015-04-14T01:59:51+00:00","mainEntityOfPage":{"@id":"https:\/\/pagina10.com\/web\/se-esta-conformando-un-pri-en-colombia-centro-democratico\/"},"wordCount":390,"commentCount":0,"publisher":{"@id":"https:\/\/pagina10.com\/web\/#organization"},"image":{"@id":"https:\/\/pagina10.com\/web\/se-esta-conformando-un-pri-en-colombia-centro-democratico\/#primaryimage"},"thumbnailUrl":"https:\/\/pagina10.com\/web\/wp-content\/uploads\/2015\/04\/3b06bd5517d6b5dcdca2a8dad23f4ba0.jpg","inLanguage":"es","potentialAction":[{"@type":"CommentAction","name":"Comment","target":["https:\/\/pagina10.com\/web\/se-esta-conformando-un-pri-en-colombia-centro-democratico\/#respond"]}]},{"@type":"WebPage","@id":"https:\/\/pagina10.com\/web\/se-esta-conformando-un-pri-en-colombia-centro-democratico\/","url":"https:\/\/pagina10.com\/web\/se-esta-conformando-un-pri-en-colombia-centro-democratico\/","name":"Se est\u00e1 conformando un PRI en Colombia: Centro Democr\u00e1tico | P\u00e1gina10","isPartOf":{"@id":"https:\/\/pagina10.com\/web\/#website"},"primaryImageOfPage":{"@id":"https:\/\/pagina10.com\/web\/se-esta-conformando-un-pri-en-colombia-centro-democratico\/#primaryimage"},"image":{"@id":"https:\/\/pagina10.com\/web\/se-esta-conformando-un-pri-en-colombia-centro-democratico\/#primaryimage"},"thumbnailUrl":"https:\/\/pagina10.com\/web\/wp-content\/uploads\/2015\/04\/3b06bd5517d6b5dcdca2a8dad23f4ba0.jpg","datePublished":"2015-04-14T01:59:51+00:00","breadcrumb":{"@id":"https:\/\/pagina10.com\/web\/se-esta-conformando-un-pri-en-colombia-centro-democratico\/#breadcrumb"},"inLanguage":"es","potentialAction":[{"@type":"ReadAction","target":["https:\/\/pagina10.com\/web\/se-esta-conformando-un-pri-en-colombia-centro-democratico\/"]}]},{"@type":"ImageObject","inLanguage":"es","@id":"https:\/\/pagina10.com\/web\/se-esta-conformando-un-pri-en-colombia-centro-democratico\/#primaryimage","url":"https:\/\/pagina10.com\/web\/wp-content\/uploads\/2015\/04\/3b06bd5517d6b5dcdca2a8dad23f4ba0.jpg","contentUrl":"https:\/\/pagina10.com\/web\/wp-content\/uploads\/2015\/04\/3b06bd5517d6b5dcdca2a8dad23f4ba0.jpg","width":580,"height":365},{"@type":"BreadcrumbList","@id":"https:\/\/pagina10.com\/web\/se-esta-conformando-un-pri-en-colombia-centro-democratico\/#breadcrumb","itemListElement":[{"@type":"ListItem","position":1,"name":"Portada","item":"https:\/\/pagina10.com\/web\/"},{"@type":"ListItem","position":2,"name":"Se est\u00e1 conformando un PRI en Colombia: Centro Democr\u00e1tico"}]},{"@type":"WebSite","@id":"https:\/\/pagina10.com\/web\/#website","url":"https:\/\/pagina10.com\/web\/","name":"P\u00e1gina10","description":"Peri\u00f3dico Regional","publisher":{"@id":"https:\/\/pagina10.com\/web\/#organization"},"alternateName":"P\u00e1gina10 Peri\u00f3dico Regional","potentialAction":[{"@type":"SearchAction","target":{"@type":"EntryPoint","urlTemplate":"https:\/\/pagina10.com\/web\/?s={search_term_string}"},"query-input":{"@type":"PropertyValueSpecification","valueRequired":true,"valueName":"search_term_string"}}],"inLanguage":"es"},{"@type":"Organization","@id":"https:\/\/pagina10.com\/web\/#organization","name":"P\u00e1gina10","alternateName":"P\u00e1gina10 Peri\u00f3dico Regional","url":"https:\/\/pagina10.com\/web\/","logo":{"@type":"ImageObject","inLanguage":"es","@id":"https:\/\/pagina10.com\/web\/#\/schema\/logo\/image\/","url":"https:\/\/pagina10.com\/web\/wp-content\/uploads\/2024\/01\/40-pagina-10-periodico-regional-pasto.jpg","contentUrl":"https:\/\/pagina10.com\/web\/wp-content\/uploads\/2024\/01\/40-pagina-10-periodico-regional-pasto.jpg","width":1280,"height":720,"caption":"P\u00e1gina10"},"image":{"@id":"https:\/\/pagina10.com\/web\/#\/schema\/logo\/image\/"},"sameAs":["https:\/\/www.facebook.com\/pag10com","https:\/\/x.com\/Pag10com","https:\/\/www.instagram.com\/pagina10col\/","https:\/\/youtube.com\/channel\/pag10","https:\/\/www.tiktok.com\/@p10col"]},{"@type":"Person","@id":"https:\/\/pagina10.com\/web\/#\/schema\/person\/b459e2d15ec5ba9d5a2c9a81c71c4f7b","name":"Carlos Villota Santacruz.","description":"Internacionalista-Comunicador Social y Periodista. Experto en Comunicaci\u00f3n para el desarrollo y ciudad-regi\u00f3n.. Promotor de proyectos e investigaci\u00f3n comunicativa en radio, prensa y televisi\u00f3n. Experiencia en el manejo de imagen externa, interna y protocolaria de entidades p\u00fablicas y privadas, encuentros culturales, empresariales y ambientales. Docente en el \u00e1rea de televisi\u00f3n, relaciones internacionales y bloques econ\u00f3micos. Experto y conferencista en temas de marketing pol\u00edtico, marketing de ciudad, integraci\u00f3n cultural, TLC y desarrollo urban\u00edstico. E-mail: villotasantacruzcarlos@yahoo.com.co","url":"https:\/\/pagina10.com\/web\/author\/cvillota\/"}]}},"_links":{"self":[{"href":"https:\/\/pagina10.com\/web\/wp-json\/wp\/v2\/posts\/15601","targetHints":{"allow":["GET"]}}],"collection":[{"href":"https:\/\/pagina10.com\/web\/wp-json\/wp\/v2\/posts"}],"about":[{"href":"https:\/\/pagina10.com\/web\/wp-json\/wp\/v2\/types\/post"}],"author":[{"embeddable":true,"href":"https:\/\/pagina10.com\/web\/wp-json\/wp\/v2\/users\/38"}],"replies":[{"embeddable":true,"href":"https:\/\/pagina10.com\/web\/wp-json\/wp\/v2\/comments?post=15601"}],"version-history":[{"count":0,"href":"https:\/\/pagina10.com\/web\/wp-json\/wp\/v2\/posts\/15601\/revisions"}],"wp:featuredmedia":[{"embeddable":true,"href":"https:\/\/pagina10.com\/web\/wp-json\/wp\/v2\/media\/15600"}],"wp:attachment":[{"href":"https:\/\/pagina10.com\/web\/wp-json\/wp\/v2\/media?parent=15601"}],"wp:term":[{"taxonomy":"category","embeddable":true,"href":"https:\/\/pagina10.com\/web\/wp-json\/wp\/v2\/categories?post=15601"},{"taxonomy":"post_tag","embeddable":true,"href":"https:\/\/pagina10.com\/web\/wp-json\/wp\/v2\/tags?post=15601"}],"curies":[{"name":"wp","href":"https:\/\/api.w.org\/{rel}","templated":true}]}}