{"id":15605,"date":"2015-04-14T02:50:54","date_gmt":"2015-04-14T02:50:54","guid":{"rendered":"https:\/\/pagina10.com\/web\/la-educacion-se-tomara-a-tumaco-el-segundo-dia-e\/"},"modified":"2015-04-14T02:50:54","modified_gmt":"2015-04-14T02:50:54","slug":"la-educacion-se-tomara-a-tumaco-el-segundo-dia-e","status":"publish","type":"post","link":"https:\/\/pagina10.com\/web\/la-educacion-se-tomara-a-tumaco-el-segundo-dia-e\/","title":{"rendered":"La educaci\u00f3n se tomar\u00e1 a Tumaco. El segundo d\u00eda &#8220;E&#8221;"},"content":{"rendered":"<p><img fetchpriority=\"high\" decoding=\"async\" class=\" size-full wp-image-15604\" src=\"https:\/\/pagina10.com\/web\/wp-content\/uploads\/2015\/04\/8d25a0f56e6ec399eed436947a6c3bae.jpg\" alt=\"\" width=\"960\" height=\"572\" srcset=\"https:\/\/pagina10.com\/web\/wp-content\/uploads\/2015\/04\/8d25a0f56e6ec399eed436947a6c3bae.jpg 960w, https:\/\/pagina10.com\/web\/wp-content\/uploads\/2015\/04\/8d25a0f56e6ec399eed436947a6c3bae-300x179.jpg 300w, https:\/\/pagina10.com\/web\/wp-content\/uploads\/2015\/04\/8d25a0f56e6ec399eed436947a6c3bae-768x458.jpg 768w\" sizes=\"(max-width: 960px) 100vw, 960px\" \/><\/p>\n<p style=\"text-align: justify;\">Dos d\u00edas de actividades sin precedentes tendr\u00e1 la comunidad educativa de m\u00e1s de 20&nbsp;colegios p\u00fablicos y privados, rurales y urbanos, de los tres municipios &#8211; Tumaco, Barbacoas y El Charco- que no suelen tener momentos compartidos.<\/p>\n<p style=\"text-align: justify;\">Cuatro destacados profesionales llegar\u00e1n de Pasto, Cali y Medell\u00edn para hablar con 300 estudiantes de d\u00e9cimo grado en el&nbsp;IV Festival Vocacional Estudiantil S\u00ed Se Puede.<\/p>\n<p style=\"text-align: justify;\">Cuatro maestros estrella del Grupo Educativo Helmer Pardo arribar\u00e1n de Cali para dar una&nbsp;capacitaci\u00f3n a 160 docentes en evaluaci\u00f3n por competencias&nbsp;en el aula en cuatro \u00e1reas.<\/p>\n<p style=\"text-align: justify;\">80 estudiantes de d\u00e9cimo grado, con excelente desempe\u00f1o acad\u00e9mico, preseleccionados para el&nbsp;Semillero de Becarios&nbsp;(con miras a \u201cSer pilo paga\u201d) presentar\u00e1n un simulacro de Saber 11, junto con 300 alumnos de grado once.<\/p>\n<p style=\"text-align: justify;\">Dos secretarios de la Gobernaci\u00f3n de Nari\u00f1o, los de Educaci\u00f3n y de Planeaci\u00f3n, y el director del programa presidencial para el Litoral Pac\u00edfico conversar\u00e1n con los rectores y docentes sobre&nbsp;mejoramiento en Saber 11 y acceso a la educaci\u00f3n superior.<\/p>\n<p style=\"text-align: justify;\">Estudiantes interesados en profesiones de la salud, en ciencias y en negocios tendr\u00e1n salidas de campo al Hospital y a los laboratorios de la Dimar, y un taller de esp\u00edritu empresarial, respectivamente.<\/p>\n<p style=\"text-align: center;\"><strong>Los referentes invitados al IV Festival Vocacional Estudiantil S\u00ed Se Puede<\/strong><\/p>\n<p><a href=\"http:\/\/blogs.eltiempo.com\/afrocolombianidad\/wp-content\/uploads\/sites\/124\/2015\/04\/Collage-referentes-IV-Festival-Vocacional-Estudiantil-S%C3%AD-Se-Puede.jpg\" target=\"_blank\"><img decoding=\"async\" src=\"http:\/\/blogs.eltiempo.com\/afrocolombianidad\/wp-content\/uploads\/sites\/124\/2015\/04\/Collage-referentes-IV-Festival-Vocacional-Estudiantil-S%C3%AD-Se-Puede-300x300.jpg\" alt=\"Collage referentes IV Festival Vocacional Estudiantil S\u00ed Se Puede\" width=\"300\" height=\"300\" style=\"display: block; margin-left: auto; margin-right: auto;\" \/><\/a>Uno de los tres componentes del&nbsp;programa p\u00fablico-privado de apoyo a la calidad educativa&nbsp;de estos tres municipios, liderado por Fundaci\u00f3n Color de Colombia, es la motivaci\u00f3n de vida y la orientaci\u00f3n vocacional.<\/p>\n<p style=\"text-align: justify;\">Este Festival, que ha sido la herramienta principal -a la que se sumar\u00e1 un curso virtual-, busca estimular la escogencia de carrera, el mejoramiento del desempe\u00f1o acad\u00e9mico y la determinaci\u00f3n de esforzarse para ingresar a la educaci\u00f3n superior.<\/p>\n<p style=\"text-align: justify;\">En t\u00e9rminos del Ministerio de Educaci\u00f3n en el marco del \u00cdndice Sint\u00e9tico de Calidad Educativa, ISCE, el componente se refiere a estos dos aspectos:<\/p>\n<p style=\"text-align: justify;\">1) \u201cLa proyecci\u00f3n que mis estudiantes tienen sobre su futuro\u201d, y 2) \u201cMotivaci\u00f3n de mis estudiantes para realizar estudios de educaci\u00f3n superior\u201d.<\/p>\n<p style=\"text-align: justify;\">Los cuatro referentes invitados para compartir sus experiencias de vida y profesionales son de la regi\u00f3n, tres tumaque\u00f1os y uno de El Charco. El Festival se realizar\u00e1 en el megacolegio de Tumaco, este viernes 17 de 9 am a 12:00 m<\/p>\n<p style=\"text-align: justify;\">Luis Alfonso Escobar Jaramillo, secretario de Planeaci\u00f3n de Nari\u00f1o. Ph.D. en econom\u00eda, profesor en licencia de la Universidad del Valle, Afrocolombiano del A\u00f1o 2014 en la categor\u00eda Sector P\u00fablico por sus logros en la gesti\u00f3n de recursos para el departamento.<\/p>\n<p style=\"text-align: justify;\">Robin Bioj\u00f3 Guevara, m\u00e9dico y cirujano, presidente del Comit\u00e9 de \u00c9tica del prestigioso Centro M\u00e9dico Imbanaco de Cali, docente distinguido de cirug\u00eda de la Universidad del Valle; Afrocolombiano del A\u00f1o 2013 en la categor\u00eda Salud.<\/p>\n<p style=\"text-align: justify;\">Ricardo Torres Palma, profesor de la U. de Antioquia. PhD en qu\u00edmica de la U. de Savoie (Francia), posdoctorado en la de Toronto, reputado por sus aportes al desarrollo de sistemas de tratamiento de aguas por m\u00e9todos fitoqu\u00edmicos y electroqu\u00edmicos; Afrocolombiano del A\u00f1o 2012 en la categor\u00eda Academia.<\/p>\n<p style=\"text-align: justify;\">El cient\u00edfico Torres Palma ilustrar\u00e1 a los estudiantes y a la comunidad en general -a trav\u00e9s de los medios- sobre el&nbsp;<a href=\"http:\/\/www.udea.edu.co\/portal\/page\/portal\/bActualidad\/Principal_UdeA\/UdeANoticias\/Ciencia1\/09E1F13700E1B9F3E05018C83D1F49D1\" target=\"_blank\">proyecto de \u201ctratamiento de aguas hospitalarias de instalaciones cuya infraestructura es poco moderna\u201d.<\/a><\/p>\n<p style=\"text-align: justify;\">Este proyecto es patrocinado por el Programa Suizo de Investigaci\u00f3n en Asuntos Globales para el Desarrollo, y la investigaci\u00f3n usa muestras del Hospital de Tumaco y de otro en Costa de Marfil.<\/p>\n<p style=\"text-align: justify;\">Melkin Riascos, gerente general de DH Ecoambiental, la firma pionera en Colombia en tratamiento qu\u00edmico de residuos hospitalarios, con tecnolog\u00eda estadounidense de grandes beneficios ambientales. Empresario nacido en El Charco.<\/p>\n<p style=\"text-align: justify;\">Ellos ser\u00e1n \u2018entrevistados en vivo\u2019 por dos estudiantes destacados acad\u00e9micamente.<\/p>\n<p><a href=\"http:\/\/blogs.eltiempo.com\/afrocolombianidad\/wp-content\/uploads\/sites\/124\/2015\/04\/Yancili-Lozano-Torres-b.jpg\" target=\"_blank\"><img decoding=\"async\" src=\"http:\/\/blogs.eltiempo.com\/afrocolombianidad\/wp-content\/uploads\/sites\/124\/2015\/04\/Yancili-Lozano-Torres-b-243x300.jpg\" alt=\"Yancili Lozano Torres b\" width=\"243\" height=\"300\" style=\"display: block; margin-left: auto; margin-right: auto;\" \/><\/a><\/p>\n<p style=\"text-align: justify;\">Otra referente tumaque\u00f1a se dirigir\u00e1 a los 300 estudiantes a trav\u00e9s de un v\u00eddeo desde Estados Unidos. Se trata de&nbsp;Yancili Lozano Torres, economista de la Universidad del Valle.<\/p>\n<p style=\"text-align: justify;\">Becaria de Colciencias, ella adelanta estudios de doctorado en Planeaci\u00f3n Urbana y Regional en la Universidad del Estado de la Florida, FSU, donde obtuvo un magister.<\/p>\n<p style=\"text-align: center;\"><strong>Salidas de campo y taller de esp\u00edritu empresarial&nbsp;<\/strong><\/p>\n<p style=\"text-align: justify;\">Como parte de la estrategia de motivaci\u00f3n de vida y orientaci\u00f3n vocacional,&nbsp;Robin Bioj\u00f3guiar\u00e1 una&nbsp;visita de 20 estudiantes al Hospital San Andr\u00e1s de Tumaco&nbsp;para conocer las diferentes instalaciones y brindar informaci\u00f3n sobre el papel que los profesionales de la salud juegan en las diferentes \u00e1reas:<\/p>\n<p style=\"text-align: justify;\">Consulta Externa, Urgencias, Im\u00e1genes Diagn\u00f3sticas, Rx, Ecografia, Escanograf\u00eda, Laboratorio Cl\u00ednico, Banco de Sangre, Rehabilitaci\u00f3n y Radioterapia, Unidad de di\u00e1lisis, Quir\u00f3fanos (Salas de Operaciones), \u00c1reas de Hospitalizaci\u00f3n: Medicina Interna, Pediatr\u00eda, GinecoObstetricia, Cirug\u00eda, Trauma y Ortopedia, y \u00e1reas administrativas.<\/p>\n<p style=\"text-align: justify;\">Por su parte,&nbsp;Ricardo Torres&nbsp;guiar\u00e1 una&nbsp;visita de estudiantes y docentes al Centro de Investigaciones Oceanogr\u00e1ficas e Hidrogr\u00e1ficas del Pac\u00edfico, Cccp-Dimar&nbsp;para conocer los laboratorios de Centro de Alertas de Tsunamis, de Manejo Integrado de Zona Costera, de Qu\u00edmica, Biolog\u00eda y Qu\u00edmica.<\/p>\n<p style=\"text-align: justify;\">A su vez,&nbsp;Melkin Riascos&nbsp;compartir\u00e1 con 15 estudiantes interesados en los negocios y el mundo empresarial. El taller trabajar\u00e1 en las principales preguntas de un plan de negocio, apoy\u00e1ndose en la experiencia del invitado en dos industrias.<\/p>\n<p style=\"text-align: center;\"><strong>Capacitaci\u00f3n docente en evaluaci\u00f3n por competencias<\/strong><\/p>\n<p style=\"text-align: justify;\">Uno de los tres objetivos del programa de apoyo a la calidad educativa es&nbsp;\u201cFomentar un mejor desempe\u00f1o en las pruebas Saber, especialmente en Saber 11\u2033&nbsp;en los tres municipios.<\/p>\n<p style=\"text-align: justify;\">Este programa cuenta con el apoyo de la Secretar\u00eda de Educaci\u00f3n de Nari\u00f1o, la Secretar\u00eda de Planeaci\u00f3n departamental, la Secretar\u00eda de Educaci\u00f3n de Tumaco (con el secretario Eduar Polo, Ninfa Mar\u00eda Valencia y Nelly Asprilla) y del programa de la Gobernaci\u00f3n para el Pac\u00edfico Sur (con la gerente, Karen Betancourt), en coordinaci\u00f3n con&nbsp;Genith Sol\u00eds.<\/p>\n<p style=\"text-align: justify;\">La estrategia ofrece capacitaci\u00f3n anual a docentes en evaluaci\u00f3n por competencias para que el aula de clase est\u00e9 m\u00e1s alineada con lo que les exige Saber 11 a los estudiantes.<\/p>\n<p style=\"text-align: justify;\">Para esto, se hizo una&nbsp;alianza con el Grupo Educativo Helmer Pardo, que prepara a 12 de los mejores 50 colegios de pa\u00eds en Saber 11 del calendario A, ubicados en cinco departamentos, incluyendo a tres de los primeros 10, adem\u00e1s de entrenar al mejor colegio del Valle del Cauca en el calendario B.<\/p>\n<p style=\"text-align: justify;\">El GE Helmer Pardo visitar\u00e1 por primera vez Tumaco, y adicional a la capacitaci\u00f3n docente en cuatro \u00e1reas, practicar\u00e1 un simulacro completo de Saber 11 el s\u00e1bado 18 de abril.<\/p>\n<p style=\"text-align: justify;\">As\u00ed, formadores que atienden a varios de los mejores colegios de Cali en esta prueba, compartir\u00e1n con m\u00e1s de 160 docentes de colegios p\u00fablicos y privados de Tumaco, Barbacoas y El Charco, en el mismo megacolegio, el 17 de abril, de 9 am a 1 pm.<\/p>\n<p style=\"text-align: justify;\">Licenciados de la Universidad del Valle, jefes de \u00e1rea en el GE Helmer Pardo y constructores de materiales por competencias, es el perfil de los capacitadores.<\/p>\n<p style=\"text-align: justify;\">Los formadores son:&nbsp;Carlos Alberto Angulo, en Matem\u00e1ticas;&nbsp;Jos\u00e9 Faid Ram\u00edrez, en ciencias naturales;&nbsp;Miguel \u00c1ngel La Rotta, en ciencias sociales; y&nbsp;Cristhian Ram\u00edrez, en lectura cr\u00edtica.<\/p>\n<p style=\"text-align: center;\"><strong>Panel sobre mejoramiento en Saber 11 y acceso a la educaci\u00f3n superior<\/strong><\/p>\n<p style=\"text-align: justify;\">Ellos estar\u00e1n liderados por&nbsp;Rafael Pardo Reyes, director nacional del GE Helmer Pardo, quien participar\u00e1 en el panel sobre \u2018Mejoramiento del desempe\u00f1o en Saber 11 y acceso a la educaci\u00f3n superior\u2019, con rectores, coordinadores y docentes en la tarde del viernes 17 en el megacolegio de Tumaco.<\/p>\n<p><a href=\"http:\/\/blogs.eltiempo.com\/afrocolombianidad\/wp-content\/uploads\/sites\/124\/2015\/04\/Collage-panel-acceso-a-la-educaci%C3%B3n-superior.jpg\" target=\"_blank\"><img loading=\"lazy\" decoding=\"async\" src=\"http:\/\/blogs.eltiempo.com\/afrocolombianidad\/wp-content\/uploads\/sites\/124\/2015\/04\/Collage-panel-acceso-a-la-educaci%C3%B3n-superior-300x150.jpg\" alt=\"Collage panel acceso a la educaci\u00f3n superior\" width=\"300\" height=\"150\" style=\"display: block; margin-left: auto; margin-right: auto;\" \/><\/a><\/p>\n<p style=\"text-align: justify;\">Tras la instalaci\u00f3n por parte del alcalde de Tumaco,&nbsp;V\u00edctor Gallo, en el panel intervendr\u00e1n el Secretario de Educaci\u00f3n de Nari\u00f1o,&nbsp;\u00c1ngel Leonel Garc\u00eda Paredes&nbsp;(foto, izq), quien hablar\u00e1 de&nbsp;\u201cLa pol\u00edtica p\u00fablica del MEN y la SED para el mejoramiento de la calidad en educaci\u00f3n b\u00e1sica y media\u201d.<\/p>\n<p style=\"text-align: justify;\">Tambi\u00e9n el Secretario de Planeaci\u00f3n de Nari\u00f1o,&nbsp;Luis Alfonso Escobar Jaramillo, quien expondr\u00e1 sobre&nbsp;\u201cEducaci\u00f3n superior en Tumaco: los retos de la infraestructura y la calidad en la educaci\u00f3n media\u201d.<\/p>\n<p style=\"text-align: justify;\">Luis Gilberto Murillo&nbsp;(foto, centro), gerente del Plan Todos Somos Pazc\u00edfico de la Presidencia de la Rep\u00fablica, hablar\u00e1 de&nbsp;\u201cAcceso a la educaci\u00f3n superior y desarrollo del litoral pac\u00edfico\u201d.<\/p>\n<p style=\"text-align: justify;\">Rafael Pardo Reyes&nbsp;hablar\u00e1 sobre&nbsp;\u201cAula de clase y Pre-Saber: cu\u00e1l es la clave del \u00e9xito en Saber 11\u2033.<\/p>\n<p style=\"text-align: center;\"><strong>Preselecci\u00f3n de Semillero de Becarios Tumaco +Educado<\/strong><\/p>\n<p><a href=\"http:\/\/blogs.eltiempo.com\/afrocolombianidad\/wp-content\/uploads\/sites\/124\/2015\/04\/Cabezote-Semillero-Becarios-Tumaco-El-Charco-y-Barbacoas.jpg\" target=\"_blank\"><img loading=\"lazy\" decoding=\"async\" src=\"http:\/\/blogs.eltiempo.com\/afrocolombianidad\/wp-content\/uploads\/sites\/124\/2015\/04\/Cabezote-Semillero-Becarios-Tumaco-El-Charco-y-Barbacoas-300x112.jpg\" alt=\"Cabezote Semillero Becarios Tumaco, El Charco y Barbacoas\" width=\"300\" height=\"112\" style=\"display: block; margin-left: auto; margin-right: auto;\" \/><\/a><\/p>\n<p style=\"text-align: justify;\">El tercer componente del programa de apoyo a la calidad educativa es elSemillero de Becarios&nbsp;de grado d\u00e9cimo que busca preparar a potenciales ganadores de la beca \u201cSer pilo paga\u201dy otras becas en el 2016.<\/p>\n<p style=\"text-align: justify;\">Semilleros de Becarios es un programa p\u00fablico-privado nacional cuyo objetivo es<a href=\"http:\/\/blogs.eltiempo.com\/afrocolombianidad\/2015\/02\/19\/ser-pilo-paga-y-la-equidad-regional-y-afro-al-congreso\/\" target=\"_blank\">aumentar la equidad regional y poblacional en la distribuci\u00f3n de las becas \u201cSer pilo paga\u201d.&nbsp;<\/a><\/p>\n<p style=\"text-align: justify;\">El primer&nbsp;<a href=\"http:\/\/blogs.eltiempo.com\/afrocolombianidad\/2015\/03\/02\/comenzo-semillero-de-becarios-cali-incluyente-2016\/\" target=\"_blank\">Semillero de Becarios es el de Cali<\/a>&nbsp;(300 becarios); y el tercero ser\u00e1 el del norte del Cauca (40 becarios de Puerto Tejada, Guachen\u00e9, Padilla y Villarrica), que comienza el 22 y 23 de mayo.<\/p>\n<p style=\"text-align: justify;\">En Tumaco, el Semillero tendr\u00e1 50 becarios, que ser\u00e1n escogidos a partir de una preselecci\u00f3n de m\u00e1s de 80 alumnos por parte de los colegios de los tres municipios.<\/p>\n<p style=\"text-align: justify;\">Las notas de grados sexto a noveno y el resultado del simulacro de Saber 11 adaptado para d\u00e9cimo grado, son dos de los elementos para la selecci\u00f3n final.<\/p>\n<p style=\"text-align: justify;\">Los 50 becarios del Semillero recibir\u00e1n una formaci\u00f3n en Proyecto de Vida, reforzamiento acad\u00e9mico y entrenamiento en Saber 11, en modalidades presencial y virtual.<\/p>\n<p style=\"text-align: justify;\">En 2014, Tumaco obtuvo 16 becas de \u201cSer pilo paga\u201d; El Charco, 1; y Barbacoas, ninguna. El objetivo del Semillero es elevar estos n\u00fameros en el 2016.<\/p>\n<p style=\"text-align: justify;\">Como innovaci\u00f3n, entre los 50 seleccionados, cinco tendr\u00e1n el honor de recibir becas en homenaje a referentes, as\u00ed:<\/p>\n<p style=\"text-align: justify;\">1&nbsp;Beca&nbsp;<a href=\"http:\/\/www.imbanaco.com\/content\/su-trayectoria-al-frente-del-comite-de-etica-de-imbanaco-como-docente-y-su-filantropica-labo\" target=\"_blank\">Robin Bioj\u00f3 Guevara<\/a>, a la que aplicar\u00e1n interesados en profesiones de la salud.<\/p>\n<p style=\"text-align: justify;\">1 Beca&nbsp;<a href=\"http:\/\/blogs.eltiempo.com\/afrocolombianidad\/2010\/12\/22\/nominados-a-12-afrocolombianos-de-2010\/\" target=\"_blank\">Coronel Alfonso Qui\u00f1ones<\/a>, para los motivados en ser oficiales de las Fuerzas Armadas.<\/p>\n<p style=\"text-align: justify;\">1 Beca&nbsp;<a href=\"https:\/\/twitter.com\/pacheandrade\" target=\"_blank\">Francisco \u2018Pach\u00e9\u2019 Andrade<\/a>, para los interesados en la comunicaci\u00f3n social y el periodismo.<\/p>\n<p style=\"text-align: justify;\">1 Beca&nbsp;<a href=\"http:\/\/blogs.elespectador.com\/republicadecolores\/2012\/05\/10\/sofonias-yacup-65-anos-de-su-muerte-una-vida-ejemplar-de-nuestra-democracia-reportaje-de-1947\/\" target=\"_blank\">Sofon\u00edas Yacup<\/a>, para los interesados en el Derecho.<\/p>\n<p style=\"text-align: justify;\">1 Beca&nbsp;<a href=\"http:\/\/www.elespectador.com\/entretenimiento\/unchatcon\/inversion-ciencia-pobre-articulo-406047\" target=\"_blank\">Ricardo Torres Palma<\/a>, para los interesados en ciencias.<\/p>\n<p style=\"text-align: justify;\">El segundo \u2018D\u00eda E\u2019 de la educaci\u00f3n en Tumaco, Barbacoas y El Charco, promovido desde la sociedad, tendr\u00e1 as\u00ed una variada gama de actividades, en dos d\u00edas.<\/p>\n<p style=\"text-align: justify;\">&nbsp;<\/p>\n<p style=\"text-align: justify;\">Fuente: Color de Colombia<\/p>\n","protected":false},"excerpt":{"rendered":"<p>Dos d\u00edas de actividades sin precedentes tendr\u00e1 la comunidad educativa de m\u00e1s de 20&nbsp;colegios p\u00fablicos y privados, rurales y urbanos, de los tres municipios &#8211; Tumaco, Barbacoas y El Charco- que no suelen tener momentos compartidos. Cuatro destacados profesionales llegar\u00e1n de Pasto, Cali y Medell\u00edn para hablar con 300 estudiantes de d\u00e9cimo grado en el&nbsp;IV [&hellip;]<\/p>\n","protected":false},"author":29,"featured_media":15604,"comment_status":"open","ping_status":"open","sticky":false,"template":"","format":"standard","meta":{"footnotes":""},"categories":[1],"tags":[],"class_list":["post-15605","post","type-post","status-publish","format-standard","has-post-thumbnail","hentry","category-sin-categoria"],"yoast_head":"<!-- This site is optimized with the Yoast SEO plugin v27.1.1 - https:\/\/yoast.com\/product\/yoast-seo-wordpress\/ -->\n<title>La educaci\u00f3n se tomar\u00e1 a Tumaco. El segundo d\u00eda &quot;E&quot; | P\u00e1gina10<\/title>\n<meta name=\"robots\" content=\"index, follow, max-snippet:-1, max-image-preview:large, max-video-preview:-1\" \/>\n<link rel=\"canonical\" href=\"https:\/\/pagina10.com\/web\/la-educacion-se-tomara-a-tumaco-el-segundo-dia-e\/\" \/>\n<meta property=\"og:locale\" content=\"es_ES\" \/>\n<meta property=\"og:type\" content=\"article\" \/>\n<meta property=\"og:title\" content=\"La educaci\u00f3n se tomar\u00e1 a Tumaco. El segundo d\u00eda &quot;E&quot; | P\u00e1gina10\" \/>\n<meta property=\"og:description\" content=\"Dos d\u00edas de actividades sin precedentes tendr\u00e1 la comunidad educativa de m\u00e1s de 20&nbsp;colegios p\u00fablicos y privados, rurales y urbanos, de los tres municipios &#8211; Tumaco, Barbacoas y El Charco- que no suelen tener momentos compartidos. Cuatro destacados profesionales llegar\u00e1n de Pasto, Cali y Medell\u00edn para hablar con 300 estudiantes de d\u00e9cimo grado en el&nbsp;IV [&hellip;]\" \/>\n<meta property=\"og:url\" content=\"https:\/\/pagina10.com\/web\/la-educacion-se-tomara-a-tumaco-el-segundo-dia-e\/\" \/>\n<meta property=\"og:site_name\" content=\"P\u00e1gina10\" \/>\n<meta property=\"article:publisher\" content=\"https:\/\/www.facebook.com\/pag10com\" \/>\n<meta property=\"article:published_time\" content=\"2015-04-14T02:50:54+00:00\" \/>\n<meta property=\"og:image\" content=\"https:\/\/pagina10.com\/web\/wp-content\/uploads\/2015\/04\/8d25a0f56e6ec399eed436947a6c3bae.jpg\" \/>\n\t<meta property=\"og:image:width\" content=\"960\" \/>\n\t<meta property=\"og:image:height\" content=\"572\" \/>\n\t<meta property=\"og:image:type\" content=\"image\/jpeg\" \/>\n<meta name=\"author\" content=\"P\u00e1gina 10\" \/>\n<meta name=\"twitter:card\" content=\"summary_large_image\" \/>\n<meta name=\"twitter:creator\" content=\"@Pag10com\" \/>\n<meta name=\"twitter:site\" content=\"@Pag10com\" \/>\n<meta name=\"twitter:label1\" content=\"Escrito por\" \/>\n\t<meta name=\"twitter:data1\" content=\"P\u00e1gina 10\" \/>\n\t<meta name=\"twitter:label2\" content=\"Tiempo de lectura\" \/>\n\t<meta name=\"twitter:data2\" content=\"9 minutos\" \/>\n<script type=\"application\/ld+json\" class=\"yoast-schema-graph\">{\"@context\":\"https:\/\/schema.org\",\"@graph\":[{\"@type\":\"Article\",\"@id\":\"https:\/\/pagina10.com\/web\/la-educacion-se-tomara-a-tumaco-el-segundo-dia-e\/#article\",\"isPartOf\":{\"@id\":\"https:\/\/pagina10.com\/web\/la-educacion-se-tomara-a-tumaco-el-segundo-dia-e\/\"},\"author\":{\"name\":\"P\u00e1gina 10\",\"@id\":\"https:\/\/pagina10.com\/web\/#\/schema\/person\/a7a5d38f0629dfc107f619fbae4f6cc3\"},\"headline\":\"La educaci\u00f3n se tomar\u00e1 a Tumaco. El segundo d\u00eda &#8220;E&#8221;\",\"datePublished\":\"2015-04-14T02:50:54+00:00\",\"mainEntityOfPage\":{\"@id\":\"https:\/\/pagina10.com\/web\/la-educacion-se-tomara-a-tumaco-el-segundo-dia-e\/\"},\"wordCount\":1816,\"commentCount\":0,\"publisher\":{\"@id\":\"https:\/\/pagina10.com\/web\/#organization\"},\"image\":{\"@id\":\"https:\/\/pagina10.com\/web\/la-educacion-se-tomara-a-tumaco-el-segundo-dia-e\/#primaryimage\"},\"thumbnailUrl\":\"https:\/\/pagina10.com\/web\/wp-content\/uploads\/2015\/04\/8d25a0f56e6ec399eed436947a6c3bae.jpg\",\"inLanguage\":\"es\",\"potentialAction\":[{\"@type\":\"CommentAction\",\"name\":\"Comment\",\"target\":[\"https:\/\/pagina10.com\/web\/la-educacion-se-tomara-a-tumaco-el-segundo-dia-e\/#respond\"]}]},{\"@type\":\"WebPage\",\"@id\":\"https:\/\/pagina10.com\/web\/la-educacion-se-tomara-a-tumaco-el-segundo-dia-e\/\",\"url\":\"https:\/\/pagina10.com\/web\/la-educacion-se-tomara-a-tumaco-el-segundo-dia-e\/\",\"name\":\"La educaci\u00f3n se tomar\u00e1 a Tumaco. El segundo d\u00eda \\\"E\\\" | P\u00e1gina10\",\"isPartOf\":{\"@id\":\"https:\/\/pagina10.com\/web\/#website\"},\"primaryImageOfPage\":{\"@id\":\"https:\/\/pagina10.com\/web\/la-educacion-se-tomara-a-tumaco-el-segundo-dia-e\/#primaryimage\"},\"image\":{\"@id\":\"https:\/\/pagina10.com\/web\/la-educacion-se-tomara-a-tumaco-el-segundo-dia-e\/#primaryimage\"},\"thumbnailUrl\":\"https:\/\/pagina10.com\/web\/wp-content\/uploads\/2015\/04\/8d25a0f56e6ec399eed436947a6c3bae.jpg\",\"datePublished\":\"2015-04-14T02:50:54+00:00\",\"breadcrumb\":{\"@id\":\"https:\/\/pagina10.com\/web\/la-educacion-se-tomara-a-tumaco-el-segundo-dia-e\/#breadcrumb\"},\"inLanguage\":\"es\",\"potentialAction\":[{\"@type\":\"ReadAction\",\"target\":[\"https:\/\/pagina10.com\/web\/la-educacion-se-tomara-a-tumaco-el-segundo-dia-e\/\"]}]},{\"@type\":\"ImageObject\",\"inLanguage\":\"es\",\"@id\":\"https:\/\/pagina10.com\/web\/la-educacion-se-tomara-a-tumaco-el-segundo-dia-e\/#primaryimage\",\"url\":\"https:\/\/pagina10.com\/web\/wp-content\/uploads\/2015\/04\/8d25a0f56e6ec399eed436947a6c3bae.jpg\",\"contentUrl\":\"https:\/\/pagina10.com\/web\/wp-content\/uploads\/2015\/04\/8d25a0f56e6ec399eed436947a6c3bae.jpg\",\"width\":960,\"height\":572},{\"@type\":\"BreadcrumbList\",\"@id\":\"https:\/\/pagina10.com\/web\/la-educacion-se-tomara-a-tumaco-el-segundo-dia-e\/#breadcrumb\",\"itemListElement\":[{\"@type\":\"ListItem\",\"position\":1,\"name\":\"Portada\",\"item\":\"https:\/\/pagina10.com\/web\/\"},{\"@type\":\"ListItem\",\"position\":2,\"name\":\"La educaci\u00f3n se tomar\u00e1 a Tumaco. El segundo d\u00eda &#8220;E&#8221;\"}]},{\"@type\":\"WebSite\",\"@id\":\"https:\/\/pagina10.com\/web\/#website\",\"url\":\"https:\/\/pagina10.com\/web\/\",\"name\":\"P\u00e1gina10\",\"description\":\"Peri\u00f3dico Regional\",\"publisher\":{\"@id\":\"https:\/\/pagina10.com\/web\/#organization\"},\"alternateName\":\"P\u00e1gina10 Peri\u00f3dico Regional\",\"potentialAction\":[{\"@type\":\"SearchAction\",\"target\":{\"@type\":\"EntryPoint\",\"urlTemplate\":\"https:\/\/pagina10.com\/web\/?s={search_term_string}\"},\"query-input\":{\"@type\":\"PropertyValueSpecification\",\"valueRequired\":true,\"valueName\":\"search_term_string\"}}],\"inLanguage\":\"es\"},{\"@type\":\"Organization\",\"@id\":\"https:\/\/pagina10.com\/web\/#organization\",\"name\":\"P\u00e1gina10\",\"alternateName\":\"P\u00e1gina10 Peri\u00f3dico Regional\",\"url\":\"https:\/\/pagina10.com\/web\/\",\"logo\":{\"@type\":\"ImageObject\",\"inLanguage\":\"es\",\"@id\":\"https:\/\/pagina10.com\/web\/#\/schema\/logo\/image\/\",\"url\":\"https:\/\/pagina10.com\/web\/wp-content\/uploads\/2024\/01\/40-pagina-10-periodico-regional-pasto.jpg\",\"contentUrl\":\"https:\/\/pagina10.com\/web\/wp-content\/uploads\/2024\/01\/40-pagina-10-periodico-regional-pasto.jpg\",\"width\":1280,\"height\":720,\"caption\":\"P\u00e1gina10\"},\"image\":{\"@id\":\"https:\/\/pagina10.com\/web\/#\/schema\/logo\/image\/\"},\"sameAs\":[\"https:\/\/www.facebook.com\/pag10com\",\"https:\/\/x.com\/Pag10com\",\"https:\/\/www.instagram.com\/pagina10col\/\",\"https:\/\/youtube.com\/channel\/pag10\",\"https:\/\/www.tiktok.com\/@p10col\"]},{\"@type\":\"Person\",\"@id\":\"https:\/\/pagina10.com\/web\/#\/schema\/person\/a7a5d38f0629dfc107f619fbae4f6cc3\",\"name\":\"P\u00e1gina 10\",\"description\":\"P\u00e1gina10.com es un peri\u00f3dico digital que nace en Colombia, en el departamento de Nari\u00f1o, con un enfoque global, fundamentado en cuatro pilares esenciales: la libertad, el pluralismo, la inclusi\u00f3n y la independencia. P\u00e1gina10.com hace referencia a Nari\u00f1o como el d\u00e9cimo departamento creado en Colombia, despu\u00e9s de un proceso pol\u00edtico liderado por actores y actrices regionales con el fin de obtener la independencia y autonom\u00eda de nuestros territorios. Con la creaci\u00f3n de P\u00e1gina10.com se pretende abrir un escenario para el dialogo, la reflexi\u00f3n y el debate que se extienda a otras geograf\u00edas de Am\u00e9rica Latina y del planeta, en una apuesta por transformar colectivamente los desaf\u00edos de un mundo contempor\u00e1neo, m\u00e1s all\u00e1 de las fronteras impuestas.\",\"url\":\"https:\/\/pagina10.com\/web\/author\/mcepeda\/\"}]}<\/script>\n<!-- \/ Yoast SEO plugin. -->","yoast_head_json":{"title":"La educaci\u00f3n se tomar\u00e1 a Tumaco. El segundo d\u00eda \"E\" | P\u00e1gina10","robots":{"index":"index","follow":"follow","max-snippet":"max-snippet:-1","max-image-preview":"max-image-preview:large","max-video-preview":"max-video-preview:-1"},"canonical":"https:\/\/pagina10.com\/web\/la-educacion-se-tomara-a-tumaco-el-segundo-dia-e\/","og_locale":"es_ES","og_type":"article","og_title":"La educaci\u00f3n se tomar\u00e1 a Tumaco. El segundo d\u00eda \"E\" | P\u00e1gina10","og_description":"Dos d\u00edas de actividades sin precedentes tendr\u00e1 la comunidad educativa de m\u00e1s de 20&nbsp;colegios p\u00fablicos y privados, rurales y urbanos, de los tres municipios &#8211; Tumaco, Barbacoas y El Charco- que no suelen tener momentos compartidos. Cuatro destacados profesionales llegar\u00e1n de Pasto, Cali y Medell\u00edn para hablar con 300 estudiantes de d\u00e9cimo grado en el&nbsp;IV [&hellip;]","og_url":"https:\/\/pagina10.com\/web\/la-educacion-se-tomara-a-tumaco-el-segundo-dia-e\/","og_site_name":"P\u00e1gina10","article_publisher":"https:\/\/www.facebook.com\/pag10com","article_published_time":"2015-04-14T02:50:54+00:00","og_image":[{"width":960,"height":572,"url":"https:\/\/pagina10.com\/web\/wp-content\/uploads\/2015\/04\/8d25a0f56e6ec399eed436947a6c3bae.jpg","type":"image\/jpeg"}],"author":"P\u00e1gina 10","twitter_card":"summary_large_image","twitter_creator":"@Pag10com","twitter_site":"@Pag10com","twitter_misc":{"Escrito por":"P\u00e1gina 10","Tiempo de lectura":"9 minutos"},"schema":{"@context":"https:\/\/schema.org","@graph":[{"@type":"Article","@id":"https:\/\/pagina10.com\/web\/la-educacion-se-tomara-a-tumaco-el-segundo-dia-e\/#article","isPartOf":{"@id":"https:\/\/pagina10.com\/web\/la-educacion-se-tomara-a-tumaco-el-segundo-dia-e\/"},"author":{"name":"P\u00e1gina 10","@id":"https:\/\/pagina10.com\/web\/#\/schema\/person\/a7a5d38f0629dfc107f619fbae4f6cc3"},"headline":"La educaci\u00f3n se tomar\u00e1 a Tumaco. El segundo d\u00eda &#8220;E&#8221;","datePublished":"2015-04-14T02:50:54+00:00","mainEntityOfPage":{"@id":"https:\/\/pagina10.com\/web\/la-educacion-se-tomara-a-tumaco-el-segundo-dia-e\/"},"wordCount":1816,"commentCount":0,"publisher":{"@id":"https:\/\/pagina10.com\/web\/#organization"},"image":{"@id":"https:\/\/pagina10.com\/web\/la-educacion-se-tomara-a-tumaco-el-segundo-dia-e\/#primaryimage"},"thumbnailUrl":"https:\/\/pagina10.com\/web\/wp-content\/uploads\/2015\/04\/8d25a0f56e6ec399eed436947a6c3bae.jpg","inLanguage":"es","potentialAction":[{"@type":"CommentAction","name":"Comment","target":["https:\/\/pagina10.com\/web\/la-educacion-se-tomara-a-tumaco-el-segundo-dia-e\/#respond"]}]},{"@type":"WebPage","@id":"https:\/\/pagina10.com\/web\/la-educacion-se-tomara-a-tumaco-el-segundo-dia-e\/","url":"https:\/\/pagina10.com\/web\/la-educacion-se-tomara-a-tumaco-el-segundo-dia-e\/","name":"La educaci\u00f3n se tomar\u00e1 a Tumaco. El segundo d\u00eda \"E\" | P\u00e1gina10","isPartOf":{"@id":"https:\/\/pagina10.com\/web\/#website"},"primaryImageOfPage":{"@id":"https:\/\/pagina10.com\/web\/la-educacion-se-tomara-a-tumaco-el-segundo-dia-e\/#primaryimage"},"image":{"@id":"https:\/\/pagina10.com\/web\/la-educacion-se-tomara-a-tumaco-el-segundo-dia-e\/#primaryimage"},"thumbnailUrl":"https:\/\/pagina10.com\/web\/wp-content\/uploads\/2015\/04\/8d25a0f56e6ec399eed436947a6c3bae.jpg","datePublished":"2015-04-14T02:50:54+00:00","breadcrumb":{"@id":"https:\/\/pagina10.com\/web\/la-educacion-se-tomara-a-tumaco-el-segundo-dia-e\/#breadcrumb"},"inLanguage":"es","potentialAction":[{"@type":"ReadAction","target":["https:\/\/pagina10.com\/web\/la-educacion-se-tomara-a-tumaco-el-segundo-dia-e\/"]}]},{"@type":"ImageObject","inLanguage":"es","@id":"https:\/\/pagina10.com\/web\/la-educacion-se-tomara-a-tumaco-el-segundo-dia-e\/#primaryimage","url":"https:\/\/pagina10.com\/web\/wp-content\/uploads\/2015\/04\/8d25a0f56e6ec399eed436947a6c3bae.jpg","contentUrl":"https:\/\/pagina10.com\/web\/wp-content\/uploads\/2015\/04\/8d25a0f56e6ec399eed436947a6c3bae.jpg","width":960,"height":572},{"@type":"BreadcrumbList","@id":"https:\/\/pagina10.com\/web\/la-educacion-se-tomara-a-tumaco-el-segundo-dia-e\/#breadcrumb","itemListElement":[{"@type":"ListItem","position":1,"name":"Portada","item":"https:\/\/pagina10.com\/web\/"},{"@type":"ListItem","position":2,"name":"La educaci\u00f3n se tomar\u00e1 a Tumaco. El segundo d\u00eda &#8220;E&#8221;"}]},{"@type":"WebSite","@id":"https:\/\/pagina10.com\/web\/#website","url":"https:\/\/pagina10.com\/web\/","name":"P\u00e1gina10","description":"Peri\u00f3dico Regional","publisher":{"@id":"https:\/\/pagina10.com\/web\/#organization"},"alternateName":"P\u00e1gina10 Peri\u00f3dico Regional","potentialAction":[{"@type":"SearchAction","target":{"@type":"EntryPoint","urlTemplate":"https:\/\/pagina10.com\/web\/?s={search_term_string}"},"query-input":{"@type":"PropertyValueSpecification","valueRequired":true,"valueName":"search_term_string"}}],"inLanguage":"es"},{"@type":"Organization","@id":"https:\/\/pagina10.com\/web\/#organization","name":"P\u00e1gina10","alternateName":"P\u00e1gina10 Peri\u00f3dico Regional","url":"https:\/\/pagina10.com\/web\/","logo":{"@type":"ImageObject","inLanguage":"es","@id":"https:\/\/pagina10.com\/web\/#\/schema\/logo\/image\/","url":"https:\/\/pagina10.com\/web\/wp-content\/uploads\/2024\/01\/40-pagina-10-periodico-regional-pasto.jpg","contentUrl":"https:\/\/pagina10.com\/web\/wp-content\/uploads\/2024\/01\/40-pagina-10-periodico-regional-pasto.jpg","width":1280,"height":720,"caption":"P\u00e1gina10"},"image":{"@id":"https:\/\/pagina10.com\/web\/#\/schema\/logo\/image\/"},"sameAs":["https:\/\/www.facebook.com\/pag10com","https:\/\/x.com\/Pag10com","https:\/\/www.instagram.com\/pagina10col\/","https:\/\/youtube.com\/channel\/pag10","https:\/\/www.tiktok.com\/@p10col"]},{"@type":"Person","@id":"https:\/\/pagina10.com\/web\/#\/schema\/person\/a7a5d38f0629dfc107f619fbae4f6cc3","name":"P\u00e1gina 10","description":"P\u00e1gina10.com es un peri\u00f3dico digital que nace en Colombia, en el departamento de Nari\u00f1o, con un enfoque global, fundamentado en cuatro pilares esenciales: la libertad, el pluralismo, la inclusi\u00f3n y la independencia. P\u00e1gina10.com hace referencia a Nari\u00f1o como el d\u00e9cimo departamento creado en Colombia, despu\u00e9s de un proceso pol\u00edtico liderado por actores y actrices regionales con el fin de obtener la independencia y autonom\u00eda de nuestros territorios. Con la creaci\u00f3n de P\u00e1gina10.com se pretende abrir un escenario para el dialogo, la reflexi\u00f3n y el debate que se extienda a otras geograf\u00edas de Am\u00e9rica Latina y del planeta, en una apuesta por transformar colectivamente los desaf\u00edos de un mundo contempor\u00e1neo, m\u00e1s all\u00e1 de las fronteras impuestas.","url":"https:\/\/pagina10.com\/web\/author\/mcepeda\/"}]}},"_links":{"self":[{"href":"https:\/\/pagina10.com\/web\/wp-json\/wp\/v2\/posts\/15605","targetHints":{"allow":["GET"]}}],"collection":[{"href":"https:\/\/pagina10.com\/web\/wp-json\/wp\/v2\/posts"}],"about":[{"href":"https:\/\/pagina10.com\/web\/wp-json\/wp\/v2\/types\/post"}],"author":[{"embeddable":true,"href":"https:\/\/pagina10.com\/web\/wp-json\/wp\/v2\/users\/29"}],"replies":[{"embeddable":true,"href":"https:\/\/pagina10.com\/web\/wp-json\/wp\/v2\/comments?post=15605"}],"version-history":[{"count":0,"href":"https:\/\/pagina10.com\/web\/wp-json\/wp\/v2\/posts\/15605\/revisions"}],"wp:featuredmedia":[{"embeddable":true,"href":"https:\/\/pagina10.com\/web\/wp-json\/wp\/v2\/media\/15604"}],"wp:attachment":[{"href":"https:\/\/pagina10.com\/web\/wp-json\/wp\/v2\/media?parent=15605"}],"wp:term":[{"taxonomy":"category","embeddable":true,"href":"https:\/\/pagina10.com\/web\/wp-json\/wp\/v2\/categories?post=15605"},{"taxonomy":"post_tag","embeddable":true,"href":"https:\/\/pagina10.com\/web\/wp-json\/wp\/v2\/tags?post=15605"}],"curies":[{"name":"wp","href":"https:\/\/api.w.org\/{rel}","templated":true}]}}