{"id":15607,"date":"2015-04-14T20:41:22","date_gmt":"2015-04-14T20:41:22","guid":{"rendered":"https:\/\/pagina10.com\/web\/cuba-saldra-de-lista-de-paises-patrocinadores-del-terrorismo-confirmo-la-casa-blanca\/"},"modified":"2015-04-14T20:41:22","modified_gmt":"2015-04-14T20:41:22","slug":"cuba-saldra-de-lista-de-paises-patrocinadores-del-terrorismo-confirmo-la-casa-blanca","status":"publish","type":"post","link":"https:\/\/pagina10.com\/web\/cuba-saldra-de-lista-de-paises-patrocinadores-del-terrorismo-confirmo-la-casa-blanca\/","title":{"rendered":"Cuba saldr\u00e1 de lista de pa\u00edses patrocinadores del terrorismo confirm\u00f3 la Casa Blanca"},"content":{"rendered":"<p><img fetchpriority=\"high\" decoding=\"async\" class=\" size-full wp-image-15606\" src=\"https:\/\/pagina10.com\/web\/wp-content\/uploads\/2015\/04\/b05470764b8a232808e357228e6a8827.jpg\" alt=\"\" width=\"644\" height=\"362\" srcset=\"https:\/\/pagina10.com\/web\/wp-content\/uploads\/2015\/04\/b05470764b8a232808e357228e6a8827.jpg 644w, https:\/\/pagina10.com\/web\/wp-content\/uploads\/2015\/04\/b05470764b8a232808e357228e6a8827-300x169.jpg 300w\" sizes=\"(max-width: 644px) 100vw, 644px\" \/><\/p>\n<p style=\"text-align: justify;\">La Casa Blanca confirm\u00f3 este martes que retirar\u00e1 a Cuba de su lista de pa\u00edses patrocinadores del terrorismo, una de las principales trabas para que Washington y La Habana normalicen sus relaciones diplom\u00e1ticas tras m\u00e1s de cinco d\u00e9cadas.<\/p>\n<p style=\"text-align: justify;\">El gobierno de Estados Unidos anunci\u00f3 que enviar\u00e1 al Congreso el informe que certifica que Cuba no ha brindado apoyo a los que Washington considera grupos extremistas internacionales en los \u00faltimos seis meses y ha ofrecido garant\u00edas de que no lo har\u00e1 en el futuro.<\/p>\n<p style=\"text-align: justify;\">El presidente Barack Obama hab\u00eda anunciado una revisi\u00f3n sobre el tema en diciembre, que complet\u00f3 el Departamento de Estado.&nbsp;Ahora, el Congreso tiene 45 d\u00edas para reaccionar, aunque de todos modos la decisi\u00f3n final sigue estando en manos del ejecutivo.<br \/>Desde 1982, Cuba hab\u00eda formado parte de esa &#8220;lista negra&#8221; que elabora anualmente el Departamento de Estado y que tambi\u00e9n incluye a Ir\u00e1n, Sud\u00e1n y Siria.&nbsp;Washington hab\u00eda argumentado que la isla supuestamente ofreci\u00f3 refugio a miembros del grupo separatista vasco ETA y a las Fuerzas Armadas Revolucionarias de Colombia (FARC), adem\u00e1s de albergar a reconocidos fugitivos estadounidenses.<\/p>\n<p style=\"text-align: justify;\">Como explica el corresponsal de BBC Mundo en Washington, Thomas Sparrow, este es el paso concreto m\u00e1s importante que ha dado el gobierno de Estados Unidos sobre su intenci\u00f3n de desmontar las estructuras que complican las relaciones entre las dos naciones.<\/p>\n<p style=\"text-align: justify;\">&nbsp;<\/p>\n<p style=\"text-align: justify;\"><strong>Impacto y cr\u00edticas<\/strong><\/p>\n<p style=\"text-align: justify;\">La decisi\u00f3n tiene un peso simb\u00f3lico significativo, pues cambia la manera como el gobierno de Estados Unidos ha visto oficialmente a Cuba desde 1982.&nbsp;Adem\u00e1s, responde a las demandas de Cuba, presentadas una y otra vez en los \u00faltimos meses, de que fuera retirado de esa lista de que considera &#8220;injusta&#8221; e &#8220;infundada&#8221;.<\/p>\n<p style=\"text-align: justify;\">Ahora, Washington confirma que, a su juicio, el gobierno de Ra\u00fal Castro no ha apoyado el terrorismo internacional en el pasado inmediato y ofrece garant\u00edas de que no lo har\u00e1 de nuevo.&nbsp;<\/p>\n<p style=\"text-align: justify;\">La noticia gener\u00f3 reacciones inmediatas en el Congreso, tanto a favor de la medida como en rechazo.&nbsp;El senador Jeff Flake, quiz\u00e1s el republicano m\u00e1s importante que apoya el deshielo entre los dos pa\u00edses, dijo que la decisi\u00f3n debi\u00f3 haberse tomado hace tiempo.&nbsp;&#8220;La lista deber\u00eda significar algo, y ahora significa mucho m\u00e1s&#8221;, dijo en un comunicado.<\/p>\n<p style=\"text-align: justify;\">Esto contrasta con la opini\u00f3n de Marco Rubio, senador cubanoestadounidense por Florida y precandidato presidencial, quien asegur\u00f3 que la decisi\u00f3n de la Casa Blanca es &#8220;lamentable&#8221; aunque no le sorprende.<\/p>\n<p style=\"text-align: justify;\">&#8220;Desafortunadamente esta decisi\u00f3n de la Casa Blanca va a mandar un mensaje muy peligroso a los enemigos y a los terroristas&#8221;, dijo.<\/p>\n<p style=\"text-align: justify;\">&nbsp;<\/p>\n<p>Fuente: BBC<\/p>\n","protected":false},"excerpt":{"rendered":"<p>La Casa Blanca confirm\u00f3 este martes que retirar\u00e1 a Cuba de su lista de pa\u00edses patrocinadores del terrorismo, una de las principales trabas para que Washington y La Habana normalicen sus relaciones diplom\u00e1ticas tras m\u00e1s de cinco d\u00e9cadas. El gobierno de Estados Unidos anunci\u00f3 que enviar\u00e1 al Congreso el informe que certifica que Cuba no [&hellip;]<\/p>\n","protected":false},"author":29,"featured_media":15606,"comment_status":"open","ping_status":"open","sticky":false,"template":"","format":"standard","meta":{"footnotes":""},"categories":[1],"tags":[],"class_list":["post-15607","post","type-post","status-publish","format-standard","has-post-thumbnail","hentry","category-sin-categoria"],"yoast_head":"<!-- This site is optimized with the Yoast SEO plugin v27.1.1 - https:\/\/yoast.com\/product\/yoast-seo-wordpress\/ -->\n<title>Cuba saldr\u00e1 de lista de pa\u00edses patrocinadores del terrorismo confirm\u00f3 la Casa Blanca | P\u00e1gina10<\/title>\n<meta name=\"robots\" content=\"index, follow, max-snippet:-1, max-image-preview:large, max-video-preview:-1\" \/>\n<link rel=\"canonical\" href=\"https:\/\/pagina10.com\/web\/cuba-saldra-de-lista-de-paises-patrocinadores-del-terrorismo-confirmo-la-casa-blanca\/\" \/>\n<meta property=\"og:locale\" content=\"es_ES\" \/>\n<meta property=\"og:type\" content=\"article\" \/>\n<meta property=\"og:title\" content=\"Cuba saldr\u00e1 de lista de pa\u00edses patrocinadores del terrorismo confirm\u00f3 la Casa Blanca | P\u00e1gina10\" \/>\n<meta property=\"og:description\" content=\"La Casa Blanca confirm\u00f3 este martes que retirar\u00e1 a Cuba de su lista de pa\u00edses patrocinadores del terrorismo, una de las principales trabas para que Washington y La Habana normalicen sus relaciones diplom\u00e1ticas tras m\u00e1s de cinco d\u00e9cadas. El gobierno de Estados Unidos anunci\u00f3 que enviar\u00e1 al Congreso el informe que certifica que Cuba no [&hellip;]\" \/>\n<meta property=\"og:url\" content=\"https:\/\/pagina10.com\/web\/cuba-saldra-de-lista-de-paises-patrocinadores-del-terrorismo-confirmo-la-casa-blanca\/\" \/>\n<meta property=\"og:site_name\" content=\"P\u00e1gina10\" \/>\n<meta property=\"article:publisher\" content=\"https:\/\/www.facebook.com\/pag10com\" \/>\n<meta property=\"article:published_time\" content=\"2015-04-14T20:41:22+00:00\" \/>\n<meta property=\"og:image\" content=\"https:\/\/pagina10.com\/web\/wp-content\/uploads\/2015\/04\/b05470764b8a232808e357228e6a8827.jpg\" \/>\n\t<meta property=\"og:image:width\" content=\"644\" \/>\n\t<meta property=\"og:image:height\" content=\"362\" \/>\n\t<meta property=\"og:image:type\" content=\"image\/jpeg\" \/>\n<meta name=\"author\" content=\"P\u00e1gina 10\" \/>\n<meta name=\"twitter:card\" content=\"summary_large_image\" \/>\n<meta name=\"twitter:creator\" content=\"@Pag10com\" \/>\n<meta name=\"twitter:site\" content=\"@Pag10com\" \/>\n<meta name=\"twitter:label1\" content=\"Escrito por\" \/>\n\t<meta name=\"twitter:data1\" content=\"P\u00e1gina 10\" \/>\n\t<meta name=\"twitter:label2\" content=\"Tiempo de lectura\" \/>\n\t<meta name=\"twitter:data2\" content=\"2 minutos\" \/>\n<script type=\"application\/ld+json\" class=\"yoast-schema-graph\">{\"@context\":\"https:\/\/schema.org\",\"@graph\":[{\"@type\":\"Article\",\"@id\":\"https:\/\/pagina10.com\/web\/cuba-saldra-de-lista-de-paises-patrocinadores-del-terrorismo-confirmo-la-casa-blanca\/#article\",\"isPartOf\":{\"@id\":\"https:\/\/pagina10.com\/web\/cuba-saldra-de-lista-de-paises-patrocinadores-del-terrorismo-confirmo-la-casa-blanca\/\"},\"author\":{\"name\":\"P\u00e1gina 10\",\"@id\":\"https:\/\/pagina10.com\/web\/#\/schema\/person\/a7a5d38f0629dfc107f619fbae4f6cc3\"},\"headline\":\"Cuba saldr\u00e1 de lista de pa\u00edses patrocinadores del terrorismo confirm\u00f3 la Casa Blanca\",\"datePublished\":\"2015-04-14T20:41:22+00:00\",\"mainEntityOfPage\":{\"@id\":\"https:\/\/pagina10.com\/web\/cuba-saldra-de-lista-de-paises-patrocinadores-del-terrorismo-confirmo-la-casa-blanca\/\"},\"wordCount\":472,\"commentCount\":0,\"publisher\":{\"@id\":\"https:\/\/pagina10.com\/web\/#organization\"},\"image\":{\"@id\":\"https:\/\/pagina10.com\/web\/cuba-saldra-de-lista-de-paises-patrocinadores-del-terrorismo-confirmo-la-casa-blanca\/#primaryimage\"},\"thumbnailUrl\":\"https:\/\/pagina10.com\/web\/wp-content\/uploads\/2015\/04\/b05470764b8a232808e357228e6a8827.jpg\",\"inLanguage\":\"es\",\"potentialAction\":[{\"@type\":\"CommentAction\",\"name\":\"Comment\",\"target\":[\"https:\/\/pagina10.com\/web\/cuba-saldra-de-lista-de-paises-patrocinadores-del-terrorismo-confirmo-la-casa-blanca\/#respond\"]}]},{\"@type\":\"WebPage\",\"@id\":\"https:\/\/pagina10.com\/web\/cuba-saldra-de-lista-de-paises-patrocinadores-del-terrorismo-confirmo-la-casa-blanca\/\",\"url\":\"https:\/\/pagina10.com\/web\/cuba-saldra-de-lista-de-paises-patrocinadores-del-terrorismo-confirmo-la-casa-blanca\/\",\"name\":\"Cuba saldr\u00e1 de lista de pa\u00edses patrocinadores del terrorismo confirm\u00f3 la Casa Blanca | P\u00e1gina10\",\"isPartOf\":{\"@id\":\"https:\/\/pagina10.com\/web\/#website\"},\"primaryImageOfPage\":{\"@id\":\"https:\/\/pagina10.com\/web\/cuba-saldra-de-lista-de-paises-patrocinadores-del-terrorismo-confirmo-la-casa-blanca\/#primaryimage\"},\"image\":{\"@id\":\"https:\/\/pagina10.com\/web\/cuba-saldra-de-lista-de-paises-patrocinadores-del-terrorismo-confirmo-la-casa-blanca\/#primaryimage\"},\"thumbnailUrl\":\"https:\/\/pagina10.com\/web\/wp-content\/uploads\/2015\/04\/b05470764b8a232808e357228e6a8827.jpg\",\"datePublished\":\"2015-04-14T20:41:22+00:00\",\"breadcrumb\":{\"@id\":\"https:\/\/pagina10.com\/web\/cuba-saldra-de-lista-de-paises-patrocinadores-del-terrorismo-confirmo-la-casa-blanca\/#breadcrumb\"},\"inLanguage\":\"es\",\"potentialAction\":[{\"@type\":\"ReadAction\",\"target\":[\"https:\/\/pagina10.com\/web\/cuba-saldra-de-lista-de-paises-patrocinadores-del-terrorismo-confirmo-la-casa-blanca\/\"]}]},{\"@type\":\"ImageObject\",\"inLanguage\":\"es\",\"@id\":\"https:\/\/pagina10.com\/web\/cuba-saldra-de-lista-de-paises-patrocinadores-del-terrorismo-confirmo-la-casa-blanca\/#primaryimage\",\"url\":\"https:\/\/pagina10.com\/web\/wp-content\/uploads\/2015\/04\/b05470764b8a232808e357228e6a8827.jpg\",\"contentUrl\":\"https:\/\/pagina10.com\/web\/wp-content\/uploads\/2015\/04\/b05470764b8a232808e357228e6a8827.jpg\",\"width\":644,\"height\":362},{\"@type\":\"BreadcrumbList\",\"@id\":\"https:\/\/pagina10.com\/web\/cuba-saldra-de-lista-de-paises-patrocinadores-del-terrorismo-confirmo-la-casa-blanca\/#breadcrumb\",\"itemListElement\":[{\"@type\":\"ListItem\",\"position\":1,\"name\":\"Portada\",\"item\":\"https:\/\/pagina10.com\/web\/\"},{\"@type\":\"ListItem\",\"position\":2,\"name\":\"Cuba saldr\u00e1 de lista de pa\u00edses patrocinadores del terrorismo confirm\u00f3 la Casa Blanca\"}]},{\"@type\":\"WebSite\",\"@id\":\"https:\/\/pagina10.com\/web\/#website\",\"url\":\"https:\/\/pagina10.com\/web\/\",\"name\":\"P\u00e1gina10\",\"description\":\"Peri\u00f3dico Regional\",\"publisher\":{\"@id\":\"https:\/\/pagina10.com\/web\/#organization\"},\"alternateName\":\"P\u00e1gina10 Peri\u00f3dico Regional\",\"potentialAction\":[{\"@type\":\"SearchAction\",\"target\":{\"@type\":\"EntryPoint\",\"urlTemplate\":\"https:\/\/pagina10.com\/web\/?s={search_term_string}\"},\"query-input\":{\"@type\":\"PropertyValueSpecification\",\"valueRequired\":true,\"valueName\":\"search_term_string\"}}],\"inLanguage\":\"es\"},{\"@type\":\"Organization\",\"@id\":\"https:\/\/pagina10.com\/web\/#organization\",\"name\":\"P\u00e1gina10\",\"alternateName\":\"P\u00e1gina10 Peri\u00f3dico Regional\",\"url\":\"https:\/\/pagina10.com\/web\/\",\"logo\":{\"@type\":\"ImageObject\",\"inLanguage\":\"es\",\"@id\":\"https:\/\/pagina10.com\/web\/#\/schema\/logo\/image\/\",\"url\":\"https:\/\/pagina10.com\/web\/wp-content\/uploads\/2024\/01\/40-pagina-10-periodico-regional-pasto.jpg\",\"contentUrl\":\"https:\/\/pagina10.com\/web\/wp-content\/uploads\/2024\/01\/40-pagina-10-periodico-regional-pasto.jpg\",\"width\":1280,\"height\":720,\"caption\":\"P\u00e1gina10\"},\"image\":{\"@id\":\"https:\/\/pagina10.com\/web\/#\/schema\/logo\/image\/\"},\"sameAs\":[\"https:\/\/www.facebook.com\/pag10com\",\"https:\/\/x.com\/Pag10com\",\"https:\/\/www.instagram.com\/pagina10col\/\",\"https:\/\/youtube.com\/channel\/pag10\",\"https:\/\/www.tiktok.com\/@p10col\"]},{\"@type\":\"Person\",\"@id\":\"https:\/\/pagina10.com\/web\/#\/schema\/person\/a7a5d38f0629dfc107f619fbae4f6cc3\",\"name\":\"P\u00e1gina 10\",\"description\":\"P\u00e1gina10.com es un peri\u00f3dico digital que nace en Colombia, en el departamento de Nari\u00f1o, con un enfoque global, fundamentado en cuatro pilares esenciales: la libertad, el pluralismo, la inclusi\u00f3n y la independencia. P\u00e1gina10.com hace referencia a Nari\u00f1o como el d\u00e9cimo departamento creado en Colombia, despu\u00e9s de un proceso pol\u00edtico liderado por actores y actrices regionales con el fin de obtener la independencia y autonom\u00eda de nuestros territorios. Con la creaci\u00f3n de P\u00e1gina10.com se pretende abrir un escenario para el dialogo, la reflexi\u00f3n y el debate que se extienda a otras geograf\u00edas de Am\u00e9rica Latina y del planeta, en una apuesta por transformar colectivamente los desaf\u00edos de un mundo contempor\u00e1neo, m\u00e1s all\u00e1 de las fronteras impuestas.\",\"url\":\"https:\/\/pagina10.com\/web\/author\/mcepeda\/\"}]}<\/script>\n<!-- \/ Yoast SEO plugin. -->","yoast_head_json":{"title":"Cuba saldr\u00e1 de lista de pa\u00edses patrocinadores del terrorismo confirm\u00f3 la Casa Blanca | P\u00e1gina10","robots":{"index":"index","follow":"follow","max-snippet":"max-snippet:-1","max-image-preview":"max-image-preview:large","max-video-preview":"max-video-preview:-1"},"canonical":"https:\/\/pagina10.com\/web\/cuba-saldra-de-lista-de-paises-patrocinadores-del-terrorismo-confirmo-la-casa-blanca\/","og_locale":"es_ES","og_type":"article","og_title":"Cuba saldr\u00e1 de lista de pa\u00edses patrocinadores del terrorismo confirm\u00f3 la Casa Blanca | P\u00e1gina10","og_description":"La Casa Blanca confirm\u00f3 este martes que retirar\u00e1 a Cuba de su lista de pa\u00edses patrocinadores del terrorismo, una de las principales trabas para que Washington y La Habana normalicen sus relaciones diplom\u00e1ticas tras m\u00e1s de cinco d\u00e9cadas. El gobierno de Estados Unidos anunci\u00f3 que enviar\u00e1 al Congreso el informe que certifica que Cuba no [&hellip;]","og_url":"https:\/\/pagina10.com\/web\/cuba-saldra-de-lista-de-paises-patrocinadores-del-terrorismo-confirmo-la-casa-blanca\/","og_site_name":"P\u00e1gina10","article_publisher":"https:\/\/www.facebook.com\/pag10com","article_published_time":"2015-04-14T20:41:22+00:00","og_image":[{"width":644,"height":362,"url":"https:\/\/pagina10.com\/web\/wp-content\/uploads\/2015\/04\/b05470764b8a232808e357228e6a8827.jpg","type":"image\/jpeg"}],"author":"P\u00e1gina 10","twitter_card":"summary_large_image","twitter_creator":"@Pag10com","twitter_site":"@Pag10com","twitter_misc":{"Escrito por":"P\u00e1gina 10","Tiempo de lectura":"2 minutos"},"schema":{"@context":"https:\/\/schema.org","@graph":[{"@type":"Article","@id":"https:\/\/pagina10.com\/web\/cuba-saldra-de-lista-de-paises-patrocinadores-del-terrorismo-confirmo-la-casa-blanca\/#article","isPartOf":{"@id":"https:\/\/pagina10.com\/web\/cuba-saldra-de-lista-de-paises-patrocinadores-del-terrorismo-confirmo-la-casa-blanca\/"},"author":{"name":"P\u00e1gina 10","@id":"https:\/\/pagina10.com\/web\/#\/schema\/person\/a7a5d38f0629dfc107f619fbae4f6cc3"},"headline":"Cuba saldr\u00e1 de lista de pa\u00edses patrocinadores del terrorismo confirm\u00f3 la Casa Blanca","datePublished":"2015-04-14T20:41:22+00:00","mainEntityOfPage":{"@id":"https:\/\/pagina10.com\/web\/cuba-saldra-de-lista-de-paises-patrocinadores-del-terrorismo-confirmo-la-casa-blanca\/"},"wordCount":472,"commentCount":0,"publisher":{"@id":"https:\/\/pagina10.com\/web\/#organization"},"image":{"@id":"https:\/\/pagina10.com\/web\/cuba-saldra-de-lista-de-paises-patrocinadores-del-terrorismo-confirmo-la-casa-blanca\/#primaryimage"},"thumbnailUrl":"https:\/\/pagina10.com\/web\/wp-content\/uploads\/2015\/04\/b05470764b8a232808e357228e6a8827.jpg","inLanguage":"es","potentialAction":[{"@type":"CommentAction","name":"Comment","target":["https:\/\/pagina10.com\/web\/cuba-saldra-de-lista-de-paises-patrocinadores-del-terrorismo-confirmo-la-casa-blanca\/#respond"]}]},{"@type":"WebPage","@id":"https:\/\/pagina10.com\/web\/cuba-saldra-de-lista-de-paises-patrocinadores-del-terrorismo-confirmo-la-casa-blanca\/","url":"https:\/\/pagina10.com\/web\/cuba-saldra-de-lista-de-paises-patrocinadores-del-terrorismo-confirmo-la-casa-blanca\/","name":"Cuba saldr\u00e1 de lista de pa\u00edses patrocinadores del terrorismo confirm\u00f3 la Casa Blanca | P\u00e1gina10","isPartOf":{"@id":"https:\/\/pagina10.com\/web\/#website"},"primaryImageOfPage":{"@id":"https:\/\/pagina10.com\/web\/cuba-saldra-de-lista-de-paises-patrocinadores-del-terrorismo-confirmo-la-casa-blanca\/#primaryimage"},"image":{"@id":"https:\/\/pagina10.com\/web\/cuba-saldra-de-lista-de-paises-patrocinadores-del-terrorismo-confirmo-la-casa-blanca\/#primaryimage"},"thumbnailUrl":"https:\/\/pagina10.com\/web\/wp-content\/uploads\/2015\/04\/b05470764b8a232808e357228e6a8827.jpg","datePublished":"2015-04-14T20:41:22+00:00","breadcrumb":{"@id":"https:\/\/pagina10.com\/web\/cuba-saldra-de-lista-de-paises-patrocinadores-del-terrorismo-confirmo-la-casa-blanca\/#breadcrumb"},"inLanguage":"es","potentialAction":[{"@type":"ReadAction","target":["https:\/\/pagina10.com\/web\/cuba-saldra-de-lista-de-paises-patrocinadores-del-terrorismo-confirmo-la-casa-blanca\/"]}]},{"@type":"ImageObject","inLanguage":"es","@id":"https:\/\/pagina10.com\/web\/cuba-saldra-de-lista-de-paises-patrocinadores-del-terrorismo-confirmo-la-casa-blanca\/#primaryimage","url":"https:\/\/pagina10.com\/web\/wp-content\/uploads\/2015\/04\/b05470764b8a232808e357228e6a8827.jpg","contentUrl":"https:\/\/pagina10.com\/web\/wp-content\/uploads\/2015\/04\/b05470764b8a232808e357228e6a8827.jpg","width":644,"height":362},{"@type":"BreadcrumbList","@id":"https:\/\/pagina10.com\/web\/cuba-saldra-de-lista-de-paises-patrocinadores-del-terrorismo-confirmo-la-casa-blanca\/#breadcrumb","itemListElement":[{"@type":"ListItem","position":1,"name":"Portada","item":"https:\/\/pagina10.com\/web\/"},{"@type":"ListItem","position":2,"name":"Cuba saldr\u00e1 de lista de pa\u00edses patrocinadores del terrorismo confirm\u00f3 la Casa Blanca"}]},{"@type":"WebSite","@id":"https:\/\/pagina10.com\/web\/#website","url":"https:\/\/pagina10.com\/web\/","name":"P\u00e1gina10","description":"Peri\u00f3dico Regional","publisher":{"@id":"https:\/\/pagina10.com\/web\/#organization"},"alternateName":"P\u00e1gina10 Peri\u00f3dico Regional","potentialAction":[{"@type":"SearchAction","target":{"@type":"EntryPoint","urlTemplate":"https:\/\/pagina10.com\/web\/?s={search_term_string}"},"query-input":{"@type":"PropertyValueSpecification","valueRequired":true,"valueName":"search_term_string"}}],"inLanguage":"es"},{"@type":"Organization","@id":"https:\/\/pagina10.com\/web\/#organization","name":"P\u00e1gina10","alternateName":"P\u00e1gina10 Peri\u00f3dico Regional","url":"https:\/\/pagina10.com\/web\/","logo":{"@type":"ImageObject","inLanguage":"es","@id":"https:\/\/pagina10.com\/web\/#\/schema\/logo\/image\/","url":"https:\/\/pagina10.com\/web\/wp-content\/uploads\/2024\/01\/40-pagina-10-periodico-regional-pasto.jpg","contentUrl":"https:\/\/pagina10.com\/web\/wp-content\/uploads\/2024\/01\/40-pagina-10-periodico-regional-pasto.jpg","width":1280,"height":720,"caption":"P\u00e1gina10"},"image":{"@id":"https:\/\/pagina10.com\/web\/#\/schema\/logo\/image\/"},"sameAs":["https:\/\/www.facebook.com\/pag10com","https:\/\/x.com\/Pag10com","https:\/\/www.instagram.com\/pagina10col\/","https:\/\/youtube.com\/channel\/pag10","https:\/\/www.tiktok.com\/@p10col"]},{"@type":"Person","@id":"https:\/\/pagina10.com\/web\/#\/schema\/person\/a7a5d38f0629dfc107f619fbae4f6cc3","name":"P\u00e1gina 10","description":"P\u00e1gina10.com es un peri\u00f3dico digital que nace en Colombia, en el departamento de Nari\u00f1o, con un enfoque global, fundamentado en cuatro pilares esenciales: la libertad, el pluralismo, la inclusi\u00f3n y la independencia. P\u00e1gina10.com hace referencia a Nari\u00f1o como el d\u00e9cimo departamento creado en Colombia, despu\u00e9s de un proceso pol\u00edtico liderado por actores y actrices regionales con el fin de obtener la independencia y autonom\u00eda de nuestros territorios. Con la creaci\u00f3n de P\u00e1gina10.com se pretende abrir un escenario para el dialogo, la reflexi\u00f3n y el debate que se extienda a otras geograf\u00edas de Am\u00e9rica Latina y del planeta, en una apuesta por transformar colectivamente los desaf\u00edos de un mundo contempor\u00e1neo, m\u00e1s all\u00e1 de las fronteras impuestas.","url":"https:\/\/pagina10.com\/web\/author\/mcepeda\/"}]}},"_links":{"self":[{"href":"https:\/\/pagina10.com\/web\/wp-json\/wp\/v2\/posts\/15607","targetHints":{"allow":["GET"]}}],"collection":[{"href":"https:\/\/pagina10.com\/web\/wp-json\/wp\/v2\/posts"}],"about":[{"href":"https:\/\/pagina10.com\/web\/wp-json\/wp\/v2\/types\/post"}],"author":[{"embeddable":true,"href":"https:\/\/pagina10.com\/web\/wp-json\/wp\/v2\/users\/29"}],"replies":[{"embeddable":true,"href":"https:\/\/pagina10.com\/web\/wp-json\/wp\/v2\/comments?post=15607"}],"version-history":[{"count":0,"href":"https:\/\/pagina10.com\/web\/wp-json\/wp\/v2\/posts\/15607\/revisions"}],"wp:featuredmedia":[{"embeddable":true,"href":"https:\/\/pagina10.com\/web\/wp-json\/wp\/v2\/media\/15606"}],"wp:attachment":[{"href":"https:\/\/pagina10.com\/web\/wp-json\/wp\/v2\/media?parent=15607"}],"wp:term":[{"taxonomy":"category","embeddable":true,"href":"https:\/\/pagina10.com\/web\/wp-json\/wp\/v2\/categories?post=15607"},{"taxonomy":"post_tag","embeddable":true,"href":"https:\/\/pagina10.com\/web\/wp-json\/wp\/v2\/tags?post=15607"}],"curies":[{"name":"wp","href":"https:\/\/api.w.org\/{rel}","templated":true}]}}