{"id":16374,"date":"2015-06-10T14:22:15","date_gmt":"2015-06-10T14:22:15","guid":{"rendered":"https:\/\/pagina10.com\/web\/corponarino-evaluo-proyecto-piscicola-en-la-laguna-de-la-bolsa\/"},"modified":"2015-06-10T14:22:15","modified_gmt":"2015-06-10T14:22:15","slug":"corponarino-evaluo-proyecto-piscicola-en-la-laguna-de-la-bolsa","status":"publish","type":"post","link":"https:\/\/pagina10.com\/web\/corponarino-evaluo-proyecto-piscicola-en-la-laguna-de-la-bolsa\/","title":{"rendered":"Corponari\u00f1o evalu\u00f3 proyecto pisc\u00edcola en La Laguna de la Bolsa"},"content":{"rendered":"<p><img fetchpriority=\"high\" decoding=\"async\" class=\" size-full wp-image-16373\" src=\"https:\/\/pagina10.com\/web\/wp-content\/uploads\/2015\/06\/6195ec69b36dbd675ce4352a3c116848.jpg\" alt=\"\" width=\"559\" height=\"382\" srcset=\"https:\/\/pagina10.com\/web\/wp-content\/uploads\/2015\/06\/6195ec69b36dbd675ce4352a3c116848.jpg 559w, https:\/\/pagina10.com\/web\/wp-content\/uploads\/2015\/06\/6195ec69b36dbd675ce4352a3c116848-300x205.jpg 300w\" sizes=\"(max-width: 559px) 100vw, 559px\" \/><\/p>\n<p style=\"text-align: justify;\">Ante la preocupaci\u00f3n de Corponari\u00f1o y la comunidad&nbsp;aleda\u00f1a a la laguna de La Bolsa, por la fragilidad de este humedal por encontrarse en una altitud superior&nbsp;a los tres mil metros y por la alta intervenci\u00f3n antr\u00f3pica en su \u00e1rea de influencia directa, en especial la&nbsp;actividad agr\u00edcola y pecuaria y su incidencia sobre el recurso h\u00eddrico, se realiz\u00f3 una reuni\u00f3n&nbsp;interinstitucional con el objeto de revisar la viabilidad del proyecto denominado &#8220;Fortalecimiento del&nbsp;sistema productivo de la trucha en el resguardo ind\u00edgena de Cumbal y Muellamu\u00e9s- Laguna de la Bolsa&#8221;.<\/p>\n<p style=\"text-align: justify;\">La reuni\u00f3n cont\u00f3 con la participaci\u00f3n de delegados de la Gobernaci\u00f3n de Nari\u00f1o, representantes de los&nbsp;alcaldes de Guachucal y Cumbal, gobernador de los resguardos ind\u00edgenas de Guachucal y Muellamu\u00e9s y&nbsp;la Autoridad Nacional de Acuicultura y Pesca- AUNAP y Corponari\u00f1o.<\/p>\n<p style=\"text-align: justify;\">Una de las conclusiones del evento, fue la necesidad de realizar una revisi\u00f3n documental de los permisos&nbsp;de ocupaci\u00f3n de cauce existentes en la laguna de La Bolsa, municipio de Cumbal y la visita conjunta con&nbsp;las entidades competentes, a los proyectos pisc\u00edcolas existentes en este cuerpo de agua.<\/p>\n<p style=\"text-align: justify;\">De acuerdo a los resultados de la visita interinstitucional, la Corporaci\u00f3n determinar\u00e1 la viabilidad del&nbsp;proyecto pisc\u00edcola en este importante ecosistema del sur del departamento, ubicado en la falda del volc\u00e1n&nbsp;Cumbal a 3.600 metros sobre el nivel del mar, a una distancia aproximada de 10 kil\u00f3metros del casco&nbsp;urbano del municipio de Cumbal.<\/p>\n","protected":false},"excerpt":{"rendered":"<p>Ante la preocupaci\u00f3n de Corponari\u00f1o y la comunidad&nbsp;aleda\u00f1a a la laguna de La Bolsa, por la fragilidad de este humedal por encontrarse en una altitud superior&nbsp;a los tres mil metros y por la alta intervenci\u00f3n antr\u00f3pica en su \u00e1rea de influencia directa, en especial la&nbsp;actividad agr\u00edcola y pecuaria y su incidencia sobre el recurso h\u00eddrico, [&hellip;]<\/p>\n","protected":false},"author":29,"featured_media":16373,"comment_status":"open","ping_status":"open","sticky":false,"template":"","format":"standard","meta":{"footnotes":""},"categories":[1],"tags":[],"class_list":["post-16374","post","type-post","status-publish","format-standard","has-post-thumbnail","hentry","category-sin-categoria"],"yoast_head":"<!-- This site is optimized with the Yoast SEO plugin v27.1.1 - https:\/\/yoast.com\/product\/yoast-seo-wordpress\/ -->\n<title>Corponari\u00f1o evalu\u00f3 proyecto pisc\u00edcola en La Laguna de la Bolsa | P\u00e1gina10<\/title>\n<meta name=\"robots\" content=\"index, follow, max-snippet:-1, max-image-preview:large, max-video-preview:-1\" \/>\n<link rel=\"canonical\" href=\"https:\/\/pagina10.com\/web\/corponarino-evaluo-proyecto-piscicola-en-la-laguna-de-la-bolsa\/\" \/>\n<meta property=\"og:locale\" content=\"es_ES\" \/>\n<meta property=\"og:type\" content=\"article\" \/>\n<meta property=\"og:title\" content=\"Corponari\u00f1o evalu\u00f3 proyecto pisc\u00edcola en La Laguna de la Bolsa | P\u00e1gina10\" \/>\n<meta property=\"og:description\" content=\"Ante la preocupaci\u00f3n de Corponari\u00f1o y la comunidad&nbsp;aleda\u00f1a a la laguna de La Bolsa, por la fragilidad de este humedal por encontrarse en una altitud superior&nbsp;a los tres mil metros y por la alta intervenci\u00f3n antr\u00f3pica en su \u00e1rea de influencia directa, en especial la&nbsp;actividad agr\u00edcola y pecuaria y su incidencia sobre el recurso h\u00eddrico, [&hellip;]\" \/>\n<meta property=\"og:url\" content=\"https:\/\/pagina10.com\/web\/corponarino-evaluo-proyecto-piscicola-en-la-laguna-de-la-bolsa\/\" \/>\n<meta property=\"og:site_name\" content=\"P\u00e1gina10\" \/>\n<meta property=\"article:publisher\" content=\"https:\/\/www.facebook.com\/pag10com\" \/>\n<meta property=\"article:published_time\" content=\"2015-06-10T14:22:15+00:00\" \/>\n<meta property=\"og:image\" content=\"https:\/\/pagina10.com\/web\/wp-content\/uploads\/2015\/06\/6195ec69b36dbd675ce4352a3c116848.jpg\" \/>\n\t<meta property=\"og:image:width\" content=\"559\" \/>\n\t<meta property=\"og:image:height\" content=\"382\" \/>\n\t<meta property=\"og:image:type\" content=\"image\/jpeg\" \/>\n<meta name=\"author\" content=\"P\u00e1gina 10\" \/>\n<meta name=\"twitter:card\" content=\"summary_large_image\" \/>\n<meta name=\"twitter:creator\" content=\"@Pag10com\" \/>\n<meta name=\"twitter:site\" content=\"@Pag10com\" \/>\n<meta name=\"twitter:label1\" content=\"Escrito por\" \/>\n\t<meta name=\"twitter:data1\" content=\"P\u00e1gina 10\" \/>\n\t<meta name=\"twitter:label2\" content=\"Tiempo de lectura\" \/>\n\t<meta name=\"twitter:data2\" content=\"1 minuto\" \/>\n<script type=\"application\/ld+json\" class=\"yoast-schema-graph\">{\"@context\":\"https:\/\/schema.org\",\"@graph\":[{\"@type\":\"Article\",\"@id\":\"https:\/\/pagina10.com\/web\/corponarino-evaluo-proyecto-piscicola-en-la-laguna-de-la-bolsa\/#article\",\"isPartOf\":{\"@id\":\"https:\/\/pagina10.com\/web\/corponarino-evaluo-proyecto-piscicola-en-la-laguna-de-la-bolsa\/\"},\"author\":{\"name\":\"P\u00e1gina 10\",\"@id\":\"https:\/\/pagina10.com\/web\/#\/schema\/person\/a7a5d38f0629dfc107f619fbae4f6cc3\"},\"headline\":\"Corponari\u00f1o evalu\u00f3 proyecto pisc\u00edcola en La Laguna de la Bolsa\",\"datePublished\":\"2015-06-10T14:22:15+00:00\",\"mainEntityOfPage\":{\"@id\":\"https:\/\/pagina10.com\/web\/corponarino-evaluo-proyecto-piscicola-en-la-laguna-de-la-bolsa\/\"},\"wordCount\":282,\"commentCount\":0,\"publisher\":{\"@id\":\"https:\/\/pagina10.com\/web\/#organization\"},\"image\":{\"@id\":\"https:\/\/pagina10.com\/web\/corponarino-evaluo-proyecto-piscicola-en-la-laguna-de-la-bolsa\/#primaryimage\"},\"thumbnailUrl\":\"https:\/\/pagina10.com\/web\/wp-content\/uploads\/2015\/06\/6195ec69b36dbd675ce4352a3c116848.jpg\",\"inLanguage\":\"es\",\"potentialAction\":[{\"@type\":\"CommentAction\",\"name\":\"Comment\",\"target\":[\"https:\/\/pagina10.com\/web\/corponarino-evaluo-proyecto-piscicola-en-la-laguna-de-la-bolsa\/#respond\"]}]},{\"@type\":\"WebPage\",\"@id\":\"https:\/\/pagina10.com\/web\/corponarino-evaluo-proyecto-piscicola-en-la-laguna-de-la-bolsa\/\",\"url\":\"https:\/\/pagina10.com\/web\/corponarino-evaluo-proyecto-piscicola-en-la-laguna-de-la-bolsa\/\",\"name\":\"Corponari\u00f1o evalu\u00f3 proyecto pisc\u00edcola en La Laguna de la Bolsa | P\u00e1gina10\",\"isPartOf\":{\"@id\":\"https:\/\/pagina10.com\/web\/#website\"},\"primaryImageOfPage\":{\"@id\":\"https:\/\/pagina10.com\/web\/corponarino-evaluo-proyecto-piscicola-en-la-laguna-de-la-bolsa\/#primaryimage\"},\"image\":{\"@id\":\"https:\/\/pagina10.com\/web\/corponarino-evaluo-proyecto-piscicola-en-la-laguna-de-la-bolsa\/#primaryimage\"},\"thumbnailUrl\":\"https:\/\/pagina10.com\/web\/wp-content\/uploads\/2015\/06\/6195ec69b36dbd675ce4352a3c116848.jpg\",\"datePublished\":\"2015-06-10T14:22:15+00:00\",\"breadcrumb\":{\"@id\":\"https:\/\/pagina10.com\/web\/corponarino-evaluo-proyecto-piscicola-en-la-laguna-de-la-bolsa\/#breadcrumb\"},\"inLanguage\":\"es\",\"potentialAction\":[{\"@type\":\"ReadAction\",\"target\":[\"https:\/\/pagina10.com\/web\/corponarino-evaluo-proyecto-piscicola-en-la-laguna-de-la-bolsa\/\"]}]},{\"@type\":\"ImageObject\",\"inLanguage\":\"es\",\"@id\":\"https:\/\/pagina10.com\/web\/corponarino-evaluo-proyecto-piscicola-en-la-laguna-de-la-bolsa\/#primaryimage\",\"url\":\"https:\/\/pagina10.com\/web\/wp-content\/uploads\/2015\/06\/6195ec69b36dbd675ce4352a3c116848.jpg\",\"contentUrl\":\"https:\/\/pagina10.com\/web\/wp-content\/uploads\/2015\/06\/6195ec69b36dbd675ce4352a3c116848.jpg\",\"width\":559,\"height\":382},{\"@type\":\"BreadcrumbList\",\"@id\":\"https:\/\/pagina10.com\/web\/corponarino-evaluo-proyecto-piscicola-en-la-laguna-de-la-bolsa\/#breadcrumb\",\"itemListElement\":[{\"@type\":\"ListItem\",\"position\":1,\"name\":\"Portada\",\"item\":\"https:\/\/pagina10.com\/web\/\"},{\"@type\":\"ListItem\",\"position\":2,\"name\":\"Corponari\u00f1o evalu\u00f3 proyecto pisc\u00edcola en La Laguna de la Bolsa\"}]},{\"@type\":\"WebSite\",\"@id\":\"https:\/\/pagina10.com\/web\/#website\",\"url\":\"https:\/\/pagina10.com\/web\/\",\"name\":\"P\u00e1gina10\",\"description\":\"Peri\u00f3dico Regional\",\"publisher\":{\"@id\":\"https:\/\/pagina10.com\/web\/#organization\"},\"alternateName\":\"P\u00e1gina10 Peri\u00f3dico Regional\",\"potentialAction\":[{\"@type\":\"SearchAction\",\"target\":{\"@type\":\"EntryPoint\",\"urlTemplate\":\"https:\/\/pagina10.com\/web\/?s={search_term_string}\"},\"query-input\":{\"@type\":\"PropertyValueSpecification\",\"valueRequired\":true,\"valueName\":\"search_term_string\"}}],\"inLanguage\":\"es\"},{\"@type\":\"Organization\",\"@id\":\"https:\/\/pagina10.com\/web\/#organization\",\"name\":\"P\u00e1gina10\",\"alternateName\":\"P\u00e1gina10 Peri\u00f3dico Regional\",\"url\":\"https:\/\/pagina10.com\/web\/\",\"logo\":{\"@type\":\"ImageObject\",\"inLanguage\":\"es\",\"@id\":\"https:\/\/pagina10.com\/web\/#\/schema\/logo\/image\/\",\"url\":\"https:\/\/pagina10.com\/web\/wp-content\/uploads\/2024\/01\/40-pagina-10-periodico-regional-pasto.jpg\",\"contentUrl\":\"https:\/\/pagina10.com\/web\/wp-content\/uploads\/2024\/01\/40-pagina-10-periodico-regional-pasto.jpg\",\"width\":1280,\"height\":720,\"caption\":\"P\u00e1gina10\"},\"image\":{\"@id\":\"https:\/\/pagina10.com\/web\/#\/schema\/logo\/image\/\"},\"sameAs\":[\"https:\/\/www.facebook.com\/pag10com\",\"https:\/\/x.com\/Pag10com\",\"https:\/\/www.instagram.com\/pagina10col\/\",\"https:\/\/youtube.com\/channel\/pag10\",\"https:\/\/www.tiktok.com\/@p10col\"]},{\"@type\":\"Person\",\"@id\":\"https:\/\/pagina10.com\/web\/#\/schema\/person\/a7a5d38f0629dfc107f619fbae4f6cc3\",\"name\":\"P\u00e1gina 10\",\"description\":\"P\u00e1gina10.com es un peri\u00f3dico digital que nace en Colombia, en el departamento de Nari\u00f1o, con un enfoque global, fundamentado en cuatro pilares esenciales: la libertad, el pluralismo, la inclusi\u00f3n y la independencia. P\u00e1gina10.com hace referencia a Nari\u00f1o como el d\u00e9cimo departamento creado en Colombia, despu\u00e9s de un proceso pol\u00edtico liderado por actores y actrices regionales con el fin de obtener la independencia y autonom\u00eda de nuestros territorios. Con la creaci\u00f3n de P\u00e1gina10.com se pretende abrir un escenario para el dialogo, la reflexi\u00f3n y el debate que se extienda a otras geograf\u00edas de Am\u00e9rica Latina y del planeta, en una apuesta por transformar colectivamente los desaf\u00edos de un mundo contempor\u00e1neo, m\u00e1s all\u00e1 de las fronteras impuestas.\",\"url\":\"https:\/\/pagina10.com\/web\/author\/mcepeda\/\"}]}<\/script>\n<!-- \/ Yoast SEO plugin. -->","yoast_head_json":{"title":"Corponari\u00f1o evalu\u00f3 proyecto pisc\u00edcola en La Laguna de la Bolsa | P\u00e1gina10","robots":{"index":"index","follow":"follow","max-snippet":"max-snippet:-1","max-image-preview":"max-image-preview:large","max-video-preview":"max-video-preview:-1"},"canonical":"https:\/\/pagina10.com\/web\/corponarino-evaluo-proyecto-piscicola-en-la-laguna-de-la-bolsa\/","og_locale":"es_ES","og_type":"article","og_title":"Corponari\u00f1o evalu\u00f3 proyecto pisc\u00edcola en La Laguna de la Bolsa | P\u00e1gina10","og_description":"Ante la preocupaci\u00f3n de Corponari\u00f1o y la comunidad&nbsp;aleda\u00f1a a la laguna de La Bolsa, por la fragilidad de este humedal por encontrarse en una altitud superior&nbsp;a los tres mil metros y por la alta intervenci\u00f3n antr\u00f3pica en su \u00e1rea de influencia directa, en especial la&nbsp;actividad agr\u00edcola y pecuaria y su incidencia sobre el recurso h\u00eddrico, [&hellip;]","og_url":"https:\/\/pagina10.com\/web\/corponarino-evaluo-proyecto-piscicola-en-la-laguna-de-la-bolsa\/","og_site_name":"P\u00e1gina10","article_publisher":"https:\/\/www.facebook.com\/pag10com","article_published_time":"2015-06-10T14:22:15+00:00","og_image":[{"width":559,"height":382,"url":"https:\/\/pagina10.com\/web\/wp-content\/uploads\/2015\/06\/6195ec69b36dbd675ce4352a3c116848.jpg","type":"image\/jpeg"}],"author":"P\u00e1gina 10","twitter_card":"summary_large_image","twitter_creator":"@Pag10com","twitter_site":"@Pag10com","twitter_misc":{"Escrito por":"P\u00e1gina 10","Tiempo de lectura":"1 minuto"},"schema":{"@context":"https:\/\/schema.org","@graph":[{"@type":"Article","@id":"https:\/\/pagina10.com\/web\/corponarino-evaluo-proyecto-piscicola-en-la-laguna-de-la-bolsa\/#article","isPartOf":{"@id":"https:\/\/pagina10.com\/web\/corponarino-evaluo-proyecto-piscicola-en-la-laguna-de-la-bolsa\/"},"author":{"name":"P\u00e1gina 10","@id":"https:\/\/pagina10.com\/web\/#\/schema\/person\/a7a5d38f0629dfc107f619fbae4f6cc3"},"headline":"Corponari\u00f1o evalu\u00f3 proyecto pisc\u00edcola en La Laguna de la Bolsa","datePublished":"2015-06-10T14:22:15+00:00","mainEntityOfPage":{"@id":"https:\/\/pagina10.com\/web\/corponarino-evaluo-proyecto-piscicola-en-la-laguna-de-la-bolsa\/"},"wordCount":282,"commentCount":0,"publisher":{"@id":"https:\/\/pagina10.com\/web\/#organization"},"image":{"@id":"https:\/\/pagina10.com\/web\/corponarino-evaluo-proyecto-piscicola-en-la-laguna-de-la-bolsa\/#primaryimage"},"thumbnailUrl":"https:\/\/pagina10.com\/web\/wp-content\/uploads\/2015\/06\/6195ec69b36dbd675ce4352a3c116848.jpg","inLanguage":"es","potentialAction":[{"@type":"CommentAction","name":"Comment","target":["https:\/\/pagina10.com\/web\/corponarino-evaluo-proyecto-piscicola-en-la-laguna-de-la-bolsa\/#respond"]}]},{"@type":"WebPage","@id":"https:\/\/pagina10.com\/web\/corponarino-evaluo-proyecto-piscicola-en-la-laguna-de-la-bolsa\/","url":"https:\/\/pagina10.com\/web\/corponarino-evaluo-proyecto-piscicola-en-la-laguna-de-la-bolsa\/","name":"Corponari\u00f1o evalu\u00f3 proyecto pisc\u00edcola en La Laguna de la Bolsa | P\u00e1gina10","isPartOf":{"@id":"https:\/\/pagina10.com\/web\/#website"},"primaryImageOfPage":{"@id":"https:\/\/pagina10.com\/web\/corponarino-evaluo-proyecto-piscicola-en-la-laguna-de-la-bolsa\/#primaryimage"},"image":{"@id":"https:\/\/pagina10.com\/web\/corponarino-evaluo-proyecto-piscicola-en-la-laguna-de-la-bolsa\/#primaryimage"},"thumbnailUrl":"https:\/\/pagina10.com\/web\/wp-content\/uploads\/2015\/06\/6195ec69b36dbd675ce4352a3c116848.jpg","datePublished":"2015-06-10T14:22:15+00:00","breadcrumb":{"@id":"https:\/\/pagina10.com\/web\/corponarino-evaluo-proyecto-piscicola-en-la-laguna-de-la-bolsa\/#breadcrumb"},"inLanguage":"es","potentialAction":[{"@type":"ReadAction","target":["https:\/\/pagina10.com\/web\/corponarino-evaluo-proyecto-piscicola-en-la-laguna-de-la-bolsa\/"]}]},{"@type":"ImageObject","inLanguage":"es","@id":"https:\/\/pagina10.com\/web\/corponarino-evaluo-proyecto-piscicola-en-la-laguna-de-la-bolsa\/#primaryimage","url":"https:\/\/pagina10.com\/web\/wp-content\/uploads\/2015\/06\/6195ec69b36dbd675ce4352a3c116848.jpg","contentUrl":"https:\/\/pagina10.com\/web\/wp-content\/uploads\/2015\/06\/6195ec69b36dbd675ce4352a3c116848.jpg","width":559,"height":382},{"@type":"BreadcrumbList","@id":"https:\/\/pagina10.com\/web\/corponarino-evaluo-proyecto-piscicola-en-la-laguna-de-la-bolsa\/#breadcrumb","itemListElement":[{"@type":"ListItem","position":1,"name":"Portada","item":"https:\/\/pagina10.com\/web\/"},{"@type":"ListItem","position":2,"name":"Corponari\u00f1o evalu\u00f3 proyecto pisc\u00edcola en La Laguna de la Bolsa"}]},{"@type":"WebSite","@id":"https:\/\/pagina10.com\/web\/#website","url":"https:\/\/pagina10.com\/web\/","name":"P\u00e1gina10","description":"Peri\u00f3dico Regional","publisher":{"@id":"https:\/\/pagina10.com\/web\/#organization"},"alternateName":"P\u00e1gina10 Peri\u00f3dico Regional","potentialAction":[{"@type":"SearchAction","target":{"@type":"EntryPoint","urlTemplate":"https:\/\/pagina10.com\/web\/?s={search_term_string}"},"query-input":{"@type":"PropertyValueSpecification","valueRequired":true,"valueName":"search_term_string"}}],"inLanguage":"es"},{"@type":"Organization","@id":"https:\/\/pagina10.com\/web\/#organization","name":"P\u00e1gina10","alternateName":"P\u00e1gina10 Peri\u00f3dico Regional","url":"https:\/\/pagina10.com\/web\/","logo":{"@type":"ImageObject","inLanguage":"es","@id":"https:\/\/pagina10.com\/web\/#\/schema\/logo\/image\/","url":"https:\/\/pagina10.com\/web\/wp-content\/uploads\/2024\/01\/40-pagina-10-periodico-regional-pasto.jpg","contentUrl":"https:\/\/pagina10.com\/web\/wp-content\/uploads\/2024\/01\/40-pagina-10-periodico-regional-pasto.jpg","width":1280,"height":720,"caption":"P\u00e1gina10"},"image":{"@id":"https:\/\/pagina10.com\/web\/#\/schema\/logo\/image\/"},"sameAs":["https:\/\/www.facebook.com\/pag10com","https:\/\/x.com\/Pag10com","https:\/\/www.instagram.com\/pagina10col\/","https:\/\/youtube.com\/channel\/pag10","https:\/\/www.tiktok.com\/@p10col"]},{"@type":"Person","@id":"https:\/\/pagina10.com\/web\/#\/schema\/person\/a7a5d38f0629dfc107f619fbae4f6cc3","name":"P\u00e1gina 10","description":"P\u00e1gina10.com es un peri\u00f3dico digital que nace en Colombia, en el departamento de Nari\u00f1o, con un enfoque global, fundamentado en cuatro pilares esenciales: la libertad, el pluralismo, la inclusi\u00f3n y la independencia. P\u00e1gina10.com hace referencia a Nari\u00f1o como el d\u00e9cimo departamento creado en Colombia, despu\u00e9s de un proceso pol\u00edtico liderado por actores y actrices regionales con el fin de obtener la independencia y autonom\u00eda de nuestros territorios. Con la creaci\u00f3n de P\u00e1gina10.com se pretende abrir un escenario para el dialogo, la reflexi\u00f3n y el debate que se extienda a otras geograf\u00edas de Am\u00e9rica Latina y del planeta, en una apuesta por transformar colectivamente los desaf\u00edos de un mundo contempor\u00e1neo, m\u00e1s all\u00e1 de las fronteras impuestas.","url":"https:\/\/pagina10.com\/web\/author\/mcepeda\/"}]}},"_links":{"self":[{"href":"https:\/\/pagina10.com\/web\/wp-json\/wp\/v2\/posts\/16374","targetHints":{"allow":["GET"]}}],"collection":[{"href":"https:\/\/pagina10.com\/web\/wp-json\/wp\/v2\/posts"}],"about":[{"href":"https:\/\/pagina10.com\/web\/wp-json\/wp\/v2\/types\/post"}],"author":[{"embeddable":true,"href":"https:\/\/pagina10.com\/web\/wp-json\/wp\/v2\/users\/29"}],"replies":[{"embeddable":true,"href":"https:\/\/pagina10.com\/web\/wp-json\/wp\/v2\/comments?post=16374"}],"version-history":[{"count":0,"href":"https:\/\/pagina10.com\/web\/wp-json\/wp\/v2\/posts\/16374\/revisions"}],"wp:featuredmedia":[{"embeddable":true,"href":"https:\/\/pagina10.com\/web\/wp-json\/wp\/v2\/media\/16373"}],"wp:attachment":[{"href":"https:\/\/pagina10.com\/web\/wp-json\/wp\/v2\/media?parent=16374"}],"wp:term":[{"taxonomy":"category","embeddable":true,"href":"https:\/\/pagina10.com\/web\/wp-json\/wp\/v2\/categories?post=16374"},{"taxonomy":"post_tag","embeddable":true,"href":"https:\/\/pagina10.com\/web\/wp-json\/wp\/v2\/tags?post=16374"}],"curies":[{"name":"wp","href":"https:\/\/api.w.org\/{rel}","templated":true}]}}