{"id":16376,"date":"2015-06-10T14:23:14","date_gmt":"2015-06-10T14:23:14","guid":{"rendered":"https:\/\/pagina10.com\/web\/se-fortalece-la-produccion-del-mejor-cafe-de-colombia\/"},"modified":"2015-06-10T14:23:14","modified_gmt":"2015-06-10T14:23:14","slug":"se-fortalece-la-produccion-del-mejor-cafe-de-colombia","status":"publish","type":"post","link":"https:\/\/pagina10.com\/web\/se-fortalece-la-produccion-del-mejor-cafe-de-colombia\/","title":{"rendered":"Se fortalece la producci\u00f3n del mejor caf\u00e9 de Colombia"},"content":{"rendered":"<p><img fetchpriority=\"high\" decoding=\"async\" class=\" size-full wp-image-16375\" src=\"https:\/\/pagina10.com\/web\/wp-content\/uploads\/2015\/06\/6377d81da4401ed5b26088768704a622.jpg\" alt=\"\" width=\"960\" height=\"640\" srcset=\"https:\/\/pagina10.com\/web\/wp-content\/uploads\/2015\/06\/6377d81da4401ed5b26088768704a622.jpg 960w, https:\/\/pagina10.com\/web\/wp-content\/uploads\/2015\/06\/6377d81da4401ed5b26088768704a622-300x200.jpg 300w, https:\/\/pagina10.com\/web\/wp-content\/uploads\/2015\/06\/6377d81da4401ed5b26088768704a622-768x512.jpg 768w, https:\/\/pagina10.com\/web\/wp-content\/uploads\/2015\/06\/6377d81da4401ed5b26088768704a622-450x300.jpg 450w\" sizes=\"(max-width: 960px) 100vw, 960px\" \/><\/p>\n<div style=\"text-align: justify;\"><a href=\"http:\/\/www.narino.gov.co\/index.php\/prensa\/5989-con-cerca-de-8-mil-familias-beneficiarias-y-una-inversion-superior-a-los-13-mil-millones-de-pesos-gobernacion-de-narino-cofinancia-proyecto-de-fortalecimiento-de-la-cadena-de-valor-del-cafe-de-alta-calidad\">Con cerca de 8 mil familias beneficiarias y una inversi\u00f3n superior a los $13 mil millones de pesos, Gobernaci\u00f3n de Nari\u00f1o cofinancia proyecto de fortalecimiento de la cadena de valor del Caf\u00e9 de Alta Calidad.<\/a><\/div>\n<p style=\"text-align: justify;\">&nbsp;La Gobernaci\u00f3n de Nari\u00f1o, la Federaci\u00f3n Nacional de Cafeteros-Comit\u00e9 Departamental de Cafeteros de Nari\u00f1o y&nbsp;&nbsp;la Organizaci\u00f3n Extranjera No Gubernamental Catholic Relief Services, CRS, firmaron ayer convenio por un valor superior a los $13.500 millones de pesos para el fortalecimiento de la cadena de valor del Caf\u00e9 de Alta Calidad de Nari\u00f1o, de los cuales la Gobernaci\u00f3n de Nari\u00f1o aporta m\u00e1s de $13.000 millones provenientes del Sistema General de Regal\u00edas.<\/p>\n<p style=\"text-align: justify;\">&nbsp;Este proyecto se implementar\u00e1 en 24 municipios nari\u00f1enses en la b\u00fasqueda de beneficiar a&nbsp;&nbsp;&nbsp;7.734 familias, encaminando acciones para el fortalecimiento de cada uno de los eslabones que componen la cadena del caf\u00e9, desde la producci\u00f3n primaria hasta la comercializaci\u00f3n, realizando asimismo acciones e inversiones para el mejoramiento de la infraestructura en la transformaci\u00f3n del caf\u00e9 cereza a Caf\u00e9 pergamino Seco.<\/p>\n<p style=\"text-align: justify;\">&nbsp;El Director Ejecutivo del Comit\u00e9 Departamental de Cafeteros de Nari\u00f1o Hernando Delgado&nbsp;&nbsp;&nbsp;G\u00f3mez reconoci\u00f3 el apoyo de la Gobernaci\u00f3n de Nari\u00f1o al fortalecimiento de las diferentes cadenas productivas&nbsp;&nbsp;en aras de mejorar la econom\u00eda y calidad de vida de familias campesinas y en este caso, de los cafeteros nari\u00f1enses.<\/p>\n<p style=\"text-align: justify;\">&nbsp;Este convenio potenciar\u00e1 la asociatividad, la organizaci\u00f3n comunitaria y el mercadeo del caf\u00e9 especial de Nari\u00f1o, teniendo en cuenta requerimientos puntuales de los clientes como el volumen, las calidad y certificaci\u00f3n, aumentando de esta manera las estrategias de comercializaci\u00f3n y por ende los ingresos de los caficultores.<\/p>\n<p style=\"text-align: justify;\">&nbsp;Dentro del tema social se contempla entre sus componentes la diminuci\u00f3n de los niveles de migraci\u00f3n de los j\u00f3venes a las ciudades, para&nbsp;&nbsp;contribuir a la renovaci\u00f3n generacional del sector, considerando una educaci\u00f3n pertinente con vocaci\u00f3n de territorio.<\/p>\n<p style=\"text-align: justify;\">&nbsp;Finalmente, en&nbsp;&nbsp;el fortalecimiento de los procesos de producci\u00f3n de caf\u00e9 ser\u00e1n priorizados&nbsp;&nbsp;peque\u00f1os productores para la&nbsp;renovaci\u00f3n y sostenimiento&nbsp;<\/p>\n","protected":false},"excerpt":{"rendered":"<p>Con cerca de 8 mil familias beneficiarias y una inversi\u00f3n superior a los $13 mil millones de pesos, Gobernaci\u00f3n de Nari\u00f1o cofinancia proyecto de fortalecimiento de la cadena de valor del Caf\u00e9 de Alta Calidad. &nbsp;La Gobernaci\u00f3n de Nari\u00f1o, la Federaci\u00f3n Nacional de Cafeteros-Comit\u00e9 Departamental de Cafeteros de Nari\u00f1o y&nbsp;&nbsp;la Organizaci\u00f3n Extranjera No Gubernamental Catholic [&hellip;]<\/p>\n","protected":false},"author":29,"featured_media":16375,"comment_status":"open","ping_status":"open","sticky":false,"template":"","format":"standard","meta":{"footnotes":""},"categories":[1],"tags":[],"class_list":["post-16376","post","type-post","status-publish","format-standard","has-post-thumbnail","hentry","category-sin-categoria"],"yoast_head":"<!-- This site is optimized with the Yoast SEO plugin v27.1.1 - https:\/\/yoast.com\/product\/yoast-seo-wordpress\/ -->\n<title>Se fortalece la producci\u00f3n del mejor caf\u00e9 de Colombia | P\u00e1gina10<\/title>\n<meta name=\"robots\" content=\"index, follow, max-snippet:-1, max-image-preview:large, max-video-preview:-1\" \/>\n<link rel=\"canonical\" href=\"https:\/\/pagina10.com\/web\/se-fortalece-la-produccion-del-mejor-cafe-de-colombia\/\" \/>\n<meta property=\"og:locale\" content=\"es_ES\" \/>\n<meta property=\"og:type\" content=\"article\" \/>\n<meta property=\"og:title\" content=\"Se fortalece la producci\u00f3n del mejor caf\u00e9 de Colombia | P\u00e1gina10\" \/>\n<meta property=\"og:description\" content=\"Con cerca de 8 mil familias beneficiarias y una inversi\u00f3n superior a los $13 mil millones de pesos, Gobernaci\u00f3n de Nari\u00f1o cofinancia proyecto de fortalecimiento de la cadena de valor del Caf\u00e9 de Alta Calidad. &nbsp;La Gobernaci\u00f3n de Nari\u00f1o, la Federaci\u00f3n Nacional de Cafeteros-Comit\u00e9 Departamental de Cafeteros de Nari\u00f1o y&nbsp;&nbsp;la Organizaci\u00f3n Extranjera No Gubernamental Catholic [&hellip;]\" \/>\n<meta property=\"og:url\" content=\"https:\/\/pagina10.com\/web\/se-fortalece-la-produccion-del-mejor-cafe-de-colombia\/\" \/>\n<meta property=\"og:site_name\" content=\"P\u00e1gina10\" \/>\n<meta property=\"article:publisher\" content=\"https:\/\/www.facebook.com\/pag10com\" \/>\n<meta property=\"article:published_time\" content=\"2015-06-10T14:23:14+00:00\" \/>\n<meta property=\"og:image\" content=\"https:\/\/pagina10.com\/web\/wp-content\/uploads\/2015\/06\/6377d81da4401ed5b26088768704a622.jpg\" \/>\n\t<meta property=\"og:image:width\" content=\"960\" \/>\n\t<meta property=\"og:image:height\" content=\"640\" \/>\n\t<meta property=\"og:image:type\" content=\"image\/jpeg\" \/>\n<meta name=\"author\" content=\"P\u00e1gina 10\" \/>\n<meta name=\"twitter:card\" content=\"summary_large_image\" \/>\n<meta name=\"twitter:creator\" content=\"@Pag10com\" \/>\n<meta name=\"twitter:site\" content=\"@Pag10com\" \/>\n<meta name=\"twitter:label1\" content=\"Escrito por\" \/>\n\t<meta name=\"twitter:data1\" content=\"P\u00e1gina 10\" \/>\n\t<meta name=\"twitter:label2\" content=\"Tiempo de lectura\" \/>\n\t<meta name=\"twitter:data2\" content=\"2 minutos\" \/>\n<script type=\"application\/ld+json\" class=\"yoast-schema-graph\">{\"@context\":\"https:\/\/schema.org\",\"@graph\":[{\"@type\":\"Article\",\"@id\":\"https:\/\/pagina10.com\/web\/se-fortalece-la-produccion-del-mejor-cafe-de-colombia\/#article\",\"isPartOf\":{\"@id\":\"https:\/\/pagina10.com\/web\/se-fortalece-la-produccion-del-mejor-cafe-de-colombia\/\"},\"author\":{\"name\":\"P\u00e1gina 10\",\"@id\":\"https:\/\/pagina10.com\/web\/#\/schema\/person\/a7a5d38f0629dfc107f619fbae4f6cc3\"},\"headline\":\"Se fortalece la producci\u00f3n del mejor caf\u00e9 de Colombia\",\"datePublished\":\"2015-06-10T14:23:14+00:00\",\"mainEntityOfPage\":{\"@id\":\"https:\/\/pagina10.com\/web\/se-fortalece-la-produccion-del-mejor-cafe-de-colombia\/\"},\"wordCount\":386,\"commentCount\":0,\"publisher\":{\"@id\":\"https:\/\/pagina10.com\/web\/#organization\"},\"image\":{\"@id\":\"https:\/\/pagina10.com\/web\/se-fortalece-la-produccion-del-mejor-cafe-de-colombia\/#primaryimage\"},\"thumbnailUrl\":\"https:\/\/pagina10.com\/web\/wp-content\/uploads\/2015\/06\/6377d81da4401ed5b26088768704a622.jpg\",\"inLanguage\":\"es\",\"potentialAction\":[{\"@type\":\"CommentAction\",\"name\":\"Comment\",\"target\":[\"https:\/\/pagina10.com\/web\/se-fortalece-la-produccion-del-mejor-cafe-de-colombia\/#respond\"]}]},{\"@type\":\"WebPage\",\"@id\":\"https:\/\/pagina10.com\/web\/se-fortalece-la-produccion-del-mejor-cafe-de-colombia\/\",\"url\":\"https:\/\/pagina10.com\/web\/se-fortalece-la-produccion-del-mejor-cafe-de-colombia\/\",\"name\":\"Se fortalece la producci\u00f3n del mejor caf\u00e9 de Colombia | P\u00e1gina10\",\"isPartOf\":{\"@id\":\"https:\/\/pagina10.com\/web\/#website\"},\"primaryImageOfPage\":{\"@id\":\"https:\/\/pagina10.com\/web\/se-fortalece-la-produccion-del-mejor-cafe-de-colombia\/#primaryimage\"},\"image\":{\"@id\":\"https:\/\/pagina10.com\/web\/se-fortalece-la-produccion-del-mejor-cafe-de-colombia\/#primaryimage\"},\"thumbnailUrl\":\"https:\/\/pagina10.com\/web\/wp-content\/uploads\/2015\/06\/6377d81da4401ed5b26088768704a622.jpg\",\"datePublished\":\"2015-06-10T14:23:14+00:00\",\"breadcrumb\":{\"@id\":\"https:\/\/pagina10.com\/web\/se-fortalece-la-produccion-del-mejor-cafe-de-colombia\/#breadcrumb\"},\"inLanguage\":\"es\",\"potentialAction\":[{\"@type\":\"ReadAction\",\"target\":[\"https:\/\/pagina10.com\/web\/se-fortalece-la-produccion-del-mejor-cafe-de-colombia\/\"]}]},{\"@type\":\"ImageObject\",\"inLanguage\":\"es\",\"@id\":\"https:\/\/pagina10.com\/web\/se-fortalece-la-produccion-del-mejor-cafe-de-colombia\/#primaryimage\",\"url\":\"https:\/\/pagina10.com\/web\/wp-content\/uploads\/2015\/06\/6377d81da4401ed5b26088768704a622.jpg\",\"contentUrl\":\"https:\/\/pagina10.com\/web\/wp-content\/uploads\/2015\/06\/6377d81da4401ed5b26088768704a622.jpg\",\"width\":960,\"height\":640},{\"@type\":\"BreadcrumbList\",\"@id\":\"https:\/\/pagina10.com\/web\/se-fortalece-la-produccion-del-mejor-cafe-de-colombia\/#breadcrumb\",\"itemListElement\":[{\"@type\":\"ListItem\",\"position\":1,\"name\":\"Portada\",\"item\":\"https:\/\/pagina10.com\/web\/\"},{\"@type\":\"ListItem\",\"position\":2,\"name\":\"Se fortalece la producci\u00f3n del mejor caf\u00e9 de Colombia\"}]},{\"@type\":\"WebSite\",\"@id\":\"https:\/\/pagina10.com\/web\/#website\",\"url\":\"https:\/\/pagina10.com\/web\/\",\"name\":\"P\u00e1gina10\",\"description\":\"Peri\u00f3dico Regional\",\"publisher\":{\"@id\":\"https:\/\/pagina10.com\/web\/#organization\"},\"alternateName\":\"P\u00e1gina10 Peri\u00f3dico Regional\",\"potentialAction\":[{\"@type\":\"SearchAction\",\"target\":{\"@type\":\"EntryPoint\",\"urlTemplate\":\"https:\/\/pagina10.com\/web\/?s={search_term_string}\"},\"query-input\":{\"@type\":\"PropertyValueSpecification\",\"valueRequired\":true,\"valueName\":\"search_term_string\"}}],\"inLanguage\":\"es\"},{\"@type\":\"Organization\",\"@id\":\"https:\/\/pagina10.com\/web\/#organization\",\"name\":\"P\u00e1gina10\",\"alternateName\":\"P\u00e1gina10 Peri\u00f3dico Regional\",\"url\":\"https:\/\/pagina10.com\/web\/\",\"logo\":{\"@type\":\"ImageObject\",\"inLanguage\":\"es\",\"@id\":\"https:\/\/pagina10.com\/web\/#\/schema\/logo\/image\/\",\"url\":\"https:\/\/pagina10.com\/web\/wp-content\/uploads\/2024\/01\/40-pagina-10-periodico-regional-pasto.jpg\",\"contentUrl\":\"https:\/\/pagina10.com\/web\/wp-content\/uploads\/2024\/01\/40-pagina-10-periodico-regional-pasto.jpg\",\"width\":1280,\"height\":720,\"caption\":\"P\u00e1gina10\"},\"image\":{\"@id\":\"https:\/\/pagina10.com\/web\/#\/schema\/logo\/image\/\"},\"sameAs\":[\"https:\/\/www.facebook.com\/pag10com\",\"https:\/\/x.com\/Pag10com\",\"https:\/\/www.instagram.com\/pagina10col\/\",\"https:\/\/youtube.com\/channel\/pag10\",\"https:\/\/www.tiktok.com\/@p10col\"]},{\"@type\":\"Person\",\"@id\":\"https:\/\/pagina10.com\/web\/#\/schema\/person\/a7a5d38f0629dfc107f619fbae4f6cc3\",\"name\":\"P\u00e1gina 10\",\"description\":\"P\u00e1gina10.com es un peri\u00f3dico digital que nace en Colombia, en el departamento de Nari\u00f1o, con un enfoque global, fundamentado en cuatro pilares esenciales: la libertad, el pluralismo, la inclusi\u00f3n y la independencia. P\u00e1gina10.com hace referencia a Nari\u00f1o como el d\u00e9cimo departamento creado en Colombia, despu\u00e9s de un proceso pol\u00edtico liderado por actores y actrices regionales con el fin de obtener la independencia y autonom\u00eda de nuestros territorios. Con la creaci\u00f3n de P\u00e1gina10.com se pretende abrir un escenario para el dialogo, la reflexi\u00f3n y el debate que se extienda a otras geograf\u00edas de Am\u00e9rica Latina y del planeta, en una apuesta por transformar colectivamente los desaf\u00edos de un mundo contempor\u00e1neo, m\u00e1s all\u00e1 de las fronteras impuestas.\",\"url\":\"https:\/\/pagina10.com\/web\/author\/mcepeda\/\"}]}<\/script>\n<!-- \/ Yoast SEO plugin. -->","yoast_head_json":{"title":"Se fortalece la producci\u00f3n del mejor caf\u00e9 de Colombia | P\u00e1gina10","robots":{"index":"index","follow":"follow","max-snippet":"max-snippet:-1","max-image-preview":"max-image-preview:large","max-video-preview":"max-video-preview:-1"},"canonical":"https:\/\/pagina10.com\/web\/se-fortalece-la-produccion-del-mejor-cafe-de-colombia\/","og_locale":"es_ES","og_type":"article","og_title":"Se fortalece la producci\u00f3n del mejor caf\u00e9 de Colombia | P\u00e1gina10","og_description":"Con cerca de 8 mil familias beneficiarias y una inversi\u00f3n superior a los $13 mil millones de pesos, Gobernaci\u00f3n de Nari\u00f1o cofinancia proyecto de fortalecimiento de la cadena de valor del Caf\u00e9 de Alta Calidad. &nbsp;La Gobernaci\u00f3n de Nari\u00f1o, la Federaci\u00f3n Nacional de Cafeteros-Comit\u00e9 Departamental de Cafeteros de Nari\u00f1o y&nbsp;&nbsp;la Organizaci\u00f3n Extranjera No Gubernamental Catholic [&hellip;]","og_url":"https:\/\/pagina10.com\/web\/se-fortalece-la-produccion-del-mejor-cafe-de-colombia\/","og_site_name":"P\u00e1gina10","article_publisher":"https:\/\/www.facebook.com\/pag10com","article_published_time":"2015-06-10T14:23:14+00:00","og_image":[{"width":960,"height":640,"url":"https:\/\/pagina10.com\/web\/wp-content\/uploads\/2015\/06\/6377d81da4401ed5b26088768704a622.jpg","type":"image\/jpeg"}],"author":"P\u00e1gina 10","twitter_card":"summary_large_image","twitter_creator":"@Pag10com","twitter_site":"@Pag10com","twitter_misc":{"Escrito por":"P\u00e1gina 10","Tiempo de lectura":"2 minutos"},"schema":{"@context":"https:\/\/schema.org","@graph":[{"@type":"Article","@id":"https:\/\/pagina10.com\/web\/se-fortalece-la-produccion-del-mejor-cafe-de-colombia\/#article","isPartOf":{"@id":"https:\/\/pagina10.com\/web\/se-fortalece-la-produccion-del-mejor-cafe-de-colombia\/"},"author":{"name":"P\u00e1gina 10","@id":"https:\/\/pagina10.com\/web\/#\/schema\/person\/a7a5d38f0629dfc107f619fbae4f6cc3"},"headline":"Se fortalece la producci\u00f3n del mejor caf\u00e9 de Colombia","datePublished":"2015-06-10T14:23:14+00:00","mainEntityOfPage":{"@id":"https:\/\/pagina10.com\/web\/se-fortalece-la-produccion-del-mejor-cafe-de-colombia\/"},"wordCount":386,"commentCount":0,"publisher":{"@id":"https:\/\/pagina10.com\/web\/#organization"},"image":{"@id":"https:\/\/pagina10.com\/web\/se-fortalece-la-produccion-del-mejor-cafe-de-colombia\/#primaryimage"},"thumbnailUrl":"https:\/\/pagina10.com\/web\/wp-content\/uploads\/2015\/06\/6377d81da4401ed5b26088768704a622.jpg","inLanguage":"es","potentialAction":[{"@type":"CommentAction","name":"Comment","target":["https:\/\/pagina10.com\/web\/se-fortalece-la-produccion-del-mejor-cafe-de-colombia\/#respond"]}]},{"@type":"WebPage","@id":"https:\/\/pagina10.com\/web\/se-fortalece-la-produccion-del-mejor-cafe-de-colombia\/","url":"https:\/\/pagina10.com\/web\/se-fortalece-la-produccion-del-mejor-cafe-de-colombia\/","name":"Se fortalece la producci\u00f3n del mejor caf\u00e9 de Colombia | P\u00e1gina10","isPartOf":{"@id":"https:\/\/pagina10.com\/web\/#website"},"primaryImageOfPage":{"@id":"https:\/\/pagina10.com\/web\/se-fortalece-la-produccion-del-mejor-cafe-de-colombia\/#primaryimage"},"image":{"@id":"https:\/\/pagina10.com\/web\/se-fortalece-la-produccion-del-mejor-cafe-de-colombia\/#primaryimage"},"thumbnailUrl":"https:\/\/pagina10.com\/web\/wp-content\/uploads\/2015\/06\/6377d81da4401ed5b26088768704a622.jpg","datePublished":"2015-06-10T14:23:14+00:00","breadcrumb":{"@id":"https:\/\/pagina10.com\/web\/se-fortalece-la-produccion-del-mejor-cafe-de-colombia\/#breadcrumb"},"inLanguage":"es","potentialAction":[{"@type":"ReadAction","target":["https:\/\/pagina10.com\/web\/se-fortalece-la-produccion-del-mejor-cafe-de-colombia\/"]}]},{"@type":"ImageObject","inLanguage":"es","@id":"https:\/\/pagina10.com\/web\/se-fortalece-la-produccion-del-mejor-cafe-de-colombia\/#primaryimage","url":"https:\/\/pagina10.com\/web\/wp-content\/uploads\/2015\/06\/6377d81da4401ed5b26088768704a622.jpg","contentUrl":"https:\/\/pagina10.com\/web\/wp-content\/uploads\/2015\/06\/6377d81da4401ed5b26088768704a622.jpg","width":960,"height":640},{"@type":"BreadcrumbList","@id":"https:\/\/pagina10.com\/web\/se-fortalece-la-produccion-del-mejor-cafe-de-colombia\/#breadcrumb","itemListElement":[{"@type":"ListItem","position":1,"name":"Portada","item":"https:\/\/pagina10.com\/web\/"},{"@type":"ListItem","position":2,"name":"Se fortalece la producci\u00f3n del mejor caf\u00e9 de Colombia"}]},{"@type":"WebSite","@id":"https:\/\/pagina10.com\/web\/#website","url":"https:\/\/pagina10.com\/web\/","name":"P\u00e1gina10","description":"Peri\u00f3dico Regional","publisher":{"@id":"https:\/\/pagina10.com\/web\/#organization"},"alternateName":"P\u00e1gina10 Peri\u00f3dico Regional","potentialAction":[{"@type":"SearchAction","target":{"@type":"EntryPoint","urlTemplate":"https:\/\/pagina10.com\/web\/?s={search_term_string}"},"query-input":{"@type":"PropertyValueSpecification","valueRequired":true,"valueName":"search_term_string"}}],"inLanguage":"es"},{"@type":"Organization","@id":"https:\/\/pagina10.com\/web\/#organization","name":"P\u00e1gina10","alternateName":"P\u00e1gina10 Peri\u00f3dico Regional","url":"https:\/\/pagina10.com\/web\/","logo":{"@type":"ImageObject","inLanguage":"es","@id":"https:\/\/pagina10.com\/web\/#\/schema\/logo\/image\/","url":"https:\/\/pagina10.com\/web\/wp-content\/uploads\/2024\/01\/40-pagina-10-periodico-regional-pasto.jpg","contentUrl":"https:\/\/pagina10.com\/web\/wp-content\/uploads\/2024\/01\/40-pagina-10-periodico-regional-pasto.jpg","width":1280,"height":720,"caption":"P\u00e1gina10"},"image":{"@id":"https:\/\/pagina10.com\/web\/#\/schema\/logo\/image\/"},"sameAs":["https:\/\/www.facebook.com\/pag10com","https:\/\/x.com\/Pag10com","https:\/\/www.instagram.com\/pagina10col\/","https:\/\/youtube.com\/channel\/pag10","https:\/\/www.tiktok.com\/@p10col"]},{"@type":"Person","@id":"https:\/\/pagina10.com\/web\/#\/schema\/person\/a7a5d38f0629dfc107f619fbae4f6cc3","name":"P\u00e1gina 10","description":"P\u00e1gina10.com es un peri\u00f3dico digital que nace en Colombia, en el departamento de Nari\u00f1o, con un enfoque global, fundamentado en cuatro pilares esenciales: la libertad, el pluralismo, la inclusi\u00f3n y la independencia. P\u00e1gina10.com hace referencia a Nari\u00f1o como el d\u00e9cimo departamento creado en Colombia, despu\u00e9s de un proceso pol\u00edtico liderado por actores y actrices regionales con el fin de obtener la independencia y autonom\u00eda de nuestros territorios. Con la creaci\u00f3n de P\u00e1gina10.com se pretende abrir un escenario para el dialogo, la reflexi\u00f3n y el debate que se extienda a otras geograf\u00edas de Am\u00e9rica Latina y del planeta, en una apuesta por transformar colectivamente los desaf\u00edos de un mundo contempor\u00e1neo, m\u00e1s all\u00e1 de las fronteras impuestas.","url":"https:\/\/pagina10.com\/web\/author\/mcepeda\/"}]}},"_links":{"self":[{"href":"https:\/\/pagina10.com\/web\/wp-json\/wp\/v2\/posts\/16376","targetHints":{"allow":["GET"]}}],"collection":[{"href":"https:\/\/pagina10.com\/web\/wp-json\/wp\/v2\/posts"}],"about":[{"href":"https:\/\/pagina10.com\/web\/wp-json\/wp\/v2\/types\/post"}],"author":[{"embeddable":true,"href":"https:\/\/pagina10.com\/web\/wp-json\/wp\/v2\/users\/29"}],"replies":[{"embeddable":true,"href":"https:\/\/pagina10.com\/web\/wp-json\/wp\/v2\/comments?post=16376"}],"version-history":[{"count":0,"href":"https:\/\/pagina10.com\/web\/wp-json\/wp\/v2\/posts\/16376\/revisions"}],"wp:featuredmedia":[{"embeddable":true,"href":"https:\/\/pagina10.com\/web\/wp-json\/wp\/v2\/media\/16375"}],"wp:attachment":[{"href":"https:\/\/pagina10.com\/web\/wp-json\/wp\/v2\/media?parent=16376"}],"wp:term":[{"taxonomy":"category","embeddable":true,"href":"https:\/\/pagina10.com\/web\/wp-json\/wp\/v2\/categories?post=16376"},{"taxonomy":"post_tag","embeddable":true,"href":"https:\/\/pagina10.com\/web\/wp-json\/wp\/v2\/tags?post=16376"}],"curies":[{"name":"wp","href":"https:\/\/api.w.org\/{rel}","templated":true}]}}