{"id":16378,"date":"2015-06-10T14:26:45","date_gmt":"2015-06-10T14:26:45","guid":{"rendered":"https:\/\/pagina10.com\/web\/escuela-musica-del-chcoral-levanto-aplausos-en-el-festival-mono-nunez-de-ginebra\/"},"modified":"2015-06-10T14:26:45","modified_gmt":"2015-06-10T14:26:45","slug":"escuela-musica-del-chcoral-levanto-aplausos-en-el-festival-mono-nunez-de-ginebra","status":"publish","type":"post","link":"https:\/\/pagina10.com\/web\/escuela-musica-del-chcoral-levanto-aplausos-en-el-festival-mono-nunez-de-ginebra\/","title":{"rendered":"Escuela M\u00fasica del Chcoral, levant\u00f3 aplausos en el Festival Mono N\u00fa\u00f1ez\u201d de Ginebra"},"content":{"rendered":"<p><img fetchpriority=\"high\" decoding=\"async\" class=\" size-full wp-image-16377\" src=\"https:\/\/pagina10.com\/web\/wp-content\/uploads\/2015\/06\/9645d7791f31d17c576af52a6872f492.jpg\" alt=\"\" width=\"960\" height=\"720\" srcset=\"https:\/\/pagina10.com\/web\/wp-content\/uploads\/2015\/06\/9645d7791f31d17c576af52a6872f492.jpg 960w, https:\/\/pagina10.com\/web\/wp-content\/uploads\/2015\/06\/9645d7791f31d17c576af52a6872f492-300x225.jpg 300w, https:\/\/pagina10.com\/web\/wp-content\/uploads\/2015\/06\/9645d7791f31d17c576af52a6872f492-768x576.jpg 768w, https:\/\/pagina10.com\/web\/wp-content\/uploads\/2015\/06\/9645d7791f31d17c576af52a6872f492-86x64.jpg 86w\" sizes=\"(max-width: 960px) 100vw, 960px\" \/><\/p>\n<div style=\"text-align: justify;\">\n<p>El 41 Festival de M\u00fasica Andina Colombiana \u201cMono Nu\u00f1ez\u201d sirvi\u00f3 de marco para la primera puesta en escena, de la Escuela de M\u00fasica de Chicoral, el pasado 5 de junio en la noche, en el coliseo \u201cGerardo Arellano\u201d, que no s\u200b\u00f3lo mostr\u00f3 su historia, sino su impacto educativo y pedag\u00f3gico, alrededor del municipio de La Cumbre.<\/p>\n<p>\u200b<\/p>\n<p>Fue un momento \u00fanico e irrepetible, para quienes lo vivieron personalmente, lo apreciaron por televisi\u00f3n o lo escucharon en la radio.<\/p>\n<p>\u200bUn momento de aplausos, l\u00e1grimas y abrazos,&nbsp; \u200bdonde maestros y alumnos envolvieron al p\u00fablico entre notas de canciones con ra\u00edces andinas y compartieron sus vivencias en un audiovisual que relata un d\u00eda de clases en la Vereda Chicoral, devolvi\u00e9ndonos as\u00ed el orgullo de ser vallecaucano.<\/p>\n<p>Un hecho contundente que demuestra que invertir en &nbsp;\u200bformaci\u00f3n musical y \u200bcultura\u200bl\u200b, en un \u200bespacio rural de la vasta y hermosa geograf\u00eda colombiana, no solo genera un cambio sustancial en la vida de ni\u00f1os y ni\u00f1as campesinos \u200btambi\u00e9n, es una puerta para la edificaci\u00f3n de una comunidad, m\u00e1s all\u00e1 de la frontera de la violencia, que por a\u00f1os ha azotado a este pa\u00eds en la esquina de Suram\u00e9rica.<\/p>\n<p>En otras palabras, invertir un d\u00f3lar en educaci\u00f3n y pedagog\u00eda de las nuevas generaciones de vallecaucanos,&nbsp; de la mano de la naturaleza, se traduce en un su valor agregado que alcanza en la mayor\u00eda de los casos, m\u00e1s de 90 por ciento,&nbsp; por su \u00f3ptica cambia, su papel en la sociedad se potencializa, hasta pasar de alumnos a profesores. Una historia que es digna de conocerse en los cuatro puntos cardinales del planeta: desde Argentina, pasado por Colombia, M\u00e9xico, Francia y Jap\u00f3n. Porque la cultura no tiene fronteras:<\/p>\n<p>Es una ma\u00f1ana fr\u00eda de s\u00e1bado y desde diferentes lugares del municipio de La Cumbre y veredas vecinas, m\u00e1s de 90 ni\u00f1os y j\u00f3venes del \u00e1rea rural comienzan el d\u00eda con el prop\u00f3sito de dirigirse a la Vereda Chicoral para encontrarse con una Escuela de M\u00fasica que los recibe desde hace varios a\u00f1os. La vereda est\u00e1 ubicada en un espeso bosque de niebla que rinde homenaje al habitante del campo.<\/p>\n<p>Mientras llegan a la vereda, aparece ante sus ojos todo el esplendor natural&nbsp; de la Cordillera Occidental, representado en una gran variedad de flora y fauna entre la que se destacan m\u00e1s de 256 especies de aves. As\u00ed, entre trino y trueno se abre paso un romance entre el amanecer y la naturaleza de esta vereda, hogar y refugio de la m\u00fasica, descrito magistralmente en un bambuco de Jairo Ojeda, que dice : \u201c\u2026.vamos donde la niebla, vamos donde el silencio, vamos donde el aire es verde aliento\u2026vamos a juntar voces\u2026 a juntar manos, pasos y empe\u00f1os\u201d.<\/p>\n<p>Todos ellos son ni\u00f1os colombianos surgidos de la entra\u00f1a de la hermosa geograf\u00eda de nuestro pa\u00eds, con sus ra\u00edces ligadas a esta tierra del Valle del Cauca, donde germinan los cultivos pero tambi\u00e9n germina la vida, la m\u00fasica, y el amor. Germina la paz.<\/p>\n<p>La Escuela de M\u00fasica de Chicoral es un programa creado por la Fundaci\u00f3n Musicoral, donde convergen el desarrollo social y la formaci\u00f3n musical. Es un espacio que permite a sus estudiantes construir proyecto de vida y trascender fronteras, en una tarea que no se&nbsp; detiene.<\/p>\n<p>El talento y carisma de nuestros estudiantes los ha llevado por la geograf\u00eda andina colombiana para ser reconocidos por el p\u00fablico amante de la m\u00fasica.&nbsp; En ese recorrido han ganado m\u00e1s de una docena de concursos y regresan para desempe\u00f1arse ahora como profesores en la Escuela de M\u00fasica que los vio nacer.<\/p>\n<p>Si alguien pregunta si la paz es posible, desde la Vereda Chicoral podemos decir a los cuatro vientos: \u00a1Si, es posible! En esta monta\u00f1a se construye, hace casi una d\u00e9cada, una historia asombrosa alrededor de la formaci\u00f3n musical. El respeto, la tolerancia, el di\u00e1logo, y el trabajo en equipo son el pasaporte para una vida m\u00e1s satisfactoria.&nbsp;<\/p>\n<p>A nuestros ni\u00f1os y j\u00f3venes, cantar los hace personas integrales. Enciende en ellos el fuego de componer e interpretar canciones que hoy hacen parte del patrimonio cultural colombiano. Esta expresi\u00f3n ha llegado esta noche a Ginebra, para quedarse por siempre con ustedes.<\/p>\n<\/p><\/div>\n","protected":false},"excerpt":{"rendered":"<p>El 41 Festival de M\u00fasica Andina Colombiana \u201cMono Nu\u00f1ez\u201d sirvi\u00f3 de marco para la primera puesta en escena, de la Escuela de M\u00fasica de Chicoral, el pasado 5 de junio en la noche, en el coliseo \u201cGerardo Arellano\u201d, que no s\u200b\u00f3lo mostr\u00f3 su historia, sino su impacto educativo y pedag\u00f3gico, alrededor del municipio de La [&hellip;]<\/p>\n","protected":false},"author":29,"featured_media":16377,"comment_status":"open","ping_status":"open","sticky":false,"template":"","format":"standard","meta":{"footnotes":""},"categories":[1],"tags":[],"class_list":["post-16378","post","type-post","status-publish","format-standard","has-post-thumbnail","hentry","category-sin-categoria"],"yoast_head":"<!-- This site is optimized with the Yoast SEO plugin v27.1.1 - https:\/\/yoast.com\/product\/yoast-seo-wordpress\/ -->\n<title>Escuela M\u00fasica del Chcoral, levant\u00f3 aplausos en el Festival Mono N\u00fa\u00f1ez\u201d de Ginebra | P\u00e1gina10<\/title>\n<meta name=\"robots\" content=\"index, follow, max-snippet:-1, max-image-preview:large, max-video-preview:-1\" \/>\n<link rel=\"canonical\" href=\"https:\/\/pagina10.com\/web\/escuela-musica-del-chcoral-levanto-aplausos-en-el-festival-mono-nunez-de-ginebra\/\" \/>\n<meta property=\"og:locale\" content=\"es_ES\" \/>\n<meta property=\"og:type\" content=\"article\" \/>\n<meta property=\"og:title\" content=\"Escuela M\u00fasica del Chcoral, levant\u00f3 aplausos en el Festival Mono N\u00fa\u00f1ez\u201d de Ginebra | P\u00e1gina10\" \/>\n<meta property=\"og:description\" content=\"El 41 Festival de M\u00fasica Andina Colombiana \u201cMono Nu\u00f1ez\u201d sirvi\u00f3 de marco para la primera puesta en escena, de la Escuela de M\u00fasica de Chicoral, el pasado 5 de junio en la noche, en el coliseo \u201cGerardo Arellano\u201d, que no s\u200b\u00f3lo mostr\u00f3 su historia, sino su impacto educativo y pedag\u00f3gico, alrededor del municipio de La [&hellip;]\" \/>\n<meta property=\"og:url\" content=\"https:\/\/pagina10.com\/web\/escuela-musica-del-chcoral-levanto-aplausos-en-el-festival-mono-nunez-de-ginebra\/\" \/>\n<meta property=\"og:site_name\" content=\"P\u00e1gina10\" \/>\n<meta property=\"article:publisher\" content=\"https:\/\/www.facebook.com\/pag10com\" \/>\n<meta property=\"article:published_time\" content=\"2015-06-10T14:26:45+00:00\" \/>\n<meta property=\"og:image\" content=\"https:\/\/pagina10.com\/web\/wp-content\/uploads\/2015\/06\/9645d7791f31d17c576af52a6872f492.jpg\" \/>\n\t<meta property=\"og:image:width\" content=\"960\" \/>\n\t<meta property=\"og:image:height\" content=\"720\" \/>\n\t<meta property=\"og:image:type\" content=\"image\/jpeg\" \/>\n<meta name=\"author\" content=\"P\u00e1gina 10\" \/>\n<meta name=\"twitter:card\" content=\"summary_large_image\" \/>\n<meta name=\"twitter:creator\" content=\"@Pag10com\" \/>\n<meta name=\"twitter:site\" content=\"@Pag10com\" \/>\n<meta name=\"twitter:label1\" content=\"Escrito por\" \/>\n\t<meta name=\"twitter:data1\" content=\"P\u00e1gina 10\" \/>\n\t<meta name=\"twitter:label2\" content=\"Tiempo de lectura\" \/>\n\t<meta name=\"twitter:data2\" content=\"4 minutos\" \/>\n<script type=\"application\/ld+json\" class=\"yoast-schema-graph\">{\"@context\":\"https:\/\/schema.org\",\"@graph\":[{\"@type\":\"Article\",\"@id\":\"https:\/\/pagina10.com\/web\/escuela-musica-del-chcoral-levanto-aplausos-en-el-festival-mono-nunez-de-ginebra\/#article\",\"isPartOf\":{\"@id\":\"https:\/\/pagina10.com\/web\/escuela-musica-del-chcoral-levanto-aplausos-en-el-festival-mono-nunez-de-ginebra\/\"},\"author\":{\"name\":\"P\u00e1gina 10\",\"@id\":\"https:\/\/pagina10.com\/web\/#\/schema\/person\/a7a5d38f0629dfc107f619fbae4f6cc3\"},\"headline\":\"Escuela M\u00fasica del Chcoral, levant\u00f3 aplausos en el Festival Mono N\u00fa\u00f1ez\u201d de Ginebra\",\"datePublished\":\"2015-06-10T14:26:45+00:00\",\"mainEntityOfPage\":{\"@id\":\"https:\/\/pagina10.com\/web\/escuela-musica-del-chcoral-levanto-aplausos-en-el-festival-mono-nunez-de-ginebra\/\"},\"wordCount\":769,\"commentCount\":0,\"publisher\":{\"@id\":\"https:\/\/pagina10.com\/web\/#organization\"},\"image\":{\"@id\":\"https:\/\/pagina10.com\/web\/escuela-musica-del-chcoral-levanto-aplausos-en-el-festival-mono-nunez-de-ginebra\/#primaryimage\"},\"thumbnailUrl\":\"https:\/\/pagina10.com\/web\/wp-content\/uploads\/2015\/06\/9645d7791f31d17c576af52a6872f492.jpg\",\"inLanguage\":\"es\",\"potentialAction\":[{\"@type\":\"CommentAction\",\"name\":\"Comment\",\"target\":[\"https:\/\/pagina10.com\/web\/escuela-musica-del-chcoral-levanto-aplausos-en-el-festival-mono-nunez-de-ginebra\/#respond\"]}]},{\"@type\":\"WebPage\",\"@id\":\"https:\/\/pagina10.com\/web\/escuela-musica-del-chcoral-levanto-aplausos-en-el-festival-mono-nunez-de-ginebra\/\",\"url\":\"https:\/\/pagina10.com\/web\/escuela-musica-del-chcoral-levanto-aplausos-en-el-festival-mono-nunez-de-ginebra\/\",\"name\":\"Escuela M\u00fasica del Chcoral, levant\u00f3 aplausos en el Festival Mono N\u00fa\u00f1ez\u201d de Ginebra | P\u00e1gina10\",\"isPartOf\":{\"@id\":\"https:\/\/pagina10.com\/web\/#website\"},\"primaryImageOfPage\":{\"@id\":\"https:\/\/pagina10.com\/web\/escuela-musica-del-chcoral-levanto-aplausos-en-el-festival-mono-nunez-de-ginebra\/#primaryimage\"},\"image\":{\"@id\":\"https:\/\/pagina10.com\/web\/escuela-musica-del-chcoral-levanto-aplausos-en-el-festival-mono-nunez-de-ginebra\/#primaryimage\"},\"thumbnailUrl\":\"https:\/\/pagina10.com\/web\/wp-content\/uploads\/2015\/06\/9645d7791f31d17c576af52a6872f492.jpg\",\"datePublished\":\"2015-06-10T14:26:45+00:00\",\"breadcrumb\":{\"@id\":\"https:\/\/pagina10.com\/web\/escuela-musica-del-chcoral-levanto-aplausos-en-el-festival-mono-nunez-de-ginebra\/#breadcrumb\"},\"inLanguage\":\"es\",\"potentialAction\":[{\"@type\":\"ReadAction\",\"target\":[\"https:\/\/pagina10.com\/web\/escuela-musica-del-chcoral-levanto-aplausos-en-el-festival-mono-nunez-de-ginebra\/\"]}]},{\"@type\":\"ImageObject\",\"inLanguage\":\"es\",\"@id\":\"https:\/\/pagina10.com\/web\/escuela-musica-del-chcoral-levanto-aplausos-en-el-festival-mono-nunez-de-ginebra\/#primaryimage\",\"url\":\"https:\/\/pagina10.com\/web\/wp-content\/uploads\/2015\/06\/9645d7791f31d17c576af52a6872f492.jpg\",\"contentUrl\":\"https:\/\/pagina10.com\/web\/wp-content\/uploads\/2015\/06\/9645d7791f31d17c576af52a6872f492.jpg\",\"width\":960,\"height\":720},{\"@type\":\"BreadcrumbList\",\"@id\":\"https:\/\/pagina10.com\/web\/escuela-musica-del-chcoral-levanto-aplausos-en-el-festival-mono-nunez-de-ginebra\/#breadcrumb\",\"itemListElement\":[{\"@type\":\"ListItem\",\"position\":1,\"name\":\"Portada\",\"item\":\"https:\/\/pagina10.com\/web\/\"},{\"@type\":\"ListItem\",\"position\":2,\"name\":\"Escuela M\u00fasica del Chcoral, levant\u00f3 aplausos en el Festival Mono N\u00fa\u00f1ez\u201d de Ginebra\"}]},{\"@type\":\"WebSite\",\"@id\":\"https:\/\/pagina10.com\/web\/#website\",\"url\":\"https:\/\/pagina10.com\/web\/\",\"name\":\"P\u00e1gina10\",\"description\":\"Peri\u00f3dico Regional\",\"publisher\":{\"@id\":\"https:\/\/pagina10.com\/web\/#organization\"},\"alternateName\":\"P\u00e1gina10 Peri\u00f3dico Regional\",\"potentialAction\":[{\"@type\":\"SearchAction\",\"target\":{\"@type\":\"EntryPoint\",\"urlTemplate\":\"https:\/\/pagina10.com\/web\/?s={search_term_string}\"},\"query-input\":{\"@type\":\"PropertyValueSpecification\",\"valueRequired\":true,\"valueName\":\"search_term_string\"}}],\"inLanguage\":\"es\"},{\"@type\":\"Organization\",\"@id\":\"https:\/\/pagina10.com\/web\/#organization\",\"name\":\"P\u00e1gina10\",\"alternateName\":\"P\u00e1gina10 Peri\u00f3dico Regional\",\"url\":\"https:\/\/pagina10.com\/web\/\",\"logo\":{\"@type\":\"ImageObject\",\"inLanguage\":\"es\",\"@id\":\"https:\/\/pagina10.com\/web\/#\/schema\/logo\/image\/\",\"url\":\"https:\/\/pagina10.com\/web\/wp-content\/uploads\/2024\/01\/40-pagina-10-periodico-regional-pasto.jpg\",\"contentUrl\":\"https:\/\/pagina10.com\/web\/wp-content\/uploads\/2024\/01\/40-pagina-10-periodico-regional-pasto.jpg\",\"width\":1280,\"height\":720,\"caption\":\"P\u00e1gina10\"},\"image\":{\"@id\":\"https:\/\/pagina10.com\/web\/#\/schema\/logo\/image\/\"},\"sameAs\":[\"https:\/\/www.facebook.com\/pag10com\",\"https:\/\/x.com\/Pag10com\",\"https:\/\/www.instagram.com\/pagina10col\/\",\"https:\/\/youtube.com\/channel\/pag10\",\"https:\/\/www.tiktok.com\/@p10col\"]},{\"@type\":\"Person\",\"@id\":\"https:\/\/pagina10.com\/web\/#\/schema\/person\/a7a5d38f0629dfc107f619fbae4f6cc3\",\"name\":\"P\u00e1gina 10\",\"description\":\"P\u00e1gina10.com es un peri\u00f3dico digital que nace en Colombia, en el departamento de Nari\u00f1o, con un enfoque global, fundamentado en cuatro pilares esenciales: la libertad, el pluralismo, la inclusi\u00f3n y la independencia. P\u00e1gina10.com hace referencia a Nari\u00f1o como el d\u00e9cimo departamento creado en Colombia, despu\u00e9s de un proceso pol\u00edtico liderado por actores y actrices regionales con el fin de obtener la independencia y autonom\u00eda de nuestros territorios. Con la creaci\u00f3n de P\u00e1gina10.com se pretende abrir un escenario para el dialogo, la reflexi\u00f3n y el debate que se extienda a otras geograf\u00edas de Am\u00e9rica Latina y del planeta, en una apuesta por transformar colectivamente los desaf\u00edos de un mundo contempor\u00e1neo, m\u00e1s all\u00e1 de las fronteras impuestas.\",\"url\":\"https:\/\/pagina10.com\/web\/author\/mcepeda\/\"}]}<\/script>\n<!-- \/ Yoast SEO plugin. -->","yoast_head_json":{"title":"Escuela M\u00fasica del Chcoral, levant\u00f3 aplausos en el Festival Mono N\u00fa\u00f1ez\u201d de Ginebra | P\u00e1gina10","robots":{"index":"index","follow":"follow","max-snippet":"max-snippet:-1","max-image-preview":"max-image-preview:large","max-video-preview":"max-video-preview:-1"},"canonical":"https:\/\/pagina10.com\/web\/escuela-musica-del-chcoral-levanto-aplausos-en-el-festival-mono-nunez-de-ginebra\/","og_locale":"es_ES","og_type":"article","og_title":"Escuela M\u00fasica del Chcoral, levant\u00f3 aplausos en el Festival Mono N\u00fa\u00f1ez\u201d de Ginebra | P\u00e1gina10","og_description":"El 41 Festival de M\u00fasica Andina Colombiana \u201cMono Nu\u00f1ez\u201d sirvi\u00f3 de marco para la primera puesta en escena, de la Escuela de M\u00fasica de Chicoral, el pasado 5 de junio en la noche, en el coliseo \u201cGerardo Arellano\u201d, que no s\u200b\u00f3lo mostr\u00f3 su historia, sino su impacto educativo y pedag\u00f3gico, alrededor del municipio de La [&hellip;]","og_url":"https:\/\/pagina10.com\/web\/escuela-musica-del-chcoral-levanto-aplausos-en-el-festival-mono-nunez-de-ginebra\/","og_site_name":"P\u00e1gina10","article_publisher":"https:\/\/www.facebook.com\/pag10com","article_published_time":"2015-06-10T14:26:45+00:00","og_image":[{"width":960,"height":720,"url":"https:\/\/pagina10.com\/web\/wp-content\/uploads\/2015\/06\/9645d7791f31d17c576af52a6872f492.jpg","type":"image\/jpeg"}],"author":"P\u00e1gina 10","twitter_card":"summary_large_image","twitter_creator":"@Pag10com","twitter_site":"@Pag10com","twitter_misc":{"Escrito por":"P\u00e1gina 10","Tiempo de lectura":"4 minutos"},"schema":{"@context":"https:\/\/schema.org","@graph":[{"@type":"Article","@id":"https:\/\/pagina10.com\/web\/escuela-musica-del-chcoral-levanto-aplausos-en-el-festival-mono-nunez-de-ginebra\/#article","isPartOf":{"@id":"https:\/\/pagina10.com\/web\/escuela-musica-del-chcoral-levanto-aplausos-en-el-festival-mono-nunez-de-ginebra\/"},"author":{"name":"P\u00e1gina 10","@id":"https:\/\/pagina10.com\/web\/#\/schema\/person\/a7a5d38f0629dfc107f619fbae4f6cc3"},"headline":"Escuela M\u00fasica del Chcoral, levant\u00f3 aplausos en el Festival Mono N\u00fa\u00f1ez\u201d de Ginebra","datePublished":"2015-06-10T14:26:45+00:00","mainEntityOfPage":{"@id":"https:\/\/pagina10.com\/web\/escuela-musica-del-chcoral-levanto-aplausos-en-el-festival-mono-nunez-de-ginebra\/"},"wordCount":769,"commentCount":0,"publisher":{"@id":"https:\/\/pagina10.com\/web\/#organization"},"image":{"@id":"https:\/\/pagina10.com\/web\/escuela-musica-del-chcoral-levanto-aplausos-en-el-festival-mono-nunez-de-ginebra\/#primaryimage"},"thumbnailUrl":"https:\/\/pagina10.com\/web\/wp-content\/uploads\/2015\/06\/9645d7791f31d17c576af52a6872f492.jpg","inLanguage":"es","potentialAction":[{"@type":"CommentAction","name":"Comment","target":["https:\/\/pagina10.com\/web\/escuela-musica-del-chcoral-levanto-aplausos-en-el-festival-mono-nunez-de-ginebra\/#respond"]}]},{"@type":"WebPage","@id":"https:\/\/pagina10.com\/web\/escuela-musica-del-chcoral-levanto-aplausos-en-el-festival-mono-nunez-de-ginebra\/","url":"https:\/\/pagina10.com\/web\/escuela-musica-del-chcoral-levanto-aplausos-en-el-festival-mono-nunez-de-ginebra\/","name":"Escuela M\u00fasica del Chcoral, levant\u00f3 aplausos en el Festival Mono N\u00fa\u00f1ez\u201d de Ginebra | P\u00e1gina10","isPartOf":{"@id":"https:\/\/pagina10.com\/web\/#website"},"primaryImageOfPage":{"@id":"https:\/\/pagina10.com\/web\/escuela-musica-del-chcoral-levanto-aplausos-en-el-festival-mono-nunez-de-ginebra\/#primaryimage"},"image":{"@id":"https:\/\/pagina10.com\/web\/escuela-musica-del-chcoral-levanto-aplausos-en-el-festival-mono-nunez-de-ginebra\/#primaryimage"},"thumbnailUrl":"https:\/\/pagina10.com\/web\/wp-content\/uploads\/2015\/06\/9645d7791f31d17c576af52a6872f492.jpg","datePublished":"2015-06-10T14:26:45+00:00","breadcrumb":{"@id":"https:\/\/pagina10.com\/web\/escuela-musica-del-chcoral-levanto-aplausos-en-el-festival-mono-nunez-de-ginebra\/#breadcrumb"},"inLanguage":"es","potentialAction":[{"@type":"ReadAction","target":["https:\/\/pagina10.com\/web\/escuela-musica-del-chcoral-levanto-aplausos-en-el-festival-mono-nunez-de-ginebra\/"]}]},{"@type":"ImageObject","inLanguage":"es","@id":"https:\/\/pagina10.com\/web\/escuela-musica-del-chcoral-levanto-aplausos-en-el-festival-mono-nunez-de-ginebra\/#primaryimage","url":"https:\/\/pagina10.com\/web\/wp-content\/uploads\/2015\/06\/9645d7791f31d17c576af52a6872f492.jpg","contentUrl":"https:\/\/pagina10.com\/web\/wp-content\/uploads\/2015\/06\/9645d7791f31d17c576af52a6872f492.jpg","width":960,"height":720},{"@type":"BreadcrumbList","@id":"https:\/\/pagina10.com\/web\/escuela-musica-del-chcoral-levanto-aplausos-en-el-festival-mono-nunez-de-ginebra\/#breadcrumb","itemListElement":[{"@type":"ListItem","position":1,"name":"Portada","item":"https:\/\/pagina10.com\/web\/"},{"@type":"ListItem","position":2,"name":"Escuela M\u00fasica del Chcoral, levant\u00f3 aplausos en el Festival Mono N\u00fa\u00f1ez\u201d de Ginebra"}]},{"@type":"WebSite","@id":"https:\/\/pagina10.com\/web\/#website","url":"https:\/\/pagina10.com\/web\/","name":"P\u00e1gina10","description":"Peri\u00f3dico Regional","publisher":{"@id":"https:\/\/pagina10.com\/web\/#organization"},"alternateName":"P\u00e1gina10 Peri\u00f3dico Regional","potentialAction":[{"@type":"SearchAction","target":{"@type":"EntryPoint","urlTemplate":"https:\/\/pagina10.com\/web\/?s={search_term_string}"},"query-input":{"@type":"PropertyValueSpecification","valueRequired":true,"valueName":"search_term_string"}}],"inLanguage":"es"},{"@type":"Organization","@id":"https:\/\/pagina10.com\/web\/#organization","name":"P\u00e1gina10","alternateName":"P\u00e1gina10 Peri\u00f3dico Regional","url":"https:\/\/pagina10.com\/web\/","logo":{"@type":"ImageObject","inLanguage":"es","@id":"https:\/\/pagina10.com\/web\/#\/schema\/logo\/image\/","url":"https:\/\/pagina10.com\/web\/wp-content\/uploads\/2024\/01\/40-pagina-10-periodico-regional-pasto.jpg","contentUrl":"https:\/\/pagina10.com\/web\/wp-content\/uploads\/2024\/01\/40-pagina-10-periodico-regional-pasto.jpg","width":1280,"height":720,"caption":"P\u00e1gina10"},"image":{"@id":"https:\/\/pagina10.com\/web\/#\/schema\/logo\/image\/"},"sameAs":["https:\/\/www.facebook.com\/pag10com","https:\/\/x.com\/Pag10com","https:\/\/www.instagram.com\/pagina10col\/","https:\/\/youtube.com\/channel\/pag10","https:\/\/www.tiktok.com\/@p10col"]},{"@type":"Person","@id":"https:\/\/pagina10.com\/web\/#\/schema\/person\/a7a5d38f0629dfc107f619fbae4f6cc3","name":"P\u00e1gina 10","description":"P\u00e1gina10.com es un peri\u00f3dico digital que nace en Colombia, en el departamento de Nari\u00f1o, con un enfoque global, fundamentado en cuatro pilares esenciales: la libertad, el pluralismo, la inclusi\u00f3n y la independencia. P\u00e1gina10.com hace referencia a Nari\u00f1o como el d\u00e9cimo departamento creado en Colombia, despu\u00e9s de un proceso pol\u00edtico liderado por actores y actrices regionales con el fin de obtener la independencia y autonom\u00eda de nuestros territorios. Con la creaci\u00f3n de P\u00e1gina10.com se pretende abrir un escenario para el dialogo, la reflexi\u00f3n y el debate que se extienda a otras geograf\u00edas de Am\u00e9rica Latina y del planeta, en una apuesta por transformar colectivamente los desaf\u00edos de un mundo contempor\u00e1neo, m\u00e1s all\u00e1 de las fronteras impuestas.","url":"https:\/\/pagina10.com\/web\/author\/mcepeda\/"}]}},"_links":{"self":[{"href":"https:\/\/pagina10.com\/web\/wp-json\/wp\/v2\/posts\/16378","targetHints":{"allow":["GET"]}}],"collection":[{"href":"https:\/\/pagina10.com\/web\/wp-json\/wp\/v2\/posts"}],"about":[{"href":"https:\/\/pagina10.com\/web\/wp-json\/wp\/v2\/types\/post"}],"author":[{"embeddable":true,"href":"https:\/\/pagina10.com\/web\/wp-json\/wp\/v2\/users\/29"}],"replies":[{"embeddable":true,"href":"https:\/\/pagina10.com\/web\/wp-json\/wp\/v2\/comments?post=16378"}],"version-history":[{"count":0,"href":"https:\/\/pagina10.com\/web\/wp-json\/wp\/v2\/posts\/16378\/revisions"}],"wp:featuredmedia":[{"embeddable":true,"href":"https:\/\/pagina10.com\/web\/wp-json\/wp\/v2\/media\/16377"}],"wp:attachment":[{"href":"https:\/\/pagina10.com\/web\/wp-json\/wp\/v2\/media?parent=16378"}],"wp:term":[{"taxonomy":"category","embeddable":true,"href":"https:\/\/pagina10.com\/web\/wp-json\/wp\/v2\/categories?post=16378"},{"taxonomy":"post_tag","embeddable":true,"href":"https:\/\/pagina10.com\/web\/wp-json\/wp\/v2\/tags?post=16378"}],"curies":[{"name":"wp","href":"https:\/\/api.w.org\/{rel}","templated":true}]}}