{"id":16382,"date":"2015-06-10T14:30:32","date_gmt":"2015-06-10T14:30:32","guid":{"rendered":"https:\/\/pagina10.com\/web\/20-anos-tras-una-nube\/"},"modified":"2015-06-10T14:30:32","modified_gmt":"2015-06-10T14:30:32","slug":"20-anos-tras-una-nube","status":"publish","type":"post","link":"https:\/\/pagina10.com\/web\/20-anos-tras-una-nube\/","title":{"rendered":"20 a\u00f1os tras una nube"},"content":{"rendered":"<p><img fetchpriority=\"high\" decoding=\"async\" class=\" size-full wp-image-16381\" src=\"https:\/\/pagina10.com\/web\/wp-content\/uploads\/2015\/06\/500ea36c9a57dd2a3f6b431393e1621c.jpg\" alt=\"\" width=\"960\" height=\"720\" srcset=\"https:\/\/pagina10.com\/web\/wp-content\/uploads\/2015\/06\/500ea36c9a57dd2a3f6b431393e1621c.jpg 960w, https:\/\/pagina10.com\/web\/wp-content\/uploads\/2015\/06\/500ea36c9a57dd2a3f6b431393e1621c-300x225.jpg 300w, https:\/\/pagina10.com\/web\/wp-content\/uploads\/2015\/06\/500ea36c9a57dd2a3f6b431393e1621c-768x576.jpg 768w, https:\/\/pagina10.com\/web\/wp-content\/uploads\/2015\/06\/500ea36c9a57dd2a3f6b431393e1621c-86x64.jpg 86w\" sizes=\"(max-width: 960px) 100vw, 960px\" \/><\/p>\n<p style=\"text-align: justify;\">&nbsp;<\/p>\n<p style=\"text-align: justify;\">Hace algunas d\u00e9cadas salir a pasear consist\u00eda en localizar un vado en el r\u00edo m\u00e1s cercano para practicar la nataci\u00f3n o buscarun llano en un d\u00eda de sol. Para ello nuestra madre preparaba algunos alimentos, entre los que estaban las crispetas y unos deliciosos chicharrones de cerdo; no faltaban el dulce de leche, los alfajores y, en ocasiones, el tostado. Ella con ternura y cuidado tend\u00eda un mantel de cuadros coloridos sobre la hierba donde se serv\u00edan &nbsp;los ricos platos, y toda la familia estiraba la mano al mejor estilo bufete para probar de todo hasta quedar empachados.<\/p>\n<p style=\"text-align: justify;\">&nbsp;<\/p>\n<p style=\"text-align: justify;\">Eran los tiempos en los que se programaban los paseos con anticipaci\u00f3n para destinos que en aquel tiempo implicaba salir de la ciudad, como los termales de Pandiaco. O un peregrinaje al Se\u00f1or de Canchala, de quien hab\u00eda muchos testimonios de los milagros realizados: a la entrada del templo hab\u00eda numerosas muletas y bastones como fiel testimonio que los cojos volv\u00edan a caminar o los an\u00e9micos resucitaban como L\u00e1zaro, despu\u00e9s de darles una escudilla de caldo de pata. Pero tambi\u00e9n se llevaba el fiambre al Ejido, en el oriente de Pasto, a donde se realizaba paseo de d\u00eda entero. Otros lugares para pasear en aquellos tiempos eran las faldas del Volc\u00e1n Galeras, el Calvario, Chapal, La Cocha, Catambuco, La Carolina y practicar nataci\u00f3n en el r\u00edo Pasto.<\/p>\n<p style=\"text-align: justify;\">&nbsp;<\/p>\n<p style=\"text-align: justify;\">Poco a poco las gentes del sur ir\u00edan teniendo m\u00e1s motivaci\u00f3n para visitar otras ciudades colombianas con la apertura de la carretera Panamericana. No obstante, siempre ha sido atractiva la vecina Rep\u00fablica del Ecuador -destino predilecto por los bachilleres para sus excursiones- que cautivaba a trav\u00e9s de su m\u00fasica que se difund\u00eda en aquellos tiempos en un programa radial de nombre &#8220;Paisaje musical ecuatoriano&#8221; que se emit\u00eda en la Emisora Ecos de Pasto, junto con la Emisora Mariana pertenec\u00edan al Centro Nari\u00f1ense de Radiodifusi\u00f3n, orientado por un sacerdote con pr\u00e9dicas al mejor estilo medieval llamado Jaime \u00c1lvarez.<\/p>\n<p style=\"text-align: justify;\">&nbsp;<\/p>\n<p style=\"text-align: justify;\">Con el paso de los a\u00f1os, los sistemas electr\u00f3nicos nos han permitido descubrir el mundo. Lo que en su tiempo para Col\u00f3n fue la gran proeza, para el nuestro no es m\u00e1s que tener buena disciplina financiera y hacer maletas. En la distancia tomar fotos con el celular y colgarlas en Facebook, para amargarles el rato a nuestros enemigos y que nuestros amigos nos regalen el consabido &#8216;like&#8217; o nos hagan el comentario desprevenido: &#8220;Ay, pero que bien te ves debajo de la torre Eiffel. Que Dios te vendiga&#8221;. As\u00ed, con la mala ortograf\u00eda que caracteriza a muchos cibernautas.<\/p>\n<p style=\"text-align: justify;\">&nbsp;<\/p>\n<p style=\"text-align: justify;\">Ahora, viajar es so\u00f1ar y so\u00f1ar es viajar. En tiempos pret\u00e9ritos navegar era viajar en un barco de vela,quiz\u00e1 en la piragua de don Guillermo Cubillos, en una lancha de madera como las que a\u00fan subsisten en la Laguna de La Cocha o en peque\u00f1os barquitos de papel de nuestra ni\u00f1ez. Pero navegar en los tiempos modernos es conectarse al mundo con un peque\u00f1o ordenador port\u00e1til o un tel\u00e9fono inteligente.<\/p>\n<p style=\"text-align: justify;\">&nbsp;<\/p>\n<p style=\"text-align: justify;\">Pero hay los que le han cogido el sentido a la vida y han desafiado el sedentarismo moderno y se han vuelto n\u00f3madas: vuelan m\u00e1s all\u00e1 de los horizontes patrios. Navegan, ya no solamente frente al computador ni en chalupa, sino sobre un corcel de algod\u00f3n.<\/p>\n<p style=\"text-align: justify;\">&nbsp;<\/p>\n<p style=\"text-align: justify;\">Hemos querido trascender marcando huella, qued\u00e1ndonos en la mente de la gente por los bonitos recuerdos, sembrar para recoger en los tiempos de escasez. Por ello nos trazamos un proyecto: acercar a la gente al mundo y que el mundo est\u00e9 en manos de la gente. El turismo m\u00e1s que aventura es una posibilidad de realizaci\u00f3n y de forma de vida para millones de personas en el mundo.<\/p>\n<p style=\"text-align: justify;\">&nbsp;<\/p>\n<p style=\"text-align: justify;\">Con esa visi\u00f3n de ser feliz y brindar felicidad a la gente; de motivar a que cumplan sus sue\u00f1os, hemos asumido este reto con responsabilidad. Iniciamos con Cuba, por aquello que lellamaba &#8220;Para\u00edso perdido&#8221;, decidimos organizar un grupo para conocer por dentro c\u00f3mo es el mundo socialista. Ahora llegamos a varios pa\u00edses de Latinoam\u00e9rica y el mundo. Con m\u00e1s encantos que azares, ya hemos trazado el camino durante 20 a\u00f1os, y vamos tras una nube buscando nuestro sue\u00f1o: viajar por el mundo.&nbsp;<\/p>\n","protected":false},"excerpt":{"rendered":"<p>&nbsp; Hace algunas d\u00e9cadas salir a pasear consist\u00eda en localizar un vado en el r\u00edo m\u00e1s cercano para practicar la nataci\u00f3n o buscarun llano en un d\u00eda de sol. Para ello nuestra madre preparaba algunos alimentos, entre los que estaban las crispetas y unos deliciosos chicharrones de cerdo; no faltaban el dulce de leche, los [&hellip;]<\/p>\n","protected":false},"author":65,"featured_media":16381,"comment_status":"open","ping_status":"open","sticky":false,"template":"","format":"standard","meta":{"footnotes":""},"categories":[1],"tags":[],"class_list":["post-16382","post","type-post","status-publish","format-standard","has-post-thumbnail","hentry","category-sin-categoria"],"yoast_head":"<!-- This site is optimized with the Yoast SEO plugin v27.1.1 - https:\/\/yoast.com\/product\/yoast-seo-wordpress\/ -->\n<title>20 a\u00f1os tras una nube | P\u00e1gina10<\/title>\n<meta name=\"robots\" content=\"index, follow, max-snippet:-1, max-image-preview:large, max-video-preview:-1\" \/>\n<link rel=\"canonical\" href=\"https:\/\/pagina10.com\/web\/20-anos-tras-una-nube\/\" \/>\n<meta property=\"og:locale\" content=\"es_ES\" \/>\n<meta property=\"og:type\" content=\"article\" \/>\n<meta property=\"og:title\" content=\"20 a\u00f1os tras una nube | P\u00e1gina10\" \/>\n<meta property=\"og:description\" content=\"&nbsp; Hace algunas d\u00e9cadas salir a pasear consist\u00eda en localizar un vado en el r\u00edo m\u00e1s cercano para practicar la nataci\u00f3n o buscarun llano en un d\u00eda de sol. Para ello nuestra madre preparaba algunos alimentos, entre los que estaban las crispetas y unos deliciosos chicharrones de cerdo; no faltaban el dulce de leche, los [&hellip;]\" \/>\n<meta property=\"og:url\" content=\"https:\/\/pagina10.com\/web\/20-anos-tras-una-nube\/\" \/>\n<meta property=\"og:site_name\" content=\"P\u00e1gina10\" \/>\n<meta property=\"article:publisher\" content=\"https:\/\/www.facebook.com\/pag10com\" \/>\n<meta property=\"article:published_time\" content=\"2015-06-10T14:30:32+00:00\" \/>\n<meta property=\"og:image\" content=\"https:\/\/pagina10.com\/web\/wp-content\/uploads\/2015\/06\/500ea36c9a57dd2a3f6b431393e1621c.jpg\" \/>\n\t<meta property=\"og:image:width\" content=\"960\" \/>\n\t<meta property=\"og:image:height\" content=\"720\" \/>\n\t<meta property=\"og:image:type\" content=\"image\/jpeg\" \/>\n<meta name=\"author\" content=\"Anibal Ar\u00e9valo Rosero\" \/>\n<meta name=\"twitter:card\" content=\"summary_large_image\" \/>\n<meta name=\"twitter:creator\" content=\"@Pag10com\" \/>\n<meta name=\"twitter:site\" content=\"@Pag10com\" \/>\n<meta name=\"twitter:label1\" content=\"Escrito por\" \/>\n\t<meta name=\"twitter:data1\" content=\"Anibal Ar\u00e9valo Rosero\" \/>\n\t<meta name=\"twitter:label2\" content=\"Tiempo de lectura\" \/>\n\t<meta name=\"twitter:data2\" content=\"4 minutos\" \/>\n<script type=\"application\/ld+json\" class=\"yoast-schema-graph\">{\"@context\":\"https:\/\/schema.org\",\"@graph\":[{\"@type\":\"Article\",\"@id\":\"https:\/\/pagina10.com\/web\/20-anos-tras-una-nube\/#article\",\"isPartOf\":{\"@id\":\"https:\/\/pagina10.com\/web\/20-anos-tras-una-nube\/\"},\"author\":{\"name\":\"Anibal Ar\u00e9valo Rosero\",\"@id\":\"https:\/\/pagina10.com\/web\/#\/schema\/person\/9ec3e2b432363a195d2d01bf820c66fe\"},\"headline\":\"20 a\u00f1os tras una nube\",\"datePublished\":\"2015-06-10T14:30:32+00:00\",\"mainEntityOfPage\":{\"@id\":\"https:\/\/pagina10.com\/web\/20-anos-tras-una-nube\/\"},\"wordCount\":764,\"commentCount\":0,\"publisher\":{\"@id\":\"https:\/\/pagina10.com\/web\/#organization\"},\"image\":{\"@id\":\"https:\/\/pagina10.com\/web\/20-anos-tras-una-nube\/#primaryimage\"},\"thumbnailUrl\":\"https:\/\/pagina10.com\/web\/wp-content\/uploads\/2015\/06\/500ea36c9a57dd2a3f6b431393e1621c.jpg\",\"inLanguage\":\"es\",\"potentialAction\":[{\"@type\":\"CommentAction\",\"name\":\"Comment\",\"target\":[\"https:\/\/pagina10.com\/web\/20-anos-tras-una-nube\/#respond\"]}]},{\"@type\":\"WebPage\",\"@id\":\"https:\/\/pagina10.com\/web\/20-anos-tras-una-nube\/\",\"url\":\"https:\/\/pagina10.com\/web\/20-anos-tras-una-nube\/\",\"name\":\"20 a\u00f1os tras una nube | P\u00e1gina10\",\"isPartOf\":{\"@id\":\"https:\/\/pagina10.com\/web\/#website\"},\"primaryImageOfPage\":{\"@id\":\"https:\/\/pagina10.com\/web\/20-anos-tras-una-nube\/#primaryimage\"},\"image\":{\"@id\":\"https:\/\/pagina10.com\/web\/20-anos-tras-una-nube\/#primaryimage\"},\"thumbnailUrl\":\"https:\/\/pagina10.com\/web\/wp-content\/uploads\/2015\/06\/500ea36c9a57dd2a3f6b431393e1621c.jpg\",\"datePublished\":\"2015-06-10T14:30:32+00:00\",\"breadcrumb\":{\"@id\":\"https:\/\/pagina10.com\/web\/20-anos-tras-una-nube\/#breadcrumb\"},\"inLanguage\":\"es\",\"potentialAction\":[{\"@type\":\"ReadAction\",\"target\":[\"https:\/\/pagina10.com\/web\/20-anos-tras-una-nube\/\"]}]},{\"@type\":\"ImageObject\",\"inLanguage\":\"es\",\"@id\":\"https:\/\/pagina10.com\/web\/20-anos-tras-una-nube\/#primaryimage\",\"url\":\"https:\/\/pagina10.com\/web\/wp-content\/uploads\/2015\/06\/500ea36c9a57dd2a3f6b431393e1621c.jpg\",\"contentUrl\":\"https:\/\/pagina10.com\/web\/wp-content\/uploads\/2015\/06\/500ea36c9a57dd2a3f6b431393e1621c.jpg\",\"width\":960,\"height\":720},{\"@type\":\"BreadcrumbList\",\"@id\":\"https:\/\/pagina10.com\/web\/20-anos-tras-una-nube\/#breadcrumb\",\"itemListElement\":[{\"@type\":\"ListItem\",\"position\":1,\"name\":\"Portada\",\"item\":\"https:\/\/pagina10.com\/web\/\"},{\"@type\":\"ListItem\",\"position\":2,\"name\":\"20 a\u00f1os tras una nube\"}]},{\"@type\":\"WebSite\",\"@id\":\"https:\/\/pagina10.com\/web\/#website\",\"url\":\"https:\/\/pagina10.com\/web\/\",\"name\":\"P\u00e1gina10\",\"description\":\"Peri\u00f3dico Regional\",\"publisher\":{\"@id\":\"https:\/\/pagina10.com\/web\/#organization\"},\"alternateName\":\"P\u00e1gina10 Peri\u00f3dico Regional\",\"potentialAction\":[{\"@type\":\"SearchAction\",\"target\":{\"@type\":\"EntryPoint\",\"urlTemplate\":\"https:\/\/pagina10.com\/web\/?s={search_term_string}\"},\"query-input\":{\"@type\":\"PropertyValueSpecification\",\"valueRequired\":true,\"valueName\":\"search_term_string\"}}],\"inLanguage\":\"es\"},{\"@type\":\"Organization\",\"@id\":\"https:\/\/pagina10.com\/web\/#organization\",\"name\":\"P\u00e1gina10\",\"alternateName\":\"P\u00e1gina10 Peri\u00f3dico Regional\",\"url\":\"https:\/\/pagina10.com\/web\/\",\"logo\":{\"@type\":\"ImageObject\",\"inLanguage\":\"es\",\"@id\":\"https:\/\/pagina10.com\/web\/#\/schema\/logo\/image\/\",\"url\":\"https:\/\/pagina10.com\/web\/wp-content\/uploads\/2024\/01\/40-pagina-10-periodico-regional-pasto.jpg\",\"contentUrl\":\"https:\/\/pagina10.com\/web\/wp-content\/uploads\/2024\/01\/40-pagina-10-periodico-regional-pasto.jpg\",\"width\":1280,\"height\":720,\"caption\":\"P\u00e1gina10\"},\"image\":{\"@id\":\"https:\/\/pagina10.com\/web\/#\/schema\/logo\/image\/\"},\"sameAs\":[\"https:\/\/www.facebook.com\/pag10com\",\"https:\/\/x.com\/Pag10com\",\"https:\/\/www.instagram.com\/pagina10col\/\",\"https:\/\/youtube.com\/channel\/pag10\",\"https:\/\/www.tiktok.com\/@p10col\"]},{\"@type\":\"Person\",\"@id\":\"https:\/\/pagina10.com\/web\/#\/schema\/person\/9ec3e2b432363a195d2d01bf820c66fe\",\"name\":\"Anibal Ar\u00e9valo Rosero\",\"description\":\"An\u00edbal Ar\u00e9valo Rosero a trav\u00e9s de su vida ha realizado diversas actividades tendientes a reivindicar al ser humano en su conciencia plena. Durante su vida ha hecho teatro, a escrito poes\u00eda y en sus tiempos de universitario realiz\u00f3 varias publicaciones entre las que se recuerda la revista Quinde. Junto con otros compa\u00f1eros fund\u00f3 el Taller Cultural El Cueche, equipo con el que se hicieron varias publicaciones. De este mismo grupo hay que resaltar que se hizo un trabajo pionero en la difusi\u00f3n de la m\u00fasica andina, latinoamericana y del caribe. Despu\u00e9s de terminar sus estudios de biolog\u00eda en la Universidad de Nari\u00f1o entr\u00f3 a laborar en emisoras de la ciudad de Pasto como en RCN, donde se desempe\u00f1aba como locutor de planta. Dirigi\u00f3 programas en la extinta Ondas del Mayo, en varias oportunidades; tambi\u00e9n en Ecos de Pasto. Fue colaborador de el Noticias RCN y dirigi\u00f3 el programa Simana al D\u00eda, del Sindicato del Magisterio de Nari\u00f1o, en dos \u00e9pocas. En el a\u00f1o de 1992 funda el Comit\u00e9 de Solidaridad con Cuba Jos\u00e9 Mart\u00ed, cuyo objetivo era divulgar la realidad cubana y expresar apoyo moral, pol\u00edtico y material al pa\u00eds caribe\u00f1o. Ante la mala interpretaci\u00f3n que la gente le daba a este tipo de acciones, se decide promover viajes de solidad a Cuba para participar en la Brigada Latinoamericana de Trabajo Voluntario, en el Festival Cuba Vive y, de manera especia,l en el 14 Festival Mundial de la Juventud y los Estudiantes, que se desarroll\u00f3 en la isla en el a\u00f1o de 1997. Con esta experiencia impulsa el turismo al pa\u00eds caribe\u00f1o con el resultado de que miles de personas han participado de las excursiones organizadas por Ar\u00e9valo Rosero. Asimismo ha venido impulsando las Brigadas de Salud en Cuba, tendiente a llevar pacientes de c\u00e1ncer a ese destino con el fin de que reciban atenci\u00f3n m\u00e9dica, teniendo en cuenta que la experiencia cubana en el tema ha sido bastante favorable. Veinte a\u00f1os despu\u00e9s de estas nutritivas experiencias, le permiten impulsar excursiones adem\u00e1s a M\u00e9xico, Machu Picchu, Argentina, Ecuador, Panam\u00e1 y Tierra Santa. En cuanto al desempe\u00f1o period\u00edstico, adem\u00e1s de los medios radiales y de televisi\u00f3n, en los canales de la universidades de Nari\u00f1o y Mariana, se ha desempe\u00f1ado como columnista en Diario del Sur durante 6 a\u00f1os y en algunos medios virtuales. Tambi\u00e9n es colaborador de el Diario del Cauca. Considera que la pr\u00e1ctica de la lectura es beber de la fuente nutricia que permite apropiarse de manera consciente del ejercicio de la democracia; y la posibilidad de escribir y ser le\u00eddo, acceder al poder, por que considera la palabra como el mayor instrumento de acci\u00f3n cuando est\u00e1 bien encamina al leg\u00edtimo servicio social. En la actualidad adem\u00e1s de so\u00f1ar con viajar por el mundo se desempe\u00f1a como docente del departamento de ciencias de Inem Luis Delf\u00edn Insuasty de Pasto. Correo: Esta direcci\u00f3n de correo electr\u00f3nico est\u00e1 protegida contra spambots. Usted necesita tener Javascript activado para poder verla.\\\" target=\\\"_blank\\\" style=\\\"color: #1155cc; text-align: justify; font-family: arial, sans-serif; font-size: 13px; line-height: normal;\\\"&gt;fundacionecosofia@gmail.com\",\"url\":\"https:\/\/pagina10.com\/web\/author\/anibal\/\"}]}<\/script>\n<!-- \/ Yoast SEO plugin. -->","yoast_head_json":{"title":"20 a\u00f1os tras una nube | P\u00e1gina10","robots":{"index":"index","follow":"follow","max-snippet":"max-snippet:-1","max-image-preview":"max-image-preview:large","max-video-preview":"max-video-preview:-1"},"canonical":"https:\/\/pagina10.com\/web\/20-anos-tras-una-nube\/","og_locale":"es_ES","og_type":"article","og_title":"20 a\u00f1os tras una nube | P\u00e1gina10","og_description":"&nbsp; Hace algunas d\u00e9cadas salir a pasear consist\u00eda en localizar un vado en el r\u00edo m\u00e1s cercano para practicar la nataci\u00f3n o buscarun llano en un d\u00eda de sol. Para ello nuestra madre preparaba algunos alimentos, entre los que estaban las crispetas y unos deliciosos chicharrones de cerdo; no faltaban el dulce de leche, los [&hellip;]","og_url":"https:\/\/pagina10.com\/web\/20-anos-tras-una-nube\/","og_site_name":"P\u00e1gina10","article_publisher":"https:\/\/www.facebook.com\/pag10com","article_published_time":"2015-06-10T14:30:32+00:00","og_image":[{"width":960,"height":720,"url":"https:\/\/pagina10.com\/web\/wp-content\/uploads\/2015\/06\/500ea36c9a57dd2a3f6b431393e1621c.jpg","type":"image\/jpeg"}],"author":"Anibal Ar\u00e9valo Rosero","twitter_card":"summary_large_image","twitter_creator":"@Pag10com","twitter_site":"@Pag10com","twitter_misc":{"Escrito por":"Anibal Ar\u00e9valo Rosero","Tiempo de lectura":"4 minutos"},"schema":{"@context":"https:\/\/schema.org","@graph":[{"@type":"Article","@id":"https:\/\/pagina10.com\/web\/20-anos-tras-una-nube\/#article","isPartOf":{"@id":"https:\/\/pagina10.com\/web\/20-anos-tras-una-nube\/"},"author":{"name":"Anibal Ar\u00e9valo Rosero","@id":"https:\/\/pagina10.com\/web\/#\/schema\/person\/9ec3e2b432363a195d2d01bf820c66fe"},"headline":"20 a\u00f1os tras una nube","datePublished":"2015-06-10T14:30:32+00:00","mainEntityOfPage":{"@id":"https:\/\/pagina10.com\/web\/20-anos-tras-una-nube\/"},"wordCount":764,"commentCount":0,"publisher":{"@id":"https:\/\/pagina10.com\/web\/#organization"},"image":{"@id":"https:\/\/pagina10.com\/web\/20-anos-tras-una-nube\/#primaryimage"},"thumbnailUrl":"https:\/\/pagina10.com\/web\/wp-content\/uploads\/2015\/06\/500ea36c9a57dd2a3f6b431393e1621c.jpg","inLanguage":"es","potentialAction":[{"@type":"CommentAction","name":"Comment","target":["https:\/\/pagina10.com\/web\/20-anos-tras-una-nube\/#respond"]}]},{"@type":"WebPage","@id":"https:\/\/pagina10.com\/web\/20-anos-tras-una-nube\/","url":"https:\/\/pagina10.com\/web\/20-anos-tras-una-nube\/","name":"20 a\u00f1os tras una nube | P\u00e1gina10","isPartOf":{"@id":"https:\/\/pagina10.com\/web\/#website"},"primaryImageOfPage":{"@id":"https:\/\/pagina10.com\/web\/20-anos-tras-una-nube\/#primaryimage"},"image":{"@id":"https:\/\/pagina10.com\/web\/20-anos-tras-una-nube\/#primaryimage"},"thumbnailUrl":"https:\/\/pagina10.com\/web\/wp-content\/uploads\/2015\/06\/500ea36c9a57dd2a3f6b431393e1621c.jpg","datePublished":"2015-06-10T14:30:32+00:00","breadcrumb":{"@id":"https:\/\/pagina10.com\/web\/20-anos-tras-una-nube\/#breadcrumb"},"inLanguage":"es","potentialAction":[{"@type":"ReadAction","target":["https:\/\/pagina10.com\/web\/20-anos-tras-una-nube\/"]}]},{"@type":"ImageObject","inLanguage":"es","@id":"https:\/\/pagina10.com\/web\/20-anos-tras-una-nube\/#primaryimage","url":"https:\/\/pagina10.com\/web\/wp-content\/uploads\/2015\/06\/500ea36c9a57dd2a3f6b431393e1621c.jpg","contentUrl":"https:\/\/pagina10.com\/web\/wp-content\/uploads\/2015\/06\/500ea36c9a57dd2a3f6b431393e1621c.jpg","width":960,"height":720},{"@type":"BreadcrumbList","@id":"https:\/\/pagina10.com\/web\/20-anos-tras-una-nube\/#breadcrumb","itemListElement":[{"@type":"ListItem","position":1,"name":"Portada","item":"https:\/\/pagina10.com\/web\/"},{"@type":"ListItem","position":2,"name":"20 a\u00f1os tras una nube"}]},{"@type":"WebSite","@id":"https:\/\/pagina10.com\/web\/#website","url":"https:\/\/pagina10.com\/web\/","name":"P\u00e1gina10","description":"Peri\u00f3dico Regional","publisher":{"@id":"https:\/\/pagina10.com\/web\/#organization"},"alternateName":"P\u00e1gina10 Peri\u00f3dico Regional","potentialAction":[{"@type":"SearchAction","target":{"@type":"EntryPoint","urlTemplate":"https:\/\/pagina10.com\/web\/?s={search_term_string}"},"query-input":{"@type":"PropertyValueSpecification","valueRequired":true,"valueName":"search_term_string"}}],"inLanguage":"es"},{"@type":"Organization","@id":"https:\/\/pagina10.com\/web\/#organization","name":"P\u00e1gina10","alternateName":"P\u00e1gina10 Peri\u00f3dico Regional","url":"https:\/\/pagina10.com\/web\/","logo":{"@type":"ImageObject","inLanguage":"es","@id":"https:\/\/pagina10.com\/web\/#\/schema\/logo\/image\/","url":"https:\/\/pagina10.com\/web\/wp-content\/uploads\/2024\/01\/40-pagina-10-periodico-regional-pasto.jpg","contentUrl":"https:\/\/pagina10.com\/web\/wp-content\/uploads\/2024\/01\/40-pagina-10-periodico-regional-pasto.jpg","width":1280,"height":720,"caption":"P\u00e1gina10"},"image":{"@id":"https:\/\/pagina10.com\/web\/#\/schema\/logo\/image\/"},"sameAs":["https:\/\/www.facebook.com\/pag10com","https:\/\/x.com\/Pag10com","https:\/\/www.instagram.com\/pagina10col\/","https:\/\/youtube.com\/channel\/pag10","https:\/\/www.tiktok.com\/@p10col"]},{"@type":"Person","@id":"https:\/\/pagina10.com\/web\/#\/schema\/person\/9ec3e2b432363a195d2d01bf820c66fe","name":"Anibal Ar\u00e9valo Rosero","description":"An\u00edbal Ar\u00e9valo Rosero a trav\u00e9s de su vida ha realizado diversas actividades tendientes a reivindicar al ser humano en su conciencia plena. Durante su vida ha hecho teatro, a escrito poes\u00eda y en sus tiempos de universitario realiz\u00f3 varias publicaciones entre las que se recuerda la revista Quinde. Junto con otros compa\u00f1eros fund\u00f3 el Taller Cultural El Cueche, equipo con el que se hicieron varias publicaciones. De este mismo grupo hay que resaltar que se hizo un trabajo pionero en la difusi\u00f3n de la m\u00fasica andina, latinoamericana y del caribe. Despu\u00e9s de terminar sus estudios de biolog\u00eda en la Universidad de Nari\u00f1o entr\u00f3 a laborar en emisoras de la ciudad de Pasto como en RCN, donde se desempe\u00f1aba como locutor de planta. Dirigi\u00f3 programas en la extinta Ondas del Mayo, en varias oportunidades; tambi\u00e9n en Ecos de Pasto. Fue colaborador de el Noticias RCN y dirigi\u00f3 el programa Simana al D\u00eda, del Sindicato del Magisterio de Nari\u00f1o, en dos \u00e9pocas. En el a\u00f1o de 1992 funda el Comit\u00e9 de Solidaridad con Cuba Jos\u00e9 Mart\u00ed, cuyo objetivo era divulgar la realidad cubana y expresar apoyo moral, pol\u00edtico y material al pa\u00eds caribe\u00f1o. Ante la mala interpretaci\u00f3n que la gente le daba a este tipo de acciones, se decide promover viajes de solidad a Cuba para participar en la Brigada Latinoamericana de Trabajo Voluntario, en el Festival Cuba Vive y, de manera especia,l en el 14 Festival Mundial de la Juventud y los Estudiantes, que se desarroll\u00f3 en la isla en el a\u00f1o de 1997. Con esta experiencia impulsa el turismo al pa\u00eds caribe\u00f1o con el resultado de que miles de personas han participado de las excursiones organizadas por Ar\u00e9valo Rosero. Asimismo ha venido impulsando las Brigadas de Salud en Cuba, tendiente a llevar pacientes de c\u00e1ncer a ese destino con el fin de que reciban atenci\u00f3n m\u00e9dica, teniendo en cuenta que la experiencia cubana en el tema ha sido bastante favorable. Veinte a\u00f1os despu\u00e9s de estas nutritivas experiencias, le permiten impulsar excursiones adem\u00e1s a M\u00e9xico, Machu Picchu, Argentina, Ecuador, Panam\u00e1 y Tierra Santa. En cuanto al desempe\u00f1o period\u00edstico, adem\u00e1s de los medios radiales y de televisi\u00f3n, en los canales de la universidades de Nari\u00f1o y Mariana, se ha desempe\u00f1ado como columnista en Diario del Sur durante 6 a\u00f1os y en algunos medios virtuales. Tambi\u00e9n es colaborador de el Diario del Cauca. Considera que la pr\u00e1ctica de la lectura es beber de la fuente nutricia que permite apropiarse de manera consciente del ejercicio de la democracia; y la posibilidad de escribir y ser le\u00eddo, acceder al poder, por que considera la palabra como el mayor instrumento de acci\u00f3n cuando est\u00e1 bien encamina al leg\u00edtimo servicio social. En la actualidad adem\u00e1s de so\u00f1ar con viajar por el mundo se desempe\u00f1a como docente del departamento de ciencias de Inem Luis Delf\u00edn Insuasty de Pasto. Correo: Esta direcci\u00f3n de correo electr\u00f3nico est\u00e1 protegida contra spambots. Usted necesita tener Javascript activado para poder verla.\" target=\"_blank\" style=\"color: #1155cc; text-align: justify; font-family: arial, sans-serif; font-size: 13px; line-height: normal;\"&gt;fundacionecosofia@gmail.com","url":"https:\/\/pagina10.com\/web\/author\/anibal\/"}]}},"_links":{"self":[{"href":"https:\/\/pagina10.com\/web\/wp-json\/wp\/v2\/posts\/16382","targetHints":{"allow":["GET"]}}],"collection":[{"href":"https:\/\/pagina10.com\/web\/wp-json\/wp\/v2\/posts"}],"about":[{"href":"https:\/\/pagina10.com\/web\/wp-json\/wp\/v2\/types\/post"}],"author":[{"embeddable":true,"href":"https:\/\/pagina10.com\/web\/wp-json\/wp\/v2\/users\/65"}],"replies":[{"embeddable":true,"href":"https:\/\/pagina10.com\/web\/wp-json\/wp\/v2\/comments?post=16382"}],"version-history":[{"count":0,"href":"https:\/\/pagina10.com\/web\/wp-json\/wp\/v2\/posts\/16382\/revisions"}],"wp:featuredmedia":[{"embeddable":true,"href":"https:\/\/pagina10.com\/web\/wp-json\/wp\/v2\/media\/16381"}],"wp:attachment":[{"href":"https:\/\/pagina10.com\/web\/wp-json\/wp\/v2\/media?parent=16382"}],"wp:term":[{"taxonomy":"category","embeddable":true,"href":"https:\/\/pagina10.com\/web\/wp-json\/wp\/v2\/categories?post=16382"},{"taxonomy":"post_tag","embeddable":true,"href":"https:\/\/pagina10.com\/web\/wp-json\/wp\/v2\/tags?post=16382"}],"curies":[{"name":"wp","href":"https:\/\/api.w.org\/{rel}","templated":true}]}}