{"id":16384,"date":"2015-06-10T14:34:24","date_gmt":"2015-06-10T14:34:24","guid":{"rendered":"https:\/\/pagina10.com\/web\/jornada-unica-y-calidad-educativa-1\/"},"modified":"2015-06-10T14:34:24","modified_gmt":"2015-06-10T14:34:24","slug":"jornada-unica-y-calidad-educativa-1","status":"publish","type":"post","link":"https:\/\/pagina10.com\/web\/jornada-unica-y-calidad-educativa-1\/","title":{"rendered":"Jornada \u00fanica y calidad educativa (1)"},"content":{"rendered":"<p><img fetchpriority=\"high\" decoding=\"async\" class=\" size-full wp-image-16383\" src=\"https:\/\/pagina10.com\/web\/wp-content\/uploads\/2015\/06\/78c73de509ac7bb8f428619b0f83b249.jpg\" alt=\"\" width=\"310\" height=\"195\" srcset=\"https:\/\/pagina10.com\/web\/wp-content\/uploads\/2015\/06\/78c73de509ac7bb8f428619b0f83b249.jpg 310w, https:\/\/pagina10.com\/web\/wp-content\/uploads\/2015\/06\/78c73de509ac7bb8f428619b0f83b249-300x189.jpg 300w\" sizes=\"(max-width: 310px) 100vw, 310px\" \/><\/p>\n<p style=\"text-align: justify;\">La mineducaci\u00f3n Gina Parody ha vuelto a hablar de jornada \u00fanica \u2013Blu radio, 04.V.15-, la misma que L\u00f3pez Michelsen borr\u00f3 de un plumazo en su gobierno, para ahorrarse el dinero de las construcciones escolares ante la avalancha de las clases media y popular que requer\u00edan ser atendidas en servicios p\u00fablicos, vivienda, educaci\u00f3n y salud, como consecuencia de los desplazamientos forzados hacia las peque\u00f1as ciudades de entonces, arrastradas por la primera Violencia, la misma que se hizo como pretexto de liberales contra conservadores pero que el real motivo fue otra \u201creforma agraria\u201d a punta de sangre y desplazamientos \u2013como hoy-, Violencia que jam\u00e1s tuvo ni verdad ni justicia ni reparaci\u00f3n y que empat\u00f3 con la actual.&nbsp;<\/p>\n<p style=\"text-align: justify;\">&nbsp;<\/p>\n<p style=\"text-align: justify;\">&nbsp;<\/p>\n<p style=\"text-align: justify;\">Quienes la propiciaron \u2013y sus familias- a\u00fan gozan del honor de ser los prohombres de la patria: vivos o muertos.<\/p>\n<p style=\"text-align: justify;\">&nbsp;<\/p>\n<p style=\"text-align: justify;\">Nadie niega que la estrategia de Jornada \u00fanica debe formar parte de una visi\u00f3n para alcanzar la excelencia de la calidad de la educaci\u00f3n p\u00fablica. El problema es que tal como la plantea la ministra, parece ser otro baculazo al garete (con miras a hacerse notar, a \u201cmostrarse\u201d para su carrera pol\u00edtica) que se suma a los bastonazos ya repartidos. Est\u00e1 gobernando para las tribunas, se\u00f1al\u00e9 en anterior art\u00edculo. Le apuesta a lo que sea. P. ej.ala intransigencia que quiso mostrar en el anterior paro. A la reversa a la que se vio obligada.Si no hubiera sido por los oficios del defensor Ot\u00e1lora y por la experiencia del mintrabajo Lucho Garz\u00f3n habr\u00eda sido un completo fiasco porque, o estar\u00edamos a\u00fan en ese paro o ella habr\u00eda ca\u00eddo estruendosamente. Cuando el entrevistador de Radio Blu le pregunt\u00f3 esa ma\u00f1ana que para cu\u00e1ndo pensaba que se ver\u00edan los resultados que traer\u00edan la mejor\u00eda de la Jornada \u00fanica-porque los procesos educativos son lentos, le dijo-ella respondi\u00f3 que en una a\u00f1o se tendr\u00edan resultados (\u00a1!).<\/p>\n<p style=\"text-align: justify;\">&nbsp;<\/p>\n<p style=\"text-align: justify;\">Cualquier debate sobre la calidad de la educaci\u00f3n que deseamos para nuestro pa\u00eds debe comenzar por respondernos al tipo de ciudadano y de sociedad que pretendemos adoptar para el mismo, por medio de la inversi\u00f3n estatal. Las inmediateces de los intereses particulares de los grupos o sectores sociales due\u00f1os del poder, con miras a perpetuarse en \u00e9l, han sido los que usualmente se han encargado de crear, desde dentro y desde fuera, los referentes sociales de la calidad educativa en la historia de la educaci\u00f3n y por eso todas las visiones actuales de calidad educativa desde el poder estatal tienen las percepciones mercantilistas de la educaci\u00f3n.&nbsp;<\/p>\n<p style=\"text-align: justify;\">&nbsp;<\/p>\n<p style=\"text-align: justify;\">Como propuesta, m\u00e1s democr\u00e1tica que las urgencias inmediatistasde los intereses de esos sectores due\u00f1os del poder, podemos partir del concepto de necesidad social para la educaci\u00f3n: el servicio educativo es de calidad, si el mismo satisface las necesidades de formaci\u00f3n y acceso al conocimiento para el crecimiento de la sociedad en la que est\u00e1 inmerso y de la cual proviene cada educando. Por tanto la noci\u00f3n de Calidad de la Educaci\u00f3nimplica conocer d\u00f3nde estamos y tener claro d\u00f3nde pretendemos llegar, pero de manera democr\u00e1tica. S\u00f3lo as\u00ed, tambi\u00e9n democr\u00e1ticamente, se deben definir unos criterios m\u00ednimos de acuerdo con los diagn\u00f3sticos existentes aceptando las fortalezas, debatiendo y controvirtiendo las debilidades de las leyes y normas que nos rigen y proponiendo soluciones, utop\u00edas sin las cuales es imposible que una sociedad no se desmorone.<\/p>\n<p style=\"text-align: justify;\">&nbsp;<\/p>\n<p style=\"text-align: justify;\">Se vuelve una necesidad establecer criterios y adoptar consensos m\u00ednimos para elaborar t\u00e1cticas y estrategias con el fin de mejorar la calidad de la educaci\u00f3n, o sea un gran debate democr\u00e1tico con los estudios, leyes y normas que ya existen, para hacer propuestas con el fin de suplantarlas o mejorarlas. Pero hay algo fundamental: cualquier camino debe volverse una pol\u00edtica de Estado. Que ning\u00fan gobierno o ministro o \u201cestrella\u201d pueda desviar.<\/p>\n<p style=\"text-align: justify;\">&nbsp;<\/p>\n","protected":false},"excerpt":{"rendered":"<p>La mineducaci\u00f3n Gina Parody ha vuelto a hablar de jornada \u00fanica \u2013Blu radio, 04.V.15-, la misma que L\u00f3pez Michelsen borr\u00f3 de un plumazo en su gobierno, para ahorrarse el dinero de las construcciones escolares ante la avalancha de las clases media y popular que requer\u00edan ser atendidas en servicios p\u00fablicos, vivienda, educaci\u00f3n y salud, como [&hellip;]<\/p>\n","protected":false},"author":59,"featured_media":16383,"comment_status":"open","ping_status":"open","sticky":false,"template":"","format":"standard","meta":{"footnotes":""},"categories":[1],"tags":[],"class_list":["post-16384","post","type-post","status-publish","format-standard","has-post-thumbnail","hentry","category-sin-categoria"],"yoast_head":"<!-- This site is optimized with the Yoast SEO plugin v27.1.1 - https:\/\/yoast.com\/product\/yoast-seo-wordpress\/ -->\n<title>Jornada \u00fanica y calidad educativa (1) | P\u00e1gina10<\/title>\n<meta name=\"robots\" content=\"index, follow, max-snippet:-1, max-image-preview:large, max-video-preview:-1\" \/>\n<link rel=\"canonical\" href=\"https:\/\/pagina10.com\/web\/jornada-unica-y-calidad-educativa-1\/\" \/>\n<meta property=\"og:locale\" content=\"es_ES\" \/>\n<meta property=\"og:type\" content=\"article\" \/>\n<meta property=\"og:title\" content=\"Jornada \u00fanica y calidad educativa (1) | P\u00e1gina10\" \/>\n<meta property=\"og:description\" content=\"La mineducaci\u00f3n Gina Parody ha vuelto a hablar de jornada \u00fanica \u2013Blu radio, 04.V.15-, la misma que L\u00f3pez Michelsen borr\u00f3 de un plumazo en su gobierno, para ahorrarse el dinero de las construcciones escolares ante la avalancha de las clases media y popular que requer\u00edan ser atendidas en servicios p\u00fablicos, vivienda, educaci\u00f3n y salud, como [&hellip;]\" \/>\n<meta property=\"og:url\" content=\"https:\/\/pagina10.com\/web\/jornada-unica-y-calidad-educativa-1\/\" \/>\n<meta property=\"og:site_name\" content=\"P\u00e1gina10\" \/>\n<meta property=\"article:publisher\" content=\"https:\/\/www.facebook.com\/pag10com\" \/>\n<meta property=\"article:published_time\" content=\"2015-06-10T14:34:24+00:00\" \/>\n<meta property=\"og:image\" content=\"https:\/\/pagina10.com\/web\/wp-content\/uploads\/2015\/06\/78c73de509ac7bb8f428619b0f83b249.jpg\" \/>\n\t<meta property=\"og:image:width\" content=\"310\" \/>\n\t<meta property=\"og:image:height\" content=\"195\" \/>\n\t<meta property=\"og:image:type\" content=\"image\/jpeg\" \/>\n<meta name=\"author\" content=\"Alejandro Garc\u00eda G\u00f3mez\" \/>\n<meta name=\"twitter:card\" content=\"summary_large_image\" \/>\n<meta name=\"twitter:creator\" content=\"@Pag10com\" \/>\n<meta name=\"twitter:site\" content=\"@Pag10com\" \/>\n<meta name=\"twitter:label1\" content=\"Escrito por\" \/>\n\t<meta name=\"twitter:data1\" content=\"Alejandro Garc\u00eda G\u00f3mez\" \/>\n\t<meta name=\"twitter:label2\" content=\"Tiempo de lectura\" \/>\n\t<meta name=\"twitter:data2\" content=\"3 minutos\" \/>\n<script type=\"application\/ld+json\" class=\"yoast-schema-graph\">{\"@context\":\"https:\/\/schema.org\",\"@graph\":[{\"@type\":\"Article\",\"@id\":\"https:\/\/pagina10.com\/web\/jornada-unica-y-calidad-educativa-1\/#article\",\"isPartOf\":{\"@id\":\"https:\/\/pagina10.com\/web\/jornada-unica-y-calidad-educativa-1\/\"},\"author\":{\"name\":\"Alejandro Garc\u00eda G\u00f3mez\",\"@id\":\"https:\/\/pagina10.com\/web\/#\/schema\/person\/32dd7fe2d17eae01d1dd28ccc4578e98\"},\"headline\":\"Jornada \u00fanica y calidad educativa (1)\",\"datePublished\":\"2015-06-10T14:34:24+00:00\",\"mainEntityOfPage\":{\"@id\":\"https:\/\/pagina10.com\/web\/jornada-unica-y-calidad-educativa-1\/\"},\"wordCount\":687,\"commentCount\":0,\"publisher\":{\"@id\":\"https:\/\/pagina10.com\/web\/#organization\"},\"image\":{\"@id\":\"https:\/\/pagina10.com\/web\/jornada-unica-y-calidad-educativa-1\/#primaryimage\"},\"thumbnailUrl\":\"https:\/\/pagina10.com\/web\/wp-content\/uploads\/2015\/06\/78c73de509ac7bb8f428619b0f83b249.jpg\",\"inLanguage\":\"es\",\"potentialAction\":[{\"@type\":\"CommentAction\",\"name\":\"Comment\",\"target\":[\"https:\/\/pagina10.com\/web\/jornada-unica-y-calidad-educativa-1\/#respond\"]}]},{\"@type\":\"WebPage\",\"@id\":\"https:\/\/pagina10.com\/web\/jornada-unica-y-calidad-educativa-1\/\",\"url\":\"https:\/\/pagina10.com\/web\/jornada-unica-y-calidad-educativa-1\/\",\"name\":\"Jornada \u00fanica y calidad educativa (1) | P\u00e1gina10\",\"isPartOf\":{\"@id\":\"https:\/\/pagina10.com\/web\/#website\"},\"primaryImageOfPage\":{\"@id\":\"https:\/\/pagina10.com\/web\/jornada-unica-y-calidad-educativa-1\/#primaryimage\"},\"image\":{\"@id\":\"https:\/\/pagina10.com\/web\/jornada-unica-y-calidad-educativa-1\/#primaryimage\"},\"thumbnailUrl\":\"https:\/\/pagina10.com\/web\/wp-content\/uploads\/2015\/06\/78c73de509ac7bb8f428619b0f83b249.jpg\",\"datePublished\":\"2015-06-10T14:34:24+00:00\",\"breadcrumb\":{\"@id\":\"https:\/\/pagina10.com\/web\/jornada-unica-y-calidad-educativa-1\/#breadcrumb\"},\"inLanguage\":\"es\",\"potentialAction\":[{\"@type\":\"ReadAction\",\"target\":[\"https:\/\/pagina10.com\/web\/jornada-unica-y-calidad-educativa-1\/\"]}]},{\"@type\":\"ImageObject\",\"inLanguage\":\"es\",\"@id\":\"https:\/\/pagina10.com\/web\/jornada-unica-y-calidad-educativa-1\/#primaryimage\",\"url\":\"https:\/\/pagina10.com\/web\/wp-content\/uploads\/2015\/06\/78c73de509ac7bb8f428619b0f83b249.jpg\",\"contentUrl\":\"https:\/\/pagina10.com\/web\/wp-content\/uploads\/2015\/06\/78c73de509ac7bb8f428619b0f83b249.jpg\",\"width\":310,\"height\":195},{\"@type\":\"BreadcrumbList\",\"@id\":\"https:\/\/pagina10.com\/web\/jornada-unica-y-calidad-educativa-1\/#breadcrumb\",\"itemListElement\":[{\"@type\":\"ListItem\",\"position\":1,\"name\":\"Portada\",\"item\":\"https:\/\/pagina10.com\/web\/\"},{\"@type\":\"ListItem\",\"position\":2,\"name\":\"Jornada \u00fanica y calidad educativa (1)\"}]},{\"@type\":\"WebSite\",\"@id\":\"https:\/\/pagina10.com\/web\/#website\",\"url\":\"https:\/\/pagina10.com\/web\/\",\"name\":\"P\u00e1gina10\",\"description\":\"Peri\u00f3dico Regional\",\"publisher\":{\"@id\":\"https:\/\/pagina10.com\/web\/#organization\"},\"alternateName\":\"P\u00e1gina10 Peri\u00f3dico Regional\",\"potentialAction\":[{\"@type\":\"SearchAction\",\"target\":{\"@type\":\"EntryPoint\",\"urlTemplate\":\"https:\/\/pagina10.com\/web\/?s={search_term_string}\"},\"query-input\":{\"@type\":\"PropertyValueSpecification\",\"valueRequired\":true,\"valueName\":\"search_term_string\"}}],\"inLanguage\":\"es\"},{\"@type\":\"Organization\",\"@id\":\"https:\/\/pagina10.com\/web\/#organization\",\"name\":\"P\u00e1gina10\",\"alternateName\":\"P\u00e1gina10 Peri\u00f3dico Regional\",\"url\":\"https:\/\/pagina10.com\/web\/\",\"logo\":{\"@type\":\"ImageObject\",\"inLanguage\":\"es\",\"@id\":\"https:\/\/pagina10.com\/web\/#\/schema\/logo\/image\/\",\"url\":\"https:\/\/pagina10.com\/web\/wp-content\/uploads\/2024\/01\/40-pagina-10-periodico-regional-pasto.jpg\",\"contentUrl\":\"https:\/\/pagina10.com\/web\/wp-content\/uploads\/2024\/01\/40-pagina-10-periodico-regional-pasto.jpg\",\"width\":1280,\"height\":720,\"caption\":\"P\u00e1gina10\"},\"image\":{\"@id\":\"https:\/\/pagina10.com\/web\/#\/schema\/logo\/image\/\"},\"sameAs\":[\"https:\/\/www.facebook.com\/pag10com\",\"https:\/\/x.com\/Pag10com\",\"https:\/\/www.instagram.com\/pagina10col\/\",\"https:\/\/youtube.com\/channel\/pag10\",\"https:\/\/www.tiktok.com\/@p10col\"]},{\"@type\":\"Person\",\"@id\":\"https:\/\/pagina10.com\/web\/#\/schema\/person\/32dd7fe2d17eae01d1dd28ccc4578e98\",\"name\":\"Alejandro Garc\u00eda G\u00f3mez\",\"description\":\"Sandon\u00e1, 1952. Publicaciones individuales Poes\u00eda: \u201cTRANSPARENCIAS\u201d (Medell\u00edn, 1991), \u201cCARTAS DE ODISEO\u201d (Medell\u00edn, 1996), \u201cALFABETO DE SOMBRAS\u201d (Medell\u00edn, 2003), \u201cEL PARA\u00cdSO DE LAS CARCAJADAS AUSENTES\u201d (Pasto, 2016). Actualmente tiene una obra de po\u00e9tica en preparaci\u00f3n. Cuento: \u201cNO ES POR AZAR QUE NACEMOS\u201d (Medell\u00edn, 2004). Novela: \u201cEL TANGO DEL PROFE\u201d (Pasto, 2007). \u201cPICHOUKA ET GABRIEL EN EL PA\u00cdS DES SUE\u00d1OS ET SOMBRAS\u201d (Medell\u00edn, 2021). Cr\u00f3nica: \u201cSUR, DONDE LAS ROCAS SECRETAMENTE FLORECEN. CR\u00d3NICAS\u201d (Pasto, 2018). Con la columna DESDE NOD, ha sido articulista en diferentes peri\u00f3dicos. Ha participado en varias publicaciones colectivas. Ha publicado ensayo, cuento, poes\u00eda y cr\u00f3nica en algunas revistas y peri\u00f3dicos. Ha sido ganador de algunos concursos de poes\u00eda y cuento. Fue fundador de la Revista \u201cMASCALUNA\u201d (Medell\u00edn). Ha sido jurado en algunos concursos literarios. Es Licenciado en Qu\u00edmica y Biolog\u00eda de la Universidad de Nari\u00f1o (Pasto) y Mag\u00edster en Educaci\u00f3n de la Universidad de Antioquia (Medell\u00edn). Trabaj\u00f3 como docente de Qu\u00edmica y Biolog\u00eda en el colegio San Luis Gonzaga, de T\u00faquerres (Nari\u00f1o) y en el Departamento de Ciencias Naturales del INEM Jos\u00e9 F\u00e9lix de Restrepo, de Medell\u00edn. Actualmente es pensionado. E-mail: pakahuay@gmail.com\",\"url\":\"https:\/\/pagina10.com\/web\/author\/agarcia\/\"}]}<\/script>\n<!-- \/ Yoast SEO plugin. -->","yoast_head_json":{"title":"Jornada \u00fanica y calidad educativa (1) | P\u00e1gina10","robots":{"index":"index","follow":"follow","max-snippet":"max-snippet:-1","max-image-preview":"max-image-preview:large","max-video-preview":"max-video-preview:-1"},"canonical":"https:\/\/pagina10.com\/web\/jornada-unica-y-calidad-educativa-1\/","og_locale":"es_ES","og_type":"article","og_title":"Jornada \u00fanica y calidad educativa (1) | P\u00e1gina10","og_description":"La mineducaci\u00f3n Gina Parody ha vuelto a hablar de jornada \u00fanica \u2013Blu radio, 04.V.15-, la misma que L\u00f3pez Michelsen borr\u00f3 de un plumazo en su gobierno, para ahorrarse el dinero de las construcciones escolares ante la avalancha de las clases media y popular que requer\u00edan ser atendidas en servicios p\u00fablicos, vivienda, educaci\u00f3n y salud, como [&hellip;]","og_url":"https:\/\/pagina10.com\/web\/jornada-unica-y-calidad-educativa-1\/","og_site_name":"P\u00e1gina10","article_publisher":"https:\/\/www.facebook.com\/pag10com","article_published_time":"2015-06-10T14:34:24+00:00","og_image":[{"width":310,"height":195,"url":"https:\/\/pagina10.com\/web\/wp-content\/uploads\/2015\/06\/78c73de509ac7bb8f428619b0f83b249.jpg","type":"image\/jpeg"}],"author":"Alejandro Garc\u00eda G\u00f3mez","twitter_card":"summary_large_image","twitter_creator":"@Pag10com","twitter_site":"@Pag10com","twitter_misc":{"Escrito por":"Alejandro Garc\u00eda G\u00f3mez","Tiempo de lectura":"3 minutos"},"schema":{"@context":"https:\/\/schema.org","@graph":[{"@type":"Article","@id":"https:\/\/pagina10.com\/web\/jornada-unica-y-calidad-educativa-1\/#article","isPartOf":{"@id":"https:\/\/pagina10.com\/web\/jornada-unica-y-calidad-educativa-1\/"},"author":{"name":"Alejandro Garc\u00eda G\u00f3mez","@id":"https:\/\/pagina10.com\/web\/#\/schema\/person\/32dd7fe2d17eae01d1dd28ccc4578e98"},"headline":"Jornada \u00fanica y calidad educativa (1)","datePublished":"2015-06-10T14:34:24+00:00","mainEntityOfPage":{"@id":"https:\/\/pagina10.com\/web\/jornada-unica-y-calidad-educativa-1\/"},"wordCount":687,"commentCount":0,"publisher":{"@id":"https:\/\/pagina10.com\/web\/#organization"},"image":{"@id":"https:\/\/pagina10.com\/web\/jornada-unica-y-calidad-educativa-1\/#primaryimage"},"thumbnailUrl":"https:\/\/pagina10.com\/web\/wp-content\/uploads\/2015\/06\/78c73de509ac7bb8f428619b0f83b249.jpg","inLanguage":"es","potentialAction":[{"@type":"CommentAction","name":"Comment","target":["https:\/\/pagina10.com\/web\/jornada-unica-y-calidad-educativa-1\/#respond"]}]},{"@type":"WebPage","@id":"https:\/\/pagina10.com\/web\/jornada-unica-y-calidad-educativa-1\/","url":"https:\/\/pagina10.com\/web\/jornada-unica-y-calidad-educativa-1\/","name":"Jornada \u00fanica y calidad educativa (1) | P\u00e1gina10","isPartOf":{"@id":"https:\/\/pagina10.com\/web\/#website"},"primaryImageOfPage":{"@id":"https:\/\/pagina10.com\/web\/jornada-unica-y-calidad-educativa-1\/#primaryimage"},"image":{"@id":"https:\/\/pagina10.com\/web\/jornada-unica-y-calidad-educativa-1\/#primaryimage"},"thumbnailUrl":"https:\/\/pagina10.com\/web\/wp-content\/uploads\/2015\/06\/78c73de509ac7bb8f428619b0f83b249.jpg","datePublished":"2015-06-10T14:34:24+00:00","breadcrumb":{"@id":"https:\/\/pagina10.com\/web\/jornada-unica-y-calidad-educativa-1\/#breadcrumb"},"inLanguage":"es","potentialAction":[{"@type":"ReadAction","target":["https:\/\/pagina10.com\/web\/jornada-unica-y-calidad-educativa-1\/"]}]},{"@type":"ImageObject","inLanguage":"es","@id":"https:\/\/pagina10.com\/web\/jornada-unica-y-calidad-educativa-1\/#primaryimage","url":"https:\/\/pagina10.com\/web\/wp-content\/uploads\/2015\/06\/78c73de509ac7bb8f428619b0f83b249.jpg","contentUrl":"https:\/\/pagina10.com\/web\/wp-content\/uploads\/2015\/06\/78c73de509ac7bb8f428619b0f83b249.jpg","width":310,"height":195},{"@type":"BreadcrumbList","@id":"https:\/\/pagina10.com\/web\/jornada-unica-y-calidad-educativa-1\/#breadcrumb","itemListElement":[{"@type":"ListItem","position":1,"name":"Portada","item":"https:\/\/pagina10.com\/web\/"},{"@type":"ListItem","position":2,"name":"Jornada \u00fanica y calidad educativa (1)"}]},{"@type":"WebSite","@id":"https:\/\/pagina10.com\/web\/#website","url":"https:\/\/pagina10.com\/web\/","name":"P\u00e1gina10","description":"Peri\u00f3dico Regional","publisher":{"@id":"https:\/\/pagina10.com\/web\/#organization"},"alternateName":"P\u00e1gina10 Peri\u00f3dico Regional","potentialAction":[{"@type":"SearchAction","target":{"@type":"EntryPoint","urlTemplate":"https:\/\/pagina10.com\/web\/?s={search_term_string}"},"query-input":{"@type":"PropertyValueSpecification","valueRequired":true,"valueName":"search_term_string"}}],"inLanguage":"es"},{"@type":"Organization","@id":"https:\/\/pagina10.com\/web\/#organization","name":"P\u00e1gina10","alternateName":"P\u00e1gina10 Peri\u00f3dico Regional","url":"https:\/\/pagina10.com\/web\/","logo":{"@type":"ImageObject","inLanguage":"es","@id":"https:\/\/pagina10.com\/web\/#\/schema\/logo\/image\/","url":"https:\/\/pagina10.com\/web\/wp-content\/uploads\/2024\/01\/40-pagina-10-periodico-regional-pasto.jpg","contentUrl":"https:\/\/pagina10.com\/web\/wp-content\/uploads\/2024\/01\/40-pagina-10-periodico-regional-pasto.jpg","width":1280,"height":720,"caption":"P\u00e1gina10"},"image":{"@id":"https:\/\/pagina10.com\/web\/#\/schema\/logo\/image\/"},"sameAs":["https:\/\/www.facebook.com\/pag10com","https:\/\/x.com\/Pag10com","https:\/\/www.instagram.com\/pagina10col\/","https:\/\/youtube.com\/channel\/pag10","https:\/\/www.tiktok.com\/@p10col"]},{"@type":"Person","@id":"https:\/\/pagina10.com\/web\/#\/schema\/person\/32dd7fe2d17eae01d1dd28ccc4578e98","name":"Alejandro Garc\u00eda G\u00f3mez","description":"Sandon\u00e1, 1952. Publicaciones individuales Poes\u00eda: \u201cTRANSPARENCIAS\u201d (Medell\u00edn, 1991), \u201cCARTAS DE ODISEO\u201d (Medell\u00edn, 1996), \u201cALFABETO DE SOMBRAS\u201d (Medell\u00edn, 2003), \u201cEL PARA\u00cdSO DE LAS CARCAJADAS AUSENTES\u201d (Pasto, 2016). Actualmente tiene una obra de po\u00e9tica en preparaci\u00f3n. Cuento: \u201cNO ES POR AZAR QUE NACEMOS\u201d (Medell\u00edn, 2004). Novela: \u201cEL TANGO DEL PROFE\u201d (Pasto, 2007). \u201cPICHOUKA ET GABRIEL EN EL PA\u00cdS DES SUE\u00d1OS ET SOMBRAS\u201d (Medell\u00edn, 2021). Cr\u00f3nica: \u201cSUR, DONDE LAS ROCAS SECRETAMENTE FLORECEN. CR\u00d3NICAS\u201d (Pasto, 2018). Con la columna DESDE NOD, ha sido articulista en diferentes peri\u00f3dicos. Ha participado en varias publicaciones colectivas. Ha publicado ensayo, cuento, poes\u00eda y cr\u00f3nica en algunas revistas y peri\u00f3dicos. Ha sido ganador de algunos concursos de poes\u00eda y cuento. Fue fundador de la Revista \u201cMASCALUNA\u201d (Medell\u00edn). Ha sido jurado en algunos concursos literarios. Es Licenciado en Qu\u00edmica y Biolog\u00eda de la Universidad de Nari\u00f1o (Pasto) y Mag\u00edster en Educaci\u00f3n de la Universidad de Antioquia (Medell\u00edn). Trabaj\u00f3 como docente de Qu\u00edmica y Biolog\u00eda en el colegio San Luis Gonzaga, de T\u00faquerres (Nari\u00f1o) y en el Departamento de Ciencias Naturales del INEM Jos\u00e9 F\u00e9lix de Restrepo, de Medell\u00edn. Actualmente es pensionado. E-mail: pakahuay@gmail.com","url":"https:\/\/pagina10.com\/web\/author\/agarcia\/"}]}},"_links":{"self":[{"href":"https:\/\/pagina10.com\/web\/wp-json\/wp\/v2\/posts\/16384","targetHints":{"allow":["GET"]}}],"collection":[{"href":"https:\/\/pagina10.com\/web\/wp-json\/wp\/v2\/posts"}],"about":[{"href":"https:\/\/pagina10.com\/web\/wp-json\/wp\/v2\/types\/post"}],"author":[{"embeddable":true,"href":"https:\/\/pagina10.com\/web\/wp-json\/wp\/v2\/users\/59"}],"replies":[{"embeddable":true,"href":"https:\/\/pagina10.com\/web\/wp-json\/wp\/v2\/comments?post=16384"}],"version-history":[{"count":0,"href":"https:\/\/pagina10.com\/web\/wp-json\/wp\/v2\/posts\/16384\/revisions"}],"wp:featuredmedia":[{"embeddable":true,"href":"https:\/\/pagina10.com\/web\/wp-json\/wp\/v2\/media\/16383"}],"wp:attachment":[{"href":"https:\/\/pagina10.com\/web\/wp-json\/wp\/v2\/media?parent=16384"}],"wp:term":[{"taxonomy":"category","embeddable":true,"href":"https:\/\/pagina10.com\/web\/wp-json\/wp\/v2\/categories?post=16384"},{"taxonomy":"post_tag","embeddable":true,"href":"https:\/\/pagina10.com\/web\/wp-json\/wp\/v2\/tags?post=16384"}],"curies":[{"name":"wp","href":"https:\/\/api.w.org\/{rel}","templated":true}]}}