{"id":16386,"date":"2015-06-10T14:40:33","date_gmt":"2015-06-10T14:40:33","guid":{"rendered":"https:\/\/pagina10.com\/web\/17-familias-de-escasos-recursos-recibiran-su-casa-propia\/"},"modified":"2015-06-10T14:40:33","modified_gmt":"2015-06-10T14:40:33","slug":"17-familias-de-escasos-recursos-recibiran-su-casa-propia","status":"publish","type":"post","link":"https:\/\/pagina10.com\/web\/17-familias-de-escasos-recursos-recibiran-su-casa-propia\/","title":{"rendered":"17 familias de escasos recursos recibir\u00e1n su casa propia"},"content":{"rendered":"<p><img fetchpriority=\"high\" decoding=\"async\" class=\" size-full wp-image-16385\" src=\"https:\/\/pagina10.com\/web\/wp-content\/uploads\/2015\/06\/2b206a37847bccb85350a4e0e5cd226c.jpg\" alt=\"\" width=\"640\" height=\"428\" srcset=\"https:\/\/pagina10.com\/web\/wp-content\/uploads\/2015\/06\/2b206a37847bccb85350a4e0e5cd226c.jpg 640w, https:\/\/pagina10.com\/web\/wp-content\/uploads\/2015\/06\/2b206a37847bccb85350a4e0e5cd226c-300x201.jpg 300w, https:\/\/pagina10.com\/web\/wp-content\/uploads\/2015\/06\/2b206a37847bccb85350a4e0e5cd226c-450x300.jpg 450w\" sizes=\"(max-width: 640px) 100vw, 640px\" \/><\/p>\n<p style=\"text-align: justify;\">Este viernes 12 de junio a las 3:00 de la tarde en la Urbanizaci\u00f3n Villanueva II etapa, 17 grupos familiares cumplir\u00e1n su sue\u00f1o de tener vivienda propia, gracias al proyecto \u00b4Construyendo Esperanza\u00b4 liderado por la Gestora Social Patricia Mazuera del Hierro.<\/p>\n<p style=\"text-align: justify;\">&nbsp;<\/p>\n<p style=\"text-align: justify;\">Las familias que recibir\u00e1n las casas, son de escasos recursos y entre sus integrantes hay ni\u00f1os en situaci\u00f3n de discapacidad; la iniciativa es posible gracias al apoyo de la empresa privada, especialmente del sector de la construcci\u00f3n.<\/p>\n<p style=\"text-align: justify;\">&nbsp;<\/p>\n<p style=\"text-align: justify;\">En el evento estar\u00e1n presentes el Alcalde Harold Guerrero L\u00f3pez, la Gestora Social del Municipio, Patricia Mazuera del Hierro, el director de Invipasto, Mario Enr\u00edquez Chenas, constructores aportantes y familias beneficiarias.<\/p>\n","protected":false},"excerpt":{"rendered":"<p>Este viernes 12 de junio a las 3:00 de la tarde en la Urbanizaci\u00f3n Villanueva II etapa, 17 grupos familiares cumplir\u00e1n su sue\u00f1o de tener vivienda propia, gracias al proyecto \u00b4Construyendo Esperanza\u00b4 liderado por la Gestora Social Patricia Mazuera del Hierro. &nbsp; Las familias que recibir\u00e1n las casas, son de escasos recursos y entre sus [&hellip;]<\/p>\n","protected":false},"author":29,"featured_media":16385,"comment_status":"open","ping_status":"open","sticky":false,"template":"","format":"standard","meta":{"footnotes":""},"categories":[1],"tags":[],"class_list":["post-16386","post","type-post","status-publish","format-standard","has-post-thumbnail","hentry","category-sin-categoria"],"yoast_head":"<!-- This site is optimized with the Yoast SEO plugin v27.1.1 - https:\/\/yoast.com\/product\/yoast-seo-wordpress\/ -->\n<title>17 familias de escasos recursos recibir\u00e1n su casa propia | P\u00e1gina10<\/title>\n<meta name=\"robots\" content=\"index, follow, max-snippet:-1, max-image-preview:large, max-video-preview:-1\" \/>\n<link rel=\"canonical\" href=\"https:\/\/pagina10.com\/web\/17-familias-de-escasos-recursos-recibiran-su-casa-propia\/\" \/>\n<meta property=\"og:locale\" content=\"es_ES\" \/>\n<meta property=\"og:type\" content=\"article\" \/>\n<meta property=\"og:title\" content=\"17 familias de escasos recursos recibir\u00e1n su casa propia | P\u00e1gina10\" \/>\n<meta property=\"og:description\" content=\"Este viernes 12 de junio a las 3:00 de la tarde en la Urbanizaci\u00f3n Villanueva II etapa, 17 grupos familiares cumplir\u00e1n su sue\u00f1o de tener vivienda propia, gracias al proyecto \u00b4Construyendo Esperanza\u00b4 liderado por la Gestora Social Patricia Mazuera del Hierro. &nbsp; Las familias que recibir\u00e1n las casas, son de escasos recursos y entre sus [&hellip;]\" \/>\n<meta property=\"og:url\" content=\"https:\/\/pagina10.com\/web\/17-familias-de-escasos-recursos-recibiran-su-casa-propia\/\" \/>\n<meta property=\"og:site_name\" content=\"P\u00e1gina10\" \/>\n<meta property=\"article:publisher\" content=\"https:\/\/www.facebook.com\/pag10com\" \/>\n<meta property=\"article:published_time\" content=\"2015-06-10T14:40:33+00:00\" \/>\n<meta property=\"og:image\" content=\"https:\/\/pagina10.com\/web\/wp-content\/uploads\/2015\/06\/2b206a37847bccb85350a4e0e5cd226c.jpg\" \/>\n\t<meta property=\"og:image:width\" content=\"640\" \/>\n\t<meta property=\"og:image:height\" content=\"428\" \/>\n\t<meta property=\"og:image:type\" content=\"image\/jpeg\" \/>\n<meta name=\"author\" content=\"P\u00e1gina 10\" \/>\n<meta name=\"twitter:card\" content=\"summary_large_image\" \/>\n<meta name=\"twitter:creator\" content=\"@Pag10com\" \/>\n<meta name=\"twitter:site\" content=\"@Pag10com\" \/>\n<meta name=\"twitter:label1\" content=\"Escrito por\" \/>\n\t<meta name=\"twitter:data1\" content=\"P\u00e1gina 10\" \/>\n\t<meta name=\"twitter:label2\" content=\"Tiempo de lectura\" \/>\n\t<meta name=\"twitter:data2\" content=\"1 minuto\" \/>\n<script type=\"application\/ld+json\" class=\"yoast-schema-graph\">{\"@context\":\"https:\/\/schema.org\",\"@graph\":[{\"@type\":\"Article\",\"@id\":\"https:\/\/pagina10.com\/web\/17-familias-de-escasos-recursos-recibiran-su-casa-propia\/#article\",\"isPartOf\":{\"@id\":\"https:\/\/pagina10.com\/web\/17-familias-de-escasos-recursos-recibiran-su-casa-propia\/\"},\"author\":{\"name\":\"P\u00e1gina 10\",\"@id\":\"https:\/\/pagina10.com\/web\/#\/schema\/person\/a7a5d38f0629dfc107f619fbae4f6cc3\"},\"headline\":\"17 familias de escasos recursos recibir\u00e1n su casa propia\",\"datePublished\":\"2015-06-10T14:40:33+00:00\",\"mainEntityOfPage\":{\"@id\":\"https:\/\/pagina10.com\/web\/17-familias-de-escasos-recursos-recibiran-su-casa-propia\/\"},\"wordCount\":127,\"commentCount\":0,\"publisher\":{\"@id\":\"https:\/\/pagina10.com\/web\/#organization\"},\"image\":{\"@id\":\"https:\/\/pagina10.com\/web\/17-familias-de-escasos-recursos-recibiran-su-casa-propia\/#primaryimage\"},\"thumbnailUrl\":\"https:\/\/pagina10.com\/web\/wp-content\/uploads\/2015\/06\/2b206a37847bccb85350a4e0e5cd226c.jpg\",\"inLanguage\":\"es\",\"potentialAction\":[{\"@type\":\"CommentAction\",\"name\":\"Comment\",\"target\":[\"https:\/\/pagina10.com\/web\/17-familias-de-escasos-recursos-recibiran-su-casa-propia\/#respond\"]}]},{\"@type\":\"WebPage\",\"@id\":\"https:\/\/pagina10.com\/web\/17-familias-de-escasos-recursos-recibiran-su-casa-propia\/\",\"url\":\"https:\/\/pagina10.com\/web\/17-familias-de-escasos-recursos-recibiran-su-casa-propia\/\",\"name\":\"17 familias de escasos recursos recibir\u00e1n su casa propia | P\u00e1gina10\",\"isPartOf\":{\"@id\":\"https:\/\/pagina10.com\/web\/#website\"},\"primaryImageOfPage\":{\"@id\":\"https:\/\/pagina10.com\/web\/17-familias-de-escasos-recursos-recibiran-su-casa-propia\/#primaryimage\"},\"image\":{\"@id\":\"https:\/\/pagina10.com\/web\/17-familias-de-escasos-recursos-recibiran-su-casa-propia\/#primaryimage\"},\"thumbnailUrl\":\"https:\/\/pagina10.com\/web\/wp-content\/uploads\/2015\/06\/2b206a37847bccb85350a4e0e5cd226c.jpg\",\"datePublished\":\"2015-06-10T14:40:33+00:00\",\"breadcrumb\":{\"@id\":\"https:\/\/pagina10.com\/web\/17-familias-de-escasos-recursos-recibiran-su-casa-propia\/#breadcrumb\"},\"inLanguage\":\"es\",\"potentialAction\":[{\"@type\":\"ReadAction\",\"target\":[\"https:\/\/pagina10.com\/web\/17-familias-de-escasos-recursos-recibiran-su-casa-propia\/\"]}]},{\"@type\":\"ImageObject\",\"inLanguage\":\"es\",\"@id\":\"https:\/\/pagina10.com\/web\/17-familias-de-escasos-recursos-recibiran-su-casa-propia\/#primaryimage\",\"url\":\"https:\/\/pagina10.com\/web\/wp-content\/uploads\/2015\/06\/2b206a37847bccb85350a4e0e5cd226c.jpg\",\"contentUrl\":\"https:\/\/pagina10.com\/web\/wp-content\/uploads\/2015\/06\/2b206a37847bccb85350a4e0e5cd226c.jpg\",\"width\":640,\"height\":428},{\"@type\":\"BreadcrumbList\",\"@id\":\"https:\/\/pagina10.com\/web\/17-familias-de-escasos-recursos-recibiran-su-casa-propia\/#breadcrumb\",\"itemListElement\":[{\"@type\":\"ListItem\",\"position\":1,\"name\":\"Portada\",\"item\":\"https:\/\/pagina10.com\/web\/\"},{\"@type\":\"ListItem\",\"position\":2,\"name\":\"17 familias de escasos recursos recibir\u00e1n su casa propia\"}]},{\"@type\":\"WebSite\",\"@id\":\"https:\/\/pagina10.com\/web\/#website\",\"url\":\"https:\/\/pagina10.com\/web\/\",\"name\":\"P\u00e1gina10\",\"description\":\"Peri\u00f3dico Regional\",\"publisher\":{\"@id\":\"https:\/\/pagina10.com\/web\/#organization\"},\"alternateName\":\"P\u00e1gina10 Peri\u00f3dico Regional\",\"potentialAction\":[{\"@type\":\"SearchAction\",\"target\":{\"@type\":\"EntryPoint\",\"urlTemplate\":\"https:\/\/pagina10.com\/web\/?s={search_term_string}\"},\"query-input\":{\"@type\":\"PropertyValueSpecification\",\"valueRequired\":true,\"valueName\":\"search_term_string\"}}],\"inLanguage\":\"es\"},{\"@type\":\"Organization\",\"@id\":\"https:\/\/pagina10.com\/web\/#organization\",\"name\":\"P\u00e1gina10\",\"alternateName\":\"P\u00e1gina10 Peri\u00f3dico Regional\",\"url\":\"https:\/\/pagina10.com\/web\/\",\"logo\":{\"@type\":\"ImageObject\",\"inLanguage\":\"es\",\"@id\":\"https:\/\/pagina10.com\/web\/#\/schema\/logo\/image\/\",\"url\":\"https:\/\/pagina10.com\/web\/wp-content\/uploads\/2024\/01\/40-pagina-10-periodico-regional-pasto.jpg\",\"contentUrl\":\"https:\/\/pagina10.com\/web\/wp-content\/uploads\/2024\/01\/40-pagina-10-periodico-regional-pasto.jpg\",\"width\":1280,\"height\":720,\"caption\":\"P\u00e1gina10\"},\"image\":{\"@id\":\"https:\/\/pagina10.com\/web\/#\/schema\/logo\/image\/\"},\"sameAs\":[\"https:\/\/www.facebook.com\/pag10com\",\"https:\/\/x.com\/Pag10com\",\"https:\/\/www.instagram.com\/pagina10col\/\",\"https:\/\/youtube.com\/channel\/pag10\",\"https:\/\/www.tiktok.com\/@p10col\"]},{\"@type\":\"Person\",\"@id\":\"https:\/\/pagina10.com\/web\/#\/schema\/person\/a7a5d38f0629dfc107f619fbae4f6cc3\",\"name\":\"P\u00e1gina 10\",\"description\":\"P\u00e1gina10.com es un peri\u00f3dico digital que nace en Colombia, en el departamento de Nari\u00f1o, con un enfoque global, fundamentado en cuatro pilares esenciales: la libertad, el pluralismo, la inclusi\u00f3n y la independencia. P\u00e1gina10.com hace referencia a Nari\u00f1o como el d\u00e9cimo departamento creado en Colombia, despu\u00e9s de un proceso pol\u00edtico liderado por actores y actrices regionales con el fin de obtener la independencia y autonom\u00eda de nuestros territorios. Con la creaci\u00f3n de P\u00e1gina10.com se pretende abrir un escenario para el dialogo, la reflexi\u00f3n y el debate que se extienda a otras geograf\u00edas de Am\u00e9rica Latina y del planeta, en una apuesta por transformar colectivamente los desaf\u00edos de un mundo contempor\u00e1neo, m\u00e1s all\u00e1 de las fronteras impuestas.\",\"url\":\"https:\/\/pagina10.com\/web\/author\/mcepeda\/\"}]}<\/script>\n<!-- \/ Yoast SEO plugin. -->","yoast_head_json":{"title":"17 familias de escasos recursos recibir\u00e1n su casa propia | P\u00e1gina10","robots":{"index":"index","follow":"follow","max-snippet":"max-snippet:-1","max-image-preview":"max-image-preview:large","max-video-preview":"max-video-preview:-1"},"canonical":"https:\/\/pagina10.com\/web\/17-familias-de-escasos-recursos-recibiran-su-casa-propia\/","og_locale":"es_ES","og_type":"article","og_title":"17 familias de escasos recursos recibir\u00e1n su casa propia | P\u00e1gina10","og_description":"Este viernes 12 de junio a las 3:00 de la tarde en la Urbanizaci\u00f3n Villanueva II etapa, 17 grupos familiares cumplir\u00e1n su sue\u00f1o de tener vivienda propia, gracias al proyecto \u00b4Construyendo Esperanza\u00b4 liderado por la Gestora Social Patricia Mazuera del Hierro. &nbsp; Las familias que recibir\u00e1n las casas, son de escasos recursos y entre sus [&hellip;]","og_url":"https:\/\/pagina10.com\/web\/17-familias-de-escasos-recursos-recibiran-su-casa-propia\/","og_site_name":"P\u00e1gina10","article_publisher":"https:\/\/www.facebook.com\/pag10com","article_published_time":"2015-06-10T14:40:33+00:00","og_image":[{"width":640,"height":428,"url":"https:\/\/pagina10.com\/web\/wp-content\/uploads\/2015\/06\/2b206a37847bccb85350a4e0e5cd226c.jpg","type":"image\/jpeg"}],"author":"P\u00e1gina 10","twitter_card":"summary_large_image","twitter_creator":"@Pag10com","twitter_site":"@Pag10com","twitter_misc":{"Escrito por":"P\u00e1gina 10","Tiempo de lectura":"1 minuto"},"schema":{"@context":"https:\/\/schema.org","@graph":[{"@type":"Article","@id":"https:\/\/pagina10.com\/web\/17-familias-de-escasos-recursos-recibiran-su-casa-propia\/#article","isPartOf":{"@id":"https:\/\/pagina10.com\/web\/17-familias-de-escasos-recursos-recibiran-su-casa-propia\/"},"author":{"name":"P\u00e1gina 10","@id":"https:\/\/pagina10.com\/web\/#\/schema\/person\/a7a5d38f0629dfc107f619fbae4f6cc3"},"headline":"17 familias de escasos recursos recibir\u00e1n su casa propia","datePublished":"2015-06-10T14:40:33+00:00","mainEntityOfPage":{"@id":"https:\/\/pagina10.com\/web\/17-familias-de-escasos-recursos-recibiran-su-casa-propia\/"},"wordCount":127,"commentCount":0,"publisher":{"@id":"https:\/\/pagina10.com\/web\/#organization"},"image":{"@id":"https:\/\/pagina10.com\/web\/17-familias-de-escasos-recursos-recibiran-su-casa-propia\/#primaryimage"},"thumbnailUrl":"https:\/\/pagina10.com\/web\/wp-content\/uploads\/2015\/06\/2b206a37847bccb85350a4e0e5cd226c.jpg","inLanguage":"es","potentialAction":[{"@type":"CommentAction","name":"Comment","target":["https:\/\/pagina10.com\/web\/17-familias-de-escasos-recursos-recibiran-su-casa-propia\/#respond"]}]},{"@type":"WebPage","@id":"https:\/\/pagina10.com\/web\/17-familias-de-escasos-recursos-recibiran-su-casa-propia\/","url":"https:\/\/pagina10.com\/web\/17-familias-de-escasos-recursos-recibiran-su-casa-propia\/","name":"17 familias de escasos recursos recibir\u00e1n su casa propia | P\u00e1gina10","isPartOf":{"@id":"https:\/\/pagina10.com\/web\/#website"},"primaryImageOfPage":{"@id":"https:\/\/pagina10.com\/web\/17-familias-de-escasos-recursos-recibiran-su-casa-propia\/#primaryimage"},"image":{"@id":"https:\/\/pagina10.com\/web\/17-familias-de-escasos-recursos-recibiran-su-casa-propia\/#primaryimage"},"thumbnailUrl":"https:\/\/pagina10.com\/web\/wp-content\/uploads\/2015\/06\/2b206a37847bccb85350a4e0e5cd226c.jpg","datePublished":"2015-06-10T14:40:33+00:00","breadcrumb":{"@id":"https:\/\/pagina10.com\/web\/17-familias-de-escasos-recursos-recibiran-su-casa-propia\/#breadcrumb"},"inLanguage":"es","potentialAction":[{"@type":"ReadAction","target":["https:\/\/pagina10.com\/web\/17-familias-de-escasos-recursos-recibiran-su-casa-propia\/"]}]},{"@type":"ImageObject","inLanguage":"es","@id":"https:\/\/pagina10.com\/web\/17-familias-de-escasos-recursos-recibiran-su-casa-propia\/#primaryimage","url":"https:\/\/pagina10.com\/web\/wp-content\/uploads\/2015\/06\/2b206a37847bccb85350a4e0e5cd226c.jpg","contentUrl":"https:\/\/pagina10.com\/web\/wp-content\/uploads\/2015\/06\/2b206a37847bccb85350a4e0e5cd226c.jpg","width":640,"height":428},{"@type":"BreadcrumbList","@id":"https:\/\/pagina10.com\/web\/17-familias-de-escasos-recursos-recibiran-su-casa-propia\/#breadcrumb","itemListElement":[{"@type":"ListItem","position":1,"name":"Portada","item":"https:\/\/pagina10.com\/web\/"},{"@type":"ListItem","position":2,"name":"17 familias de escasos recursos recibir\u00e1n su casa propia"}]},{"@type":"WebSite","@id":"https:\/\/pagina10.com\/web\/#website","url":"https:\/\/pagina10.com\/web\/","name":"P\u00e1gina10","description":"Peri\u00f3dico Regional","publisher":{"@id":"https:\/\/pagina10.com\/web\/#organization"},"alternateName":"P\u00e1gina10 Peri\u00f3dico Regional","potentialAction":[{"@type":"SearchAction","target":{"@type":"EntryPoint","urlTemplate":"https:\/\/pagina10.com\/web\/?s={search_term_string}"},"query-input":{"@type":"PropertyValueSpecification","valueRequired":true,"valueName":"search_term_string"}}],"inLanguage":"es"},{"@type":"Organization","@id":"https:\/\/pagina10.com\/web\/#organization","name":"P\u00e1gina10","alternateName":"P\u00e1gina10 Peri\u00f3dico Regional","url":"https:\/\/pagina10.com\/web\/","logo":{"@type":"ImageObject","inLanguage":"es","@id":"https:\/\/pagina10.com\/web\/#\/schema\/logo\/image\/","url":"https:\/\/pagina10.com\/web\/wp-content\/uploads\/2024\/01\/40-pagina-10-periodico-regional-pasto.jpg","contentUrl":"https:\/\/pagina10.com\/web\/wp-content\/uploads\/2024\/01\/40-pagina-10-periodico-regional-pasto.jpg","width":1280,"height":720,"caption":"P\u00e1gina10"},"image":{"@id":"https:\/\/pagina10.com\/web\/#\/schema\/logo\/image\/"},"sameAs":["https:\/\/www.facebook.com\/pag10com","https:\/\/x.com\/Pag10com","https:\/\/www.instagram.com\/pagina10col\/","https:\/\/youtube.com\/channel\/pag10","https:\/\/www.tiktok.com\/@p10col"]},{"@type":"Person","@id":"https:\/\/pagina10.com\/web\/#\/schema\/person\/a7a5d38f0629dfc107f619fbae4f6cc3","name":"P\u00e1gina 10","description":"P\u00e1gina10.com es un peri\u00f3dico digital que nace en Colombia, en el departamento de Nari\u00f1o, con un enfoque global, fundamentado en cuatro pilares esenciales: la libertad, el pluralismo, la inclusi\u00f3n y la independencia. P\u00e1gina10.com hace referencia a Nari\u00f1o como el d\u00e9cimo departamento creado en Colombia, despu\u00e9s de un proceso pol\u00edtico liderado por actores y actrices regionales con el fin de obtener la independencia y autonom\u00eda de nuestros territorios. Con la creaci\u00f3n de P\u00e1gina10.com se pretende abrir un escenario para el dialogo, la reflexi\u00f3n y el debate que se extienda a otras geograf\u00edas de Am\u00e9rica Latina y del planeta, en una apuesta por transformar colectivamente los desaf\u00edos de un mundo contempor\u00e1neo, m\u00e1s all\u00e1 de las fronteras impuestas.","url":"https:\/\/pagina10.com\/web\/author\/mcepeda\/"}]}},"_links":{"self":[{"href":"https:\/\/pagina10.com\/web\/wp-json\/wp\/v2\/posts\/16386","targetHints":{"allow":["GET"]}}],"collection":[{"href":"https:\/\/pagina10.com\/web\/wp-json\/wp\/v2\/posts"}],"about":[{"href":"https:\/\/pagina10.com\/web\/wp-json\/wp\/v2\/types\/post"}],"author":[{"embeddable":true,"href":"https:\/\/pagina10.com\/web\/wp-json\/wp\/v2\/users\/29"}],"replies":[{"embeddable":true,"href":"https:\/\/pagina10.com\/web\/wp-json\/wp\/v2\/comments?post=16386"}],"version-history":[{"count":0,"href":"https:\/\/pagina10.com\/web\/wp-json\/wp\/v2\/posts\/16386\/revisions"}],"wp:featuredmedia":[{"embeddable":true,"href":"https:\/\/pagina10.com\/web\/wp-json\/wp\/v2\/media\/16385"}],"wp:attachment":[{"href":"https:\/\/pagina10.com\/web\/wp-json\/wp\/v2\/media?parent=16386"}],"wp:term":[{"taxonomy":"category","embeddable":true,"href":"https:\/\/pagina10.com\/web\/wp-json\/wp\/v2\/categories?post=16386"},{"taxonomy":"post_tag","embeddable":true,"href":"https:\/\/pagina10.com\/web\/wp-json\/wp\/v2\/tags?post=16386"}],"curies":[{"name":"wp","href":"https:\/\/api.w.org\/{rel}","templated":true}]}}