{"id":16388,"date":"2015-06-10T14:54:46","date_gmt":"2015-06-10T14:54:46","guid":{"rendered":"https:\/\/pagina10.com\/web\/chile-y-ecuador-se-mediran-en-la-inauguracion-de-la-copa-america\/"},"modified":"2015-06-10T14:54:46","modified_gmt":"2015-06-10T14:54:46","slug":"chile-y-ecuador-se-mediran-en-la-inauguracion-de-la-copa-america","status":"publish","type":"post","link":"https:\/\/pagina10.com\/web\/chile-y-ecuador-se-mediran-en-la-inauguracion-de-la-copa-america\/","title":{"rendered":"Chile y Ecuador se medir\u00e1n en la inauguraci\u00f3n de la Copa Am\u00e9rica"},"content":{"rendered":"<p><img fetchpriority=\"high\" decoding=\"async\" class=\" size-full wp-image-16387\" src=\"https:\/\/pagina10.com\/web\/wp-content\/uploads\/2015\/06\/d79a82d2f5fec24bca9003dcd85cd2e9.jpg\" alt=\"\" width=\"750\" height=\"485\" srcset=\"https:\/\/pagina10.com\/web\/wp-content\/uploads\/2015\/06\/d79a82d2f5fec24bca9003dcd85cd2e9.jpg 750w, https:\/\/pagina10.com\/web\/wp-content\/uploads\/2015\/06\/d79a82d2f5fec24bca9003dcd85cd2e9-300x194.jpg 300w, https:\/\/pagina10.com\/web\/wp-content\/uploads\/2015\/06\/d79a82d2f5fec24bca9003dcd85cd2e9-210x136.jpg 210w\" sizes=\"(max-width: 750px) 100vw, 750px\" \/><\/p>\n<p style=\"text-align: justify;\">Chile y Ecuador abren este jueves en el estadio Nacional de Santiago una Copa Am\u00e9rica llena de estrellas, en la que ambas selecciones dan inicio a un duro camino por alcanzar este t\u00edtulo por primera vez en su historia.<\/p>\n<p style=\"text-align: justify;\">Tras una ceremonia inaugural que promete juegos de luces y pirotecnia de antolog\u00eda, chilenos y ecuatorianos se citan en la cancha donde se espera la presencia de 48.000 almas, entre ellas la presidenta chilena Michelle Bachelet.<\/p>\n<p style=\"text-align: justify;\">Chile y Ecuador comparten el grupo A con Bolivia y M\u00e9xico.<\/p>\n<p style=\"text-align: justify;\">El seleccionado de Chile, con 36 participaciones en el torneo y cuatro finales (1955, 1956, 1979 y 1987) llega en un momento inmejorable para aspirar a lo m\u00e1s grande, con una generaci\u00f3n notable de futbolistas y m\u00e1s a\u00fan en casa.<\/p>\n<p style=\"text-align: justify;\">El t\u00e9cnico Jorge Sampaoli ha dicho que conf\u00eda en su &#8220;columna vertebral&#8221; conformada por cuatro jugadores convertidos en figuras del f\u00fatbol mundial.<\/p>\n<p style=\"text-align: justify;\">Claudio Bravo, del FC Barcelona de Espa\u00f1a, el mejor arquero del torneo espa\u00f1ol reci\u00e9n pasado, as\u00ed como Arturo Vidal, un puntal en la Juventus italiana, Gary Medel, el sabueso del mediocampo del Inter de Mil\u00e1n, y Alexis S\u00e1nchez, ganador de dos copas FA Cup del Arsenal y considerado una de las figuras de la liga inglesa, son los l\u00edderes de una generaci\u00f3n \u00fanica de futbolistas chilenos.<\/p>\n<p style=\"text-align: justify;\">&#8220;Este es el momento de lograr grandes cosas&#8221;, dijo Alexis S\u00e1nchez.<\/p>\n<p style=\"text-align: justify;\">Sin bajas f\u00edsicas, y con todo el potencial a punto, Chile se ha preparado bajo una estricta seguridad que ha rodeado el b\u00fanker de entrenamiento.<\/p>\n<p style=\"text-align: justify;\">&nbsp;<\/p>\n<p style=\"text-align: justify;\"><strong>Ecuador herido por las bajas<\/strong><\/p>\n<p style=\"text-align: justify;\">El seleccionado ecuatoriano llega con su nuevo t\u00e9cnico, el argentino boliviano Gustavo Quinteros quien debuta en la Copa Am\u00e9rica con la dif\u00edcil misi\u00f3n de al menos superar el cuarto lugar que ha logrado hasta ahora (1993 y 2001). Ganar la Copa lo elevar\u00eda al nivel de h\u00e9roe nacional.<\/p>\n<p style=\"text-align: justify;\">&#8220;Se espera llegar en un ochenta por ciento al debut del pr\u00f3ximo jueves contra Chile&#8221;, dijo Quinteros.<\/p>\n<p style=\"text-align: justify;\">Con 25 presentaciones en la historia del torneo, esta vez la misi\u00f3n es dif\u00edcil, ante las sensibles bajas que el equipo ha sufrido, la \u00faltima por lesi\u00f3n el delantero Jaime Ayov\u00ed (Godoy Cruz\/Argentina), apenas a un d\u00eda del crucial estreno, reemplazado por Daniel Angulo (Independiente del Valle).<\/p>\n<p style=\"text-align: justify;\">Antes de llegar a Chile se bajaron por lesiones Antonio Valencia (Manchester United\/Inglaterra), Felipe Caicedo (Espanyol\/Espa\u00f1a) y Angel Mena (Emelec).<\/p>\n<p style=\"text-align: justify;\">Pese a esto, Quinteros conf\u00eda en Enner Valencia (West Ham United\/Inglaterra) la estrella que le queda para levantar a un equipo disminuido.<\/p>\n<p style=\"text-align: justify;\">El partido se disputar\u00e1 a partir de las 20H30 (23H30 GMT) con el arbitraje del argentino N\u00e9stor Pitana, asistido en las bandas por sus compatriotas Hern\u00e1n Maidana y Juan Belatti.<\/p>\n<p style=\"text-align: justify;\"><strong>Probables alineaciones:<\/strong><\/p>\n<p style=\"text-align: justify;\"><strong>Chile:<\/strong> Claudio Bravo \u2013 Mauricio Isla, Gary Medel, Gonzalo Jara, Eugenio Mena \u2013 Charles Ar\u00e1nguiz, Marcelo D\u00edaz, Arturo Vidal, Jorge Valdivia \u2013 Alexis S\u00e1nchez y Eduardo Vargas. DT: Jorge Sampaoli.<\/p>\n<p style=\"text-align: justify;\"><strong>Ecuador:<\/strong> Alexander Dom\u00ednguez &#8211; Juan Carlos Paredes, Gabriel Achilier, Frickson Erazo, Walter Ayov\u00ed &#8211; Fidel Mart\u00ednez, Cristhian Noboa, Osbaldo Lastra, Jefferson Montero &#8211; Miler Bola\u00f1os y Enner Valencia. DT: Gustavo Quinteros.<\/p>\n<p style=\"text-align: justify;\">&nbsp;<\/p>\n<p style=\"text-align: justify;\"><strong>Estad\u00edsticas:<\/strong><\/p>\n<p style=\"text-align: justify;\"><strong>Chile vs Ecuador<\/strong><\/p>\n<p style=\"text-align: justify;\">Se enfrentaron 13 veces<\/p>\n<p style=\"text-align: justify;\">Chile gan\u00f3 11 (43 goles), Ecuador solo 1 (14 tantos) y empataron 1<\/p>\n<p style=\"text-align: justify;\"><strong>Dato I:<\/strong> La \u00fanica victoria de Ecuador se produjo el 17 de junio de 1997, en el estadio F\u00e9lix Capriles de Cochabamba. En la fase de grupos por 2-1 (Ariel Graziani \u2013 Jos\u00e9 Gavica, Luis Vergara)<\/p>\n<p style=\"text-align: justify;\"><strong>Dato II:<\/strong> Chile gan\u00f3 en forma consecutiva los primeros ocho partidos del historial. La racha se cort\u00f3 el 24 de marzo de 1957 en el estadio Nacional de Lima cuando igualaron en dos tantos.<\/p>\n<p style=\"text-align: justify;\"><strong>Mayor goleada:<\/strong> Chile 7 (Enrique Hormaz\u00e1bal 3, Guillermo D\u00edaz Zambrano 2, Ren\u00e9 Mel\u00e9ndez y Jorge Robledo) \u2013 Ecuador 1 (Washington Villacreses) en 1955<\/p>\n<p style=\"text-align: justify;\"><strong>Penales:<\/strong> Cuatro tiene el historial. 3 convertidos y solo uno atajado. Sergio Livinstone se lo detuvo a V\u00edctor Arteaga en 1949.<\/p>\n<p style=\"text-align: justify;\"><strong>Primer partido:<\/strong> Chile 4 \u2013 Ecuador 1 (Torneo 1939)<\/p>\n<p style=\"text-align: justify;\"><strong>\u00daltimo encuentro:<\/strong> Chile 3 \u2013 Ecuador 2 (Fase de grupos 2007)<\/p>\n<p style=\"text-align: justify;\">&nbsp;<\/p>\n<p>Fuente: Conmebol<\/p>\n","protected":false},"excerpt":{"rendered":"<p>Chile y Ecuador abren este jueves en el estadio Nacional de Santiago una Copa Am\u00e9rica llena de estrellas, en la que ambas selecciones dan inicio a un duro camino por alcanzar este t\u00edtulo por primera vez en su historia. Tras una ceremonia inaugural que promete juegos de luces y pirotecnia de antolog\u00eda, chilenos y ecuatorianos [&hellip;]<\/p>\n","protected":false},"author":29,"featured_media":16387,"comment_status":"open","ping_status":"open","sticky":false,"template":"","format":"standard","meta":{"footnotes":""},"categories":[1],"tags":[],"class_list":["post-16388","post","type-post","status-publish","format-standard","has-post-thumbnail","hentry","category-sin-categoria"],"yoast_head":"<!-- This site is optimized with the Yoast SEO plugin v27.1.1 - https:\/\/yoast.com\/product\/yoast-seo-wordpress\/ -->\n<title>Chile y Ecuador se medir\u00e1n en la inauguraci\u00f3n de la Copa Am\u00e9rica | P\u00e1gina10<\/title>\n<meta name=\"robots\" content=\"index, follow, max-snippet:-1, max-image-preview:large, max-video-preview:-1\" \/>\n<link rel=\"canonical\" href=\"https:\/\/pagina10.com\/web\/chile-y-ecuador-se-mediran-en-la-inauguracion-de-la-copa-america\/\" \/>\n<meta property=\"og:locale\" content=\"es_ES\" \/>\n<meta property=\"og:type\" content=\"article\" \/>\n<meta property=\"og:title\" content=\"Chile y Ecuador se medir\u00e1n en la inauguraci\u00f3n de la Copa Am\u00e9rica | P\u00e1gina10\" \/>\n<meta property=\"og:description\" content=\"Chile y Ecuador abren este jueves en el estadio Nacional de Santiago una Copa Am\u00e9rica llena de estrellas, en la que ambas selecciones dan inicio a un duro camino por alcanzar este t\u00edtulo por primera vez en su historia. Tras una ceremonia inaugural que promete juegos de luces y pirotecnia de antolog\u00eda, chilenos y ecuatorianos [&hellip;]\" \/>\n<meta property=\"og:url\" content=\"https:\/\/pagina10.com\/web\/chile-y-ecuador-se-mediran-en-la-inauguracion-de-la-copa-america\/\" \/>\n<meta property=\"og:site_name\" content=\"P\u00e1gina10\" \/>\n<meta property=\"article:publisher\" content=\"https:\/\/www.facebook.com\/pag10com\" \/>\n<meta property=\"article:published_time\" content=\"2015-06-10T14:54:46+00:00\" \/>\n<meta property=\"og:image\" content=\"https:\/\/pagina10.com\/web\/wp-content\/uploads\/2015\/06\/d79a82d2f5fec24bca9003dcd85cd2e9.jpg\" \/>\n\t<meta property=\"og:image:width\" content=\"750\" \/>\n\t<meta property=\"og:image:height\" content=\"485\" \/>\n\t<meta property=\"og:image:type\" content=\"image\/jpeg\" \/>\n<meta name=\"author\" content=\"P\u00e1gina 10\" \/>\n<meta name=\"twitter:card\" content=\"summary_large_image\" \/>\n<meta name=\"twitter:creator\" content=\"@Pag10com\" \/>\n<meta name=\"twitter:site\" content=\"@Pag10com\" \/>\n<meta name=\"twitter:label1\" content=\"Escrito por\" \/>\n\t<meta name=\"twitter:data1\" content=\"P\u00e1gina 10\" \/>\n\t<meta name=\"twitter:label2\" content=\"Tiempo de lectura\" \/>\n\t<meta name=\"twitter:data2\" content=\"3 minutos\" \/>\n<script type=\"application\/ld+json\" class=\"yoast-schema-graph\">{\"@context\":\"https:\/\/schema.org\",\"@graph\":[{\"@type\":\"Article\",\"@id\":\"https:\/\/pagina10.com\/web\/chile-y-ecuador-se-mediran-en-la-inauguracion-de-la-copa-america\/#article\",\"isPartOf\":{\"@id\":\"https:\/\/pagina10.com\/web\/chile-y-ecuador-se-mediran-en-la-inauguracion-de-la-copa-america\/\"},\"author\":{\"name\":\"P\u00e1gina 10\",\"@id\":\"https:\/\/pagina10.com\/web\/#\/schema\/person\/a7a5d38f0629dfc107f619fbae4f6cc3\"},\"headline\":\"Chile y Ecuador se medir\u00e1n en la inauguraci\u00f3n de la Copa Am\u00e9rica\",\"datePublished\":\"2015-06-10T14:54:46+00:00\",\"mainEntityOfPage\":{\"@id\":\"https:\/\/pagina10.com\/web\/chile-y-ecuador-se-mediran-en-la-inauguracion-de-la-copa-america\/\"},\"wordCount\":690,\"commentCount\":0,\"publisher\":{\"@id\":\"https:\/\/pagina10.com\/web\/#organization\"},\"image\":{\"@id\":\"https:\/\/pagina10.com\/web\/chile-y-ecuador-se-mediran-en-la-inauguracion-de-la-copa-america\/#primaryimage\"},\"thumbnailUrl\":\"https:\/\/pagina10.com\/web\/wp-content\/uploads\/2015\/06\/d79a82d2f5fec24bca9003dcd85cd2e9.jpg\",\"inLanguage\":\"es\",\"potentialAction\":[{\"@type\":\"CommentAction\",\"name\":\"Comment\",\"target\":[\"https:\/\/pagina10.com\/web\/chile-y-ecuador-se-mediran-en-la-inauguracion-de-la-copa-america\/#respond\"]}]},{\"@type\":\"WebPage\",\"@id\":\"https:\/\/pagina10.com\/web\/chile-y-ecuador-se-mediran-en-la-inauguracion-de-la-copa-america\/\",\"url\":\"https:\/\/pagina10.com\/web\/chile-y-ecuador-se-mediran-en-la-inauguracion-de-la-copa-america\/\",\"name\":\"Chile y Ecuador se medir\u00e1n en la inauguraci\u00f3n de la Copa Am\u00e9rica | P\u00e1gina10\",\"isPartOf\":{\"@id\":\"https:\/\/pagina10.com\/web\/#website\"},\"primaryImageOfPage\":{\"@id\":\"https:\/\/pagina10.com\/web\/chile-y-ecuador-se-mediran-en-la-inauguracion-de-la-copa-america\/#primaryimage\"},\"image\":{\"@id\":\"https:\/\/pagina10.com\/web\/chile-y-ecuador-se-mediran-en-la-inauguracion-de-la-copa-america\/#primaryimage\"},\"thumbnailUrl\":\"https:\/\/pagina10.com\/web\/wp-content\/uploads\/2015\/06\/d79a82d2f5fec24bca9003dcd85cd2e9.jpg\",\"datePublished\":\"2015-06-10T14:54:46+00:00\",\"breadcrumb\":{\"@id\":\"https:\/\/pagina10.com\/web\/chile-y-ecuador-se-mediran-en-la-inauguracion-de-la-copa-america\/#breadcrumb\"},\"inLanguage\":\"es\",\"potentialAction\":[{\"@type\":\"ReadAction\",\"target\":[\"https:\/\/pagina10.com\/web\/chile-y-ecuador-se-mediran-en-la-inauguracion-de-la-copa-america\/\"]}]},{\"@type\":\"ImageObject\",\"inLanguage\":\"es\",\"@id\":\"https:\/\/pagina10.com\/web\/chile-y-ecuador-se-mediran-en-la-inauguracion-de-la-copa-america\/#primaryimage\",\"url\":\"https:\/\/pagina10.com\/web\/wp-content\/uploads\/2015\/06\/d79a82d2f5fec24bca9003dcd85cd2e9.jpg\",\"contentUrl\":\"https:\/\/pagina10.com\/web\/wp-content\/uploads\/2015\/06\/d79a82d2f5fec24bca9003dcd85cd2e9.jpg\",\"width\":750,\"height\":485},{\"@type\":\"BreadcrumbList\",\"@id\":\"https:\/\/pagina10.com\/web\/chile-y-ecuador-se-mediran-en-la-inauguracion-de-la-copa-america\/#breadcrumb\",\"itemListElement\":[{\"@type\":\"ListItem\",\"position\":1,\"name\":\"Portada\",\"item\":\"https:\/\/pagina10.com\/web\/\"},{\"@type\":\"ListItem\",\"position\":2,\"name\":\"Chile y Ecuador se medir\u00e1n en la inauguraci\u00f3n de la Copa Am\u00e9rica\"}]},{\"@type\":\"WebSite\",\"@id\":\"https:\/\/pagina10.com\/web\/#website\",\"url\":\"https:\/\/pagina10.com\/web\/\",\"name\":\"P\u00e1gina10\",\"description\":\"Peri\u00f3dico Regional\",\"publisher\":{\"@id\":\"https:\/\/pagina10.com\/web\/#organization\"},\"alternateName\":\"P\u00e1gina10 Peri\u00f3dico Regional\",\"potentialAction\":[{\"@type\":\"SearchAction\",\"target\":{\"@type\":\"EntryPoint\",\"urlTemplate\":\"https:\/\/pagina10.com\/web\/?s={search_term_string}\"},\"query-input\":{\"@type\":\"PropertyValueSpecification\",\"valueRequired\":true,\"valueName\":\"search_term_string\"}}],\"inLanguage\":\"es\"},{\"@type\":\"Organization\",\"@id\":\"https:\/\/pagina10.com\/web\/#organization\",\"name\":\"P\u00e1gina10\",\"alternateName\":\"P\u00e1gina10 Peri\u00f3dico Regional\",\"url\":\"https:\/\/pagina10.com\/web\/\",\"logo\":{\"@type\":\"ImageObject\",\"inLanguage\":\"es\",\"@id\":\"https:\/\/pagina10.com\/web\/#\/schema\/logo\/image\/\",\"url\":\"https:\/\/pagina10.com\/web\/wp-content\/uploads\/2024\/01\/40-pagina-10-periodico-regional-pasto.jpg\",\"contentUrl\":\"https:\/\/pagina10.com\/web\/wp-content\/uploads\/2024\/01\/40-pagina-10-periodico-regional-pasto.jpg\",\"width\":1280,\"height\":720,\"caption\":\"P\u00e1gina10\"},\"image\":{\"@id\":\"https:\/\/pagina10.com\/web\/#\/schema\/logo\/image\/\"},\"sameAs\":[\"https:\/\/www.facebook.com\/pag10com\",\"https:\/\/x.com\/Pag10com\",\"https:\/\/www.instagram.com\/pagina10col\/\",\"https:\/\/youtube.com\/channel\/pag10\",\"https:\/\/www.tiktok.com\/@p10col\"]},{\"@type\":\"Person\",\"@id\":\"https:\/\/pagina10.com\/web\/#\/schema\/person\/a7a5d38f0629dfc107f619fbae4f6cc3\",\"name\":\"P\u00e1gina 10\",\"description\":\"P\u00e1gina10.com es un peri\u00f3dico digital que nace en Colombia, en el departamento de Nari\u00f1o, con un enfoque global, fundamentado en cuatro pilares esenciales: la libertad, el pluralismo, la inclusi\u00f3n y la independencia. P\u00e1gina10.com hace referencia a Nari\u00f1o como el d\u00e9cimo departamento creado en Colombia, despu\u00e9s de un proceso pol\u00edtico liderado por actores y actrices regionales con el fin de obtener la independencia y autonom\u00eda de nuestros territorios. Con la creaci\u00f3n de P\u00e1gina10.com se pretende abrir un escenario para el dialogo, la reflexi\u00f3n y el debate que se extienda a otras geograf\u00edas de Am\u00e9rica Latina y del planeta, en una apuesta por transformar colectivamente los desaf\u00edos de un mundo contempor\u00e1neo, m\u00e1s all\u00e1 de las fronteras impuestas.\",\"url\":\"https:\/\/pagina10.com\/web\/author\/mcepeda\/\"}]}<\/script>\n<!-- \/ Yoast SEO plugin. -->","yoast_head_json":{"title":"Chile y Ecuador se medir\u00e1n en la inauguraci\u00f3n de la Copa Am\u00e9rica | P\u00e1gina10","robots":{"index":"index","follow":"follow","max-snippet":"max-snippet:-1","max-image-preview":"max-image-preview:large","max-video-preview":"max-video-preview:-1"},"canonical":"https:\/\/pagina10.com\/web\/chile-y-ecuador-se-mediran-en-la-inauguracion-de-la-copa-america\/","og_locale":"es_ES","og_type":"article","og_title":"Chile y Ecuador se medir\u00e1n en la inauguraci\u00f3n de la Copa Am\u00e9rica | P\u00e1gina10","og_description":"Chile y Ecuador abren este jueves en el estadio Nacional de Santiago una Copa Am\u00e9rica llena de estrellas, en la que ambas selecciones dan inicio a un duro camino por alcanzar este t\u00edtulo por primera vez en su historia. Tras una ceremonia inaugural que promete juegos de luces y pirotecnia de antolog\u00eda, chilenos y ecuatorianos [&hellip;]","og_url":"https:\/\/pagina10.com\/web\/chile-y-ecuador-se-mediran-en-la-inauguracion-de-la-copa-america\/","og_site_name":"P\u00e1gina10","article_publisher":"https:\/\/www.facebook.com\/pag10com","article_published_time":"2015-06-10T14:54:46+00:00","og_image":[{"width":750,"height":485,"url":"https:\/\/pagina10.com\/web\/wp-content\/uploads\/2015\/06\/d79a82d2f5fec24bca9003dcd85cd2e9.jpg","type":"image\/jpeg"}],"author":"P\u00e1gina 10","twitter_card":"summary_large_image","twitter_creator":"@Pag10com","twitter_site":"@Pag10com","twitter_misc":{"Escrito por":"P\u00e1gina 10","Tiempo de lectura":"3 minutos"},"schema":{"@context":"https:\/\/schema.org","@graph":[{"@type":"Article","@id":"https:\/\/pagina10.com\/web\/chile-y-ecuador-se-mediran-en-la-inauguracion-de-la-copa-america\/#article","isPartOf":{"@id":"https:\/\/pagina10.com\/web\/chile-y-ecuador-se-mediran-en-la-inauguracion-de-la-copa-america\/"},"author":{"name":"P\u00e1gina 10","@id":"https:\/\/pagina10.com\/web\/#\/schema\/person\/a7a5d38f0629dfc107f619fbae4f6cc3"},"headline":"Chile y Ecuador se medir\u00e1n en la inauguraci\u00f3n de la Copa Am\u00e9rica","datePublished":"2015-06-10T14:54:46+00:00","mainEntityOfPage":{"@id":"https:\/\/pagina10.com\/web\/chile-y-ecuador-se-mediran-en-la-inauguracion-de-la-copa-america\/"},"wordCount":690,"commentCount":0,"publisher":{"@id":"https:\/\/pagina10.com\/web\/#organization"},"image":{"@id":"https:\/\/pagina10.com\/web\/chile-y-ecuador-se-mediran-en-la-inauguracion-de-la-copa-america\/#primaryimage"},"thumbnailUrl":"https:\/\/pagina10.com\/web\/wp-content\/uploads\/2015\/06\/d79a82d2f5fec24bca9003dcd85cd2e9.jpg","inLanguage":"es","potentialAction":[{"@type":"CommentAction","name":"Comment","target":["https:\/\/pagina10.com\/web\/chile-y-ecuador-se-mediran-en-la-inauguracion-de-la-copa-america\/#respond"]}]},{"@type":"WebPage","@id":"https:\/\/pagina10.com\/web\/chile-y-ecuador-se-mediran-en-la-inauguracion-de-la-copa-america\/","url":"https:\/\/pagina10.com\/web\/chile-y-ecuador-se-mediran-en-la-inauguracion-de-la-copa-america\/","name":"Chile y Ecuador se medir\u00e1n en la inauguraci\u00f3n de la Copa Am\u00e9rica | P\u00e1gina10","isPartOf":{"@id":"https:\/\/pagina10.com\/web\/#website"},"primaryImageOfPage":{"@id":"https:\/\/pagina10.com\/web\/chile-y-ecuador-se-mediran-en-la-inauguracion-de-la-copa-america\/#primaryimage"},"image":{"@id":"https:\/\/pagina10.com\/web\/chile-y-ecuador-se-mediran-en-la-inauguracion-de-la-copa-america\/#primaryimage"},"thumbnailUrl":"https:\/\/pagina10.com\/web\/wp-content\/uploads\/2015\/06\/d79a82d2f5fec24bca9003dcd85cd2e9.jpg","datePublished":"2015-06-10T14:54:46+00:00","breadcrumb":{"@id":"https:\/\/pagina10.com\/web\/chile-y-ecuador-se-mediran-en-la-inauguracion-de-la-copa-america\/#breadcrumb"},"inLanguage":"es","potentialAction":[{"@type":"ReadAction","target":["https:\/\/pagina10.com\/web\/chile-y-ecuador-se-mediran-en-la-inauguracion-de-la-copa-america\/"]}]},{"@type":"ImageObject","inLanguage":"es","@id":"https:\/\/pagina10.com\/web\/chile-y-ecuador-se-mediran-en-la-inauguracion-de-la-copa-america\/#primaryimage","url":"https:\/\/pagina10.com\/web\/wp-content\/uploads\/2015\/06\/d79a82d2f5fec24bca9003dcd85cd2e9.jpg","contentUrl":"https:\/\/pagina10.com\/web\/wp-content\/uploads\/2015\/06\/d79a82d2f5fec24bca9003dcd85cd2e9.jpg","width":750,"height":485},{"@type":"BreadcrumbList","@id":"https:\/\/pagina10.com\/web\/chile-y-ecuador-se-mediran-en-la-inauguracion-de-la-copa-america\/#breadcrumb","itemListElement":[{"@type":"ListItem","position":1,"name":"Portada","item":"https:\/\/pagina10.com\/web\/"},{"@type":"ListItem","position":2,"name":"Chile y Ecuador se medir\u00e1n en la inauguraci\u00f3n de la Copa Am\u00e9rica"}]},{"@type":"WebSite","@id":"https:\/\/pagina10.com\/web\/#website","url":"https:\/\/pagina10.com\/web\/","name":"P\u00e1gina10","description":"Peri\u00f3dico Regional","publisher":{"@id":"https:\/\/pagina10.com\/web\/#organization"},"alternateName":"P\u00e1gina10 Peri\u00f3dico Regional","potentialAction":[{"@type":"SearchAction","target":{"@type":"EntryPoint","urlTemplate":"https:\/\/pagina10.com\/web\/?s={search_term_string}"},"query-input":{"@type":"PropertyValueSpecification","valueRequired":true,"valueName":"search_term_string"}}],"inLanguage":"es"},{"@type":"Organization","@id":"https:\/\/pagina10.com\/web\/#organization","name":"P\u00e1gina10","alternateName":"P\u00e1gina10 Peri\u00f3dico Regional","url":"https:\/\/pagina10.com\/web\/","logo":{"@type":"ImageObject","inLanguage":"es","@id":"https:\/\/pagina10.com\/web\/#\/schema\/logo\/image\/","url":"https:\/\/pagina10.com\/web\/wp-content\/uploads\/2024\/01\/40-pagina-10-periodico-regional-pasto.jpg","contentUrl":"https:\/\/pagina10.com\/web\/wp-content\/uploads\/2024\/01\/40-pagina-10-periodico-regional-pasto.jpg","width":1280,"height":720,"caption":"P\u00e1gina10"},"image":{"@id":"https:\/\/pagina10.com\/web\/#\/schema\/logo\/image\/"},"sameAs":["https:\/\/www.facebook.com\/pag10com","https:\/\/x.com\/Pag10com","https:\/\/www.instagram.com\/pagina10col\/","https:\/\/youtube.com\/channel\/pag10","https:\/\/www.tiktok.com\/@p10col"]},{"@type":"Person","@id":"https:\/\/pagina10.com\/web\/#\/schema\/person\/a7a5d38f0629dfc107f619fbae4f6cc3","name":"P\u00e1gina 10","description":"P\u00e1gina10.com es un peri\u00f3dico digital que nace en Colombia, en el departamento de Nari\u00f1o, con un enfoque global, fundamentado en cuatro pilares esenciales: la libertad, el pluralismo, la inclusi\u00f3n y la independencia. P\u00e1gina10.com hace referencia a Nari\u00f1o como el d\u00e9cimo departamento creado en Colombia, despu\u00e9s de un proceso pol\u00edtico liderado por actores y actrices regionales con el fin de obtener la independencia y autonom\u00eda de nuestros territorios. Con la creaci\u00f3n de P\u00e1gina10.com se pretende abrir un escenario para el dialogo, la reflexi\u00f3n y el debate que se extienda a otras geograf\u00edas de Am\u00e9rica Latina y del planeta, en una apuesta por transformar colectivamente los desaf\u00edos de un mundo contempor\u00e1neo, m\u00e1s all\u00e1 de las fronteras impuestas.","url":"https:\/\/pagina10.com\/web\/author\/mcepeda\/"}]}},"_links":{"self":[{"href":"https:\/\/pagina10.com\/web\/wp-json\/wp\/v2\/posts\/16388","targetHints":{"allow":["GET"]}}],"collection":[{"href":"https:\/\/pagina10.com\/web\/wp-json\/wp\/v2\/posts"}],"about":[{"href":"https:\/\/pagina10.com\/web\/wp-json\/wp\/v2\/types\/post"}],"author":[{"embeddable":true,"href":"https:\/\/pagina10.com\/web\/wp-json\/wp\/v2\/users\/29"}],"replies":[{"embeddable":true,"href":"https:\/\/pagina10.com\/web\/wp-json\/wp\/v2\/comments?post=16388"}],"version-history":[{"count":0,"href":"https:\/\/pagina10.com\/web\/wp-json\/wp\/v2\/posts\/16388\/revisions"}],"wp:featuredmedia":[{"embeddable":true,"href":"https:\/\/pagina10.com\/web\/wp-json\/wp\/v2\/media\/16387"}],"wp:attachment":[{"href":"https:\/\/pagina10.com\/web\/wp-json\/wp\/v2\/media?parent=16388"}],"wp:term":[{"taxonomy":"category","embeddable":true,"href":"https:\/\/pagina10.com\/web\/wp-json\/wp\/v2\/categories?post=16388"},{"taxonomy":"post_tag","embeddable":true,"href":"https:\/\/pagina10.com\/web\/wp-json\/wp\/v2\/tags?post=16388"}],"curies":[{"name":"wp","href":"https:\/\/api.w.org\/{rel}","templated":true}]}}