{"id":16392,"date":"2015-06-10T15:35:42","date_gmt":"2015-06-10T15:35:42","guid":{"rendered":"https:\/\/pagina10.com\/web\/google-chrome-ha-anunciado-que-bloqueara-contenido-flash\/"},"modified":"2015-06-10T15:35:42","modified_gmt":"2015-06-10T15:35:42","slug":"google-chrome-ha-anunciado-que-bloqueara-contenido-flash","status":"publish","type":"post","link":"https:\/\/pagina10.com\/web\/google-chrome-ha-anunciado-que-bloqueara-contenido-flash\/","title":{"rendered":"Google Chrome ha anunciado que bloquear\u00e1 contenido flash"},"content":{"rendered":"<p><img fetchpriority=\"high\" decoding=\"async\" class=\" size-full wp-image-16391\" src=\"https:\/\/pagina10.com\/web\/wp-content\/uploads\/2015\/06\/82dfd0c213a08249e67f24e245085a83.jpg\" alt=\"\" width=\"634\" height=\"309\" srcset=\"https:\/\/pagina10.com\/web\/wp-content\/uploads\/2015\/06\/82dfd0c213a08249e67f24e245085a83.jpg 634w, https:\/\/pagina10.com\/web\/wp-content\/uploads\/2015\/06\/82dfd0c213a08249e67f24e245085a83-300x146.jpg 300w\" sizes=\"(max-width: 634px) 100vw, 634px\" \/><\/p>\n<p style=\"text-align: justify;\">La compa\u00f1\u00eda estadounidense ha anunciado el lanzamiento de una nueva caracter\u00edstica en su navegador que permitir\u00e1 bloquear o no contenidos en formato flash. Tal como anuncia la web de desarrollo del navegador, Google Chrome \u00abpausar\u00e1 de manera inteligente el contenido perif\u00e9rico en Flash\u00bb que no es esencial para la p\u00e1gina.<\/p>\n<p style=\"text-align: justify;\">En el caso de que este interese al usuario, podr\u00e1 hacer clic para volver a reproducir el contenido. Se podr\u00e1 configurar esta opci\u00f3n en la ventana de \u00abopciones avanzadas\u00bb y dentro de \u00abprivacidad\u00bb con la opci\u00f3n de complementos.<\/p>\n<p style=\"text-align: justify;\">As\u00ed se podr\u00e1, afirma Google,\u00abreducir el consumo de bater\u00eda del ordenador\u00bb lo cual permite \u00abnavegar por la web m\u00e1s tiempo\u00bb. Esto va a modificar en parte los v\u00eddeos autom\u00e1ticos publicitarios que muestran ciertas web, aunque todav\u00eda no se conoce si la implementaci\u00f3n aparecer\u00e1 de manera autom\u00e1tica por defecto en el navegador fuera de su fase beta.<\/p>\n<p style=\"text-align: justify;\"><strong>&nbsp;<\/strong><\/p>\n<p style=\"text-align: justify;\"><strong>En retroceso<\/strong><br \/>La tecnolog\u00eda flash est\u00e1 ahora en retroceso con las nuevas implementaciones, especialmente HTML 5, y el pasado tres de junio Adobe lleg\u00f3 a reconocer 53 vulnerabilidades en esta. Por otra parte, Apple anunci\u00f3 a finales de mayo que \u00abbloquear\u00eda\u00bb versiones antiguas de flash, adem\u00e1s no tenerla instalada por defecto en sus ordenadores Mac.<\/p>\n<p style=\"text-align: justify;\">Estas iniciativas se unen al intento de Firefox de crear una alternativa a flash en HTML 5 llamada \u00abShumway\u00bb o el abandono de YouTube de la tecnolog\u00eda de Adobe por defecto. La nueva caracter\u00edstica de Google Chrome est\u00e1 ahora implementada de manera est\u00e1ndar en la beta del navegador, pero pronto llegar\u00e1 a la versi\u00f3n en escritorio.<\/p>\n<p style=\"text-align: justify;\">&nbsp;<\/p>\n<p>Fuente: ABC<\/p>\n","protected":false},"excerpt":{"rendered":"<p>La compa\u00f1\u00eda estadounidense ha anunciado el lanzamiento de una nueva caracter\u00edstica en su navegador que permitir\u00e1 bloquear o no contenidos en formato flash. Tal como anuncia la web de desarrollo del navegador, Google Chrome \u00abpausar\u00e1 de manera inteligente el contenido perif\u00e9rico en Flash\u00bb que no es esencial para la p\u00e1gina. En el caso de que [&hellip;]<\/p>\n","protected":false},"author":29,"featured_media":16391,"comment_status":"open","ping_status":"open","sticky":false,"template":"","format":"standard","meta":{"footnotes":""},"categories":[1],"tags":[],"class_list":["post-16392","post","type-post","status-publish","format-standard","has-post-thumbnail","hentry","category-sin-categoria"],"yoast_head":"<!-- This site is optimized with the Yoast SEO plugin v27.1.1 - https:\/\/yoast.com\/product\/yoast-seo-wordpress\/ -->\n<title>Google Chrome ha anunciado que bloquear\u00e1 contenido flash | P\u00e1gina10<\/title>\n<meta name=\"robots\" content=\"index, follow, max-snippet:-1, max-image-preview:large, max-video-preview:-1\" \/>\n<link rel=\"canonical\" href=\"https:\/\/pagina10.com\/web\/google-chrome-ha-anunciado-que-bloqueara-contenido-flash\/\" \/>\n<meta property=\"og:locale\" content=\"es_ES\" \/>\n<meta property=\"og:type\" content=\"article\" \/>\n<meta property=\"og:title\" content=\"Google Chrome ha anunciado que bloquear\u00e1 contenido flash | P\u00e1gina10\" \/>\n<meta property=\"og:description\" content=\"La compa\u00f1\u00eda estadounidense ha anunciado el lanzamiento de una nueva caracter\u00edstica en su navegador que permitir\u00e1 bloquear o no contenidos en formato flash. Tal como anuncia la web de desarrollo del navegador, Google Chrome \u00abpausar\u00e1 de manera inteligente el contenido perif\u00e9rico en Flash\u00bb que no es esencial para la p\u00e1gina. En el caso de que [&hellip;]\" \/>\n<meta property=\"og:url\" content=\"https:\/\/pagina10.com\/web\/google-chrome-ha-anunciado-que-bloqueara-contenido-flash\/\" \/>\n<meta property=\"og:site_name\" content=\"P\u00e1gina10\" \/>\n<meta property=\"article:publisher\" content=\"https:\/\/www.facebook.com\/pag10com\" \/>\n<meta property=\"article:published_time\" content=\"2015-06-10T15:35:42+00:00\" \/>\n<meta property=\"og:image\" content=\"https:\/\/pagina10.com\/web\/wp-content\/uploads\/2015\/06\/82dfd0c213a08249e67f24e245085a83.jpg\" \/>\n\t<meta property=\"og:image:width\" content=\"634\" \/>\n\t<meta property=\"og:image:height\" content=\"309\" \/>\n\t<meta property=\"og:image:type\" content=\"image\/jpeg\" \/>\n<meta name=\"author\" content=\"P\u00e1gina 10\" \/>\n<meta name=\"twitter:card\" content=\"summary_large_image\" \/>\n<meta name=\"twitter:creator\" content=\"@Pag10com\" \/>\n<meta name=\"twitter:site\" content=\"@Pag10com\" \/>\n<meta name=\"twitter:label1\" content=\"Escrito por\" \/>\n\t<meta name=\"twitter:data1\" content=\"P\u00e1gina 10\" \/>\n\t<meta name=\"twitter:label2\" content=\"Tiempo de lectura\" \/>\n\t<meta name=\"twitter:data2\" content=\"1 minuto\" \/>\n<script type=\"application\/ld+json\" class=\"yoast-schema-graph\">{\"@context\":\"https:\/\/schema.org\",\"@graph\":[{\"@type\":\"Article\",\"@id\":\"https:\/\/pagina10.com\/web\/google-chrome-ha-anunciado-que-bloqueara-contenido-flash\/#article\",\"isPartOf\":{\"@id\":\"https:\/\/pagina10.com\/web\/google-chrome-ha-anunciado-que-bloqueara-contenido-flash\/\"},\"author\":{\"name\":\"P\u00e1gina 10\",\"@id\":\"https:\/\/pagina10.com\/web\/#\/schema\/person\/a7a5d38f0629dfc107f619fbae4f6cc3\"},\"headline\":\"Google Chrome ha anunciado que bloquear\u00e1 contenido flash\",\"datePublished\":\"2015-06-10T15:35:42+00:00\",\"mainEntityOfPage\":{\"@id\":\"https:\/\/pagina10.com\/web\/google-chrome-ha-anunciado-que-bloqueara-contenido-flash\/\"},\"wordCount\":285,\"commentCount\":0,\"publisher\":{\"@id\":\"https:\/\/pagina10.com\/web\/#organization\"},\"image\":{\"@id\":\"https:\/\/pagina10.com\/web\/google-chrome-ha-anunciado-que-bloqueara-contenido-flash\/#primaryimage\"},\"thumbnailUrl\":\"https:\/\/pagina10.com\/web\/wp-content\/uploads\/2015\/06\/82dfd0c213a08249e67f24e245085a83.jpg\",\"inLanguage\":\"es\",\"potentialAction\":[{\"@type\":\"CommentAction\",\"name\":\"Comment\",\"target\":[\"https:\/\/pagina10.com\/web\/google-chrome-ha-anunciado-que-bloqueara-contenido-flash\/#respond\"]}]},{\"@type\":\"WebPage\",\"@id\":\"https:\/\/pagina10.com\/web\/google-chrome-ha-anunciado-que-bloqueara-contenido-flash\/\",\"url\":\"https:\/\/pagina10.com\/web\/google-chrome-ha-anunciado-que-bloqueara-contenido-flash\/\",\"name\":\"Google Chrome ha anunciado que bloquear\u00e1 contenido flash | P\u00e1gina10\",\"isPartOf\":{\"@id\":\"https:\/\/pagina10.com\/web\/#website\"},\"primaryImageOfPage\":{\"@id\":\"https:\/\/pagina10.com\/web\/google-chrome-ha-anunciado-que-bloqueara-contenido-flash\/#primaryimage\"},\"image\":{\"@id\":\"https:\/\/pagina10.com\/web\/google-chrome-ha-anunciado-que-bloqueara-contenido-flash\/#primaryimage\"},\"thumbnailUrl\":\"https:\/\/pagina10.com\/web\/wp-content\/uploads\/2015\/06\/82dfd0c213a08249e67f24e245085a83.jpg\",\"datePublished\":\"2015-06-10T15:35:42+00:00\",\"breadcrumb\":{\"@id\":\"https:\/\/pagina10.com\/web\/google-chrome-ha-anunciado-que-bloqueara-contenido-flash\/#breadcrumb\"},\"inLanguage\":\"es\",\"potentialAction\":[{\"@type\":\"ReadAction\",\"target\":[\"https:\/\/pagina10.com\/web\/google-chrome-ha-anunciado-que-bloqueara-contenido-flash\/\"]}]},{\"@type\":\"ImageObject\",\"inLanguage\":\"es\",\"@id\":\"https:\/\/pagina10.com\/web\/google-chrome-ha-anunciado-que-bloqueara-contenido-flash\/#primaryimage\",\"url\":\"https:\/\/pagina10.com\/web\/wp-content\/uploads\/2015\/06\/82dfd0c213a08249e67f24e245085a83.jpg\",\"contentUrl\":\"https:\/\/pagina10.com\/web\/wp-content\/uploads\/2015\/06\/82dfd0c213a08249e67f24e245085a83.jpg\",\"width\":634,\"height\":309},{\"@type\":\"BreadcrumbList\",\"@id\":\"https:\/\/pagina10.com\/web\/google-chrome-ha-anunciado-que-bloqueara-contenido-flash\/#breadcrumb\",\"itemListElement\":[{\"@type\":\"ListItem\",\"position\":1,\"name\":\"Portada\",\"item\":\"https:\/\/pagina10.com\/web\/\"},{\"@type\":\"ListItem\",\"position\":2,\"name\":\"Google Chrome ha anunciado que bloquear\u00e1 contenido flash\"}]},{\"@type\":\"WebSite\",\"@id\":\"https:\/\/pagina10.com\/web\/#website\",\"url\":\"https:\/\/pagina10.com\/web\/\",\"name\":\"P\u00e1gina10\",\"description\":\"Peri\u00f3dico Regional\",\"publisher\":{\"@id\":\"https:\/\/pagina10.com\/web\/#organization\"},\"alternateName\":\"P\u00e1gina10 Peri\u00f3dico Regional\",\"potentialAction\":[{\"@type\":\"SearchAction\",\"target\":{\"@type\":\"EntryPoint\",\"urlTemplate\":\"https:\/\/pagina10.com\/web\/?s={search_term_string}\"},\"query-input\":{\"@type\":\"PropertyValueSpecification\",\"valueRequired\":true,\"valueName\":\"search_term_string\"}}],\"inLanguage\":\"es\"},{\"@type\":\"Organization\",\"@id\":\"https:\/\/pagina10.com\/web\/#organization\",\"name\":\"P\u00e1gina10\",\"alternateName\":\"P\u00e1gina10 Peri\u00f3dico Regional\",\"url\":\"https:\/\/pagina10.com\/web\/\",\"logo\":{\"@type\":\"ImageObject\",\"inLanguage\":\"es\",\"@id\":\"https:\/\/pagina10.com\/web\/#\/schema\/logo\/image\/\",\"url\":\"https:\/\/pagina10.com\/web\/wp-content\/uploads\/2024\/01\/40-pagina-10-periodico-regional-pasto.jpg\",\"contentUrl\":\"https:\/\/pagina10.com\/web\/wp-content\/uploads\/2024\/01\/40-pagina-10-periodico-regional-pasto.jpg\",\"width\":1280,\"height\":720,\"caption\":\"P\u00e1gina10\"},\"image\":{\"@id\":\"https:\/\/pagina10.com\/web\/#\/schema\/logo\/image\/\"},\"sameAs\":[\"https:\/\/www.facebook.com\/pag10com\",\"https:\/\/x.com\/Pag10com\",\"https:\/\/www.instagram.com\/pagina10col\/\",\"https:\/\/youtube.com\/channel\/pag10\",\"https:\/\/www.tiktok.com\/@p10col\"]},{\"@type\":\"Person\",\"@id\":\"https:\/\/pagina10.com\/web\/#\/schema\/person\/a7a5d38f0629dfc107f619fbae4f6cc3\",\"name\":\"P\u00e1gina 10\",\"description\":\"P\u00e1gina10.com es un peri\u00f3dico digital que nace en Colombia, en el departamento de Nari\u00f1o, con un enfoque global, fundamentado en cuatro pilares esenciales: la libertad, el pluralismo, la inclusi\u00f3n y la independencia. P\u00e1gina10.com hace referencia a Nari\u00f1o como el d\u00e9cimo departamento creado en Colombia, despu\u00e9s de un proceso pol\u00edtico liderado por actores y actrices regionales con el fin de obtener la independencia y autonom\u00eda de nuestros territorios. Con la creaci\u00f3n de P\u00e1gina10.com se pretende abrir un escenario para el dialogo, la reflexi\u00f3n y el debate que se extienda a otras geograf\u00edas de Am\u00e9rica Latina y del planeta, en una apuesta por transformar colectivamente los desaf\u00edos de un mundo contempor\u00e1neo, m\u00e1s all\u00e1 de las fronteras impuestas.\",\"url\":\"https:\/\/pagina10.com\/web\/author\/mcepeda\/\"}]}<\/script>\n<!-- \/ Yoast SEO plugin. -->","yoast_head_json":{"title":"Google Chrome ha anunciado que bloquear\u00e1 contenido flash | P\u00e1gina10","robots":{"index":"index","follow":"follow","max-snippet":"max-snippet:-1","max-image-preview":"max-image-preview:large","max-video-preview":"max-video-preview:-1"},"canonical":"https:\/\/pagina10.com\/web\/google-chrome-ha-anunciado-que-bloqueara-contenido-flash\/","og_locale":"es_ES","og_type":"article","og_title":"Google Chrome ha anunciado que bloquear\u00e1 contenido flash | P\u00e1gina10","og_description":"La compa\u00f1\u00eda estadounidense ha anunciado el lanzamiento de una nueva caracter\u00edstica en su navegador que permitir\u00e1 bloquear o no contenidos en formato flash. Tal como anuncia la web de desarrollo del navegador, Google Chrome \u00abpausar\u00e1 de manera inteligente el contenido perif\u00e9rico en Flash\u00bb que no es esencial para la p\u00e1gina. En el caso de que [&hellip;]","og_url":"https:\/\/pagina10.com\/web\/google-chrome-ha-anunciado-que-bloqueara-contenido-flash\/","og_site_name":"P\u00e1gina10","article_publisher":"https:\/\/www.facebook.com\/pag10com","article_published_time":"2015-06-10T15:35:42+00:00","og_image":[{"width":634,"height":309,"url":"https:\/\/pagina10.com\/web\/wp-content\/uploads\/2015\/06\/82dfd0c213a08249e67f24e245085a83.jpg","type":"image\/jpeg"}],"author":"P\u00e1gina 10","twitter_card":"summary_large_image","twitter_creator":"@Pag10com","twitter_site":"@Pag10com","twitter_misc":{"Escrito por":"P\u00e1gina 10","Tiempo de lectura":"1 minuto"},"schema":{"@context":"https:\/\/schema.org","@graph":[{"@type":"Article","@id":"https:\/\/pagina10.com\/web\/google-chrome-ha-anunciado-que-bloqueara-contenido-flash\/#article","isPartOf":{"@id":"https:\/\/pagina10.com\/web\/google-chrome-ha-anunciado-que-bloqueara-contenido-flash\/"},"author":{"name":"P\u00e1gina 10","@id":"https:\/\/pagina10.com\/web\/#\/schema\/person\/a7a5d38f0629dfc107f619fbae4f6cc3"},"headline":"Google Chrome ha anunciado que bloquear\u00e1 contenido flash","datePublished":"2015-06-10T15:35:42+00:00","mainEntityOfPage":{"@id":"https:\/\/pagina10.com\/web\/google-chrome-ha-anunciado-que-bloqueara-contenido-flash\/"},"wordCount":285,"commentCount":0,"publisher":{"@id":"https:\/\/pagina10.com\/web\/#organization"},"image":{"@id":"https:\/\/pagina10.com\/web\/google-chrome-ha-anunciado-que-bloqueara-contenido-flash\/#primaryimage"},"thumbnailUrl":"https:\/\/pagina10.com\/web\/wp-content\/uploads\/2015\/06\/82dfd0c213a08249e67f24e245085a83.jpg","inLanguage":"es","potentialAction":[{"@type":"CommentAction","name":"Comment","target":["https:\/\/pagina10.com\/web\/google-chrome-ha-anunciado-que-bloqueara-contenido-flash\/#respond"]}]},{"@type":"WebPage","@id":"https:\/\/pagina10.com\/web\/google-chrome-ha-anunciado-que-bloqueara-contenido-flash\/","url":"https:\/\/pagina10.com\/web\/google-chrome-ha-anunciado-que-bloqueara-contenido-flash\/","name":"Google Chrome ha anunciado que bloquear\u00e1 contenido flash | P\u00e1gina10","isPartOf":{"@id":"https:\/\/pagina10.com\/web\/#website"},"primaryImageOfPage":{"@id":"https:\/\/pagina10.com\/web\/google-chrome-ha-anunciado-que-bloqueara-contenido-flash\/#primaryimage"},"image":{"@id":"https:\/\/pagina10.com\/web\/google-chrome-ha-anunciado-que-bloqueara-contenido-flash\/#primaryimage"},"thumbnailUrl":"https:\/\/pagina10.com\/web\/wp-content\/uploads\/2015\/06\/82dfd0c213a08249e67f24e245085a83.jpg","datePublished":"2015-06-10T15:35:42+00:00","breadcrumb":{"@id":"https:\/\/pagina10.com\/web\/google-chrome-ha-anunciado-que-bloqueara-contenido-flash\/#breadcrumb"},"inLanguage":"es","potentialAction":[{"@type":"ReadAction","target":["https:\/\/pagina10.com\/web\/google-chrome-ha-anunciado-que-bloqueara-contenido-flash\/"]}]},{"@type":"ImageObject","inLanguage":"es","@id":"https:\/\/pagina10.com\/web\/google-chrome-ha-anunciado-que-bloqueara-contenido-flash\/#primaryimage","url":"https:\/\/pagina10.com\/web\/wp-content\/uploads\/2015\/06\/82dfd0c213a08249e67f24e245085a83.jpg","contentUrl":"https:\/\/pagina10.com\/web\/wp-content\/uploads\/2015\/06\/82dfd0c213a08249e67f24e245085a83.jpg","width":634,"height":309},{"@type":"BreadcrumbList","@id":"https:\/\/pagina10.com\/web\/google-chrome-ha-anunciado-que-bloqueara-contenido-flash\/#breadcrumb","itemListElement":[{"@type":"ListItem","position":1,"name":"Portada","item":"https:\/\/pagina10.com\/web\/"},{"@type":"ListItem","position":2,"name":"Google Chrome ha anunciado que bloquear\u00e1 contenido flash"}]},{"@type":"WebSite","@id":"https:\/\/pagina10.com\/web\/#website","url":"https:\/\/pagina10.com\/web\/","name":"P\u00e1gina10","description":"Peri\u00f3dico Regional","publisher":{"@id":"https:\/\/pagina10.com\/web\/#organization"},"alternateName":"P\u00e1gina10 Peri\u00f3dico Regional","potentialAction":[{"@type":"SearchAction","target":{"@type":"EntryPoint","urlTemplate":"https:\/\/pagina10.com\/web\/?s={search_term_string}"},"query-input":{"@type":"PropertyValueSpecification","valueRequired":true,"valueName":"search_term_string"}}],"inLanguage":"es"},{"@type":"Organization","@id":"https:\/\/pagina10.com\/web\/#organization","name":"P\u00e1gina10","alternateName":"P\u00e1gina10 Peri\u00f3dico Regional","url":"https:\/\/pagina10.com\/web\/","logo":{"@type":"ImageObject","inLanguage":"es","@id":"https:\/\/pagina10.com\/web\/#\/schema\/logo\/image\/","url":"https:\/\/pagina10.com\/web\/wp-content\/uploads\/2024\/01\/40-pagina-10-periodico-regional-pasto.jpg","contentUrl":"https:\/\/pagina10.com\/web\/wp-content\/uploads\/2024\/01\/40-pagina-10-periodico-regional-pasto.jpg","width":1280,"height":720,"caption":"P\u00e1gina10"},"image":{"@id":"https:\/\/pagina10.com\/web\/#\/schema\/logo\/image\/"},"sameAs":["https:\/\/www.facebook.com\/pag10com","https:\/\/x.com\/Pag10com","https:\/\/www.instagram.com\/pagina10col\/","https:\/\/youtube.com\/channel\/pag10","https:\/\/www.tiktok.com\/@p10col"]},{"@type":"Person","@id":"https:\/\/pagina10.com\/web\/#\/schema\/person\/a7a5d38f0629dfc107f619fbae4f6cc3","name":"P\u00e1gina 10","description":"P\u00e1gina10.com es un peri\u00f3dico digital que nace en Colombia, en el departamento de Nari\u00f1o, con un enfoque global, fundamentado en cuatro pilares esenciales: la libertad, el pluralismo, la inclusi\u00f3n y la independencia. P\u00e1gina10.com hace referencia a Nari\u00f1o como el d\u00e9cimo departamento creado en Colombia, despu\u00e9s de un proceso pol\u00edtico liderado por actores y actrices regionales con el fin de obtener la independencia y autonom\u00eda de nuestros territorios. Con la creaci\u00f3n de P\u00e1gina10.com se pretende abrir un escenario para el dialogo, la reflexi\u00f3n y el debate que se extienda a otras geograf\u00edas de Am\u00e9rica Latina y del planeta, en una apuesta por transformar colectivamente los desaf\u00edos de un mundo contempor\u00e1neo, m\u00e1s all\u00e1 de las fronteras impuestas.","url":"https:\/\/pagina10.com\/web\/author\/mcepeda\/"}]}},"_links":{"self":[{"href":"https:\/\/pagina10.com\/web\/wp-json\/wp\/v2\/posts\/16392","targetHints":{"allow":["GET"]}}],"collection":[{"href":"https:\/\/pagina10.com\/web\/wp-json\/wp\/v2\/posts"}],"about":[{"href":"https:\/\/pagina10.com\/web\/wp-json\/wp\/v2\/types\/post"}],"author":[{"embeddable":true,"href":"https:\/\/pagina10.com\/web\/wp-json\/wp\/v2\/users\/29"}],"replies":[{"embeddable":true,"href":"https:\/\/pagina10.com\/web\/wp-json\/wp\/v2\/comments?post=16392"}],"version-history":[{"count":0,"href":"https:\/\/pagina10.com\/web\/wp-json\/wp\/v2\/posts\/16392\/revisions"}],"wp:featuredmedia":[{"embeddable":true,"href":"https:\/\/pagina10.com\/web\/wp-json\/wp\/v2\/media\/16391"}],"wp:attachment":[{"href":"https:\/\/pagina10.com\/web\/wp-json\/wp\/v2\/media?parent=16392"}],"wp:term":[{"taxonomy":"category","embeddable":true,"href":"https:\/\/pagina10.com\/web\/wp-json\/wp\/v2\/categories?post=16392"},{"taxonomy":"post_tag","embeddable":true,"href":"https:\/\/pagina10.com\/web\/wp-json\/wp\/v2\/tags?post=16392"}],"curies":[{"name":"wp","href":"https:\/\/api.w.org\/{rel}","templated":true}]}}