{"id":16394,"date":"2015-06-10T15:42:30","date_gmt":"2015-06-10T15:42:30","guid":{"rendered":"https:\/\/pagina10.com\/web\/las-20-infracciones-al-dih-por-las-farc-post-tregua\/"},"modified":"2015-06-10T15:42:30","modified_gmt":"2015-06-10T15:42:30","slug":"las-20-infracciones-al-dih-por-las-farc-post-tregua","status":"publish","type":"post","link":"https:\/\/pagina10.com\/web\/las-20-infracciones-al-dih-por-las-farc-post-tregua\/","title":{"rendered":"Las 20 infracciones al DIH por las Farc, post-tregua"},"content":{"rendered":"<p><img fetchpriority=\"high\" decoding=\"async\" class=\" size-full wp-image-16393\" src=\"https:\/\/pagina10.com\/web\/wp-content\/uploads\/2015\/06\/986c0f17ae48d78ed275b9f71dfed815.jpg\" alt=\"\" width=\"960\" height=\"540\" srcset=\"https:\/\/pagina10.com\/web\/wp-content\/uploads\/2015\/06\/986c0f17ae48d78ed275b9f71dfed815.jpg 960w, https:\/\/pagina10.com\/web\/wp-content\/uploads\/2015\/06\/986c0f17ae48d78ed275b9f71dfed815-300x169.jpg 300w, https:\/\/pagina10.com\/web\/wp-content\/uploads\/2015\/06\/986c0f17ae48d78ed275b9f71dfed815-768x432.jpg 768w\" sizes=\"(max-width: 960px) 100vw, 960px\" \/><\/p>\n<p style=\"text-align: justify;\">Los hechos registrados hasta el momento, que abarcan a seis de los 10 departamentos&nbsp;advertidos por la Defensor\u00eda del Pueblo en su alerta del pasado 22 de Mayo, cuando se&nbsp;suspendi\u00f3 el cese unilateral del fuego ofrecido por las Farc, no incluyen ataques contra&nbsp;oleoductos (cuyas consecuencias est\u00e1n siendo evaluadas por las autoridades), ni accidentes&nbsp;con mina antipersonal, por no existir precisi\u00f3n respecto a la fecha de instalaci\u00f3n del artefacto.<\/p>\n<p style=\"text-align: justify;\">&nbsp;<\/p>\n<p style=\"text-align: justify;\">1. Mayo 24, en horas de la noche. Guerrilleros del sexto frente de las Farc protagonizaron el&nbsp;reclutamiento forzado de dos estudiantes de s\u00e9ptimo y noveno grado de bachillerato, ambos&nbsp;con 16 a\u00f1os de edad, en la vereda El Tabl\u00f3n del municipio de Jambal\u00f3, en el &nbsp;departamento&nbsp;del Cauca. Ambos adolescentes pertenecen al resguardo ind\u00edgena de ese municipio. Uno de&nbsp;ellos logr\u00f3 escapar herido y fue trasladado a Popay\u00e1n para recibir atenci\u00f3n m\u00e9dica&nbsp;especializada. El ICBF asumi\u00f3 el proceso de restablecimiento de derechos del menor.<\/p>\n<p style=\"text-align: justify;\">2. Mayo 28, 9:15 de la noche. Atentado con explosivos sobre un tramo de la v\u00eda Panamericana&nbsp;en sector El Estrecho, jurisdicci\u00f3n del municipio de Pat\u00eda, en el departamento del Cauca.&nbsp;Cuatro personas que viajaban en un veh\u00edculo de transporte de pasajeros, entre ellas un ni\u00f1o&nbsp;de 5 a\u00f1os, resultaron heridas cuando el automotor cay\u00f3 al orificio causado por el estallido.<\/p>\n<p style=\"text-align: justify;\">3. Mayo 29, 6:00 am. Enfrentamientos con la columna Daniel Aldana de las Farc ocasionan&nbsp;graves heridas a la joven Diana Marcela Qui\u00f1ones Garc\u00eda, de 16 a\u00f1os de edad, con 25&nbsp;semanas de embarazo, as\u00ed como al ciudadano Selgibes Jasier Zmbrano Rosero, de 38 a\u00f1os<\/p>\n<p style=\"text-align: justify;\">de edad, quien falleci\u00f3 el 2 de Junio en la Unidad de Cuidados Intensivos del Hospital&nbsp;Universitario Departamental de Nari\u00f1o.<\/p>\n<p style=\"text-align: justify;\">4. Mayo 31. Presuntos guerrilleros de los frentes 18 y 36 de las Farc incineraron dos buses de&nbsp;transporte intermunicipal en los municipios de Toledo e Ituango, en el departamento de&nbsp;Antioquia, obligando a bajar a los ocupantes y prendiendo fuego a los automotores.<\/p>\n<p style=\"text-align: justify;\">5. Mayo 31, 9:45 am. Guerrilleros del frente 30 de las Farc dinamitaron la torre 17 de&nbsp;conducci\u00f3n de energ\u00eda en el sector Llano Bajo de Buenaventura, dejando sin luz a m\u00e1s de&nbsp;400 mil habitantes en ese puerto del Pac\u00edfico.<\/p>\n<p style=\"text-align: justify;\">6. Junio 2. Presuntos guerrilleros del s\u00e9ptimo frente de las Farc dinamitaron un tramo de la&nbsp;carretera que comunica los departamentos de Meta y Guaviare, en zona rural del municipio&nbsp;de Puerto Concordia, afectando la movilidad en ese corredor de los Llanos Orientales.<\/p>\n<p style=\"text-align: justify;\">7. Junio 2, 8:30 am. En la vereda La Palma del municipio de Torib\u00edo, a 700 metros de una&nbsp;escuela, se produjo hostigamiento del sexto frente de las Farc, que deriv\u00f3 en afectaciones a&nbsp;una vivienda y en la suspensi\u00f3n de las actividades educativas.<\/p>\n<p style=\"text-align: justify;\">8. Junio 2, 3.45 pm. Presuntos guerrilleros de las Farc derribaron dos torres de conducci\u00f3n de&nbsp;energ\u00eda en los sectores Inda Zabaleta y La Mar\u00eda de Tumaco, Nari\u00f1o, dejando sin servicio a&nbsp;250 mil habitantes del municipio, el 80 por ciento de los cuales fue beneficiado parcialmente&nbsp;por la activaci\u00f3n de tres plantas generadoras alternas que fueron instaladas en diciembre de&nbsp;2014.<\/p>\n<p style=\"text-align: justify;\">9. Junio 2. Presuntos guerrilleros de las Farc derribaron las torres 58,59 y 62 de ISAGEN en&nbsp;la vereda Palmira del municipio de \u00c1brego, en Norte de Santander, afectando a tres&nbsp;poblaciones, incluida esa localidad. Las necesidades fueron atenidas mediante la activaci\u00f3n&nbsp;de una l\u00ednea alterna de 500 voltios, aunque la cobertura no fue suficiente.<\/p>\n<p style=\"text-align: justify;\">10. Junio 2. Durante hostigamiento a la estaci\u00f3n de polic\u00eda del corregimiento Las Mercedes, en&nbsp;Sardinata (Norte de Santander), con cilindros bomba, r\u00e1fagas de fusil y otros elementos no&nbsp;convencionales, guerrilleros de las Farc afectaron varias viviendas civiles ubicadas cerca a&nbsp;la sede de la Fuerza P\u00fablica, resultando una de ellas parcialmente destruida.<\/p>\n<p style=\"text-align: justify;\">11. Junio 3. Guerrilleros del frente tercero de las Farc interceptaron una ambulancia que&nbsp;transitaba por la vereda Aletones del municipio de Bel\u00e9n de los Andaqu\u00edes, en el&nbsp;departamento de Caquet\u00e1, la cual transportaba una misi\u00f3n m\u00e9dica que ten\u00eda como prop\u00f3sito&nbsp;realizar una jornada de atenci\u00f3n especial descentralizada en esa regi\u00f3n del pa\u00eds. Los&nbsp;delincuentes obligaron al personal m\u00e9dico a descender del veh\u00edculo, advirtieron que si&nbsp;quer\u00edan recuperarlo deb\u00eda ir al \u00e1rea el propio gerente de la EPS, y se lo llevaron con rumbo&nbsp;desconocido.<\/p>\n<p style=\"text-align: justify;\">12. Junio 3. Milicianos de las Farc protagonizaron un atentado con explosivos en inmediaciones&nbsp;de un megacolegio ubicado en el barrio La Ciudadela de Tumaco, hecho que ocasion\u00f3&nbsp;heridas a un menor de edad y da\u00f1os a un veh\u00edculo de transporte p\u00fablico.<\/p>\n<p style=\"text-align: justify;\">13. Junio 3. Debido a hostigamientos protagonizados por el frente 30 de las Farc en L\u00f3pez de&nbsp;Micay, se report\u00f3 el desplazamiento masivo de 125 familias (400 personas) de las&nbsp;comunidades de Cacahual y Valent\u00edn, correspondientes al consejo comunitario de&nbsp;Mamuncia; 600 estudiantes se habr\u00edan quedado sin clases durante una semana por la tensa&nbsp;situaci\u00f3n de orden p\u00fablico en la zona.<\/p>\n<p style=\"text-align: justify;\">14. Junio 4. Guerrilleros del frente 29 de las Farc derribaron la torre 190 del sistema&nbsp;interconectado de energ\u00eda el\u00e9ctrica de ISA en el corregimiento Las Mojarras del municipio&nbsp;de Mercaderes, en el departamento del Cauca. Verifican afectaci\u00f3n en la prestaci\u00f3n del<\/p>\n<p style=\"text-align: justify;\">servicio.<\/p>\n<p style=\"text-align: justify;\">15. Junio 4, en horas de la madrugada. Presuntos guerrilleros de las Farc activaron carga&nbsp;explosiva contra una ambulancia en el casco urbano de Tumaco, Nari\u00f1o, sin consecuencias&nbsp;humanas que lamentar. Autoridades locales denuncian que el grupo armado ilegal<\/p>\n<p style=\"text-align: justify;\">instrumentaliza a menores de edad para cometer ataques terroristas en ese municipio.<\/p>\n<p style=\"text-align: justify;\">16. Junio 4. Guerrilleros del frente 33 de las Farc dinamitaron dos torres de conducci\u00f3n de&nbsp;energ\u00eda en la vereda Tabacal del municipio de El Carmen, Norte de Santander, elevando a&nbsp;cinco las estructuras derribadas en esa regi\u00f3n en menos de una semana.<\/p>\n<p style=\"text-align: justify;\">17. Junio 5, 11.50 pm. Guerrilleros del sexto frente de las Farc activaron una carga explosiva en&nbsp;la vereda El Mango del municipio de Piendam\u00f3, en el departamento del Cauca, destruyendo&nbsp;la malla asf\u00e1ltica y una alcantarilla sobre la V\u00eda Panamericana, situaci\u00f3n que adem\u00e1s de las&nbsp;dificultades para el tr\u00e1nsito de veh\u00edculos, ocasion\u00f3 da\u00f1os a una vivienda.<\/p>\n<p style=\"text-align: justify;\">18. Junio 6, 8:00 am. Guerrilleros de la Columna Te\u00f3filo Forero de las Farc activaron un artefacto&nbsp;explosivo en el casco urbano de Algeciras, Huila, al lado del colegio Juan XXIII, afectando la&nbsp;planta de tratamiento de agua potable en esa poblaci\u00f3n e interrumpiendo el suministro para&nbsp;al menos 13 mil habitantes de la localidad.<\/p>\n<p style=\"text-align: justify;\">19. Junio 8. Milicianos del frente 29 de las Farc lanzaron un artefacto explosivo contra la estaci\u00f3n&nbsp;de Polic\u00eda del municipio de Leyva, en el departamento de Nari\u00f1o, provocando da\u00f1os&nbsp;indiscriminados a varios inmuebles aleda\u00f1os a las instalaciones de la Fuerza P\u00fablica.<\/p>\n<p style=\"text-align: justify;\">20. Junio 8, 5:00am. Guerrilleros del frente 48 de las Farc interceptaron 23 tractocamiones&nbsp;cargados con crudo, a 19 de los cuales les fue abierta la v\u00e1lvula de vertimiento por hombres&nbsp;armados de ese grupo ilegal, quienes luego de intimidar a los conductores, derramaron el&nbsp;combustible en una proporci\u00f3n inicial equivalente a 200 mil galones, sin que haya sido&nbsp;precisada esa cifra por la empresa contratista Vetra.<\/p>\n","protected":false},"excerpt":{"rendered":"<p>Los hechos registrados hasta el momento, que abarcan a seis de los 10 departamentos&nbsp;advertidos por la Defensor\u00eda del Pueblo en su alerta del pasado 22 de Mayo, cuando se&nbsp;suspendi\u00f3 el cese unilateral del fuego ofrecido por las Farc, no incluyen ataques contra&nbsp;oleoductos (cuyas consecuencias est\u00e1n siendo evaluadas por las autoridades), ni accidentes&nbsp;con mina antipersonal, por [&hellip;]<\/p>\n","protected":false},"author":29,"featured_media":16393,"comment_status":"open","ping_status":"open","sticky":false,"template":"","format":"standard","meta":{"footnotes":""},"categories":[1],"tags":[],"class_list":["post-16394","post","type-post","status-publish","format-standard","has-post-thumbnail","hentry","category-sin-categoria"],"yoast_head":"<!-- This site is optimized with the Yoast SEO plugin v27.1.1 - https:\/\/yoast.com\/product\/yoast-seo-wordpress\/ -->\n<title>Las 20 infracciones al DIH por las Farc, post-tregua | P\u00e1gina10<\/title>\n<meta name=\"robots\" content=\"index, follow, max-snippet:-1, max-image-preview:large, max-video-preview:-1\" \/>\n<link rel=\"canonical\" href=\"https:\/\/pagina10.com\/web\/las-20-infracciones-al-dih-por-las-farc-post-tregua\/\" \/>\n<meta property=\"og:locale\" content=\"es_ES\" \/>\n<meta property=\"og:type\" content=\"article\" \/>\n<meta property=\"og:title\" content=\"Las 20 infracciones al DIH por las Farc, post-tregua | P\u00e1gina10\" \/>\n<meta property=\"og:description\" content=\"Los hechos registrados hasta el momento, que abarcan a seis de los 10 departamentos&nbsp;advertidos por la Defensor\u00eda del Pueblo en su alerta del pasado 22 de Mayo, cuando se&nbsp;suspendi\u00f3 el cese unilateral del fuego ofrecido por las Farc, no incluyen ataques contra&nbsp;oleoductos (cuyas consecuencias est\u00e1n siendo evaluadas por las autoridades), ni accidentes&nbsp;con mina antipersonal, por [&hellip;]\" \/>\n<meta property=\"og:url\" content=\"https:\/\/pagina10.com\/web\/las-20-infracciones-al-dih-por-las-farc-post-tregua\/\" \/>\n<meta property=\"og:site_name\" content=\"P\u00e1gina10\" \/>\n<meta property=\"article:publisher\" content=\"https:\/\/www.facebook.com\/pag10com\" \/>\n<meta property=\"article:published_time\" content=\"2015-06-10T15:42:30+00:00\" \/>\n<meta property=\"og:image\" content=\"https:\/\/pagina10.com\/web\/wp-content\/uploads\/2015\/06\/986c0f17ae48d78ed275b9f71dfed815.jpg\" \/>\n\t<meta property=\"og:image:width\" content=\"960\" \/>\n\t<meta property=\"og:image:height\" content=\"540\" \/>\n\t<meta property=\"og:image:type\" content=\"image\/jpeg\" \/>\n<meta name=\"author\" content=\"P\u00e1gina 10\" \/>\n<meta name=\"twitter:card\" content=\"summary_large_image\" \/>\n<meta name=\"twitter:creator\" content=\"@Pag10com\" \/>\n<meta name=\"twitter:site\" content=\"@Pag10com\" \/>\n<meta name=\"twitter:label1\" content=\"Escrito por\" \/>\n\t<meta name=\"twitter:data1\" content=\"P\u00e1gina 10\" \/>\n\t<meta name=\"twitter:label2\" content=\"Tiempo de lectura\" \/>\n\t<meta name=\"twitter:data2\" content=\"6 minutos\" \/>\n<script type=\"application\/ld+json\" class=\"yoast-schema-graph\">{\"@context\":\"https:\/\/schema.org\",\"@graph\":[{\"@type\":\"Article\",\"@id\":\"https:\/\/pagina10.com\/web\/las-20-infracciones-al-dih-por-las-farc-post-tregua\/#article\",\"isPartOf\":{\"@id\":\"https:\/\/pagina10.com\/web\/las-20-infracciones-al-dih-por-las-farc-post-tregua\/\"},\"author\":{\"name\":\"P\u00e1gina 10\",\"@id\":\"https:\/\/pagina10.com\/web\/#\/schema\/person\/a7a5d38f0629dfc107f619fbae4f6cc3\"},\"headline\":\"Las 20 infracciones al DIH por las Farc, post-tregua\",\"datePublished\":\"2015-06-10T15:42:30+00:00\",\"mainEntityOfPage\":{\"@id\":\"https:\/\/pagina10.com\/web\/las-20-infracciones-al-dih-por-las-farc-post-tregua\/\"},\"wordCount\":1248,\"commentCount\":0,\"publisher\":{\"@id\":\"https:\/\/pagina10.com\/web\/#organization\"},\"image\":{\"@id\":\"https:\/\/pagina10.com\/web\/las-20-infracciones-al-dih-por-las-farc-post-tregua\/#primaryimage\"},\"thumbnailUrl\":\"https:\/\/pagina10.com\/web\/wp-content\/uploads\/2015\/06\/986c0f17ae48d78ed275b9f71dfed815.jpg\",\"inLanguage\":\"es\",\"potentialAction\":[{\"@type\":\"CommentAction\",\"name\":\"Comment\",\"target\":[\"https:\/\/pagina10.com\/web\/las-20-infracciones-al-dih-por-las-farc-post-tregua\/#respond\"]}]},{\"@type\":\"WebPage\",\"@id\":\"https:\/\/pagina10.com\/web\/las-20-infracciones-al-dih-por-las-farc-post-tregua\/\",\"url\":\"https:\/\/pagina10.com\/web\/las-20-infracciones-al-dih-por-las-farc-post-tregua\/\",\"name\":\"Las 20 infracciones al DIH por las Farc, post-tregua | P\u00e1gina10\",\"isPartOf\":{\"@id\":\"https:\/\/pagina10.com\/web\/#website\"},\"primaryImageOfPage\":{\"@id\":\"https:\/\/pagina10.com\/web\/las-20-infracciones-al-dih-por-las-farc-post-tregua\/#primaryimage\"},\"image\":{\"@id\":\"https:\/\/pagina10.com\/web\/las-20-infracciones-al-dih-por-las-farc-post-tregua\/#primaryimage\"},\"thumbnailUrl\":\"https:\/\/pagina10.com\/web\/wp-content\/uploads\/2015\/06\/986c0f17ae48d78ed275b9f71dfed815.jpg\",\"datePublished\":\"2015-06-10T15:42:30+00:00\",\"breadcrumb\":{\"@id\":\"https:\/\/pagina10.com\/web\/las-20-infracciones-al-dih-por-las-farc-post-tregua\/#breadcrumb\"},\"inLanguage\":\"es\",\"potentialAction\":[{\"@type\":\"ReadAction\",\"target\":[\"https:\/\/pagina10.com\/web\/las-20-infracciones-al-dih-por-las-farc-post-tregua\/\"]}]},{\"@type\":\"ImageObject\",\"inLanguage\":\"es\",\"@id\":\"https:\/\/pagina10.com\/web\/las-20-infracciones-al-dih-por-las-farc-post-tregua\/#primaryimage\",\"url\":\"https:\/\/pagina10.com\/web\/wp-content\/uploads\/2015\/06\/986c0f17ae48d78ed275b9f71dfed815.jpg\",\"contentUrl\":\"https:\/\/pagina10.com\/web\/wp-content\/uploads\/2015\/06\/986c0f17ae48d78ed275b9f71dfed815.jpg\",\"width\":960,\"height\":540},{\"@type\":\"BreadcrumbList\",\"@id\":\"https:\/\/pagina10.com\/web\/las-20-infracciones-al-dih-por-las-farc-post-tregua\/#breadcrumb\",\"itemListElement\":[{\"@type\":\"ListItem\",\"position\":1,\"name\":\"Portada\",\"item\":\"https:\/\/pagina10.com\/web\/\"},{\"@type\":\"ListItem\",\"position\":2,\"name\":\"Las 20 infracciones al DIH por las Farc, post-tregua\"}]},{\"@type\":\"WebSite\",\"@id\":\"https:\/\/pagina10.com\/web\/#website\",\"url\":\"https:\/\/pagina10.com\/web\/\",\"name\":\"P\u00e1gina10\",\"description\":\"Peri\u00f3dico Regional\",\"publisher\":{\"@id\":\"https:\/\/pagina10.com\/web\/#organization\"},\"alternateName\":\"P\u00e1gina10 Peri\u00f3dico Regional\",\"potentialAction\":[{\"@type\":\"SearchAction\",\"target\":{\"@type\":\"EntryPoint\",\"urlTemplate\":\"https:\/\/pagina10.com\/web\/?s={search_term_string}\"},\"query-input\":{\"@type\":\"PropertyValueSpecification\",\"valueRequired\":true,\"valueName\":\"search_term_string\"}}],\"inLanguage\":\"es\"},{\"@type\":\"Organization\",\"@id\":\"https:\/\/pagina10.com\/web\/#organization\",\"name\":\"P\u00e1gina10\",\"alternateName\":\"P\u00e1gina10 Peri\u00f3dico Regional\",\"url\":\"https:\/\/pagina10.com\/web\/\",\"logo\":{\"@type\":\"ImageObject\",\"inLanguage\":\"es\",\"@id\":\"https:\/\/pagina10.com\/web\/#\/schema\/logo\/image\/\",\"url\":\"https:\/\/pagina10.com\/web\/wp-content\/uploads\/2024\/01\/40-pagina-10-periodico-regional-pasto.jpg\",\"contentUrl\":\"https:\/\/pagina10.com\/web\/wp-content\/uploads\/2024\/01\/40-pagina-10-periodico-regional-pasto.jpg\",\"width\":1280,\"height\":720,\"caption\":\"P\u00e1gina10\"},\"image\":{\"@id\":\"https:\/\/pagina10.com\/web\/#\/schema\/logo\/image\/\"},\"sameAs\":[\"https:\/\/www.facebook.com\/pag10com\",\"https:\/\/x.com\/Pag10com\",\"https:\/\/www.instagram.com\/pagina10col\/\",\"https:\/\/youtube.com\/channel\/pag10\",\"https:\/\/www.tiktok.com\/@p10col\"]},{\"@type\":\"Person\",\"@id\":\"https:\/\/pagina10.com\/web\/#\/schema\/person\/a7a5d38f0629dfc107f619fbae4f6cc3\",\"name\":\"P\u00e1gina 10\",\"description\":\"P\u00e1gina10.com es un peri\u00f3dico digital que nace en Colombia, en el departamento de Nari\u00f1o, con un enfoque global, fundamentado en cuatro pilares esenciales: la libertad, el pluralismo, la inclusi\u00f3n y la independencia. P\u00e1gina10.com hace referencia a Nari\u00f1o como el d\u00e9cimo departamento creado en Colombia, despu\u00e9s de un proceso pol\u00edtico liderado por actores y actrices regionales con el fin de obtener la independencia y autonom\u00eda de nuestros territorios. Con la creaci\u00f3n de P\u00e1gina10.com se pretende abrir un escenario para el dialogo, la reflexi\u00f3n y el debate que se extienda a otras geograf\u00edas de Am\u00e9rica Latina y del planeta, en una apuesta por transformar colectivamente los desaf\u00edos de un mundo contempor\u00e1neo, m\u00e1s all\u00e1 de las fronteras impuestas.\",\"url\":\"https:\/\/pagina10.com\/web\/author\/mcepeda\/\"}]}<\/script>\n<!-- \/ Yoast SEO plugin. -->","yoast_head_json":{"title":"Las 20 infracciones al DIH por las Farc, post-tregua | P\u00e1gina10","robots":{"index":"index","follow":"follow","max-snippet":"max-snippet:-1","max-image-preview":"max-image-preview:large","max-video-preview":"max-video-preview:-1"},"canonical":"https:\/\/pagina10.com\/web\/las-20-infracciones-al-dih-por-las-farc-post-tregua\/","og_locale":"es_ES","og_type":"article","og_title":"Las 20 infracciones al DIH por las Farc, post-tregua | P\u00e1gina10","og_description":"Los hechos registrados hasta el momento, que abarcan a seis de los 10 departamentos&nbsp;advertidos por la Defensor\u00eda del Pueblo en su alerta del pasado 22 de Mayo, cuando se&nbsp;suspendi\u00f3 el cese unilateral del fuego ofrecido por las Farc, no incluyen ataques contra&nbsp;oleoductos (cuyas consecuencias est\u00e1n siendo evaluadas por las autoridades), ni accidentes&nbsp;con mina antipersonal, por [&hellip;]","og_url":"https:\/\/pagina10.com\/web\/las-20-infracciones-al-dih-por-las-farc-post-tregua\/","og_site_name":"P\u00e1gina10","article_publisher":"https:\/\/www.facebook.com\/pag10com","article_published_time":"2015-06-10T15:42:30+00:00","og_image":[{"width":960,"height":540,"url":"https:\/\/pagina10.com\/web\/wp-content\/uploads\/2015\/06\/986c0f17ae48d78ed275b9f71dfed815.jpg","type":"image\/jpeg"}],"author":"P\u00e1gina 10","twitter_card":"summary_large_image","twitter_creator":"@Pag10com","twitter_site":"@Pag10com","twitter_misc":{"Escrito por":"P\u00e1gina 10","Tiempo de lectura":"6 minutos"},"schema":{"@context":"https:\/\/schema.org","@graph":[{"@type":"Article","@id":"https:\/\/pagina10.com\/web\/las-20-infracciones-al-dih-por-las-farc-post-tregua\/#article","isPartOf":{"@id":"https:\/\/pagina10.com\/web\/las-20-infracciones-al-dih-por-las-farc-post-tregua\/"},"author":{"name":"P\u00e1gina 10","@id":"https:\/\/pagina10.com\/web\/#\/schema\/person\/a7a5d38f0629dfc107f619fbae4f6cc3"},"headline":"Las 20 infracciones al DIH por las Farc, post-tregua","datePublished":"2015-06-10T15:42:30+00:00","mainEntityOfPage":{"@id":"https:\/\/pagina10.com\/web\/las-20-infracciones-al-dih-por-las-farc-post-tregua\/"},"wordCount":1248,"commentCount":0,"publisher":{"@id":"https:\/\/pagina10.com\/web\/#organization"},"image":{"@id":"https:\/\/pagina10.com\/web\/las-20-infracciones-al-dih-por-las-farc-post-tregua\/#primaryimage"},"thumbnailUrl":"https:\/\/pagina10.com\/web\/wp-content\/uploads\/2015\/06\/986c0f17ae48d78ed275b9f71dfed815.jpg","inLanguage":"es","potentialAction":[{"@type":"CommentAction","name":"Comment","target":["https:\/\/pagina10.com\/web\/las-20-infracciones-al-dih-por-las-farc-post-tregua\/#respond"]}]},{"@type":"WebPage","@id":"https:\/\/pagina10.com\/web\/las-20-infracciones-al-dih-por-las-farc-post-tregua\/","url":"https:\/\/pagina10.com\/web\/las-20-infracciones-al-dih-por-las-farc-post-tregua\/","name":"Las 20 infracciones al DIH por las Farc, post-tregua | P\u00e1gina10","isPartOf":{"@id":"https:\/\/pagina10.com\/web\/#website"},"primaryImageOfPage":{"@id":"https:\/\/pagina10.com\/web\/las-20-infracciones-al-dih-por-las-farc-post-tregua\/#primaryimage"},"image":{"@id":"https:\/\/pagina10.com\/web\/las-20-infracciones-al-dih-por-las-farc-post-tregua\/#primaryimage"},"thumbnailUrl":"https:\/\/pagina10.com\/web\/wp-content\/uploads\/2015\/06\/986c0f17ae48d78ed275b9f71dfed815.jpg","datePublished":"2015-06-10T15:42:30+00:00","breadcrumb":{"@id":"https:\/\/pagina10.com\/web\/las-20-infracciones-al-dih-por-las-farc-post-tregua\/#breadcrumb"},"inLanguage":"es","potentialAction":[{"@type":"ReadAction","target":["https:\/\/pagina10.com\/web\/las-20-infracciones-al-dih-por-las-farc-post-tregua\/"]}]},{"@type":"ImageObject","inLanguage":"es","@id":"https:\/\/pagina10.com\/web\/las-20-infracciones-al-dih-por-las-farc-post-tregua\/#primaryimage","url":"https:\/\/pagina10.com\/web\/wp-content\/uploads\/2015\/06\/986c0f17ae48d78ed275b9f71dfed815.jpg","contentUrl":"https:\/\/pagina10.com\/web\/wp-content\/uploads\/2015\/06\/986c0f17ae48d78ed275b9f71dfed815.jpg","width":960,"height":540},{"@type":"BreadcrumbList","@id":"https:\/\/pagina10.com\/web\/las-20-infracciones-al-dih-por-las-farc-post-tregua\/#breadcrumb","itemListElement":[{"@type":"ListItem","position":1,"name":"Portada","item":"https:\/\/pagina10.com\/web\/"},{"@type":"ListItem","position":2,"name":"Las 20 infracciones al DIH por las Farc, post-tregua"}]},{"@type":"WebSite","@id":"https:\/\/pagina10.com\/web\/#website","url":"https:\/\/pagina10.com\/web\/","name":"P\u00e1gina10","description":"Peri\u00f3dico Regional","publisher":{"@id":"https:\/\/pagina10.com\/web\/#organization"},"alternateName":"P\u00e1gina10 Peri\u00f3dico Regional","potentialAction":[{"@type":"SearchAction","target":{"@type":"EntryPoint","urlTemplate":"https:\/\/pagina10.com\/web\/?s={search_term_string}"},"query-input":{"@type":"PropertyValueSpecification","valueRequired":true,"valueName":"search_term_string"}}],"inLanguage":"es"},{"@type":"Organization","@id":"https:\/\/pagina10.com\/web\/#organization","name":"P\u00e1gina10","alternateName":"P\u00e1gina10 Peri\u00f3dico Regional","url":"https:\/\/pagina10.com\/web\/","logo":{"@type":"ImageObject","inLanguage":"es","@id":"https:\/\/pagina10.com\/web\/#\/schema\/logo\/image\/","url":"https:\/\/pagina10.com\/web\/wp-content\/uploads\/2024\/01\/40-pagina-10-periodico-regional-pasto.jpg","contentUrl":"https:\/\/pagina10.com\/web\/wp-content\/uploads\/2024\/01\/40-pagina-10-periodico-regional-pasto.jpg","width":1280,"height":720,"caption":"P\u00e1gina10"},"image":{"@id":"https:\/\/pagina10.com\/web\/#\/schema\/logo\/image\/"},"sameAs":["https:\/\/www.facebook.com\/pag10com","https:\/\/x.com\/Pag10com","https:\/\/www.instagram.com\/pagina10col\/","https:\/\/youtube.com\/channel\/pag10","https:\/\/www.tiktok.com\/@p10col"]},{"@type":"Person","@id":"https:\/\/pagina10.com\/web\/#\/schema\/person\/a7a5d38f0629dfc107f619fbae4f6cc3","name":"P\u00e1gina 10","description":"P\u00e1gina10.com es un peri\u00f3dico digital que nace en Colombia, en el departamento de Nari\u00f1o, con un enfoque global, fundamentado en cuatro pilares esenciales: la libertad, el pluralismo, la inclusi\u00f3n y la independencia. P\u00e1gina10.com hace referencia a Nari\u00f1o como el d\u00e9cimo departamento creado en Colombia, despu\u00e9s de un proceso pol\u00edtico liderado por actores y actrices regionales con el fin de obtener la independencia y autonom\u00eda de nuestros territorios. Con la creaci\u00f3n de P\u00e1gina10.com se pretende abrir un escenario para el dialogo, la reflexi\u00f3n y el debate que se extienda a otras geograf\u00edas de Am\u00e9rica Latina y del planeta, en una apuesta por transformar colectivamente los desaf\u00edos de un mundo contempor\u00e1neo, m\u00e1s all\u00e1 de las fronteras impuestas.","url":"https:\/\/pagina10.com\/web\/author\/mcepeda\/"}]}},"_links":{"self":[{"href":"https:\/\/pagina10.com\/web\/wp-json\/wp\/v2\/posts\/16394","targetHints":{"allow":["GET"]}}],"collection":[{"href":"https:\/\/pagina10.com\/web\/wp-json\/wp\/v2\/posts"}],"about":[{"href":"https:\/\/pagina10.com\/web\/wp-json\/wp\/v2\/types\/post"}],"author":[{"embeddable":true,"href":"https:\/\/pagina10.com\/web\/wp-json\/wp\/v2\/users\/29"}],"replies":[{"embeddable":true,"href":"https:\/\/pagina10.com\/web\/wp-json\/wp\/v2\/comments?post=16394"}],"version-history":[{"count":0,"href":"https:\/\/pagina10.com\/web\/wp-json\/wp\/v2\/posts\/16394\/revisions"}],"wp:featuredmedia":[{"embeddable":true,"href":"https:\/\/pagina10.com\/web\/wp-json\/wp\/v2\/media\/16393"}],"wp:attachment":[{"href":"https:\/\/pagina10.com\/web\/wp-json\/wp\/v2\/media?parent=16394"}],"wp:term":[{"taxonomy":"category","embeddable":true,"href":"https:\/\/pagina10.com\/web\/wp-json\/wp\/v2\/categories?post=16394"},{"taxonomy":"post_tag","embeddable":true,"href":"https:\/\/pagina10.com\/web\/wp-json\/wp\/v2\/tags?post=16394"}],"curies":[{"name":"wp","href":"https:\/\/api.w.org\/{rel}","templated":true}]}}