{"id":16396,"date":"2015-06-10T15:47:36","date_gmt":"2015-06-10T15:47:36","guid":{"rendered":"https:\/\/pagina10.com\/web\/segun-estudio-de-universidad-de-columbia-el-peor-mes-para-nacer-es-octubre\/"},"modified":"2015-06-10T15:47:36","modified_gmt":"2015-06-10T15:47:36","slug":"segun-estudio-de-universidad-de-columbia-el-peor-mes-para-nacer-es-octubre","status":"publish","type":"post","link":"https:\/\/pagina10.com\/web\/segun-estudio-de-universidad-de-columbia-el-peor-mes-para-nacer-es-octubre\/","title":{"rendered":"Seg\u00fan estudio de Universidad de Columbia el peor mes para nacer es octubre"},"content":{"rendered":"<p><img fetchpriority=\"high\" decoding=\"async\" class=\" size-full wp-image-16395\" src=\"https:\/\/pagina10.com\/web\/wp-content\/uploads\/2015\/06\/156e8951cc843b83af975716f5f61e9c.jpg\" alt=\"\" width=\"570\" height=\"373\" srcset=\"https:\/\/pagina10.com\/web\/wp-content\/uploads\/2015\/06\/156e8951cc843b83af975716f5f61e9c.jpg 570w, https:\/\/pagina10.com\/web\/wp-content\/uploads\/2015\/06\/156e8951cc843b83af975716f5f61e9c-300x196.jpg 300w, https:\/\/pagina10.com\/web\/wp-content\/uploads\/2015\/06\/156e8951cc843b83af975716f5f61e9c-210x136.jpg 210w\" sizes=\"(max-width: 570px) 100vw, 570px\" \/><\/p>\n<p style=\"text-align: justify;\">\u00bfNos condiciona a nivel de salud nacer en enero o en agosto? Eso parece. Un estudio llevado a cabo por un equipo de investigadores de la Universidad de Columbia (EE.UU.) ha concluido que existe una relaci\u00f3n entre la fecha de nacimiento y el desarrollo de ciertas enfermedades. El trabajo ha sido publicado en la revista Journal of the American Medical Informatics Association.<\/p>\n<p style=\"text-align: justify;\">Los cient\u00edficos desarrollaron un algoritmo bautizado como SeaWAS que conten\u00eda 1.688 patolog\u00edas m\u00e9dicas y lo utilizaron con la base de datos de historias cl\u00ednicas de 1,7 millones de personas tratadas entre 1985 y 2013 en el Hospital presbiteriano de Nueva York. asociado al Centro M\u00e9dico de la Universidad de Columbia. Relacionando las fechas de nacimiento con las enfermedades, el algoritmo consigui\u00f3 asociar 55 enfermedades estrechamente relacionadas con el mes de nacimiento de los pacientes.<\/p>\n<p style=\"text-align: justify;\">Seg\u00fan los datos extra\u00eddos gracias a este m\u00e9todo inform\u00e1tico, el peor mes para nacer es octubre, ya que es el per\u00edodo con m\u00e1s incidencia de riesgos de por vida. El mes que menos riesgo entra\u00f1a, mayo.<\/p>\n<p style=\"text-align: justify;\">&#8220;Estos datos podr\u00edan ayudar a los cient\u00edficos a descubrir nuevos factores de riesgo de la enfermedad. Es importante no ponerse demasiado nerviosos por estos resultados, ya que a pesar de que hemos encontrado asociaciones significativas, el riesgo global de la enfermedad no es tan grande. Hay que mirarlo en perspectiva&#8221;, aclara Nicholas Tatonetti, coautor del estudio.<\/p>\n<p style=\"text-align: justify;\">Y es que seg\u00fan las conclusiones del trabajo, el riesgo relacionado con el mes de nacimiento es relativamente menor si lo comparamos con otras variables clave como son el ejercicio y la dieta.<\/p>\n<p style=\"text-align: justify;\">Sea como fuere, las complicaciones m\u00e9dicas m\u00e1s comunes seg\u00fan los meses de nacimiento fueron: el trastorno de hiperactividad y d\u00e9ficit de atenci\u00f3n (TDAH), el asma, la colitis, enfermedades relacionadas con los ojos o la otitis. Los resultados tambi\u00e9n revelaron que la mayor\u00eda de las conexiones mes de nacimiento \u2013 enfermedades estaban relacionadas con enfermedades cardiovasculares, el desarrollo temprano y la vitamina D.<\/p>\n<p style=\"text-align: justify;\">As\u00ed, los nacidos en marzo se enfrentan a un mayor riesgo de fibrilaci\u00f3n auricular, insuficiencia card\u00edaca y trastorno de la v\u00e1lvula mitral del coraz\u00f3n y, por ende, a una esperanza de vida m\u00e1s corta.<\/p>\n<p style=\"text-align: justify;\">&nbsp;<\/p>\n<p style=\"text-align: justify;\">Fuente: Muyinteresante<\/p>\n","protected":false},"excerpt":{"rendered":"<p>\u00bfNos condiciona a nivel de salud nacer en enero o en agosto? Eso parece. Un estudio llevado a cabo por un equipo de investigadores de la Universidad de Columbia (EE.UU.) ha concluido que existe una relaci\u00f3n entre la fecha de nacimiento y el desarrollo de ciertas enfermedades. El trabajo ha sido publicado en la revista [&hellip;]<\/p>\n","protected":false},"author":29,"featured_media":16395,"comment_status":"open","ping_status":"open","sticky":false,"template":"","format":"standard","meta":{"footnotes":""},"categories":[1],"tags":[],"class_list":["post-16396","post","type-post","status-publish","format-standard","has-post-thumbnail","hentry","category-sin-categoria"],"yoast_head":"<!-- This site is optimized with the Yoast SEO plugin v27.1.1 - https:\/\/yoast.com\/product\/yoast-seo-wordpress\/ -->\n<title>Seg\u00fan estudio de Universidad de Columbia el peor mes para nacer es octubre | P\u00e1gina10<\/title>\n<meta name=\"robots\" content=\"index, follow, max-snippet:-1, max-image-preview:large, max-video-preview:-1\" \/>\n<link rel=\"canonical\" href=\"https:\/\/pagina10.com\/web\/segun-estudio-de-universidad-de-columbia-el-peor-mes-para-nacer-es-octubre\/\" \/>\n<meta property=\"og:locale\" content=\"es_ES\" \/>\n<meta property=\"og:type\" content=\"article\" \/>\n<meta property=\"og:title\" content=\"Seg\u00fan estudio de Universidad de Columbia el peor mes para nacer es octubre | P\u00e1gina10\" \/>\n<meta property=\"og:description\" content=\"\u00bfNos condiciona a nivel de salud nacer en enero o en agosto? Eso parece. Un estudio llevado a cabo por un equipo de investigadores de la Universidad de Columbia (EE.UU.) ha concluido que existe una relaci\u00f3n entre la fecha de nacimiento y el desarrollo de ciertas enfermedades. El trabajo ha sido publicado en la revista [&hellip;]\" \/>\n<meta property=\"og:url\" content=\"https:\/\/pagina10.com\/web\/segun-estudio-de-universidad-de-columbia-el-peor-mes-para-nacer-es-octubre\/\" \/>\n<meta property=\"og:site_name\" content=\"P\u00e1gina10\" \/>\n<meta property=\"article:publisher\" content=\"https:\/\/www.facebook.com\/pag10com\" \/>\n<meta property=\"article:published_time\" content=\"2015-06-10T15:47:36+00:00\" \/>\n<meta property=\"og:image\" content=\"https:\/\/pagina10.com\/web\/wp-content\/uploads\/2015\/06\/156e8951cc843b83af975716f5f61e9c.jpg\" \/>\n\t<meta property=\"og:image:width\" content=\"570\" \/>\n\t<meta property=\"og:image:height\" content=\"373\" \/>\n\t<meta property=\"og:image:type\" content=\"image\/jpeg\" \/>\n<meta name=\"author\" content=\"P\u00e1gina 10\" \/>\n<meta name=\"twitter:card\" content=\"summary_large_image\" \/>\n<meta name=\"twitter:creator\" content=\"@Pag10com\" \/>\n<meta name=\"twitter:site\" content=\"@Pag10com\" \/>\n<meta name=\"twitter:label1\" content=\"Escrito por\" \/>\n\t<meta name=\"twitter:data1\" content=\"P\u00e1gina 10\" \/>\n\t<meta name=\"twitter:label2\" content=\"Tiempo de lectura\" \/>\n\t<meta name=\"twitter:data2\" content=\"2 minutos\" \/>\n<script type=\"application\/ld+json\" class=\"yoast-schema-graph\">{\"@context\":\"https:\/\/schema.org\",\"@graph\":[{\"@type\":\"Article\",\"@id\":\"https:\/\/pagina10.com\/web\/segun-estudio-de-universidad-de-columbia-el-peor-mes-para-nacer-es-octubre\/#article\",\"isPartOf\":{\"@id\":\"https:\/\/pagina10.com\/web\/segun-estudio-de-universidad-de-columbia-el-peor-mes-para-nacer-es-octubre\/\"},\"author\":{\"name\":\"P\u00e1gina 10\",\"@id\":\"https:\/\/pagina10.com\/web\/#\/schema\/person\/a7a5d38f0629dfc107f619fbae4f6cc3\"},\"headline\":\"Seg\u00fan estudio de Universidad de Columbia el peor mes para nacer es octubre\",\"datePublished\":\"2015-06-10T15:47:36+00:00\",\"mainEntityOfPage\":{\"@id\":\"https:\/\/pagina10.com\/web\/segun-estudio-de-universidad-de-columbia-el-peor-mes-para-nacer-es-octubre\/\"},\"wordCount\":398,\"commentCount\":0,\"publisher\":{\"@id\":\"https:\/\/pagina10.com\/web\/#organization\"},\"image\":{\"@id\":\"https:\/\/pagina10.com\/web\/segun-estudio-de-universidad-de-columbia-el-peor-mes-para-nacer-es-octubre\/#primaryimage\"},\"thumbnailUrl\":\"https:\/\/pagina10.com\/web\/wp-content\/uploads\/2015\/06\/156e8951cc843b83af975716f5f61e9c.jpg\",\"inLanguage\":\"es\",\"potentialAction\":[{\"@type\":\"CommentAction\",\"name\":\"Comment\",\"target\":[\"https:\/\/pagina10.com\/web\/segun-estudio-de-universidad-de-columbia-el-peor-mes-para-nacer-es-octubre\/#respond\"]}]},{\"@type\":\"WebPage\",\"@id\":\"https:\/\/pagina10.com\/web\/segun-estudio-de-universidad-de-columbia-el-peor-mes-para-nacer-es-octubre\/\",\"url\":\"https:\/\/pagina10.com\/web\/segun-estudio-de-universidad-de-columbia-el-peor-mes-para-nacer-es-octubre\/\",\"name\":\"Seg\u00fan estudio de Universidad de Columbia el peor mes para nacer es octubre | P\u00e1gina10\",\"isPartOf\":{\"@id\":\"https:\/\/pagina10.com\/web\/#website\"},\"primaryImageOfPage\":{\"@id\":\"https:\/\/pagina10.com\/web\/segun-estudio-de-universidad-de-columbia-el-peor-mes-para-nacer-es-octubre\/#primaryimage\"},\"image\":{\"@id\":\"https:\/\/pagina10.com\/web\/segun-estudio-de-universidad-de-columbia-el-peor-mes-para-nacer-es-octubre\/#primaryimage\"},\"thumbnailUrl\":\"https:\/\/pagina10.com\/web\/wp-content\/uploads\/2015\/06\/156e8951cc843b83af975716f5f61e9c.jpg\",\"datePublished\":\"2015-06-10T15:47:36+00:00\",\"breadcrumb\":{\"@id\":\"https:\/\/pagina10.com\/web\/segun-estudio-de-universidad-de-columbia-el-peor-mes-para-nacer-es-octubre\/#breadcrumb\"},\"inLanguage\":\"es\",\"potentialAction\":[{\"@type\":\"ReadAction\",\"target\":[\"https:\/\/pagina10.com\/web\/segun-estudio-de-universidad-de-columbia-el-peor-mes-para-nacer-es-octubre\/\"]}]},{\"@type\":\"ImageObject\",\"inLanguage\":\"es\",\"@id\":\"https:\/\/pagina10.com\/web\/segun-estudio-de-universidad-de-columbia-el-peor-mes-para-nacer-es-octubre\/#primaryimage\",\"url\":\"https:\/\/pagina10.com\/web\/wp-content\/uploads\/2015\/06\/156e8951cc843b83af975716f5f61e9c.jpg\",\"contentUrl\":\"https:\/\/pagina10.com\/web\/wp-content\/uploads\/2015\/06\/156e8951cc843b83af975716f5f61e9c.jpg\",\"width\":570,\"height\":373},{\"@type\":\"BreadcrumbList\",\"@id\":\"https:\/\/pagina10.com\/web\/segun-estudio-de-universidad-de-columbia-el-peor-mes-para-nacer-es-octubre\/#breadcrumb\",\"itemListElement\":[{\"@type\":\"ListItem\",\"position\":1,\"name\":\"Portada\",\"item\":\"https:\/\/pagina10.com\/web\/\"},{\"@type\":\"ListItem\",\"position\":2,\"name\":\"Seg\u00fan estudio de Universidad de Columbia el peor mes para nacer es octubre\"}]},{\"@type\":\"WebSite\",\"@id\":\"https:\/\/pagina10.com\/web\/#website\",\"url\":\"https:\/\/pagina10.com\/web\/\",\"name\":\"P\u00e1gina10\",\"description\":\"Peri\u00f3dico Regional\",\"publisher\":{\"@id\":\"https:\/\/pagina10.com\/web\/#organization\"},\"alternateName\":\"P\u00e1gina10 Peri\u00f3dico Regional\",\"potentialAction\":[{\"@type\":\"SearchAction\",\"target\":{\"@type\":\"EntryPoint\",\"urlTemplate\":\"https:\/\/pagina10.com\/web\/?s={search_term_string}\"},\"query-input\":{\"@type\":\"PropertyValueSpecification\",\"valueRequired\":true,\"valueName\":\"search_term_string\"}}],\"inLanguage\":\"es\"},{\"@type\":\"Organization\",\"@id\":\"https:\/\/pagina10.com\/web\/#organization\",\"name\":\"P\u00e1gina10\",\"alternateName\":\"P\u00e1gina10 Peri\u00f3dico Regional\",\"url\":\"https:\/\/pagina10.com\/web\/\",\"logo\":{\"@type\":\"ImageObject\",\"inLanguage\":\"es\",\"@id\":\"https:\/\/pagina10.com\/web\/#\/schema\/logo\/image\/\",\"url\":\"https:\/\/pagina10.com\/web\/wp-content\/uploads\/2024\/01\/40-pagina-10-periodico-regional-pasto.jpg\",\"contentUrl\":\"https:\/\/pagina10.com\/web\/wp-content\/uploads\/2024\/01\/40-pagina-10-periodico-regional-pasto.jpg\",\"width\":1280,\"height\":720,\"caption\":\"P\u00e1gina10\"},\"image\":{\"@id\":\"https:\/\/pagina10.com\/web\/#\/schema\/logo\/image\/\"},\"sameAs\":[\"https:\/\/www.facebook.com\/pag10com\",\"https:\/\/x.com\/Pag10com\",\"https:\/\/www.instagram.com\/pagina10col\/\",\"https:\/\/youtube.com\/channel\/pag10\",\"https:\/\/www.tiktok.com\/@p10col\"]},{\"@type\":\"Person\",\"@id\":\"https:\/\/pagina10.com\/web\/#\/schema\/person\/a7a5d38f0629dfc107f619fbae4f6cc3\",\"name\":\"P\u00e1gina 10\",\"description\":\"P\u00e1gina10.com es un peri\u00f3dico digital que nace en Colombia, en el departamento de Nari\u00f1o, con un enfoque global, fundamentado en cuatro pilares esenciales: la libertad, el pluralismo, la inclusi\u00f3n y la independencia. P\u00e1gina10.com hace referencia a Nari\u00f1o como el d\u00e9cimo departamento creado en Colombia, despu\u00e9s de un proceso pol\u00edtico liderado por actores y actrices regionales con el fin de obtener la independencia y autonom\u00eda de nuestros territorios. Con la creaci\u00f3n de P\u00e1gina10.com se pretende abrir un escenario para el dialogo, la reflexi\u00f3n y el debate que se extienda a otras geograf\u00edas de Am\u00e9rica Latina y del planeta, en una apuesta por transformar colectivamente los desaf\u00edos de un mundo contempor\u00e1neo, m\u00e1s all\u00e1 de las fronteras impuestas.\",\"url\":\"https:\/\/pagina10.com\/web\/author\/mcepeda\/\"}]}<\/script>\n<!-- \/ Yoast SEO plugin. -->","yoast_head_json":{"title":"Seg\u00fan estudio de Universidad de Columbia el peor mes para nacer es octubre | P\u00e1gina10","robots":{"index":"index","follow":"follow","max-snippet":"max-snippet:-1","max-image-preview":"max-image-preview:large","max-video-preview":"max-video-preview:-1"},"canonical":"https:\/\/pagina10.com\/web\/segun-estudio-de-universidad-de-columbia-el-peor-mes-para-nacer-es-octubre\/","og_locale":"es_ES","og_type":"article","og_title":"Seg\u00fan estudio de Universidad de Columbia el peor mes para nacer es octubre | P\u00e1gina10","og_description":"\u00bfNos condiciona a nivel de salud nacer en enero o en agosto? Eso parece. Un estudio llevado a cabo por un equipo de investigadores de la Universidad de Columbia (EE.UU.) ha concluido que existe una relaci\u00f3n entre la fecha de nacimiento y el desarrollo de ciertas enfermedades. El trabajo ha sido publicado en la revista [&hellip;]","og_url":"https:\/\/pagina10.com\/web\/segun-estudio-de-universidad-de-columbia-el-peor-mes-para-nacer-es-octubre\/","og_site_name":"P\u00e1gina10","article_publisher":"https:\/\/www.facebook.com\/pag10com","article_published_time":"2015-06-10T15:47:36+00:00","og_image":[{"width":570,"height":373,"url":"https:\/\/pagina10.com\/web\/wp-content\/uploads\/2015\/06\/156e8951cc843b83af975716f5f61e9c.jpg","type":"image\/jpeg"}],"author":"P\u00e1gina 10","twitter_card":"summary_large_image","twitter_creator":"@Pag10com","twitter_site":"@Pag10com","twitter_misc":{"Escrito por":"P\u00e1gina 10","Tiempo de lectura":"2 minutos"},"schema":{"@context":"https:\/\/schema.org","@graph":[{"@type":"Article","@id":"https:\/\/pagina10.com\/web\/segun-estudio-de-universidad-de-columbia-el-peor-mes-para-nacer-es-octubre\/#article","isPartOf":{"@id":"https:\/\/pagina10.com\/web\/segun-estudio-de-universidad-de-columbia-el-peor-mes-para-nacer-es-octubre\/"},"author":{"name":"P\u00e1gina 10","@id":"https:\/\/pagina10.com\/web\/#\/schema\/person\/a7a5d38f0629dfc107f619fbae4f6cc3"},"headline":"Seg\u00fan estudio de Universidad de Columbia el peor mes para nacer es octubre","datePublished":"2015-06-10T15:47:36+00:00","mainEntityOfPage":{"@id":"https:\/\/pagina10.com\/web\/segun-estudio-de-universidad-de-columbia-el-peor-mes-para-nacer-es-octubre\/"},"wordCount":398,"commentCount":0,"publisher":{"@id":"https:\/\/pagina10.com\/web\/#organization"},"image":{"@id":"https:\/\/pagina10.com\/web\/segun-estudio-de-universidad-de-columbia-el-peor-mes-para-nacer-es-octubre\/#primaryimage"},"thumbnailUrl":"https:\/\/pagina10.com\/web\/wp-content\/uploads\/2015\/06\/156e8951cc843b83af975716f5f61e9c.jpg","inLanguage":"es","potentialAction":[{"@type":"CommentAction","name":"Comment","target":["https:\/\/pagina10.com\/web\/segun-estudio-de-universidad-de-columbia-el-peor-mes-para-nacer-es-octubre\/#respond"]}]},{"@type":"WebPage","@id":"https:\/\/pagina10.com\/web\/segun-estudio-de-universidad-de-columbia-el-peor-mes-para-nacer-es-octubre\/","url":"https:\/\/pagina10.com\/web\/segun-estudio-de-universidad-de-columbia-el-peor-mes-para-nacer-es-octubre\/","name":"Seg\u00fan estudio de Universidad de Columbia el peor mes para nacer es octubre | P\u00e1gina10","isPartOf":{"@id":"https:\/\/pagina10.com\/web\/#website"},"primaryImageOfPage":{"@id":"https:\/\/pagina10.com\/web\/segun-estudio-de-universidad-de-columbia-el-peor-mes-para-nacer-es-octubre\/#primaryimage"},"image":{"@id":"https:\/\/pagina10.com\/web\/segun-estudio-de-universidad-de-columbia-el-peor-mes-para-nacer-es-octubre\/#primaryimage"},"thumbnailUrl":"https:\/\/pagina10.com\/web\/wp-content\/uploads\/2015\/06\/156e8951cc843b83af975716f5f61e9c.jpg","datePublished":"2015-06-10T15:47:36+00:00","breadcrumb":{"@id":"https:\/\/pagina10.com\/web\/segun-estudio-de-universidad-de-columbia-el-peor-mes-para-nacer-es-octubre\/#breadcrumb"},"inLanguage":"es","potentialAction":[{"@type":"ReadAction","target":["https:\/\/pagina10.com\/web\/segun-estudio-de-universidad-de-columbia-el-peor-mes-para-nacer-es-octubre\/"]}]},{"@type":"ImageObject","inLanguage":"es","@id":"https:\/\/pagina10.com\/web\/segun-estudio-de-universidad-de-columbia-el-peor-mes-para-nacer-es-octubre\/#primaryimage","url":"https:\/\/pagina10.com\/web\/wp-content\/uploads\/2015\/06\/156e8951cc843b83af975716f5f61e9c.jpg","contentUrl":"https:\/\/pagina10.com\/web\/wp-content\/uploads\/2015\/06\/156e8951cc843b83af975716f5f61e9c.jpg","width":570,"height":373},{"@type":"BreadcrumbList","@id":"https:\/\/pagina10.com\/web\/segun-estudio-de-universidad-de-columbia-el-peor-mes-para-nacer-es-octubre\/#breadcrumb","itemListElement":[{"@type":"ListItem","position":1,"name":"Portada","item":"https:\/\/pagina10.com\/web\/"},{"@type":"ListItem","position":2,"name":"Seg\u00fan estudio de Universidad de Columbia el peor mes para nacer es octubre"}]},{"@type":"WebSite","@id":"https:\/\/pagina10.com\/web\/#website","url":"https:\/\/pagina10.com\/web\/","name":"P\u00e1gina10","description":"Peri\u00f3dico Regional","publisher":{"@id":"https:\/\/pagina10.com\/web\/#organization"},"alternateName":"P\u00e1gina10 Peri\u00f3dico Regional","potentialAction":[{"@type":"SearchAction","target":{"@type":"EntryPoint","urlTemplate":"https:\/\/pagina10.com\/web\/?s={search_term_string}"},"query-input":{"@type":"PropertyValueSpecification","valueRequired":true,"valueName":"search_term_string"}}],"inLanguage":"es"},{"@type":"Organization","@id":"https:\/\/pagina10.com\/web\/#organization","name":"P\u00e1gina10","alternateName":"P\u00e1gina10 Peri\u00f3dico Regional","url":"https:\/\/pagina10.com\/web\/","logo":{"@type":"ImageObject","inLanguage":"es","@id":"https:\/\/pagina10.com\/web\/#\/schema\/logo\/image\/","url":"https:\/\/pagina10.com\/web\/wp-content\/uploads\/2024\/01\/40-pagina-10-periodico-regional-pasto.jpg","contentUrl":"https:\/\/pagina10.com\/web\/wp-content\/uploads\/2024\/01\/40-pagina-10-periodico-regional-pasto.jpg","width":1280,"height":720,"caption":"P\u00e1gina10"},"image":{"@id":"https:\/\/pagina10.com\/web\/#\/schema\/logo\/image\/"},"sameAs":["https:\/\/www.facebook.com\/pag10com","https:\/\/x.com\/Pag10com","https:\/\/www.instagram.com\/pagina10col\/","https:\/\/youtube.com\/channel\/pag10","https:\/\/www.tiktok.com\/@p10col"]},{"@type":"Person","@id":"https:\/\/pagina10.com\/web\/#\/schema\/person\/a7a5d38f0629dfc107f619fbae4f6cc3","name":"P\u00e1gina 10","description":"P\u00e1gina10.com es un peri\u00f3dico digital que nace en Colombia, en el departamento de Nari\u00f1o, con un enfoque global, fundamentado en cuatro pilares esenciales: la libertad, el pluralismo, la inclusi\u00f3n y la independencia. P\u00e1gina10.com hace referencia a Nari\u00f1o como el d\u00e9cimo departamento creado en Colombia, despu\u00e9s de un proceso pol\u00edtico liderado por actores y actrices regionales con el fin de obtener la independencia y autonom\u00eda de nuestros territorios. Con la creaci\u00f3n de P\u00e1gina10.com se pretende abrir un escenario para el dialogo, la reflexi\u00f3n y el debate que se extienda a otras geograf\u00edas de Am\u00e9rica Latina y del planeta, en una apuesta por transformar colectivamente los desaf\u00edos de un mundo contempor\u00e1neo, m\u00e1s all\u00e1 de las fronteras impuestas.","url":"https:\/\/pagina10.com\/web\/author\/mcepeda\/"}]}},"_links":{"self":[{"href":"https:\/\/pagina10.com\/web\/wp-json\/wp\/v2\/posts\/16396","targetHints":{"allow":["GET"]}}],"collection":[{"href":"https:\/\/pagina10.com\/web\/wp-json\/wp\/v2\/posts"}],"about":[{"href":"https:\/\/pagina10.com\/web\/wp-json\/wp\/v2\/types\/post"}],"author":[{"embeddable":true,"href":"https:\/\/pagina10.com\/web\/wp-json\/wp\/v2\/users\/29"}],"replies":[{"embeddable":true,"href":"https:\/\/pagina10.com\/web\/wp-json\/wp\/v2\/comments?post=16396"}],"version-history":[{"count":0,"href":"https:\/\/pagina10.com\/web\/wp-json\/wp\/v2\/posts\/16396\/revisions"}],"wp:featuredmedia":[{"embeddable":true,"href":"https:\/\/pagina10.com\/web\/wp-json\/wp\/v2\/media\/16395"}],"wp:attachment":[{"href":"https:\/\/pagina10.com\/web\/wp-json\/wp\/v2\/media?parent=16396"}],"wp:term":[{"taxonomy":"category","embeddable":true,"href":"https:\/\/pagina10.com\/web\/wp-json\/wp\/v2\/categories?post=16396"},{"taxonomy":"post_tag","embeddable":true,"href":"https:\/\/pagina10.com\/web\/wp-json\/wp\/v2\/tags?post=16396"}],"curies":[{"name":"wp","href":"https:\/\/api.w.org\/{rel}","templated":true}]}}