{"id":16400,"date":"2015-06-10T16:11:37","date_gmt":"2015-06-10T16:11:37","guid":{"rendered":"https:\/\/pagina10.com\/web\/el-hip-hop-y-el-rap-se-toman-a-pasto-con-la-voz-de-el-mudo\/"},"modified":"2015-06-10T16:11:37","modified_gmt":"2015-06-10T16:11:37","slug":"el-hip-hop-y-el-rap-se-toman-a-pasto-con-la-voz-de-el-mudo","status":"publish","type":"post","link":"https:\/\/pagina10.com\/web\/el-hip-hop-y-el-rap-se-toman-a-pasto-con-la-voz-de-el-mudo\/","title":{"rendered":"El Hip Hop y el Rap se toman a Pasto con la voz de &#8220;El Mudo&#8221;"},"content":{"rendered":"<p><img fetchpriority=\"high\" decoding=\"async\" class=\" size-full wp-image-16399\" src=\"https:\/\/pagina10.com\/web\/wp-content\/uploads\/2015\/06\/f6aff750505ae6b950f58ca0bf5c78b6.jpg\" alt=\"\" width=\"1280\" height=\"960\" srcset=\"https:\/\/pagina10.com\/web\/wp-content\/uploads\/2015\/06\/f6aff750505ae6b950f58ca0bf5c78b6.jpg 1280w, https:\/\/pagina10.com\/web\/wp-content\/uploads\/2015\/06\/f6aff750505ae6b950f58ca0bf5c78b6-300x225.jpg 300w, https:\/\/pagina10.com\/web\/wp-content\/uploads\/2015\/06\/f6aff750505ae6b950f58ca0bf5c78b6-1024x768.jpg 1024w, https:\/\/pagina10.com\/web\/wp-content\/uploads\/2015\/06\/f6aff750505ae6b950f58ca0bf5c78b6-768x576.jpg 768w, https:\/\/pagina10.com\/web\/wp-content\/uploads\/2015\/06\/f6aff750505ae6b950f58ca0bf5c78b6-86x64.jpg 86w\" sizes=\"(max-width: 1280px) 100vw, 1280px\" \/><\/p>\n<p style=\"text-align: justify;\">P\u00e1gina10, apoyando siempre a los artistas locales que buscan promover a trav\u00e9s de su musica los valores y la fuerza emprendedora de la comunidad pastusa, invit\u00f3 a conversar a &#8220;El Mudo&#8221;, un j\u00f3ven rapero que con su talento ha logrado posicionarse en el sector musical, para que nos cuente del nuevo evento de car\u00e1cter social que est\u00e1 organizando en la ciudad y sus proyectos futuros en los que se incluye una gira por Suram\u00e9rica.&nbsp;<\/p>\n<p style=\"text-align: justify;\"><strong>&nbsp;<\/strong><\/p>\n<p style=\"text-align: justify;\"><strong>P10. Cu\u00e9ntanos de tu nuevo evento<\/strong><\/p>\n<p style=\"text-align: justify;\"><strong>El Mudo.<\/strong> Bueno, el evento se llama &#8220;Sue\u00f1os Rotos&#8221;, se va a realizar el 21 de junio a partir de la 1 hasta las 6 de la tarde. En esta ocasi\u00f3n se realizar\u00e1 en el barrio Villaflor en la cancha central. El fin del evento es recolectar guantes, frazadas, implementos de aseo, cobijas, alimentos no perecederos, cosas que est\u00e9n en buen estado para entregarlas al siguiente d\u00eda en una jornada nocturna a las personas de la calle que las necesiten, enviar esos elementos de aseo a c\u00e1rceles, hospitales o donde la gente verdaderamente lo requiera. La idea es ayudar a la poblaci\u00f3n vulnerable y generar una peque\u00f1a semilla de conciencia.<\/p>\n<p style=\"text-align: justify;\"><strong>P10. C\u00f3mo te vinculaste con estos eventos de car\u00e1cter social <\/strong><\/p>\n<p style=\"text-align: justify;\"><strong style=\"line-height: 19.7999992370605px; text-align: justify;\">El Mudo.&nbsp;<\/strong>Eso siempre se lo ha hecho, porque el g\u00e9nero urbano trabaja muchas tem\u00e1ticas sociales. Tenemos que estar a diario con habitantes de la calle y se ve las problem\u00e1ticas. Uno tiene la capacidad de poder ayudar a las personas, ah\u00ed naci\u00f3 esa voluntad por hacerlo, por dejar un peque\u00f1o apoyo para que despu\u00e9s las personas lo sigan haciendo. En la calle se mira ni\u00f1os que reciben maltrato, maltrato a las mujeres. Al mirar esas cosas a diario por las calles donde uno va caminando, entonces uno trata de dejar una semilla, un ejemplo.<\/p>\n<p style=\"text-align: justify;\"><strong><strong style=\"line-height: 19.7999992370605px; text-align: justify;\">P10.&nbsp;<\/strong>Qu\u00e9 entidades est\u00e1n vinculadas con estos eventos<\/strong><\/p>\n<p style=\"text-align: justify;\"><strong style=\"line-height: 19.7999992370605px; text-align: justify;\">El Mudo.&nbsp;<\/strong>La \u00fanica entidad que siempre nos ha apoyado aqu\u00ed en la ciudad de Pasto es \u00c1guila Roja, en los anteriores eventos tambi\u00e9n nos ha apoyado Comfamiliar. Son las \u00fanicas dos entidades de las que hemos recibido apoy\u00f3. Hemos tocado puertas de entidades privadas, de Alcald\u00eda, y ellos nunca nos han apoyado con nada.<\/p>\n<p style=\"text-align: justify;\"><strong><strong style=\"line-height: 19.7999992370605px; text-align: justify;\">P10.&nbsp;<\/strong>Por qu\u00e9 crees que se vinculan estos ritmos ciudadanos como el Hip Hop y el Rap a temas como la violencia o las drogas?<\/strong><\/p>\n<p style=\"text-align: justify;\"><strong style=\"line-height: 19.7999992370605px; text-align: justify;\">El Mudo.&nbsp;<\/strong>Porque el Rap y el Hip Hop nacieron en barrios marginales, sectores vulnerables, suburbios, donde los que cantaban estos ritmos pasaban por situaciones muy dif\u00edciles. A veces en sus propios hogares sin comida, tener que mirar las problem\u00e1tica de un sector que es azotado por la violencia. Entonces estos ritmos trataron de ser una voz de aliento, de resistencia para que muchos no sigan en las drogas, no utilicen el sicariato como forma de vida, que se refugien m\u00e1s en el arte y &nbsp;nosotros tratamos de llevar un mensaje a partir de la m\u00fasica y en ella misma encontrar un refugio para tratar escapar de toda esa problem\u00e1tica y tratar de ayudar a todas esa personas que viven en ese medio.<\/p>\n<p style=\"text-align: justify;\"><strong><strong style=\"line-height: 19.7999992370605px; text-align: justify;\">P10.&nbsp;<\/strong>Se va a vincular a los grafiteros en tu evento?<\/strong><\/p>\n<p style=\"text-align: justify;\"><strong style=\"line-height: 19.7999992370605px; text-align: justify;\">El Mudo.&nbsp;<\/strong>Si, este evento va a contar con grafiteros, bailarines de break dance, vamos a tener inflables para ni\u00f1os, degustaciones de las marcas patrocinadores. Es un evento cultural para los j\u00f3venes en el que se integra a la familia y donde los padres puedan compartir con sus hijos y se puedan ayudar y apoyar mutuamente.&nbsp;A trav\u00e9s de este espacio los padres de familia podr\u00e1n conocer m\u00e1s la cultura del Hip Hop para que lo dejen de estigmatizar y vincularlo al consumo de drogas.<\/p>\n<p style=\"text-align: justify;\"><strong><strong style=\"line-height: 19.7999992370605px; text-align: justify;\">P10.&nbsp;<\/strong>La ciudad de Pasto ha avanzado en cuanto al apoyo de estos ritmos?<\/strong><\/p>\n<p style=\"text-align: justify;\"><strong style=\"line-height: 19.7999992370605px; text-align: justify;\">El Mudo.&nbsp;<\/strong>Si. hay un avance significativo en cuanto a la difusi\u00f3n de la m\u00fasica, la mente se est\u00e1 abriendo un poco m\u00e1s en cuanto al g\u00e9nero urbano. En cuanto al apoyo si hay muy pocas entidades que apoyan esta musica y muchas veces no lo apoyan porque lo estigmatizan. Hay m\u00e1s producciones de audio de video, hay medios que lo est\u00e1n difundiendo, aunque en &nbsp;cuesti\u00f3n de emisoras falta un poco ya que no existen en el g\u00e9nero Hip Hop, &nbsp;pero se estan haciendo mas eventos en los que se vincula a los ritmos urbanos.<\/p>\n<p style=\"text-align: justify;\"><strong><strong style=\"line-height: 19.7999992370605px; text-align: justify;\">P10.&nbsp;<\/strong>Cuales son tus proyectos musicales futuros?<\/strong><\/p>\n<p style=\"text-align: justify;\"><strong style=\"line-height: 19.7999992370605px; text-align: justify;\">El Mudo.&nbsp;<\/strong>Bueno, en lo personal estamos trabajando una nueva gira con mi equipo de trabajo. Estamos invitados a varios festivales en todo Suram\u00e9rica. Empezamos este 6 de junio en Ibarra y el mismo dia tenemos otro evento en Guayaquil- ecuador hasta el 20 de junio. El 21 regresamos a Pasto para nuestro evento &#8220;Sue\u00f1os Rotos &#8221; y luego salimos para Puno Per\u00fa.<\/p>\n<p style=\"text-align: justify;\">En agosto estamos invitados a un festival en Bolivia y en septiembre rematamos con un festival del cual somos invitados como banda sudamericana en Buenos Aires argentina. Despu\u00e9s de este evento estamos concretando en M\u00e9xico como evento internacional. Para noviembre terminamos con uno de los eventos m\u00e1s importantes en el pa\u00eds que se llama Revoluci\u00f3n sin Muertos en Medell\u00edn. siempre se hace en la comuna 13.<\/p>\n<p style=\"text-align: justify;\">Musicalmente estoy trabajando en un CD nuevo que se llama &#8220;Pa la Esquina de la Perdici\u00f3n&#8221;, est\u00e1 basado en las problem\u00e1ticas que se viven en la calle, en lo social lo que se vive internamente en Colombia, c\u00f3mo nos ven desde afuera, como un pa\u00eds violento de guerrilla. Entonces la idea es demostrar que ac\u00e1 hay cosas buenas. El dia del evento voy a estar lanzando 2 canciones nuevas, una se llama &#8220;Oraci\u00f3n al Cielo&#8221; y la otra se llama &#8220;Caminando Encontr\u00e9&#8221; que cuenta todas las problem\u00e1tica de violencia, desnutrici\u00f3n, maltrato infantil y a la mujer. La situaci\u00f3n que se presenta en partes donde la gente vive sin una gota de agua, el tema de la libertad de prensa, la violencia a los periodistas, secuestrados, en fin, de todo lo que se est\u00e1 viviendo. Es una canci\u00f3n muy fuerte que ya ha tenido una buena acogida en Suram\u00e9rica.<\/p>\n<p style=\"text-align: justify;\"><strong>P10. Donde se encuentra tu CD<\/strong><\/p>\n<p style=\"text-align: justify;\"><strong style=\"line-height: 19.7999992370605px; text-align: justify;\">El Mudo.&nbsp;<\/strong>Todavia no sale. est\u00e1 previsto para diciembre, ahorita estamos con un compilado que se llama Tour Sudam\u00e9rica y lo pueden conseguir en nuestras redes sociales.&nbsp;ah\u00ed me pueden contactar y el CD lo entrego personalmente.<\/p>\n<p style=\"text-align: justify;\"><strong>&nbsp;<\/strong><\/p>\n<p style=\"text-align: justify;\"><strong>P10Cuales son los invitados para el evento Sue\u00f1os Rotos<\/strong><\/p>\n<p style=\"text-align: justify;\"><strong style=\"line-height: 19.7999992370605px; text-align: justify;\">El Mudo.&nbsp;<\/strong>Los invitados son FAT a.k.a S.A, grupo de Hip Hop de la ciudad de Ibague y Stigma de la ciudad de Bogot\u00e1<\/p>\n<p style=\"text-align: justify;\">&nbsp;<\/p>\n<p style=\"text-align: justify;\"><strong>Redes sociales<\/strong><\/p>\n<p style=\"text-align: justify;\"><a href=\"https:\/\/www.facebook.com\/elmudo.raprap\" target=\"_blank\">https:\/\/www.facebook.com\/elmudo.raprap<\/a><br \/><a href=\"https:\/\/www.youtube.com\/user\/madomadorap\" target=\"_blank\">https:\/\/www.youtube.com\/user\/madomadorap<\/a><br \/><a href=\"https:\/\/www.facebook.com\/pages\/El-Mudo-RAP-PASTO\/735727749814226?ref=hl%20https:\/\/www.facebook.com\/rdjdff?ref=hl\" target=\"_blank\">https:\/\/www.facebook.com\/pages\/El-Mudo-RAP-PASTO\/735727749814226?ref=hl https:\/\/www.facebook.com\/rdjdff?ref=hl<\/a><\/p>\n<p style=\"text-align: justify;\">&nbsp;<\/p>\n<p style=\"text-align: justify;\"><strong>&nbsp;Video &#8211; Correspondencia al Cielo<\/strong><\/p>\n<p><iframe width=\"640\" height=\"360\" src=\"https:\/\/www.youtube.com\/embed\/P2CAq_3umxI?rel=0&amp;controls=0&amp;showinfo=0\" frameborder=\"0\" allowfullscreen=\"true\"><\/iframe><\/p>\n","protected":false},"excerpt":{"rendered":"<p>P\u00e1gina10, apoyando siempre a los artistas locales que buscan promover a trav\u00e9s de su musica los valores y la fuerza emprendedora de la comunidad pastusa, invit\u00f3 a conversar a &#8220;El Mudo&#8221;, un j\u00f3ven rapero que con su talento ha logrado posicionarse en el sector musical, para que nos cuente del nuevo evento de car\u00e1cter social [&hellip;]<\/p>\n","protected":false},"author":29,"featured_media":16399,"comment_status":"open","ping_status":"open","sticky":false,"template":"","format":"standard","meta":{"footnotes":""},"categories":[1],"tags":[],"class_list":["post-16400","post","type-post","status-publish","format-standard","has-post-thumbnail","hentry","category-sin-categoria"],"yoast_head":"<!-- This site is optimized with the Yoast SEO plugin v27.1.1 - https:\/\/yoast.com\/product\/yoast-seo-wordpress\/ -->\n<title>El Hip Hop y el Rap se toman a Pasto con la voz de &quot;El Mudo&quot; | P\u00e1gina10<\/title>\n<meta name=\"robots\" content=\"index, follow, max-snippet:-1, max-image-preview:large, max-video-preview:-1\" \/>\n<link rel=\"canonical\" href=\"https:\/\/pagina10.com\/web\/el-hip-hop-y-el-rap-se-toman-a-pasto-con-la-voz-de-el-mudo\/\" \/>\n<meta property=\"og:locale\" content=\"es_ES\" \/>\n<meta property=\"og:type\" content=\"article\" \/>\n<meta property=\"og:title\" content=\"El Hip Hop y el Rap se toman a Pasto con la voz de &quot;El Mudo&quot; | P\u00e1gina10\" \/>\n<meta property=\"og:description\" content=\"P\u00e1gina10, apoyando siempre a los artistas locales que buscan promover a trav\u00e9s de su musica los valores y la fuerza emprendedora de la comunidad pastusa, invit\u00f3 a conversar a &#8220;El Mudo&#8221;, un j\u00f3ven rapero que con su talento ha logrado posicionarse en el sector musical, para que nos cuente del nuevo evento de car\u00e1cter social [&hellip;]\" \/>\n<meta property=\"og:url\" content=\"https:\/\/pagina10.com\/web\/el-hip-hop-y-el-rap-se-toman-a-pasto-con-la-voz-de-el-mudo\/\" \/>\n<meta property=\"og:site_name\" content=\"P\u00e1gina10\" \/>\n<meta property=\"article:publisher\" content=\"https:\/\/www.facebook.com\/pag10com\" \/>\n<meta property=\"article:published_time\" content=\"2015-06-10T16:11:37+00:00\" \/>\n<meta property=\"og:image\" content=\"https:\/\/pagina10.com\/web\/wp-content\/uploads\/2015\/06\/f6aff750505ae6b950f58ca0bf5c78b6.jpg\" \/>\n\t<meta property=\"og:image:width\" content=\"1280\" \/>\n\t<meta property=\"og:image:height\" content=\"960\" \/>\n\t<meta property=\"og:image:type\" content=\"image\/jpeg\" \/>\n<meta name=\"author\" content=\"P\u00e1gina 10\" \/>\n<meta name=\"twitter:card\" content=\"summary_large_image\" \/>\n<meta name=\"twitter:creator\" content=\"@Pag10com\" \/>\n<meta name=\"twitter:site\" content=\"@Pag10com\" \/>\n<meta name=\"twitter:label1\" content=\"Escrito por\" \/>\n\t<meta name=\"twitter:data1\" content=\"P\u00e1gina 10\" \/>\n\t<meta name=\"twitter:label2\" content=\"Tiempo de lectura\" \/>\n\t<meta name=\"twitter:data2\" content=\"6 minutos\" \/>\n<script type=\"application\/ld+json\" class=\"yoast-schema-graph\">{\"@context\":\"https:\/\/schema.org\",\"@graph\":[{\"@type\":\"Article\",\"@id\":\"https:\/\/pagina10.com\/web\/el-hip-hop-y-el-rap-se-toman-a-pasto-con-la-voz-de-el-mudo\/#article\",\"isPartOf\":{\"@id\":\"https:\/\/pagina10.com\/web\/el-hip-hop-y-el-rap-se-toman-a-pasto-con-la-voz-de-el-mudo\/\"},\"author\":{\"name\":\"P\u00e1gina 10\",\"@id\":\"https:\/\/pagina10.com\/web\/#\/schema\/person\/a7a5d38f0629dfc107f619fbae4f6cc3\"},\"headline\":\"El Hip Hop y el Rap se toman a Pasto con la voz de &#8220;El Mudo&#8221;\",\"datePublished\":\"2015-06-10T16:11:37+00:00\",\"mainEntityOfPage\":{\"@id\":\"https:\/\/pagina10.com\/web\/el-hip-hop-y-el-rap-se-toman-a-pasto-con-la-voz-de-el-mudo\/\"},\"wordCount\":1202,\"commentCount\":0,\"publisher\":{\"@id\":\"https:\/\/pagina10.com\/web\/#organization\"},\"image\":{\"@id\":\"https:\/\/pagina10.com\/web\/el-hip-hop-y-el-rap-se-toman-a-pasto-con-la-voz-de-el-mudo\/#primaryimage\"},\"thumbnailUrl\":\"https:\/\/pagina10.com\/web\/wp-content\/uploads\/2015\/06\/f6aff750505ae6b950f58ca0bf5c78b6.jpg\",\"inLanguage\":\"es\",\"potentialAction\":[{\"@type\":\"CommentAction\",\"name\":\"Comment\",\"target\":[\"https:\/\/pagina10.com\/web\/el-hip-hop-y-el-rap-se-toman-a-pasto-con-la-voz-de-el-mudo\/#respond\"]}]},{\"@type\":\"WebPage\",\"@id\":\"https:\/\/pagina10.com\/web\/el-hip-hop-y-el-rap-se-toman-a-pasto-con-la-voz-de-el-mudo\/\",\"url\":\"https:\/\/pagina10.com\/web\/el-hip-hop-y-el-rap-se-toman-a-pasto-con-la-voz-de-el-mudo\/\",\"name\":\"El Hip Hop y el Rap se toman a Pasto con la voz de \\\"El Mudo\\\" | P\u00e1gina10\",\"isPartOf\":{\"@id\":\"https:\/\/pagina10.com\/web\/#website\"},\"primaryImageOfPage\":{\"@id\":\"https:\/\/pagina10.com\/web\/el-hip-hop-y-el-rap-se-toman-a-pasto-con-la-voz-de-el-mudo\/#primaryimage\"},\"image\":{\"@id\":\"https:\/\/pagina10.com\/web\/el-hip-hop-y-el-rap-se-toman-a-pasto-con-la-voz-de-el-mudo\/#primaryimage\"},\"thumbnailUrl\":\"https:\/\/pagina10.com\/web\/wp-content\/uploads\/2015\/06\/f6aff750505ae6b950f58ca0bf5c78b6.jpg\",\"datePublished\":\"2015-06-10T16:11:37+00:00\",\"breadcrumb\":{\"@id\":\"https:\/\/pagina10.com\/web\/el-hip-hop-y-el-rap-se-toman-a-pasto-con-la-voz-de-el-mudo\/#breadcrumb\"},\"inLanguage\":\"es\",\"potentialAction\":[{\"@type\":\"ReadAction\",\"target\":[\"https:\/\/pagina10.com\/web\/el-hip-hop-y-el-rap-se-toman-a-pasto-con-la-voz-de-el-mudo\/\"]}]},{\"@type\":\"ImageObject\",\"inLanguage\":\"es\",\"@id\":\"https:\/\/pagina10.com\/web\/el-hip-hop-y-el-rap-se-toman-a-pasto-con-la-voz-de-el-mudo\/#primaryimage\",\"url\":\"https:\/\/pagina10.com\/web\/wp-content\/uploads\/2015\/06\/f6aff750505ae6b950f58ca0bf5c78b6.jpg\",\"contentUrl\":\"https:\/\/pagina10.com\/web\/wp-content\/uploads\/2015\/06\/f6aff750505ae6b950f58ca0bf5c78b6.jpg\",\"width\":1280,\"height\":960},{\"@type\":\"BreadcrumbList\",\"@id\":\"https:\/\/pagina10.com\/web\/el-hip-hop-y-el-rap-se-toman-a-pasto-con-la-voz-de-el-mudo\/#breadcrumb\",\"itemListElement\":[{\"@type\":\"ListItem\",\"position\":1,\"name\":\"Portada\",\"item\":\"https:\/\/pagina10.com\/web\/\"},{\"@type\":\"ListItem\",\"position\":2,\"name\":\"El Hip Hop y el Rap se toman a Pasto con la voz de &#8220;El Mudo&#8221;\"}]},{\"@type\":\"WebSite\",\"@id\":\"https:\/\/pagina10.com\/web\/#website\",\"url\":\"https:\/\/pagina10.com\/web\/\",\"name\":\"P\u00e1gina10\",\"description\":\"Peri\u00f3dico Regional\",\"publisher\":{\"@id\":\"https:\/\/pagina10.com\/web\/#organization\"},\"alternateName\":\"P\u00e1gina10 Peri\u00f3dico Regional\",\"potentialAction\":[{\"@type\":\"SearchAction\",\"target\":{\"@type\":\"EntryPoint\",\"urlTemplate\":\"https:\/\/pagina10.com\/web\/?s={search_term_string}\"},\"query-input\":{\"@type\":\"PropertyValueSpecification\",\"valueRequired\":true,\"valueName\":\"search_term_string\"}}],\"inLanguage\":\"es\"},{\"@type\":\"Organization\",\"@id\":\"https:\/\/pagina10.com\/web\/#organization\",\"name\":\"P\u00e1gina10\",\"alternateName\":\"P\u00e1gina10 Peri\u00f3dico Regional\",\"url\":\"https:\/\/pagina10.com\/web\/\",\"logo\":{\"@type\":\"ImageObject\",\"inLanguage\":\"es\",\"@id\":\"https:\/\/pagina10.com\/web\/#\/schema\/logo\/image\/\",\"url\":\"https:\/\/pagina10.com\/web\/wp-content\/uploads\/2024\/01\/40-pagina-10-periodico-regional-pasto.jpg\",\"contentUrl\":\"https:\/\/pagina10.com\/web\/wp-content\/uploads\/2024\/01\/40-pagina-10-periodico-regional-pasto.jpg\",\"width\":1280,\"height\":720,\"caption\":\"P\u00e1gina10\"},\"image\":{\"@id\":\"https:\/\/pagina10.com\/web\/#\/schema\/logo\/image\/\"},\"sameAs\":[\"https:\/\/www.facebook.com\/pag10com\",\"https:\/\/x.com\/Pag10com\",\"https:\/\/www.instagram.com\/pagina10col\/\",\"https:\/\/youtube.com\/channel\/pag10\",\"https:\/\/www.tiktok.com\/@p10col\"]},{\"@type\":\"Person\",\"@id\":\"https:\/\/pagina10.com\/web\/#\/schema\/person\/a7a5d38f0629dfc107f619fbae4f6cc3\",\"name\":\"P\u00e1gina 10\",\"description\":\"P\u00e1gina10.com es un peri\u00f3dico digital que nace en Colombia, en el departamento de Nari\u00f1o, con un enfoque global, fundamentado en cuatro pilares esenciales: la libertad, el pluralismo, la inclusi\u00f3n y la independencia. P\u00e1gina10.com hace referencia a Nari\u00f1o como el d\u00e9cimo departamento creado en Colombia, despu\u00e9s de un proceso pol\u00edtico liderado por actores y actrices regionales con el fin de obtener la independencia y autonom\u00eda de nuestros territorios. Con la creaci\u00f3n de P\u00e1gina10.com se pretende abrir un escenario para el dialogo, la reflexi\u00f3n y el debate que se extienda a otras geograf\u00edas de Am\u00e9rica Latina y del planeta, en una apuesta por transformar colectivamente los desaf\u00edos de un mundo contempor\u00e1neo, m\u00e1s all\u00e1 de las fronteras impuestas.\",\"url\":\"https:\/\/pagina10.com\/web\/author\/mcepeda\/\"}]}<\/script>\n<!-- \/ Yoast SEO plugin. -->","yoast_head_json":{"title":"El Hip Hop y el Rap se toman a Pasto con la voz de \"El Mudo\" | P\u00e1gina10","robots":{"index":"index","follow":"follow","max-snippet":"max-snippet:-1","max-image-preview":"max-image-preview:large","max-video-preview":"max-video-preview:-1"},"canonical":"https:\/\/pagina10.com\/web\/el-hip-hop-y-el-rap-se-toman-a-pasto-con-la-voz-de-el-mudo\/","og_locale":"es_ES","og_type":"article","og_title":"El Hip Hop y el Rap se toman a Pasto con la voz de \"El Mudo\" | P\u00e1gina10","og_description":"P\u00e1gina10, apoyando siempre a los artistas locales que buscan promover a trav\u00e9s de su musica los valores y la fuerza emprendedora de la comunidad pastusa, invit\u00f3 a conversar a &#8220;El Mudo&#8221;, un j\u00f3ven rapero que con su talento ha logrado posicionarse en el sector musical, para que nos cuente del nuevo evento de car\u00e1cter social [&hellip;]","og_url":"https:\/\/pagina10.com\/web\/el-hip-hop-y-el-rap-se-toman-a-pasto-con-la-voz-de-el-mudo\/","og_site_name":"P\u00e1gina10","article_publisher":"https:\/\/www.facebook.com\/pag10com","article_published_time":"2015-06-10T16:11:37+00:00","og_image":[{"width":1280,"height":960,"url":"https:\/\/pagina10.com\/web\/wp-content\/uploads\/2015\/06\/f6aff750505ae6b950f58ca0bf5c78b6.jpg","type":"image\/jpeg"}],"author":"P\u00e1gina 10","twitter_card":"summary_large_image","twitter_creator":"@Pag10com","twitter_site":"@Pag10com","twitter_misc":{"Escrito por":"P\u00e1gina 10","Tiempo de lectura":"6 minutos"},"schema":{"@context":"https:\/\/schema.org","@graph":[{"@type":"Article","@id":"https:\/\/pagina10.com\/web\/el-hip-hop-y-el-rap-se-toman-a-pasto-con-la-voz-de-el-mudo\/#article","isPartOf":{"@id":"https:\/\/pagina10.com\/web\/el-hip-hop-y-el-rap-se-toman-a-pasto-con-la-voz-de-el-mudo\/"},"author":{"name":"P\u00e1gina 10","@id":"https:\/\/pagina10.com\/web\/#\/schema\/person\/a7a5d38f0629dfc107f619fbae4f6cc3"},"headline":"El Hip Hop y el Rap se toman a Pasto con la voz de &#8220;El Mudo&#8221;","datePublished":"2015-06-10T16:11:37+00:00","mainEntityOfPage":{"@id":"https:\/\/pagina10.com\/web\/el-hip-hop-y-el-rap-se-toman-a-pasto-con-la-voz-de-el-mudo\/"},"wordCount":1202,"commentCount":0,"publisher":{"@id":"https:\/\/pagina10.com\/web\/#organization"},"image":{"@id":"https:\/\/pagina10.com\/web\/el-hip-hop-y-el-rap-se-toman-a-pasto-con-la-voz-de-el-mudo\/#primaryimage"},"thumbnailUrl":"https:\/\/pagina10.com\/web\/wp-content\/uploads\/2015\/06\/f6aff750505ae6b950f58ca0bf5c78b6.jpg","inLanguage":"es","potentialAction":[{"@type":"CommentAction","name":"Comment","target":["https:\/\/pagina10.com\/web\/el-hip-hop-y-el-rap-se-toman-a-pasto-con-la-voz-de-el-mudo\/#respond"]}]},{"@type":"WebPage","@id":"https:\/\/pagina10.com\/web\/el-hip-hop-y-el-rap-se-toman-a-pasto-con-la-voz-de-el-mudo\/","url":"https:\/\/pagina10.com\/web\/el-hip-hop-y-el-rap-se-toman-a-pasto-con-la-voz-de-el-mudo\/","name":"El Hip Hop y el Rap se toman a Pasto con la voz de \"El Mudo\" | P\u00e1gina10","isPartOf":{"@id":"https:\/\/pagina10.com\/web\/#website"},"primaryImageOfPage":{"@id":"https:\/\/pagina10.com\/web\/el-hip-hop-y-el-rap-se-toman-a-pasto-con-la-voz-de-el-mudo\/#primaryimage"},"image":{"@id":"https:\/\/pagina10.com\/web\/el-hip-hop-y-el-rap-se-toman-a-pasto-con-la-voz-de-el-mudo\/#primaryimage"},"thumbnailUrl":"https:\/\/pagina10.com\/web\/wp-content\/uploads\/2015\/06\/f6aff750505ae6b950f58ca0bf5c78b6.jpg","datePublished":"2015-06-10T16:11:37+00:00","breadcrumb":{"@id":"https:\/\/pagina10.com\/web\/el-hip-hop-y-el-rap-se-toman-a-pasto-con-la-voz-de-el-mudo\/#breadcrumb"},"inLanguage":"es","potentialAction":[{"@type":"ReadAction","target":["https:\/\/pagina10.com\/web\/el-hip-hop-y-el-rap-se-toman-a-pasto-con-la-voz-de-el-mudo\/"]}]},{"@type":"ImageObject","inLanguage":"es","@id":"https:\/\/pagina10.com\/web\/el-hip-hop-y-el-rap-se-toman-a-pasto-con-la-voz-de-el-mudo\/#primaryimage","url":"https:\/\/pagina10.com\/web\/wp-content\/uploads\/2015\/06\/f6aff750505ae6b950f58ca0bf5c78b6.jpg","contentUrl":"https:\/\/pagina10.com\/web\/wp-content\/uploads\/2015\/06\/f6aff750505ae6b950f58ca0bf5c78b6.jpg","width":1280,"height":960},{"@type":"BreadcrumbList","@id":"https:\/\/pagina10.com\/web\/el-hip-hop-y-el-rap-se-toman-a-pasto-con-la-voz-de-el-mudo\/#breadcrumb","itemListElement":[{"@type":"ListItem","position":1,"name":"Portada","item":"https:\/\/pagina10.com\/web\/"},{"@type":"ListItem","position":2,"name":"El Hip Hop y el Rap se toman a Pasto con la voz de &#8220;El Mudo&#8221;"}]},{"@type":"WebSite","@id":"https:\/\/pagina10.com\/web\/#website","url":"https:\/\/pagina10.com\/web\/","name":"P\u00e1gina10","description":"Peri\u00f3dico Regional","publisher":{"@id":"https:\/\/pagina10.com\/web\/#organization"},"alternateName":"P\u00e1gina10 Peri\u00f3dico Regional","potentialAction":[{"@type":"SearchAction","target":{"@type":"EntryPoint","urlTemplate":"https:\/\/pagina10.com\/web\/?s={search_term_string}"},"query-input":{"@type":"PropertyValueSpecification","valueRequired":true,"valueName":"search_term_string"}}],"inLanguage":"es"},{"@type":"Organization","@id":"https:\/\/pagina10.com\/web\/#organization","name":"P\u00e1gina10","alternateName":"P\u00e1gina10 Peri\u00f3dico Regional","url":"https:\/\/pagina10.com\/web\/","logo":{"@type":"ImageObject","inLanguage":"es","@id":"https:\/\/pagina10.com\/web\/#\/schema\/logo\/image\/","url":"https:\/\/pagina10.com\/web\/wp-content\/uploads\/2024\/01\/40-pagina-10-periodico-regional-pasto.jpg","contentUrl":"https:\/\/pagina10.com\/web\/wp-content\/uploads\/2024\/01\/40-pagina-10-periodico-regional-pasto.jpg","width":1280,"height":720,"caption":"P\u00e1gina10"},"image":{"@id":"https:\/\/pagina10.com\/web\/#\/schema\/logo\/image\/"},"sameAs":["https:\/\/www.facebook.com\/pag10com","https:\/\/x.com\/Pag10com","https:\/\/www.instagram.com\/pagina10col\/","https:\/\/youtube.com\/channel\/pag10","https:\/\/www.tiktok.com\/@p10col"]},{"@type":"Person","@id":"https:\/\/pagina10.com\/web\/#\/schema\/person\/a7a5d38f0629dfc107f619fbae4f6cc3","name":"P\u00e1gina 10","description":"P\u00e1gina10.com es un peri\u00f3dico digital que nace en Colombia, en el departamento de Nari\u00f1o, con un enfoque global, fundamentado en cuatro pilares esenciales: la libertad, el pluralismo, la inclusi\u00f3n y la independencia. P\u00e1gina10.com hace referencia a Nari\u00f1o como el d\u00e9cimo departamento creado en Colombia, despu\u00e9s de un proceso pol\u00edtico liderado por actores y actrices regionales con el fin de obtener la independencia y autonom\u00eda de nuestros territorios. Con la creaci\u00f3n de P\u00e1gina10.com se pretende abrir un escenario para el dialogo, la reflexi\u00f3n y el debate que se extienda a otras geograf\u00edas de Am\u00e9rica Latina y del planeta, en una apuesta por transformar colectivamente los desaf\u00edos de un mundo contempor\u00e1neo, m\u00e1s all\u00e1 de las fronteras impuestas.","url":"https:\/\/pagina10.com\/web\/author\/mcepeda\/"}]}},"_links":{"self":[{"href":"https:\/\/pagina10.com\/web\/wp-json\/wp\/v2\/posts\/16400","targetHints":{"allow":["GET"]}}],"collection":[{"href":"https:\/\/pagina10.com\/web\/wp-json\/wp\/v2\/posts"}],"about":[{"href":"https:\/\/pagina10.com\/web\/wp-json\/wp\/v2\/types\/post"}],"author":[{"embeddable":true,"href":"https:\/\/pagina10.com\/web\/wp-json\/wp\/v2\/users\/29"}],"replies":[{"embeddable":true,"href":"https:\/\/pagina10.com\/web\/wp-json\/wp\/v2\/comments?post=16400"}],"version-history":[{"count":0,"href":"https:\/\/pagina10.com\/web\/wp-json\/wp\/v2\/posts\/16400\/revisions"}],"wp:featuredmedia":[{"embeddable":true,"href":"https:\/\/pagina10.com\/web\/wp-json\/wp\/v2\/media\/16399"}],"wp:attachment":[{"href":"https:\/\/pagina10.com\/web\/wp-json\/wp\/v2\/media?parent=16400"}],"wp:term":[{"taxonomy":"category","embeddable":true,"href":"https:\/\/pagina10.com\/web\/wp-json\/wp\/v2\/categories?post=16400"},{"taxonomy":"post_tag","embeddable":true,"href":"https:\/\/pagina10.com\/web\/wp-json\/wp\/v2\/tags?post=16400"}],"curies":[{"name":"wp","href":"https:\/\/api.w.org\/{rel}","templated":true}]}}